{"id":116,"date":"2022-06-16T18:02:03","date_gmt":"2022-06-16T16:02:03","guid":{"rendered":"https:\/\/www.lesgrottesdesaintcezaire.fr\/blog\/revue-de-presse-internet-plan-canicule-ville-de-vannes\/"},"modified":"2022-06-16T18:02:03","modified_gmt":"2022-06-16T16:02:03","slug":"revue-de-presse-internet-plan-canicule-ville-de-vannes","status":"publish","type":"post","link":"https:\/\/www.lesgrottesdesaintcezaire.fr\/blog\/revue-de-presse-internet-plan-canicule-ville-de-vannes\/","title":{"rendered":"Revue de presse internet  : Plan canicule | Ville de Vannes"},"content":{"rendered":"<div>\n<p>Voil\u00e0 qui va vous int\u00e9resser : Un  nouvel \u00e9ditorial que notre \u00e9quipe vient de d\u00e9couvrir sur le web et que nous vous reproduisons ci-dessous. La th\u00e9matique est \u00ab\u00a0l\u2019arch\u00e9ologie\u00a0\u00bb.<\/p>\n<p>Le titre s\u00e9duisant (Plan canicule | Ville de Vannes) en dit long.<\/p>\n<p> Annonc\u00e9 sous la signature \u00abadmin_vannes\u00bb, le journaliste est reconnu comme quelqu\u2019un de s\u00e9rieux.<\/p>\n<p>Vous pouvez donc faire confiance \u00e0 cette actualit\u00e9.<\/p>\n<p>La date de parution est 2022-06-16 16:08:52.<\/p>\n<div>\n<div>\n<p>Ce matin, au cours d\u2019un exercice en pr\u00e9sence de M. le Maire et de M. Le Pr\u00e9fet au CCAS, 167 personnes fragiles inscrites au Plan canicule ont \u00e9t\u00e9 appel\u00e9es.<\/p>\n<p>Face \u00e0 la vague de chaleur avec le passage en vigilance jaune du d\u00e9partement, le CCAS de la Ville de Vannes est en alerte et met en place ce matin un exercice canicule.<\/p>\n<p><strong>Objectif <\/strong>: appeler les 157 personnes inscrites, personnes \u00e2g\u00e9es ou en situation de handicap isol\u00e9es, pouvant se retrouver en difficult\u00e9 en cas de fortes chaleurs.<\/p>\n<\/div>\n<\/div>\n<p>Ce propos apporte des r\u00e9ponses \u00e0 vos recherches vous adorerez \u00e9galement ces livres:<\/p>\n<p>Tigres de guerre.,<a href=\"https:\/\/booknode.com\/tigres_de_guerre_068584\" target=\"_blank\" rel=\"noopener noreferrer nofollow\">Le livre <\/a><span><\/span>. Disponible dans toutes les bonnes librairies.<\/p>\n<p>M\u00e9moires de la Soci\u00e9t\u00e9 d\u2019Histoire et d\u2019Arch\u00e9ologie de Bretagne.,<a href=\"https:\/\/www.epagine.fr\/ebook\/9782402591447-memoires-de-la-societe-d-histoire-et-d-archeologie-de-bretagne-raison\/\" target=\"_blank\" rel=\"noopener noreferrer nofollow\">livre de r\u00e9f\u00e9rence <\/a><span><\/span>.<\/p>\n<p>Tr\u00e9sors ; les petites et grandes d\u00e9couvertes qui font l\u2019arch\u00e9ologie.,<a href=\"https:\/\/www.epagine.fr\/ebook\/9782081491052-tresors-les-petites-et-grandes-decouvertes-qui-font-l-archeologie-jean-paul-demoule\/\" target=\"_blank\" rel=\"noopener noreferrer nofollow\">Le livre <\/a><span><\/span>. Disponible dans toutes les bonnes librairies.<\/p>\n<p>Observations critiques sur l\u2019arch\u00e9ologie dite pr\u00e9historique.,<a href=\"https:\/\/www.epagine.fr\/ebook\/9782346082339-observations-critiques-sur-l-archeologie-dite-prehistorique-felix-robiou\/\" target=\"_blank\" rel=\"noopener noreferrer nofollow\">A voir et \u00e0 lire. <\/a><span><\/span>. Disponible sur internet.<\/p>\n<\/div>\n","protected":false},"excerpt":{"rendered":"<p>Voil\u00e0 qui va vous int\u00e9resser : Un nouvel \u00e9ditorial que notre \u00e9quipe vient de d\u00e9couvrir sur le web et que nous vous reproduisons ci-dessous. La th\u00e9matique est \u00ab\u00a0l\u2019arch\u00e9ologie\u00a0\u00bb. Le titre s\u00e9duisant (Plan canicule | Ville de Vannes) en dit long. Annonc\u00e9 sous la signature \u00abadmin_vannes\u00bb, le journaliste est reconnu comme quelqu\u2019un de s\u00e9rieux. Vous pouvez [&hellip;]<\/p>\n","protected":false},"author":3,"featured_media":117,"comment_status":"closed","ping_status":"closed","sticky":false,"template":"","format":"standard","meta":{"footnotes":""},"categories":[2],"tags":[],"class_list":["post-116","post","type-post","status-publish","format-standard","has-post-thumbnail","hentry","category-patrimoine","entry","has-media"],"yoast_head":"<!-- This site is optimized with the Yoast SEO plugin v27.5 - https:\/\/yoast.com\/product\/yoast-seo-wordpress\/ -->\n<title>Revue de presse internet : Plan canicule | Ville de Vannes - LESGROTTESDESAINTCEZAIRE<\/title>\n<meta name=\"description\" content=\"Revue de presse internet : Plan canicule | Ville de Vannes article de LESGROTTESDESAINTCEZAIRE\" \/>\n<meta name=\"robots\" content=\"index, follow, max-snippet:-1, max-image-preview:large, max-video-preview:-1\" \/>\n<link rel=\"canonical\" href=\"https:\/\/www.lesgrottesdesaintcezaire.fr\/blog\/revue-de-presse-internet-plan-canicule-ville-de-vannes\/\" \/>\n<meta property=\"og:locale\" content=\"fr_FR\" \/>\n<meta property=\"og:type\" content=\"article\" \/>\n<meta property=\"og:title\" content=\"Revue de presse internet : Plan canicule | Ville de Vannes - LESGROTTESDESAINTCEZAIRE\" \/>\n<meta property=\"og:description\" content=\"Revue de presse internet : Plan canicule | Ville de Vannes article de LESGROTTESDESAINTCEZAIRE\" \/>\n<meta property=\"og:url\" content=\"https:\/\/www.lesgrottesdesaintcezaire.fr\/blog\/revue-de-presse-internet-plan-canicule-ville-de-vannes\/\" \/>\n<meta property=\"og:site_name\" content=\"LESGROTTESDESAINTCEZAIRE\" \/>\n<meta property=\"article:published_time\" content=\"2022-06-16T16:02:03+00:00\" \/>\n<meta property=\"og:image\" content=\"https:\/\/www.lesgrottesdesaintcezaire.fr\/blog\/wp-content\/uploads\/2022\/06\/arch-ologie-7.jpg\" \/>\n\t<meta property=\"og:image:width\" content=\"640\" \/>\n\t<meta property=\"og:image:height\" content=\"640\" \/>\n\t<meta property=\"og:image:type\" content=\"image\/jpeg\" \/>\n<meta name=\"author\" content=\"Fabienne MOUTON\" \/>\n<meta name=\"twitter:card\" content=\"summary_large_image\" \/>\n<meta name=\"twitter:label1\" content=\"\u00c9crit par\" \/>\n\t<meta name=\"twitter:data1\" content=\"Fabienne MOUTON\" \/>\n\t<meta name=\"twitter:label2\" content=\"Dur\u00e9e de lecture estim\u00e9e\" \/>\n\t<meta name=\"twitter:data2\" content=\"1 minute\" \/>\n<script type=\"application\/ld+json\" class=\"yoast-schema-graph\">{\"@context\":\"https:\\\/\\\/schema.org\",\"@graph\":[{\"@type\":\"Article\",\"@id\":\"https:\\\/\\\/www.lesgrottesdesaintcezaire.fr\\\/blog\\\/revue-de-presse-internet-plan-canicule-ville-de-vannes\\\/#article\",\"isPartOf\":{\"@id\":\"https:\\\/\\\/www.lesgrottesdesaintcezaire.fr\\\/blog\\\/revue-de-presse-internet-plan-canicule-ville-de-vannes\\\/\"},\"author\":{\"name\":\"Fabienne MOUTON\",\"@id\":\"https:\\\/\\\/www.lesgrottesdesaintcezaire.fr\\\/blog\\\/#\\\/schema\\\/person\\\/23d9a2ac249ecb9460a4ebce885adb9b\"},\"headline\":\"Revue de presse internet : Plan canicule | Ville de Vannes\",\"datePublished\":\"2022-06-16T16:02:03+00:00\",\"mainEntityOfPage\":{\"@id\":\"https:\\\/\\\/www.lesgrottesdesaintcezaire.fr\\\/blog\\\/revue-de-presse-internet-plan-canicule-ville-de-vannes\\\/\"},\"wordCount\":253,\"publisher\":{\"@id\":\"https:\\\/\\\/www.lesgrottesdesaintcezaire.fr\\\/blog\\\/#organization\"},\"image\":{\"@id\":\"https:\\\/\\\/www.lesgrottesdesaintcezaire.fr\\\/blog\\\/revue-de-presse-internet-plan-canicule-ville-de-vannes\\\/#primaryimage\"},\"thumbnailUrl\":\"https:\\\/\\\/www.lesgrottesdesaintcezaire.fr\\\/blog\\\/wp-content\\\/uploads\\\/2022\\\/06\\\/arch-ologie-7.jpg\",\"articleSection\":[\"Patrimoine:\"],\"inLanguage\":\"fr-FR\"},{\"@type\":\"WebPage\",\"@id\":\"https:\\\/\\\/www.lesgrottesdesaintcezaire.fr\\\/blog\\\/revue-de-presse-internet-plan-canicule-ville-de-vannes\\\/\",\"url\":\"https:\\\/\\\/www.lesgrottesdesaintcezaire.fr\\\/blog\\\/revue-de-presse-internet-plan-canicule-ville-de-vannes\\\/\",\"name\":\"Revue de presse internet : Plan canicule | Ville de Vannes - LESGROTTESDESAINTCEZAIRE\",\"isPartOf\":{\"@id\":\"https:\\\/\\\/www.lesgrottesdesaintcezaire.fr\\\/blog\\\/#website\"},\"primaryImageOfPage\":{\"@id\":\"https:\\\/\\\/www.lesgrottesdesaintcezaire.fr\\\/blog\\\/revue-de-presse-internet-plan-canicule-ville-de-vannes\\\/#primaryimage\"},\"image\":{\"@id\":\"https:\\\/\\\/www.lesgrottesdesaintcezaire.fr\\\/blog\\\/revue-de-presse-internet-plan-canicule-ville-de-vannes\\\/#primaryimage\"},\"thumbnailUrl\":\"https:\\\/\\\/www.lesgrottesdesaintcezaire.fr\\\/blog\\\/wp-content\\\/uploads\\\/2022\\\/06\\\/arch-ologie-7.jpg\",\"datePublished\":\"2022-06-16T16:02:03+00:00\",\"description\":\"Revue de presse internet : Plan canicule | Ville de Vannes article de LESGROTTESDESAINTCEZAIRE\",\"breadcrumb\":{\"@id\":\"https:\\\/\\\/www.lesgrottesdesaintcezaire.fr\\\/blog\\\/revue-de-presse-internet-plan-canicule-ville-de-vannes\\\/#breadcrumb\"},\"inLanguage\":\"fr-FR\",\"potentialAction\":[{\"@type\":\"ReadAction\",\"target\":[\"https:\\\/\\\/www.lesgrottesdesaintcezaire.fr\\\/blog\\\/revue-de-presse-internet-plan-canicule-ville-de-vannes\\\/\"]}]},{\"@type\":\"ImageObject\",\"inLanguage\":\"fr-FR\",\"@id\":\"https:\\\/\\\/www.lesgrottesdesaintcezaire.fr\\\/blog\\\/revue-de-presse-internet-plan-canicule-ville-de-vannes\\\/#primaryimage\",\"url\":\"https:\\\/\\\/www.lesgrottesdesaintcezaire.fr\\\/blog\\\/wp-content\\\/uploads\\\/2022\\\/06\\\/arch-ologie-7.jpg\",\"contentUrl\":\"https:\\\/\\\/www.lesgrottesdesaintcezaire.fr\\\/blog\\\/wp-content\\\/uploads\\\/2022\\\/06\\\/arch-ologie-7.jpg\",\"width\":640,\"height\":640,\"caption\":\"arch ologie 7\"},{\"@type\":\"BreadcrumbList\",\"@id\":\"https:\\\/\\\/www.lesgrottesdesaintcezaire.fr\\\/blog\\\/revue-de-presse-internet-plan-canicule-ville-de-vannes\\\/#breadcrumb\",\"itemListElement\":[{\"@type\":\"ListItem\",\"position\":1,\"name\":\"Accueil\",\"item\":\"https:\\\/\\\/www.lesgrottesdesaintcezaire.fr\\\/blog\\\/\"},{\"@type\":\"ListItem\",\"position\":2,\"name\":\"Revue de presse internet : Plan canicule | Ville de Vannes\"}]},{\"@type\":\"WebSite\",\"@id\":\"https:\\\/\\\/www.lesgrottesdesaintcezaire.fr\\\/blog\\\/#website\",\"url\":\"https:\\\/\\\/www.lesgrottesdesaintcezaire.fr\\\/blog\\\/\",\"name\":\"LESGROTTESDESAINTCEZAIRE\",\"description\":\"Patrimoine: Le site de r\u00e9f\u00e9rence.\",\"publisher\":{\"@id\":\"https:\\\/\\\/www.lesgrottesdesaintcezaire.fr\\\/blog\\\/#organization\"},\"potentialAction\":[{\"@type\":\"SearchAction\",\"target\":{\"@type\":\"EntryPoint\",\"urlTemplate\":\"https:\\\/\\\/www.lesgrottesdesaintcezaire.fr\\\/blog\\\/?s={search_term_string}\"},\"query-input\":{\"@type\":\"PropertyValueSpecification\",\"valueRequired\":true,\"valueName\":\"search_term_string\"}}],\"inLanguage\":\"fr-FR\"},{\"@type\":\"Organization\",\"@id\":\"https:\\\/\\\/www.lesgrottesdesaintcezaire.fr\\\/blog\\\/#organization\",\"name\":\"lesgrottesdesaintcezaire\",\"url\":\"https:\\\/\\\/www.lesgrottesdesaintcezaire.fr\\\/blog\\\/\",\"logo\":{\"@type\":\"ImageObject\",\"inLanguage\":\"fr-FR\",\"@id\":\"https:\\\/\\\/www.lesgrottesdesaintcezaire.fr\\\/blog\\\/#\\\/schema\\\/logo\\\/image\\\/\",\"url\":\"https:\\\/\\\/www.lesgrottesdesaintcezaire.fr\\\/blog\\\/wp-content\\\/uploads\\\/2022\\\/05\\\/logo-2.png\",\"contentUrl\":\"https:\\\/\\\/www.lesgrottesdesaintcezaire.fr\\\/blog\\\/wp-content\\\/uploads\\\/2022\\\/05\\\/logo-2.png\",\"width\":150,\"height\":209,\"caption\":\"lesgrottesdesaintcezaire\"},\"image\":{\"@id\":\"https:\\\/\\\/www.lesgrottesdesaintcezaire.fr\\\/blog\\\/#\\\/schema\\\/logo\\\/image\\\/\"}},{\"@type\":\"Person\",\"@id\":\"https:\\\/\\\/www.lesgrottesdesaintcezaire.fr\\\/blog\\\/#\\\/schema\\\/person\\\/23d9a2ac249ecb9460a4ebce885adb9b\",\"name\":\"Fabienne MOUTON\",\"image\":{\"@type\":\"ImageObject\",\"inLanguage\":\"fr-FR\",\"@id\":\"https:\\\/\\\/secure.gravatar.com\\\/avatar\\\/856d7a14385bb0216de9c5cf9fb1160ddbd11c00be5bb16cfe389b9971309649?s=96&d=mm&r=g\",\"url\":\"https:\\\/\\\/secure.gravatar.com\\\/avatar\\\/856d7a14385bb0216de9c5cf9fb1160ddbd11c00be5bb16cfe389b9971309649?s=96&d=mm&r=g\",\"contentUrl\":\"https:\\\/\\\/secure.gravatar.com\\\/avatar\\\/856d7a14385bb0216de9c5cf9fb1160ddbd11c00be5bb16cfe389b9971309649?s=96&d=mm&r=g\",\"caption\":\"Fabienne MOUTON\"},\"url\":\"https:\\\/\\\/www.lesgrottesdesaintcezaire.fr\\\/blog\\\/author\\\/irefabienne\\\/\"}]}<\/script>\n<!-- \/ Yoast SEO plugin. -->","yoast_head_json":{"title":"Revue de presse internet : Plan canicule | Ville de Vannes - LESGROTTESDESAINTCEZAIRE","description":"Revue de presse internet : Plan canicule | Ville de Vannes article de LESGROTTESDESAINTCEZAIRE","robots":{"index":"index","follow":"follow","max-snippet":"max-snippet:-1","max-image-preview":"max-image-preview:large","max-video-preview":"max-video-preview:-1"},"canonical":"https:\/\/www.lesgrottesdesaintcezaire.fr\/blog\/revue-de-presse-internet-plan-canicule-ville-de-vannes\/","og_locale":"fr_FR","og_type":"article","og_title":"Revue de presse internet : Plan canicule | Ville de Vannes - LESGROTTESDESAINTCEZAIRE","og_description":"Revue de presse internet : Plan canicule | Ville de Vannes article de LESGROTTESDESAINTCEZAIRE","og_url":"https:\/\/www.lesgrottesdesaintcezaire.fr\/blog\/revue-de-presse-internet-plan-canicule-ville-de-vannes\/","og_site_name":"LESGROTTESDESAINTCEZAIRE","article_published_time":"2022-06-16T16:02:03+00:00","og_image":[{"width":640,"height":640,"url":"https:\/\/www.lesgrottesdesaintcezaire.fr\/blog\/wp-content\/uploads\/2022\/06\/arch-ologie-7.jpg","type":"image\/jpeg"}],"author":"Fabienne MOUTON","twitter_card":"summary_large_image","twitter_misc":{"\u00c9crit par":"Fabienne MOUTON","Dur\u00e9e de lecture estim\u00e9e":"1 minute"},"schema":{"@context":"https:\/\/schema.org","@graph":[{"@type":"Article","@id":"https:\/\/www.lesgrottesdesaintcezaire.fr\/blog\/revue-de-presse-internet-plan-canicule-ville-de-vannes\/#article","isPartOf":{"@id":"https:\/\/www.lesgrottesdesaintcezaire.fr\/blog\/revue-de-presse-internet-plan-canicule-ville-de-vannes\/"},"author":{"name":"Fabienne MOUTON","@id":"https:\/\/www.lesgrottesdesaintcezaire.fr\/blog\/#\/schema\/person\/23d9a2ac249ecb9460a4ebce885adb9b"},"headline":"Revue de presse internet : Plan canicule | Ville de Vannes","datePublished":"2022-06-16T16:02:03+00:00","mainEntityOfPage":{"@id":"https:\/\/www.lesgrottesdesaintcezaire.fr\/blog\/revue-de-presse-internet-plan-canicule-ville-de-vannes\/"},"wordCount":253,"publisher":{"@id":"https:\/\/www.lesgrottesdesaintcezaire.fr\/blog\/#organization"},"image":{"@id":"https:\/\/www.lesgrottesdesaintcezaire.fr\/blog\/revue-de-presse-internet-plan-canicule-ville-de-vannes\/#primaryimage"},"thumbnailUrl":"https:\/\/www.lesgrottesdesaintcezaire.fr\/blog\/wp-content\/uploads\/2022\/06\/arch-ologie-7.jpg","articleSection":["Patrimoine:"],"inLanguage":"fr-FR"},{"@type":"WebPage","@id":"https:\/\/www.lesgrottesdesaintcezaire.fr\/blog\/revue-de-presse-internet-plan-canicule-ville-de-vannes\/","url":"https:\/\/www.lesgrottesdesaintcezaire.fr\/blog\/revue-de-presse-internet-plan-canicule-ville-de-vannes\/","name":"Revue de presse internet : Plan canicule | Ville de Vannes - LESGROTTESDESAINTCEZAIRE","isPartOf":{"@id":"https:\/\/www.lesgrottesdesaintcezaire.fr\/blog\/#website"},"primaryImageOfPage":{"@id":"https:\/\/www.lesgrottesdesaintcezaire.fr\/blog\/revue-de-presse-internet-plan-canicule-ville-de-vannes\/#primaryimage"},"image":{"@id":"https:\/\/www.lesgrottesdesaintcezaire.fr\/blog\/revue-de-presse-internet-plan-canicule-ville-de-vannes\/#primaryimage"},"thumbnailUrl":"https:\/\/www.lesgrottesdesaintcezaire.fr\/blog\/wp-content\/uploads\/2022\/06\/arch-ologie-7.jpg","datePublished":"2022-06-16T16:02:03+00:00","description":"Revue de presse internet : Plan canicule | Ville de Vannes article de LESGROTTESDESAINTCEZAIRE","breadcrumb":{"@id":"https:\/\/www.lesgrottesdesaintcezaire.fr\/blog\/revue-de-presse-internet-plan-canicule-ville-de-vannes\/#breadcrumb"},"inLanguage":"fr-FR","potentialAction":[{"@type":"ReadAction","target":["https:\/\/www.lesgrottesdesaintcezaire.fr\/blog\/revue-de-presse-internet-plan-canicule-ville-de-vannes\/"]}]},{"@type":"ImageObject","inLanguage":"fr-FR","@id":"https:\/\/www.lesgrottesdesaintcezaire.fr\/blog\/revue-de-presse-internet-plan-canicule-ville-de-vannes\/#primaryimage","url":"https:\/\/www.lesgrottesdesaintcezaire.fr\/blog\/wp-content\/uploads\/2022\/06\/arch-ologie-7.jpg","contentUrl":"https:\/\/www.lesgrottesdesaintcezaire.fr\/blog\/wp-content\/uploads\/2022\/06\/arch-ologie-7.jpg","width":640,"height":640,"caption":"arch ologie 7"},{"@type":"BreadcrumbList","@id":"https:\/\/www.lesgrottesdesaintcezaire.fr\/blog\/revue-de-presse-internet-plan-canicule-ville-de-vannes\/#breadcrumb","itemListElement":[{"@type":"ListItem","position":1,"name":"Accueil","item":"https:\/\/www.lesgrottesdesaintcezaire.fr\/blog\/"},{"@type":"ListItem","position":2,"name":"Revue de presse internet : Plan canicule | Ville de Vannes"}]},{"@type":"WebSite","@id":"https:\/\/www.lesgrottesdesaintcezaire.fr\/blog\/#website","url":"https:\/\/www.lesgrottesdesaintcezaire.fr\/blog\/","name":"LESGROTTESDESAINTCEZAIRE","description":"Patrimoine: Le site de r\u00e9f\u00e9rence.","publisher":{"@id":"https:\/\/www.lesgrottesdesaintcezaire.fr\/blog\/#organization"},"potentialAction":[{"@type":"SearchAction","target":{"@type":"EntryPoint","urlTemplate":"https:\/\/www.lesgrottesdesaintcezaire.fr\/blog\/?s={search_term_string}"},"query-input":{"@type":"PropertyValueSpecification","valueRequired":true,"valueName":"search_term_string"}}],"inLanguage":"fr-FR"},{"@type":"Organization","@id":"https:\/\/www.lesgrottesdesaintcezaire.fr\/blog\/#organization","name":"lesgrottesdesaintcezaire","url":"https:\/\/www.lesgrottesdesaintcezaire.fr\/blog\/","logo":{"@type":"ImageObject","inLanguage":"fr-FR","@id":"https:\/\/www.lesgrottesdesaintcezaire.fr\/blog\/#\/schema\/logo\/image\/","url":"https:\/\/www.lesgrottesdesaintcezaire.fr\/blog\/wp-content\/uploads\/2022\/05\/logo-2.png","contentUrl":"https:\/\/www.lesgrottesdesaintcezaire.fr\/blog\/wp-content\/uploads\/2022\/05\/logo-2.png","width":150,"height":209,"caption":"lesgrottesdesaintcezaire"},"image":{"@id":"https:\/\/www.lesgrottesdesaintcezaire.fr\/blog\/#\/schema\/logo\/image\/"}},{"@type":"Person","@id":"https:\/\/www.lesgrottesdesaintcezaire.fr\/blog\/#\/schema\/person\/23d9a2ac249ecb9460a4ebce885adb9b","name":"Fabienne MOUTON","image":{"@type":"ImageObject","inLanguage":"fr-FR","@id":"https:\/\/secure.gravatar.com\/avatar\/856d7a14385bb0216de9c5cf9fb1160ddbd11c00be5bb16cfe389b9971309649?s=96&d=mm&r=g","url":"https:\/\/secure.gravatar.com\/avatar\/856d7a14385bb0216de9c5cf9fb1160ddbd11c00be5bb16cfe389b9971309649?s=96&d=mm&r=g","contentUrl":"https:\/\/secure.gravatar.com\/avatar\/856d7a14385bb0216de9c5cf9fb1160ddbd11c00be5bb16cfe389b9971309649?s=96&d=mm&r=g","caption":"Fabienne MOUTON"},"url":"https:\/\/www.lesgrottesdesaintcezaire.fr\/blog\/author\/irefabienne\/"}]}},"_links":{"self":[{"href":"https:\/\/www.lesgrottesdesaintcezaire.fr\/blog\/wp-json\/wp\/v2\/posts\/116","targetHints":{"allow":["GET"]}}],"collection":[{"href":"https:\/\/www.lesgrottesdesaintcezaire.fr\/blog\/wp-json\/wp\/v2\/posts"}],"about":[{"href":"https:\/\/www.lesgrottesdesaintcezaire.fr\/blog\/wp-json\/wp\/v2\/types\/post"}],"author":[{"embeddable":true,"href":"https:\/\/www.lesgrottesdesaintcezaire.fr\/blog\/wp-json\/wp\/v2\/users\/3"}],"replies":[{"embeddable":true,"href":"https:\/\/www.lesgrottesdesaintcezaire.fr\/blog\/wp-json\/wp\/v2\/comments?post=116"}],"version-history":[{"count":0,"href":"https:\/\/www.lesgrottesdesaintcezaire.fr\/blog\/wp-json\/wp\/v2\/posts\/116\/revisions"}],"wp:featuredmedia":[{"embeddable":true,"href":"https:\/\/www.lesgrottesdesaintcezaire.fr\/blog\/wp-json\/wp\/v2\/media\/117"}],"wp:attachment":[{"href":"https:\/\/www.lesgrottesdesaintcezaire.fr\/blog\/wp-json\/wp\/v2\/media?parent=116"}],"wp:term":[{"taxonomy":"category","embeddable":true,"href":"https:\/\/www.lesgrottesdesaintcezaire.fr\/blog\/wp-json\/wp\/v2\/categories?post=116"},{"taxonomy":"post_tag","embeddable":true,"href":"https:\/\/www.lesgrottesdesaintcezaire.fr\/blog\/wp-json\/wp\/v2\/tags?post=116"}],"curies":[{"name":"wp","href":"https:\/\/api.w.org\/{rel}","templated":true}]}}