{"id":138,"date":"2022-06-25T12:06:56","date_gmt":"2022-06-25T10:06:56","guid":{"rendered":"https:\/\/www.lesgrottesdesaintcezaire.fr\/blog\/ceci-circule-sur-le-web-visite-guidee-de-lexposition-temporaire-les-voyages-extraordinaires-de-monsieur-b\/"},"modified":"2022-06-25T12:06:56","modified_gmt":"2022-06-25T10:06:56","slug":"ceci-circule-sur-le-web-visite-guidee-de-lexposition-temporaire-les-voyages-extraordinaires-de-monsieur-b","status":"publish","type":"post","link":"https:\/\/www.lesgrottesdesaintcezaire.fr\/blog\/ceci-circule-sur-le-web-visite-guidee-de-lexposition-temporaire-les-voyages-extraordinaires-de-monsieur-b\/","title":{"rendered":"Ceci circule sur le web  : Visite guid\u00e9e de l\u2019exposition temporaire \u00ab\u00a0Les voyages extraordinaires de Monsieur B.\u00a0\u00bb"},"content":{"rendered":"<div><img decoding=\"async\" width=\"580\" height=\"411\" src=\"https:\/\/www.lesgrottesdesaintcezaire.fr\/blog\/wp-content\/uploads\/2022\/06\/Les-Nocturnes-Theatre-et-Musique-Le-jeudi-19-mai.jpg\" class=\"attachment-large size-large wp-post-image\" alt=\"Les-Nocturnes-Theatre-et-Musique-Le-jeudi-19-mai\" loading=\"lazy\" style=\"float:left; margin:0 15px 15px 0;\" srcset=\"https:\/\/www.lesgrottesdesaintcezaire.fr\/blog\/wp-content\/uploads\/2022\/06\/Les-Nocturnes-Theatre-et-Musique-Le-jeudi-19-mai.jpg 750w, https:\/\/www.site.cdcl.xyz\/wp-content\/uploads\/2022\/05\/Les-Nocturnes-Theatre-et-Musique-Le-jeudi-19-mai-300x212.jpg 300w\" sizes=\"auto, (max-width: 580px) 100vw, 580px\"><\/p>\n<p>Ce papier ayant pour sujet \u00ab\u00a0l\u2019arch\u00e9ologie\u00a0\u00bb a \u00e9t\u00e9 vu sur le web, nous avons d\u00e9cid\u00e9 de vous le signaler d\u00e8s \u00e0 pr\u00e9sent.<\/p>\n<p>Son titre saisissant (Visite guid\u00e9e de l\u2019exposition temporaire \u00ab\u00a0Les voyages extraordinaires de Monsieur B.\u00a0\u00bb) est parlant.<\/p>\n<p> Pr\u00e9sent\u00e9 sous la signature \u00abnodule\u00bb, le r\u00e9dacteur est positivement connu pour d\u2019autres papiers qu\u2019il a publi\u00e9s sur le web.<\/p>\n<p>Vous pouvez prendre connaissance de ces infos en toute tranquillit\u00e9.<\/p>\n<p>L\u2019\u00e9ditorial a \u00e9t\u00e9 divulgu\u00e9 \u00e0 une date mentionn\u00e9e 2022-06-25 02:00:01.<\/p>\n<p>Texte source mentionn\u00e9 : <\/p>\n<div>\n<p>Le XIXe si\u00e8cle conna\u00eet une v\u00e9ritable transformation des modes de d\u00e9placement qui bouleverse durablement les habitudes des voyageurs gr\u00e2ce \u00e0 la r\u00e9volution industrielle et \u00e0 de multiples innovations techniques.<\/p>\n<p>\u00c0 l\u2019aube du XIXe si\u00e8cle, on voyage par n\u00e9cessit\u00e9. Les moyens de transport s\u2019av\u00e8rent alors lents, on\u00e9reux et inconfortables. En quelques d\u00e9cennies l\u2019av\u00e8nement de la vapeur et le d\u00e9veloppement des chemins de fer permettent aux voyageurs de parcourir le monde. Ainsi, d\u00e8s 1849, Berlioz consid\u00e8re que \u00ab les voyages sur terre sont aujourd\u2019hui si faciles \u00bb qu\u2019ils sont nombreux \u00e0 vouloir, comme lui, \u00ab voyager, courir [et] voir quelque chose de vraiment nouveau \u00bb.<\/p>\n<p>En effet, Hector Berlioz est l\u2019un des t\u00e9moins privil\u00e9gi\u00e9s de cette \u00e9volution. Il quitte son Dauphin\u00e9 natal en diligence afin de poursuivre ses \u00e9tudes \u00e0 Paris et d\u00e9buter sa carri\u00e8re de compositeur. \u00ab Une maladie de voyager \u00bb va d\u00e8s lors le conduire \u00e0 travers toute l\u2019Europe afin de donner de nombreux concerts.<\/p>\n<p>Ces premiers voyages longs et \u00e9reintants se font essentiellement \u00e0 pied, en voiliers ou en voitures hippomobiles. Pour rallier Saint-P\u00e9tersbourg \u00e0 Moscou, il exp\u00e9rimente m\u00eame un \u00ab terrible tra\u00eeneau de fer \u00bb pour parcourir les terres enneig\u00e9es de Russie.<\/p>\n<p>Avec le d\u00e9veloppement des machines \u00e0 vapeur, Berlioz peut rejoindre Lyon en huit heures en train en 1854 alors qu\u2019il fallait trois jours de diligence en 1832. Il est aussi le t\u00e9moin des progr\u00e8s de la navigation maritime, la vapeur entra\u00eenant d\u00e9sormais les roues \u00e0 aubes et les h\u00e9lices des bateaux. Il se rend ainsi \u00e0 maintes reprises \u00e0 Londres et son fils Louis, capitaine au long cours, voguera de par le monde sur de nombreux b\u00e2timents.<\/p>\n<p>C\u2019est cette fabuleuse histoire qui m\u00eale science, technique, histoire et g\u00e9ographie que la nouvelle exposition temporaire du Mus\u00e9e Hector-Berlioz propose de faire revivre du 3 juillet au 31 d\u00e9cembre 2022.<\/p>\n<p>Cette exposition sera l\u2019un des temps forts de l\u2019\u00e9t\u00e9, o\u00f9 comme chaque ann\u00e9e, se d\u00e9roule \u00e0 La C\u00f4te Saint-Andr\u00e9 le Festival Berlioz \u00e0 la fin du mois d\u2019ao\u00fbt et dont les programmations sont \u00e9troitement li\u00e9es.<\/p>\n<h2 class=\"title info-comp\">Informations compl\u00e9mentaires<\/h2>\n<dl>\n<dt>Tourisme adapt\u00e9 :<\/dt>\n<dd>Accessible en fauteuil roulant avec aide, Accessible en fauteuil roulant en autonomie, WC + barre d\u2019appui + espace de circulation, Site, b\u00e2timent partiellement accessible<\/dd>\n<\/p>\n<\/dl>\n<div class=\"labels row\">\n<div><span>Animaux non accept\u00e9s<\/span><\/div>\n<\/div>\n<\/div>\n<p>Ce propos apporte des r\u00e9ponses \u00e0 vos investigations vous aimerez beaucoup ces publications :<\/p>\n<p>Tombes oubli\u00e9es.,<a href=\"https:\/\/booknode.com\/tombes_oubliees_03370022\" target=\"_blank\" rel=\"noopener noreferrer nofollow\">Le livre <\/a><span><\/span>. Ouvrage de r\u00e9f\u00e9rence.<\/p>\n<p>Manuel d\u2019arch\u00e9ologie.,<a href=\"https:\/\/www.epagine.fr\/ebook\/9782200619169-manuel-d-archeologie-francois-djindjian\/\" target=\"_blank\" rel=\"noopener noreferrer nofollow\">Le livre <\/a><span><\/span>. Disponible dans toutes les bonnes librairies.<\/p>\n<p>Un crocodile sur un banc de sable.,<a href=\"https:\/\/booknode.com\/un_crocodile_sur_un_banc_de_sable_049761\" target=\"_blank\" rel=\"noopener noreferrer nofollow\">Le livre <\/a><span><\/span>.<\/p>\n<p>Note sur le monument des sources de la Seine \u2013 Lue \u00e0 la Soci\u00e9t\u00e9 parisienne d\u2019arch\u00e9ologie et d\u2019histoire.,<a href=\"https:\/\/www.kobo.com\/de\/fr\/ebook\/note-sur-le-monument-des-sources-de-la-seine-lue-a-la-societe-parisienne-d-archeologie-et-d-histoire\" target=\"_blank\" rel=\"noopener noreferrer nofollow\">Le livre <\/a><span><\/span>.<\/p>\n<\/div>\n","protected":false},"excerpt":{"rendered":"<p>Ce papier ayant pour sujet \u00ab\u00a0l\u2019arch\u00e9ologie\u00a0\u00bb a \u00e9t\u00e9 vu sur le web, nous avons d\u00e9cid\u00e9 de vous le signaler d\u00e8s \u00e0 pr\u00e9sent. Son titre saisissant (Visite guid\u00e9e de l\u2019exposition temporaire \u00ab\u00a0Les voyages extraordinaires de Monsieur B.\u00a0\u00bb) est parlant. Pr\u00e9sent\u00e9 sous la signature \u00abnodule\u00bb, le r\u00e9dacteur est positivement connu pour d\u2019autres papiers qu\u2019il a publi\u00e9s sur [&hellip;]<\/p>\n","protected":false},"author":3,"featured_media":140,"comment_status":"closed","ping_status":"closed","sticky":false,"template":"","format":"standard","meta":{"footnotes":""},"categories":[2],"tags":[],"class_list":["post-138","post","type-post","status-publish","format-standard","has-post-thumbnail","hentry","category-patrimoine","entry","has-media"],"yoast_head":"<!-- This site is optimized with the Yoast SEO plugin v27.5 - https:\/\/yoast.com\/product\/yoast-seo-wordpress\/ -->\n<title>Ceci circule sur le web : Visite guid\u00e9e de l\u2019exposition temporaire \u00ab\u00a0Les voyages extraordinaires de Monsieur B.\u00a0\u00bb - LESGROTTESDESAINTCEZAIRE<\/title>\n<meta name=\"description\" content=\"Ceci circule sur le web : Visite guid\u00e9e de l\u2019exposition temporaire \u00ab\u00a0Les voyages extraordinaires de Monsieur B.\u00a0\u00bb article de LESGROTTESDESAINTCEZAIRE\" \/>\n<meta name=\"robots\" content=\"index, follow, max-snippet:-1, max-image-preview:large, max-video-preview:-1\" \/>\n<link rel=\"canonical\" href=\"https:\/\/www.lesgrottesdesaintcezaire.fr\/blog\/ceci-circule-sur-le-web-visite-guidee-de-lexposition-temporaire-les-voyages-extraordinaires-de-monsieur-b\/\" \/>\n<meta property=\"og:locale\" content=\"fr_FR\" \/>\n<meta property=\"og:type\" content=\"article\" \/>\n<meta property=\"og:title\" content=\"Ceci circule sur le web : Visite guid\u00e9e de l\u2019exposition temporaire \u00ab\u00a0Les voyages extraordinaires de Monsieur B.\u00a0\u00bb - LESGROTTESDESAINTCEZAIRE\" \/>\n<meta property=\"og:description\" content=\"Ceci circule sur le web : Visite guid\u00e9e de l\u2019exposition temporaire \u00ab\u00a0Les voyages extraordinaires de Monsieur B.\u00a0\u00bb article de LESGROTTESDESAINTCEZAIRE\" \/>\n<meta property=\"og:url\" content=\"https:\/\/www.lesgrottesdesaintcezaire.fr\/blog\/ceci-circule-sur-le-web-visite-guidee-de-lexposition-temporaire-les-voyages-extraordinaires-de-monsieur-b\/\" \/>\n<meta property=\"og:site_name\" content=\"LESGROTTESDESAINTCEZAIRE\" \/>\n<meta property=\"article:published_time\" content=\"2022-06-25T10:06:56+00:00\" \/>\n<meta property=\"og:image\" content=\"https:\/\/www.lesgrottesdesaintcezaire.fr\/blog\/wp-content\/uploads\/2022\/06\/le-livre-scaled.jpg\" \/>\n\t<meta property=\"og:image:width\" content=\"2560\" \/>\n\t<meta property=\"og:image:height\" content=\"1951\" \/>\n\t<meta property=\"og:image:type\" content=\"image\/jpeg\" \/>\n<meta name=\"author\" content=\"Fabienne MOUTON\" \/>\n<meta name=\"twitter:card\" content=\"summary_large_image\" \/>\n<meta name=\"twitter:label1\" content=\"\u00c9crit par\" \/>\n\t<meta name=\"twitter:data1\" content=\"Fabienne MOUTON\" \/>\n\t<meta name=\"twitter:label2\" content=\"Dur\u00e9e de lecture estim\u00e9e\" \/>\n\t<meta name=\"twitter:data2\" content=\"3 minutes\" \/>\n<script type=\"application\/ld+json\" class=\"yoast-schema-graph\">{\"@context\":\"https:\\\/\\\/schema.org\",\"@graph\":[{\"@type\":\"Article\",\"@id\":\"https:\\\/\\\/www.lesgrottesdesaintcezaire.fr\\\/blog\\\/ceci-circule-sur-le-web-visite-guidee-de-lexposition-temporaire-les-voyages-extraordinaires-de-monsieur-b\\\/#article\",\"isPartOf\":{\"@id\":\"https:\\\/\\\/www.lesgrottesdesaintcezaire.fr\\\/blog\\\/ceci-circule-sur-le-web-visite-guidee-de-lexposition-temporaire-les-voyages-extraordinaires-de-monsieur-b\\\/\"},\"author\":{\"name\":\"Fabienne MOUTON\",\"@id\":\"https:\\\/\\\/www.lesgrottesdesaintcezaire.fr\\\/blog\\\/#\\\/schema\\\/person\\\/23d9a2ac249ecb9460a4ebce885adb9b\"},\"headline\":\"Ceci circule sur le web : Visite guid\u00e9e de l\u2019exposition temporaire \u00ab\u00a0Les voyages extraordinaires de Monsieur B.\u00a0\u00bb\",\"datePublished\":\"2022-06-25T10:06:56+00:00\",\"mainEntityOfPage\":{\"@id\":\"https:\\\/\\\/www.lesgrottesdesaintcezaire.fr\\\/blog\\\/ceci-circule-sur-le-web-visite-guidee-de-lexposition-temporaire-les-voyages-extraordinaires-de-monsieur-b\\\/\"},\"wordCount\":572,\"publisher\":{\"@id\":\"https:\\\/\\\/www.lesgrottesdesaintcezaire.fr\\\/blog\\\/#organization\"},\"image\":{\"@id\":\"https:\\\/\\\/www.lesgrottesdesaintcezaire.fr\\\/blog\\\/ceci-circule-sur-le-web-visite-guidee-de-lexposition-temporaire-les-voyages-extraordinaires-de-monsieur-b\\\/#primaryimage\"},\"thumbnailUrl\":\"https:\\\/\\\/www.lesgrottesdesaintcezaire.fr\\\/blog\\\/wp-content\\\/uploads\\\/2022\\\/06\\\/Les-Nocturnes-Theatre-et-Musique-Le-jeudi-19-mai.jpg\",\"articleSection\":[\"Patrimoine:\"],\"inLanguage\":\"fr-FR\"},{\"@type\":\"WebPage\",\"@id\":\"https:\\\/\\\/www.lesgrottesdesaintcezaire.fr\\\/blog\\\/ceci-circule-sur-le-web-visite-guidee-de-lexposition-temporaire-les-voyages-extraordinaires-de-monsieur-b\\\/\",\"url\":\"https:\\\/\\\/www.lesgrottesdesaintcezaire.fr\\\/blog\\\/ceci-circule-sur-le-web-visite-guidee-de-lexposition-temporaire-les-voyages-extraordinaires-de-monsieur-b\\\/\",\"name\":\"Ceci circule sur le web : Visite guid\u00e9e de l\u2019exposition temporaire \u00ab\u00a0Les voyages extraordinaires de Monsieur B.\u00a0\u00bb - LESGROTTESDESAINTCEZAIRE\",\"isPartOf\":{\"@id\":\"https:\\\/\\\/www.lesgrottesdesaintcezaire.fr\\\/blog\\\/#website\"},\"primaryImageOfPage\":{\"@id\":\"https:\\\/\\\/www.lesgrottesdesaintcezaire.fr\\\/blog\\\/ceci-circule-sur-le-web-visite-guidee-de-lexposition-temporaire-les-voyages-extraordinaires-de-monsieur-b\\\/#primaryimage\"},\"image\":{\"@id\":\"https:\\\/\\\/www.lesgrottesdesaintcezaire.fr\\\/blog\\\/ceci-circule-sur-le-web-visite-guidee-de-lexposition-temporaire-les-voyages-extraordinaires-de-monsieur-b\\\/#primaryimage\"},\"thumbnailUrl\":\"https:\\\/\\\/www.lesgrottesdesaintcezaire.fr\\\/blog\\\/wp-content\\\/uploads\\\/2022\\\/06\\\/Les-Nocturnes-Theatre-et-Musique-Le-jeudi-19-mai.jpg\",\"datePublished\":\"2022-06-25T10:06:56+00:00\",\"description\":\"Ceci circule sur le web : Visite guid\u00e9e de l\u2019exposition temporaire \u00ab\u00a0Les voyages extraordinaires de Monsieur B.\u00a0\u00bb article de LESGROTTESDESAINTCEZAIRE\",\"breadcrumb\":{\"@id\":\"https:\\\/\\\/www.lesgrottesdesaintcezaire.fr\\\/blog\\\/ceci-circule-sur-le-web-visite-guidee-de-lexposition-temporaire-les-voyages-extraordinaires-de-monsieur-b\\\/#breadcrumb\"},\"inLanguage\":\"fr-FR\",\"potentialAction\":[{\"@type\":\"ReadAction\",\"target\":[\"https:\\\/\\\/www.lesgrottesdesaintcezaire.fr\\\/blog\\\/ceci-circule-sur-le-web-visite-guidee-de-lexposition-temporaire-les-voyages-extraordinaires-de-monsieur-b\\\/\"]}]},{\"@type\":\"ImageObject\",\"inLanguage\":\"fr-FR\",\"@id\":\"https:\\\/\\\/www.lesgrottesdesaintcezaire.fr\\\/blog\\\/ceci-circule-sur-le-web-visite-guidee-de-lexposition-temporaire-les-voyages-extraordinaires-de-monsieur-b\\\/#primaryimage\",\"url\":\"https:\\\/\\\/www.lesgrottesdesaintcezaire.fr\\\/blog\\\/wp-content\\\/uploads\\\/2022\\\/06\\\/Les-Nocturnes-Theatre-et-Musique-Le-jeudi-19-mai.jpg\",\"contentUrl\":\"https:\\\/\\\/www.lesgrottesdesaintcezaire.fr\\\/blog\\\/wp-content\\\/uploads\\\/2022\\\/06\\\/Les-Nocturnes-Theatre-et-Musique-Le-jeudi-19-mai.jpg\",\"width\":750,\"height\":531,\"caption\":\"Les Nocturnes Theatre et Musique Le jeudi 19 mai\"},{\"@type\":\"BreadcrumbList\",\"@id\":\"https:\\\/\\\/www.lesgrottesdesaintcezaire.fr\\\/blog\\\/ceci-circule-sur-le-web-visite-guidee-de-lexposition-temporaire-les-voyages-extraordinaires-de-monsieur-b\\\/#breadcrumb\",\"itemListElement\":[{\"@type\":\"ListItem\",\"position\":1,\"name\":\"Accueil\",\"item\":\"https:\\\/\\\/www.lesgrottesdesaintcezaire.fr\\\/blog\\\/\"},{\"@type\":\"ListItem\",\"position\":2,\"name\":\"Ceci circule sur le web : Visite guid\u00e9e de l\u2019exposition temporaire \u00ab\u00a0Les voyages extraordinaires de Monsieur B.\u00a0\u00bb\"}]},{\"@type\":\"WebSite\",\"@id\":\"https:\\\/\\\/www.lesgrottesdesaintcezaire.fr\\\/blog\\\/#website\",\"url\":\"https:\\\/\\\/www.lesgrottesdesaintcezaire.fr\\\/blog\\\/\",\"name\":\"LESGROTTESDESAINTCEZAIRE\",\"description\":\"Patrimoine: Le site de r\u00e9f\u00e9rence.\",\"publisher\":{\"@id\":\"https:\\\/\\\/www.lesgrottesdesaintcezaire.fr\\\/blog\\\/#organization\"},\"potentialAction\":[{\"@type\":\"SearchAction\",\"target\":{\"@type\":\"EntryPoint\",\"urlTemplate\":\"https:\\\/\\\/www.lesgrottesdesaintcezaire.fr\\\/blog\\\/?s={search_term_string}\"},\"query-input\":{\"@type\":\"PropertyValueSpecification\",\"valueRequired\":true,\"valueName\":\"search_term_string\"}}],\"inLanguage\":\"fr-FR\"},{\"@type\":\"Organization\",\"@id\":\"https:\\\/\\\/www.lesgrottesdesaintcezaire.fr\\\/blog\\\/#organization\",\"name\":\"lesgrottesdesaintcezaire\",\"url\":\"https:\\\/\\\/www.lesgrottesdesaintcezaire.fr\\\/blog\\\/\",\"logo\":{\"@type\":\"ImageObject\",\"inLanguage\":\"fr-FR\",\"@id\":\"https:\\\/\\\/www.lesgrottesdesaintcezaire.fr\\\/blog\\\/#\\\/schema\\\/logo\\\/image\\\/\",\"url\":\"https:\\\/\\\/www.lesgrottesdesaintcezaire.fr\\\/blog\\\/wp-content\\\/uploads\\\/2022\\\/05\\\/logo-2.png\",\"contentUrl\":\"https:\\\/\\\/www.lesgrottesdesaintcezaire.fr\\\/blog\\\/wp-content\\\/uploads\\\/2022\\\/05\\\/logo-2.png\",\"width\":150,\"height\":209,\"caption\":\"lesgrottesdesaintcezaire\"},\"image\":{\"@id\":\"https:\\\/\\\/www.lesgrottesdesaintcezaire.fr\\\/blog\\\/#\\\/schema\\\/logo\\\/image\\\/\"}},{\"@type\":\"Person\",\"@id\":\"https:\\\/\\\/www.lesgrottesdesaintcezaire.fr\\\/blog\\\/#\\\/schema\\\/person\\\/23d9a2ac249ecb9460a4ebce885adb9b\",\"name\":\"Fabienne MOUTON\",\"image\":{\"@type\":\"ImageObject\",\"inLanguage\":\"fr-FR\",\"@id\":\"https:\\\/\\\/secure.gravatar.com\\\/avatar\\\/856d7a14385bb0216de9c5cf9fb1160ddbd11c00be5bb16cfe389b9971309649?s=96&d=mm&r=g\",\"url\":\"https:\\\/\\\/secure.gravatar.com\\\/avatar\\\/856d7a14385bb0216de9c5cf9fb1160ddbd11c00be5bb16cfe389b9971309649?s=96&d=mm&r=g\",\"contentUrl\":\"https:\\\/\\\/secure.gravatar.com\\\/avatar\\\/856d7a14385bb0216de9c5cf9fb1160ddbd11c00be5bb16cfe389b9971309649?s=96&d=mm&r=g\",\"caption\":\"Fabienne MOUTON\"},\"url\":\"https:\\\/\\\/www.lesgrottesdesaintcezaire.fr\\\/blog\\\/author\\\/irefabienne\\\/\"}]}<\/script>\n<!-- \/ Yoast SEO plugin. -->","yoast_head_json":{"title":"Ceci circule sur le web : Visite guid\u00e9e de l\u2019exposition temporaire \u00ab\u00a0Les voyages extraordinaires de Monsieur B.\u00a0\u00bb - LESGROTTESDESAINTCEZAIRE","description":"Ceci circule sur le web : Visite guid\u00e9e de l\u2019exposition temporaire \u00ab\u00a0Les voyages extraordinaires de Monsieur B.\u00a0\u00bb article de LESGROTTESDESAINTCEZAIRE","robots":{"index":"index","follow":"follow","max-snippet":"max-snippet:-1","max-image-preview":"max-image-preview:large","max-video-preview":"max-video-preview:-1"},"canonical":"https:\/\/www.lesgrottesdesaintcezaire.fr\/blog\/ceci-circule-sur-le-web-visite-guidee-de-lexposition-temporaire-les-voyages-extraordinaires-de-monsieur-b\/","og_locale":"fr_FR","og_type":"article","og_title":"Ceci circule sur le web : Visite guid\u00e9e de l\u2019exposition temporaire \u00ab\u00a0Les voyages extraordinaires de Monsieur B.\u00a0\u00bb - LESGROTTESDESAINTCEZAIRE","og_description":"Ceci circule sur le web : Visite guid\u00e9e de l\u2019exposition temporaire \u00ab\u00a0Les voyages extraordinaires de Monsieur B.\u00a0\u00bb article de LESGROTTESDESAINTCEZAIRE","og_url":"https:\/\/www.lesgrottesdesaintcezaire.fr\/blog\/ceci-circule-sur-le-web-visite-guidee-de-lexposition-temporaire-les-voyages-extraordinaires-de-monsieur-b\/","og_site_name":"LESGROTTESDESAINTCEZAIRE","article_published_time":"2022-06-25T10:06:56+00:00","og_image":[{"width":2560,"height":1951,"url":"https:\/\/www.lesgrottesdesaintcezaire.fr\/blog\/wp-content\/uploads\/2022\/06\/le-livre-scaled.jpg","type":"image\/jpeg"}],"author":"Fabienne MOUTON","twitter_card":"summary_large_image","twitter_misc":{"\u00c9crit par":"Fabienne MOUTON","Dur\u00e9e de lecture estim\u00e9e":"3 minutes"},"schema":{"@context":"https:\/\/schema.org","@graph":[{"@type":"Article","@id":"https:\/\/www.lesgrottesdesaintcezaire.fr\/blog\/ceci-circule-sur-le-web-visite-guidee-de-lexposition-temporaire-les-voyages-extraordinaires-de-monsieur-b\/#article","isPartOf":{"@id":"https:\/\/www.lesgrottesdesaintcezaire.fr\/blog\/ceci-circule-sur-le-web-visite-guidee-de-lexposition-temporaire-les-voyages-extraordinaires-de-monsieur-b\/"},"author":{"name":"Fabienne MOUTON","@id":"https:\/\/www.lesgrottesdesaintcezaire.fr\/blog\/#\/schema\/person\/23d9a2ac249ecb9460a4ebce885adb9b"},"headline":"Ceci circule sur le web : Visite guid\u00e9e de l\u2019exposition temporaire \u00ab\u00a0Les voyages extraordinaires de Monsieur B.\u00a0\u00bb","datePublished":"2022-06-25T10:06:56+00:00","mainEntityOfPage":{"@id":"https:\/\/www.lesgrottesdesaintcezaire.fr\/blog\/ceci-circule-sur-le-web-visite-guidee-de-lexposition-temporaire-les-voyages-extraordinaires-de-monsieur-b\/"},"wordCount":572,"publisher":{"@id":"https:\/\/www.lesgrottesdesaintcezaire.fr\/blog\/#organization"},"image":{"@id":"https:\/\/www.lesgrottesdesaintcezaire.fr\/blog\/ceci-circule-sur-le-web-visite-guidee-de-lexposition-temporaire-les-voyages-extraordinaires-de-monsieur-b\/#primaryimage"},"thumbnailUrl":"https:\/\/www.lesgrottesdesaintcezaire.fr\/blog\/wp-content\/uploads\/2022\/06\/Les-Nocturnes-Theatre-et-Musique-Le-jeudi-19-mai.jpg","articleSection":["Patrimoine:"],"inLanguage":"fr-FR"},{"@type":"WebPage","@id":"https:\/\/www.lesgrottesdesaintcezaire.fr\/blog\/ceci-circule-sur-le-web-visite-guidee-de-lexposition-temporaire-les-voyages-extraordinaires-de-monsieur-b\/","url":"https:\/\/www.lesgrottesdesaintcezaire.fr\/blog\/ceci-circule-sur-le-web-visite-guidee-de-lexposition-temporaire-les-voyages-extraordinaires-de-monsieur-b\/","name":"Ceci circule sur le web : Visite guid\u00e9e de l\u2019exposition temporaire \u00ab\u00a0Les voyages extraordinaires de Monsieur B.\u00a0\u00bb - LESGROTTESDESAINTCEZAIRE","isPartOf":{"@id":"https:\/\/www.lesgrottesdesaintcezaire.fr\/blog\/#website"},"primaryImageOfPage":{"@id":"https:\/\/www.lesgrottesdesaintcezaire.fr\/blog\/ceci-circule-sur-le-web-visite-guidee-de-lexposition-temporaire-les-voyages-extraordinaires-de-monsieur-b\/#primaryimage"},"image":{"@id":"https:\/\/www.lesgrottesdesaintcezaire.fr\/blog\/ceci-circule-sur-le-web-visite-guidee-de-lexposition-temporaire-les-voyages-extraordinaires-de-monsieur-b\/#primaryimage"},"thumbnailUrl":"https:\/\/www.lesgrottesdesaintcezaire.fr\/blog\/wp-content\/uploads\/2022\/06\/Les-Nocturnes-Theatre-et-Musique-Le-jeudi-19-mai.jpg","datePublished":"2022-06-25T10:06:56+00:00","description":"Ceci circule sur le web : Visite guid\u00e9e de l\u2019exposition temporaire \u00ab\u00a0Les voyages extraordinaires de Monsieur B.\u00a0\u00bb article de LESGROTTESDESAINTCEZAIRE","breadcrumb":{"@id":"https:\/\/www.lesgrottesdesaintcezaire.fr\/blog\/ceci-circule-sur-le-web-visite-guidee-de-lexposition-temporaire-les-voyages-extraordinaires-de-monsieur-b\/#breadcrumb"},"inLanguage":"fr-FR","potentialAction":[{"@type":"ReadAction","target":["https:\/\/www.lesgrottesdesaintcezaire.fr\/blog\/ceci-circule-sur-le-web-visite-guidee-de-lexposition-temporaire-les-voyages-extraordinaires-de-monsieur-b\/"]}]},{"@type":"ImageObject","inLanguage":"fr-FR","@id":"https:\/\/www.lesgrottesdesaintcezaire.fr\/blog\/ceci-circule-sur-le-web-visite-guidee-de-lexposition-temporaire-les-voyages-extraordinaires-de-monsieur-b\/#primaryimage","url":"https:\/\/www.lesgrottesdesaintcezaire.fr\/blog\/wp-content\/uploads\/2022\/06\/Les-Nocturnes-Theatre-et-Musique-Le-jeudi-19-mai.jpg","contentUrl":"https:\/\/www.lesgrottesdesaintcezaire.fr\/blog\/wp-content\/uploads\/2022\/06\/Les-Nocturnes-Theatre-et-Musique-Le-jeudi-19-mai.jpg","width":750,"height":531,"caption":"Les Nocturnes Theatre et Musique Le jeudi 19 mai"},{"@type":"BreadcrumbList","@id":"https:\/\/www.lesgrottesdesaintcezaire.fr\/blog\/ceci-circule-sur-le-web-visite-guidee-de-lexposition-temporaire-les-voyages-extraordinaires-de-monsieur-b\/#breadcrumb","itemListElement":[{"@type":"ListItem","position":1,"name":"Accueil","item":"https:\/\/www.lesgrottesdesaintcezaire.fr\/blog\/"},{"@type":"ListItem","position":2,"name":"Ceci circule sur le web : Visite guid\u00e9e de l\u2019exposition temporaire \u00ab\u00a0Les voyages extraordinaires de Monsieur B.\u00a0\u00bb"}]},{"@type":"WebSite","@id":"https:\/\/www.lesgrottesdesaintcezaire.fr\/blog\/#website","url":"https:\/\/www.lesgrottesdesaintcezaire.fr\/blog\/","name":"LESGROTTESDESAINTCEZAIRE","description":"Patrimoine: Le site de r\u00e9f\u00e9rence.","publisher":{"@id":"https:\/\/www.lesgrottesdesaintcezaire.fr\/blog\/#organization"},"potentialAction":[{"@type":"SearchAction","target":{"@type":"EntryPoint","urlTemplate":"https:\/\/www.lesgrottesdesaintcezaire.fr\/blog\/?s={search_term_string}"},"query-input":{"@type":"PropertyValueSpecification","valueRequired":true,"valueName":"search_term_string"}}],"inLanguage":"fr-FR"},{"@type":"Organization","@id":"https:\/\/www.lesgrottesdesaintcezaire.fr\/blog\/#organization","name":"lesgrottesdesaintcezaire","url":"https:\/\/www.lesgrottesdesaintcezaire.fr\/blog\/","logo":{"@type":"ImageObject","inLanguage":"fr-FR","@id":"https:\/\/www.lesgrottesdesaintcezaire.fr\/blog\/#\/schema\/logo\/image\/","url":"https:\/\/www.lesgrottesdesaintcezaire.fr\/blog\/wp-content\/uploads\/2022\/05\/logo-2.png","contentUrl":"https:\/\/www.lesgrottesdesaintcezaire.fr\/blog\/wp-content\/uploads\/2022\/05\/logo-2.png","width":150,"height":209,"caption":"lesgrottesdesaintcezaire"},"image":{"@id":"https:\/\/www.lesgrottesdesaintcezaire.fr\/blog\/#\/schema\/logo\/image\/"}},{"@type":"Person","@id":"https:\/\/www.lesgrottesdesaintcezaire.fr\/blog\/#\/schema\/person\/23d9a2ac249ecb9460a4ebce885adb9b","name":"Fabienne MOUTON","image":{"@type":"ImageObject","inLanguage":"fr-FR","@id":"https:\/\/secure.gravatar.com\/avatar\/856d7a14385bb0216de9c5cf9fb1160ddbd11c00be5bb16cfe389b9971309649?s=96&d=mm&r=g","url":"https:\/\/secure.gravatar.com\/avatar\/856d7a14385bb0216de9c5cf9fb1160ddbd11c00be5bb16cfe389b9971309649?s=96&d=mm&r=g","contentUrl":"https:\/\/secure.gravatar.com\/avatar\/856d7a14385bb0216de9c5cf9fb1160ddbd11c00be5bb16cfe389b9971309649?s=96&d=mm&r=g","caption":"Fabienne MOUTON"},"url":"https:\/\/www.lesgrottesdesaintcezaire.fr\/blog\/author\/irefabienne\/"}]}},"_links":{"self":[{"href":"https:\/\/www.lesgrottesdesaintcezaire.fr\/blog\/wp-json\/wp\/v2\/posts\/138","targetHints":{"allow":["GET"]}}],"collection":[{"href":"https:\/\/www.lesgrottesdesaintcezaire.fr\/blog\/wp-json\/wp\/v2\/posts"}],"about":[{"href":"https:\/\/www.lesgrottesdesaintcezaire.fr\/blog\/wp-json\/wp\/v2\/types\/post"}],"author":[{"embeddable":true,"href":"https:\/\/www.lesgrottesdesaintcezaire.fr\/blog\/wp-json\/wp\/v2\/users\/3"}],"replies":[{"embeddable":true,"href":"https:\/\/www.lesgrottesdesaintcezaire.fr\/blog\/wp-json\/wp\/v2\/comments?post=138"}],"version-history":[{"count":0,"href":"https:\/\/www.lesgrottesdesaintcezaire.fr\/blog\/wp-json\/wp\/v2\/posts\/138\/revisions"}],"wp:featuredmedia":[{"embeddable":true,"href":"https:\/\/www.lesgrottesdesaintcezaire.fr\/blog\/wp-json\/wp\/v2\/media\/140"}],"wp:attachment":[{"href":"https:\/\/www.lesgrottesdesaintcezaire.fr\/blog\/wp-json\/wp\/v2\/media?parent=138"}],"wp:term":[{"taxonomy":"category","embeddable":true,"href":"https:\/\/www.lesgrottesdesaintcezaire.fr\/blog\/wp-json\/wp\/v2\/categories?post=138"},{"taxonomy":"post_tag","embeddable":true,"href":"https:\/\/www.lesgrottesdesaintcezaire.fr\/blog\/wp-json\/wp\/v2\/tags?post=138"}],"curies":[{"name":"wp","href":"https:\/\/api.w.org\/{rel}","templated":true}]}}