{"id":150,"date":"2022-06-29T09:13:28","date_gmt":"2022-06-29T07:13:28","guid":{"rendered":"https:\/\/www.lesgrottesdesaintcezaire.fr\/blog\/pour-vous-cet-editorial-perseides-fall-dans-le-cadre-des-34es-rencontres-du-jeune-theatre-europeen\/"},"modified":"2022-06-29T09:13:28","modified_gmt":"2022-06-29T07:13:28","slug":"pour-vous-cet-editorial-perseides-fall-dans-le-cadre-des-34es-rencontres-du-jeune-theatre-europeen","status":"publish","type":"post","link":"https:\/\/www.lesgrottesdesaintcezaire.fr\/blog\/pour-vous-cet-editorial-perseides-fall-dans-le-cadre-des-34es-rencontres-du-jeune-theatre-europeen\/","title":{"rendered":"Pour vous cet \u00e9ditorial  : Pers\u00e9ides Fall \u2013 Dans le cadre des 34es Rencontres du Jeune Th\u00e9\u00e2tre Europ\u00e9en"},"content":{"rendered":"<div><img decoding=\"async\" width=\"580\" height=\"290\" src=\"https:\/\/www.lesgrottesdesaintcezaire.fr\/blog\/wp-content\/uploads\/2022\/06\/1652868214_Carnac-sur-les-traces-du-royaume-disparu-Projection-en-avant-premiere.jpg\" class=\"attachment-large size-large wp-post-image\" alt=\"1652868214_Carnac-sur-les-traces-du-royaume-disparu-Projection-en-avant-premiere\" loading=\"lazy\" style=\"float:left; margin:0 15px 15px 0;\" srcset=\"https:\/\/www.lesgrottesdesaintcezaire.fr\/blog\/wp-content\/uploads\/2022\/06\/1652868214_Carnac-sur-les-traces-du-royaume-disparu-Projection-en-avant-premiere.jpg 750w, https:\/\/www.site.cdcl.xyz\/wp-content\/uploads\/2022\/05\/1652868214_Carnac-sur-les-traces-du-royaume-disparu-Projection-en-avant-premiere-300x150.jpg 300w\" sizes=\"auto, (max-width: 580px) 100vw, 580px\"><\/p>\n<p>Fid\u00e8le \u00e0 sa vocation, ce site va vous exposer un \u00e9ditorial qui circule sur internet. La th\u00e9matique est \u00abl\u2019arch\u00e9ologie\u00bb.<\/p>\n<p>Son titre  (Pers\u00e9ides Fall \u2013 Dans le cadre des 34es Rencontres du Jeune Th\u00e9\u00e2tre Europ\u00e9en) est \u00e9vocateur.<\/p>\n<p>Sachez que l\u2019\u00e9ditorialiste (identifi\u00e9 sous le nom  nodule) est connu et fiable.<\/p>\n<p>L\u2019article peut par cons\u00e9quent \u00eatre pris au s\u00e9rieux.<\/p>\n<p>Sachez que la date de publication est 2022-06-29 02:00:01.<\/p>\n<div>\n<p>Dans le cadre des 34es Rencontres du Jeune Th\u00e9\u00e2tre Europ\u00e9en, la Compagnie \u00ab\u00a0Histoires 100 Fins\u00a0\u00bb de Grenoble, France, pr\u00e9sente : \u00ab\u00a0Pers\u00e9ides Fall\u00a0\u00bb<\/p>\n<\/div>\n<div>\n<p>Pers\u00e9ides Fall aborde un sujet fondamental : l\u2019effondrement de notre \u00e9cosyst\u00e8me. Et donc de notre civilisation qui en est intrins\u00e8quement d\u00e9pendante. Il sera donc question de collapsologie. Une th\u00e9matique qui n\u2019est vraiment pas facile \u00e0 traiter, surtout en repas de famille, car elle semble bien souvent dramatique. C\u2019est pourtant une question incontournable quelle que soit notre condition. <\/p>\n<p>Le spectacle qui se veut militant n\u2019a pas pour but d\u2019\u00eatre moralisateur mais bien de proposer un regard pour sortir du d\u00e9ni et ainsi affronter sereinement le futur. Il cherche \u00e0 \u00e9veiller les consciences, sans culpabiliser le spectateur. En usant des arts du cirque et de la pyrotechnie et s\u2019appuyant sur des textes engag\u00e9s comme Respire de Mickey 3D ( !),  les personnages voyageront \u00e0 travers diff\u00e9rents futurs. Comme nous pouvons le soup\u00e7onner, la fin de l\u2019histoire est incertaine\u2026 Qu\u2019adviendra-t-il de l\u2019anthropoc\u00e8ne ?<\/p>\n<p>Texte : LeyAro<\/p>\n<p>Mise en sc\u00e8ne : L\u00e9onard Fillacier et Johanna Rea<\/p>\n<p>Avec : L\u00e9onard Fillacier et Johanna Rea<\/p>\n<h2 class=\"title info-comp\">Informations compl\u00e9mentaires<\/h2>\n<dl>\n<\/dl>\n<\/div>\n<p>Livres sur le m\u00eame th\u00e8me:<\/p>\n<p>Verdun.,<a href=\"https:\/\/www.epagine.fr\/ebook\/9782307447436-verdun-centre-national-d-archeologie-urbaine-franck-gama\/\" target=\"_blank\" rel=\"noopener noreferrer nofollow\">Le livre <\/a><span><\/span>.<\/p>\n<p>Novgorod : histoire et arch\u00e9ologie d\u2019une r\u00e9publique russe m\u00e9di\u00e9vale (970-1478).,<a href=\"https:\/\/www.epagine.fr\/ebook\/9782271138330-novgorod-histoire-et-archeologie-d-une-republique-russe-medievale-970-1478-pierre-gonneau\/\" target=\"_blank\" rel=\"noopener noreferrer nofollow\">Le livre <\/a><span><\/span>.<\/p>\n<p>Ville, espace urbain et arch\u00e9ologie.,<a href=\"https:\/\/www.epagine.fr\/ebook\/9782869063501-ville-espace-urbain-et-archeologie-henri-galnie\/\" target=\"_blank\" rel=\"noopener noreferrer nofollow\">Clicker Ici <\/a><span><\/span>. Disponible dans toutes les bonnes biblioth\u00e8ques de votre d\u00e9partement.<\/p>\n<p>Pharaon.,<a href=\"https:\/\/booknode.com\/pharaon_0876273\" target=\"_blank\" rel=\"noopener noreferrer nofollow\">Le livre <\/a><span><\/span>. Disponible dans toutes les bonnes librairies.<\/p>\n<\/div>\n","protected":false},"excerpt":{"rendered":"<p>Fid\u00e8le \u00e0 sa vocation, ce site va vous exposer un \u00e9ditorial qui circule sur internet. La th\u00e9matique est \u00abl\u2019arch\u00e9ologie\u00bb. Son titre (Pers\u00e9ides Fall \u2013 Dans le cadre des 34es Rencontres du Jeune Th\u00e9\u00e2tre Europ\u00e9en) est \u00e9vocateur. Sachez que l\u2019\u00e9ditorialiste (identifi\u00e9 sous le nom nodule) est connu et fiable. L\u2019article peut par cons\u00e9quent \u00eatre pris au [&hellip;]<\/p>\n","protected":false},"author":3,"featured_media":152,"comment_status":"closed","ping_status":"closed","sticky":false,"template":"","format":"standard","meta":{"footnotes":""},"categories":[2],"tags":[],"class_list":["post-150","post","type-post","status-publish","format-standard","has-post-thumbnail","hentry","category-patrimoine","entry","has-media"],"yoast_head":"<!-- This site is optimized with the Yoast SEO plugin v27.5 - https:\/\/yoast.com\/product\/yoast-seo-wordpress\/ -->\n<title>Pour vous cet \u00e9ditorial : Pers\u00e9ides Fall \u2013 Dans le cadre des 34es Rencontres du Jeune Th\u00e9\u00e2tre Europ\u00e9en - LESGROTTESDESAINTCEZAIRE<\/title>\n<meta name=\"description\" content=\"Pour vous cet \u00e9ditorial : Pers\u00e9ides Fall \u2013 Dans le cadre des 34es Rencontres du Jeune Th\u00e9\u00e2tre Europ\u00e9en article de LESGROTTESDESAINTCEZAIRE\" \/>\n<meta name=\"robots\" content=\"index, follow, max-snippet:-1, max-image-preview:large, max-video-preview:-1\" \/>\n<link rel=\"canonical\" href=\"https:\/\/www.lesgrottesdesaintcezaire.fr\/blog\/pour-vous-cet-editorial-perseides-fall-dans-le-cadre-des-34es-rencontres-du-jeune-theatre-europeen\/\" \/>\n<meta property=\"og:locale\" content=\"fr_FR\" \/>\n<meta property=\"og:type\" content=\"article\" \/>\n<meta property=\"og:title\" content=\"Pour vous cet \u00e9ditorial : Pers\u00e9ides Fall \u2013 Dans le cadre des 34es Rencontres du Jeune Th\u00e9\u00e2tre Europ\u00e9en - LESGROTTESDESAINTCEZAIRE\" \/>\n<meta property=\"og:description\" content=\"Pour vous cet \u00e9ditorial : Pers\u00e9ides Fall \u2013 Dans le cadre des 34es Rencontres du Jeune Th\u00e9\u00e2tre Europ\u00e9en article de LESGROTTESDESAINTCEZAIRE\" \/>\n<meta property=\"og:url\" content=\"https:\/\/www.lesgrottesdesaintcezaire.fr\/blog\/pour-vous-cet-editorial-perseides-fall-dans-le-cadre-des-34es-rencontres-du-jeune-theatre-europeen\/\" \/>\n<meta property=\"og:site_name\" content=\"LESGROTTESDESAINTCEZAIRE\" \/>\n<meta property=\"article:published_time\" content=\"2022-06-29T07:13:28+00:00\" \/>\n<meta property=\"og:image\" content=\"https:\/\/www.lesgrottesdesaintcezaire.fr\/blog\/wp-content\/uploads\/2022\/06\/pers-ides.jpg\" \/>\n\t<meta property=\"og:image:width\" content=\"828\" \/>\n\t<meta property=\"og:image:height\" content=\"1172\" \/>\n\t<meta property=\"og:image:type\" content=\"image\/jpeg\" \/>\n<meta name=\"author\" content=\"Fabienne MOUTON\" \/>\n<meta name=\"twitter:card\" content=\"summary_large_image\" \/>\n<meta name=\"twitter:label1\" content=\"\u00c9crit par\" \/>\n\t<meta name=\"twitter:data1\" content=\"Fabienne MOUTON\" \/>\n\t<meta name=\"twitter:label2\" content=\"Dur\u00e9e de lecture estim\u00e9e\" \/>\n\t<meta name=\"twitter:data2\" content=\"2 minutes\" \/>\n<script type=\"application\/ld+json\" class=\"yoast-schema-graph\">{\"@context\":\"https:\\\/\\\/schema.org\",\"@graph\":[{\"@type\":\"Article\",\"@id\":\"https:\\\/\\\/www.lesgrottesdesaintcezaire.fr\\\/blog\\\/pour-vous-cet-editorial-perseides-fall-dans-le-cadre-des-34es-rencontres-du-jeune-theatre-europeen\\\/#article\",\"isPartOf\":{\"@id\":\"https:\\\/\\\/www.lesgrottesdesaintcezaire.fr\\\/blog\\\/pour-vous-cet-editorial-perseides-fall-dans-le-cadre-des-34es-rencontres-du-jeune-theatre-europeen\\\/\"},\"author\":{\"name\":\"Fabienne MOUTON\",\"@id\":\"https:\\\/\\\/www.lesgrottesdesaintcezaire.fr\\\/blog\\\/#\\\/schema\\\/person\\\/23d9a2ac249ecb9460a4ebce885adb9b\"},\"headline\":\"Pour vous cet \u00e9ditorial : Pers\u00e9ides Fall \u2013 Dans le cadre des 34es Rencontres du Jeune Th\u00e9\u00e2tre Europ\u00e9en\",\"datePublished\":\"2022-06-29T07:13:28+00:00\",\"mainEntityOfPage\":{\"@id\":\"https:\\\/\\\/www.lesgrottesdesaintcezaire.fr\\\/blog\\\/pour-vous-cet-editorial-perseides-fall-dans-le-cadre-des-34es-rencontres-du-jeune-theatre-europeen\\\/\"},\"wordCount\":345,\"publisher\":{\"@id\":\"https:\\\/\\\/www.lesgrottesdesaintcezaire.fr\\\/blog\\\/#organization\"},\"image\":{\"@id\":\"https:\\\/\\\/www.lesgrottesdesaintcezaire.fr\\\/blog\\\/pour-vous-cet-editorial-perseides-fall-dans-le-cadre-des-34es-rencontres-du-jeune-theatre-europeen\\\/#primaryimage\"},\"thumbnailUrl\":\"https:\\\/\\\/www.lesgrottesdesaintcezaire.fr\\\/blog\\\/wp-content\\\/uploads\\\/2022\\\/06\\\/1652868214_Carnac-sur-les-traces-du-royaume-disparu-Projection-en-avant-premiere.jpg\",\"articleSection\":[\"Patrimoine:\"],\"inLanguage\":\"fr-FR\"},{\"@type\":\"WebPage\",\"@id\":\"https:\\\/\\\/www.lesgrottesdesaintcezaire.fr\\\/blog\\\/pour-vous-cet-editorial-perseides-fall-dans-le-cadre-des-34es-rencontres-du-jeune-theatre-europeen\\\/\",\"url\":\"https:\\\/\\\/www.lesgrottesdesaintcezaire.fr\\\/blog\\\/pour-vous-cet-editorial-perseides-fall-dans-le-cadre-des-34es-rencontres-du-jeune-theatre-europeen\\\/\",\"name\":\"Pour vous cet \u00e9ditorial : Pers\u00e9ides Fall \u2013 Dans le cadre des 34es Rencontres du Jeune Th\u00e9\u00e2tre Europ\u00e9en - LESGROTTESDESAINTCEZAIRE\",\"isPartOf\":{\"@id\":\"https:\\\/\\\/www.lesgrottesdesaintcezaire.fr\\\/blog\\\/#website\"},\"primaryImageOfPage\":{\"@id\":\"https:\\\/\\\/www.lesgrottesdesaintcezaire.fr\\\/blog\\\/pour-vous-cet-editorial-perseides-fall-dans-le-cadre-des-34es-rencontres-du-jeune-theatre-europeen\\\/#primaryimage\"},\"image\":{\"@id\":\"https:\\\/\\\/www.lesgrottesdesaintcezaire.fr\\\/blog\\\/pour-vous-cet-editorial-perseides-fall-dans-le-cadre-des-34es-rencontres-du-jeune-theatre-europeen\\\/#primaryimage\"},\"thumbnailUrl\":\"https:\\\/\\\/www.lesgrottesdesaintcezaire.fr\\\/blog\\\/wp-content\\\/uploads\\\/2022\\\/06\\\/1652868214_Carnac-sur-les-traces-du-royaume-disparu-Projection-en-avant-premiere.jpg\",\"datePublished\":\"2022-06-29T07:13:28+00:00\",\"description\":\"Pour vous cet \u00e9ditorial : Pers\u00e9ides Fall \u2013 Dans le cadre des 34es Rencontres du Jeune Th\u00e9\u00e2tre Europ\u00e9en article de LESGROTTESDESAINTCEZAIRE\",\"breadcrumb\":{\"@id\":\"https:\\\/\\\/www.lesgrottesdesaintcezaire.fr\\\/blog\\\/pour-vous-cet-editorial-perseides-fall-dans-le-cadre-des-34es-rencontres-du-jeune-theatre-europeen\\\/#breadcrumb\"},\"inLanguage\":\"fr-FR\",\"potentialAction\":[{\"@type\":\"ReadAction\",\"target\":[\"https:\\\/\\\/www.lesgrottesdesaintcezaire.fr\\\/blog\\\/pour-vous-cet-editorial-perseides-fall-dans-le-cadre-des-34es-rencontres-du-jeune-theatre-europeen\\\/\"]}]},{\"@type\":\"ImageObject\",\"inLanguage\":\"fr-FR\",\"@id\":\"https:\\\/\\\/www.lesgrottesdesaintcezaire.fr\\\/blog\\\/pour-vous-cet-editorial-perseides-fall-dans-le-cadre-des-34es-rencontres-du-jeune-theatre-europeen\\\/#primaryimage\",\"url\":\"https:\\\/\\\/www.lesgrottesdesaintcezaire.fr\\\/blog\\\/wp-content\\\/uploads\\\/2022\\\/06\\\/1652868214_Carnac-sur-les-traces-du-royaume-disparu-Projection-en-avant-premiere.jpg\",\"contentUrl\":\"https:\\\/\\\/www.lesgrottesdesaintcezaire.fr\\\/blog\\\/wp-content\\\/uploads\\\/2022\\\/06\\\/1652868214_Carnac-sur-les-traces-du-royaume-disparu-Projection-en-avant-premiere.jpg\",\"width\":750,\"height\":375,\"caption\":\"1652868214 Carnac sur les traces du royaume disparu Projection en avant premiere\"},{\"@type\":\"BreadcrumbList\",\"@id\":\"https:\\\/\\\/www.lesgrottesdesaintcezaire.fr\\\/blog\\\/pour-vous-cet-editorial-perseides-fall-dans-le-cadre-des-34es-rencontres-du-jeune-theatre-europeen\\\/#breadcrumb\",\"itemListElement\":[{\"@type\":\"ListItem\",\"position\":1,\"name\":\"Accueil\",\"item\":\"https:\\\/\\\/www.lesgrottesdesaintcezaire.fr\\\/blog\\\/\"},{\"@type\":\"ListItem\",\"position\":2,\"name\":\"Pour vous cet \u00e9ditorial : Pers\u00e9ides Fall \u2013 Dans le cadre des 34es Rencontres du Jeune Th\u00e9\u00e2tre Europ\u00e9en\"}]},{\"@type\":\"WebSite\",\"@id\":\"https:\\\/\\\/www.lesgrottesdesaintcezaire.fr\\\/blog\\\/#website\",\"url\":\"https:\\\/\\\/www.lesgrottesdesaintcezaire.fr\\\/blog\\\/\",\"name\":\"LESGROTTESDESAINTCEZAIRE\",\"description\":\"Patrimoine: Le site de r\u00e9f\u00e9rence.\",\"publisher\":{\"@id\":\"https:\\\/\\\/www.lesgrottesdesaintcezaire.fr\\\/blog\\\/#organization\"},\"potentialAction\":[{\"@type\":\"SearchAction\",\"target\":{\"@type\":\"EntryPoint\",\"urlTemplate\":\"https:\\\/\\\/www.lesgrottesdesaintcezaire.fr\\\/blog\\\/?s={search_term_string}\"},\"query-input\":{\"@type\":\"PropertyValueSpecification\",\"valueRequired\":true,\"valueName\":\"search_term_string\"}}],\"inLanguage\":\"fr-FR\"},{\"@type\":\"Organization\",\"@id\":\"https:\\\/\\\/www.lesgrottesdesaintcezaire.fr\\\/blog\\\/#organization\",\"name\":\"lesgrottesdesaintcezaire\",\"url\":\"https:\\\/\\\/www.lesgrottesdesaintcezaire.fr\\\/blog\\\/\",\"logo\":{\"@type\":\"ImageObject\",\"inLanguage\":\"fr-FR\",\"@id\":\"https:\\\/\\\/www.lesgrottesdesaintcezaire.fr\\\/blog\\\/#\\\/schema\\\/logo\\\/image\\\/\",\"url\":\"https:\\\/\\\/www.lesgrottesdesaintcezaire.fr\\\/blog\\\/wp-content\\\/uploads\\\/2022\\\/05\\\/logo-2.png\",\"contentUrl\":\"https:\\\/\\\/www.lesgrottesdesaintcezaire.fr\\\/blog\\\/wp-content\\\/uploads\\\/2022\\\/05\\\/logo-2.png\",\"width\":150,\"height\":209,\"caption\":\"lesgrottesdesaintcezaire\"},\"image\":{\"@id\":\"https:\\\/\\\/www.lesgrottesdesaintcezaire.fr\\\/blog\\\/#\\\/schema\\\/logo\\\/image\\\/\"}},{\"@type\":\"Person\",\"@id\":\"https:\\\/\\\/www.lesgrottesdesaintcezaire.fr\\\/blog\\\/#\\\/schema\\\/person\\\/23d9a2ac249ecb9460a4ebce885adb9b\",\"name\":\"Fabienne MOUTON\",\"image\":{\"@type\":\"ImageObject\",\"inLanguage\":\"fr-FR\",\"@id\":\"https:\\\/\\\/secure.gravatar.com\\\/avatar\\\/856d7a14385bb0216de9c5cf9fb1160ddbd11c00be5bb16cfe389b9971309649?s=96&d=mm&r=g\",\"url\":\"https:\\\/\\\/secure.gravatar.com\\\/avatar\\\/856d7a14385bb0216de9c5cf9fb1160ddbd11c00be5bb16cfe389b9971309649?s=96&d=mm&r=g\",\"contentUrl\":\"https:\\\/\\\/secure.gravatar.com\\\/avatar\\\/856d7a14385bb0216de9c5cf9fb1160ddbd11c00be5bb16cfe389b9971309649?s=96&d=mm&r=g\",\"caption\":\"Fabienne MOUTON\"},\"url\":\"https:\\\/\\\/www.lesgrottesdesaintcezaire.fr\\\/blog\\\/author\\\/irefabienne\\\/\"}]}<\/script>\n<!-- \/ Yoast SEO plugin. -->","yoast_head_json":{"title":"Pour vous cet \u00e9ditorial : Pers\u00e9ides Fall \u2013 Dans le cadre des 34es Rencontres du Jeune Th\u00e9\u00e2tre Europ\u00e9en - LESGROTTESDESAINTCEZAIRE","description":"Pour vous cet \u00e9ditorial : Pers\u00e9ides Fall \u2013 Dans le cadre des 34es Rencontres du Jeune Th\u00e9\u00e2tre Europ\u00e9en article de LESGROTTESDESAINTCEZAIRE","robots":{"index":"index","follow":"follow","max-snippet":"max-snippet:-1","max-image-preview":"max-image-preview:large","max-video-preview":"max-video-preview:-1"},"canonical":"https:\/\/www.lesgrottesdesaintcezaire.fr\/blog\/pour-vous-cet-editorial-perseides-fall-dans-le-cadre-des-34es-rencontres-du-jeune-theatre-europeen\/","og_locale":"fr_FR","og_type":"article","og_title":"Pour vous cet \u00e9ditorial : Pers\u00e9ides Fall \u2013 Dans le cadre des 34es Rencontres du Jeune Th\u00e9\u00e2tre Europ\u00e9en - LESGROTTESDESAINTCEZAIRE","og_description":"Pour vous cet \u00e9ditorial : Pers\u00e9ides Fall \u2013 Dans le cadre des 34es Rencontres du Jeune Th\u00e9\u00e2tre Europ\u00e9en article de LESGROTTESDESAINTCEZAIRE","og_url":"https:\/\/www.lesgrottesdesaintcezaire.fr\/blog\/pour-vous-cet-editorial-perseides-fall-dans-le-cadre-des-34es-rencontres-du-jeune-theatre-europeen\/","og_site_name":"LESGROTTESDESAINTCEZAIRE","article_published_time":"2022-06-29T07:13:28+00:00","og_image":[{"width":828,"height":1172,"url":"https:\/\/www.lesgrottesdesaintcezaire.fr\/blog\/wp-content\/uploads\/2022\/06\/pers-ides.jpg","type":"image\/jpeg"}],"author":"Fabienne MOUTON","twitter_card":"summary_large_image","twitter_misc":{"\u00c9crit par":"Fabienne MOUTON","Dur\u00e9e de lecture estim\u00e9e":"2 minutes"},"schema":{"@context":"https:\/\/schema.org","@graph":[{"@type":"Article","@id":"https:\/\/www.lesgrottesdesaintcezaire.fr\/blog\/pour-vous-cet-editorial-perseides-fall-dans-le-cadre-des-34es-rencontres-du-jeune-theatre-europeen\/#article","isPartOf":{"@id":"https:\/\/www.lesgrottesdesaintcezaire.fr\/blog\/pour-vous-cet-editorial-perseides-fall-dans-le-cadre-des-34es-rencontres-du-jeune-theatre-europeen\/"},"author":{"name":"Fabienne MOUTON","@id":"https:\/\/www.lesgrottesdesaintcezaire.fr\/blog\/#\/schema\/person\/23d9a2ac249ecb9460a4ebce885adb9b"},"headline":"Pour vous cet \u00e9ditorial : Pers\u00e9ides Fall \u2013 Dans le cadre des 34es Rencontres du Jeune Th\u00e9\u00e2tre Europ\u00e9en","datePublished":"2022-06-29T07:13:28+00:00","mainEntityOfPage":{"@id":"https:\/\/www.lesgrottesdesaintcezaire.fr\/blog\/pour-vous-cet-editorial-perseides-fall-dans-le-cadre-des-34es-rencontres-du-jeune-theatre-europeen\/"},"wordCount":345,"publisher":{"@id":"https:\/\/www.lesgrottesdesaintcezaire.fr\/blog\/#organization"},"image":{"@id":"https:\/\/www.lesgrottesdesaintcezaire.fr\/blog\/pour-vous-cet-editorial-perseides-fall-dans-le-cadre-des-34es-rencontres-du-jeune-theatre-europeen\/#primaryimage"},"thumbnailUrl":"https:\/\/www.lesgrottesdesaintcezaire.fr\/blog\/wp-content\/uploads\/2022\/06\/1652868214_Carnac-sur-les-traces-du-royaume-disparu-Projection-en-avant-premiere.jpg","articleSection":["Patrimoine:"],"inLanguage":"fr-FR"},{"@type":"WebPage","@id":"https:\/\/www.lesgrottesdesaintcezaire.fr\/blog\/pour-vous-cet-editorial-perseides-fall-dans-le-cadre-des-34es-rencontres-du-jeune-theatre-europeen\/","url":"https:\/\/www.lesgrottesdesaintcezaire.fr\/blog\/pour-vous-cet-editorial-perseides-fall-dans-le-cadre-des-34es-rencontres-du-jeune-theatre-europeen\/","name":"Pour vous cet \u00e9ditorial : Pers\u00e9ides Fall \u2013 Dans le cadre des 34es Rencontres du Jeune Th\u00e9\u00e2tre Europ\u00e9en - LESGROTTESDESAINTCEZAIRE","isPartOf":{"@id":"https:\/\/www.lesgrottesdesaintcezaire.fr\/blog\/#website"},"primaryImageOfPage":{"@id":"https:\/\/www.lesgrottesdesaintcezaire.fr\/blog\/pour-vous-cet-editorial-perseides-fall-dans-le-cadre-des-34es-rencontres-du-jeune-theatre-europeen\/#primaryimage"},"image":{"@id":"https:\/\/www.lesgrottesdesaintcezaire.fr\/blog\/pour-vous-cet-editorial-perseides-fall-dans-le-cadre-des-34es-rencontres-du-jeune-theatre-europeen\/#primaryimage"},"thumbnailUrl":"https:\/\/www.lesgrottesdesaintcezaire.fr\/blog\/wp-content\/uploads\/2022\/06\/1652868214_Carnac-sur-les-traces-du-royaume-disparu-Projection-en-avant-premiere.jpg","datePublished":"2022-06-29T07:13:28+00:00","description":"Pour vous cet \u00e9ditorial : Pers\u00e9ides Fall \u2013 Dans le cadre des 34es Rencontres du Jeune Th\u00e9\u00e2tre Europ\u00e9en article de LESGROTTESDESAINTCEZAIRE","breadcrumb":{"@id":"https:\/\/www.lesgrottesdesaintcezaire.fr\/blog\/pour-vous-cet-editorial-perseides-fall-dans-le-cadre-des-34es-rencontres-du-jeune-theatre-europeen\/#breadcrumb"},"inLanguage":"fr-FR","potentialAction":[{"@type":"ReadAction","target":["https:\/\/www.lesgrottesdesaintcezaire.fr\/blog\/pour-vous-cet-editorial-perseides-fall-dans-le-cadre-des-34es-rencontres-du-jeune-theatre-europeen\/"]}]},{"@type":"ImageObject","inLanguage":"fr-FR","@id":"https:\/\/www.lesgrottesdesaintcezaire.fr\/blog\/pour-vous-cet-editorial-perseides-fall-dans-le-cadre-des-34es-rencontres-du-jeune-theatre-europeen\/#primaryimage","url":"https:\/\/www.lesgrottesdesaintcezaire.fr\/blog\/wp-content\/uploads\/2022\/06\/1652868214_Carnac-sur-les-traces-du-royaume-disparu-Projection-en-avant-premiere.jpg","contentUrl":"https:\/\/www.lesgrottesdesaintcezaire.fr\/blog\/wp-content\/uploads\/2022\/06\/1652868214_Carnac-sur-les-traces-du-royaume-disparu-Projection-en-avant-premiere.jpg","width":750,"height":375,"caption":"1652868214 Carnac sur les traces du royaume disparu Projection en avant premiere"},{"@type":"BreadcrumbList","@id":"https:\/\/www.lesgrottesdesaintcezaire.fr\/blog\/pour-vous-cet-editorial-perseides-fall-dans-le-cadre-des-34es-rencontres-du-jeune-theatre-europeen\/#breadcrumb","itemListElement":[{"@type":"ListItem","position":1,"name":"Accueil","item":"https:\/\/www.lesgrottesdesaintcezaire.fr\/blog\/"},{"@type":"ListItem","position":2,"name":"Pour vous cet \u00e9ditorial : Pers\u00e9ides Fall \u2013 Dans le cadre des 34es Rencontres du Jeune Th\u00e9\u00e2tre Europ\u00e9en"}]},{"@type":"WebSite","@id":"https:\/\/www.lesgrottesdesaintcezaire.fr\/blog\/#website","url":"https:\/\/www.lesgrottesdesaintcezaire.fr\/blog\/","name":"LESGROTTESDESAINTCEZAIRE","description":"Patrimoine: Le site de r\u00e9f\u00e9rence.","publisher":{"@id":"https:\/\/www.lesgrottesdesaintcezaire.fr\/blog\/#organization"},"potentialAction":[{"@type":"SearchAction","target":{"@type":"EntryPoint","urlTemplate":"https:\/\/www.lesgrottesdesaintcezaire.fr\/blog\/?s={search_term_string}"},"query-input":{"@type":"PropertyValueSpecification","valueRequired":true,"valueName":"search_term_string"}}],"inLanguage":"fr-FR"},{"@type":"Organization","@id":"https:\/\/www.lesgrottesdesaintcezaire.fr\/blog\/#organization","name":"lesgrottesdesaintcezaire","url":"https:\/\/www.lesgrottesdesaintcezaire.fr\/blog\/","logo":{"@type":"ImageObject","inLanguage":"fr-FR","@id":"https:\/\/www.lesgrottesdesaintcezaire.fr\/blog\/#\/schema\/logo\/image\/","url":"https:\/\/www.lesgrottesdesaintcezaire.fr\/blog\/wp-content\/uploads\/2022\/05\/logo-2.png","contentUrl":"https:\/\/www.lesgrottesdesaintcezaire.fr\/blog\/wp-content\/uploads\/2022\/05\/logo-2.png","width":150,"height":209,"caption":"lesgrottesdesaintcezaire"},"image":{"@id":"https:\/\/www.lesgrottesdesaintcezaire.fr\/blog\/#\/schema\/logo\/image\/"}},{"@type":"Person","@id":"https:\/\/www.lesgrottesdesaintcezaire.fr\/blog\/#\/schema\/person\/23d9a2ac249ecb9460a4ebce885adb9b","name":"Fabienne MOUTON","image":{"@type":"ImageObject","inLanguage":"fr-FR","@id":"https:\/\/secure.gravatar.com\/avatar\/856d7a14385bb0216de9c5cf9fb1160ddbd11c00be5bb16cfe389b9971309649?s=96&d=mm&r=g","url":"https:\/\/secure.gravatar.com\/avatar\/856d7a14385bb0216de9c5cf9fb1160ddbd11c00be5bb16cfe389b9971309649?s=96&d=mm&r=g","contentUrl":"https:\/\/secure.gravatar.com\/avatar\/856d7a14385bb0216de9c5cf9fb1160ddbd11c00be5bb16cfe389b9971309649?s=96&d=mm&r=g","caption":"Fabienne MOUTON"},"url":"https:\/\/www.lesgrottesdesaintcezaire.fr\/blog\/author\/irefabienne\/"}]}},"_links":{"self":[{"href":"https:\/\/www.lesgrottesdesaintcezaire.fr\/blog\/wp-json\/wp\/v2\/posts\/150","targetHints":{"allow":["GET"]}}],"collection":[{"href":"https:\/\/www.lesgrottesdesaintcezaire.fr\/blog\/wp-json\/wp\/v2\/posts"}],"about":[{"href":"https:\/\/www.lesgrottesdesaintcezaire.fr\/blog\/wp-json\/wp\/v2\/types\/post"}],"author":[{"embeddable":true,"href":"https:\/\/www.lesgrottesdesaintcezaire.fr\/blog\/wp-json\/wp\/v2\/users\/3"}],"replies":[{"embeddable":true,"href":"https:\/\/www.lesgrottesdesaintcezaire.fr\/blog\/wp-json\/wp\/v2\/comments?post=150"}],"version-history":[{"count":0,"href":"https:\/\/www.lesgrottesdesaintcezaire.fr\/blog\/wp-json\/wp\/v2\/posts\/150\/revisions"}],"wp:featuredmedia":[{"embeddable":true,"href":"https:\/\/www.lesgrottesdesaintcezaire.fr\/blog\/wp-json\/wp\/v2\/media\/152"}],"wp:attachment":[{"href":"https:\/\/www.lesgrottesdesaintcezaire.fr\/blog\/wp-json\/wp\/v2\/media?parent=150"}],"wp:term":[{"taxonomy":"category","embeddable":true,"href":"https:\/\/www.lesgrottesdesaintcezaire.fr\/blog\/wp-json\/wp\/v2\/categories?post=150"},{"taxonomy":"post_tag","embeddable":true,"href":"https:\/\/www.lesgrottesdesaintcezaire.fr\/blog\/wp-json\/wp\/v2\/tags?post=150"}],"curies":[{"name":"wp","href":"https:\/\/api.w.org\/{rel}","templated":true}]}}