{"id":203,"date":"2022-07-13T12:06:32","date_gmt":"2022-07-13T10:06:32","guid":{"rendered":"https:\/\/www.lesgrottesdesaintcezaire.fr\/blog\/pour-vous-cette-page-web-le-musee-de-la-romanite-un-musee-pour-toute-la-famille\/"},"modified":"2022-07-13T12:06:32","modified_gmt":"2022-07-13T10:06:32","slug":"pour-vous-cette-page-web-le-musee-de-la-romanite-un-musee-pour-toute-la-famille","status":"publish","type":"post","link":"https:\/\/www.lesgrottesdesaintcezaire.fr\/blog\/pour-vous-cette-page-web-le-musee-de-la-romanite-un-musee-pour-toute-la-famille\/","title":{"rendered":"Pour vous cette page web  : Le Mus\u00e9e de la Romanit\u00e9, un mus\u00e9e pour toute la famille !"},"content":{"rendered":"<div>\n<p>Notre \u00e9quipe a trouv\u00e9 un post sur internet dont le propos est \u00abl\u2019arch\u00e9ologie\u00bb.<\/p>\n<p>Le titre  (Le Mus\u00e9e de la Romanit\u00e9, un mus\u00e9e pour toute la famille !) est sans confusion.<\/p>\n<p>Sachez que l\u2019\u00e9crivain (annonc\u00e9 sous le nom  Isabelle Lecaux) est reconnu comme quelqu\u2019un de s\u00e9rieux.<\/p>\n<p>Il n\u2019y a aucune raison de ne pas croire de la fiabilit\u00e9 de ces r\u00e9v\u00e9lations.<\/p>\n<p>Le texte a \u00e9t\u00e9 publi\u00e9 \u00e0 une date mentionn\u00e9e 2022-07-13 09:47:41.<\/p>\n<p>Texte d\u2019origine dont il s\u2019agit : <\/p>\n<div>\n<p><strong>Le Mus\u00e9e de la Romanit\u00e9 a, depuis son ouverture en 2018, toujours eu \u00e0 c\u0153ur d\u2019\u00eatre le plus accessible et confortable possible pour les familles\u00a0: accueil, services, activit\u00e9s et visites guid\u00e9es sp\u00e9cifiques, etc. <\/strong><\/p>\n<p>Ainsi, la plupart des toilettes du mus\u00e9e sont \u00e9quip\u00e9es de tables \u00e0 langer, des livrets-jeux sont distribu\u00e9s gratuitement aux plus jeunes afin de d\u00e9couvrir de fa\u00e7on ludique les collections permanentes et les grandes expositions temporaires estivales, un parcours sur audioguide (\u00ab\u00a0Mission arch\u00e9ologue\u00a0!\u00a0\u00bb) a \u00e9galement \u00e9t\u00e9 pens\u00e9 pour les enfants, et un grand nombre de visites et ateliers sont mis en place chaque ann\u00e9e pour toutes les tranches d\u2019\u00e2ge, des plus petits au plus grands.<\/p>\n<p>Dans une volont\u00e9 d\u2019am\u00e9lioration de notre offre d\u2019accueil des familles, deux nouveaux services sont disponibles depuis le d\u00e9but de l\u2019\u00e9t\u00e9 2022\u00a0: le pr\u00eat de poussette et l\u2019utilisation de marchepieds dans les collections permanentes.<\/p>\n<p>Le pr\u00eat de poussette s\u2019effectue gratuitement et directement aupr\u00e8s du vestiaire contre le d\u00e9p\u00f4t d\u2019une pi\u00e8ce d\u2019identit\u00e9. Elles peuvent \u00e9galement \u00eatre r\u00e9serv\u00e9es en amont de votre visite aupr\u00e8s de l\u2019accueil en appelant le 04 48\u00a0210\u00a0200. Les marchepieds sont quant \u00e0 eux mis \u00e0 disposition sur demande par les surveillants de salle tout au long du parcours permanent, afin que les tout-petits profitent d\u2019une visite \u00e0 leur hauteur\u00a0!<\/p>\n<\/div>\n<p>Bibliographie :<\/p>\n<p>REVUE ARCHEOLOGIQUE DE L\u2019EST n.40 ; l\u2019homme et son environnement : des lacs, des montagnes et des rivi\u00e8res ; bulles d\u2019arch\u00e9ologie offertes \u00e0 Andr\u00e9 Marguet.,<a href=\"https:\/\/www.epagine.fr\/ebook\/9782915544763-revue-archeologique-de-l-est-n-40-l-homme-et-son-environnement-des-lacs-des-montagnes-et-des-rivieres-bulles-d-archeologie-offertes-a-andre-marguet-revue-archeologique-de-l-est\/\" target=\"_blank\" rel=\"noopener noreferrer nofollow\">Ouvrage <\/a><span><\/span>.<\/p>\n<p>M\u00e9galithes de Vend\u00e9e (1) : L\u00e9gendes et arch\u00e9ologie.,<a href=\"https:\/\/www.epagine.fr\/ebook\/9782402019859-megalithes-de-vendee-1-legendes-et-archeologie-jean-loic-le-quellec-bertrand-poissonnier\/\" target=\"_blank\" rel=\"noopener noreferrer nofollow\">Le livre <\/a><span><\/span>.<\/p>\n<p>The red sea in Pharaonic times recent discoveries along the Red Sea Coast.,<a href=\"https:\/\/booknode.com\/the_red_sea_in_pharaonic_times_recent_discoveries_along_the_red_sea_coast_0946323\" target=\"_blank\" rel=\"noopener noreferrer nofollow\">A voir et \u00e0 lire. <\/a><span><\/span>.<\/p>\n<p>Pour une histoire de la pr\u00e9histoire oc\u00e9anienne.,<a href=\"https:\/\/www.kobo.com\/de\/fr\/ebook\/pour-une-histoire-de-la-prehistoire-oceanienne\" target=\"_blank\" rel=\"noopener noreferrer nofollow\">Clicker Ici <\/a><span><\/span>.<\/p>\n<\/div>\n","protected":false},"excerpt":{"rendered":"<p>Notre \u00e9quipe a trouv\u00e9 un post sur internet dont le propos est \u00abl\u2019arch\u00e9ologie\u00bb. Le titre (Le Mus\u00e9e de la Romanit\u00e9, un mus\u00e9e pour toute la famille !) est sans confusion. Sachez que l\u2019\u00e9crivain (annonc\u00e9 sous le nom Isabelle Lecaux) est reconnu comme quelqu\u2019un de s\u00e9rieux. Il n\u2019y a aucune raison de ne pas croire de [&hellip;]<\/p>\n","protected":false},"author":3,"featured_media":204,"comment_status":"closed","ping_status":"closed","sticky":false,"template":"","format":"standard","meta":{"footnotes":""},"categories":[2],"tags":[],"class_list":["post-203","post","type-post","status-publish","format-standard","has-post-thumbnail","hentry","category-patrimoine","entry","has-media"],"yoast_head":"<!-- This site is optimized with the Yoast SEO plugin v27.5 - https:\/\/yoast.com\/product\/yoast-seo-wordpress\/ -->\n<title>Pour vous cette page web : Le Mus\u00e9e de la Romanit\u00e9, un mus\u00e9e pour toute la famille ! - LESGROTTESDESAINTCEZAIRE<\/title>\n<meta name=\"description\" content=\"Pour vous cette page web : Le Mus\u00e9e de la Romanit\u00e9, un mus\u00e9e pour toute la famille ! article de LESGROTTESDESAINTCEZAIRE\" \/>\n<meta name=\"robots\" content=\"index, follow, max-snippet:-1, max-image-preview:large, max-video-preview:-1\" \/>\n<link rel=\"canonical\" href=\"https:\/\/www.lesgrottesdesaintcezaire.fr\/blog\/pour-vous-cette-page-web-le-musee-de-la-romanite-un-musee-pour-toute-la-famille\/\" \/>\n<meta property=\"og:locale\" content=\"fr_FR\" \/>\n<meta property=\"og:type\" content=\"article\" \/>\n<meta property=\"og:title\" content=\"Pour vous cette page web : Le Mus\u00e9e de la Romanit\u00e9, un mus\u00e9e pour toute la famille ! - LESGROTTESDESAINTCEZAIRE\" \/>\n<meta property=\"og:description\" content=\"Pour vous cette page web : Le Mus\u00e9e de la Romanit\u00e9, un mus\u00e9e pour toute la famille ! article de LESGROTTESDESAINTCEZAIRE\" \/>\n<meta property=\"og:url\" content=\"https:\/\/www.lesgrottesdesaintcezaire.fr\/blog\/pour-vous-cette-page-web-le-musee-de-la-romanite-un-musee-pour-toute-la-famille\/\" \/>\n<meta property=\"og:site_name\" content=\"LESGROTTESDESAINTCEZAIRE\" \/>\n<meta property=\"article:published_time\" content=\"2022-07-13T10:06:32+00:00\" \/>\n<meta property=\"og:image\" content=\"https:\/\/www.lesgrottesdesaintcezaire.fr\/blog\/wp-content\/uploads\/2022\/07\/de-la-2-scaled.jpg\" \/>\n\t<meta property=\"og:image:width\" content=\"1707\" \/>\n\t<meta property=\"og:image:height\" content=\"2560\" \/>\n\t<meta property=\"og:image:type\" content=\"image\/jpeg\" \/>\n<meta name=\"author\" content=\"Fabienne MOUTON\" \/>\n<meta name=\"twitter:card\" content=\"summary_large_image\" \/>\n<meta name=\"twitter:label1\" content=\"\u00c9crit par\" \/>\n\t<meta name=\"twitter:data1\" content=\"Fabienne MOUTON\" \/>\n\t<meta name=\"twitter:label2\" content=\"Dur\u00e9e de lecture estim\u00e9e\" \/>\n\t<meta name=\"twitter:data2\" content=\"2 minutes\" \/>\n<script type=\"application\/ld+json\" class=\"yoast-schema-graph\">{\"@context\":\"https:\\\/\\\/schema.org\",\"@graph\":[{\"@type\":\"Article\",\"@id\":\"https:\\\/\\\/www.lesgrottesdesaintcezaire.fr\\\/blog\\\/pour-vous-cette-page-web-le-musee-de-la-romanite-un-musee-pour-toute-la-famille\\\/#article\",\"isPartOf\":{\"@id\":\"https:\\\/\\\/www.lesgrottesdesaintcezaire.fr\\\/blog\\\/pour-vous-cette-page-web-le-musee-de-la-romanite-un-musee-pour-toute-la-famille\\\/\"},\"author\":{\"name\":\"Fabienne MOUTON\",\"@id\":\"https:\\\/\\\/www.lesgrottesdesaintcezaire.fr\\\/blog\\\/#\\\/schema\\\/person\\\/23d9a2ac249ecb9460a4ebce885adb9b\"},\"headline\":\"Pour vous cette page web : Le Mus\u00e9e de la Romanit\u00e9, un mus\u00e9e pour toute la famille !\",\"datePublished\":\"2022-07-13T10:06:32+00:00\",\"mainEntityOfPage\":{\"@id\":\"https:\\\/\\\/www.lesgrottesdesaintcezaire.fr\\\/blog\\\/pour-vous-cette-page-web-le-musee-de-la-romanite-un-musee-pour-toute-la-famille\\\/\"},\"wordCount\":405,\"publisher\":{\"@id\":\"https:\\\/\\\/www.lesgrottesdesaintcezaire.fr\\\/blog\\\/#organization\"},\"image\":{\"@id\":\"https:\\\/\\\/www.lesgrottesdesaintcezaire.fr\\\/blog\\\/pour-vous-cette-page-web-le-musee-de-la-romanite-un-musee-pour-toute-la-famille\\\/#primaryimage\"},\"thumbnailUrl\":\"https:\\\/\\\/www.lesgrottesdesaintcezaire.fr\\\/blog\\\/wp-content\\\/uploads\\\/2022\\\/07\\\/de-la-2-scaled.jpg\",\"articleSection\":[\"Patrimoine:\"],\"inLanguage\":\"fr-FR\"},{\"@type\":\"WebPage\",\"@id\":\"https:\\\/\\\/www.lesgrottesdesaintcezaire.fr\\\/blog\\\/pour-vous-cette-page-web-le-musee-de-la-romanite-un-musee-pour-toute-la-famille\\\/\",\"url\":\"https:\\\/\\\/www.lesgrottesdesaintcezaire.fr\\\/blog\\\/pour-vous-cette-page-web-le-musee-de-la-romanite-un-musee-pour-toute-la-famille\\\/\",\"name\":\"Pour vous cette page web : Le Mus\u00e9e de la Romanit\u00e9, un mus\u00e9e pour toute la famille ! - LESGROTTESDESAINTCEZAIRE\",\"isPartOf\":{\"@id\":\"https:\\\/\\\/www.lesgrottesdesaintcezaire.fr\\\/blog\\\/#website\"},\"primaryImageOfPage\":{\"@id\":\"https:\\\/\\\/www.lesgrottesdesaintcezaire.fr\\\/blog\\\/pour-vous-cette-page-web-le-musee-de-la-romanite-un-musee-pour-toute-la-famille\\\/#primaryimage\"},\"image\":{\"@id\":\"https:\\\/\\\/www.lesgrottesdesaintcezaire.fr\\\/blog\\\/pour-vous-cette-page-web-le-musee-de-la-romanite-un-musee-pour-toute-la-famille\\\/#primaryimage\"},\"thumbnailUrl\":\"https:\\\/\\\/www.lesgrottesdesaintcezaire.fr\\\/blog\\\/wp-content\\\/uploads\\\/2022\\\/07\\\/de-la-2-scaled.jpg\",\"datePublished\":\"2022-07-13T10:06:32+00:00\",\"description\":\"Pour vous cette page web : Le Mus\u00e9e de la Romanit\u00e9, un mus\u00e9e pour toute la famille ! article de LESGROTTESDESAINTCEZAIRE\",\"breadcrumb\":{\"@id\":\"https:\\\/\\\/www.lesgrottesdesaintcezaire.fr\\\/blog\\\/pour-vous-cette-page-web-le-musee-de-la-romanite-un-musee-pour-toute-la-famille\\\/#breadcrumb\"},\"inLanguage\":\"fr-FR\",\"potentialAction\":[{\"@type\":\"ReadAction\",\"target\":[\"https:\\\/\\\/www.lesgrottesdesaintcezaire.fr\\\/blog\\\/pour-vous-cette-page-web-le-musee-de-la-romanite-un-musee-pour-toute-la-famille\\\/\"]}]},{\"@type\":\"ImageObject\",\"inLanguage\":\"fr-FR\",\"@id\":\"https:\\\/\\\/www.lesgrottesdesaintcezaire.fr\\\/blog\\\/pour-vous-cette-page-web-le-musee-de-la-romanite-un-musee-pour-toute-la-famille\\\/#primaryimage\",\"url\":\"https:\\\/\\\/www.lesgrottesdesaintcezaire.fr\\\/blog\\\/wp-content\\\/uploads\\\/2022\\\/07\\\/de-la-2-scaled.jpg\",\"contentUrl\":\"https:\\\/\\\/www.lesgrottesdesaintcezaire.fr\\\/blog\\\/wp-content\\\/uploads\\\/2022\\\/07\\\/de-la-2-scaled.jpg\",\"width\":1707,\"height\":2560,\"caption\":\"de la 2\"},{\"@type\":\"BreadcrumbList\",\"@id\":\"https:\\\/\\\/www.lesgrottesdesaintcezaire.fr\\\/blog\\\/pour-vous-cette-page-web-le-musee-de-la-romanite-un-musee-pour-toute-la-famille\\\/#breadcrumb\",\"itemListElement\":[{\"@type\":\"ListItem\",\"position\":1,\"name\":\"Accueil\",\"item\":\"https:\\\/\\\/www.lesgrottesdesaintcezaire.fr\\\/blog\\\/\"},{\"@type\":\"ListItem\",\"position\":2,\"name\":\"Pour vous cette page web : Le Mus\u00e9e de la Romanit\u00e9, un mus\u00e9e pour toute la famille !\"}]},{\"@type\":\"WebSite\",\"@id\":\"https:\\\/\\\/www.lesgrottesdesaintcezaire.fr\\\/blog\\\/#website\",\"url\":\"https:\\\/\\\/www.lesgrottesdesaintcezaire.fr\\\/blog\\\/\",\"name\":\"LESGROTTESDESAINTCEZAIRE\",\"description\":\"Patrimoine: Le site de r\u00e9f\u00e9rence.\",\"publisher\":{\"@id\":\"https:\\\/\\\/www.lesgrottesdesaintcezaire.fr\\\/blog\\\/#organization\"},\"potentialAction\":[{\"@type\":\"SearchAction\",\"target\":{\"@type\":\"EntryPoint\",\"urlTemplate\":\"https:\\\/\\\/www.lesgrottesdesaintcezaire.fr\\\/blog\\\/?s={search_term_string}\"},\"query-input\":{\"@type\":\"PropertyValueSpecification\",\"valueRequired\":true,\"valueName\":\"search_term_string\"}}],\"inLanguage\":\"fr-FR\"},{\"@type\":\"Organization\",\"@id\":\"https:\\\/\\\/www.lesgrottesdesaintcezaire.fr\\\/blog\\\/#organization\",\"name\":\"lesgrottesdesaintcezaire\",\"url\":\"https:\\\/\\\/www.lesgrottesdesaintcezaire.fr\\\/blog\\\/\",\"logo\":{\"@type\":\"ImageObject\",\"inLanguage\":\"fr-FR\",\"@id\":\"https:\\\/\\\/www.lesgrottesdesaintcezaire.fr\\\/blog\\\/#\\\/schema\\\/logo\\\/image\\\/\",\"url\":\"https:\\\/\\\/www.lesgrottesdesaintcezaire.fr\\\/blog\\\/wp-content\\\/uploads\\\/2022\\\/05\\\/logo-2.png\",\"contentUrl\":\"https:\\\/\\\/www.lesgrottesdesaintcezaire.fr\\\/blog\\\/wp-content\\\/uploads\\\/2022\\\/05\\\/logo-2.png\",\"width\":150,\"height\":209,\"caption\":\"lesgrottesdesaintcezaire\"},\"image\":{\"@id\":\"https:\\\/\\\/www.lesgrottesdesaintcezaire.fr\\\/blog\\\/#\\\/schema\\\/logo\\\/image\\\/\"}},{\"@type\":\"Person\",\"@id\":\"https:\\\/\\\/www.lesgrottesdesaintcezaire.fr\\\/blog\\\/#\\\/schema\\\/person\\\/23d9a2ac249ecb9460a4ebce885adb9b\",\"name\":\"Fabienne MOUTON\",\"image\":{\"@type\":\"ImageObject\",\"inLanguage\":\"fr-FR\",\"@id\":\"https:\\\/\\\/secure.gravatar.com\\\/avatar\\\/856d7a14385bb0216de9c5cf9fb1160ddbd11c00be5bb16cfe389b9971309649?s=96&d=mm&r=g\",\"url\":\"https:\\\/\\\/secure.gravatar.com\\\/avatar\\\/856d7a14385bb0216de9c5cf9fb1160ddbd11c00be5bb16cfe389b9971309649?s=96&d=mm&r=g\",\"contentUrl\":\"https:\\\/\\\/secure.gravatar.com\\\/avatar\\\/856d7a14385bb0216de9c5cf9fb1160ddbd11c00be5bb16cfe389b9971309649?s=96&d=mm&r=g\",\"caption\":\"Fabienne MOUTON\"},\"url\":\"https:\\\/\\\/www.lesgrottesdesaintcezaire.fr\\\/blog\\\/author\\\/irefabienne\\\/\"}]}<\/script>\n<!-- \/ Yoast SEO plugin. -->","yoast_head_json":{"title":"Pour vous cette page web : Le Mus\u00e9e de la Romanit\u00e9, un mus\u00e9e pour toute la famille ! - LESGROTTESDESAINTCEZAIRE","description":"Pour vous cette page web : Le Mus\u00e9e de la Romanit\u00e9, un mus\u00e9e pour toute la famille ! article de LESGROTTESDESAINTCEZAIRE","robots":{"index":"index","follow":"follow","max-snippet":"max-snippet:-1","max-image-preview":"max-image-preview:large","max-video-preview":"max-video-preview:-1"},"canonical":"https:\/\/www.lesgrottesdesaintcezaire.fr\/blog\/pour-vous-cette-page-web-le-musee-de-la-romanite-un-musee-pour-toute-la-famille\/","og_locale":"fr_FR","og_type":"article","og_title":"Pour vous cette page web : Le Mus\u00e9e de la Romanit\u00e9, un mus\u00e9e pour toute la famille ! - LESGROTTESDESAINTCEZAIRE","og_description":"Pour vous cette page web : Le Mus\u00e9e de la Romanit\u00e9, un mus\u00e9e pour toute la famille ! article de LESGROTTESDESAINTCEZAIRE","og_url":"https:\/\/www.lesgrottesdesaintcezaire.fr\/blog\/pour-vous-cette-page-web-le-musee-de-la-romanite-un-musee-pour-toute-la-famille\/","og_site_name":"LESGROTTESDESAINTCEZAIRE","article_published_time":"2022-07-13T10:06:32+00:00","og_image":[{"width":1707,"height":2560,"url":"https:\/\/www.lesgrottesdesaintcezaire.fr\/blog\/wp-content\/uploads\/2022\/07\/de-la-2-scaled.jpg","type":"image\/jpeg"}],"author":"Fabienne MOUTON","twitter_card":"summary_large_image","twitter_misc":{"\u00c9crit par":"Fabienne MOUTON","Dur\u00e9e de lecture estim\u00e9e":"2 minutes"},"schema":{"@context":"https:\/\/schema.org","@graph":[{"@type":"Article","@id":"https:\/\/www.lesgrottesdesaintcezaire.fr\/blog\/pour-vous-cette-page-web-le-musee-de-la-romanite-un-musee-pour-toute-la-famille\/#article","isPartOf":{"@id":"https:\/\/www.lesgrottesdesaintcezaire.fr\/blog\/pour-vous-cette-page-web-le-musee-de-la-romanite-un-musee-pour-toute-la-famille\/"},"author":{"name":"Fabienne MOUTON","@id":"https:\/\/www.lesgrottesdesaintcezaire.fr\/blog\/#\/schema\/person\/23d9a2ac249ecb9460a4ebce885adb9b"},"headline":"Pour vous cette page web : Le Mus\u00e9e de la Romanit\u00e9, un mus\u00e9e pour toute la famille !","datePublished":"2022-07-13T10:06:32+00:00","mainEntityOfPage":{"@id":"https:\/\/www.lesgrottesdesaintcezaire.fr\/blog\/pour-vous-cette-page-web-le-musee-de-la-romanite-un-musee-pour-toute-la-famille\/"},"wordCount":405,"publisher":{"@id":"https:\/\/www.lesgrottesdesaintcezaire.fr\/blog\/#organization"},"image":{"@id":"https:\/\/www.lesgrottesdesaintcezaire.fr\/blog\/pour-vous-cette-page-web-le-musee-de-la-romanite-un-musee-pour-toute-la-famille\/#primaryimage"},"thumbnailUrl":"https:\/\/www.lesgrottesdesaintcezaire.fr\/blog\/wp-content\/uploads\/2022\/07\/de-la-2-scaled.jpg","articleSection":["Patrimoine:"],"inLanguage":"fr-FR"},{"@type":"WebPage","@id":"https:\/\/www.lesgrottesdesaintcezaire.fr\/blog\/pour-vous-cette-page-web-le-musee-de-la-romanite-un-musee-pour-toute-la-famille\/","url":"https:\/\/www.lesgrottesdesaintcezaire.fr\/blog\/pour-vous-cette-page-web-le-musee-de-la-romanite-un-musee-pour-toute-la-famille\/","name":"Pour vous cette page web : Le Mus\u00e9e de la Romanit\u00e9, un mus\u00e9e pour toute la famille ! - LESGROTTESDESAINTCEZAIRE","isPartOf":{"@id":"https:\/\/www.lesgrottesdesaintcezaire.fr\/blog\/#website"},"primaryImageOfPage":{"@id":"https:\/\/www.lesgrottesdesaintcezaire.fr\/blog\/pour-vous-cette-page-web-le-musee-de-la-romanite-un-musee-pour-toute-la-famille\/#primaryimage"},"image":{"@id":"https:\/\/www.lesgrottesdesaintcezaire.fr\/blog\/pour-vous-cette-page-web-le-musee-de-la-romanite-un-musee-pour-toute-la-famille\/#primaryimage"},"thumbnailUrl":"https:\/\/www.lesgrottesdesaintcezaire.fr\/blog\/wp-content\/uploads\/2022\/07\/de-la-2-scaled.jpg","datePublished":"2022-07-13T10:06:32+00:00","description":"Pour vous cette page web : Le Mus\u00e9e de la Romanit\u00e9, un mus\u00e9e pour toute la famille ! article de LESGROTTESDESAINTCEZAIRE","breadcrumb":{"@id":"https:\/\/www.lesgrottesdesaintcezaire.fr\/blog\/pour-vous-cette-page-web-le-musee-de-la-romanite-un-musee-pour-toute-la-famille\/#breadcrumb"},"inLanguage":"fr-FR","potentialAction":[{"@type":"ReadAction","target":["https:\/\/www.lesgrottesdesaintcezaire.fr\/blog\/pour-vous-cette-page-web-le-musee-de-la-romanite-un-musee-pour-toute-la-famille\/"]}]},{"@type":"ImageObject","inLanguage":"fr-FR","@id":"https:\/\/www.lesgrottesdesaintcezaire.fr\/blog\/pour-vous-cette-page-web-le-musee-de-la-romanite-un-musee-pour-toute-la-famille\/#primaryimage","url":"https:\/\/www.lesgrottesdesaintcezaire.fr\/blog\/wp-content\/uploads\/2022\/07\/de-la-2-scaled.jpg","contentUrl":"https:\/\/www.lesgrottesdesaintcezaire.fr\/blog\/wp-content\/uploads\/2022\/07\/de-la-2-scaled.jpg","width":1707,"height":2560,"caption":"de la 2"},{"@type":"BreadcrumbList","@id":"https:\/\/www.lesgrottesdesaintcezaire.fr\/blog\/pour-vous-cette-page-web-le-musee-de-la-romanite-un-musee-pour-toute-la-famille\/#breadcrumb","itemListElement":[{"@type":"ListItem","position":1,"name":"Accueil","item":"https:\/\/www.lesgrottesdesaintcezaire.fr\/blog\/"},{"@type":"ListItem","position":2,"name":"Pour vous cette page web : Le Mus\u00e9e de la Romanit\u00e9, un mus\u00e9e pour toute la famille !"}]},{"@type":"WebSite","@id":"https:\/\/www.lesgrottesdesaintcezaire.fr\/blog\/#website","url":"https:\/\/www.lesgrottesdesaintcezaire.fr\/blog\/","name":"LESGROTTESDESAINTCEZAIRE","description":"Patrimoine: Le site de r\u00e9f\u00e9rence.","publisher":{"@id":"https:\/\/www.lesgrottesdesaintcezaire.fr\/blog\/#organization"},"potentialAction":[{"@type":"SearchAction","target":{"@type":"EntryPoint","urlTemplate":"https:\/\/www.lesgrottesdesaintcezaire.fr\/blog\/?s={search_term_string}"},"query-input":{"@type":"PropertyValueSpecification","valueRequired":true,"valueName":"search_term_string"}}],"inLanguage":"fr-FR"},{"@type":"Organization","@id":"https:\/\/www.lesgrottesdesaintcezaire.fr\/blog\/#organization","name":"lesgrottesdesaintcezaire","url":"https:\/\/www.lesgrottesdesaintcezaire.fr\/blog\/","logo":{"@type":"ImageObject","inLanguage":"fr-FR","@id":"https:\/\/www.lesgrottesdesaintcezaire.fr\/blog\/#\/schema\/logo\/image\/","url":"https:\/\/www.lesgrottesdesaintcezaire.fr\/blog\/wp-content\/uploads\/2022\/05\/logo-2.png","contentUrl":"https:\/\/www.lesgrottesdesaintcezaire.fr\/blog\/wp-content\/uploads\/2022\/05\/logo-2.png","width":150,"height":209,"caption":"lesgrottesdesaintcezaire"},"image":{"@id":"https:\/\/www.lesgrottesdesaintcezaire.fr\/blog\/#\/schema\/logo\/image\/"}},{"@type":"Person","@id":"https:\/\/www.lesgrottesdesaintcezaire.fr\/blog\/#\/schema\/person\/23d9a2ac249ecb9460a4ebce885adb9b","name":"Fabienne MOUTON","image":{"@type":"ImageObject","inLanguage":"fr-FR","@id":"https:\/\/secure.gravatar.com\/avatar\/856d7a14385bb0216de9c5cf9fb1160ddbd11c00be5bb16cfe389b9971309649?s=96&d=mm&r=g","url":"https:\/\/secure.gravatar.com\/avatar\/856d7a14385bb0216de9c5cf9fb1160ddbd11c00be5bb16cfe389b9971309649?s=96&d=mm&r=g","contentUrl":"https:\/\/secure.gravatar.com\/avatar\/856d7a14385bb0216de9c5cf9fb1160ddbd11c00be5bb16cfe389b9971309649?s=96&d=mm&r=g","caption":"Fabienne MOUTON"},"url":"https:\/\/www.lesgrottesdesaintcezaire.fr\/blog\/author\/irefabienne\/"}]}},"_links":{"self":[{"href":"https:\/\/www.lesgrottesdesaintcezaire.fr\/blog\/wp-json\/wp\/v2\/posts\/203","targetHints":{"allow":["GET"]}}],"collection":[{"href":"https:\/\/www.lesgrottesdesaintcezaire.fr\/blog\/wp-json\/wp\/v2\/posts"}],"about":[{"href":"https:\/\/www.lesgrottesdesaintcezaire.fr\/blog\/wp-json\/wp\/v2\/types\/post"}],"author":[{"embeddable":true,"href":"https:\/\/www.lesgrottesdesaintcezaire.fr\/blog\/wp-json\/wp\/v2\/users\/3"}],"replies":[{"embeddable":true,"href":"https:\/\/www.lesgrottesdesaintcezaire.fr\/blog\/wp-json\/wp\/v2\/comments?post=203"}],"version-history":[{"count":0,"href":"https:\/\/www.lesgrottesdesaintcezaire.fr\/blog\/wp-json\/wp\/v2\/posts\/203\/revisions"}],"wp:featuredmedia":[{"embeddable":true,"href":"https:\/\/www.lesgrottesdesaintcezaire.fr\/blog\/wp-json\/wp\/v2\/media\/204"}],"wp:attachment":[{"href":"https:\/\/www.lesgrottesdesaintcezaire.fr\/blog\/wp-json\/wp\/v2\/media?parent=203"}],"wp:term":[{"taxonomy":"category","embeddable":true,"href":"https:\/\/www.lesgrottesdesaintcezaire.fr\/blog\/wp-json\/wp\/v2\/categories?post=203"},{"taxonomy":"post_tag","embeddable":true,"href":"https:\/\/www.lesgrottesdesaintcezaire.fr\/blog\/wp-json\/wp\/v2\/tags?post=203"}],"curies":[{"name":"wp","href":"https:\/\/api.w.org\/{rel}","templated":true}]}}