{"id":208,"date":"2022-07-17T09:03:09","date_gmt":"2022-07-17T07:03:09","guid":{"rendered":"https:\/\/www.lesgrottesdesaintcezaire.fr\/blog\/on-revient-sur-larticle-de-la-maison-du-peintre-ernest-hebert-au-musee-une-plongee-au-coeur-du-19e-siecle\/"},"modified":"2022-07-17T09:03:09","modified_gmt":"2022-07-17T07:03:09","slug":"on-revient-sur-larticle-de-la-maison-du-peintre-ernest-hebert-au-musee-une-plongee-au-coeur-du-19e-siecle","status":"publish","type":"post","link":"https:\/\/www.lesgrottesdesaintcezaire.fr\/blog\/on-revient-sur-larticle-de-la-maison-du-peintre-ernest-hebert-au-musee-une-plongee-au-coeur-du-19e-siecle\/","title":{"rendered":"On revient sur l\u2019article  : De la maison du peintre Ernest H\u00e9bert au mus\u00e9e : une plong\u00e9e au coeur du 19e si\u00e8cle"},"content":{"rendered":"<div>\n<p>Fid\u00e8le \u00e0 sa vocation, ce site va porter \u00e0 votre connaissance un post qui a \u00e9t\u00e9 intercept\u00e9 sur internet. Le th\u00e8me est \u00abl\u2019arch\u00e9ologie\u00bb.<\/p>\n<p>Son titre suggestif (De la maison du peintre Ernest H\u00e9bert au mus\u00e9e : une plong\u00e9e au coeur du 19e si\u00e8cle) en dit long.<\/p>\n<p>L\u2019\u00e9crivain (pr\u00e9sent\u00e9 sous la signature  nodule) est reconnu comme quelqu\u2019un de s\u00e9rieux pour plusieurs autres textes qu\u2019il a publi\u00e9s sur internet.<\/p>\n<p>Le papier peut par cons\u00e9quent \u00eatre pris au s\u00e9rieux.<\/p>\n<p>Le texte a \u00e9t\u00e9 diffus\u00e9 \u00e0 une date not\u00e9e 2022-07-17 02:00:01.<\/p>\n<div>\n<p>Durant toute sa vie, Ernest H\u00e9bert (1817-1908) conserva un fort attachement pour le domaine de La Tronche o\u00f9 il passa son enfance. Aujourd\u2019hui, la maison restitue gr\u00e2ce \u00e0 son mobilier et aux nombreux souvenirs du peintre, une vision intimiste de l\u2019artiste. Le mus\u00e9e, cr\u00e9\u00e9 \u00e0 l\u2019initiative de son \u00e9pouse, pr\u00e9sente la formation et la carri\u00e8re de ce peintre portraitiste de renom qui a travers\u00e9 le 19e si\u00e8cle.<\/p>\n<h2 class=\"title info-comp\">Informations compl\u00e9mentaires<\/h2>\n<dl>\n<\/dl>\n<\/div>\n<p>Ce th\u00e8me vous a passionn\u00e9 vous aimerez \u00e9galement ces ouvrages:<\/p>\n<p>Recherches arch\u00e9ologiques au coeur de Forum Iulii : Les fouilles dans le groupe \u00e9piscopal de Fr\u00e9jus et ses abords (1979-1989).,<a href=\"https:\/\/booknode.com\/recherches_archeologiques_au_coeur_de_forum_iulii_les_fouilles_dans_le_groupe_episcopal_de_frejus_et_ses_abords_1979_1989_01293133\" target=\"_blank\" rel=\"noopener noreferrer nofollow\">(la couverture) <\/a><span><\/span>. Disponible \u00e0 l\u2019achat sur les plateformes Amazon, Fnac, Cultura \u2026.<\/p>\n<p>National Geographic, Arch\u00e9ologie : P\u00e9tra.,<a href=\"https:\/\/booknode.com\/national_geographic_archeologie_petra_02572193\" target=\"_blank\" rel=\"noopener noreferrer nofollow\">A voir et \u00e0 lire. <\/a><span><\/span>. Disponible sur internet.<\/p>\n<p>Tigres de guerre.,<a href=\"https:\/\/booknode.com\/tigres_de_guerre_068584\" target=\"_blank\" rel=\"noopener noreferrer nofollow\">Le livre <\/a><span><\/span>.<\/p>\n<p>Pierre et Arch\u00e9ologie \u2013 Tautavel, 14-15-16 mai 1998.,<a href=\"https:\/\/booknode.com\/pierre_et_archeologie_tautavel_14_15_16_mai_1998_098002\" target=\"_blank\" rel=\"noopener noreferrer nofollow\">(la couverture) <\/a><span><\/span>.<\/p>\n<\/div>\n","protected":false},"excerpt":{"rendered":"<p>Fid\u00e8le \u00e0 sa vocation, ce site va porter \u00e0 votre connaissance un post qui a \u00e9t\u00e9 intercept\u00e9 sur internet. Le th\u00e8me est \u00abl\u2019arch\u00e9ologie\u00bb. Son titre suggestif (De la maison du peintre Ernest H\u00e9bert au mus\u00e9e : une plong\u00e9e au coeur du 19e si\u00e8cle) en dit long. L\u2019\u00e9crivain (pr\u00e9sent\u00e9 sous la signature nodule) est reconnu comme [&hellip;]<\/p>\n","protected":false},"author":3,"featured_media":209,"comment_status":"closed","ping_status":"closed","sticky":false,"template":"","format":"standard","meta":{"footnotes":""},"categories":[2],"tags":[],"class_list":["post-208","post","type-post","status-publish","format-standard","has-post-thumbnail","hentry","category-patrimoine","entry","has-media"],"yoast_head":"<!-- This site is optimized with the Yoast SEO plugin v27.5 - https:\/\/yoast.com\/product\/yoast-seo-wordpress\/ -->\n<title>On revient sur l\u2019article : De la maison du peintre Ernest H\u00e9bert au mus\u00e9e : une plong\u00e9e au coeur du 19e si\u00e8cle - LESGROTTESDESAINTCEZAIRE<\/title>\n<meta name=\"description\" content=\"On revient sur l\u2019article : De la maison du peintre Ernest H\u00e9bert au mus\u00e9e : une plong\u00e9e au coeur du 19e si\u00e8cle article de LESGROTTESDESAINTCEZAIRE\" \/>\n<meta name=\"robots\" content=\"index, follow, max-snippet:-1, max-image-preview:large, max-video-preview:-1\" \/>\n<link rel=\"canonical\" href=\"https:\/\/www.lesgrottesdesaintcezaire.fr\/blog\/on-revient-sur-larticle-de-la-maison-du-peintre-ernest-hebert-au-musee-une-plongee-au-coeur-du-19e-siecle\/\" \/>\n<meta property=\"og:locale\" content=\"fr_FR\" \/>\n<meta property=\"og:type\" content=\"article\" \/>\n<meta property=\"og:title\" content=\"On revient sur l\u2019article : De la maison du peintre Ernest H\u00e9bert au mus\u00e9e : une plong\u00e9e au coeur du 19e si\u00e8cle - LESGROTTESDESAINTCEZAIRE\" \/>\n<meta property=\"og:description\" content=\"On revient sur l\u2019article : De la maison du peintre Ernest H\u00e9bert au mus\u00e9e : une plong\u00e9e au coeur du 19e si\u00e8cle article de LESGROTTESDESAINTCEZAIRE\" \/>\n<meta property=\"og:url\" content=\"https:\/\/www.lesgrottesdesaintcezaire.fr\/blog\/on-revient-sur-larticle-de-la-maison-du-peintre-ernest-hebert-au-musee-une-plongee-au-coeur-du-19e-siecle\/\" \/>\n<meta property=\"og:site_name\" content=\"LESGROTTESDESAINTCEZAIRE\" \/>\n<meta property=\"article:published_time\" content=\"2022-07-17T07:03:09+00:00\" \/>\n<meta property=\"og:image\" content=\"https:\/\/www.lesgrottesdesaintcezaire.fr\/blog\/wp-content\/uploads\/2022\/07\/arch-ologie-3.jpg\" \/>\n\t<meta property=\"og:image:width\" content=\"640\" \/>\n\t<meta property=\"og:image:height\" content=\"640\" \/>\n\t<meta property=\"og:image:type\" content=\"image\/jpeg\" \/>\n<meta name=\"author\" content=\"Fabienne MOUTON\" \/>\n<meta name=\"twitter:card\" content=\"summary_large_image\" \/>\n<meta name=\"twitter:label1\" content=\"\u00c9crit par\" \/>\n\t<meta name=\"twitter:data1\" content=\"Fabienne MOUTON\" \/>\n\t<meta name=\"twitter:label2\" content=\"Dur\u00e9e de lecture estim\u00e9e\" \/>\n\t<meta name=\"twitter:data2\" content=\"1 minute\" \/>\n<script type=\"application\/ld+json\" class=\"yoast-schema-graph\">{\"@context\":\"https:\\\/\\\/schema.org\",\"@graph\":[{\"@type\":\"Article\",\"@id\":\"https:\\\/\\\/www.lesgrottesdesaintcezaire.fr\\\/blog\\\/on-revient-sur-larticle-de-la-maison-du-peintre-ernest-hebert-au-musee-une-plongee-au-coeur-du-19e-siecle\\\/#article\",\"isPartOf\":{\"@id\":\"https:\\\/\\\/www.lesgrottesdesaintcezaire.fr\\\/blog\\\/on-revient-sur-larticle-de-la-maison-du-peintre-ernest-hebert-au-musee-une-plongee-au-coeur-du-19e-siecle\\\/\"},\"author\":{\"name\":\"Fabienne MOUTON\",\"@id\":\"https:\\\/\\\/www.lesgrottesdesaintcezaire.fr\\\/blog\\\/#\\\/schema\\\/person\\\/23d9a2ac249ecb9460a4ebce885adb9b\"},\"headline\":\"On revient sur l\u2019article : De la maison du peintre Ernest H\u00e9bert au mus\u00e9e : une plong\u00e9e au coeur du 19e si\u00e8cle\",\"datePublished\":\"2022-07-17T07:03:09+00:00\",\"mainEntityOfPage\":{\"@id\":\"https:\\\/\\\/www.lesgrottesdesaintcezaire.fr\\\/blog\\\/on-revient-sur-larticle-de-la-maison-du-peintre-ernest-hebert-au-musee-une-plongee-au-coeur-du-19e-siecle\\\/\"},\"wordCount\":273,\"publisher\":{\"@id\":\"https:\\\/\\\/www.lesgrottesdesaintcezaire.fr\\\/blog\\\/#organization\"},\"image\":{\"@id\":\"https:\\\/\\\/www.lesgrottesdesaintcezaire.fr\\\/blog\\\/on-revient-sur-larticle-de-la-maison-du-peintre-ernest-hebert-au-musee-une-plongee-au-coeur-du-19e-siecle\\\/#primaryimage\"},\"thumbnailUrl\":\"https:\\\/\\\/www.lesgrottesdesaintcezaire.fr\\\/blog\\\/wp-content\\\/uploads\\\/2022\\\/07\\\/arch-ologie-3.jpg\",\"articleSection\":[\"Patrimoine:\"],\"inLanguage\":\"fr-FR\"},{\"@type\":\"WebPage\",\"@id\":\"https:\\\/\\\/www.lesgrottesdesaintcezaire.fr\\\/blog\\\/on-revient-sur-larticle-de-la-maison-du-peintre-ernest-hebert-au-musee-une-plongee-au-coeur-du-19e-siecle\\\/\",\"url\":\"https:\\\/\\\/www.lesgrottesdesaintcezaire.fr\\\/blog\\\/on-revient-sur-larticle-de-la-maison-du-peintre-ernest-hebert-au-musee-une-plongee-au-coeur-du-19e-siecle\\\/\",\"name\":\"On revient sur l\u2019article : De la maison du peintre Ernest H\u00e9bert au mus\u00e9e : une plong\u00e9e au coeur du 19e si\u00e8cle - LESGROTTESDESAINTCEZAIRE\",\"isPartOf\":{\"@id\":\"https:\\\/\\\/www.lesgrottesdesaintcezaire.fr\\\/blog\\\/#website\"},\"primaryImageOfPage\":{\"@id\":\"https:\\\/\\\/www.lesgrottesdesaintcezaire.fr\\\/blog\\\/on-revient-sur-larticle-de-la-maison-du-peintre-ernest-hebert-au-musee-une-plongee-au-coeur-du-19e-siecle\\\/#primaryimage\"},\"image\":{\"@id\":\"https:\\\/\\\/www.lesgrottesdesaintcezaire.fr\\\/blog\\\/on-revient-sur-larticle-de-la-maison-du-peintre-ernest-hebert-au-musee-une-plongee-au-coeur-du-19e-siecle\\\/#primaryimage\"},\"thumbnailUrl\":\"https:\\\/\\\/www.lesgrottesdesaintcezaire.fr\\\/blog\\\/wp-content\\\/uploads\\\/2022\\\/07\\\/arch-ologie-3.jpg\",\"datePublished\":\"2022-07-17T07:03:09+00:00\",\"description\":\"On revient sur l\u2019article : De la maison du peintre Ernest H\u00e9bert au mus\u00e9e : une plong\u00e9e au coeur du 19e si\u00e8cle article de LESGROTTESDESAINTCEZAIRE\",\"breadcrumb\":{\"@id\":\"https:\\\/\\\/www.lesgrottesdesaintcezaire.fr\\\/blog\\\/on-revient-sur-larticle-de-la-maison-du-peintre-ernest-hebert-au-musee-une-plongee-au-coeur-du-19e-siecle\\\/#breadcrumb\"},\"inLanguage\":\"fr-FR\",\"potentialAction\":[{\"@type\":\"ReadAction\",\"target\":[\"https:\\\/\\\/www.lesgrottesdesaintcezaire.fr\\\/blog\\\/on-revient-sur-larticle-de-la-maison-du-peintre-ernest-hebert-au-musee-une-plongee-au-coeur-du-19e-siecle\\\/\"]}]},{\"@type\":\"ImageObject\",\"inLanguage\":\"fr-FR\",\"@id\":\"https:\\\/\\\/www.lesgrottesdesaintcezaire.fr\\\/blog\\\/on-revient-sur-larticle-de-la-maison-du-peintre-ernest-hebert-au-musee-une-plongee-au-coeur-du-19e-siecle\\\/#primaryimage\",\"url\":\"https:\\\/\\\/www.lesgrottesdesaintcezaire.fr\\\/blog\\\/wp-content\\\/uploads\\\/2022\\\/07\\\/arch-ologie-3.jpg\",\"contentUrl\":\"https:\\\/\\\/www.lesgrottesdesaintcezaire.fr\\\/blog\\\/wp-content\\\/uploads\\\/2022\\\/07\\\/arch-ologie-3.jpg\",\"width\":640,\"height\":640,\"caption\":\"arch ologie 3\"},{\"@type\":\"BreadcrumbList\",\"@id\":\"https:\\\/\\\/www.lesgrottesdesaintcezaire.fr\\\/blog\\\/on-revient-sur-larticle-de-la-maison-du-peintre-ernest-hebert-au-musee-une-plongee-au-coeur-du-19e-siecle\\\/#breadcrumb\",\"itemListElement\":[{\"@type\":\"ListItem\",\"position\":1,\"name\":\"Accueil\",\"item\":\"https:\\\/\\\/www.lesgrottesdesaintcezaire.fr\\\/blog\\\/\"},{\"@type\":\"ListItem\",\"position\":2,\"name\":\"On revient sur l\u2019article : De la maison du peintre Ernest H\u00e9bert au mus\u00e9e : une plong\u00e9e au coeur du 19e si\u00e8cle\"}]},{\"@type\":\"WebSite\",\"@id\":\"https:\\\/\\\/www.lesgrottesdesaintcezaire.fr\\\/blog\\\/#website\",\"url\":\"https:\\\/\\\/www.lesgrottesdesaintcezaire.fr\\\/blog\\\/\",\"name\":\"LESGROTTESDESAINTCEZAIRE\",\"description\":\"Patrimoine: Le site de r\u00e9f\u00e9rence.\",\"publisher\":{\"@id\":\"https:\\\/\\\/www.lesgrottesdesaintcezaire.fr\\\/blog\\\/#organization\"},\"potentialAction\":[{\"@type\":\"SearchAction\",\"target\":{\"@type\":\"EntryPoint\",\"urlTemplate\":\"https:\\\/\\\/www.lesgrottesdesaintcezaire.fr\\\/blog\\\/?s={search_term_string}\"},\"query-input\":{\"@type\":\"PropertyValueSpecification\",\"valueRequired\":true,\"valueName\":\"search_term_string\"}}],\"inLanguage\":\"fr-FR\"},{\"@type\":\"Organization\",\"@id\":\"https:\\\/\\\/www.lesgrottesdesaintcezaire.fr\\\/blog\\\/#organization\",\"name\":\"lesgrottesdesaintcezaire\",\"url\":\"https:\\\/\\\/www.lesgrottesdesaintcezaire.fr\\\/blog\\\/\",\"logo\":{\"@type\":\"ImageObject\",\"inLanguage\":\"fr-FR\",\"@id\":\"https:\\\/\\\/www.lesgrottesdesaintcezaire.fr\\\/blog\\\/#\\\/schema\\\/logo\\\/image\\\/\",\"url\":\"https:\\\/\\\/www.lesgrottesdesaintcezaire.fr\\\/blog\\\/wp-content\\\/uploads\\\/2022\\\/05\\\/logo-2.png\",\"contentUrl\":\"https:\\\/\\\/www.lesgrottesdesaintcezaire.fr\\\/blog\\\/wp-content\\\/uploads\\\/2022\\\/05\\\/logo-2.png\",\"width\":150,\"height\":209,\"caption\":\"lesgrottesdesaintcezaire\"},\"image\":{\"@id\":\"https:\\\/\\\/www.lesgrottesdesaintcezaire.fr\\\/blog\\\/#\\\/schema\\\/logo\\\/image\\\/\"}},{\"@type\":\"Person\",\"@id\":\"https:\\\/\\\/www.lesgrottesdesaintcezaire.fr\\\/blog\\\/#\\\/schema\\\/person\\\/23d9a2ac249ecb9460a4ebce885adb9b\",\"name\":\"Fabienne MOUTON\",\"image\":{\"@type\":\"ImageObject\",\"inLanguage\":\"fr-FR\",\"@id\":\"https:\\\/\\\/secure.gravatar.com\\\/avatar\\\/856d7a14385bb0216de9c5cf9fb1160ddbd11c00be5bb16cfe389b9971309649?s=96&d=mm&r=g\",\"url\":\"https:\\\/\\\/secure.gravatar.com\\\/avatar\\\/856d7a14385bb0216de9c5cf9fb1160ddbd11c00be5bb16cfe389b9971309649?s=96&d=mm&r=g\",\"contentUrl\":\"https:\\\/\\\/secure.gravatar.com\\\/avatar\\\/856d7a14385bb0216de9c5cf9fb1160ddbd11c00be5bb16cfe389b9971309649?s=96&d=mm&r=g\",\"caption\":\"Fabienne MOUTON\"},\"url\":\"https:\\\/\\\/www.lesgrottesdesaintcezaire.fr\\\/blog\\\/author\\\/irefabienne\\\/\"}]}<\/script>\n<!-- \/ Yoast SEO plugin. -->","yoast_head_json":{"title":"On revient sur l\u2019article : De la maison du peintre Ernest H\u00e9bert au mus\u00e9e : une plong\u00e9e au coeur du 19e si\u00e8cle - LESGROTTESDESAINTCEZAIRE","description":"On revient sur l\u2019article : De la maison du peintre Ernest H\u00e9bert au mus\u00e9e : une plong\u00e9e au coeur du 19e si\u00e8cle article de LESGROTTESDESAINTCEZAIRE","robots":{"index":"index","follow":"follow","max-snippet":"max-snippet:-1","max-image-preview":"max-image-preview:large","max-video-preview":"max-video-preview:-1"},"canonical":"https:\/\/www.lesgrottesdesaintcezaire.fr\/blog\/on-revient-sur-larticle-de-la-maison-du-peintre-ernest-hebert-au-musee-une-plongee-au-coeur-du-19e-siecle\/","og_locale":"fr_FR","og_type":"article","og_title":"On revient sur l\u2019article : De la maison du peintre Ernest H\u00e9bert au mus\u00e9e : une plong\u00e9e au coeur du 19e si\u00e8cle - LESGROTTESDESAINTCEZAIRE","og_description":"On revient sur l\u2019article : De la maison du peintre Ernest H\u00e9bert au mus\u00e9e : une plong\u00e9e au coeur du 19e si\u00e8cle article de LESGROTTESDESAINTCEZAIRE","og_url":"https:\/\/www.lesgrottesdesaintcezaire.fr\/blog\/on-revient-sur-larticle-de-la-maison-du-peintre-ernest-hebert-au-musee-une-plongee-au-coeur-du-19e-siecle\/","og_site_name":"LESGROTTESDESAINTCEZAIRE","article_published_time":"2022-07-17T07:03:09+00:00","og_image":[{"width":640,"height":640,"url":"https:\/\/www.lesgrottesdesaintcezaire.fr\/blog\/wp-content\/uploads\/2022\/07\/arch-ologie-3.jpg","type":"image\/jpeg"}],"author":"Fabienne MOUTON","twitter_card":"summary_large_image","twitter_misc":{"\u00c9crit par":"Fabienne MOUTON","Dur\u00e9e de lecture estim\u00e9e":"1 minute"},"schema":{"@context":"https:\/\/schema.org","@graph":[{"@type":"Article","@id":"https:\/\/www.lesgrottesdesaintcezaire.fr\/blog\/on-revient-sur-larticle-de-la-maison-du-peintre-ernest-hebert-au-musee-une-plongee-au-coeur-du-19e-siecle\/#article","isPartOf":{"@id":"https:\/\/www.lesgrottesdesaintcezaire.fr\/blog\/on-revient-sur-larticle-de-la-maison-du-peintre-ernest-hebert-au-musee-une-plongee-au-coeur-du-19e-siecle\/"},"author":{"name":"Fabienne MOUTON","@id":"https:\/\/www.lesgrottesdesaintcezaire.fr\/blog\/#\/schema\/person\/23d9a2ac249ecb9460a4ebce885adb9b"},"headline":"On revient sur l\u2019article : De la maison du peintre Ernest H\u00e9bert au mus\u00e9e : une plong\u00e9e au coeur du 19e si\u00e8cle","datePublished":"2022-07-17T07:03:09+00:00","mainEntityOfPage":{"@id":"https:\/\/www.lesgrottesdesaintcezaire.fr\/blog\/on-revient-sur-larticle-de-la-maison-du-peintre-ernest-hebert-au-musee-une-plongee-au-coeur-du-19e-siecle\/"},"wordCount":273,"publisher":{"@id":"https:\/\/www.lesgrottesdesaintcezaire.fr\/blog\/#organization"},"image":{"@id":"https:\/\/www.lesgrottesdesaintcezaire.fr\/blog\/on-revient-sur-larticle-de-la-maison-du-peintre-ernest-hebert-au-musee-une-plongee-au-coeur-du-19e-siecle\/#primaryimage"},"thumbnailUrl":"https:\/\/www.lesgrottesdesaintcezaire.fr\/blog\/wp-content\/uploads\/2022\/07\/arch-ologie-3.jpg","articleSection":["Patrimoine:"],"inLanguage":"fr-FR"},{"@type":"WebPage","@id":"https:\/\/www.lesgrottesdesaintcezaire.fr\/blog\/on-revient-sur-larticle-de-la-maison-du-peintre-ernest-hebert-au-musee-une-plongee-au-coeur-du-19e-siecle\/","url":"https:\/\/www.lesgrottesdesaintcezaire.fr\/blog\/on-revient-sur-larticle-de-la-maison-du-peintre-ernest-hebert-au-musee-une-plongee-au-coeur-du-19e-siecle\/","name":"On revient sur l\u2019article : De la maison du peintre Ernest H\u00e9bert au mus\u00e9e : une plong\u00e9e au coeur du 19e si\u00e8cle - LESGROTTESDESAINTCEZAIRE","isPartOf":{"@id":"https:\/\/www.lesgrottesdesaintcezaire.fr\/blog\/#website"},"primaryImageOfPage":{"@id":"https:\/\/www.lesgrottesdesaintcezaire.fr\/blog\/on-revient-sur-larticle-de-la-maison-du-peintre-ernest-hebert-au-musee-une-plongee-au-coeur-du-19e-siecle\/#primaryimage"},"image":{"@id":"https:\/\/www.lesgrottesdesaintcezaire.fr\/blog\/on-revient-sur-larticle-de-la-maison-du-peintre-ernest-hebert-au-musee-une-plongee-au-coeur-du-19e-siecle\/#primaryimage"},"thumbnailUrl":"https:\/\/www.lesgrottesdesaintcezaire.fr\/blog\/wp-content\/uploads\/2022\/07\/arch-ologie-3.jpg","datePublished":"2022-07-17T07:03:09+00:00","description":"On revient sur l\u2019article : De la maison du peintre Ernest H\u00e9bert au mus\u00e9e : une plong\u00e9e au coeur du 19e si\u00e8cle article de LESGROTTESDESAINTCEZAIRE","breadcrumb":{"@id":"https:\/\/www.lesgrottesdesaintcezaire.fr\/blog\/on-revient-sur-larticle-de-la-maison-du-peintre-ernest-hebert-au-musee-une-plongee-au-coeur-du-19e-siecle\/#breadcrumb"},"inLanguage":"fr-FR","potentialAction":[{"@type":"ReadAction","target":["https:\/\/www.lesgrottesdesaintcezaire.fr\/blog\/on-revient-sur-larticle-de-la-maison-du-peintre-ernest-hebert-au-musee-une-plongee-au-coeur-du-19e-siecle\/"]}]},{"@type":"ImageObject","inLanguage":"fr-FR","@id":"https:\/\/www.lesgrottesdesaintcezaire.fr\/blog\/on-revient-sur-larticle-de-la-maison-du-peintre-ernest-hebert-au-musee-une-plongee-au-coeur-du-19e-siecle\/#primaryimage","url":"https:\/\/www.lesgrottesdesaintcezaire.fr\/blog\/wp-content\/uploads\/2022\/07\/arch-ologie-3.jpg","contentUrl":"https:\/\/www.lesgrottesdesaintcezaire.fr\/blog\/wp-content\/uploads\/2022\/07\/arch-ologie-3.jpg","width":640,"height":640,"caption":"arch ologie 3"},{"@type":"BreadcrumbList","@id":"https:\/\/www.lesgrottesdesaintcezaire.fr\/blog\/on-revient-sur-larticle-de-la-maison-du-peintre-ernest-hebert-au-musee-une-plongee-au-coeur-du-19e-siecle\/#breadcrumb","itemListElement":[{"@type":"ListItem","position":1,"name":"Accueil","item":"https:\/\/www.lesgrottesdesaintcezaire.fr\/blog\/"},{"@type":"ListItem","position":2,"name":"On revient sur l\u2019article : De la maison du peintre Ernest H\u00e9bert au mus\u00e9e : une plong\u00e9e au coeur du 19e si\u00e8cle"}]},{"@type":"WebSite","@id":"https:\/\/www.lesgrottesdesaintcezaire.fr\/blog\/#website","url":"https:\/\/www.lesgrottesdesaintcezaire.fr\/blog\/","name":"LESGROTTESDESAINTCEZAIRE","description":"Patrimoine: Le site de r\u00e9f\u00e9rence.","publisher":{"@id":"https:\/\/www.lesgrottesdesaintcezaire.fr\/blog\/#organization"},"potentialAction":[{"@type":"SearchAction","target":{"@type":"EntryPoint","urlTemplate":"https:\/\/www.lesgrottesdesaintcezaire.fr\/blog\/?s={search_term_string}"},"query-input":{"@type":"PropertyValueSpecification","valueRequired":true,"valueName":"search_term_string"}}],"inLanguage":"fr-FR"},{"@type":"Organization","@id":"https:\/\/www.lesgrottesdesaintcezaire.fr\/blog\/#organization","name":"lesgrottesdesaintcezaire","url":"https:\/\/www.lesgrottesdesaintcezaire.fr\/blog\/","logo":{"@type":"ImageObject","inLanguage":"fr-FR","@id":"https:\/\/www.lesgrottesdesaintcezaire.fr\/blog\/#\/schema\/logo\/image\/","url":"https:\/\/www.lesgrottesdesaintcezaire.fr\/blog\/wp-content\/uploads\/2022\/05\/logo-2.png","contentUrl":"https:\/\/www.lesgrottesdesaintcezaire.fr\/blog\/wp-content\/uploads\/2022\/05\/logo-2.png","width":150,"height":209,"caption":"lesgrottesdesaintcezaire"},"image":{"@id":"https:\/\/www.lesgrottesdesaintcezaire.fr\/blog\/#\/schema\/logo\/image\/"}},{"@type":"Person","@id":"https:\/\/www.lesgrottesdesaintcezaire.fr\/blog\/#\/schema\/person\/23d9a2ac249ecb9460a4ebce885adb9b","name":"Fabienne MOUTON","image":{"@type":"ImageObject","inLanguage":"fr-FR","@id":"https:\/\/secure.gravatar.com\/avatar\/856d7a14385bb0216de9c5cf9fb1160ddbd11c00be5bb16cfe389b9971309649?s=96&d=mm&r=g","url":"https:\/\/secure.gravatar.com\/avatar\/856d7a14385bb0216de9c5cf9fb1160ddbd11c00be5bb16cfe389b9971309649?s=96&d=mm&r=g","contentUrl":"https:\/\/secure.gravatar.com\/avatar\/856d7a14385bb0216de9c5cf9fb1160ddbd11c00be5bb16cfe389b9971309649?s=96&d=mm&r=g","caption":"Fabienne MOUTON"},"url":"https:\/\/www.lesgrottesdesaintcezaire.fr\/blog\/author\/irefabienne\/"}]}},"_links":{"self":[{"href":"https:\/\/www.lesgrottesdesaintcezaire.fr\/blog\/wp-json\/wp\/v2\/posts\/208","targetHints":{"allow":["GET"]}}],"collection":[{"href":"https:\/\/www.lesgrottesdesaintcezaire.fr\/blog\/wp-json\/wp\/v2\/posts"}],"about":[{"href":"https:\/\/www.lesgrottesdesaintcezaire.fr\/blog\/wp-json\/wp\/v2\/types\/post"}],"author":[{"embeddable":true,"href":"https:\/\/www.lesgrottesdesaintcezaire.fr\/blog\/wp-json\/wp\/v2\/users\/3"}],"replies":[{"embeddable":true,"href":"https:\/\/www.lesgrottesdesaintcezaire.fr\/blog\/wp-json\/wp\/v2\/comments?post=208"}],"version-history":[{"count":0,"href":"https:\/\/www.lesgrottesdesaintcezaire.fr\/blog\/wp-json\/wp\/v2\/posts\/208\/revisions"}],"wp:featuredmedia":[{"embeddable":true,"href":"https:\/\/www.lesgrottesdesaintcezaire.fr\/blog\/wp-json\/wp\/v2\/media\/209"}],"wp:attachment":[{"href":"https:\/\/www.lesgrottesdesaintcezaire.fr\/blog\/wp-json\/wp\/v2\/media?parent=208"}],"wp:term":[{"taxonomy":"category","embeddable":true,"href":"https:\/\/www.lesgrottesdesaintcezaire.fr\/blog\/wp-json\/wp\/v2\/categories?post=208"},{"taxonomy":"post_tag","embeddable":true,"href":"https:\/\/www.lesgrottesdesaintcezaire.fr\/blog\/wp-json\/wp\/v2\/tags?post=208"}],"curies":[{"name":"wp","href":"https:\/\/api.w.org\/{rel}","templated":true}]}}