{"id":212,"date":"2022-07-21T12:12:02","date_gmt":"2022-07-21T10:12:02","guid":{"rendered":"https:\/\/www.lesgrottesdesaintcezaire.fr\/blog\/information-toute-fraiche-policier-municipal-f-h-ville-de-vannes\/"},"modified":"2022-07-21T12:12:02","modified_gmt":"2022-07-21T10:12:02","slug":"information-toute-fraiche-policier-municipal-f-h-ville-de-vannes","status":"publish","type":"post","link":"https:\/\/www.lesgrottesdesaintcezaire.fr\/blog\/information-toute-fraiche-policier-municipal-f-h-ville-de-vannes\/","title":{"rendered":"Information toute fraiche : Policier municipal (F\/H) | Ville de Vannes"},"content":{"rendered":"<div>\n<p>Voil\u00e0 qui va vous r\u00e9jouir : Un  nouvel article que nous venons de identifier sur le web et que nous vous proposons ci-dessous. La th\u00e9matique est \u00ab\u00a0l\u2019arch\u00e9ologie\u00a0\u00bb.<\/p>\n<p>Le titre saisissant (Policier municipal (F\/H) | Ville de Vannes) condense tout le papier.<\/p>\n<p> Identifi\u00e9 sous la signature \u00abadmin_vannes\u00bb, l\u2019\u00e9crivain est positivement connu pour plusieurs autres encarts qu\u2019il a publi\u00e9s sur le web.<\/p>\n<p>Vous pouvez prendre connaissance de ces informations en toute confiance.<\/p>\n<p>L\u2019\u00e9ditorial a \u00e9t\u00e9 divulgu\u00e9 \u00e0 une date mentionn\u00e9e 2022-07-21 09:53:52.<\/p>\n<div>\n<div>\n<p><strong>Les citoyens, usagers des services publics, attendent des fonctionnaires un accueil et une prestation de qualit\u00e9. <\/strong><\/p>\n<\/div>\n<\/div>\n<div>\n<div>\n<p><strong>Les missions de police administrative :<\/strong><\/p>\n<p>Les agents de police municipale ex\u00e9cutent, dans la limite de leurs attributions et sous l\u2019autorit\u00e9 du Maire, les t\u00e2ches que ce dernier leur confie en mati\u00e8re de pr\u00e9vention et de surveillance du bon ordre, de la tranquillit\u00e9, de la s\u00e9curit\u00e9 et de la salubrit\u00e9 publics (ex\u00e9cution des arr\u00eat\u00e9s de police du maire, constatation par proc\u00e8s-verbaux des infractions \u00e0 ces arr\u00eat\u00e9s).<\/p>\n<p>La surveillance de la voie et des lieux publics pour le bon ordre et la s\u00e9curit\u00e9 des biens et des personnes :<\/p>\n<ul>\n<li>surveillance des march\u00e9s<\/li>\n<li>s\u00e9curit\u00e9 des employ\u00e9s communaux dans l\u2019exercice de leurs missions et celle des riverains (ex : \u00e9lagage des arbres, travaux urgents n\u00e9cessitant une protection\u2026)<\/li>\n<li>s\u00e9curisation des manifestations publiques<\/li>\n<li>surveillance de la pr\u00e9sence des gens du voyage et des squats<\/li>\n<li>protection des b\u00e2timents communaux<\/li>\n<li>assistance sur la voie publique<\/li>\n<li>r\u00e9gulation de la circulation routi\u00e8re<\/li>\n<\/ul>\n<p><strong>Les missions de police judiciaire : <\/strong><\/p>\n<p>Aux termes de l\u2019article 21 du code de proc\u00e9dure p\u00e9nale, les policiers municipaux ont des attributions de police judiciaire sur le territoire de la commune.<\/p>\n<p><strong>Les agents de la police municipale ont notamment pour mission : <\/strong><\/p>\n<ul>\n<li>De seconder, dans leurs fonctions, les officiers de police judiciaire<\/li>\n<li>De rendre compte \u00e0 leurs chefs hi\u00e9rarchiques de tous crimes, d\u00e9lits ou contraventions dont ils ont connaissance<\/li>\n<li>De constater, en se conformant aux ordres desdits chefs, les infractions \u00e0 la loi p\u00e9nale et de recueillir tous renseignements en vue de d\u00e9couvrir les auteurs de ces infractions<\/li>\n<li>De constater, par proc\u00e8s-verbal, les contraventions au code de la route dont la liste est fix\u00e9e par le d\u00e9cret no 2000-277 du 24 mars 2000<\/li>\n<li>De constater, par rapport, les d\u00e9lits pr\u00e9vus par l\u2019article L. 126-3 du code de la construction et de l\u2019habitation (voies de fait et menaces de commettre des violences dans l\u2019entr\u00e9e, la cage de l\u2019escalier ou les parties communes d\u2019un immeuble collectif\u2026).<\/li>\n<\/ul>\n<p><strong>Les policiers municipaux sont charg\u00e9s de verbaliser plusieurs cat\u00e9gories d\u2019infractions, notamment celles relatives : <\/strong><\/p>\n<ul>\n<li>Aux arr\u00eat\u00e9s de police du maire ;<\/li>\n<li>A la police de l\u2019environnement en ce qui concerne le cadre de vie, la pr\u00e9servation des ressources et la protection environnementale ainsi que les missions qui y sont li\u00e9e.<\/li>\n<li>\u00c0 la police de conservation du domaine routier (dommages caus\u00e9s \u00e0 un panneau directionnel, \u00e0 un terre-plein etc.,\u00a0<\/li>\n<li>\u00c0 la lutte contre les nuisances sonores (celles engendr\u00e9es par les v\u00e9hicules \u00e0 moteur, les postes radio, les bruits de voisinage etc., \u00b7 \u00c0 la police des gares (circulation ou stationnement dans la cour d\u2019une gare etc.,<\/li>\n<li>\u00c0 la l\u00e9gislation sur les chiens dangereux (non d\u00e9claration de l\u2019animal en mairie, non-respect des obligations fix\u00e9es par le code rural etc.,<\/li>\n<li>Aux infractions relatives \u00e0 l\u2019occupation ill\u00e9gale de l\u2019espace public (travaux r\u00e9glement\u00e9s par arr\u00eat\u00e9s, terrasses des d\u00e9bits de boissons)<\/li>\n<\/ul>\n<p><strong>Assurer les t\u00e2ches administratives : <\/strong><\/p>\n<ul>\n<li>r\u00e9diger des notes et des rapports<\/li>\n<li>consigner les interventions dans la main-courante<\/li>\n<\/ul>\n<\/div>\n<\/div>\n<div>\n<div>\n<p><strong>Temps de travail du poste :<\/strong> 100% \u2013 1 607h<\/p>\n<p><strong>Organisation du temps de travail :<\/strong> du lundi \u2013 vendredi \u2013 38h45 \/ semaine<\/p>\n<\/div>\n<\/div>\n<div>\n<div>\n<p><strong>Savoir et connaissance \/ qualifications\u00a0<\/strong><\/p>\n<ul>\n<li>Droit : \u2013 civil, \u2013 p\u00e9nal, proc\u00e9dure p\u00e9nale \u2013<\/li>\n<li>les arr\u00eat\u00e9s municipaux,\u00a0<\/li>\n<li>les arr\u00eat\u00e9s pr\u00e9fectoraux<\/li>\n<li>code de la route<\/li>\n<li>Normes d\u2019hygi\u00e8ne et de s\u00e9curit\u00e9<\/li>\n<li>G\u00e9ographie de la ville<\/li>\n<\/ul>\n<p><strong>Savoir faire <\/strong><\/p>\n<ul>\n<li>informer et orienter le public<\/li>\n<li>veiller au respect des arr\u00eat\u00e9s avec discernement<\/li>\n<li>contr\u00f4ler et surveiller<\/li>\n<li>relever les infractions et les qualifier<\/li>\n<li>rendre-compte<\/li>\n<li>r\u00e9diger des proc\u00e8s-verbaux, des notes, des rapports et des documents administratifs<\/li>\n<li>utiliser une radio et suivre les proc\u00e9dures radio<\/li>\n<li>pratiquer et ma\u00eetriser le traitement de texte<\/li>\n<li>ma\u00eetriser les gestes de premiers secours<\/li>\n<li>ma\u00eetriser les gestes techniques et professionnels d\u2019intervention<\/li>\n<\/ul>\n<p><strong>Savoir \u00eatre <\/strong><\/p>\n<ul>\n<li>travailler en \u00e9quipe<\/li>\n<li>avoir le sens des relations humaines et du contact avec le public<\/li>\n<li>\u00eatre polyvalent<\/li>\n<li>faire preuve de discernement<\/li>\n<\/ul>\n<p><strong>Moyens <\/strong><\/p>\n<ul>\n<li>Le relev\u00e9 d\u2019identit\u00e9 (article 78-6 du code de proc\u00e9dure p\u00e9nale) ;<\/li>\n<li>Le d\u00e9pistage d\u2019alcool\u00e9mie, la r\u00e9tention du permis de conduire,<\/li>\n<li>L\u2019immobilisation et la mise en fourri\u00e8re de v\u00e9hicules,<\/li>\n<li>Les palpations de s\u00e9curit\u00e9 ;<\/li>\n<li>La consultation des fichiers des immatriculations et des permis de conduire (articles L. 234-3 et L. 234-4 ; L. 224-1 ; articles R. 325-3, L. 325-1 et L. 325-12 ; L. 330-2 et R. 330-3 du code de la route) ;<\/li>\n<li>L\u2019acc\u00e8s aux parties communes des immeubles \u00e0 usage d\u2019habitation (article L. 126-1 du code de la construction et de l\u2019habitation) ;<\/li>\n<li>L\u2019inspection visuelle ou la fouille des sacs et bagages dans les cas pr\u00e9vus par l\u2019article 96 de la loi du 18 mars 2003 pr\u00e9cit\u00e9e (\u00e0 l\u2019occasion de l\u2019acc\u00e8s \u00e0 une manifestation sportive, r\u00e9cr\u00e9ative ou culturelle rassemblant plus de 1 500 personnes, Vigipirate\u2026) ;<\/li>\n<li>Le carnet de d\u00e9clarations destin\u00e9 \u00e0 recueillir les observations \u00e9ventuelles des contrevenants verbalis\u00e9s.<\/li>\n<\/ul>\n<\/div>\n<\/div>\n<p>Ce objet vous a captiv\u00e9 vous aimerez beaucoup ces publications :<\/p>\n<p>Un coin de Haute-Provence, C\u00e9reste au cours des si\u00e8cles : histoire, art, arch\u00e9ologie.,<a href=\"https:\/\/www.epagine.fr\/ebook\/9782307002505-un-coin-de-haute-provence-cereste-au-cours-des-siecles-histoire-art-archeologie-helia-vigne-d-octon\/\" target=\"_blank\" rel=\"noopener noreferrer nofollow\">livre de r\u00e9f\u00e9rence <\/a><span><\/span>. Disponible \u00e0 la FNAC.<\/p>\n<p>Nysa et Moi.,<a href=\"https:\/\/booknode.com\/nysa_et_moi_02155983\" target=\"_blank\" rel=\"noopener noreferrer nofollow\">Ouvrage <\/a><span><\/span>.<\/p>\n<p>Villa 4. Histoire et arch\u00e9ologie de l\u2019occident musulman (viie-xve si\u00e8cle).,<a href=\"https:\/\/www.epagine.fr\/ebook\/9782810709878-villa-4-histoire-et-archeologie-de-l-occident-musulman-viie-xve-siecle-philippe-senac\/\" target=\"_blank\" rel=\"noopener noreferrer nofollow\">Ouvrage <\/a><span><\/span>.<\/p>\n<p>On a retrouv\u00e9 l\u2019histoire de France.,<a href=\"https:\/\/www.kobo.com\/de\/fr\/ebook\/on-a-retrouve-l-histoire-de-france\" target=\"_blank\" rel=\"noopener noreferrer nofollow\">Le livre <\/a><span><\/span>.<\/p>\n<\/div>\n","protected":false},"excerpt":{"rendered":"<p>Voil\u00e0 qui va vous r\u00e9jouir : Un nouvel article que nous venons de identifier sur le web et que nous vous proposons ci-dessous. La th\u00e9matique est \u00ab\u00a0l\u2019arch\u00e9ologie\u00a0\u00bb. Le titre saisissant (Policier municipal (F\/H) | Ville de Vannes) condense tout le papier. Identifi\u00e9 sous la signature \u00abadmin_vannes\u00bb, l\u2019\u00e9crivain est positivement connu pour plusieurs autres encarts qu\u2019il [&hellip;]<\/p>\n","protected":false},"author":3,"featured_media":213,"comment_status":"closed","ping_status":"closed","sticky":false,"template":"","format":"standard","meta":{"footnotes":""},"categories":[2],"tags":[],"class_list":["post-212","post","type-post","status-publish","format-standard","has-post-thumbnail","hentry","category-patrimoine","entry","has-media"],"yoast_head":"<!-- This site is optimized with the Yoast SEO plugin v27.5 - https:\/\/yoast.com\/product\/yoast-seo-wordpress\/ -->\n<title>Information toute fraiche : Policier municipal (F\/H) | Ville de Vannes - LESGROTTESDESAINTCEZAIRE<\/title>\n<meta name=\"description\" content=\"Information toute fraiche : Policier municipal (F\/H) | Ville de Vannes article de LESGROTTESDESAINTCEZAIRE\" \/>\n<meta name=\"robots\" content=\"index, follow, max-snippet:-1, max-image-preview:large, max-video-preview:-1\" \/>\n<link rel=\"canonical\" href=\"https:\/\/www.lesgrottesdesaintcezaire.fr\/blog\/information-toute-fraiche-policier-municipal-f-h-ville-de-vannes\/\" \/>\n<meta property=\"og:locale\" content=\"fr_FR\" \/>\n<meta property=\"og:type\" content=\"article\" \/>\n<meta property=\"og:title\" content=\"Information toute fraiche : Policier municipal (F\/H) | Ville de Vannes - LESGROTTESDESAINTCEZAIRE\" \/>\n<meta property=\"og:description\" content=\"Information toute fraiche : Policier municipal (F\/H) | Ville de Vannes article de LESGROTTESDESAINTCEZAIRE\" \/>\n<meta property=\"og:url\" content=\"https:\/\/www.lesgrottesdesaintcezaire.fr\/blog\/information-toute-fraiche-policier-municipal-f-h-ville-de-vannes\/\" \/>\n<meta property=\"og:site_name\" content=\"LESGROTTESDESAINTCEZAIRE\" \/>\n<meta property=\"article:published_time\" content=\"2022-07-21T10:12:02+00:00\" \/>\n<meta property=\"og:image\" content=\"https:\/\/www.lesgrottesdesaintcezaire.fr\/blog\/wp-content\/uploads\/2022\/07\/de-la-4-scaled.jpg\" \/>\n\t<meta property=\"og:image:width\" content=\"1707\" \/>\n\t<meta property=\"og:image:height\" content=\"2560\" \/>\n\t<meta property=\"og:image:type\" content=\"image\/jpeg\" \/>\n<meta name=\"author\" content=\"Fabienne MOUTON\" \/>\n<meta name=\"twitter:card\" content=\"summary_large_image\" \/>\n<meta name=\"twitter:label1\" content=\"\u00c9crit par\" \/>\n\t<meta name=\"twitter:data1\" content=\"Fabienne MOUTON\" \/>\n\t<meta name=\"twitter:label2\" content=\"Dur\u00e9e de lecture estim\u00e9e\" \/>\n\t<meta name=\"twitter:data2\" content=\"5 minutes\" \/>\n<script type=\"application\/ld+json\" class=\"yoast-schema-graph\">{\"@context\":\"https:\\\/\\\/schema.org\",\"@graph\":[{\"@type\":\"Article\",\"@id\":\"https:\\\/\\\/www.lesgrottesdesaintcezaire.fr\\\/blog\\\/information-toute-fraiche-policier-municipal-f-h-ville-de-vannes\\\/#article\",\"isPartOf\":{\"@id\":\"https:\\\/\\\/www.lesgrottesdesaintcezaire.fr\\\/blog\\\/information-toute-fraiche-policier-municipal-f-h-ville-de-vannes\\\/\"},\"author\":{\"name\":\"Fabienne MOUTON\",\"@id\":\"https:\\\/\\\/www.lesgrottesdesaintcezaire.fr\\\/blog\\\/#\\\/schema\\\/person\\\/23d9a2ac249ecb9460a4ebce885adb9b\"},\"headline\":\"Information toute fraiche : Policier municipal (F\\\/H) | Ville de Vannes\",\"datePublished\":\"2022-07-21T10:12:02+00:00\",\"mainEntityOfPage\":{\"@id\":\"https:\\\/\\\/www.lesgrottesdesaintcezaire.fr\\\/blog\\\/information-toute-fraiche-policier-municipal-f-h-ville-de-vannes\\\/\"},\"wordCount\":1000,\"publisher\":{\"@id\":\"https:\\\/\\\/www.lesgrottesdesaintcezaire.fr\\\/blog\\\/#organization\"},\"image\":{\"@id\":\"https:\\\/\\\/www.lesgrottesdesaintcezaire.fr\\\/blog\\\/information-toute-fraiche-policier-municipal-f-h-ville-de-vannes\\\/#primaryimage\"},\"thumbnailUrl\":\"https:\\\/\\\/www.lesgrottesdesaintcezaire.fr\\\/blog\\\/wp-content\\\/uploads\\\/2022\\\/07\\\/de-la-4-scaled.jpg\",\"articleSection\":[\"Patrimoine:\"],\"inLanguage\":\"fr-FR\"},{\"@type\":\"WebPage\",\"@id\":\"https:\\\/\\\/www.lesgrottesdesaintcezaire.fr\\\/blog\\\/information-toute-fraiche-policier-municipal-f-h-ville-de-vannes\\\/\",\"url\":\"https:\\\/\\\/www.lesgrottesdesaintcezaire.fr\\\/blog\\\/information-toute-fraiche-policier-municipal-f-h-ville-de-vannes\\\/\",\"name\":\"Information toute fraiche : Policier municipal (F\\\/H) | Ville de Vannes - LESGROTTESDESAINTCEZAIRE\",\"isPartOf\":{\"@id\":\"https:\\\/\\\/www.lesgrottesdesaintcezaire.fr\\\/blog\\\/#website\"},\"primaryImageOfPage\":{\"@id\":\"https:\\\/\\\/www.lesgrottesdesaintcezaire.fr\\\/blog\\\/information-toute-fraiche-policier-municipal-f-h-ville-de-vannes\\\/#primaryimage\"},\"image\":{\"@id\":\"https:\\\/\\\/www.lesgrottesdesaintcezaire.fr\\\/blog\\\/information-toute-fraiche-policier-municipal-f-h-ville-de-vannes\\\/#primaryimage\"},\"thumbnailUrl\":\"https:\\\/\\\/www.lesgrottesdesaintcezaire.fr\\\/blog\\\/wp-content\\\/uploads\\\/2022\\\/07\\\/de-la-4-scaled.jpg\",\"datePublished\":\"2022-07-21T10:12:02+00:00\",\"description\":\"Information toute fraiche : Policier municipal (F\\\/H) | Ville de Vannes article de LESGROTTESDESAINTCEZAIRE\",\"breadcrumb\":{\"@id\":\"https:\\\/\\\/www.lesgrottesdesaintcezaire.fr\\\/blog\\\/information-toute-fraiche-policier-municipal-f-h-ville-de-vannes\\\/#breadcrumb\"},\"inLanguage\":\"fr-FR\",\"potentialAction\":[{\"@type\":\"ReadAction\",\"target\":[\"https:\\\/\\\/www.lesgrottesdesaintcezaire.fr\\\/blog\\\/information-toute-fraiche-policier-municipal-f-h-ville-de-vannes\\\/\"]}]},{\"@type\":\"ImageObject\",\"inLanguage\":\"fr-FR\",\"@id\":\"https:\\\/\\\/www.lesgrottesdesaintcezaire.fr\\\/blog\\\/information-toute-fraiche-policier-municipal-f-h-ville-de-vannes\\\/#primaryimage\",\"url\":\"https:\\\/\\\/www.lesgrottesdesaintcezaire.fr\\\/blog\\\/wp-content\\\/uploads\\\/2022\\\/07\\\/de-la-4-scaled.jpg\",\"contentUrl\":\"https:\\\/\\\/www.lesgrottesdesaintcezaire.fr\\\/blog\\\/wp-content\\\/uploads\\\/2022\\\/07\\\/de-la-4-scaled.jpg\",\"width\":1707,\"height\":2560,\"caption\":\"de la 4\"},{\"@type\":\"BreadcrumbList\",\"@id\":\"https:\\\/\\\/www.lesgrottesdesaintcezaire.fr\\\/blog\\\/information-toute-fraiche-policier-municipal-f-h-ville-de-vannes\\\/#breadcrumb\",\"itemListElement\":[{\"@type\":\"ListItem\",\"position\":1,\"name\":\"Accueil\",\"item\":\"https:\\\/\\\/www.lesgrottesdesaintcezaire.fr\\\/blog\\\/\"},{\"@type\":\"ListItem\",\"position\":2,\"name\":\"Information toute fraiche : Policier municipal (F\\\/H) | Ville de Vannes\"}]},{\"@type\":\"WebSite\",\"@id\":\"https:\\\/\\\/www.lesgrottesdesaintcezaire.fr\\\/blog\\\/#website\",\"url\":\"https:\\\/\\\/www.lesgrottesdesaintcezaire.fr\\\/blog\\\/\",\"name\":\"LESGROTTESDESAINTCEZAIRE\",\"description\":\"Patrimoine: Le site de r\u00e9f\u00e9rence.\",\"publisher\":{\"@id\":\"https:\\\/\\\/www.lesgrottesdesaintcezaire.fr\\\/blog\\\/#organization\"},\"potentialAction\":[{\"@type\":\"SearchAction\",\"target\":{\"@type\":\"EntryPoint\",\"urlTemplate\":\"https:\\\/\\\/www.lesgrottesdesaintcezaire.fr\\\/blog\\\/?s={search_term_string}\"},\"query-input\":{\"@type\":\"PropertyValueSpecification\",\"valueRequired\":true,\"valueName\":\"search_term_string\"}}],\"inLanguage\":\"fr-FR\"},{\"@type\":\"Organization\",\"@id\":\"https:\\\/\\\/www.lesgrottesdesaintcezaire.fr\\\/blog\\\/#organization\",\"name\":\"lesgrottesdesaintcezaire\",\"url\":\"https:\\\/\\\/www.lesgrottesdesaintcezaire.fr\\\/blog\\\/\",\"logo\":{\"@type\":\"ImageObject\",\"inLanguage\":\"fr-FR\",\"@id\":\"https:\\\/\\\/www.lesgrottesdesaintcezaire.fr\\\/blog\\\/#\\\/schema\\\/logo\\\/image\\\/\",\"url\":\"https:\\\/\\\/www.lesgrottesdesaintcezaire.fr\\\/blog\\\/wp-content\\\/uploads\\\/2022\\\/05\\\/logo-2.png\",\"contentUrl\":\"https:\\\/\\\/www.lesgrottesdesaintcezaire.fr\\\/blog\\\/wp-content\\\/uploads\\\/2022\\\/05\\\/logo-2.png\",\"width\":150,\"height\":209,\"caption\":\"lesgrottesdesaintcezaire\"},\"image\":{\"@id\":\"https:\\\/\\\/www.lesgrottesdesaintcezaire.fr\\\/blog\\\/#\\\/schema\\\/logo\\\/image\\\/\"}},{\"@type\":\"Person\",\"@id\":\"https:\\\/\\\/www.lesgrottesdesaintcezaire.fr\\\/blog\\\/#\\\/schema\\\/person\\\/23d9a2ac249ecb9460a4ebce885adb9b\",\"name\":\"Fabienne MOUTON\",\"image\":{\"@type\":\"ImageObject\",\"inLanguage\":\"fr-FR\",\"@id\":\"https:\\\/\\\/secure.gravatar.com\\\/avatar\\\/856d7a14385bb0216de9c5cf9fb1160ddbd11c00be5bb16cfe389b9971309649?s=96&d=mm&r=g\",\"url\":\"https:\\\/\\\/secure.gravatar.com\\\/avatar\\\/856d7a14385bb0216de9c5cf9fb1160ddbd11c00be5bb16cfe389b9971309649?s=96&d=mm&r=g\",\"contentUrl\":\"https:\\\/\\\/secure.gravatar.com\\\/avatar\\\/856d7a14385bb0216de9c5cf9fb1160ddbd11c00be5bb16cfe389b9971309649?s=96&d=mm&r=g\",\"caption\":\"Fabienne MOUTON\"},\"url\":\"https:\\\/\\\/www.lesgrottesdesaintcezaire.fr\\\/blog\\\/author\\\/irefabienne\\\/\"}]}<\/script>\n<!-- \/ Yoast SEO plugin. -->","yoast_head_json":{"title":"Information toute fraiche : Policier municipal (F\/H) | Ville de Vannes - LESGROTTESDESAINTCEZAIRE","description":"Information toute fraiche : Policier municipal (F\/H) | Ville de Vannes article de LESGROTTESDESAINTCEZAIRE","robots":{"index":"index","follow":"follow","max-snippet":"max-snippet:-1","max-image-preview":"max-image-preview:large","max-video-preview":"max-video-preview:-1"},"canonical":"https:\/\/www.lesgrottesdesaintcezaire.fr\/blog\/information-toute-fraiche-policier-municipal-f-h-ville-de-vannes\/","og_locale":"fr_FR","og_type":"article","og_title":"Information toute fraiche : Policier municipal (F\/H) | Ville de Vannes - LESGROTTESDESAINTCEZAIRE","og_description":"Information toute fraiche : Policier municipal (F\/H) | Ville de Vannes article de LESGROTTESDESAINTCEZAIRE","og_url":"https:\/\/www.lesgrottesdesaintcezaire.fr\/blog\/information-toute-fraiche-policier-municipal-f-h-ville-de-vannes\/","og_site_name":"LESGROTTESDESAINTCEZAIRE","article_published_time":"2022-07-21T10:12:02+00:00","og_image":[{"width":1707,"height":2560,"url":"https:\/\/www.lesgrottesdesaintcezaire.fr\/blog\/wp-content\/uploads\/2022\/07\/de-la-4-scaled.jpg","type":"image\/jpeg"}],"author":"Fabienne MOUTON","twitter_card":"summary_large_image","twitter_misc":{"\u00c9crit par":"Fabienne MOUTON","Dur\u00e9e de lecture estim\u00e9e":"5 minutes"},"schema":{"@context":"https:\/\/schema.org","@graph":[{"@type":"Article","@id":"https:\/\/www.lesgrottesdesaintcezaire.fr\/blog\/information-toute-fraiche-policier-municipal-f-h-ville-de-vannes\/#article","isPartOf":{"@id":"https:\/\/www.lesgrottesdesaintcezaire.fr\/blog\/information-toute-fraiche-policier-municipal-f-h-ville-de-vannes\/"},"author":{"name":"Fabienne MOUTON","@id":"https:\/\/www.lesgrottesdesaintcezaire.fr\/blog\/#\/schema\/person\/23d9a2ac249ecb9460a4ebce885adb9b"},"headline":"Information toute fraiche : Policier municipal (F\/H) | Ville de Vannes","datePublished":"2022-07-21T10:12:02+00:00","mainEntityOfPage":{"@id":"https:\/\/www.lesgrottesdesaintcezaire.fr\/blog\/information-toute-fraiche-policier-municipal-f-h-ville-de-vannes\/"},"wordCount":1000,"publisher":{"@id":"https:\/\/www.lesgrottesdesaintcezaire.fr\/blog\/#organization"},"image":{"@id":"https:\/\/www.lesgrottesdesaintcezaire.fr\/blog\/information-toute-fraiche-policier-municipal-f-h-ville-de-vannes\/#primaryimage"},"thumbnailUrl":"https:\/\/www.lesgrottesdesaintcezaire.fr\/blog\/wp-content\/uploads\/2022\/07\/de-la-4-scaled.jpg","articleSection":["Patrimoine:"],"inLanguage":"fr-FR"},{"@type":"WebPage","@id":"https:\/\/www.lesgrottesdesaintcezaire.fr\/blog\/information-toute-fraiche-policier-municipal-f-h-ville-de-vannes\/","url":"https:\/\/www.lesgrottesdesaintcezaire.fr\/blog\/information-toute-fraiche-policier-municipal-f-h-ville-de-vannes\/","name":"Information toute fraiche : Policier municipal (F\/H) | Ville de Vannes - LESGROTTESDESAINTCEZAIRE","isPartOf":{"@id":"https:\/\/www.lesgrottesdesaintcezaire.fr\/blog\/#website"},"primaryImageOfPage":{"@id":"https:\/\/www.lesgrottesdesaintcezaire.fr\/blog\/information-toute-fraiche-policier-municipal-f-h-ville-de-vannes\/#primaryimage"},"image":{"@id":"https:\/\/www.lesgrottesdesaintcezaire.fr\/blog\/information-toute-fraiche-policier-municipal-f-h-ville-de-vannes\/#primaryimage"},"thumbnailUrl":"https:\/\/www.lesgrottesdesaintcezaire.fr\/blog\/wp-content\/uploads\/2022\/07\/de-la-4-scaled.jpg","datePublished":"2022-07-21T10:12:02+00:00","description":"Information toute fraiche : Policier municipal (F\/H) | Ville de Vannes article de LESGROTTESDESAINTCEZAIRE","breadcrumb":{"@id":"https:\/\/www.lesgrottesdesaintcezaire.fr\/blog\/information-toute-fraiche-policier-municipal-f-h-ville-de-vannes\/#breadcrumb"},"inLanguage":"fr-FR","potentialAction":[{"@type":"ReadAction","target":["https:\/\/www.lesgrottesdesaintcezaire.fr\/blog\/information-toute-fraiche-policier-municipal-f-h-ville-de-vannes\/"]}]},{"@type":"ImageObject","inLanguage":"fr-FR","@id":"https:\/\/www.lesgrottesdesaintcezaire.fr\/blog\/information-toute-fraiche-policier-municipal-f-h-ville-de-vannes\/#primaryimage","url":"https:\/\/www.lesgrottesdesaintcezaire.fr\/blog\/wp-content\/uploads\/2022\/07\/de-la-4-scaled.jpg","contentUrl":"https:\/\/www.lesgrottesdesaintcezaire.fr\/blog\/wp-content\/uploads\/2022\/07\/de-la-4-scaled.jpg","width":1707,"height":2560,"caption":"de la 4"},{"@type":"BreadcrumbList","@id":"https:\/\/www.lesgrottesdesaintcezaire.fr\/blog\/information-toute-fraiche-policier-municipal-f-h-ville-de-vannes\/#breadcrumb","itemListElement":[{"@type":"ListItem","position":1,"name":"Accueil","item":"https:\/\/www.lesgrottesdesaintcezaire.fr\/blog\/"},{"@type":"ListItem","position":2,"name":"Information toute fraiche : Policier municipal (F\/H) | Ville de Vannes"}]},{"@type":"WebSite","@id":"https:\/\/www.lesgrottesdesaintcezaire.fr\/blog\/#website","url":"https:\/\/www.lesgrottesdesaintcezaire.fr\/blog\/","name":"LESGROTTESDESAINTCEZAIRE","description":"Patrimoine: Le site de r\u00e9f\u00e9rence.","publisher":{"@id":"https:\/\/www.lesgrottesdesaintcezaire.fr\/blog\/#organization"},"potentialAction":[{"@type":"SearchAction","target":{"@type":"EntryPoint","urlTemplate":"https:\/\/www.lesgrottesdesaintcezaire.fr\/blog\/?s={search_term_string}"},"query-input":{"@type":"PropertyValueSpecification","valueRequired":true,"valueName":"search_term_string"}}],"inLanguage":"fr-FR"},{"@type":"Organization","@id":"https:\/\/www.lesgrottesdesaintcezaire.fr\/blog\/#organization","name":"lesgrottesdesaintcezaire","url":"https:\/\/www.lesgrottesdesaintcezaire.fr\/blog\/","logo":{"@type":"ImageObject","inLanguage":"fr-FR","@id":"https:\/\/www.lesgrottesdesaintcezaire.fr\/blog\/#\/schema\/logo\/image\/","url":"https:\/\/www.lesgrottesdesaintcezaire.fr\/blog\/wp-content\/uploads\/2022\/05\/logo-2.png","contentUrl":"https:\/\/www.lesgrottesdesaintcezaire.fr\/blog\/wp-content\/uploads\/2022\/05\/logo-2.png","width":150,"height":209,"caption":"lesgrottesdesaintcezaire"},"image":{"@id":"https:\/\/www.lesgrottesdesaintcezaire.fr\/blog\/#\/schema\/logo\/image\/"}},{"@type":"Person","@id":"https:\/\/www.lesgrottesdesaintcezaire.fr\/blog\/#\/schema\/person\/23d9a2ac249ecb9460a4ebce885adb9b","name":"Fabienne MOUTON","image":{"@type":"ImageObject","inLanguage":"fr-FR","@id":"https:\/\/secure.gravatar.com\/avatar\/856d7a14385bb0216de9c5cf9fb1160ddbd11c00be5bb16cfe389b9971309649?s=96&d=mm&r=g","url":"https:\/\/secure.gravatar.com\/avatar\/856d7a14385bb0216de9c5cf9fb1160ddbd11c00be5bb16cfe389b9971309649?s=96&d=mm&r=g","contentUrl":"https:\/\/secure.gravatar.com\/avatar\/856d7a14385bb0216de9c5cf9fb1160ddbd11c00be5bb16cfe389b9971309649?s=96&d=mm&r=g","caption":"Fabienne MOUTON"},"url":"https:\/\/www.lesgrottesdesaintcezaire.fr\/blog\/author\/irefabienne\/"}]}},"_links":{"self":[{"href":"https:\/\/www.lesgrottesdesaintcezaire.fr\/blog\/wp-json\/wp\/v2\/posts\/212","targetHints":{"allow":["GET"]}}],"collection":[{"href":"https:\/\/www.lesgrottesdesaintcezaire.fr\/blog\/wp-json\/wp\/v2\/posts"}],"about":[{"href":"https:\/\/www.lesgrottesdesaintcezaire.fr\/blog\/wp-json\/wp\/v2\/types\/post"}],"author":[{"embeddable":true,"href":"https:\/\/www.lesgrottesdesaintcezaire.fr\/blog\/wp-json\/wp\/v2\/users\/3"}],"replies":[{"embeddable":true,"href":"https:\/\/www.lesgrottesdesaintcezaire.fr\/blog\/wp-json\/wp\/v2\/comments?post=212"}],"version-history":[{"count":0,"href":"https:\/\/www.lesgrottesdesaintcezaire.fr\/blog\/wp-json\/wp\/v2\/posts\/212\/revisions"}],"wp:featuredmedia":[{"embeddable":true,"href":"https:\/\/www.lesgrottesdesaintcezaire.fr\/blog\/wp-json\/wp\/v2\/media\/213"}],"wp:attachment":[{"href":"https:\/\/www.lesgrottesdesaintcezaire.fr\/blog\/wp-json\/wp\/v2\/media?parent=212"}],"wp:term":[{"taxonomy":"category","embeddable":true,"href":"https:\/\/www.lesgrottesdesaintcezaire.fr\/blog\/wp-json\/wp\/v2\/categories?post=212"},{"taxonomy":"post_tag","embeddable":true,"href":"https:\/\/www.lesgrottesdesaintcezaire.fr\/blog\/wp-json\/wp\/v2\/tags?post=212"}],"curies":[{"name":"wp","href":"https:\/\/api.w.org\/{rel}","templated":true}]}}