{"id":232,"date":"2022-08-10T14:31:06","date_gmt":"2022-08-10T12:31:06","guid":{"rendered":"https:\/\/www.lesgrottesdesaintcezaire.fr\/blog\/revue-de-presse-web-mobilite-soyons-doux\/"},"modified":"2022-08-10T14:31:06","modified_gmt":"2022-08-10T12:31:06","slug":"revue-de-presse-web-mobilite-soyons-doux","status":"publish","type":"post","link":"https:\/\/www.lesgrottesdesaintcezaire.fr\/blog\/revue-de-presse-web-mobilite-soyons-doux\/","title":{"rendered":"Revue de presse web  : Mobilit\u00e9 : Soyons doux !"},"content":{"rendered":"<div><img decoding=\"async\" width=\"580\" height=\"331\" src=\"https:\/\/www.lesgrottesdesaintcezaire.fr\/blog\/wp-content\/uploads\/2022\/08\/Revue-de-presse-web-Mobilite-Soyons-doux-1024x584-1.jpeg\" class=\"attachment-large size-large wp-post-image\" alt=\"Revue-de-presse-web-Mobilite-Soyons-doux\" loading=\"lazy\" style=\"float:left; margin:0 15px 15px 0;\" srcset=\"https:\/\/www.lesgrottesdesaintcezaire.fr\/blog\/wp-content\/uploads\/2022\/08\/Revue-de-presse-web-Mobilite-Soyons-doux-1024x584-1.jpeg 1024w, https:\/\/www.site.cdcl.xyz\/wp-content\/uploads\/2022\/08\/Revue-de-presse-web-Mobilite-Soyons-doux-300x171.jpeg 300w, https:\/\/www.site.cdcl.xyz\/wp-content\/uploads\/2022\/08\/Revue-de-presse-web-Mobilite-Soyons-doux-768x438.jpeg 768w, https:\/\/www.site.cdcl.xyz\/wp-content\/uploads\/2022\/08\/Revue-de-presse-web-Mobilite-Soyons-doux-1536x876.jpeg 1536w, https:\/\/www.site.cdcl.xyz\/wp-content\/uploads\/2022\/08\/Revue-de-presse-web-Mobilite-Soyons-doux-1200x685.jpeg 1200w, https:\/\/www.lesgrottesdesaintcezaire.fr\/blog\/wp-content\/uploads\/2022\/08\/Revue-de-presse-web-Mobilite-Soyons-doux.jpeg 1600w\" sizes=\"auto, (max-width: 580px) 100vw, 580px\"><\/p>\n<p>Nous venons de prendre connaissance de cet article sur la th\u00e9matique \u00ab\u00a0l\u2019arch\u00e9ologie\u00a0\u00bb. Avec plaisir nous vous en livrons le plus marquant ici.<\/p>\n<p>Son titre saisissant (Mobilit\u00e9 : Soyons doux !) est parlant.<\/p>\n<p>Le journaliste (identifi\u00e9 sous la signature  d\u2019anonymat<br \/>\n) est connu et fiable.<\/p>\n<p>Il n\u2019y a aucune raison de ne pas croire de la fiabilit\u00e9 de ces r\u00e9v\u00e9lations.<\/p>\n<p><img decoding=\"async\" src=\"https:\/\/www.lesgrottesdesaintcezaire.fr\/blog\/wp-content\/uploads\/2022\/08\/Revue-de-presse-web-Mobilite-Soyons-doux.jpeg\"><\/p>\n<div itemprop=\"description\">\n<p>C\u2019est l\u2019\u00e9t\u00e9. Quoi de plus agr\u00e9able qu\u2019adopter une mobilit\u00e9 douce et sentir le vent vous caresser le visage ou les mollets ? Niort Agglo et son d\u00e9l\u00e9gataire Transdev sont l\u00e0 pour vous guider dans cette d\u00e9marche \u00e9coresponsable.<\/p>\n<\/div>\n<div itemprop=\"articleBody\">\n<p><strong>C\u2019est l\u2019\u00e9t\u00e9. Quoi de plus agr\u00e9able qu\u2019adopter une mobilit\u00e9 douce et sentir le vent vous caresser le visage ou les mollets ? Niort Agglo et son d\u00e9l\u00e9gataire Transdev sont l\u00e0 pour vous guider dans cette d\u00e9marche \u00e9coresponsable.<\/strong><br \/>Niort Agglo a fait \u00e9voluer le fonctionnement de sa flotte, en la modernisant et en diminuant l\u2019impact environnemental de son r\u00e9seau. Pour compl\u00e9ter son offre de transport, elle a d\u00e9velopp\u00e9 d\u2019autres formes de d\u00e9placement doux comme les v\u00e9los \u00e9lectriques en location longue dur\u00e9e ou en libre-service. Pour ces derniers, le tarif est de 0,03 \u20ac la minute en formule occasionnelle. De nouveaux abonnements sont \u00e9galement disponibles \u00e0 4\u20ac par semaine, 10\u20ac le mois et 40\u20ac \u00e0 l\u2019ann\u00e9e avec des tarifs pr\u00e9f\u00e9rentiels pour les \u00e9tudiants et demandeurs d\u2019emploi. Ces trois formulent vous donnant droit \u00e0 20 minutes gratuites pour chaque trajet ! Actuellement, 9 stations de v\u00e9los en libre-service existent (La Br\u00e8che, La Gare, Moulin du milieu, Villon, Coubertin, P\u00f4le atlantique, P\u00f4le universitaire, Pied de fond et Port Boinot) auxquelles s\u2019ajouteront 6 nouvelles autres d\u00e8s septembre 2022 (Puyrajoux, Bellune, Denfert Rochereau, Gavacherie, L\u00e9o Lagrange et Saint-Florent). Et si le c\u0153ur et le corps vous en dit, vous pouvez aussi louer des trottinettes \u00e9lectriques en location longue dur\u00e9e (apr\u00e8s un essai gratuit de 2 mois).<\/p>\n<p><em>*Tarifs constat\u00e9s au 27\/05\/2022<\/em><\/p>\n<\/div>\n<p>Ce th\u00e8me r\u00e9pond \u00e0 vos investigations vous appr\u00e9cierez aussi ces parutions:<\/p>\n<p>Un coin de Haute-Provence, C\u00e9reste au cours des si\u00e8cles : histoire, art, arch\u00e9ologie.,<a href=\"https:\/\/www.epagine.fr\/ebook\/9782307335832-un-coin-de-haute-provence-cereste-au-cours-des-siecles-histoire-art-archeologie-helia-vigne-d-octon\/\" target=\"_blank\" rel=\"noopener noreferrer nofollow\">(la couverture) <\/a><span><\/span>.<\/p>\n<p>P\u00e9riode Glaciaire.,<a href=\"https:\/\/booknode.com\/periode_glaciaire_0112143\" target=\"_blank\" rel=\"noopener noreferrer nofollow\">A voir et \u00e0 lire. <\/a><span><\/span>.<\/p>\n<p>Villes, r\u00e9seaux et syst\u00e8mes de villes ; contribution de l\u2019arch\u00e9ologie.,<a href=\"https:\/\/www.epagine.fr\/ebook\/9782877727914-villes-reseaux-et-systemes-de-villes-pierre-garmy\/\" target=\"_blank\" rel=\"noopener noreferrer nofollow\">Le livre <\/a><span><\/span>.<\/p>\n<p>Palmyre. Histoire et arch\u00e9ologie d\u2019une cit\u00e9 caravani\u00e8re \u00e0 la crois\u00e9e des cultures.,<a href=\"https:\/\/www.epagine.fr\/ebook\/9782271093899-palmyre-histoire-et-archeologie-d-une-cite-caravaniere-a-la-croisee-des-cultures-christiane-delplace\/\" target=\"_blank\" rel=\"noopener noreferrer nofollow\">Le livre <\/a><span><\/span>. Disponible \u00e0 CULTURA.<\/p>\n<\/div>\n","protected":false},"excerpt":{"rendered":"<p>Nous venons de prendre connaissance de cet article sur la th\u00e9matique \u00ab\u00a0l\u2019arch\u00e9ologie\u00a0\u00bb. Avec plaisir nous vous en livrons le plus marquant ici. Son titre saisissant (Mobilit\u00e9 : Soyons doux !) est parlant. Le journaliste (identifi\u00e9 sous la signature d\u2019anonymat ) est connu et fiable. Il n\u2019y a aucune raison de ne pas croire de la [&hellip;]<\/p>\n","protected":false},"author":3,"featured_media":234,"comment_status":"closed","ping_status":"closed","sticky":false,"template":"","format":"standard","meta":{"footnotes":""},"categories":[2],"tags":[],"class_list":["post-232","post","type-post","status-publish","format-standard","has-post-thumbnail","hentry","category-patrimoine","entry","has-media"],"yoast_head":"<!-- This site is optimized with the Yoast SEO plugin v27.5 - https:\/\/yoast.com\/product\/yoast-seo-wordpress\/ -->\n<title>Revue de presse web : Mobilit\u00e9 : Soyons doux ! - LESGROTTESDESAINTCEZAIRE<\/title>\n<meta name=\"description\" content=\"Revue de presse web : Mobilit\u00e9 : Soyons doux ! article de LESGROTTESDESAINTCEZAIRE\" \/>\n<meta name=\"robots\" content=\"index, follow, max-snippet:-1, max-image-preview:large, max-video-preview:-1\" \/>\n<link rel=\"canonical\" href=\"https:\/\/www.lesgrottesdesaintcezaire.fr\/blog\/revue-de-presse-web-mobilite-soyons-doux\/\" \/>\n<meta property=\"og:locale\" content=\"fr_FR\" \/>\n<meta property=\"og:type\" content=\"article\" \/>\n<meta property=\"og:title\" content=\"Revue de presse web : Mobilit\u00e9 : Soyons doux ! - LESGROTTESDESAINTCEZAIRE\" \/>\n<meta property=\"og:description\" content=\"Revue de presse web : Mobilit\u00e9 : Soyons doux ! article de LESGROTTESDESAINTCEZAIRE\" \/>\n<meta property=\"og:url\" content=\"https:\/\/www.lesgrottesdesaintcezaire.fr\/blog\/revue-de-presse-web-mobilite-soyons-doux\/\" \/>\n<meta property=\"og:site_name\" content=\"LESGROTTESDESAINTCEZAIRE\" \/>\n<meta property=\"article:published_time\" content=\"2022-08-10T12:31:06+00:00\" \/>\n<meta property=\"og:image\" content=\"https:\/\/www.lesgrottesdesaintcezaire.fr\/blog\/wp-content\/uploads\/2022\/08\/arch-ologie-2.jpg\" \/>\n\t<meta property=\"og:image:width\" content=\"640\" \/>\n\t<meta property=\"og:image:height\" content=\"640\" \/>\n\t<meta property=\"og:image:type\" content=\"image\/jpeg\" \/>\n<meta name=\"author\" content=\"Fabienne MOUTON\" \/>\n<meta name=\"twitter:card\" content=\"summary_large_image\" \/>\n<meta name=\"twitter:label1\" content=\"\u00c9crit par\" \/>\n\t<meta name=\"twitter:data1\" content=\"Fabienne MOUTON\" \/>\n\t<meta name=\"twitter:label2\" content=\"Dur\u00e9e de lecture estim\u00e9e\" \/>\n\t<meta name=\"twitter:data2\" content=\"2 minutes\" \/>\n<script type=\"application\/ld+json\" class=\"yoast-schema-graph\">{\"@context\":\"https:\\\/\\\/schema.org\",\"@graph\":[{\"@type\":\"Article\",\"@id\":\"https:\\\/\\\/www.lesgrottesdesaintcezaire.fr\\\/blog\\\/revue-de-presse-web-mobilite-soyons-doux\\\/#article\",\"isPartOf\":{\"@id\":\"https:\\\/\\\/www.lesgrottesdesaintcezaire.fr\\\/blog\\\/revue-de-presse-web-mobilite-soyons-doux\\\/\"},\"author\":{\"name\":\"Fabienne MOUTON\",\"@id\":\"https:\\\/\\\/www.lesgrottesdesaintcezaire.fr\\\/blog\\\/#\\\/schema\\\/person\\\/23d9a2ac249ecb9460a4ebce885adb9b\"},\"headline\":\"Revue de presse web : Mobilit\u00e9 : Soyons doux !\",\"datePublished\":\"2022-08-10T12:31:06+00:00\",\"mainEntityOfPage\":{\"@id\":\"https:\\\/\\\/www.lesgrottesdesaintcezaire.fr\\\/blog\\\/revue-de-presse-web-mobilite-soyons-doux\\\/\"},\"wordCount\":413,\"publisher\":{\"@id\":\"https:\\\/\\\/www.lesgrottesdesaintcezaire.fr\\\/blog\\\/#organization\"},\"image\":{\"@id\":\"https:\\\/\\\/www.lesgrottesdesaintcezaire.fr\\\/blog\\\/revue-de-presse-web-mobilite-soyons-doux\\\/#primaryimage\"},\"thumbnailUrl\":\"https:\\\/\\\/www.lesgrottesdesaintcezaire.fr\\\/blog\\\/wp-content\\\/uploads\\\/2022\\\/08\\\/Revue-de-presse-web-Mobilite-Soyons-doux-1024x584-1.jpeg\",\"articleSection\":[\"Patrimoine:\"],\"inLanguage\":\"fr-FR\"},{\"@type\":\"WebPage\",\"@id\":\"https:\\\/\\\/www.lesgrottesdesaintcezaire.fr\\\/blog\\\/revue-de-presse-web-mobilite-soyons-doux\\\/\",\"url\":\"https:\\\/\\\/www.lesgrottesdesaintcezaire.fr\\\/blog\\\/revue-de-presse-web-mobilite-soyons-doux\\\/\",\"name\":\"Revue de presse web : Mobilit\u00e9 : Soyons doux ! - LESGROTTESDESAINTCEZAIRE\",\"isPartOf\":{\"@id\":\"https:\\\/\\\/www.lesgrottesdesaintcezaire.fr\\\/blog\\\/#website\"},\"primaryImageOfPage\":{\"@id\":\"https:\\\/\\\/www.lesgrottesdesaintcezaire.fr\\\/blog\\\/revue-de-presse-web-mobilite-soyons-doux\\\/#primaryimage\"},\"image\":{\"@id\":\"https:\\\/\\\/www.lesgrottesdesaintcezaire.fr\\\/blog\\\/revue-de-presse-web-mobilite-soyons-doux\\\/#primaryimage\"},\"thumbnailUrl\":\"https:\\\/\\\/www.lesgrottesdesaintcezaire.fr\\\/blog\\\/wp-content\\\/uploads\\\/2022\\\/08\\\/Revue-de-presse-web-Mobilite-Soyons-doux-1024x584-1.jpeg\",\"datePublished\":\"2022-08-10T12:31:06+00:00\",\"description\":\"Revue de presse web : Mobilit\u00e9 : Soyons doux ! article de LESGROTTESDESAINTCEZAIRE\",\"breadcrumb\":{\"@id\":\"https:\\\/\\\/www.lesgrottesdesaintcezaire.fr\\\/blog\\\/revue-de-presse-web-mobilite-soyons-doux\\\/#breadcrumb\"},\"inLanguage\":\"fr-FR\",\"potentialAction\":[{\"@type\":\"ReadAction\",\"target\":[\"https:\\\/\\\/www.lesgrottesdesaintcezaire.fr\\\/blog\\\/revue-de-presse-web-mobilite-soyons-doux\\\/\"]}]},{\"@type\":\"ImageObject\",\"inLanguage\":\"fr-FR\",\"@id\":\"https:\\\/\\\/www.lesgrottesdesaintcezaire.fr\\\/blog\\\/revue-de-presse-web-mobilite-soyons-doux\\\/#primaryimage\",\"url\":\"https:\\\/\\\/www.lesgrottesdesaintcezaire.fr\\\/blog\\\/wp-content\\\/uploads\\\/2022\\\/08\\\/Revue-de-presse-web-Mobilite-Soyons-doux-1024x584-1.jpeg\",\"contentUrl\":\"https:\\\/\\\/www.lesgrottesdesaintcezaire.fr\\\/blog\\\/wp-content\\\/uploads\\\/2022\\\/08\\\/Revue-de-presse-web-Mobilite-Soyons-doux-1024x584-1.jpeg\",\"width\":1024,\"height\":584,\"caption\":\"Revue de presse web Mobilite Soyons doux 1024x584 1\"},{\"@type\":\"BreadcrumbList\",\"@id\":\"https:\\\/\\\/www.lesgrottesdesaintcezaire.fr\\\/blog\\\/revue-de-presse-web-mobilite-soyons-doux\\\/#breadcrumb\",\"itemListElement\":[{\"@type\":\"ListItem\",\"position\":1,\"name\":\"Accueil\",\"item\":\"https:\\\/\\\/www.lesgrottesdesaintcezaire.fr\\\/blog\\\/\"},{\"@type\":\"ListItem\",\"position\":2,\"name\":\"Revue de presse web : Mobilit\u00e9 : Soyons doux !\"}]},{\"@type\":\"WebSite\",\"@id\":\"https:\\\/\\\/www.lesgrottesdesaintcezaire.fr\\\/blog\\\/#website\",\"url\":\"https:\\\/\\\/www.lesgrottesdesaintcezaire.fr\\\/blog\\\/\",\"name\":\"LESGROTTESDESAINTCEZAIRE\",\"description\":\"Patrimoine: Le site de r\u00e9f\u00e9rence.\",\"publisher\":{\"@id\":\"https:\\\/\\\/www.lesgrottesdesaintcezaire.fr\\\/blog\\\/#organization\"},\"potentialAction\":[{\"@type\":\"SearchAction\",\"target\":{\"@type\":\"EntryPoint\",\"urlTemplate\":\"https:\\\/\\\/www.lesgrottesdesaintcezaire.fr\\\/blog\\\/?s={search_term_string}\"},\"query-input\":{\"@type\":\"PropertyValueSpecification\",\"valueRequired\":true,\"valueName\":\"search_term_string\"}}],\"inLanguage\":\"fr-FR\"},{\"@type\":\"Organization\",\"@id\":\"https:\\\/\\\/www.lesgrottesdesaintcezaire.fr\\\/blog\\\/#organization\",\"name\":\"lesgrottesdesaintcezaire\",\"url\":\"https:\\\/\\\/www.lesgrottesdesaintcezaire.fr\\\/blog\\\/\",\"logo\":{\"@type\":\"ImageObject\",\"inLanguage\":\"fr-FR\",\"@id\":\"https:\\\/\\\/www.lesgrottesdesaintcezaire.fr\\\/blog\\\/#\\\/schema\\\/logo\\\/image\\\/\",\"url\":\"https:\\\/\\\/www.lesgrottesdesaintcezaire.fr\\\/blog\\\/wp-content\\\/uploads\\\/2022\\\/05\\\/logo-2.png\",\"contentUrl\":\"https:\\\/\\\/www.lesgrottesdesaintcezaire.fr\\\/blog\\\/wp-content\\\/uploads\\\/2022\\\/05\\\/logo-2.png\",\"width\":150,\"height\":209,\"caption\":\"lesgrottesdesaintcezaire\"},\"image\":{\"@id\":\"https:\\\/\\\/www.lesgrottesdesaintcezaire.fr\\\/blog\\\/#\\\/schema\\\/logo\\\/image\\\/\"}},{\"@type\":\"Person\",\"@id\":\"https:\\\/\\\/www.lesgrottesdesaintcezaire.fr\\\/blog\\\/#\\\/schema\\\/person\\\/23d9a2ac249ecb9460a4ebce885adb9b\",\"name\":\"Fabienne MOUTON\",\"image\":{\"@type\":\"ImageObject\",\"inLanguage\":\"fr-FR\",\"@id\":\"https:\\\/\\\/secure.gravatar.com\\\/avatar\\\/856d7a14385bb0216de9c5cf9fb1160ddbd11c00be5bb16cfe389b9971309649?s=96&d=mm&r=g\",\"url\":\"https:\\\/\\\/secure.gravatar.com\\\/avatar\\\/856d7a14385bb0216de9c5cf9fb1160ddbd11c00be5bb16cfe389b9971309649?s=96&d=mm&r=g\",\"contentUrl\":\"https:\\\/\\\/secure.gravatar.com\\\/avatar\\\/856d7a14385bb0216de9c5cf9fb1160ddbd11c00be5bb16cfe389b9971309649?s=96&d=mm&r=g\",\"caption\":\"Fabienne MOUTON\"},\"url\":\"https:\\\/\\\/www.lesgrottesdesaintcezaire.fr\\\/blog\\\/author\\\/irefabienne\\\/\"}]}<\/script>\n<!-- \/ Yoast SEO plugin. -->","yoast_head_json":{"title":"Revue de presse web : Mobilit\u00e9 : Soyons doux ! - LESGROTTESDESAINTCEZAIRE","description":"Revue de presse web : Mobilit\u00e9 : Soyons doux ! article de LESGROTTESDESAINTCEZAIRE","robots":{"index":"index","follow":"follow","max-snippet":"max-snippet:-1","max-image-preview":"max-image-preview:large","max-video-preview":"max-video-preview:-1"},"canonical":"https:\/\/www.lesgrottesdesaintcezaire.fr\/blog\/revue-de-presse-web-mobilite-soyons-doux\/","og_locale":"fr_FR","og_type":"article","og_title":"Revue de presse web : Mobilit\u00e9 : Soyons doux ! - LESGROTTESDESAINTCEZAIRE","og_description":"Revue de presse web : Mobilit\u00e9 : Soyons doux ! article de LESGROTTESDESAINTCEZAIRE","og_url":"https:\/\/www.lesgrottesdesaintcezaire.fr\/blog\/revue-de-presse-web-mobilite-soyons-doux\/","og_site_name":"LESGROTTESDESAINTCEZAIRE","article_published_time":"2022-08-10T12:31:06+00:00","og_image":[{"width":640,"height":640,"url":"https:\/\/www.lesgrottesdesaintcezaire.fr\/blog\/wp-content\/uploads\/2022\/08\/arch-ologie-2.jpg","type":"image\/jpeg"}],"author":"Fabienne MOUTON","twitter_card":"summary_large_image","twitter_misc":{"\u00c9crit par":"Fabienne MOUTON","Dur\u00e9e de lecture estim\u00e9e":"2 minutes"},"schema":{"@context":"https:\/\/schema.org","@graph":[{"@type":"Article","@id":"https:\/\/www.lesgrottesdesaintcezaire.fr\/blog\/revue-de-presse-web-mobilite-soyons-doux\/#article","isPartOf":{"@id":"https:\/\/www.lesgrottesdesaintcezaire.fr\/blog\/revue-de-presse-web-mobilite-soyons-doux\/"},"author":{"name":"Fabienne MOUTON","@id":"https:\/\/www.lesgrottesdesaintcezaire.fr\/blog\/#\/schema\/person\/23d9a2ac249ecb9460a4ebce885adb9b"},"headline":"Revue de presse web : Mobilit\u00e9 : Soyons doux !","datePublished":"2022-08-10T12:31:06+00:00","mainEntityOfPage":{"@id":"https:\/\/www.lesgrottesdesaintcezaire.fr\/blog\/revue-de-presse-web-mobilite-soyons-doux\/"},"wordCount":413,"publisher":{"@id":"https:\/\/www.lesgrottesdesaintcezaire.fr\/blog\/#organization"},"image":{"@id":"https:\/\/www.lesgrottesdesaintcezaire.fr\/blog\/revue-de-presse-web-mobilite-soyons-doux\/#primaryimage"},"thumbnailUrl":"https:\/\/www.lesgrottesdesaintcezaire.fr\/blog\/wp-content\/uploads\/2022\/08\/Revue-de-presse-web-Mobilite-Soyons-doux-1024x584-1.jpeg","articleSection":["Patrimoine:"],"inLanguage":"fr-FR"},{"@type":"WebPage","@id":"https:\/\/www.lesgrottesdesaintcezaire.fr\/blog\/revue-de-presse-web-mobilite-soyons-doux\/","url":"https:\/\/www.lesgrottesdesaintcezaire.fr\/blog\/revue-de-presse-web-mobilite-soyons-doux\/","name":"Revue de presse web : Mobilit\u00e9 : Soyons doux ! - LESGROTTESDESAINTCEZAIRE","isPartOf":{"@id":"https:\/\/www.lesgrottesdesaintcezaire.fr\/blog\/#website"},"primaryImageOfPage":{"@id":"https:\/\/www.lesgrottesdesaintcezaire.fr\/blog\/revue-de-presse-web-mobilite-soyons-doux\/#primaryimage"},"image":{"@id":"https:\/\/www.lesgrottesdesaintcezaire.fr\/blog\/revue-de-presse-web-mobilite-soyons-doux\/#primaryimage"},"thumbnailUrl":"https:\/\/www.lesgrottesdesaintcezaire.fr\/blog\/wp-content\/uploads\/2022\/08\/Revue-de-presse-web-Mobilite-Soyons-doux-1024x584-1.jpeg","datePublished":"2022-08-10T12:31:06+00:00","description":"Revue de presse web : Mobilit\u00e9 : Soyons doux ! article de LESGROTTESDESAINTCEZAIRE","breadcrumb":{"@id":"https:\/\/www.lesgrottesdesaintcezaire.fr\/blog\/revue-de-presse-web-mobilite-soyons-doux\/#breadcrumb"},"inLanguage":"fr-FR","potentialAction":[{"@type":"ReadAction","target":["https:\/\/www.lesgrottesdesaintcezaire.fr\/blog\/revue-de-presse-web-mobilite-soyons-doux\/"]}]},{"@type":"ImageObject","inLanguage":"fr-FR","@id":"https:\/\/www.lesgrottesdesaintcezaire.fr\/blog\/revue-de-presse-web-mobilite-soyons-doux\/#primaryimage","url":"https:\/\/www.lesgrottesdesaintcezaire.fr\/blog\/wp-content\/uploads\/2022\/08\/Revue-de-presse-web-Mobilite-Soyons-doux-1024x584-1.jpeg","contentUrl":"https:\/\/www.lesgrottesdesaintcezaire.fr\/blog\/wp-content\/uploads\/2022\/08\/Revue-de-presse-web-Mobilite-Soyons-doux-1024x584-1.jpeg","width":1024,"height":584,"caption":"Revue de presse web Mobilite Soyons doux 1024x584 1"},{"@type":"BreadcrumbList","@id":"https:\/\/www.lesgrottesdesaintcezaire.fr\/blog\/revue-de-presse-web-mobilite-soyons-doux\/#breadcrumb","itemListElement":[{"@type":"ListItem","position":1,"name":"Accueil","item":"https:\/\/www.lesgrottesdesaintcezaire.fr\/blog\/"},{"@type":"ListItem","position":2,"name":"Revue de presse web : Mobilit\u00e9 : Soyons doux !"}]},{"@type":"WebSite","@id":"https:\/\/www.lesgrottesdesaintcezaire.fr\/blog\/#website","url":"https:\/\/www.lesgrottesdesaintcezaire.fr\/blog\/","name":"LESGROTTESDESAINTCEZAIRE","description":"Patrimoine: Le site de r\u00e9f\u00e9rence.","publisher":{"@id":"https:\/\/www.lesgrottesdesaintcezaire.fr\/blog\/#organization"},"potentialAction":[{"@type":"SearchAction","target":{"@type":"EntryPoint","urlTemplate":"https:\/\/www.lesgrottesdesaintcezaire.fr\/blog\/?s={search_term_string}"},"query-input":{"@type":"PropertyValueSpecification","valueRequired":true,"valueName":"search_term_string"}}],"inLanguage":"fr-FR"},{"@type":"Organization","@id":"https:\/\/www.lesgrottesdesaintcezaire.fr\/blog\/#organization","name":"lesgrottesdesaintcezaire","url":"https:\/\/www.lesgrottesdesaintcezaire.fr\/blog\/","logo":{"@type":"ImageObject","inLanguage":"fr-FR","@id":"https:\/\/www.lesgrottesdesaintcezaire.fr\/blog\/#\/schema\/logo\/image\/","url":"https:\/\/www.lesgrottesdesaintcezaire.fr\/blog\/wp-content\/uploads\/2022\/05\/logo-2.png","contentUrl":"https:\/\/www.lesgrottesdesaintcezaire.fr\/blog\/wp-content\/uploads\/2022\/05\/logo-2.png","width":150,"height":209,"caption":"lesgrottesdesaintcezaire"},"image":{"@id":"https:\/\/www.lesgrottesdesaintcezaire.fr\/blog\/#\/schema\/logo\/image\/"}},{"@type":"Person","@id":"https:\/\/www.lesgrottesdesaintcezaire.fr\/blog\/#\/schema\/person\/23d9a2ac249ecb9460a4ebce885adb9b","name":"Fabienne MOUTON","image":{"@type":"ImageObject","inLanguage":"fr-FR","@id":"https:\/\/secure.gravatar.com\/avatar\/856d7a14385bb0216de9c5cf9fb1160ddbd11c00be5bb16cfe389b9971309649?s=96&d=mm&r=g","url":"https:\/\/secure.gravatar.com\/avatar\/856d7a14385bb0216de9c5cf9fb1160ddbd11c00be5bb16cfe389b9971309649?s=96&d=mm&r=g","contentUrl":"https:\/\/secure.gravatar.com\/avatar\/856d7a14385bb0216de9c5cf9fb1160ddbd11c00be5bb16cfe389b9971309649?s=96&d=mm&r=g","caption":"Fabienne MOUTON"},"url":"https:\/\/www.lesgrottesdesaintcezaire.fr\/blog\/author\/irefabienne\/"}]}},"_links":{"self":[{"href":"https:\/\/www.lesgrottesdesaintcezaire.fr\/blog\/wp-json\/wp\/v2\/posts\/232","targetHints":{"allow":["GET"]}}],"collection":[{"href":"https:\/\/www.lesgrottesdesaintcezaire.fr\/blog\/wp-json\/wp\/v2\/posts"}],"about":[{"href":"https:\/\/www.lesgrottesdesaintcezaire.fr\/blog\/wp-json\/wp\/v2\/types\/post"}],"author":[{"embeddable":true,"href":"https:\/\/www.lesgrottesdesaintcezaire.fr\/blog\/wp-json\/wp\/v2\/users\/3"}],"replies":[{"embeddable":true,"href":"https:\/\/www.lesgrottesdesaintcezaire.fr\/blog\/wp-json\/wp\/v2\/comments?post=232"}],"version-history":[{"count":0,"href":"https:\/\/www.lesgrottesdesaintcezaire.fr\/blog\/wp-json\/wp\/v2\/posts\/232\/revisions"}],"wp:featuredmedia":[{"embeddable":true,"href":"https:\/\/www.lesgrottesdesaintcezaire.fr\/blog\/wp-json\/wp\/v2\/media\/234"}],"wp:attachment":[{"href":"https:\/\/www.lesgrottesdesaintcezaire.fr\/blog\/wp-json\/wp\/v2\/media?parent=232"}],"wp:term":[{"taxonomy":"category","embeddable":true,"href":"https:\/\/www.lesgrottesdesaintcezaire.fr\/blog\/wp-json\/wp\/v2\/categories?post=232"},{"taxonomy":"post_tag","embeddable":true,"href":"https:\/\/www.lesgrottesdesaintcezaire.fr\/blog\/wp-json\/wp\/v2\/tags?post=232"}],"curies":[{"name":"wp","href":"https:\/\/api.w.org\/{rel}","templated":true}]}}