{"id":252,"date":"2022-08-31T12:14:30","date_gmt":"2022-08-31T10:14:30","guid":{"rendered":"https:\/\/www.lesgrottesdesaintcezaire.fr\/blog\/editorial-tout-frais-greve-des-atsem-jeudi-1er-septembre\/"},"modified":"2022-08-31T12:14:30","modified_gmt":"2022-08-31T10:14:30","slug":"editorial-tout-frais-greve-des-atsem-jeudi-1er-septembre","status":"publish","type":"post","link":"https:\/\/www.lesgrottesdesaintcezaire.fr\/blog\/editorial-tout-frais-greve-des-atsem-jeudi-1er-septembre\/","title":{"rendered":"Editorial tout frais  : Gr\u00e8ve des ATSEM Jeudi 1er septembre"},"content":{"rendered":"<div>\n<p>Voil\u00e0 un \u00e9ditorial que notre staff est heureuse de communiquer ici sur notre blog.  Le th\u00e8me est \u00ab\u00a0l\u2019arch\u00e9ologie\u00a0\u00bb.<br \/>\nSon titre suggestif (Gr\u00e8ve des ATSEM Jeudi 1er septembre) est \u00e9vocateur.<\/p>\n<p> Identifi\u00e9 sous la signature \u00abadmin_vannes\u00bb, le journaliste est connu et fiable.<\/p>\n<p>Les informations \u00e9dit\u00e9es sont de ce fait estim\u00e9es conformes.<\/p>\n<p>Le texte a \u00e9t\u00e9 divulgu\u00e9 \u00e0 une date mentionn\u00e9e 2022-08-31 09:59:52.<\/p>\n<div>\n<div>\n<p>Un appel national \u00e0 la <strong>gr\u00e8ve des ATSEM<\/strong> (agent territorial sp\u00e9cialis\u00e9 des \u00e9coles maternelles) est annonc\u00e9<strong> jeudi 1<sup>er<\/sup>\u00a0septembre 2022<\/strong>.<\/p>\n<p>En cons\u00e9quence, les restaurants municipaux maternels seront ferm\u00e9s dans toutes les \u00e9coles publiques de Vannes, \u00e0 l\u2019exception de Pape Carpentier.<\/p>\n<p>Les parents devront venir chercher leurs enfants sur le temps du midi. Les restaurants scolaires \u00e9l\u00e9mentaires seront quant \u00e0 eux ouverts.<\/p>\n<\/div>\n<\/div>\n<p>Ouvrages sur le m\u00eame th\u00e8me:<\/p>\n<p>Tr\u00e9sors de l\u2019arch\u00e9ologie.,<a href=\"https:\/\/www.kobo.com\/de\/fr\/ebook\/tresors-de-l-archeologie\" target=\"_blank\" rel=\"noopener noreferrer nofollow\">Ouvrage <\/a><span><\/span>. A emprunter en biblioth\u00e8que.<\/p>\n<p>Manuel d\u2019arch\u00e9ologie biblique (2).,<a href=\"https:\/\/www.epagine.fr\/ebook\/9782307506850-manuel-d-archeologie-biblique-2-augustin-georges-barrois\/\" target=\"_blank\" rel=\"noopener noreferrer nofollow\">(la couverture) <\/a><span><\/span>.<\/p>\n<p>Une aventure au Caire.,<a href=\"https:\/\/booknode.com\/une_aventure_au_caire_03442511\" target=\"_blank\" rel=\"noopener noreferrer nofollow\">Le livre <\/a><span><\/span>. Ouvrage de r\u00e9f\u00e9rence.<\/p>\n<p>M\u00e9galithes de Vend\u00e9e (1) : L\u00e9gendes et arch\u00e9ologie.,<a href=\"https:\/\/www.epagine.fr\/ebook\/9782402019859-megalithes-de-vendee-1-legendes-et-archeologie-jean-loic-le-quellec-bertrand-poissonnier\/\" target=\"_blank\" rel=\"noopener noreferrer nofollow\">Le livre <\/a><span><\/span>.<\/p>\n<\/div>\n","protected":false},"excerpt":{"rendered":"<p>Voil\u00e0 un \u00e9ditorial que notre staff est heureuse de communiquer ici sur notre blog. Le th\u00e8me est \u00ab\u00a0l\u2019arch\u00e9ologie\u00a0\u00bb. Son titre suggestif (Gr\u00e8ve des ATSEM Jeudi 1er septembre) est \u00e9vocateur. Identifi\u00e9 sous la signature \u00abadmin_vannes\u00bb, le journaliste est connu et fiable. Les informations \u00e9dit\u00e9es sont de ce fait estim\u00e9es conformes. Le texte a \u00e9t\u00e9 divulgu\u00e9 \u00e0 [&hellip;]<\/p>\n","protected":false},"author":3,"featured_media":253,"comment_status":"closed","ping_status":"closed","sticky":false,"template":"","format":"standard","meta":{"footnotes":""},"categories":[2],"tags":[],"class_list":["post-252","post","type-post","status-publish","format-standard","has-post-thumbnail","hentry","category-patrimoine","entry","has-media"],"yoast_head":"<!-- This site is optimized with the Yoast SEO plugin v27.5 - https:\/\/yoast.com\/product\/yoast-seo-wordpress\/ -->\n<title>Editorial tout frais : Gr\u00e8ve des ATSEM Jeudi 1er septembre - LESGROTTESDESAINTCEZAIRE<\/title>\n<meta name=\"description\" content=\"Editorial tout frais : Gr\u00e8ve des ATSEM Jeudi 1er septembre article de LESGROTTESDESAINTCEZAIRE\" \/>\n<meta name=\"robots\" content=\"index, follow, max-snippet:-1, max-image-preview:large, max-video-preview:-1\" \/>\n<link rel=\"canonical\" href=\"https:\/\/www.lesgrottesdesaintcezaire.fr\/blog\/editorial-tout-frais-greve-des-atsem-jeudi-1er-septembre\/\" \/>\n<meta property=\"og:locale\" content=\"fr_FR\" \/>\n<meta property=\"og:type\" content=\"article\" \/>\n<meta property=\"og:title\" content=\"Editorial tout frais : Gr\u00e8ve des ATSEM Jeudi 1er septembre - LESGROTTESDESAINTCEZAIRE\" \/>\n<meta property=\"og:description\" content=\"Editorial tout frais : Gr\u00e8ve des ATSEM Jeudi 1er septembre article de LESGROTTESDESAINTCEZAIRE\" \/>\n<meta property=\"og:url\" content=\"https:\/\/www.lesgrottesdesaintcezaire.fr\/blog\/editorial-tout-frais-greve-des-atsem-jeudi-1er-septembre\/\" \/>\n<meta property=\"og:site_name\" content=\"LESGROTTESDESAINTCEZAIRE\" \/>\n<meta property=\"article:published_time\" content=\"2022-08-31T10:14:30+00:00\" \/>\n<meta property=\"og:image\" content=\"https:\/\/www.lesgrottesdesaintcezaire.fr\/blog\/wp-content\/uploads\/2022\/08\/arch-ologie-6.jpg\" \/>\n\t<meta property=\"og:image:width\" content=\"640\" \/>\n\t<meta property=\"og:image:height\" content=\"640\" \/>\n\t<meta property=\"og:image:type\" content=\"image\/jpeg\" \/>\n<meta name=\"author\" content=\"Fabienne MOUTON\" \/>\n<meta name=\"twitter:card\" content=\"summary_large_image\" \/>\n<meta name=\"twitter:label1\" content=\"\u00c9crit par\" \/>\n\t<meta name=\"twitter:data1\" content=\"Fabienne MOUTON\" \/>\n\t<meta name=\"twitter:label2\" content=\"Dur\u00e9e de lecture estim\u00e9e\" \/>\n\t<meta name=\"twitter:data2\" content=\"1 minute\" \/>\n<script type=\"application\/ld+json\" class=\"yoast-schema-graph\">{\"@context\":\"https:\\\/\\\/schema.org\",\"@graph\":[{\"@type\":\"Article\",\"@id\":\"https:\\\/\\\/www.lesgrottesdesaintcezaire.fr\\\/blog\\\/editorial-tout-frais-greve-des-atsem-jeudi-1er-septembre\\\/#article\",\"isPartOf\":{\"@id\":\"https:\\\/\\\/www.lesgrottesdesaintcezaire.fr\\\/blog\\\/editorial-tout-frais-greve-des-atsem-jeudi-1er-septembre\\\/\"},\"author\":{\"name\":\"Fabienne MOUTON\",\"@id\":\"https:\\\/\\\/www.lesgrottesdesaintcezaire.fr\\\/blog\\\/#\\\/schema\\\/person\\\/23d9a2ac249ecb9460a4ebce885adb9b\"},\"headline\":\"Editorial tout frais : Gr\u00e8ve des ATSEM Jeudi 1er septembre\",\"datePublished\":\"2022-08-31T10:14:30+00:00\",\"mainEntityOfPage\":{\"@id\":\"https:\\\/\\\/www.lesgrottesdesaintcezaire.fr\\\/blog\\\/editorial-tout-frais-greve-des-atsem-jeudi-1er-septembre\\\/\"},\"wordCount\":189,\"publisher\":{\"@id\":\"https:\\\/\\\/www.lesgrottesdesaintcezaire.fr\\\/blog\\\/#organization\"},\"image\":{\"@id\":\"https:\\\/\\\/www.lesgrottesdesaintcezaire.fr\\\/blog\\\/editorial-tout-frais-greve-des-atsem-jeudi-1er-septembre\\\/#primaryimage\"},\"thumbnailUrl\":\"https:\\\/\\\/www.lesgrottesdesaintcezaire.fr\\\/blog\\\/wp-content\\\/uploads\\\/2022\\\/08\\\/arch-ologie-6.jpg\",\"articleSection\":[\"Patrimoine:\"],\"inLanguage\":\"fr-FR\"},{\"@type\":\"WebPage\",\"@id\":\"https:\\\/\\\/www.lesgrottesdesaintcezaire.fr\\\/blog\\\/editorial-tout-frais-greve-des-atsem-jeudi-1er-septembre\\\/\",\"url\":\"https:\\\/\\\/www.lesgrottesdesaintcezaire.fr\\\/blog\\\/editorial-tout-frais-greve-des-atsem-jeudi-1er-septembre\\\/\",\"name\":\"Editorial tout frais : Gr\u00e8ve des ATSEM Jeudi 1er septembre - LESGROTTESDESAINTCEZAIRE\",\"isPartOf\":{\"@id\":\"https:\\\/\\\/www.lesgrottesdesaintcezaire.fr\\\/blog\\\/#website\"},\"primaryImageOfPage\":{\"@id\":\"https:\\\/\\\/www.lesgrottesdesaintcezaire.fr\\\/blog\\\/editorial-tout-frais-greve-des-atsem-jeudi-1er-septembre\\\/#primaryimage\"},\"image\":{\"@id\":\"https:\\\/\\\/www.lesgrottesdesaintcezaire.fr\\\/blog\\\/editorial-tout-frais-greve-des-atsem-jeudi-1er-septembre\\\/#primaryimage\"},\"thumbnailUrl\":\"https:\\\/\\\/www.lesgrottesdesaintcezaire.fr\\\/blog\\\/wp-content\\\/uploads\\\/2022\\\/08\\\/arch-ologie-6.jpg\",\"datePublished\":\"2022-08-31T10:14:30+00:00\",\"description\":\"Editorial tout frais : Gr\u00e8ve des ATSEM Jeudi 1er septembre article de LESGROTTESDESAINTCEZAIRE\",\"breadcrumb\":{\"@id\":\"https:\\\/\\\/www.lesgrottesdesaintcezaire.fr\\\/blog\\\/editorial-tout-frais-greve-des-atsem-jeudi-1er-septembre\\\/#breadcrumb\"},\"inLanguage\":\"fr-FR\",\"potentialAction\":[{\"@type\":\"ReadAction\",\"target\":[\"https:\\\/\\\/www.lesgrottesdesaintcezaire.fr\\\/blog\\\/editorial-tout-frais-greve-des-atsem-jeudi-1er-septembre\\\/\"]}]},{\"@type\":\"ImageObject\",\"inLanguage\":\"fr-FR\",\"@id\":\"https:\\\/\\\/www.lesgrottesdesaintcezaire.fr\\\/blog\\\/editorial-tout-frais-greve-des-atsem-jeudi-1er-septembre\\\/#primaryimage\",\"url\":\"https:\\\/\\\/www.lesgrottesdesaintcezaire.fr\\\/blog\\\/wp-content\\\/uploads\\\/2022\\\/08\\\/arch-ologie-6.jpg\",\"contentUrl\":\"https:\\\/\\\/www.lesgrottesdesaintcezaire.fr\\\/blog\\\/wp-content\\\/uploads\\\/2022\\\/08\\\/arch-ologie-6.jpg\",\"width\":640,\"height\":640,\"caption\":\"arch ologie 6\"},{\"@type\":\"BreadcrumbList\",\"@id\":\"https:\\\/\\\/www.lesgrottesdesaintcezaire.fr\\\/blog\\\/editorial-tout-frais-greve-des-atsem-jeudi-1er-septembre\\\/#breadcrumb\",\"itemListElement\":[{\"@type\":\"ListItem\",\"position\":1,\"name\":\"Accueil\",\"item\":\"https:\\\/\\\/www.lesgrottesdesaintcezaire.fr\\\/blog\\\/\"},{\"@type\":\"ListItem\",\"position\":2,\"name\":\"Editorial tout frais : Gr\u00e8ve des ATSEM Jeudi 1er septembre\"}]},{\"@type\":\"WebSite\",\"@id\":\"https:\\\/\\\/www.lesgrottesdesaintcezaire.fr\\\/blog\\\/#website\",\"url\":\"https:\\\/\\\/www.lesgrottesdesaintcezaire.fr\\\/blog\\\/\",\"name\":\"LESGROTTESDESAINTCEZAIRE\",\"description\":\"Patrimoine: Le site de r\u00e9f\u00e9rence.\",\"publisher\":{\"@id\":\"https:\\\/\\\/www.lesgrottesdesaintcezaire.fr\\\/blog\\\/#organization\"},\"potentialAction\":[{\"@type\":\"SearchAction\",\"target\":{\"@type\":\"EntryPoint\",\"urlTemplate\":\"https:\\\/\\\/www.lesgrottesdesaintcezaire.fr\\\/blog\\\/?s={search_term_string}\"},\"query-input\":{\"@type\":\"PropertyValueSpecification\",\"valueRequired\":true,\"valueName\":\"search_term_string\"}}],\"inLanguage\":\"fr-FR\"},{\"@type\":\"Organization\",\"@id\":\"https:\\\/\\\/www.lesgrottesdesaintcezaire.fr\\\/blog\\\/#organization\",\"name\":\"lesgrottesdesaintcezaire\",\"url\":\"https:\\\/\\\/www.lesgrottesdesaintcezaire.fr\\\/blog\\\/\",\"logo\":{\"@type\":\"ImageObject\",\"inLanguage\":\"fr-FR\",\"@id\":\"https:\\\/\\\/www.lesgrottesdesaintcezaire.fr\\\/blog\\\/#\\\/schema\\\/logo\\\/image\\\/\",\"url\":\"https:\\\/\\\/www.lesgrottesdesaintcezaire.fr\\\/blog\\\/wp-content\\\/uploads\\\/2022\\\/05\\\/logo-2.png\",\"contentUrl\":\"https:\\\/\\\/www.lesgrottesdesaintcezaire.fr\\\/blog\\\/wp-content\\\/uploads\\\/2022\\\/05\\\/logo-2.png\",\"width\":150,\"height\":209,\"caption\":\"lesgrottesdesaintcezaire\"},\"image\":{\"@id\":\"https:\\\/\\\/www.lesgrottesdesaintcezaire.fr\\\/blog\\\/#\\\/schema\\\/logo\\\/image\\\/\"}},{\"@type\":\"Person\",\"@id\":\"https:\\\/\\\/www.lesgrottesdesaintcezaire.fr\\\/blog\\\/#\\\/schema\\\/person\\\/23d9a2ac249ecb9460a4ebce885adb9b\",\"name\":\"Fabienne MOUTON\",\"image\":{\"@type\":\"ImageObject\",\"inLanguage\":\"fr-FR\",\"@id\":\"https:\\\/\\\/secure.gravatar.com\\\/avatar\\\/856d7a14385bb0216de9c5cf9fb1160ddbd11c00be5bb16cfe389b9971309649?s=96&d=mm&r=g\",\"url\":\"https:\\\/\\\/secure.gravatar.com\\\/avatar\\\/856d7a14385bb0216de9c5cf9fb1160ddbd11c00be5bb16cfe389b9971309649?s=96&d=mm&r=g\",\"contentUrl\":\"https:\\\/\\\/secure.gravatar.com\\\/avatar\\\/856d7a14385bb0216de9c5cf9fb1160ddbd11c00be5bb16cfe389b9971309649?s=96&d=mm&r=g\",\"caption\":\"Fabienne MOUTON\"},\"url\":\"https:\\\/\\\/www.lesgrottesdesaintcezaire.fr\\\/blog\\\/author\\\/irefabienne\\\/\"}]}<\/script>\n<!-- \/ Yoast SEO plugin. -->","yoast_head_json":{"title":"Editorial tout frais : Gr\u00e8ve des ATSEM Jeudi 1er septembre - LESGROTTESDESAINTCEZAIRE","description":"Editorial tout frais : Gr\u00e8ve des ATSEM Jeudi 1er septembre article de LESGROTTESDESAINTCEZAIRE","robots":{"index":"index","follow":"follow","max-snippet":"max-snippet:-1","max-image-preview":"max-image-preview:large","max-video-preview":"max-video-preview:-1"},"canonical":"https:\/\/www.lesgrottesdesaintcezaire.fr\/blog\/editorial-tout-frais-greve-des-atsem-jeudi-1er-septembre\/","og_locale":"fr_FR","og_type":"article","og_title":"Editorial tout frais : Gr\u00e8ve des ATSEM Jeudi 1er septembre - LESGROTTESDESAINTCEZAIRE","og_description":"Editorial tout frais : Gr\u00e8ve des ATSEM Jeudi 1er septembre article de LESGROTTESDESAINTCEZAIRE","og_url":"https:\/\/www.lesgrottesdesaintcezaire.fr\/blog\/editorial-tout-frais-greve-des-atsem-jeudi-1er-septembre\/","og_site_name":"LESGROTTESDESAINTCEZAIRE","article_published_time":"2022-08-31T10:14:30+00:00","og_image":[{"width":640,"height":640,"url":"https:\/\/www.lesgrottesdesaintcezaire.fr\/blog\/wp-content\/uploads\/2022\/08\/arch-ologie-6.jpg","type":"image\/jpeg"}],"author":"Fabienne MOUTON","twitter_card":"summary_large_image","twitter_misc":{"\u00c9crit par":"Fabienne MOUTON","Dur\u00e9e de lecture estim\u00e9e":"1 minute"},"schema":{"@context":"https:\/\/schema.org","@graph":[{"@type":"Article","@id":"https:\/\/www.lesgrottesdesaintcezaire.fr\/blog\/editorial-tout-frais-greve-des-atsem-jeudi-1er-septembre\/#article","isPartOf":{"@id":"https:\/\/www.lesgrottesdesaintcezaire.fr\/blog\/editorial-tout-frais-greve-des-atsem-jeudi-1er-septembre\/"},"author":{"name":"Fabienne MOUTON","@id":"https:\/\/www.lesgrottesdesaintcezaire.fr\/blog\/#\/schema\/person\/23d9a2ac249ecb9460a4ebce885adb9b"},"headline":"Editorial tout frais : Gr\u00e8ve des ATSEM Jeudi 1er septembre","datePublished":"2022-08-31T10:14:30+00:00","mainEntityOfPage":{"@id":"https:\/\/www.lesgrottesdesaintcezaire.fr\/blog\/editorial-tout-frais-greve-des-atsem-jeudi-1er-septembre\/"},"wordCount":189,"publisher":{"@id":"https:\/\/www.lesgrottesdesaintcezaire.fr\/blog\/#organization"},"image":{"@id":"https:\/\/www.lesgrottesdesaintcezaire.fr\/blog\/editorial-tout-frais-greve-des-atsem-jeudi-1er-septembre\/#primaryimage"},"thumbnailUrl":"https:\/\/www.lesgrottesdesaintcezaire.fr\/blog\/wp-content\/uploads\/2022\/08\/arch-ologie-6.jpg","articleSection":["Patrimoine:"],"inLanguage":"fr-FR"},{"@type":"WebPage","@id":"https:\/\/www.lesgrottesdesaintcezaire.fr\/blog\/editorial-tout-frais-greve-des-atsem-jeudi-1er-septembre\/","url":"https:\/\/www.lesgrottesdesaintcezaire.fr\/blog\/editorial-tout-frais-greve-des-atsem-jeudi-1er-septembre\/","name":"Editorial tout frais : Gr\u00e8ve des ATSEM Jeudi 1er septembre - LESGROTTESDESAINTCEZAIRE","isPartOf":{"@id":"https:\/\/www.lesgrottesdesaintcezaire.fr\/blog\/#website"},"primaryImageOfPage":{"@id":"https:\/\/www.lesgrottesdesaintcezaire.fr\/blog\/editorial-tout-frais-greve-des-atsem-jeudi-1er-septembre\/#primaryimage"},"image":{"@id":"https:\/\/www.lesgrottesdesaintcezaire.fr\/blog\/editorial-tout-frais-greve-des-atsem-jeudi-1er-septembre\/#primaryimage"},"thumbnailUrl":"https:\/\/www.lesgrottesdesaintcezaire.fr\/blog\/wp-content\/uploads\/2022\/08\/arch-ologie-6.jpg","datePublished":"2022-08-31T10:14:30+00:00","description":"Editorial tout frais : Gr\u00e8ve des ATSEM Jeudi 1er septembre article de LESGROTTESDESAINTCEZAIRE","breadcrumb":{"@id":"https:\/\/www.lesgrottesdesaintcezaire.fr\/blog\/editorial-tout-frais-greve-des-atsem-jeudi-1er-septembre\/#breadcrumb"},"inLanguage":"fr-FR","potentialAction":[{"@type":"ReadAction","target":["https:\/\/www.lesgrottesdesaintcezaire.fr\/blog\/editorial-tout-frais-greve-des-atsem-jeudi-1er-septembre\/"]}]},{"@type":"ImageObject","inLanguage":"fr-FR","@id":"https:\/\/www.lesgrottesdesaintcezaire.fr\/blog\/editorial-tout-frais-greve-des-atsem-jeudi-1er-septembre\/#primaryimage","url":"https:\/\/www.lesgrottesdesaintcezaire.fr\/blog\/wp-content\/uploads\/2022\/08\/arch-ologie-6.jpg","contentUrl":"https:\/\/www.lesgrottesdesaintcezaire.fr\/blog\/wp-content\/uploads\/2022\/08\/arch-ologie-6.jpg","width":640,"height":640,"caption":"arch ologie 6"},{"@type":"BreadcrumbList","@id":"https:\/\/www.lesgrottesdesaintcezaire.fr\/blog\/editorial-tout-frais-greve-des-atsem-jeudi-1er-septembre\/#breadcrumb","itemListElement":[{"@type":"ListItem","position":1,"name":"Accueil","item":"https:\/\/www.lesgrottesdesaintcezaire.fr\/blog\/"},{"@type":"ListItem","position":2,"name":"Editorial tout frais : Gr\u00e8ve des ATSEM Jeudi 1er septembre"}]},{"@type":"WebSite","@id":"https:\/\/www.lesgrottesdesaintcezaire.fr\/blog\/#website","url":"https:\/\/www.lesgrottesdesaintcezaire.fr\/blog\/","name":"LESGROTTESDESAINTCEZAIRE","description":"Patrimoine: Le site de r\u00e9f\u00e9rence.","publisher":{"@id":"https:\/\/www.lesgrottesdesaintcezaire.fr\/blog\/#organization"},"potentialAction":[{"@type":"SearchAction","target":{"@type":"EntryPoint","urlTemplate":"https:\/\/www.lesgrottesdesaintcezaire.fr\/blog\/?s={search_term_string}"},"query-input":{"@type":"PropertyValueSpecification","valueRequired":true,"valueName":"search_term_string"}}],"inLanguage":"fr-FR"},{"@type":"Organization","@id":"https:\/\/www.lesgrottesdesaintcezaire.fr\/blog\/#organization","name":"lesgrottesdesaintcezaire","url":"https:\/\/www.lesgrottesdesaintcezaire.fr\/blog\/","logo":{"@type":"ImageObject","inLanguage":"fr-FR","@id":"https:\/\/www.lesgrottesdesaintcezaire.fr\/blog\/#\/schema\/logo\/image\/","url":"https:\/\/www.lesgrottesdesaintcezaire.fr\/blog\/wp-content\/uploads\/2022\/05\/logo-2.png","contentUrl":"https:\/\/www.lesgrottesdesaintcezaire.fr\/blog\/wp-content\/uploads\/2022\/05\/logo-2.png","width":150,"height":209,"caption":"lesgrottesdesaintcezaire"},"image":{"@id":"https:\/\/www.lesgrottesdesaintcezaire.fr\/blog\/#\/schema\/logo\/image\/"}},{"@type":"Person","@id":"https:\/\/www.lesgrottesdesaintcezaire.fr\/blog\/#\/schema\/person\/23d9a2ac249ecb9460a4ebce885adb9b","name":"Fabienne MOUTON","image":{"@type":"ImageObject","inLanguage":"fr-FR","@id":"https:\/\/secure.gravatar.com\/avatar\/856d7a14385bb0216de9c5cf9fb1160ddbd11c00be5bb16cfe389b9971309649?s=96&d=mm&r=g","url":"https:\/\/secure.gravatar.com\/avatar\/856d7a14385bb0216de9c5cf9fb1160ddbd11c00be5bb16cfe389b9971309649?s=96&d=mm&r=g","contentUrl":"https:\/\/secure.gravatar.com\/avatar\/856d7a14385bb0216de9c5cf9fb1160ddbd11c00be5bb16cfe389b9971309649?s=96&d=mm&r=g","caption":"Fabienne MOUTON"},"url":"https:\/\/www.lesgrottesdesaintcezaire.fr\/blog\/author\/irefabienne\/"}]}},"_links":{"self":[{"href":"https:\/\/www.lesgrottesdesaintcezaire.fr\/blog\/wp-json\/wp\/v2\/posts\/252","targetHints":{"allow":["GET"]}}],"collection":[{"href":"https:\/\/www.lesgrottesdesaintcezaire.fr\/blog\/wp-json\/wp\/v2\/posts"}],"about":[{"href":"https:\/\/www.lesgrottesdesaintcezaire.fr\/blog\/wp-json\/wp\/v2\/types\/post"}],"author":[{"embeddable":true,"href":"https:\/\/www.lesgrottesdesaintcezaire.fr\/blog\/wp-json\/wp\/v2\/users\/3"}],"replies":[{"embeddable":true,"href":"https:\/\/www.lesgrottesdesaintcezaire.fr\/blog\/wp-json\/wp\/v2\/comments?post=252"}],"version-history":[{"count":0,"href":"https:\/\/www.lesgrottesdesaintcezaire.fr\/blog\/wp-json\/wp\/v2\/posts\/252\/revisions"}],"wp:featuredmedia":[{"embeddable":true,"href":"https:\/\/www.lesgrottesdesaintcezaire.fr\/blog\/wp-json\/wp\/v2\/media\/253"}],"wp:attachment":[{"href":"https:\/\/www.lesgrottesdesaintcezaire.fr\/blog\/wp-json\/wp\/v2\/media?parent=252"}],"wp:term":[{"taxonomy":"category","embeddable":true,"href":"https:\/\/www.lesgrottesdesaintcezaire.fr\/blog\/wp-json\/wp\/v2\/categories?post=252"},{"taxonomy":"post_tag","embeddable":true,"href":"https:\/\/www.lesgrottesdesaintcezaire.fr\/blog\/wp-json\/wp\/v2\/tags?post=252"}],"curies":[{"name":"wp","href":"https:\/\/api.w.org\/{rel}","templated":true}]}}