{"id":313,"date":"2022-09-23T18:01:01","date_gmt":"2022-09-23T16:01:01","guid":{"rendered":"https:\/\/www.lesgrottesdesaintcezaire.fr\/blog\/a-retenir-cette-publication-village-ados\/"},"modified":"2022-09-23T18:01:01","modified_gmt":"2022-09-23T16:01:01","slug":"a-retenir-cette-publication-village-ados","status":"publish","type":"post","link":"https:\/\/www.lesgrottesdesaintcezaire.fr\/blog\/a-retenir-cette-publication-village-ados\/","title":{"rendered":"A retenir cette publication  : Village Ados"},"content":{"rendered":"<div><img decoding=\"async\" width=\"580\" height=\"326\" src=\"https:\/\/www.lesgrottesdesaintcezaire.fr\/blog\/wp-content\/uploads\/2022\/09\/A-retenir-cette-publication-Village-Ados-1024x576-1.png\" class=\"attachment-large size-large wp-post-image\" alt=\"A-retenir-cette-publication-Village-Ados\" loading=\"lazy\" style=\"float:left; margin:0 15px 15px 0;\" srcset=\"https:\/\/www.lesgrottesdesaintcezaire.fr\/blog\/wp-content\/uploads\/2022\/09\/A-retenir-cette-publication-Village-Ados-1024x576-1.png 1024w, https:\/\/www.site.cdcl.xyz\/wp-content\/uploads\/2022\/09\/A-retenir-cette-publication-Village-Ados-300x169.png 300w, https:\/\/www.site.cdcl.xyz\/wp-content\/uploads\/2022\/09\/A-retenir-cette-publication-Village-Ados-768x432.png 768w, https:\/\/www.site.cdcl.xyz\/wp-content\/uploads\/2022\/09\/A-retenir-cette-publication-Village-Ados-1536x864.png 1536w, https:\/\/www.site.cdcl.xyz\/wp-content\/uploads\/2022\/09\/A-retenir-cette-publication-Village-Ados-1200x675.png 1200w, https:\/\/www.site.cdcl.xyz\/wp-content\/uploads\/2022\/09\/A-retenir-cette-publication-Village-Ados.png 1920w\" sizes=\"auto, (max-width: 580px) 100vw, 580px\"><\/p>\n<p>Notre \u00e9quipe va porter \u00e0 votre connaissance cet \u00e9ditorial qui vient d\u2019\u00eatre publi\u00e9, dont le sujet est \u00abl\u2019arch\u00e9ologie\u00bb.<\/p>\n<p>Le titre suggestif (Village Ados) est \u00e9vocateur.<\/p>\n<p>Sachez que l\u2019\u00e9crivain (identifi\u00e9 sous la signature  admin_vannes) est positivement connu pour plusieurs autres encarts qu\u2019il a publi\u00e9s sur le web.<\/p>\n<p>Les infos \u00e9dit\u00e9es sont en cons\u00e9quence jug\u00e9es valables.<\/p>\n<p>Voici ll\u2019article en question : <\/p>\n<p><span>Village Ados<\/span><br \/>\n<span><span lang=\"\" xml:lang=\"\">admin_vannes<\/span><\/span><br \/>\n<span>ven 23\/09\/2022 \u2013 14:20<\/span><\/p>\n<div><img decoding=\"async\" src=\"https:\/\/www.lesgrottesdesaintcezaire.fr\/blog\/wp-content\/uploads\/2022\/09\/Revue-de-presse-web-Village-Ados.png\" alt=\"\"><\/div>\n<div>\n<p>Animations \/\u00a0The\u0301a\u0302tre forum<br \/>\na\u0300 destination des e\u0301le\u0300ves de 4\u00e8me<\/p>\n<\/div>\n<div>Activit\u00e9s ludiques<\/div>\n<div>2022-10-04<\/div>\n<div>2022-10-06<\/div>\n<div>\n<div class=\"paragraph paragraph--type--texte\">\n<div>\n<p><strong>PROGRAMME\u00a0<\/strong><\/p>\n<p>Dure\u0301e 2h30<\/p>\n<p><strong>The\u0301a\u0302tre forum<\/strong><\/p>\n<p>Sur le the\u0300me du \u00ab Harce\u0300lement et re\u0301seaux sociaux \u00bb (1h15)<\/p>\n<p>Les come\u0301diens de la compagnie Instant(s) jouent une sce\u0300ne, les colle\u0301giens proposent des solutions.<\/p>\n<p><strong>Ateliers the\u0301matiques<\/strong>\u00a0<\/p>\n<p>Diffe\u0301rents ateliers (1h15)<\/p>\n<p>Espace \u00ab les Petites Causeries \u00bb<\/p>\n<p>\nLa fe\u0302te, le groupe, la me\u0301tamorphose, l\u2019e\u0301quilibre<\/p>\n<p>Espace \u00ab Vie affective et sexuelle \u00bb<\/p>\n<p>\nEspace \u00ab Sport, parlons-en ! \u00bb<\/p>\n<p>\nEspace \u00ab Sommeil \u00bb<\/p>\n<p>\nEspace \u00ab Re\u0301seaux sociaux \u00bb<\/p>\n<p>\nEspace \u00ab De\u0301bat mouvant et mur d\u2019expression \u00bb<\/p>\n<p>Espace \u00ab Convivialite\u0301 \u00bb<\/p>\n<\/div>\n<\/div>\n<\/div>\n<div>\n<div class=\"paragraph paragraph--type--cartographie\">\n<h2>Palais des Arts et des Congr\u00e8s<\/h2>\n<div id=\"paragraph-map\" data-lat=\"47.661937501614\" data-lng=\"-2.7612075\"><\/div>\n<\/div>\n<\/div>\n<div>Palais des Arts et des Congr\u00e8s<\/div>\n<div><\/div>\n<div><\/div>\n<div>1<\/div>\n<div>1<\/div>\n<div>0<\/div>\n<p><script async defer src=\"https:\/\/platform.instagram.com\/en_US\/embeds.js\"><\/script><\/p>\n<p>Ouvrages sur le m\u00eame propos:<\/p>\n<p>QuanTika, Tome 1 : Vestiges.,<a href=\"https:\/\/booknode.com\/quantika_tome_1_vestiges_0352312\" target=\"_blank\" rel=\"noopener noreferrer nofollow\">(Disponible) <\/a><span><\/span>.<\/p>\n<p>P\u00e9riode Glaciaire.,<a href=\"https:\/\/booknode.com\/periode_glaciaire_0112143\" target=\"_blank\" rel=\"noopener noreferrer nofollow\">A voir et \u00e0 lire. <\/a><span><\/span>.<\/p>\n<p>Tremplin d\u2019\u00e9toiles.,<a href=\"https:\/\/booknode.com\/tremplin_detoiles_0148772\" target=\"_blank\" rel=\"noopener noreferrer nofollow\">Clicker Ici <\/a><span><\/span>. Disponible dans toutes les bonnes biblioth\u00e8ques de votre d\u00e9partement.<\/p>\n<p>Note sur le monument des sources de la Seine \u2013 Lue \u00e0 la Soci\u00e9t\u00e9 parisienne d\u2019arch\u00e9ologie et d\u2019histoire.,<a href=\"https:\/\/www.kobo.com\/de\/fr\/ebook\/note-sur-le-monument-des-sources-de-la-seine-lue-a-la-societe-parisienne-d-archeologie-et-d-histoire\" target=\"_blank\" rel=\"noopener noreferrer nofollow\">Le livre <\/a><span><\/span>. Ouvrage de r\u00e9f\u00e9rence.<\/p>\n<\/div>\n","protected":false},"excerpt":{"rendered":"<p>Notre \u00e9quipe va porter \u00e0 votre connaissance cet \u00e9ditorial qui vient d\u2019\u00eatre publi\u00e9, dont le sujet est \u00abl\u2019arch\u00e9ologie\u00bb. Le titre suggestif (Village Ados) est \u00e9vocateur. Sachez que l\u2019\u00e9crivain (identifi\u00e9 sous la signature admin_vannes) est positivement connu pour plusieurs autres encarts qu\u2019il a publi\u00e9s sur le web. Les infos \u00e9dit\u00e9es sont en cons\u00e9quence jug\u00e9es valables. Voici [&hellip;]<\/p>\n","protected":false},"author":3,"featured_media":315,"comment_status":"closed","ping_status":"closed","sticky":false,"template":"","format":"standard","meta":{"footnotes":""},"categories":[2],"tags":[],"class_list":["post-313","post","type-post","status-publish","format-standard","has-post-thumbnail","hentry","category-patrimoine","entry","has-media"],"yoast_head":"<!-- This site is optimized with the Yoast SEO plugin v27.5 - https:\/\/yoast.com\/product\/yoast-seo-wordpress\/ -->\n<title>A retenir cette publication : Village Ados - LESGROTTESDESAINTCEZAIRE<\/title>\n<meta name=\"description\" content=\"A retenir cette publication : Village Ados article de LESGROTTESDESAINTCEZAIRE\" \/>\n<meta name=\"robots\" content=\"index, follow, max-snippet:-1, max-image-preview:large, max-video-preview:-1\" \/>\n<link rel=\"canonical\" href=\"https:\/\/www.lesgrottesdesaintcezaire.fr\/blog\/a-retenir-cette-publication-village-ados\/\" \/>\n<meta property=\"og:locale\" content=\"fr_FR\" \/>\n<meta property=\"og:type\" content=\"article\" \/>\n<meta property=\"og:title\" content=\"A retenir cette publication : Village Ados - LESGROTTESDESAINTCEZAIRE\" \/>\n<meta property=\"og:description\" content=\"A retenir cette publication : Village Ados article de LESGROTTESDESAINTCEZAIRE\" \/>\n<meta property=\"og:url\" content=\"https:\/\/www.lesgrottesdesaintcezaire.fr\/blog\/a-retenir-cette-publication-village-ados\/\" \/>\n<meta property=\"og:site_name\" content=\"LESGROTTESDESAINTCEZAIRE\" \/>\n<meta property=\"article:published_time\" content=\"2022-09-23T16:01:01+00:00\" \/>\n<meta property=\"og:image\" content=\"https:\/\/www.lesgrottesdesaintcezaire.fr\/blog\/wp-content\/uploads\/2022\/09\/sur-le.jpg\" \/>\n\t<meta property=\"og:image:width\" content=\"2048\" \/>\n\t<meta property=\"og:image:height\" content=\"1152\" \/>\n\t<meta property=\"og:image:type\" content=\"image\/jpeg\" \/>\n<meta name=\"author\" content=\"Fabienne MOUTON\" \/>\n<meta name=\"twitter:card\" content=\"summary_large_image\" \/>\n<meta name=\"twitter:label1\" content=\"\u00c9crit par\" \/>\n\t<meta name=\"twitter:data1\" content=\"Fabienne MOUTON\" \/>\n\t<meta name=\"twitter:label2\" content=\"Dur\u00e9e de lecture estim\u00e9e\" \/>\n\t<meta name=\"twitter:data2\" content=\"1 minute\" \/>\n<script type=\"application\/ld+json\" class=\"yoast-schema-graph\">{\"@context\":\"https:\\\/\\\/schema.org\",\"@graph\":[{\"@type\":\"Article\",\"@id\":\"https:\\\/\\\/www.lesgrottesdesaintcezaire.fr\\\/blog\\\/a-retenir-cette-publication-village-ados\\\/#article\",\"isPartOf\":{\"@id\":\"https:\\\/\\\/www.lesgrottesdesaintcezaire.fr\\\/blog\\\/a-retenir-cette-publication-village-ados\\\/\"},\"author\":{\"name\":\"Fabienne MOUTON\",\"@id\":\"https:\\\/\\\/www.lesgrottesdesaintcezaire.fr\\\/blog\\\/#\\\/schema\\\/person\\\/23d9a2ac249ecb9460a4ebce885adb9b\"},\"headline\":\"A retenir cette publication : Village Ados\",\"datePublished\":\"2022-09-23T16:01:01+00:00\",\"mainEntityOfPage\":{\"@id\":\"https:\\\/\\\/www.lesgrottesdesaintcezaire.fr\\\/blog\\\/a-retenir-cette-publication-village-ados\\\/\"},\"wordCount\":257,\"publisher\":{\"@id\":\"https:\\\/\\\/www.lesgrottesdesaintcezaire.fr\\\/blog\\\/#organization\"},\"image\":{\"@id\":\"https:\\\/\\\/www.lesgrottesdesaintcezaire.fr\\\/blog\\\/a-retenir-cette-publication-village-ados\\\/#primaryimage\"},\"thumbnailUrl\":\"https:\\\/\\\/www.lesgrottesdesaintcezaire.fr\\\/blog\\\/wp-content\\\/uploads\\\/2022\\\/09\\\/A-retenir-cette-publication-Village-Ados-1024x576-1.png\",\"articleSection\":[\"Patrimoine:\"],\"inLanguage\":\"fr-FR\"},{\"@type\":\"WebPage\",\"@id\":\"https:\\\/\\\/www.lesgrottesdesaintcezaire.fr\\\/blog\\\/a-retenir-cette-publication-village-ados\\\/\",\"url\":\"https:\\\/\\\/www.lesgrottesdesaintcezaire.fr\\\/blog\\\/a-retenir-cette-publication-village-ados\\\/\",\"name\":\"A retenir cette publication : Village Ados - LESGROTTESDESAINTCEZAIRE\",\"isPartOf\":{\"@id\":\"https:\\\/\\\/www.lesgrottesdesaintcezaire.fr\\\/blog\\\/#website\"},\"primaryImageOfPage\":{\"@id\":\"https:\\\/\\\/www.lesgrottesdesaintcezaire.fr\\\/blog\\\/a-retenir-cette-publication-village-ados\\\/#primaryimage\"},\"image\":{\"@id\":\"https:\\\/\\\/www.lesgrottesdesaintcezaire.fr\\\/blog\\\/a-retenir-cette-publication-village-ados\\\/#primaryimage\"},\"thumbnailUrl\":\"https:\\\/\\\/www.lesgrottesdesaintcezaire.fr\\\/blog\\\/wp-content\\\/uploads\\\/2022\\\/09\\\/A-retenir-cette-publication-Village-Ados-1024x576-1.png\",\"datePublished\":\"2022-09-23T16:01:01+00:00\",\"description\":\"A retenir cette publication : Village Ados article de LESGROTTESDESAINTCEZAIRE\",\"breadcrumb\":{\"@id\":\"https:\\\/\\\/www.lesgrottesdesaintcezaire.fr\\\/blog\\\/a-retenir-cette-publication-village-ados\\\/#breadcrumb\"},\"inLanguage\":\"fr-FR\",\"potentialAction\":[{\"@type\":\"ReadAction\",\"target\":[\"https:\\\/\\\/www.lesgrottesdesaintcezaire.fr\\\/blog\\\/a-retenir-cette-publication-village-ados\\\/\"]}]},{\"@type\":\"ImageObject\",\"inLanguage\":\"fr-FR\",\"@id\":\"https:\\\/\\\/www.lesgrottesdesaintcezaire.fr\\\/blog\\\/a-retenir-cette-publication-village-ados\\\/#primaryimage\",\"url\":\"https:\\\/\\\/www.lesgrottesdesaintcezaire.fr\\\/blog\\\/wp-content\\\/uploads\\\/2022\\\/09\\\/A-retenir-cette-publication-Village-Ados-1024x576-1.png\",\"contentUrl\":\"https:\\\/\\\/www.lesgrottesdesaintcezaire.fr\\\/blog\\\/wp-content\\\/uploads\\\/2022\\\/09\\\/A-retenir-cette-publication-Village-Ados-1024x576-1.png\",\"width\":1024,\"height\":576,\"caption\":\"A retenir cette publication Village Ados 1024x576 1\"},{\"@type\":\"BreadcrumbList\",\"@id\":\"https:\\\/\\\/www.lesgrottesdesaintcezaire.fr\\\/blog\\\/a-retenir-cette-publication-village-ados\\\/#breadcrumb\",\"itemListElement\":[{\"@type\":\"ListItem\",\"position\":1,\"name\":\"Accueil\",\"item\":\"https:\\\/\\\/www.lesgrottesdesaintcezaire.fr\\\/blog\\\/\"},{\"@type\":\"ListItem\",\"position\":2,\"name\":\"A retenir cette publication : Village Ados\"}]},{\"@type\":\"WebSite\",\"@id\":\"https:\\\/\\\/www.lesgrottesdesaintcezaire.fr\\\/blog\\\/#website\",\"url\":\"https:\\\/\\\/www.lesgrottesdesaintcezaire.fr\\\/blog\\\/\",\"name\":\"LESGROTTESDESAINTCEZAIRE\",\"description\":\"Patrimoine: Le site de r\u00e9f\u00e9rence.\",\"publisher\":{\"@id\":\"https:\\\/\\\/www.lesgrottesdesaintcezaire.fr\\\/blog\\\/#organization\"},\"potentialAction\":[{\"@type\":\"SearchAction\",\"target\":{\"@type\":\"EntryPoint\",\"urlTemplate\":\"https:\\\/\\\/www.lesgrottesdesaintcezaire.fr\\\/blog\\\/?s={search_term_string}\"},\"query-input\":{\"@type\":\"PropertyValueSpecification\",\"valueRequired\":true,\"valueName\":\"search_term_string\"}}],\"inLanguage\":\"fr-FR\"},{\"@type\":\"Organization\",\"@id\":\"https:\\\/\\\/www.lesgrottesdesaintcezaire.fr\\\/blog\\\/#organization\",\"name\":\"lesgrottesdesaintcezaire\",\"url\":\"https:\\\/\\\/www.lesgrottesdesaintcezaire.fr\\\/blog\\\/\",\"logo\":{\"@type\":\"ImageObject\",\"inLanguage\":\"fr-FR\",\"@id\":\"https:\\\/\\\/www.lesgrottesdesaintcezaire.fr\\\/blog\\\/#\\\/schema\\\/logo\\\/image\\\/\",\"url\":\"https:\\\/\\\/www.lesgrottesdesaintcezaire.fr\\\/blog\\\/wp-content\\\/uploads\\\/2022\\\/05\\\/logo-2.png\",\"contentUrl\":\"https:\\\/\\\/www.lesgrottesdesaintcezaire.fr\\\/blog\\\/wp-content\\\/uploads\\\/2022\\\/05\\\/logo-2.png\",\"width\":150,\"height\":209,\"caption\":\"lesgrottesdesaintcezaire\"},\"image\":{\"@id\":\"https:\\\/\\\/www.lesgrottesdesaintcezaire.fr\\\/blog\\\/#\\\/schema\\\/logo\\\/image\\\/\"}},{\"@type\":\"Person\",\"@id\":\"https:\\\/\\\/www.lesgrottesdesaintcezaire.fr\\\/blog\\\/#\\\/schema\\\/person\\\/23d9a2ac249ecb9460a4ebce885adb9b\",\"name\":\"Fabienne MOUTON\",\"image\":{\"@type\":\"ImageObject\",\"inLanguage\":\"fr-FR\",\"@id\":\"https:\\\/\\\/secure.gravatar.com\\\/avatar\\\/856d7a14385bb0216de9c5cf9fb1160ddbd11c00be5bb16cfe389b9971309649?s=96&d=mm&r=g\",\"url\":\"https:\\\/\\\/secure.gravatar.com\\\/avatar\\\/856d7a14385bb0216de9c5cf9fb1160ddbd11c00be5bb16cfe389b9971309649?s=96&d=mm&r=g\",\"contentUrl\":\"https:\\\/\\\/secure.gravatar.com\\\/avatar\\\/856d7a14385bb0216de9c5cf9fb1160ddbd11c00be5bb16cfe389b9971309649?s=96&d=mm&r=g\",\"caption\":\"Fabienne MOUTON\"},\"url\":\"https:\\\/\\\/www.lesgrottesdesaintcezaire.fr\\\/blog\\\/author\\\/irefabienne\\\/\"}]}<\/script>\n<!-- \/ Yoast SEO plugin. -->","yoast_head_json":{"title":"A retenir cette publication : Village Ados - LESGROTTESDESAINTCEZAIRE","description":"A retenir cette publication : Village Ados article de LESGROTTESDESAINTCEZAIRE","robots":{"index":"index","follow":"follow","max-snippet":"max-snippet:-1","max-image-preview":"max-image-preview:large","max-video-preview":"max-video-preview:-1"},"canonical":"https:\/\/www.lesgrottesdesaintcezaire.fr\/blog\/a-retenir-cette-publication-village-ados\/","og_locale":"fr_FR","og_type":"article","og_title":"A retenir cette publication : Village Ados - LESGROTTESDESAINTCEZAIRE","og_description":"A retenir cette publication : Village Ados article de LESGROTTESDESAINTCEZAIRE","og_url":"https:\/\/www.lesgrottesdesaintcezaire.fr\/blog\/a-retenir-cette-publication-village-ados\/","og_site_name":"LESGROTTESDESAINTCEZAIRE","article_published_time":"2022-09-23T16:01:01+00:00","og_image":[{"width":2048,"height":1152,"url":"https:\/\/www.lesgrottesdesaintcezaire.fr\/blog\/wp-content\/uploads\/2022\/09\/sur-le.jpg","type":"image\/jpeg"}],"author":"Fabienne MOUTON","twitter_card":"summary_large_image","twitter_misc":{"\u00c9crit par":"Fabienne MOUTON","Dur\u00e9e de lecture estim\u00e9e":"1 minute"},"schema":{"@context":"https:\/\/schema.org","@graph":[{"@type":"Article","@id":"https:\/\/www.lesgrottesdesaintcezaire.fr\/blog\/a-retenir-cette-publication-village-ados\/#article","isPartOf":{"@id":"https:\/\/www.lesgrottesdesaintcezaire.fr\/blog\/a-retenir-cette-publication-village-ados\/"},"author":{"name":"Fabienne MOUTON","@id":"https:\/\/www.lesgrottesdesaintcezaire.fr\/blog\/#\/schema\/person\/23d9a2ac249ecb9460a4ebce885adb9b"},"headline":"A retenir cette publication : Village Ados","datePublished":"2022-09-23T16:01:01+00:00","mainEntityOfPage":{"@id":"https:\/\/www.lesgrottesdesaintcezaire.fr\/blog\/a-retenir-cette-publication-village-ados\/"},"wordCount":257,"publisher":{"@id":"https:\/\/www.lesgrottesdesaintcezaire.fr\/blog\/#organization"},"image":{"@id":"https:\/\/www.lesgrottesdesaintcezaire.fr\/blog\/a-retenir-cette-publication-village-ados\/#primaryimage"},"thumbnailUrl":"https:\/\/www.lesgrottesdesaintcezaire.fr\/blog\/wp-content\/uploads\/2022\/09\/A-retenir-cette-publication-Village-Ados-1024x576-1.png","articleSection":["Patrimoine:"],"inLanguage":"fr-FR"},{"@type":"WebPage","@id":"https:\/\/www.lesgrottesdesaintcezaire.fr\/blog\/a-retenir-cette-publication-village-ados\/","url":"https:\/\/www.lesgrottesdesaintcezaire.fr\/blog\/a-retenir-cette-publication-village-ados\/","name":"A retenir cette publication : Village Ados - LESGROTTESDESAINTCEZAIRE","isPartOf":{"@id":"https:\/\/www.lesgrottesdesaintcezaire.fr\/blog\/#website"},"primaryImageOfPage":{"@id":"https:\/\/www.lesgrottesdesaintcezaire.fr\/blog\/a-retenir-cette-publication-village-ados\/#primaryimage"},"image":{"@id":"https:\/\/www.lesgrottesdesaintcezaire.fr\/blog\/a-retenir-cette-publication-village-ados\/#primaryimage"},"thumbnailUrl":"https:\/\/www.lesgrottesdesaintcezaire.fr\/blog\/wp-content\/uploads\/2022\/09\/A-retenir-cette-publication-Village-Ados-1024x576-1.png","datePublished":"2022-09-23T16:01:01+00:00","description":"A retenir cette publication : Village Ados article de LESGROTTESDESAINTCEZAIRE","breadcrumb":{"@id":"https:\/\/www.lesgrottesdesaintcezaire.fr\/blog\/a-retenir-cette-publication-village-ados\/#breadcrumb"},"inLanguage":"fr-FR","potentialAction":[{"@type":"ReadAction","target":["https:\/\/www.lesgrottesdesaintcezaire.fr\/blog\/a-retenir-cette-publication-village-ados\/"]}]},{"@type":"ImageObject","inLanguage":"fr-FR","@id":"https:\/\/www.lesgrottesdesaintcezaire.fr\/blog\/a-retenir-cette-publication-village-ados\/#primaryimage","url":"https:\/\/www.lesgrottesdesaintcezaire.fr\/blog\/wp-content\/uploads\/2022\/09\/A-retenir-cette-publication-Village-Ados-1024x576-1.png","contentUrl":"https:\/\/www.lesgrottesdesaintcezaire.fr\/blog\/wp-content\/uploads\/2022\/09\/A-retenir-cette-publication-Village-Ados-1024x576-1.png","width":1024,"height":576,"caption":"A retenir cette publication Village Ados 1024x576 1"},{"@type":"BreadcrumbList","@id":"https:\/\/www.lesgrottesdesaintcezaire.fr\/blog\/a-retenir-cette-publication-village-ados\/#breadcrumb","itemListElement":[{"@type":"ListItem","position":1,"name":"Accueil","item":"https:\/\/www.lesgrottesdesaintcezaire.fr\/blog\/"},{"@type":"ListItem","position":2,"name":"A retenir cette publication : Village Ados"}]},{"@type":"WebSite","@id":"https:\/\/www.lesgrottesdesaintcezaire.fr\/blog\/#website","url":"https:\/\/www.lesgrottesdesaintcezaire.fr\/blog\/","name":"LESGROTTESDESAINTCEZAIRE","description":"Patrimoine: Le site de r\u00e9f\u00e9rence.","publisher":{"@id":"https:\/\/www.lesgrottesdesaintcezaire.fr\/blog\/#organization"},"potentialAction":[{"@type":"SearchAction","target":{"@type":"EntryPoint","urlTemplate":"https:\/\/www.lesgrottesdesaintcezaire.fr\/blog\/?s={search_term_string}"},"query-input":{"@type":"PropertyValueSpecification","valueRequired":true,"valueName":"search_term_string"}}],"inLanguage":"fr-FR"},{"@type":"Organization","@id":"https:\/\/www.lesgrottesdesaintcezaire.fr\/blog\/#organization","name":"lesgrottesdesaintcezaire","url":"https:\/\/www.lesgrottesdesaintcezaire.fr\/blog\/","logo":{"@type":"ImageObject","inLanguage":"fr-FR","@id":"https:\/\/www.lesgrottesdesaintcezaire.fr\/blog\/#\/schema\/logo\/image\/","url":"https:\/\/www.lesgrottesdesaintcezaire.fr\/blog\/wp-content\/uploads\/2022\/05\/logo-2.png","contentUrl":"https:\/\/www.lesgrottesdesaintcezaire.fr\/blog\/wp-content\/uploads\/2022\/05\/logo-2.png","width":150,"height":209,"caption":"lesgrottesdesaintcezaire"},"image":{"@id":"https:\/\/www.lesgrottesdesaintcezaire.fr\/blog\/#\/schema\/logo\/image\/"}},{"@type":"Person","@id":"https:\/\/www.lesgrottesdesaintcezaire.fr\/blog\/#\/schema\/person\/23d9a2ac249ecb9460a4ebce885adb9b","name":"Fabienne MOUTON","image":{"@type":"ImageObject","inLanguage":"fr-FR","@id":"https:\/\/secure.gravatar.com\/avatar\/856d7a14385bb0216de9c5cf9fb1160ddbd11c00be5bb16cfe389b9971309649?s=96&d=mm&r=g","url":"https:\/\/secure.gravatar.com\/avatar\/856d7a14385bb0216de9c5cf9fb1160ddbd11c00be5bb16cfe389b9971309649?s=96&d=mm&r=g","contentUrl":"https:\/\/secure.gravatar.com\/avatar\/856d7a14385bb0216de9c5cf9fb1160ddbd11c00be5bb16cfe389b9971309649?s=96&d=mm&r=g","caption":"Fabienne MOUTON"},"url":"https:\/\/www.lesgrottesdesaintcezaire.fr\/blog\/author\/irefabienne\/"}]}},"_links":{"self":[{"href":"https:\/\/www.lesgrottesdesaintcezaire.fr\/blog\/wp-json\/wp\/v2\/posts\/313","targetHints":{"allow":["GET"]}}],"collection":[{"href":"https:\/\/www.lesgrottesdesaintcezaire.fr\/blog\/wp-json\/wp\/v2\/posts"}],"about":[{"href":"https:\/\/www.lesgrottesdesaintcezaire.fr\/blog\/wp-json\/wp\/v2\/types\/post"}],"author":[{"embeddable":true,"href":"https:\/\/www.lesgrottesdesaintcezaire.fr\/blog\/wp-json\/wp\/v2\/users\/3"}],"replies":[{"embeddable":true,"href":"https:\/\/www.lesgrottesdesaintcezaire.fr\/blog\/wp-json\/wp\/v2\/comments?post=313"}],"version-history":[{"count":0,"href":"https:\/\/www.lesgrottesdesaintcezaire.fr\/blog\/wp-json\/wp\/v2\/posts\/313\/revisions"}],"wp:featuredmedia":[{"embeddable":true,"href":"https:\/\/www.lesgrottesdesaintcezaire.fr\/blog\/wp-json\/wp\/v2\/media\/315"}],"wp:attachment":[{"href":"https:\/\/www.lesgrottesdesaintcezaire.fr\/blog\/wp-json\/wp\/v2\/media?parent=313"}],"wp:term":[{"taxonomy":"category","embeddable":true,"href":"https:\/\/www.lesgrottesdesaintcezaire.fr\/blog\/wp-json\/wp\/v2\/categories?post=313"},{"taxonomy":"post_tag","embeddable":true,"href":"https:\/\/www.lesgrottesdesaintcezaire.fr\/blog\/wp-json\/wp\/v2\/tags?post=313"}],"curies":[{"name":"wp","href":"https:\/\/api.w.org\/{rel}","templated":true}]}}