{"id":316,"date":"2022-09-26T14:11:34","date_gmt":"2022-09-26T12:11:34","guid":{"rendered":"https:\/\/www.lesgrottesdesaintcezaire.fr\/blog\/revue-de-presse-internet-semaine-departementale-du-prendre-soin\/"},"modified":"2022-09-26T14:11:34","modified_gmt":"2022-09-26T12:11:34","slug":"revue-de-presse-internet-semaine-departementale-du-prendre-soin","status":"publish","type":"post","link":"https:\/\/www.lesgrottesdesaintcezaire.fr\/blog\/revue-de-presse-internet-semaine-departementale-du-prendre-soin\/","title":{"rendered":"Revue de presse internet  : Semaine d\u00e9partementale du prendre soin"},"content":{"rendered":"<div><img decoding=\"async\" width=\"580\" height=\"435\" src=\"https:\/\/www.lesgrottesdesaintcezaire.fr\/blog\/wp-content\/uploads\/2022\/09\/Revue-de-presse-internet-Semaine-departementale-du-prendre-soin.png\" class=\"attachment-large size-large wp-post-image\" alt=\"Revue-de-presse-internet-Semaine-departementale-du-prendre-soin\" loading=\"lazy\" style=\"float:left; margin:0 15px 15px 0;\" srcset=\"https:\/\/www.lesgrottesdesaintcezaire.fr\/blog\/wp-content\/uploads\/2022\/09\/Revue-de-presse-internet-Semaine-departementale-du-prendre-soin.png 800w, https:\/\/www.site.cdcl.xyz\/wp-content\/uploads\/2022\/09\/Revue-de-presse-internet-Semaine-departementale-du-prendre-soin-300x225.png 300w, https:\/\/www.site.cdcl.xyz\/wp-content\/uploads\/2022\/09\/Revue-de-presse-internet-Semaine-departementale-du-prendre-soin-768x576.png 768w\" sizes=\"auto, (max-width: 580px) 100vw, 580px\"><\/p>\n<p>En consultant le web nous avons relev\u00e9 un post qui va vous plaire. Sa th\u00e9matique est \u00ab\u00a0l\u2019arch\u00e9ologie\u00a0\u00bb.<\/p>\n<p>Le titre saisissant (Semaine d\u00e9partementale du prendre soin) est \u00e9vocateur.<\/p>\n<p>L\u2019\u00e9ditorialiste (identifi\u00e9 sous le nom  admin_vannes) est positivement connu.<\/p>\n<p>La confiance est de ce fait substantielle concernant ce post.<\/p>\n<p>Sachez que la date de parution est 2022-09-26 14:11:34.<\/p>\n<p>Voil\u00e0 lle texte mentionn\u00e9 : <\/p>\n<p><span>Semaine d\u00e9partementale du prendre soin <\/span><br \/>\n<span><span lang=\"\" xml:lang=\"\">admin_vannes<\/span><\/span><br \/>\n<span>lun 26\/09\/2022 \u2013 14:11<\/span><\/p>\n<div><img decoding=\"async\" src=\"https:\/\/www.lesgrottesdesaintcezaire.fr\/blog\/wp-content\/uploads\/2022\/09\/Ceci-circule-sur-le-web-Semaine-departementale-du-prendre.png\" alt=\"\"><\/div>\n<div>\n<p>Semaine d\u00e9partementale du prendre soin et de l\u2019accompagnement<\/p>\n<\/div>\n<div>Ateliers<\/div>\n<div>2022-10-03<\/div>\n<div>2022-10-07<\/div>\n<div>\n<div class=\"paragraph paragraph--type--texte\">\n<div>\n<p><strong>Lundi 3 octobre<br \/>\n10h30-16h<\/strong><\/p>\n<p>Venez d\u00e9couvrir le secteur, ses emplois, ses formations et \u00e9changer avec les \u00e9tablissements, services et centres de formation pr\u00e9sents sur place !<\/p>\n<p>\u00a0<\/p>\n<p><strong>Du mardi 04 au vendredi 07 octobre<br \/>\n14h30 \u2013 16h00<\/strong><\/p>\n<p>PORTESOUVERTES des \u00e9tablissements de sant\u00e9 et m\u00e9dico-sociaux du D\u00e9partement*<br \/>\n(EHPAD, services d\u2019aides \u00e0 domicile, \u2026)<\/p>\n<p>\nVenez d\u00e9couvrir ces m\u00e9tiers en conditions r\u00e9elles.<br \/>\n*Retrouvez la liste des \u00e9tablissements participant sur www.pole-emploi.fr\/region\/bretagne<\/p>\n<p>\u00a0<\/p>\n<\/div>\n<\/div>\n<\/div>\n<div>\n<div class=\"paragraph paragraph--type--cartographie\">\n<h2>Palais des arts et des congr\u00e8s<\/h2>\n<div id=\"paragraph-map\" data-lat=\"47.661937501614\" data-lng=\"-2.7612075\"><\/div>\n<\/div>\n<\/div>\n<div>1<\/div>\n<div>0<\/div>\n<div>0<\/div>\n<div>\n<div>Date de d\u00e9publication<\/div>\n<div>ven 07\/10\/2022 \u2013 23:59<\/div>\n<\/div>\n<p>Parutions sur un th\u00e8me comparable:<\/p>\n<p>R\u00e9v\u00e9lations de l\u2019arch\u00e9ologie.,<a href=\"https:\/\/www.epagine.fr\/ebook\/9782706266348-revelations-de-l-archeologie-henri-paul-eydoux\/\" target=\"_blank\" rel=\"noopener noreferrer nofollow\">Le livre <\/a><span><\/span>.<\/p>\n<p>Papaut\u00e9, monachisme et th\u00e9ories politiques. Volume I.,<a href=\"https:\/\/www.kobo.com\/de\/fr\/ebook\/papaute-monachisme-et-theories-politiques-volume-i\" target=\"_blank\" rel=\"noopener noreferrer nofollow\">(Disponible) <\/a><span><\/span>.<\/p>\n<p>Ultime espoir.,<a href=\"https:\/\/booknode.com\/ultime_espoir_070688\" target=\"_blank\" rel=\"noopener noreferrer nofollow\">(Disponible) <\/a><span><\/span>.<\/p>\n<p>M\u00e9galithes de Vend\u00e9e (1) : L\u00e9gendes et arch\u00e9ologie.,<a href=\"https:\/\/www.epagine.fr\/ebook\/9782402019859-megalithes-de-vendee-1-legendes-et-archeologie-jean-loic-le-quellec-bertrand-poissonnier\/\" target=\"_blank\" rel=\"noopener noreferrer nofollow\">Le livre <\/a><span><\/span>. Disponible dans toutes les bonnes librairies.<\/p>\n<\/div>\n","protected":false},"excerpt":{"rendered":"<p>En consultant le web nous avons relev\u00e9 un post qui va vous plaire. Sa th\u00e9matique est \u00ab\u00a0l\u2019arch\u00e9ologie\u00a0\u00bb. Le titre saisissant (Semaine d\u00e9partementale du prendre soin) est \u00e9vocateur. L\u2019\u00e9ditorialiste (identifi\u00e9 sous le nom admin_vannes) est positivement connu. La confiance est de ce fait substantielle concernant ce post. Sachez que la date de parution est 2022-09-26 14:11:34. [&hellip;]<\/p>\n","protected":false},"author":3,"featured_media":318,"comment_status":"closed","ping_status":"closed","sticky":false,"template":"","format":"standard","meta":{"footnotes":""},"categories":[2],"tags":[],"class_list":["post-316","post","type-post","status-publish","format-standard","has-post-thumbnail","hentry","category-patrimoine","entry","has-media"],"yoast_head":"<!-- This site is optimized with the Yoast SEO plugin v27.5 - https:\/\/yoast.com\/product\/yoast-seo-wordpress\/ -->\n<title>Revue de presse internet : Semaine d\u00e9partementale du prendre soin - LESGROTTESDESAINTCEZAIRE<\/title>\n<meta name=\"description\" content=\"Revue de presse internet : Semaine d\u00e9partementale du prendre soin article de LESGROTTESDESAINTCEZAIRE\" \/>\n<meta name=\"robots\" content=\"index, follow, max-snippet:-1, max-image-preview:large, max-video-preview:-1\" \/>\n<link rel=\"canonical\" href=\"https:\/\/www.lesgrottesdesaintcezaire.fr\/blog\/revue-de-presse-internet-semaine-departementale-du-prendre-soin\/\" \/>\n<meta property=\"og:locale\" content=\"fr_FR\" \/>\n<meta property=\"og:type\" content=\"article\" \/>\n<meta property=\"og:title\" content=\"Revue de presse internet : Semaine d\u00e9partementale du prendre soin - LESGROTTESDESAINTCEZAIRE\" \/>\n<meta property=\"og:description\" content=\"Revue de presse internet : Semaine d\u00e9partementale du prendre soin article de LESGROTTESDESAINTCEZAIRE\" \/>\n<meta property=\"og:url\" content=\"https:\/\/www.lesgrottesdesaintcezaire.fr\/blog\/revue-de-presse-internet-semaine-departementale-du-prendre-soin\/\" \/>\n<meta property=\"og:site_name\" content=\"LESGROTTESDESAINTCEZAIRE\" \/>\n<meta property=\"article:published_time\" content=\"2022-09-26T12:11:34+00:00\" \/>\n<meta property=\"og:image\" content=\"https:\/\/www.lesgrottesdesaintcezaire.fr\/blog\/wp-content\/uploads\/2022\/09\/arch-ologie-8.jpg\" \/>\n\t<meta property=\"og:image:width\" content=\"640\" \/>\n\t<meta property=\"og:image:height\" content=\"640\" \/>\n\t<meta property=\"og:image:type\" content=\"image\/jpeg\" \/>\n<meta name=\"author\" content=\"Fabienne MOUTON\" \/>\n<meta name=\"twitter:card\" content=\"summary_large_image\" \/>\n<meta name=\"twitter:label1\" content=\"\u00c9crit par\" \/>\n\t<meta name=\"twitter:data1\" content=\"Fabienne MOUTON\" \/>\n\t<meta name=\"twitter:label2\" content=\"Dur\u00e9e de lecture estim\u00e9e\" \/>\n\t<meta name=\"twitter:data2\" content=\"1 minute\" \/>\n<script type=\"application\/ld+json\" class=\"yoast-schema-graph\">{\"@context\":\"https:\\\/\\\/schema.org\",\"@graph\":[{\"@type\":\"Article\",\"@id\":\"https:\\\/\\\/www.lesgrottesdesaintcezaire.fr\\\/blog\\\/revue-de-presse-internet-semaine-departementale-du-prendre-soin\\\/#article\",\"isPartOf\":{\"@id\":\"https:\\\/\\\/www.lesgrottesdesaintcezaire.fr\\\/blog\\\/revue-de-presse-internet-semaine-departementale-du-prendre-soin\\\/\"},\"author\":{\"name\":\"Fabienne MOUTON\",\"@id\":\"https:\\\/\\\/www.lesgrottesdesaintcezaire.fr\\\/blog\\\/#\\\/schema\\\/person\\\/23d9a2ac249ecb9460a4ebce885adb9b\"},\"headline\":\"Revue de presse internet : Semaine d\u00e9partementale du prendre soin\",\"datePublished\":\"2022-09-26T12:11:34+00:00\",\"mainEntityOfPage\":{\"@id\":\"https:\\\/\\\/www.lesgrottesdesaintcezaire.fr\\\/blog\\\/revue-de-presse-internet-semaine-departementale-du-prendre-soin\\\/\"},\"wordCount\":229,\"publisher\":{\"@id\":\"https:\\\/\\\/www.lesgrottesdesaintcezaire.fr\\\/blog\\\/#organization\"},\"image\":{\"@id\":\"https:\\\/\\\/www.lesgrottesdesaintcezaire.fr\\\/blog\\\/revue-de-presse-internet-semaine-departementale-du-prendre-soin\\\/#primaryimage\"},\"thumbnailUrl\":\"https:\\\/\\\/www.lesgrottesdesaintcezaire.fr\\\/blog\\\/wp-content\\\/uploads\\\/2022\\\/09\\\/Revue-de-presse-internet-Semaine-departementale-du-prendre-soin.png\",\"articleSection\":[\"Patrimoine:\"],\"inLanguage\":\"fr-FR\"},{\"@type\":\"WebPage\",\"@id\":\"https:\\\/\\\/www.lesgrottesdesaintcezaire.fr\\\/blog\\\/revue-de-presse-internet-semaine-departementale-du-prendre-soin\\\/\",\"url\":\"https:\\\/\\\/www.lesgrottesdesaintcezaire.fr\\\/blog\\\/revue-de-presse-internet-semaine-departementale-du-prendre-soin\\\/\",\"name\":\"Revue de presse internet : Semaine d\u00e9partementale du prendre soin - LESGROTTESDESAINTCEZAIRE\",\"isPartOf\":{\"@id\":\"https:\\\/\\\/www.lesgrottesdesaintcezaire.fr\\\/blog\\\/#website\"},\"primaryImageOfPage\":{\"@id\":\"https:\\\/\\\/www.lesgrottesdesaintcezaire.fr\\\/blog\\\/revue-de-presse-internet-semaine-departementale-du-prendre-soin\\\/#primaryimage\"},\"image\":{\"@id\":\"https:\\\/\\\/www.lesgrottesdesaintcezaire.fr\\\/blog\\\/revue-de-presse-internet-semaine-departementale-du-prendre-soin\\\/#primaryimage\"},\"thumbnailUrl\":\"https:\\\/\\\/www.lesgrottesdesaintcezaire.fr\\\/blog\\\/wp-content\\\/uploads\\\/2022\\\/09\\\/Revue-de-presse-internet-Semaine-departementale-du-prendre-soin.png\",\"datePublished\":\"2022-09-26T12:11:34+00:00\",\"description\":\"Revue de presse internet : Semaine d\u00e9partementale du prendre soin article de LESGROTTESDESAINTCEZAIRE\",\"breadcrumb\":{\"@id\":\"https:\\\/\\\/www.lesgrottesdesaintcezaire.fr\\\/blog\\\/revue-de-presse-internet-semaine-departementale-du-prendre-soin\\\/#breadcrumb\"},\"inLanguage\":\"fr-FR\",\"potentialAction\":[{\"@type\":\"ReadAction\",\"target\":[\"https:\\\/\\\/www.lesgrottesdesaintcezaire.fr\\\/blog\\\/revue-de-presse-internet-semaine-departementale-du-prendre-soin\\\/\"]}]},{\"@type\":\"ImageObject\",\"inLanguage\":\"fr-FR\",\"@id\":\"https:\\\/\\\/www.lesgrottesdesaintcezaire.fr\\\/blog\\\/revue-de-presse-internet-semaine-departementale-du-prendre-soin\\\/#primaryimage\",\"url\":\"https:\\\/\\\/www.lesgrottesdesaintcezaire.fr\\\/blog\\\/wp-content\\\/uploads\\\/2022\\\/09\\\/Revue-de-presse-internet-Semaine-departementale-du-prendre-soin.png\",\"contentUrl\":\"https:\\\/\\\/www.lesgrottesdesaintcezaire.fr\\\/blog\\\/wp-content\\\/uploads\\\/2022\\\/09\\\/Revue-de-presse-internet-Semaine-departementale-du-prendre-soin.png\",\"width\":800,\"height\":600,\"caption\":\"Revue de presse internet Semaine departementale du prendre soin\"},{\"@type\":\"BreadcrumbList\",\"@id\":\"https:\\\/\\\/www.lesgrottesdesaintcezaire.fr\\\/blog\\\/revue-de-presse-internet-semaine-departementale-du-prendre-soin\\\/#breadcrumb\",\"itemListElement\":[{\"@type\":\"ListItem\",\"position\":1,\"name\":\"Accueil\",\"item\":\"https:\\\/\\\/www.lesgrottesdesaintcezaire.fr\\\/blog\\\/\"},{\"@type\":\"ListItem\",\"position\":2,\"name\":\"Revue de presse internet : Semaine d\u00e9partementale du prendre soin\"}]},{\"@type\":\"WebSite\",\"@id\":\"https:\\\/\\\/www.lesgrottesdesaintcezaire.fr\\\/blog\\\/#website\",\"url\":\"https:\\\/\\\/www.lesgrottesdesaintcezaire.fr\\\/blog\\\/\",\"name\":\"LESGROTTESDESAINTCEZAIRE\",\"description\":\"Patrimoine: Le site de r\u00e9f\u00e9rence.\",\"publisher\":{\"@id\":\"https:\\\/\\\/www.lesgrottesdesaintcezaire.fr\\\/blog\\\/#organization\"},\"potentialAction\":[{\"@type\":\"SearchAction\",\"target\":{\"@type\":\"EntryPoint\",\"urlTemplate\":\"https:\\\/\\\/www.lesgrottesdesaintcezaire.fr\\\/blog\\\/?s={search_term_string}\"},\"query-input\":{\"@type\":\"PropertyValueSpecification\",\"valueRequired\":true,\"valueName\":\"search_term_string\"}}],\"inLanguage\":\"fr-FR\"},{\"@type\":\"Organization\",\"@id\":\"https:\\\/\\\/www.lesgrottesdesaintcezaire.fr\\\/blog\\\/#organization\",\"name\":\"lesgrottesdesaintcezaire\",\"url\":\"https:\\\/\\\/www.lesgrottesdesaintcezaire.fr\\\/blog\\\/\",\"logo\":{\"@type\":\"ImageObject\",\"inLanguage\":\"fr-FR\",\"@id\":\"https:\\\/\\\/www.lesgrottesdesaintcezaire.fr\\\/blog\\\/#\\\/schema\\\/logo\\\/image\\\/\",\"url\":\"https:\\\/\\\/www.lesgrottesdesaintcezaire.fr\\\/blog\\\/wp-content\\\/uploads\\\/2022\\\/05\\\/logo-2.png\",\"contentUrl\":\"https:\\\/\\\/www.lesgrottesdesaintcezaire.fr\\\/blog\\\/wp-content\\\/uploads\\\/2022\\\/05\\\/logo-2.png\",\"width\":150,\"height\":209,\"caption\":\"lesgrottesdesaintcezaire\"},\"image\":{\"@id\":\"https:\\\/\\\/www.lesgrottesdesaintcezaire.fr\\\/blog\\\/#\\\/schema\\\/logo\\\/image\\\/\"}},{\"@type\":\"Person\",\"@id\":\"https:\\\/\\\/www.lesgrottesdesaintcezaire.fr\\\/blog\\\/#\\\/schema\\\/person\\\/23d9a2ac249ecb9460a4ebce885adb9b\",\"name\":\"Fabienne MOUTON\",\"image\":{\"@type\":\"ImageObject\",\"inLanguage\":\"fr-FR\",\"@id\":\"https:\\\/\\\/secure.gravatar.com\\\/avatar\\\/856d7a14385bb0216de9c5cf9fb1160ddbd11c00be5bb16cfe389b9971309649?s=96&d=mm&r=g\",\"url\":\"https:\\\/\\\/secure.gravatar.com\\\/avatar\\\/856d7a14385bb0216de9c5cf9fb1160ddbd11c00be5bb16cfe389b9971309649?s=96&d=mm&r=g\",\"contentUrl\":\"https:\\\/\\\/secure.gravatar.com\\\/avatar\\\/856d7a14385bb0216de9c5cf9fb1160ddbd11c00be5bb16cfe389b9971309649?s=96&d=mm&r=g\",\"caption\":\"Fabienne MOUTON\"},\"url\":\"https:\\\/\\\/www.lesgrottesdesaintcezaire.fr\\\/blog\\\/author\\\/irefabienne\\\/\"}]}<\/script>\n<!-- \/ Yoast SEO plugin. -->","yoast_head_json":{"title":"Revue de presse internet : Semaine d\u00e9partementale du prendre soin - LESGROTTESDESAINTCEZAIRE","description":"Revue de presse internet : Semaine d\u00e9partementale du prendre soin article de LESGROTTESDESAINTCEZAIRE","robots":{"index":"index","follow":"follow","max-snippet":"max-snippet:-1","max-image-preview":"max-image-preview:large","max-video-preview":"max-video-preview:-1"},"canonical":"https:\/\/www.lesgrottesdesaintcezaire.fr\/blog\/revue-de-presse-internet-semaine-departementale-du-prendre-soin\/","og_locale":"fr_FR","og_type":"article","og_title":"Revue de presse internet : Semaine d\u00e9partementale du prendre soin - LESGROTTESDESAINTCEZAIRE","og_description":"Revue de presse internet : Semaine d\u00e9partementale du prendre soin article de LESGROTTESDESAINTCEZAIRE","og_url":"https:\/\/www.lesgrottesdesaintcezaire.fr\/blog\/revue-de-presse-internet-semaine-departementale-du-prendre-soin\/","og_site_name":"LESGROTTESDESAINTCEZAIRE","article_published_time":"2022-09-26T12:11:34+00:00","og_image":[{"width":640,"height":640,"url":"https:\/\/www.lesgrottesdesaintcezaire.fr\/blog\/wp-content\/uploads\/2022\/09\/arch-ologie-8.jpg","type":"image\/jpeg"}],"author":"Fabienne MOUTON","twitter_card":"summary_large_image","twitter_misc":{"\u00c9crit par":"Fabienne MOUTON","Dur\u00e9e de lecture estim\u00e9e":"1 minute"},"schema":{"@context":"https:\/\/schema.org","@graph":[{"@type":"Article","@id":"https:\/\/www.lesgrottesdesaintcezaire.fr\/blog\/revue-de-presse-internet-semaine-departementale-du-prendre-soin\/#article","isPartOf":{"@id":"https:\/\/www.lesgrottesdesaintcezaire.fr\/blog\/revue-de-presse-internet-semaine-departementale-du-prendre-soin\/"},"author":{"name":"Fabienne MOUTON","@id":"https:\/\/www.lesgrottesdesaintcezaire.fr\/blog\/#\/schema\/person\/23d9a2ac249ecb9460a4ebce885adb9b"},"headline":"Revue de presse internet : Semaine d\u00e9partementale du prendre soin","datePublished":"2022-09-26T12:11:34+00:00","mainEntityOfPage":{"@id":"https:\/\/www.lesgrottesdesaintcezaire.fr\/blog\/revue-de-presse-internet-semaine-departementale-du-prendre-soin\/"},"wordCount":229,"publisher":{"@id":"https:\/\/www.lesgrottesdesaintcezaire.fr\/blog\/#organization"},"image":{"@id":"https:\/\/www.lesgrottesdesaintcezaire.fr\/blog\/revue-de-presse-internet-semaine-departementale-du-prendre-soin\/#primaryimage"},"thumbnailUrl":"https:\/\/www.lesgrottesdesaintcezaire.fr\/blog\/wp-content\/uploads\/2022\/09\/Revue-de-presse-internet-Semaine-departementale-du-prendre-soin.png","articleSection":["Patrimoine:"],"inLanguage":"fr-FR"},{"@type":"WebPage","@id":"https:\/\/www.lesgrottesdesaintcezaire.fr\/blog\/revue-de-presse-internet-semaine-departementale-du-prendre-soin\/","url":"https:\/\/www.lesgrottesdesaintcezaire.fr\/blog\/revue-de-presse-internet-semaine-departementale-du-prendre-soin\/","name":"Revue de presse internet : Semaine d\u00e9partementale du prendre soin - LESGROTTESDESAINTCEZAIRE","isPartOf":{"@id":"https:\/\/www.lesgrottesdesaintcezaire.fr\/blog\/#website"},"primaryImageOfPage":{"@id":"https:\/\/www.lesgrottesdesaintcezaire.fr\/blog\/revue-de-presse-internet-semaine-departementale-du-prendre-soin\/#primaryimage"},"image":{"@id":"https:\/\/www.lesgrottesdesaintcezaire.fr\/blog\/revue-de-presse-internet-semaine-departementale-du-prendre-soin\/#primaryimage"},"thumbnailUrl":"https:\/\/www.lesgrottesdesaintcezaire.fr\/blog\/wp-content\/uploads\/2022\/09\/Revue-de-presse-internet-Semaine-departementale-du-prendre-soin.png","datePublished":"2022-09-26T12:11:34+00:00","description":"Revue de presse internet : Semaine d\u00e9partementale du prendre soin article de LESGROTTESDESAINTCEZAIRE","breadcrumb":{"@id":"https:\/\/www.lesgrottesdesaintcezaire.fr\/blog\/revue-de-presse-internet-semaine-departementale-du-prendre-soin\/#breadcrumb"},"inLanguage":"fr-FR","potentialAction":[{"@type":"ReadAction","target":["https:\/\/www.lesgrottesdesaintcezaire.fr\/blog\/revue-de-presse-internet-semaine-departementale-du-prendre-soin\/"]}]},{"@type":"ImageObject","inLanguage":"fr-FR","@id":"https:\/\/www.lesgrottesdesaintcezaire.fr\/blog\/revue-de-presse-internet-semaine-departementale-du-prendre-soin\/#primaryimage","url":"https:\/\/www.lesgrottesdesaintcezaire.fr\/blog\/wp-content\/uploads\/2022\/09\/Revue-de-presse-internet-Semaine-departementale-du-prendre-soin.png","contentUrl":"https:\/\/www.lesgrottesdesaintcezaire.fr\/blog\/wp-content\/uploads\/2022\/09\/Revue-de-presse-internet-Semaine-departementale-du-prendre-soin.png","width":800,"height":600,"caption":"Revue de presse internet Semaine departementale du prendre soin"},{"@type":"BreadcrumbList","@id":"https:\/\/www.lesgrottesdesaintcezaire.fr\/blog\/revue-de-presse-internet-semaine-departementale-du-prendre-soin\/#breadcrumb","itemListElement":[{"@type":"ListItem","position":1,"name":"Accueil","item":"https:\/\/www.lesgrottesdesaintcezaire.fr\/blog\/"},{"@type":"ListItem","position":2,"name":"Revue de presse internet : Semaine d\u00e9partementale du prendre soin"}]},{"@type":"WebSite","@id":"https:\/\/www.lesgrottesdesaintcezaire.fr\/blog\/#website","url":"https:\/\/www.lesgrottesdesaintcezaire.fr\/blog\/","name":"LESGROTTESDESAINTCEZAIRE","description":"Patrimoine: Le site de r\u00e9f\u00e9rence.","publisher":{"@id":"https:\/\/www.lesgrottesdesaintcezaire.fr\/blog\/#organization"},"potentialAction":[{"@type":"SearchAction","target":{"@type":"EntryPoint","urlTemplate":"https:\/\/www.lesgrottesdesaintcezaire.fr\/blog\/?s={search_term_string}"},"query-input":{"@type":"PropertyValueSpecification","valueRequired":true,"valueName":"search_term_string"}}],"inLanguage":"fr-FR"},{"@type":"Organization","@id":"https:\/\/www.lesgrottesdesaintcezaire.fr\/blog\/#organization","name":"lesgrottesdesaintcezaire","url":"https:\/\/www.lesgrottesdesaintcezaire.fr\/blog\/","logo":{"@type":"ImageObject","inLanguage":"fr-FR","@id":"https:\/\/www.lesgrottesdesaintcezaire.fr\/blog\/#\/schema\/logo\/image\/","url":"https:\/\/www.lesgrottesdesaintcezaire.fr\/blog\/wp-content\/uploads\/2022\/05\/logo-2.png","contentUrl":"https:\/\/www.lesgrottesdesaintcezaire.fr\/blog\/wp-content\/uploads\/2022\/05\/logo-2.png","width":150,"height":209,"caption":"lesgrottesdesaintcezaire"},"image":{"@id":"https:\/\/www.lesgrottesdesaintcezaire.fr\/blog\/#\/schema\/logo\/image\/"}},{"@type":"Person","@id":"https:\/\/www.lesgrottesdesaintcezaire.fr\/blog\/#\/schema\/person\/23d9a2ac249ecb9460a4ebce885adb9b","name":"Fabienne MOUTON","image":{"@type":"ImageObject","inLanguage":"fr-FR","@id":"https:\/\/secure.gravatar.com\/avatar\/856d7a14385bb0216de9c5cf9fb1160ddbd11c00be5bb16cfe389b9971309649?s=96&d=mm&r=g","url":"https:\/\/secure.gravatar.com\/avatar\/856d7a14385bb0216de9c5cf9fb1160ddbd11c00be5bb16cfe389b9971309649?s=96&d=mm&r=g","contentUrl":"https:\/\/secure.gravatar.com\/avatar\/856d7a14385bb0216de9c5cf9fb1160ddbd11c00be5bb16cfe389b9971309649?s=96&d=mm&r=g","caption":"Fabienne MOUTON"},"url":"https:\/\/www.lesgrottesdesaintcezaire.fr\/blog\/author\/irefabienne\/"}]}},"_links":{"self":[{"href":"https:\/\/www.lesgrottesdesaintcezaire.fr\/blog\/wp-json\/wp\/v2\/posts\/316","targetHints":{"allow":["GET"]}}],"collection":[{"href":"https:\/\/www.lesgrottesdesaintcezaire.fr\/blog\/wp-json\/wp\/v2\/posts"}],"about":[{"href":"https:\/\/www.lesgrottesdesaintcezaire.fr\/blog\/wp-json\/wp\/v2\/types\/post"}],"author":[{"embeddable":true,"href":"https:\/\/www.lesgrottesdesaintcezaire.fr\/blog\/wp-json\/wp\/v2\/users\/3"}],"replies":[{"embeddable":true,"href":"https:\/\/www.lesgrottesdesaintcezaire.fr\/blog\/wp-json\/wp\/v2\/comments?post=316"}],"version-history":[{"count":0,"href":"https:\/\/www.lesgrottesdesaintcezaire.fr\/blog\/wp-json\/wp\/v2\/posts\/316\/revisions"}],"wp:featuredmedia":[{"embeddable":true,"href":"https:\/\/www.lesgrottesdesaintcezaire.fr\/blog\/wp-json\/wp\/v2\/media\/318"}],"wp:attachment":[{"href":"https:\/\/www.lesgrottesdesaintcezaire.fr\/blog\/wp-json\/wp\/v2\/media?parent=316"}],"wp:term":[{"taxonomy":"category","embeddable":true,"href":"https:\/\/www.lesgrottesdesaintcezaire.fr\/blog\/wp-json\/wp\/v2\/categories?post=316"},{"taxonomy":"post_tag","embeddable":true,"href":"https:\/\/www.lesgrottesdesaintcezaire.fr\/blog\/wp-json\/wp\/v2\/tags?post=316"}],"curies":[{"name":"wp","href":"https:\/\/api.w.org\/{rel}","templated":true}]}}