{"id":321,"date":"2022-09-27T11:23:34","date_gmt":"2022-09-27T09:23:34","guid":{"rendered":"https:\/\/www.lesgrottesdesaintcezaire.fr\/blog\/sur-le-web-professionnels-recyclez-vos-vieux-appareils\/"},"modified":"2022-09-27T11:23:34","modified_gmt":"2022-09-27T09:23:34","slug":"sur-le-web-professionnels-recyclez-vos-vieux-appareils","status":"publish","type":"post","link":"https:\/\/www.lesgrottesdesaintcezaire.fr\/blog\/sur-le-web-professionnels-recyclez-vos-vieux-appareils\/","title":{"rendered":"Sur le web  : Professionnels ! Recyclez vos vieux appareils"},"content":{"rendered":"<div><img decoding=\"async\" width=\"580\" height=\"398\" src=\"https:\/\/www.lesgrottesdesaintcezaire.fr\/blog\/wp-content\/uploads\/2022\/09\/Sur-le-web-Professionnels-Recyclez-vos-vieux-appareils-1024x703-1.jpg\" class=\"attachment-large size-large wp-post-image\" alt=\"Sur-le-web-Professionnels-Recyclez-vos-vieux-appareils\" loading=\"lazy\" style=\"float:left; margin:0 15px 15px 0;\" srcset=\"https:\/\/www.lesgrottesdesaintcezaire.fr\/blog\/wp-content\/uploads\/2022\/09\/Sur-le-web-Professionnels-Recyclez-vos-vieux-appareils-1024x703-1.jpg 1024w, https:\/\/www.site.cdcl.xyz\/wp-content\/uploads\/2022\/09\/Sur-le-web-Professionnels-Recyclez-vos-vieux-appareils-300x206.jpg 300w, https:\/\/www.site.cdcl.xyz\/wp-content\/uploads\/2022\/09\/Sur-le-web-Professionnels-Recyclez-vos-vieux-appareils-768x527.jpg 768w, https:\/\/www.site.cdcl.xyz\/wp-content\/uploads\/2022\/09\/Sur-le-web-Professionnels-Recyclez-vos-vieux-appareils-1200x823.jpg 1200w, https:\/\/www.site.cdcl.xyz\/wp-content\/uploads\/2022\/09\/Sur-le-web-Professionnels-Recyclez-vos-vieux-appareils.jpg 1386w\" sizes=\"auto, (max-width: 580px) 100vw, 580px\"><\/p>\n<p>Dans le cadre de notre mission d\u2019information, nous publions ci-dessous un article vu sur le web aujourd\u2019hui. Le propos est \u00abl\u2019arch\u00e9ologie\u00bb.<\/p>\n<p>Son titre suggestif (Professionnels ! Recyclez vos vieux appareils) est sans ambigu\u00eft\u00e9.<\/p>\n<p> Identifi\u00e9 sous la signature \u00abd\u2019anonymat<br \/>\n\u00bb, le pigiste est reconnu comme quelqu\u2019un de s\u00e9rieux.<\/p>\n<p>Vous pouvez en cons\u00e9quence faire confiance \u00e0 cette \u00e9dition.<\/p>\n<p>La date de publication est 2022-09-27 11:23:34.<\/p>\n<p>L\u2019article  : <\/p>\n<p><img decoding=\"async\" src=\"https:\/\/www.lesgrottesdesaintcezaire.fr\/blog\/wp-content\/uploads\/2022\/09\/Infos-toute-fraiche-Professionnels-Recyclez-vos-vieux-appareils.jpg\"><\/p>\n<div itemprop=\"description\">\n<p>Du 26 au 30 septembre 2022, le SPN et les Ateliers du Bocage vous proposent une grande action de collecte d\u2019objet num\u00e9rique \u00e0 Niort TECH ! <\/p>\n<\/div>\n<div itemprop=\"articleBody\">\n<p>A l\u2019ocasion de la semaine du d\u00e9veloppement durable,\u00a0le\u00a0SPN\u00a0s\u2019associe aux\u00a0Ateliers du Bocage\u00a0et vous proposent une grande action de collecte des \u00e9quipements num\u00e9riques qui ne vous servent plus, qui ont \u00e9t\u00e9 oubli\u00e9s dans les placards et qui pourraient avoir une seconde vie !<\/p>\n<p>Les \u00e9quipements accept\u00e9s :<\/p>\n<p>Attention cette collecte est r\u00e9serv\u00e9e aux professionnels.<\/p>\n<p>Les particuliers peuvent se rapprocher de la ressourcerie Bazar, etc. pour donner une seconde vie \u00e0 leurs mat\u00e9riels.<\/p>\n<\/div>\n<p>Ce sujet correspond \u00e0 vos questions vous appr\u00e9cierez \u00e9galement ces publications :<\/p>\n<p>R\u00e9v\u00e9lations de l\u2019arch\u00e9ologie.,<a href=\"https:\/\/www.epagine.fr\/ebook\/9782706266348-revelations-de-l-archeologie-henri-paul-eydoux\/\" target=\"_blank\" rel=\"noopener noreferrer nofollow\">Le livre <\/a><span><\/span>.<\/p>\n<p>Nefertari Dream.,<a href=\"https:\/\/booknode.com\/nefertari_dream_03182825\" target=\"_blank\" rel=\"noopener noreferrer nofollow\">Le livre <\/a><span><\/span>.<\/p>\n<p>scandale au manoir.,<a href=\"https:\/\/booknode.com\/scandale_au_manoir_0114281\" target=\"_blank\" rel=\"noopener noreferrer nofollow\">Le livre <\/a><span><\/span>. Disponible dans toutes les bonnes librairies.<\/p>\n<p>On a retrouv\u00e9 l\u2019histoire de France ; comment l\u2019arch\u00e9ologie raconte notre pass\u00e9.,<a href=\"https:\/\/www.epagine.fr\/ebook\/9782221131305-on-a-retrouve-l-histoire-de-france-comment-l-archeologie-raconte-notre-passe-jean-paul-demoule\/\" target=\"_blank\" rel=\"noopener noreferrer nofollow\">(Disponible) <\/a><span><\/span>.<\/p>\n<\/div>\n","protected":false},"excerpt":{"rendered":"<p>Dans le cadre de notre mission d\u2019information, nous publions ci-dessous un article vu sur le web aujourd\u2019hui. Le propos est \u00abl\u2019arch\u00e9ologie\u00bb. Son titre suggestif (Professionnels ! Recyclez vos vieux appareils) est sans ambigu\u00eft\u00e9. Identifi\u00e9 sous la signature \u00abd\u2019anonymat \u00bb, le pigiste est reconnu comme quelqu\u2019un de s\u00e9rieux. Vous pouvez en cons\u00e9quence faire confiance \u00e0 cette [&hellip;]<\/p>\n","protected":false},"author":3,"featured_media":323,"comment_status":"closed","ping_status":"closed","sticky":false,"template":"","format":"standard","meta":{"footnotes":""},"categories":[2],"tags":[],"class_list":["post-321","post","type-post","status-publish","format-standard","has-post-thumbnail","hentry","category-patrimoine","entry","has-media"],"yoast_head":"<!-- This site is optimized with the Yoast SEO plugin v27.5 - https:\/\/yoast.com\/product\/yoast-seo-wordpress\/ -->\n<title>Sur le web : Professionnels ! Recyclez vos vieux appareils - LESGROTTESDESAINTCEZAIRE<\/title>\n<meta name=\"description\" content=\"Sur le web : Professionnels ! Recyclez vos vieux appareils article de LESGROTTESDESAINTCEZAIRE\" \/>\n<meta name=\"robots\" content=\"index, follow, max-snippet:-1, max-image-preview:large, max-video-preview:-1\" \/>\n<link rel=\"canonical\" href=\"https:\/\/www.lesgrottesdesaintcezaire.fr\/blog\/sur-le-web-professionnels-recyclez-vos-vieux-appareils\/\" \/>\n<meta property=\"og:locale\" content=\"fr_FR\" \/>\n<meta property=\"og:type\" content=\"article\" \/>\n<meta property=\"og:title\" content=\"Sur le web : Professionnels ! Recyclez vos vieux appareils - LESGROTTESDESAINTCEZAIRE\" \/>\n<meta property=\"og:description\" content=\"Sur le web : Professionnels ! Recyclez vos vieux appareils article de LESGROTTESDESAINTCEZAIRE\" \/>\n<meta property=\"og:url\" content=\"https:\/\/www.lesgrottesdesaintcezaire.fr\/blog\/sur-le-web-professionnels-recyclez-vos-vieux-appareils\/\" \/>\n<meta property=\"og:site_name\" content=\"LESGROTTESDESAINTCEZAIRE\" \/>\n<meta property=\"article:published_time\" content=\"2022-09-27T09:23:34+00:00\" \/>\n<meta property=\"og:image\" content=\"https:\/\/www.lesgrottesdesaintcezaire.fr\/blog\/wp-content\/uploads\/2022\/09\/l-arch-1.jpg\" \/>\n\t<meta property=\"og:image:width\" content=\"1594\" \/>\n\t<meta property=\"og:image:height\" content=\"1065\" \/>\n\t<meta property=\"og:image:type\" content=\"image\/jpeg\" \/>\n<meta name=\"author\" content=\"Fabienne MOUTON\" \/>\n<meta name=\"twitter:card\" content=\"summary_large_image\" \/>\n<meta name=\"twitter:label1\" content=\"\u00c9crit par\" \/>\n\t<meta name=\"twitter:data1\" content=\"Fabienne MOUTON\" \/>\n\t<meta name=\"twitter:label2\" content=\"Dur\u00e9e de lecture estim\u00e9e\" \/>\n\t<meta name=\"twitter:data2\" content=\"1 minute\" \/>\n<script type=\"application\/ld+json\" class=\"yoast-schema-graph\">{\"@context\":\"https:\\\/\\\/schema.org\",\"@graph\":[{\"@type\":\"Article\",\"@id\":\"https:\\\/\\\/www.lesgrottesdesaintcezaire.fr\\\/blog\\\/sur-le-web-professionnels-recyclez-vos-vieux-appareils\\\/#article\",\"isPartOf\":{\"@id\":\"https:\\\/\\\/www.lesgrottesdesaintcezaire.fr\\\/blog\\\/sur-le-web-professionnels-recyclez-vos-vieux-appareils\\\/\"},\"author\":{\"name\":\"Fabienne MOUTON\",\"@id\":\"https:\\\/\\\/www.lesgrottesdesaintcezaire.fr\\\/blog\\\/#\\\/schema\\\/person\\\/23d9a2ac249ecb9460a4ebce885adb9b\"},\"headline\":\"Sur le web : Professionnels ! Recyclez vos vieux appareils\",\"datePublished\":\"2022-09-27T09:23:34+00:00\",\"mainEntityOfPage\":{\"@id\":\"https:\\\/\\\/www.lesgrottesdesaintcezaire.fr\\\/blog\\\/sur-le-web-professionnels-recyclez-vos-vieux-appareils\\\/\"},\"wordCount\":233,\"publisher\":{\"@id\":\"https:\\\/\\\/www.lesgrottesdesaintcezaire.fr\\\/blog\\\/#organization\"},\"image\":{\"@id\":\"https:\\\/\\\/www.lesgrottesdesaintcezaire.fr\\\/blog\\\/sur-le-web-professionnels-recyclez-vos-vieux-appareils\\\/#primaryimage\"},\"thumbnailUrl\":\"https:\\\/\\\/www.lesgrottesdesaintcezaire.fr\\\/blog\\\/wp-content\\\/uploads\\\/2022\\\/09\\\/Sur-le-web-Professionnels-Recyclez-vos-vieux-appareils-1024x703-1.jpg\",\"articleSection\":[\"Patrimoine:\"],\"inLanguage\":\"fr-FR\"},{\"@type\":\"WebPage\",\"@id\":\"https:\\\/\\\/www.lesgrottesdesaintcezaire.fr\\\/blog\\\/sur-le-web-professionnels-recyclez-vos-vieux-appareils\\\/\",\"url\":\"https:\\\/\\\/www.lesgrottesdesaintcezaire.fr\\\/blog\\\/sur-le-web-professionnels-recyclez-vos-vieux-appareils\\\/\",\"name\":\"Sur le web : Professionnels ! Recyclez vos vieux appareils - LESGROTTESDESAINTCEZAIRE\",\"isPartOf\":{\"@id\":\"https:\\\/\\\/www.lesgrottesdesaintcezaire.fr\\\/blog\\\/#website\"},\"primaryImageOfPage\":{\"@id\":\"https:\\\/\\\/www.lesgrottesdesaintcezaire.fr\\\/blog\\\/sur-le-web-professionnels-recyclez-vos-vieux-appareils\\\/#primaryimage\"},\"image\":{\"@id\":\"https:\\\/\\\/www.lesgrottesdesaintcezaire.fr\\\/blog\\\/sur-le-web-professionnels-recyclez-vos-vieux-appareils\\\/#primaryimage\"},\"thumbnailUrl\":\"https:\\\/\\\/www.lesgrottesdesaintcezaire.fr\\\/blog\\\/wp-content\\\/uploads\\\/2022\\\/09\\\/Sur-le-web-Professionnels-Recyclez-vos-vieux-appareils-1024x703-1.jpg\",\"datePublished\":\"2022-09-27T09:23:34+00:00\",\"description\":\"Sur le web : Professionnels ! Recyclez vos vieux appareils article de LESGROTTESDESAINTCEZAIRE\",\"breadcrumb\":{\"@id\":\"https:\\\/\\\/www.lesgrottesdesaintcezaire.fr\\\/blog\\\/sur-le-web-professionnels-recyclez-vos-vieux-appareils\\\/#breadcrumb\"},\"inLanguage\":\"fr-FR\",\"potentialAction\":[{\"@type\":\"ReadAction\",\"target\":[\"https:\\\/\\\/www.lesgrottesdesaintcezaire.fr\\\/blog\\\/sur-le-web-professionnels-recyclez-vos-vieux-appareils\\\/\"]}]},{\"@type\":\"ImageObject\",\"inLanguage\":\"fr-FR\",\"@id\":\"https:\\\/\\\/www.lesgrottesdesaintcezaire.fr\\\/blog\\\/sur-le-web-professionnels-recyclez-vos-vieux-appareils\\\/#primaryimage\",\"url\":\"https:\\\/\\\/www.lesgrottesdesaintcezaire.fr\\\/blog\\\/wp-content\\\/uploads\\\/2022\\\/09\\\/Sur-le-web-Professionnels-Recyclez-vos-vieux-appareils-1024x703-1.jpg\",\"contentUrl\":\"https:\\\/\\\/www.lesgrottesdesaintcezaire.fr\\\/blog\\\/wp-content\\\/uploads\\\/2022\\\/09\\\/Sur-le-web-Professionnels-Recyclez-vos-vieux-appareils-1024x703-1.jpg\",\"width\":1024,\"height\":703,\"caption\":\"Sur le web Professionnels Recyclez vos vieux appareils 1024x703 1\"},{\"@type\":\"BreadcrumbList\",\"@id\":\"https:\\\/\\\/www.lesgrottesdesaintcezaire.fr\\\/blog\\\/sur-le-web-professionnels-recyclez-vos-vieux-appareils\\\/#breadcrumb\",\"itemListElement\":[{\"@type\":\"ListItem\",\"position\":1,\"name\":\"Accueil\",\"item\":\"https:\\\/\\\/www.lesgrottesdesaintcezaire.fr\\\/blog\\\/\"},{\"@type\":\"ListItem\",\"position\":2,\"name\":\"Sur le web : Professionnels ! Recyclez vos vieux appareils\"}]},{\"@type\":\"WebSite\",\"@id\":\"https:\\\/\\\/www.lesgrottesdesaintcezaire.fr\\\/blog\\\/#website\",\"url\":\"https:\\\/\\\/www.lesgrottesdesaintcezaire.fr\\\/blog\\\/\",\"name\":\"LESGROTTESDESAINTCEZAIRE\",\"description\":\"Patrimoine: Le site de r\u00e9f\u00e9rence.\",\"publisher\":{\"@id\":\"https:\\\/\\\/www.lesgrottesdesaintcezaire.fr\\\/blog\\\/#organization\"},\"potentialAction\":[{\"@type\":\"SearchAction\",\"target\":{\"@type\":\"EntryPoint\",\"urlTemplate\":\"https:\\\/\\\/www.lesgrottesdesaintcezaire.fr\\\/blog\\\/?s={search_term_string}\"},\"query-input\":{\"@type\":\"PropertyValueSpecification\",\"valueRequired\":true,\"valueName\":\"search_term_string\"}}],\"inLanguage\":\"fr-FR\"},{\"@type\":\"Organization\",\"@id\":\"https:\\\/\\\/www.lesgrottesdesaintcezaire.fr\\\/blog\\\/#organization\",\"name\":\"lesgrottesdesaintcezaire\",\"url\":\"https:\\\/\\\/www.lesgrottesdesaintcezaire.fr\\\/blog\\\/\",\"logo\":{\"@type\":\"ImageObject\",\"inLanguage\":\"fr-FR\",\"@id\":\"https:\\\/\\\/www.lesgrottesdesaintcezaire.fr\\\/blog\\\/#\\\/schema\\\/logo\\\/image\\\/\",\"url\":\"https:\\\/\\\/www.lesgrottesdesaintcezaire.fr\\\/blog\\\/wp-content\\\/uploads\\\/2022\\\/05\\\/logo-2.png\",\"contentUrl\":\"https:\\\/\\\/www.lesgrottesdesaintcezaire.fr\\\/blog\\\/wp-content\\\/uploads\\\/2022\\\/05\\\/logo-2.png\",\"width\":150,\"height\":209,\"caption\":\"lesgrottesdesaintcezaire\"},\"image\":{\"@id\":\"https:\\\/\\\/www.lesgrottesdesaintcezaire.fr\\\/blog\\\/#\\\/schema\\\/logo\\\/image\\\/\"}},{\"@type\":\"Person\",\"@id\":\"https:\\\/\\\/www.lesgrottesdesaintcezaire.fr\\\/blog\\\/#\\\/schema\\\/person\\\/23d9a2ac249ecb9460a4ebce885adb9b\",\"name\":\"Fabienne MOUTON\",\"image\":{\"@type\":\"ImageObject\",\"inLanguage\":\"fr-FR\",\"@id\":\"https:\\\/\\\/secure.gravatar.com\\\/avatar\\\/856d7a14385bb0216de9c5cf9fb1160ddbd11c00be5bb16cfe389b9971309649?s=96&d=mm&r=g\",\"url\":\"https:\\\/\\\/secure.gravatar.com\\\/avatar\\\/856d7a14385bb0216de9c5cf9fb1160ddbd11c00be5bb16cfe389b9971309649?s=96&d=mm&r=g\",\"contentUrl\":\"https:\\\/\\\/secure.gravatar.com\\\/avatar\\\/856d7a14385bb0216de9c5cf9fb1160ddbd11c00be5bb16cfe389b9971309649?s=96&d=mm&r=g\",\"caption\":\"Fabienne MOUTON\"},\"url\":\"https:\\\/\\\/www.lesgrottesdesaintcezaire.fr\\\/blog\\\/author\\\/irefabienne\\\/\"}]}<\/script>\n<!-- \/ Yoast SEO plugin. -->","yoast_head_json":{"title":"Sur le web : Professionnels ! Recyclez vos vieux appareils - LESGROTTESDESAINTCEZAIRE","description":"Sur le web : Professionnels ! Recyclez vos vieux appareils article de LESGROTTESDESAINTCEZAIRE","robots":{"index":"index","follow":"follow","max-snippet":"max-snippet:-1","max-image-preview":"max-image-preview:large","max-video-preview":"max-video-preview:-1"},"canonical":"https:\/\/www.lesgrottesdesaintcezaire.fr\/blog\/sur-le-web-professionnels-recyclez-vos-vieux-appareils\/","og_locale":"fr_FR","og_type":"article","og_title":"Sur le web : Professionnels ! Recyclez vos vieux appareils - LESGROTTESDESAINTCEZAIRE","og_description":"Sur le web : Professionnels ! Recyclez vos vieux appareils article de LESGROTTESDESAINTCEZAIRE","og_url":"https:\/\/www.lesgrottesdesaintcezaire.fr\/blog\/sur-le-web-professionnels-recyclez-vos-vieux-appareils\/","og_site_name":"LESGROTTESDESAINTCEZAIRE","article_published_time":"2022-09-27T09:23:34+00:00","og_image":[{"width":1594,"height":1065,"url":"https:\/\/www.lesgrottesdesaintcezaire.fr\/blog\/wp-content\/uploads\/2022\/09\/l-arch-1.jpg","type":"image\/jpeg"}],"author":"Fabienne MOUTON","twitter_card":"summary_large_image","twitter_misc":{"\u00c9crit par":"Fabienne MOUTON","Dur\u00e9e de lecture estim\u00e9e":"1 minute"},"schema":{"@context":"https:\/\/schema.org","@graph":[{"@type":"Article","@id":"https:\/\/www.lesgrottesdesaintcezaire.fr\/blog\/sur-le-web-professionnels-recyclez-vos-vieux-appareils\/#article","isPartOf":{"@id":"https:\/\/www.lesgrottesdesaintcezaire.fr\/blog\/sur-le-web-professionnels-recyclez-vos-vieux-appareils\/"},"author":{"name":"Fabienne MOUTON","@id":"https:\/\/www.lesgrottesdesaintcezaire.fr\/blog\/#\/schema\/person\/23d9a2ac249ecb9460a4ebce885adb9b"},"headline":"Sur le web : Professionnels ! Recyclez vos vieux appareils","datePublished":"2022-09-27T09:23:34+00:00","mainEntityOfPage":{"@id":"https:\/\/www.lesgrottesdesaintcezaire.fr\/blog\/sur-le-web-professionnels-recyclez-vos-vieux-appareils\/"},"wordCount":233,"publisher":{"@id":"https:\/\/www.lesgrottesdesaintcezaire.fr\/blog\/#organization"},"image":{"@id":"https:\/\/www.lesgrottesdesaintcezaire.fr\/blog\/sur-le-web-professionnels-recyclez-vos-vieux-appareils\/#primaryimage"},"thumbnailUrl":"https:\/\/www.lesgrottesdesaintcezaire.fr\/blog\/wp-content\/uploads\/2022\/09\/Sur-le-web-Professionnels-Recyclez-vos-vieux-appareils-1024x703-1.jpg","articleSection":["Patrimoine:"],"inLanguage":"fr-FR"},{"@type":"WebPage","@id":"https:\/\/www.lesgrottesdesaintcezaire.fr\/blog\/sur-le-web-professionnels-recyclez-vos-vieux-appareils\/","url":"https:\/\/www.lesgrottesdesaintcezaire.fr\/blog\/sur-le-web-professionnels-recyclez-vos-vieux-appareils\/","name":"Sur le web : Professionnels ! Recyclez vos vieux appareils - LESGROTTESDESAINTCEZAIRE","isPartOf":{"@id":"https:\/\/www.lesgrottesdesaintcezaire.fr\/blog\/#website"},"primaryImageOfPage":{"@id":"https:\/\/www.lesgrottesdesaintcezaire.fr\/blog\/sur-le-web-professionnels-recyclez-vos-vieux-appareils\/#primaryimage"},"image":{"@id":"https:\/\/www.lesgrottesdesaintcezaire.fr\/blog\/sur-le-web-professionnels-recyclez-vos-vieux-appareils\/#primaryimage"},"thumbnailUrl":"https:\/\/www.lesgrottesdesaintcezaire.fr\/blog\/wp-content\/uploads\/2022\/09\/Sur-le-web-Professionnels-Recyclez-vos-vieux-appareils-1024x703-1.jpg","datePublished":"2022-09-27T09:23:34+00:00","description":"Sur le web : Professionnels ! Recyclez vos vieux appareils article de LESGROTTESDESAINTCEZAIRE","breadcrumb":{"@id":"https:\/\/www.lesgrottesdesaintcezaire.fr\/blog\/sur-le-web-professionnels-recyclez-vos-vieux-appareils\/#breadcrumb"},"inLanguage":"fr-FR","potentialAction":[{"@type":"ReadAction","target":["https:\/\/www.lesgrottesdesaintcezaire.fr\/blog\/sur-le-web-professionnels-recyclez-vos-vieux-appareils\/"]}]},{"@type":"ImageObject","inLanguage":"fr-FR","@id":"https:\/\/www.lesgrottesdesaintcezaire.fr\/blog\/sur-le-web-professionnels-recyclez-vos-vieux-appareils\/#primaryimage","url":"https:\/\/www.lesgrottesdesaintcezaire.fr\/blog\/wp-content\/uploads\/2022\/09\/Sur-le-web-Professionnels-Recyclez-vos-vieux-appareils-1024x703-1.jpg","contentUrl":"https:\/\/www.lesgrottesdesaintcezaire.fr\/blog\/wp-content\/uploads\/2022\/09\/Sur-le-web-Professionnels-Recyclez-vos-vieux-appareils-1024x703-1.jpg","width":1024,"height":703,"caption":"Sur le web Professionnels Recyclez vos vieux appareils 1024x703 1"},{"@type":"BreadcrumbList","@id":"https:\/\/www.lesgrottesdesaintcezaire.fr\/blog\/sur-le-web-professionnels-recyclez-vos-vieux-appareils\/#breadcrumb","itemListElement":[{"@type":"ListItem","position":1,"name":"Accueil","item":"https:\/\/www.lesgrottesdesaintcezaire.fr\/blog\/"},{"@type":"ListItem","position":2,"name":"Sur le web : Professionnels ! Recyclez vos vieux appareils"}]},{"@type":"WebSite","@id":"https:\/\/www.lesgrottesdesaintcezaire.fr\/blog\/#website","url":"https:\/\/www.lesgrottesdesaintcezaire.fr\/blog\/","name":"LESGROTTESDESAINTCEZAIRE","description":"Patrimoine: Le site de r\u00e9f\u00e9rence.","publisher":{"@id":"https:\/\/www.lesgrottesdesaintcezaire.fr\/blog\/#organization"},"potentialAction":[{"@type":"SearchAction","target":{"@type":"EntryPoint","urlTemplate":"https:\/\/www.lesgrottesdesaintcezaire.fr\/blog\/?s={search_term_string}"},"query-input":{"@type":"PropertyValueSpecification","valueRequired":true,"valueName":"search_term_string"}}],"inLanguage":"fr-FR"},{"@type":"Organization","@id":"https:\/\/www.lesgrottesdesaintcezaire.fr\/blog\/#organization","name":"lesgrottesdesaintcezaire","url":"https:\/\/www.lesgrottesdesaintcezaire.fr\/blog\/","logo":{"@type":"ImageObject","inLanguage":"fr-FR","@id":"https:\/\/www.lesgrottesdesaintcezaire.fr\/blog\/#\/schema\/logo\/image\/","url":"https:\/\/www.lesgrottesdesaintcezaire.fr\/blog\/wp-content\/uploads\/2022\/05\/logo-2.png","contentUrl":"https:\/\/www.lesgrottesdesaintcezaire.fr\/blog\/wp-content\/uploads\/2022\/05\/logo-2.png","width":150,"height":209,"caption":"lesgrottesdesaintcezaire"},"image":{"@id":"https:\/\/www.lesgrottesdesaintcezaire.fr\/blog\/#\/schema\/logo\/image\/"}},{"@type":"Person","@id":"https:\/\/www.lesgrottesdesaintcezaire.fr\/blog\/#\/schema\/person\/23d9a2ac249ecb9460a4ebce885adb9b","name":"Fabienne MOUTON","image":{"@type":"ImageObject","inLanguage":"fr-FR","@id":"https:\/\/secure.gravatar.com\/avatar\/856d7a14385bb0216de9c5cf9fb1160ddbd11c00be5bb16cfe389b9971309649?s=96&d=mm&r=g","url":"https:\/\/secure.gravatar.com\/avatar\/856d7a14385bb0216de9c5cf9fb1160ddbd11c00be5bb16cfe389b9971309649?s=96&d=mm&r=g","contentUrl":"https:\/\/secure.gravatar.com\/avatar\/856d7a14385bb0216de9c5cf9fb1160ddbd11c00be5bb16cfe389b9971309649?s=96&d=mm&r=g","caption":"Fabienne MOUTON"},"url":"https:\/\/www.lesgrottesdesaintcezaire.fr\/blog\/author\/irefabienne\/"}]}},"_links":{"self":[{"href":"https:\/\/www.lesgrottesdesaintcezaire.fr\/blog\/wp-json\/wp\/v2\/posts\/321","targetHints":{"allow":["GET"]}}],"collection":[{"href":"https:\/\/www.lesgrottesdesaintcezaire.fr\/blog\/wp-json\/wp\/v2\/posts"}],"about":[{"href":"https:\/\/www.lesgrottesdesaintcezaire.fr\/blog\/wp-json\/wp\/v2\/types\/post"}],"author":[{"embeddable":true,"href":"https:\/\/www.lesgrottesdesaintcezaire.fr\/blog\/wp-json\/wp\/v2\/users\/3"}],"replies":[{"embeddable":true,"href":"https:\/\/www.lesgrottesdesaintcezaire.fr\/blog\/wp-json\/wp\/v2\/comments?post=321"}],"version-history":[{"count":0,"href":"https:\/\/www.lesgrottesdesaintcezaire.fr\/blog\/wp-json\/wp\/v2\/posts\/321\/revisions"}],"wp:featuredmedia":[{"embeddable":true,"href":"https:\/\/www.lesgrottesdesaintcezaire.fr\/blog\/wp-json\/wp\/v2\/media\/323"}],"wp:attachment":[{"href":"https:\/\/www.lesgrottesdesaintcezaire.fr\/blog\/wp-json\/wp\/v2\/media?parent=321"}],"wp:term":[{"taxonomy":"category","embeddable":true,"href":"https:\/\/www.lesgrottesdesaintcezaire.fr\/blog\/wp-json\/wp\/v2\/categories?post=321"},{"taxonomy":"post_tag","embeddable":true,"href":"https:\/\/www.lesgrottesdesaintcezaire.fr\/blog\/wp-json\/wp\/v2\/tags?post=321"}],"curies":[{"name":"wp","href":"https:\/\/api.w.org\/{rel}","templated":true}]}}