{"id":368,"date":"2022-10-20T15:07:42","date_gmt":"2022-10-20T13:07:42","guid":{"rendered":"https:\/\/www.lesgrottesdesaintcezaire.fr\/blog\/information-pour-vous-les-conferences-des-amis-des-musees-et-de-la-bibliotheque\/"},"modified":"2022-10-20T15:07:42","modified_gmt":"2022-10-20T13:07:42","slug":"information-pour-vous-les-conferences-des-amis-des-musees-et-de-la-bibliotheque","status":"publish","type":"post","link":"https:\/\/www.lesgrottesdesaintcezaire.fr\/blog\/information-pour-vous-les-conferences-des-amis-des-musees-et-de-la-bibliotheque\/","title":{"rendered":"Information pour vous  : Les conf\u00e9rences des Amis des mus\u00e9es et de la biblioth\u00e8que"},"content":{"rendered":"<div>\n<p>Nous venons de rep\u00e9rer cet \u00e9ditorial sur le th\u00e8me \u00ab\u00a0l\u2019arch\u00e9ologie\u00a0\u00bb. Avec plaisir nous vous en fournissons le principal dans cette publication.<\/p>\n<p>Son titre  (Les conf\u00e9rences des Amis des mus\u00e9es et de la biblioth\u00e8que) est sans \u00e9quivoque.<\/p>\n<p>L\u2019\u00e9ditorialiste (pr\u00e9sent\u00e9 sous le nom  ALC) est reconnu comme quelqu\u2019un de s\u00e9rieux.<\/p>\n<p>Les r\u00e9v\u00e9lations communiqu\u00e9es sont ainsi \u00e9valu\u00e9es valables.<\/p>\n<p>La date de publication est 2022-10-19 11:08:57.<\/p>\n<p>L\u2019article source dont il s\u2019agit : <\/p>\n<p>Retrouver la nouvelle programmation de conf\u00e9rences de l\u2019Association des amis des mus\u00e9es et de la biblioth\u00e8que en cliquant sur ce lien :<\/p>\n<p>Consultez le programme<\/p>\n<p>Si vous souhaitez adh\u00e9rer \u00e0 l\u2019association :<\/p>\n<p>Bulletin d\u2019adh\u00e9sion<\/p>\n<p>Bibliographie :<\/p>\n<p>Raison et foi ; arch\u00e9ologie d\u2019une crise d\u2019Albert le Grand \u00e0 Jean-Paul II.,<a href=\"https:\/\/www.epagine.fr\/ebook\/9782021381054-raison-et-foi-archeologie-d-une-crise-d-albert-le-grand-a-jean-paul-ii-alain-de-libera\/\" target=\"_blank\" rel=\"noopener noreferrer nofollow\">Ouvrage <\/a><span><\/span>.<\/p>\n<p>Nouvel atlas de la Bible.,<a href=\"https:\/\/booknode.com\/nouvel_atlas_de_la_bible_01597024\" target=\"_blank\" rel=\"noopener noreferrer nofollow\">Clicker Ici <\/a><span><\/span>.<\/p>\n<p>S\u00e9journer au bain.,<a href=\"https:\/\/www.kobo.com\/de\/fr\/ebook\/sejourner-au-bain\" target=\"_blank\" rel=\"noopener noreferrer nofollow\">(Disponible) <\/a><span><\/span>.<\/p>\n<p>Paix et communaut\u00e9s autour de l\u2019abbaye de Cluny.,<a href=\"https:\/\/www.kobo.com\/de\/fr\/ebook\/paix-et-communautes-autour-de-l-abbaye-de-cluny\" target=\"_blank\" rel=\"noopener noreferrer nofollow\">livre de r\u00e9f\u00e9rence <\/a><span><\/span>.<\/p>\n<\/div>\n","protected":false},"excerpt":{"rendered":"<p>Nous venons de rep\u00e9rer cet \u00e9ditorial sur le th\u00e8me \u00ab\u00a0l\u2019arch\u00e9ologie\u00a0\u00bb. Avec plaisir nous vous en fournissons le principal dans cette publication. Son titre (Les conf\u00e9rences des Amis des mus\u00e9es et de la biblioth\u00e8que) est sans \u00e9quivoque. L\u2019\u00e9ditorialiste (pr\u00e9sent\u00e9 sous le nom ALC) est reconnu comme quelqu\u2019un de s\u00e9rieux. Les r\u00e9v\u00e9lations communiqu\u00e9es sont ainsi \u00e9valu\u00e9es valables. [&hellip;]<\/p>\n","protected":false},"author":3,"featured_media":369,"comment_status":"closed","ping_status":"closed","sticky":false,"template":"","format":"standard","meta":{"footnotes":""},"categories":[2],"tags":[],"class_list":["post-368","post","type-post","status-publish","format-standard","has-post-thumbnail","hentry","category-patrimoine","entry","has-media"],"yoast_head":"<!-- This site is optimized with the Yoast SEO plugin v27.5 - https:\/\/yoast.com\/product\/yoast-seo-wordpress\/ -->\n<title>Information pour vous : Les conf\u00e9rences des Amis des mus\u00e9es et de la biblioth\u00e8que - LESGROTTESDESAINTCEZAIRE<\/title>\n<meta name=\"description\" content=\"Information pour vous : Les conf\u00e9rences des Amis des mus\u00e9es et de la biblioth\u00e8que article de LESGROTTESDESAINTCEZAIRE\" \/>\n<meta name=\"robots\" content=\"index, follow, max-snippet:-1, max-image-preview:large, max-video-preview:-1\" \/>\n<link rel=\"canonical\" href=\"https:\/\/www.lesgrottesdesaintcezaire.fr\/blog\/information-pour-vous-les-conferences-des-amis-des-musees-et-de-la-bibliotheque\/\" \/>\n<meta property=\"og:locale\" content=\"fr_FR\" \/>\n<meta property=\"og:type\" content=\"article\" \/>\n<meta property=\"og:title\" content=\"Information pour vous : Les conf\u00e9rences des Amis des mus\u00e9es et de la biblioth\u00e8que - LESGROTTESDESAINTCEZAIRE\" \/>\n<meta property=\"og:description\" content=\"Information pour vous : Les conf\u00e9rences des Amis des mus\u00e9es et de la biblioth\u00e8que article de LESGROTTESDESAINTCEZAIRE\" \/>\n<meta property=\"og:url\" content=\"https:\/\/www.lesgrottesdesaintcezaire.fr\/blog\/information-pour-vous-les-conferences-des-amis-des-musees-et-de-la-bibliotheque\/\" \/>\n<meta property=\"og:site_name\" content=\"LESGROTTESDESAINTCEZAIRE\" \/>\n<meta property=\"article:published_time\" content=\"2022-10-20T13:07:42+00:00\" \/>\n<meta property=\"og:image\" content=\"https:\/\/www.lesgrottesdesaintcezaire.fr\/blog\/wp-content\/uploads\/2022\/10\/de-la-1-scaled.jpg\" \/>\n\t<meta property=\"og:image:width\" content=\"2560\" \/>\n\t<meta property=\"og:image:height\" content=\"1707\" \/>\n\t<meta property=\"og:image:type\" content=\"image\/jpeg\" \/>\n<meta name=\"author\" content=\"Fabienne MOUTON\" \/>\n<meta name=\"twitter:card\" content=\"summary_large_image\" \/>\n<meta name=\"twitter:label1\" content=\"\u00c9crit par\" \/>\n\t<meta name=\"twitter:data1\" content=\"Fabienne MOUTON\" \/>\n\t<meta name=\"twitter:label2\" content=\"Dur\u00e9e de lecture estim\u00e9e\" \/>\n\t<meta name=\"twitter:data2\" content=\"1 minute\" \/>\n<script type=\"application\/ld+json\" class=\"yoast-schema-graph\">{\"@context\":\"https:\\\/\\\/schema.org\",\"@graph\":[{\"@type\":\"Article\",\"@id\":\"https:\\\/\\\/www.lesgrottesdesaintcezaire.fr\\\/blog\\\/information-pour-vous-les-conferences-des-amis-des-musees-et-de-la-bibliotheque\\\/#article\",\"isPartOf\":{\"@id\":\"https:\\\/\\\/www.lesgrottesdesaintcezaire.fr\\\/blog\\\/information-pour-vous-les-conferences-des-amis-des-musees-et-de-la-bibliotheque\\\/\"},\"author\":{\"name\":\"Fabienne MOUTON\",\"@id\":\"https:\\\/\\\/www.lesgrottesdesaintcezaire.fr\\\/blog\\\/#\\\/schema\\\/person\\\/23d9a2ac249ecb9460a4ebce885adb9b\"},\"headline\":\"Information pour vous : Les conf\u00e9rences des Amis des mus\u00e9es et de la biblioth\u00e8que\",\"datePublished\":\"2022-10-20T13:07:42+00:00\",\"mainEntityOfPage\":{\"@id\":\"https:\\\/\\\/www.lesgrottesdesaintcezaire.fr\\\/blog\\\/information-pour-vous-les-conferences-des-amis-des-musees-et-de-la-bibliotheque\\\/\"},\"wordCount\":182,\"publisher\":{\"@id\":\"https:\\\/\\\/www.lesgrottesdesaintcezaire.fr\\\/blog\\\/#organization\"},\"image\":{\"@id\":\"https:\\\/\\\/www.lesgrottesdesaintcezaire.fr\\\/blog\\\/information-pour-vous-les-conferences-des-amis-des-musees-et-de-la-bibliotheque\\\/#primaryimage\"},\"thumbnailUrl\":\"https:\\\/\\\/www.lesgrottesdesaintcezaire.fr\\\/blog\\\/wp-content\\\/uploads\\\/2022\\\/10\\\/de-la-1-scaled.jpg\",\"articleSection\":[\"Patrimoine:\"],\"inLanguage\":\"fr-FR\"},{\"@type\":\"WebPage\",\"@id\":\"https:\\\/\\\/www.lesgrottesdesaintcezaire.fr\\\/blog\\\/information-pour-vous-les-conferences-des-amis-des-musees-et-de-la-bibliotheque\\\/\",\"url\":\"https:\\\/\\\/www.lesgrottesdesaintcezaire.fr\\\/blog\\\/information-pour-vous-les-conferences-des-amis-des-musees-et-de-la-bibliotheque\\\/\",\"name\":\"Information pour vous : Les conf\u00e9rences des Amis des mus\u00e9es et de la biblioth\u00e8que - LESGROTTESDESAINTCEZAIRE\",\"isPartOf\":{\"@id\":\"https:\\\/\\\/www.lesgrottesdesaintcezaire.fr\\\/blog\\\/#website\"},\"primaryImageOfPage\":{\"@id\":\"https:\\\/\\\/www.lesgrottesdesaintcezaire.fr\\\/blog\\\/information-pour-vous-les-conferences-des-amis-des-musees-et-de-la-bibliotheque\\\/#primaryimage\"},\"image\":{\"@id\":\"https:\\\/\\\/www.lesgrottesdesaintcezaire.fr\\\/blog\\\/information-pour-vous-les-conferences-des-amis-des-musees-et-de-la-bibliotheque\\\/#primaryimage\"},\"thumbnailUrl\":\"https:\\\/\\\/www.lesgrottesdesaintcezaire.fr\\\/blog\\\/wp-content\\\/uploads\\\/2022\\\/10\\\/de-la-1-scaled.jpg\",\"datePublished\":\"2022-10-20T13:07:42+00:00\",\"description\":\"Information pour vous : Les conf\u00e9rences des Amis des mus\u00e9es et de la biblioth\u00e8que article de LESGROTTESDESAINTCEZAIRE\",\"breadcrumb\":{\"@id\":\"https:\\\/\\\/www.lesgrottesdesaintcezaire.fr\\\/blog\\\/information-pour-vous-les-conferences-des-amis-des-musees-et-de-la-bibliotheque\\\/#breadcrumb\"},\"inLanguage\":\"fr-FR\",\"potentialAction\":[{\"@type\":\"ReadAction\",\"target\":[\"https:\\\/\\\/www.lesgrottesdesaintcezaire.fr\\\/blog\\\/information-pour-vous-les-conferences-des-amis-des-musees-et-de-la-bibliotheque\\\/\"]}]},{\"@type\":\"ImageObject\",\"inLanguage\":\"fr-FR\",\"@id\":\"https:\\\/\\\/www.lesgrottesdesaintcezaire.fr\\\/blog\\\/information-pour-vous-les-conferences-des-amis-des-musees-et-de-la-bibliotheque\\\/#primaryimage\",\"url\":\"https:\\\/\\\/www.lesgrottesdesaintcezaire.fr\\\/blog\\\/wp-content\\\/uploads\\\/2022\\\/10\\\/de-la-1-scaled.jpg\",\"contentUrl\":\"https:\\\/\\\/www.lesgrottesdesaintcezaire.fr\\\/blog\\\/wp-content\\\/uploads\\\/2022\\\/10\\\/de-la-1-scaled.jpg\",\"width\":2560,\"height\":1707,\"caption\":\"de la 1\"},{\"@type\":\"BreadcrumbList\",\"@id\":\"https:\\\/\\\/www.lesgrottesdesaintcezaire.fr\\\/blog\\\/information-pour-vous-les-conferences-des-amis-des-musees-et-de-la-bibliotheque\\\/#breadcrumb\",\"itemListElement\":[{\"@type\":\"ListItem\",\"position\":1,\"name\":\"Accueil\",\"item\":\"https:\\\/\\\/www.lesgrottesdesaintcezaire.fr\\\/blog\\\/\"},{\"@type\":\"ListItem\",\"position\":2,\"name\":\"Information pour vous : Les conf\u00e9rences des Amis des mus\u00e9es et de la biblioth\u00e8que\"}]},{\"@type\":\"WebSite\",\"@id\":\"https:\\\/\\\/www.lesgrottesdesaintcezaire.fr\\\/blog\\\/#website\",\"url\":\"https:\\\/\\\/www.lesgrottesdesaintcezaire.fr\\\/blog\\\/\",\"name\":\"LESGROTTESDESAINTCEZAIRE\",\"description\":\"Patrimoine: Le site de r\u00e9f\u00e9rence.\",\"publisher\":{\"@id\":\"https:\\\/\\\/www.lesgrottesdesaintcezaire.fr\\\/blog\\\/#organization\"},\"potentialAction\":[{\"@type\":\"SearchAction\",\"target\":{\"@type\":\"EntryPoint\",\"urlTemplate\":\"https:\\\/\\\/www.lesgrottesdesaintcezaire.fr\\\/blog\\\/?s={search_term_string}\"},\"query-input\":{\"@type\":\"PropertyValueSpecification\",\"valueRequired\":true,\"valueName\":\"search_term_string\"}}],\"inLanguage\":\"fr-FR\"},{\"@type\":\"Organization\",\"@id\":\"https:\\\/\\\/www.lesgrottesdesaintcezaire.fr\\\/blog\\\/#organization\",\"name\":\"lesgrottesdesaintcezaire\",\"url\":\"https:\\\/\\\/www.lesgrottesdesaintcezaire.fr\\\/blog\\\/\",\"logo\":{\"@type\":\"ImageObject\",\"inLanguage\":\"fr-FR\",\"@id\":\"https:\\\/\\\/www.lesgrottesdesaintcezaire.fr\\\/blog\\\/#\\\/schema\\\/logo\\\/image\\\/\",\"url\":\"https:\\\/\\\/www.lesgrottesdesaintcezaire.fr\\\/blog\\\/wp-content\\\/uploads\\\/2022\\\/05\\\/logo-2.png\",\"contentUrl\":\"https:\\\/\\\/www.lesgrottesdesaintcezaire.fr\\\/blog\\\/wp-content\\\/uploads\\\/2022\\\/05\\\/logo-2.png\",\"width\":150,\"height\":209,\"caption\":\"lesgrottesdesaintcezaire\"},\"image\":{\"@id\":\"https:\\\/\\\/www.lesgrottesdesaintcezaire.fr\\\/blog\\\/#\\\/schema\\\/logo\\\/image\\\/\"}},{\"@type\":\"Person\",\"@id\":\"https:\\\/\\\/www.lesgrottesdesaintcezaire.fr\\\/blog\\\/#\\\/schema\\\/person\\\/23d9a2ac249ecb9460a4ebce885adb9b\",\"name\":\"Fabienne MOUTON\",\"image\":{\"@type\":\"ImageObject\",\"inLanguage\":\"fr-FR\",\"@id\":\"https:\\\/\\\/secure.gravatar.com\\\/avatar\\\/856d7a14385bb0216de9c5cf9fb1160ddbd11c00be5bb16cfe389b9971309649?s=96&d=mm&r=g\",\"url\":\"https:\\\/\\\/secure.gravatar.com\\\/avatar\\\/856d7a14385bb0216de9c5cf9fb1160ddbd11c00be5bb16cfe389b9971309649?s=96&d=mm&r=g\",\"contentUrl\":\"https:\\\/\\\/secure.gravatar.com\\\/avatar\\\/856d7a14385bb0216de9c5cf9fb1160ddbd11c00be5bb16cfe389b9971309649?s=96&d=mm&r=g\",\"caption\":\"Fabienne MOUTON\"},\"url\":\"https:\\\/\\\/www.lesgrottesdesaintcezaire.fr\\\/blog\\\/author\\\/irefabienne\\\/\"}]}<\/script>\n<!-- \/ Yoast SEO plugin. -->","yoast_head_json":{"title":"Information pour vous : Les conf\u00e9rences des Amis des mus\u00e9es et de la biblioth\u00e8que - LESGROTTESDESAINTCEZAIRE","description":"Information pour vous : Les conf\u00e9rences des Amis des mus\u00e9es et de la biblioth\u00e8que article de LESGROTTESDESAINTCEZAIRE","robots":{"index":"index","follow":"follow","max-snippet":"max-snippet:-1","max-image-preview":"max-image-preview:large","max-video-preview":"max-video-preview:-1"},"canonical":"https:\/\/www.lesgrottesdesaintcezaire.fr\/blog\/information-pour-vous-les-conferences-des-amis-des-musees-et-de-la-bibliotheque\/","og_locale":"fr_FR","og_type":"article","og_title":"Information pour vous : Les conf\u00e9rences des Amis des mus\u00e9es et de la biblioth\u00e8que - LESGROTTESDESAINTCEZAIRE","og_description":"Information pour vous : Les conf\u00e9rences des Amis des mus\u00e9es et de la biblioth\u00e8que article de LESGROTTESDESAINTCEZAIRE","og_url":"https:\/\/www.lesgrottesdesaintcezaire.fr\/blog\/information-pour-vous-les-conferences-des-amis-des-musees-et-de-la-bibliotheque\/","og_site_name":"LESGROTTESDESAINTCEZAIRE","article_published_time":"2022-10-20T13:07:42+00:00","og_image":[{"width":2560,"height":1707,"url":"https:\/\/www.lesgrottesdesaintcezaire.fr\/blog\/wp-content\/uploads\/2022\/10\/de-la-1-scaled.jpg","type":"image\/jpeg"}],"author":"Fabienne MOUTON","twitter_card":"summary_large_image","twitter_misc":{"\u00c9crit par":"Fabienne MOUTON","Dur\u00e9e de lecture estim\u00e9e":"1 minute"},"schema":{"@context":"https:\/\/schema.org","@graph":[{"@type":"Article","@id":"https:\/\/www.lesgrottesdesaintcezaire.fr\/blog\/information-pour-vous-les-conferences-des-amis-des-musees-et-de-la-bibliotheque\/#article","isPartOf":{"@id":"https:\/\/www.lesgrottesdesaintcezaire.fr\/blog\/information-pour-vous-les-conferences-des-amis-des-musees-et-de-la-bibliotheque\/"},"author":{"name":"Fabienne MOUTON","@id":"https:\/\/www.lesgrottesdesaintcezaire.fr\/blog\/#\/schema\/person\/23d9a2ac249ecb9460a4ebce885adb9b"},"headline":"Information pour vous : Les conf\u00e9rences des Amis des mus\u00e9es et de la biblioth\u00e8que","datePublished":"2022-10-20T13:07:42+00:00","mainEntityOfPage":{"@id":"https:\/\/www.lesgrottesdesaintcezaire.fr\/blog\/information-pour-vous-les-conferences-des-amis-des-musees-et-de-la-bibliotheque\/"},"wordCount":182,"publisher":{"@id":"https:\/\/www.lesgrottesdesaintcezaire.fr\/blog\/#organization"},"image":{"@id":"https:\/\/www.lesgrottesdesaintcezaire.fr\/blog\/information-pour-vous-les-conferences-des-amis-des-musees-et-de-la-bibliotheque\/#primaryimage"},"thumbnailUrl":"https:\/\/www.lesgrottesdesaintcezaire.fr\/blog\/wp-content\/uploads\/2022\/10\/de-la-1-scaled.jpg","articleSection":["Patrimoine:"],"inLanguage":"fr-FR"},{"@type":"WebPage","@id":"https:\/\/www.lesgrottesdesaintcezaire.fr\/blog\/information-pour-vous-les-conferences-des-amis-des-musees-et-de-la-bibliotheque\/","url":"https:\/\/www.lesgrottesdesaintcezaire.fr\/blog\/information-pour-vous-les-conferences-des-amis-des-musees-et-de-la-bibliotheque\/","name":"Information pour vous : Les conf\u00e9rences des Amis des mus\u00e9es et de la biblioth\u00e8que - LESGROTTESDESAINTCEZAIRE","isPartOf":{"@id":"https:\/\/www.lesgrottesdesaintcezaire.fr\/blog\/#website"},"primaryImageOfPage":{"@id":"https:\/\/www.lesgrottesdesaintcezaire.fr\/blog\/information-pour-vous-les-conferences-des-amis-des-musees-et-de-la-bibliotheque\/#primaryimage"},"image":{"@id":"https:\/\/www.lesgrottesdesaintcezaire.fr\/blog\/information-pour-vous-les-conferences-des-amis-des-musees-et-de-la-bibliotheque\/#primaryimage"},"thumbnailUrl":"https:\/\/www.lesgrottesdesaintcezaire.fr\/blog\/wp-content\/uploads\/2022\/10\/de-la-1-scaled.jpg","datePublished":"2022-10-20T13:07:42+00:00","description":"Information pour vous : Les conf\u00e9rences des Amis des mus\u00e9es et de la biblioth\u00e8que article de LESGROTTESDESAINTCEZAIRE","breadcrumb":{"@id":"https:\/\/www.lesgrottesdesaintcezaire.fr\/blog\/information-pour-vous-les-conferences-des-amis-des-musees-et-de-la-bibliotheque\/#breadcrumb"},"inLanguage":"fr-FR","potentialAction":[{"@type":"ReadAction","target":["https:\/\/www.lesgrottesdesaintcezaire.fr\/blog\/information-pour-vous-les-conferences-des-amis-des-musees-et-de-la-bibliotheque\/"]}]},{"@type":"ImageObject","inLanguage":"fr-FR","@id":"https:\/\/www.lesgrottesdesaintcezaire.fr\/blog\/information-pour-vous-les-conferences-des-amis-des-musees-et-de-la-bibliotheque\/#primaryimage","url":"https:\/\/www.lesgrottesdesaintcezaire.fr\/blog\/wp-content\/uploads\/2022\/10\/de-la-1-scaled.jpg","contentUrl":"https:\/\/www.lesgrottesdesaintcezaire.fr\/blog\/wp-content\/uploads\/2022\/10\/de-la-1-scaled.jpg","width":2560,"height":1707,"caption":"de la 1"},{"@type":"BreadcrumbList","@id":"https:\/\/www.lesgrottesdesaintcezaire.fr\/blog\/information-pour-vous-les-conferences-des-amis-des-musees-et-de-la-bibliotheque\/#breadcrumb","itemListElement":[{"@type":"ListItem","position":1,"name":"Accueil","item":"https:\/\/www.lesgrottesdesaintcezaire.fr\/blog\/"},{"@type":"ListItem","position":2,"name":"Information pour vous : Les conf\u00e9rences des Amis des mus\u00e9es et de la biblioth\u00e8que"}]},{"@type":"WebSite","@id":"https:\/\/www.lesgrottesdesaintcezaire.fr\/blog\/#website","url":"https:\/\/www.lesgrottesdesaintcezaire.fr\/blog\/","name":"LESGROTTESDESAINTCEZAIRE","description":"Patrimoine: Le site de r\u00e9f\u00e9rence.","publisher":{"@id":"https:\/\/www.lesgrottesdesaintcezaire.fr\/blog\/#organization"},"potentialAction":[{"@type":"SearchAction","target":{"@type":"EntryPoint","urlTemplate":"https:\/\/www.lesgrottesdesaintcezaire.fr\/blog\/?s={search_term_string}"},"query-input":{"@type":"PropertyValueSpecification","valueRequired":true,"valueName":"search_term_string"}}],"inLanguage":"fr-FR"},{"@type":"Organization","@id":"https:\/\/www.lesgrottesdesaintcezaire.fr\/blog\/#organization","name":"lesgrottesdesaintcezaire","url":"https:\/\/www.lesgrottesdesaintcezaire.fr\/blog\/","logo":{"@type":"ImageObject","inLanguage":"fr-FR","@id":"https:\/\/www.lesgrottesdesaintcezaire.fr\/blog\/#\/schema\/logo\/image\/","url":"https:\/\/www.lesgrottesdesaintcezaire.fr\/blog\/wp-content\/uploads\/2022\/05\/logo-2.png","contentUrl":"https:\/\/www.lesgrottesdesaintcezaire.fr\/blog\/wp-content\/uploads\/2022\/05\/logo-2.png","width":150,"height":209,"caption":"lesgrottesdesaintcezaire"},"image":{"@id":"https:\/\/www.lesgrottesdesaintcezaire.fr\/blog\/#\/schema\/logo\/image\/"}},{"@type":"Person","@id":"https:\/\/www.lesgrottesdesaintcezaire.fr\/blog\/#\/schema\/person\/23d9a2ac249ecb9460a4ebce885adb9b","name":"Fabienne MOUTON","image":{"@type":"ImageObject","inLanguage":"fr-FR","@id":"https:\/\/secure.gravatar.com\/avatar\/856d7a14385bb0216de9c5cf9fb1160ddbd11c00be5bb16cfe389b9971309649?s=96&d=mm&r=g","url":"https:\/\/secure.gravatar.com\/avatar\/856d7a14385bb0216de9c5cf9fb1160ddbd11c00be5bb16cfe389b9971309649?s=96&d=mm&r=g","contentUrl":"https:\/\/secure.gravatar.com\/avatar\/856d7a14385bb0216de9c5cf9fb1160ddbd11c00be5bb16cfe389b9971309649?s=96&d=mm&r=g","caption":"Fabienne MOUTON"},"url":"https:\/\/www.lesgrottesdesaintcezaire.fr\/blog\/author\/irefabienne\/"}]}},"_links":{"self":[{"href":"https:\/\/www.lesgrottesdesaintcezaire.fr\/blog\/wp-json\/wp\/v2\/posts\/368","targetHints":{"allow":["GET"]}}],"collection":[{"href":"https:\/\/www.lesgrottesdesaintcezaire.fr\/blog\/wp-json\/wp\/v2\/posts"}],"about":[{"href":"https:\/\/www.lesgrottesdesaintcezaire.fr\/blog\/wp-json\/wp\/v2\/types\/post"}],"author":[{"embeddable":true,"href":"https:\/\/www.lesgrottesdesaintcezaire.fr\/blog\/wp-json\/wp\/v2\/users\/3"}],"replies":[{"embeddable":true,"href":"https:\/\/www.lesgrottesdesaintcezaire.fr\/blog\/wp-json\/wp\/v2\/comments?post=368"}],"version-history":[{"count":0,"href":"https:\/\/www.lesgrottesdesaintcezaire.fr\/blog\/wp-json\/wp\/v2\/posts\/368\/revisions"}],"wp:featuredmedia":[{"embeddable":true,"href":"https:\/\/www.lesgrottesdesaintcezaire.fr\/blog\/wp-json\/wp\/v2\/media\/369"}],"wp:attachment":[{"href":"https:\/\/www.lesgrottesdesaintcezaire.fr\/blog\/wp-json\/wp\/v2\/media?parent=368"}],"wp:term":[{"taxonomy":"category","embeddable":true,"href":"https:\/\/www.lesgrottesdesaintcezaire.fr\/blog\/wp-json\/wp\/v2\/categories?post=368"},{"taxonomy":"post_tag","embeddable":true,"href":"https:\/\/www.lesgrottesdesaintcezaire.fr\/blog\/wp-json\/wp\/v2\/tags?post=368"}],"curies":[{"name":"wp","href":"https:\/\/api.w.org\/{rel}","templated":true}]}}