{"id":406,"date":"2022-11-15T15:02:57","date_gmt":"2022-11-15T14:02:57","guid":{"rendered":"https:\/\/www.lesgrottesdesaintcezaire.fr\/blog\/sur-internet-concert-de-noel-carl-philipp-emanuel-bach\/"},"modified":"2022-11-15T15:02:57","modified_gmt":"2022-11-15T14:02:57","slug":"sur-internet-concert-de-noel-carl-philipp-emanuel-bach","status":"publish","type":"post","link":"https:\/\/www.lesgrottesdesaintcezaire.fr\/blog\/sur-internet-concert-de-noel-carl-philipp-emanuel-bach\/","title":{"rendered":"Sur internet  : Concert de No\u00ebl : Carl Philipp Emanuel Bach"},"content":{"rendered":"<div><img width=\"580\" height=\"313\" src=\"https:\/\/www.lesgrottesdesaintcezaire.fr\/blog\/wp-content\/uploads\/2022\/11\/Sur-internet-Concert-de-Noel-Carl-Philipp-Emanuel.jpeg\" class=\"attachment-large size-large wp-post-image\" alt=\"Sur-internet-Concert-de-Noel-Carl-Philipp-Emanuel\" decoding=\"async\" loading=\"lazy\" style=\"float:left; margin:0 15px 15px 0;\" srcset=\"https:\/\/www.lesgrottesdesaintcezaire.fr\/blog\/wp-content\/uploads\/2022\/11\/Sur-internet-Concert-de-Noel-Carl-Philipp-Emanuel.jpeg 928w, https:\/\/www.site.cdcl.xyz\/wp-content\/uploads\/2022\/11\/Sur-internet-Concert-de-Noel-Carl-Philipp-Emanuel-300x162.jpeg 300w, https:\/\/www.site.cdcl.xyz\/wp-content\/uploads\/2022\/11\/Sur-internet-Concert-de-Noel-Carl-Philipp-Emanuel-768x415.jpeg 768w\" sizes=\"auto, (max-width: 580px) 100vw, 580px\"><\/p>\n<p>Nous produisons un nouvel article qui va parachever notre revue de presse sur \u00ab\u00a0l\u2019arch\u00e9ologie\u00a0\u00bb.<\/p>\n<p>Le titre  (Concert de No\u00ebl : Carl Philipp Emanuel Bach) est parlant.<\/p>\n<p> Pr\u00e9sent\u00e9 sous la signature \u00abOlivier_laudrin\u00bb, l\u2019auteur est positivement connu pour d\u2019autres papiers qu\u2019il a publi\u00e9s sur le web.<\/p>\n<p>Vous pouvez de ce fait faire confiance \u00e0 cette parution.<\/p>\n<p>La date d\u2019\u00e9dition est 2022-11-14 16:48:10.<\/p>\n<p><span>Concert de No\u00ebl : Carl Philipp Emanuel Bach<\/span><br \/>\n<span><span lang=\"\" xml:lang=\"\">Olivier_laudrin<\/span><\/span><br \/>\n<span>lun 14\/11\/2022 \u2013 16:48<\/span><\/p>\n<div><img decoding=\"async\" src=\"https:\/\/www.lesgrottesdesaintcezaire.fr\/blog\/wp-content\/uploads\/2022\/11\/Quoi-retenir-de-ce-papier-Concert-de-Noel.jpeg\" alt=\"\"><\/div>\n<div>\n<p>Concert de No\u00ebl \u00e0 l\u2019Auditorium des Carmes le 17 d\u00e9cembre \u00e0 21h<\/p>\n<\/div>\n<div>Concerts<\/div>\n<div>2022-12-17<\/div>\n<div>2022-12-17<\/div>\n<div>\n<div class=\"paragraph paragraph--type--texte\">\n<div>\n<p><strong>VEMI<\/strong><\/p>\n<p>Concert de No\u00ebl<\/p>\n<p><strong>Carl Philipp Emanuel Bach :<\/strong><\/p>\n<p>Concerto pour clavecin et pianoforte<\/p>\n<p>Concerto pour violoncelle<\/p>\n<p>Symphonies pour cordes<\/p>\n<p><strong>Les Basses R\u00e9unies<\/strong><\/p>\n<p>Solistes : Maude Gratton, Bertrand Cuiller, Bruno Cocset<\/p>\n<\/div>\n<\/div>\n<div class=\"paragraph paragraph--type--mise-en-avant paragraph--type--exergue\">\n<div class=\"svg\"><\/div>\n<div>\n<p>Tarif plein : 15 \u20ac \u2013 Tarif r\u00e9duit : 10 \u20ac (demandeurs d\u2019emploi, \u00e9tudiants, adh\u00e9rents VEMI)<\/p>\n<p>Gratuit jusqu\u2019\u00e0 12 ans<\/p>\n<p>Billetterie en ligne<\/p>\n<p><strong>Cr\u00e9dits photos : <\/strong><\/p>\n<p>Bertrand_Cuiller_cJeanBaptiste_Millot<\/p>\n<p>photo_bruno_cocset_aurelia_frey<\/p>\n<p>Maude Gratton<\/p>\n<\/div>\n<\/div>\n<div class=\"paragraph paragraph--type--galerie-photos photos\">\n<div class=\"flex-container\">\n<div class=\"xs-12 md-4\">\n<figure>\n\t        \t                    <img decoding=\"async\" src=\"https:\/\/www.lesgrottesdesaintcezaire.fr\/blog\/wp-content\/uploads\/2022\/11\/Sur-le-web-Concert-de-Noel-Carl-Philipp.jpg\" alt=\"Bertrand_Cuiller_cJeanBaptiste_Millot.jpg\"><br \/>\n<\/figure>\n<\/div>\n<div class=\"xs-12 md-4\">\n<figure>\n\t        \t                    <img decoding=\"async\" src=\"https:\/\/www.lesgrottesdesaintcezaire.fr\/blog\/wp-content\/uploads\/2022\/11\/A-la-une-Concert-de-Noel-Carl-Philipp.jpg\" alt=\"photo_bruno_cocset_aurelia_frey.jpg\"><br \/>\n<\/figure>\n<\/div>\n<div class=\"xs-12 md-4\">\n<figure>\n\t        \t                    <img decoding=\"async\" src=\"https:\/\/www.lesgrottesdesaintcezaire.fr\/blog\/wp-content\/uploads\/2022\/11\/A-retenir-Concert-de-Noel-Carl-Philipp-Emanuel.jpeg\" alt=\"Maude Gratton\"><br \/>\n<\/figure>\n<\/div>\n<\/div>\n<\/div>\n<\/div>\n<div>\n<div class=\"paragraph paragraph--type--cartographie\">\n<h2>Auditorium des Carmes<\/h2>\n<div id=\"paragraph-map\" data-lat=\"47.652064150144\" data-lng=\"-2.7594314\"><\/div>\n<\/div>\n<\/div>\n<div>Auditorium des Carmes \u00e0 21h<\/div>\n<div>contact@vemi.fr<\/div>\n<div>06 13 43 05 14<\/div>\n<div>Vannes Early Music Institute<\/div>\n<div><\/div>\n<div>0<\/div>\n<div>0<\/div>\n<div>0<\/div>\n<div>\n<div>Date de d\u00e9publication<\/div>\n<div>sam 17\/12\/2022 \u2013 23:59<\/div>\n<\/div>\n<p>Bibliographie :<\/p>\n<p>Villa 3. Histoire et arch\u00e9ologie des soci\u00e9t\u00e9s de la Vall\u00e9e de L\u2019\u00c8bre (vii-xie si\u00e8cles).,<a href=\"https:\/\/www.epagine.fr\/ebook\/9782810709885-villa-3-histoire-et-archeologie-des-societes-de-la-vallee-de-l-ebre-vii-xie-siecles-philippe-senac\/\" target=\"_blank\" rel=\"noopener noreferrer nofollow\">(la couverture) <\/a><span><\/span>. Disponible \u00e0 l\u2019achat sur les plateformes Amazon, Fnac, Cultura \u2026.<\/p>\n<p>M\u00e9langes d\u2019Histoire et d\u2019arch\u00e9ologie agenaises.,<a href=\"https:\/\/www.epagine.fr\/ebook\/9782307339304-melanges-d-histoire-et-d-archeologie-agenaises-jean-r-marboutin\/\" target=\"_blank\" rel=\"noopener noreferrer nofollow\">(Disponible) <\/a><span><\/span>.<\/p>\n<p>Tr\u00e9sors ; les petites et grandes d\u00e9couvertes qui font l\u2019arch\u00e9ologie.,<a href=\"https:\/\/www.epagine.fr\/ebook\/9782081491052-tresors-les-petites-et-grandes-decouvertes-qui-font-l-archeologie-jean-paul-demoule\/\" target=\"_blank\" rel=\"noopener noreferrer nofollow\">Le livre <\/a><span><\/span>. Disponible dans toutes les bonnes librairies.<\/p>\n<p>P\u00e9n\u00e9lope Green, Tome 4 : La tiare de Nefertiti.,<a href=\"https:\/\/booknode.com\/penelope_green_tome_4_la_tiare_de_nefertiti_0932113\" target=\"_blank\" rel=\"noopener noreferrer nofollow\">Ouvrage <\/a><span><\/span>.<\/p>\n<\/div>\n","protected":false},"excerpt":{"rendered":"<p>Nous produisons un nouvel article qui va parachever notre revue de presse sur \u00ab\u00a0l\u2019arch\u00e9ologie\u00a0\u00bb. Le titre (Concert de No\u00ebl : Carl Philipp Emanuel Bach) est parlant. Pr\u00e9sent\u00e9 sous la signature \u00abOlivier_laudrin\u00bb, l\u2019auteur est positivement connu pour d\u2019autres papiers qu\u2019il a publi\u00e9s sur le web. Vous pouvez de ce fait faire confiance \u00e0 cette parution. La [&hellip;]<\/p>\n","protected":false},"author":3,"featured_media":407,"comment_status":"closed","ping_status":"closed","sticky":false,"template":"","format":"standard","meta":{"footnotes":""},"categories":[2],"tags":[],"class_list":["post-406","post","type-post","status-publish","format-standard","has-post-thumbnail","hentry","category-patrimoine","entry","has-media"],"yoast_head":"<!-- This site is optimized with the Yoast SEO plugin v27.5 - https:\/\/yoast.com\/product\/yoast-seo-wordpress\/ -->\n<title>Sur internet : Concert de No\u00ebl : Carl Philipp Emanuel Bach - LESGROTTESDESAINTCEZAIRE<\/title>\n<meta name=\"description\" content=\"Sur internet : Concert de No\u00ebl : Carl Philipp Emanuel Bach article de LESGROTTESDESAINTCEZAIRE\" \/>\n<meta name=\"robots\" content=\"index, follow, max-snippet:-1, max-image-preview:large, max-video-preview:-1\" \/>\n<link rel=\"canonical\" href=\"https:\/\/www.lesgrottesdesaintcezaire.fr\/blog\/sur-internet-concert-de-noel-carl-philipp-emanuel-bach\/\" \/>\n<meta property=\"og:locale\" content=\"fr_FR\" \/>\n<meta property=\"og:type\" content=\"article\" \/>\n<meta property=\"og:title\" content=\"Sur internet : Concert de No\u00ebl : Carl Philipp Emanuel Bach - LESGROTTESDESAINTCEZAIRE\" \/>\n<meta property=\"og:description\" content=\"Sur internet : Concert de No\u00ebl : Carl Philipp Emanuel Bach article de LESGROTTESDESAINTCEZAIRE\" \/>\n<meta property=\"og:url\" content=\"https:\/\/www.lesgrottesdesaintcezaire.fr\/blog\/sur-internet-concert-de-noel-carl-philipp-emanuel-bach\/\" \/>\n<meta property=\"og:site_name\" content=\"LESGROTTESDESAINTCEZAIRE\" \/>\n<meta property=\"article:published_time\" content=\"2022-11-15T14:02:57+00:00\" \/>\n<meta property=\"og:image\" content=\"https:\/\/www.lesgrottesdesaintcezaire.fr\/blog\/wp-content\/uploads\/2022\/11\/Sur-internet-Concert-de-Noel-Carl-Philipp-Emanuel.jpeg\" \/>\n<meta name=\"author\" content=\"Fabienne MOUTON\" \/>\n<meta name=\"twitter:card\" content=\"summary_large_image\" \/>\n<meta name=\"twitter:label1\" content=\"\u00c9crit par\" \/>\n\t<meta name=\"twitter:data1\" content=\"Fabienne MOUTON\" \/>\n\t<meta name=\"twitter:label2\" content=\"Dur\u00e9e de lecture estim\u00e9e\" \/>\n\t<meta name=\"twitter:data2\" content=\"1 minute\" \/>\n<script type=\"application\/ld+json\" class=\"yoast-schema-graph\">{\"@context\":\"https:\\\/\\\/schema.org\",\"@graph\":[{\"@type\":\"Article\",\"@id\":\"https:\\\/\\\/www.lesgrottesdesaintcezaire.fr\\\/blog\\\/sur-internet-concert-de-noel-carl-philipp-emanuel-bach\\\/#article\",\"isPartOf\":{\"@id\":\"https:\\\/\\\/www.lesgrottesdesaintcezaire.fr\\\/blog\\\/sur-internet-concert-de-noel-carl-philipp-emanuel-bach\\\/\"},\"author\":{\"name\":\"Fabienne MOUTON\",\"@id\":\"https:\\\/\\\/www.lesgrottesdesaintcezaire.fr\\\/blog\\\/#\\\/schema\\\/person\\\/23d9a2ac249ecb9460a4ebce885adb9b\"},\"headline\":\"Sur internet : Concert de No\u00ebl : Carl Philipp Emanuel Bach\",\"datePublished\":\"2022-11-15T14:02:57+00:00\",\"mainEntityOfPage\":{\"@id\":\"https:\\\/\\\/www.lesgrottesdesaintcezaire.fr\\\/blog\\\/sur-internet-concert-de-noel-carl-philipp-emanuel-bach\\\/\"},\"wordCount\":260,\"publisher\":{\"@id\":\"https:\\\/\\\/www.lesgrottesdesaintcezaire.fr\\\/blog\\\/#organization\"},\"image\":{\"@id\":\"https:\\\/\\\/www.lesgrottesdesaintcezaire.fr\\\/blog\\\/sur-internet-concert-de-noel-carl-philipp-emanuel-bach\\\/#primaryimage\"},\"thumbnailUrl\":\"https:\\\/\\\/www.lesgrottesdesaintcezaire.fr\\\/blog\\\/wp-content\\\/uploads\\\/2022\\\/11\\\/Sur-internet-Concert-de-Noel-Carl-Philipp-Emanuel.jpeg\",\"articleSection\":[\"Patrimoine:\"],\"inLanguage\":\"fr-FR\"},{\"@type\":\"WebPage\",\"@id\":\"https:\\\/\\\/www.lesgrottesdesaintcezaire.fr\\\/blog\\\/sur-internet-concert-de-noel-carl-philipp-emanuel-bach\\\/\",\"url\":\"https:\\\/\\\/www.lesgrottesdesaintcezaire.fr\\\/blog\\\/sur-internet-concert-de-noel-carl-philipp-emanuel-bach\\\/\",\"name\":\"Sur internet : Concert de No\u00ebl : Carl Philipp Emanuel Bach - LESGROTTESDESAINTCEZAIRE\",\"isPartOf\":{\"@id\":\"https:\\\/\\\/www.lesgrottesdesaintcezaire.fr\\\/blog\\\/#website\"},\"primaryImageOfPage\":{\"@id\":\"https:\\\/\\\/www.lesgrottesdesaintcezaire.fr\\\/blog\\\/sur-internet-concert-de-noel-carl-philipp-emanuel-bach\\\/#primaryimage\"},\"image\":{\"@id\":\"https:\\\/\\\/www.lesgrottesdesaintcezaire.fr\\\/blog\\\/sur-internet-concert-de-noel-carl-philipp-emanuel-bach\\\/#primaryimage\"},\"thumbnailUrl\":\"https:\\\/\\\/www.lesgrottesdesaintcezaire.fr\\\/blog\\\/wp-content\\\/uploads\\\/2022\\\/11\\\/Sur-internet-Concert-de-Noel-Carl-Philipp-Emanuel.jpeg\",\"datePublished\":\"2022-11-15T14:02:57+00:00\",\"description\":\"Sur internet : Concert de No\u00ebl : Carl Philipp Emanuel Bach article de LESGROTTESDESAINTCEZAIRE\",\"breadcrumb\":{\"@id\":\"https:\\\/\\\/www.lesgrottesdesaintcezaire.fr\\\/blog\\\/sur-internet-concert-de-noel-carl-philipp-emanuel-bach\\\/#breadcrumb\"},\"inLanguage\":\"fr-FR\",\"potentialAction\":[{\"@type\":\"ReadAction\",\"target\":[\"https:\\\/\\\/www.lesgrottesdesaintcezaire.fr\\\/blog\\\/sur-internet-concert-de-noel-carl-philipp-emanuel-bach\\\/\"]}]},{\"@type\":\"ImageObject\",\"inLanguage\":\"fr-FR\",\"@id\":\"https:\\\/\\\/www.lesgrottesdesaintcezaire.fr\\\/blog\\\/sur-internet-concert-de-noel-carl-philipp-emanuel-bach\\\/#primaryimage\",\"url\":\"https:\\\/\\\/www.lesgrottesdesaintcezaire.fr\\\/blog\\\/wp-content\\\/uploads\\\/2022\\\/11\\\/Sur-internet-Concert-de-Noel-Carl-Philipp-Emanuel.jpeg\",\"contentUrl\":\"https:\\\/\\\/www.lesgrottesdesaintcezaire.fr\\\/blog\\\/wp-content\\\/uploads\\\/2022\\\/11\\\/Sur-internet-Concert-de-Noel-Carl-Philipp-Emanuel.jpeg\",\"width\":928,\"height\":501,\"caption\":\"Sur internet Concert de Noel Carl Philipp Emanuel\"},{\"@type\":\"BreadcrumbList\",\"@id\":\"https:\\\/\\\/www.lesgrottesdesaintcezaire.fr\\\/blog\\\/sur-internet-concert-de-noel-carl-philipp-emanuel-bach\\\/#breadcrumb\",\"itemListElement\":[{\"@type\":\"ListItem\",\"position\":1,\"name\":\"Accueil\",\"item\":\"https:\\\/\\\/www.lesgrottesdesaintcezaire.fr\\\/blog\\\/\"},{\"@type\":\"ListItem\",\"position\":2,\"name\":\"Sur internet : Concert de No\u00ebl : Carl Philipp Emanuel Bach\"}]},{\"@type\":\"WebSite\",\"@id\":\"https:\\\/\\\/www.lesgrottesdesaintcezaire.fr\\\/blog\\\/#website\",\"url\":\"https:\\\/\\\/www.lesgrottesdesaintcezaire.fr\\\/blog\\\/\",\"name\":\"LESGROTTESDESAINTCEZAIRE\",\"description\":\"Patrimoine: Le site de r\u00e9f\u00e9rence.\",\"publisher\":{\"@id\":\"https:\\\/\\\/www.lesgrottesdesaintcezaire.fr\\\/blog\\\/#organization\"},\"potentialAction\":[{\"@type\":\"SearchAction\",\"target\":{\"@type\":\"EntryPoint\",\"urlTemplate\":\"https:\\\/\\\/www.lesgrottesdesaintcezaire.fr\\\/blog\\\/?s={search_term_string}\"},\"query-input\":{\"@type\":\"PropertyValueSpecification\",\"valueRequired\":true,\"valueName\":\"search_term_string\"}}],\"inLanguage\":\"fr-FR\"},{\"@type\":\"Organization\",\"@id\":\"https:\\\/\\\/www.lesgrottesdesaintcezaire.fr\\\/blog\\\/#organization\",\"name\":\"lesgrottesdesaintcezaire\",\"url\":\"https:\\\/\\\/www.lesgrottesdesaintcezaire.fr\\\/blog\\\/\",\"logo\":{\"@type\":\"ImageObject\",\"inLanguage\":\"fr-FR\",\"@id\":\"https:\\\/\\\/www.lesgrottesdesaintcezaire.fr\\\/blog\\\/#\\\/schema\\\/logo\\\/image\\\/\",\"url\":\"https:\\\/\\\/www.lesgrottesdesaintcezaire.fr\\\/blog\\\/wp-content\\\/uploads\\\/2022\\\/05\\\/logo-2.png\",\"contentUrl\":\"https:\\\/\\\/www.lesgrottesdesaintcezaire.fr\\\/blog\\\/wp-content\\\/uploads\\\/2022\\\/05\\\/logo-2.png\",\"width\":150,\"height\":209,\"caption\":\"lesgrottesdesaintcezaire\"},\"image\":{\"@id\":\"https:\\\/\\\/www.lesgrottesdesaintcezaire.fr\\\/blog\\\/#\\\/schema\\\/logo\\\/image\\\/\"}},{\"@type\":\"Person\",\"@id\":\"https:\\\/\\\/www.lesgrottesdesaintcezaire.fr\\\/blog\\\/#\\\/schema\\\/person\\\/23d9a2ac249ecb9460a4ebce885adb9b\",\"name\":\"Fabienne MOUTON\",\"image\":{\"@type\":\"ImageObject\",\"inLanguage\":\"fr-FR\",\"@id\":\"https:\\\/\\\/secure.gravatar.com\\\/avatar\\\/856d7a14385bb0216de9c5cf9fb1160ddbd11c00be5bb16cfe389b9971309649?s=96&d=mm&r=g\",\"url\":\"https:\\\/\\\/secure.gravatar.com\\\/avatar\\\/856d7a14385bb0216de9c5cf9fb1160ddbd11c00be5bb16cfe389b9971309649?s=96&d=mm&r=g\",\"contentUrl\":\"https:\\\/\\\/secure.gravatar.com\\\/avatar\\\/856d7a14385bb0216de9c5cf9fb1160ddbd11c00be5bb16cfe389b9971309649?s=96&d=mm&r=g\",\"caption\":\"Fabienne MOUTON\"},\"url\":\"https:\\\/\\\/www.lesgrottesdesaintcezaire.fr\\\/blog\\\/author\\\/irefabienne\\\/\"}]}<\/script>\n<!-- \/ Yoast SEO plugin. -->","yoast_head_json":{"title":"Sur internet : Concert de No\u00ebl : Carl Philipp Emanuel Bach - LESGROTTESDESAINTCEZAIRE","description":"Sur internet : Concert de No\u00ebl : Carl Philipp Emanuel Bach article de LESGROTTESDESAINTCEZAIRE","robots":{"index":"index","follow":"follow","max-snippet":"max-snippet:-1","max-image-preview":"max-image-preview:large","max-video-preview":"max-video-preview:-1"},"canonical":"https:\/\/www.lesgrottesdesaintcezaire.fr\/blog\/sur-internet-concert-de-noel-carl-philipp-emanuel-bach\/","og_locale":"fr_FR","og_type":"article","og_title":"Sur internet : Concert de No\u00ebl : Carl Philipp Emanuel Bach - LESGROTTESDESAINTCEZAIRE","og_description":"Sur internet : Concert de No\u00ebl : Carl Philipp Emanuel Bach article de LESGROTTESDESAINTCEZAIRE","og_url":"https:\/\/www.lesgrottesdesaintcezaire.fr\/blog\/sur-internet-concert-de-noel-carl-philipp-emanuel-bach\/","og_site_name":"LESGROTTESDESAINTCEZAIRE","article_published_time":"2022-11-15T14:02:57+00:00","og_image":[{"url":"https:\/\/www.lesgrottesdesaintcezaire.fr\/blog\/wp-content\/uploads\/2022\/11\/Sur-internet-Concert-de-Noel-Carl-Philipp-Emanuel.jpeg","type":"","width":"","height":""}],"author":"Fabienne MOUTON","twitter_card":"summary_large_image","twitter_misc":{"\u00c9crit par":"Fabienne MOUTON","Dur\u00e9e de lecture estim\u00e9e":"1 minute"},"schema":{"@context":"https:\/\/schema.org","@graph":[{"@type":"Article","@id":"https:\/\/www.lesgrottesdesaintcezaire.fr\/blog\/sur-internet-concert-de-noel-carl-philipp-emanuel-bach\/#article","isPartOf":{"@id":"https:\/\/www.lesgrottesdesaintcezaire.fr\/blog\/sur-internet-concert-de-noel-carl-philipp-emanuel-bach\/"},"author":{"name":"Fabienne MOUTON","@id":"https:\/\/www.lesgrottesdesaintcezaire.fr\/blog\/#\/schema\/person\/23d9a2ac249ecb9460a4ebce885adb9b"},"headline":"Sur internet : Concert de No\u00ebl : Carl Philipp Emanuel Bach","datePublished":"2022-11-15T14:02:57+00:00","mainEntityOfPage":{"@id":"https:\/\/www.lesgrottesdesaintcezaire.fr\/blog\/sur-internet-concert-de-noel-carl-philipp-emanuel-bach\/"},"wordCount":260,"publisher":{"@id":"https:\/\/www.lesgrottesdesaintcezaire.fr\/blog\/#organization"},"image":{"@id":"https:\/\/www.lesgrottesdesaintcezaire.fr\/blog\/sur-internet-concert-de-noel-carl-philipp-emanuel-bach\/#primaryimage"},"thumbnailUrl":"https:\/\/www.lesgrottesdesaintcezaire.fr\/blog\/wp-content\/uploads\/2022\/11\/Sur-internet-Concert-de-Noel-Carl-Philipp-Emanuel.jpeg","articleSection":["Patrimoine:"],"inLanguage":"fr-FR"},{"@type":"WebPage","@id":"https:\/\/www.lesgrottesdesaintcezaire.fr\/blog\/sur-internet-concert-de-noel-carl-philipp-emanuel-bach\/","url":"https:\/\/www.lesgrottesdesaintcezaire.fr\/blog\/sur-internet-concert-de-noel-carl-philipp-emanuel-bach\/","name":"Sur internet : Concert de No\u00ebl : Carl Philipp Emanuel Bach - LESGROTTESDESAINTCEZAIRE","isPartOf":{"@id":"https:\/\/www.lesgrottesdesaintcezaire.fr\/blog\/#website"},"primaryImageOfPage":{"@id":"https:\/\/www.lesgrottesdesaintcezaire.fr\/blog\/sur-internet-concert-de-noel-carl-philipp-emanuel-bach\/#primaryimage"},"image":{"@id":"https:\/\/www.lesgrottesdesaintcezaire.fr\/blog\/sur-internet-concert-de-noel-carl-philipp-emanuel-bach\/#primaryimage"},"thumbnailUrl":"https:\/\/www.lesgrottesdesaintcezaire.fr\/blog\/wp-content\/uploads\/2022\/11\/Sur-internet-Concert-de-Noel-Carl-Philipp-Emanuel.jpeg","datePublished":"2022-11-15T14:02:57+00:00","description":"Sur internet : Concert de No\u00ebl : Carl Philipp Emanuel Bach article de LESGROTTESDESAINTCEZAIRE","breadcrumb":{"@id":"https:\/\/www.lesgrottesdesaintcezaire.fr\/blog\/sur-internet-concert-de-noel-carl-philipp-emanuel-bach\/#breadcrumb"},"inLanguage":"fr-FR","potentialAction":[{"@type":"ReadAction","target":["https:\/\/www.lesgrottesdesaintcezaire.fr\/blog\/sur-internet-concert-de-noel-carl-philipp-emanuel-bach\/"]}]},{"@type":"ImageObject","inLanguage":"fr-FR","@id":"https:\/\/www.lesgrottesdesaintcezaire.fr\/blog\/sur-internet-concert-de-noel-carl-philipp-emanuel-bach\/#primaryimage","url":"https:\/\/www.lesgrottesdesaintcezaire.fr\/blog\/wp-content\/uploads\/2022\/11\/Sur-internet-Concert-de-Noel-Carl-Philipp-Emanuel.jpeg","contentUrl":"https:\/\/www.lesgrottesdesaintcezaire.fr\/blog\/wp-content\/uploads\/2022\/11\/Sur-internet-Concert-de-Noel-Carl-Philipp-Emanuel.jpeg","width":928,"height":501,"caption":"Sur internet Concert de Noel Carl Philipp Emanuel"},{"@type":"BreadcrumbList","@id":"https:\/\/www.lesgrottesdesaintcezaire.fr\/blog\/sur-internet-concert-de-noel-carl-philipp-emanuel-bach\/#breadcrumb","itemListElement":[{"@type":"ListItem","position":1,"name":"Accueil","item":"https:\/\/www.lesgrottesdesaintcezaire.fr\/blog\/"},{"@type":"ListItem","position":2,"name":"Sur internet : Concert de No\u00ebl : Carl Philipp Emanuel Bach"}]},{"@type":"WebSite","@id":"https:\/\/www.lesgrottesdesaintcezaire.fr\/blog\/#website","url":"https:\/\/www.lesgrottesdesaintcezaire.fr\/blog\/","name":"LESGROTTESDESAINTCEZAIRE","description":"Patrimoine: Le site de r\u00e9f\u00e9rence.","publisher":{"@id":"https:\/\/www.lesgrottesdesaintcezaire.fr\/blog\/#organization"},"potentialAction":[{"@type":"SearchAction","target":{"@type":"EntryPoint","urlTemplate":"https:\/\/www.lesgrottesdesaintcezaire.fr\/blog\/?s={search_term_string}"},"query-input":{"@type":"PropertyValueSpecification","valueRequired":true,"valueName":"search_term_string"}}],"inLanguage":"fr-FR"},{"@type":"Organization","@id":"https:\/\/www.lesgrottesdesaintcezaire.fr\/blog\/#organization","name":"lesgrottesdesaintcezaire","url":"https:\/\/www.lesgrottesdesaintcezaire.fr\/blog\/","logo":{"@type":"ImageObject","inLanguage":"fr-FR","@id":"https:\/\/www.lesgrottesdesaintcezaire.fr\/blog\/#\/schema\/logo\/image\/","url":"https:\/\/www.lesgrottesdesaintcezaire.fr\/blog\/wp-content\/uploads\/2022\/05\/logo-2.png","contentUrl":"https:\/\/www.lesgrottesdesaintcezaire.fr\/blog\/wp-content\/uploads\/2022\/05\/logo-2.png","width":150,"height":209,"caption":"lesgrottesdesaintcezaire"},"image":{"@id":"https:\/\/www.lesgrottesdesaintcezaire.fr\/blog\/#\/schema\/logo\/image\/"}},{"@type":"Person","@id":"https:\/\/www.lesgrottesdesaintcezaire.fr\/blog\/#\/schema\/person\/23d9a2ac249ecb9460a4ebce885adb9b","name":"Fabienne MOUTON","image":{"@type":"ImageObject","inLanguage":"fr-FR","@id":"https:\/\/secure.gravatar.com\/avatar\/856d7a14385bb0216de9c5cf9fb1160ddbd11c00be5bb16cfe389b9971309649?s=96&d=mm&r=g","url":"https:\/\/secure.gravatar.com\/avatar\/856d7a14385bb0216de9c5cf9fb1160ddbd11c00be5bb16cfe389b9971309649?s=96&d=mm&r=g","contentUrl":"https:\/\/secure.gravatar.com\/avatar\/856d7a14385bb0216de9c5cf9fb1160ddbd11c00be5bb16cfe389b9971309649?s=96&d=mm&r=g","caption":"Fabienne MOUTON"},"url":"https:\/\/www.lesgrottesdesaintcezaire.fr\/blog\/author\/irefabienne\/"}]}},"_links":{"self":[{"href":"https:\/\/www.lesgrottesdesaintcezaire.fr\/blog\/wp-json\/wp\/v2\/posts\/406","targetHints":{"allow":["GET"]}}],"collection":[{"href":"https:\/\/www.lesgrottesdesaintcezaire.fr\/blog\/wp-json\/wp\/v2\/posts"}],"about":[{"href":"https:\/\/www.lesgrottesdesaintcezaire.fr\/blog\/wp-json\/wp\/v2\/types\/post"}],"author":[{"embeddable":true,"href":"https:\/\/www.lesgrottesdesaintcezaire.fr\/blog\/wp-json\/wp\/v2\/users\/3"}],"replies":[{"embeddable":true,"href":"https:\/\/www.lesgrottesdesaintcezaire.fr\/blog\/wp-json\/wp\/v2\/comments?post=406"}],"version-history":[{"count":0,"href":"https:\/\/www.lesgrottesdesaintcezaire.fr\/blog\/wp-json\/wp\/v2\/posts\/406\/revisions"}],"wp:featuredmedia":[{"embeddable":true,"href":"https:\/\/www.lesgrottesdesaintcezaire.fr\/blog\/wp-json\/wp\/v2\/media\/407"}],"wp:attachment":[{"href":"https:\/\/www.lesgrottesdesaintcezaire.fr\/blog\/wp-json\/wp\/v2\/media?parent=406"}],"wp:term":[{"taxonomy":"category","embeddable":true,"href":"https:\/\/www.lesgrottesdesaintcezaire.fr\/blog\/wp-json\/wp\/v2\/categories?post=406"},{"taxonomy":"post_tag","embeddable":true,"href":"https:\/\/www.lesgrottesdesaintcezaire.fr\/blog\/wp-json\/wp\/v2\/tags?post=406"}],"curies":[{"name":"wp","href":"https:\/\/api.w.org\/{rel}","templated":true}]}}