{"id":519,"date":"2023-02-15T15:04:15","date_gmt":"2023-02-15T14:04:15","guid":{"rendered":"https:\/\/www.lesgrottesdesaintcezaire.fr\/blog\/relecture-de-ledito-les-diablogues-ville-de-vannes\/"},"modified":"2023-02-15T15:04:15","modified_gmt":"2023-02-15T14:04:15","slug":"relecture-de-ledito-les-diablogues-ville-de-vannes","status":"publish","type":"post","link":"https:\/\/www.lesgrottesdesaintcezaire.fr\/blog\/relecture-de-ledito-les-diablogues-ville-de-vannes\/","title":{"rendered":"Relecture de l\u2019\u00e9dito  : Les Diablogues | Ville de Vannes"},"content":{"rendered":"<div>\n<p>Nous pr\u00e9sentons un nouvel encart qui va parfaire notre revue de presse sur \u00ab\u00a0l\u2019arch\u00e9ologie\u00a0\u00bb.<\/p>\n<p>Son titre  (Les Diablogues | Ville de Vannes) est parlant.<\/p>\n<p>Sachez que le journaliste (identifi\u00e9 sous la signature  Olivier_laudrin) est reconnu comme quelqu\u2019un de s\u00e9rieux.<\/p>\n<p>Le papier peut par cons\u00e9quent \u00eatre pris au s\u00e9rieux.<\/p>\n<p>L\u2019encart a \u00e9t\u00e9 publi\u00e9 \u00e0 une date not\u00e9e 2023-02-15 10:22:17.<\/p>\n<p>L\u2019article  : <\/p>\n<div>\n<div>\n<h4><em>Les Diablogues <\/em>de Roland Dubillard<\/h4>\n<p>Dubillard c\u2019est comme un monde parall\u00e8le o\u00f9 il n\u2019y a pas de r\u00e9f\u00e9rent psychologique. Et pourtant la machine logique de<br \/>\nl\u2019\u00e9criture est tributaire de l\u2019humain, de la personnalit\u00e9 vuln\u00e9rable et po\u00e9tique des personnages et de leur propension \u00e0<br \/>\nse noyer dans le raisonnement philosophique sans jamais rien affirmer. Ce n\u2019est donc pas surprenant que l\u2019on ait envie de voir dans Les Diablogues des traces de Beckett ou de Ionesco. La s\u00e9lection fut difficile mais il a bien fallu choisir parmi la centaine de dialogues diaboliques qu\u2019il a \u00e9crit. En voici onze\u2026.<\/p>\n<ul>\n<li>\n<p>Rue de la Salle d\u2019Asile, derri\u00e8re la salle de sports Richemont, rdc de l\u2019ancienne UBS<\/p>\n<\/li>\n<li>\n<p>Tarifs :\u00a010 \u20ac \/ 7 \u20ac moins de 18 ans, \u00e9tudiant ou demandeur d\u2019emploi<\/p>\n<\/li>\n<li>Sur r\u00e9servation via le site ci-dessous<\/li>\n<\/ul>\n<\/div>\n<\/div>\n<p>Publications:<\/p>\n<p>R\u00e9v\u00e9lations de l\u2019arch\u00e9ologie.,<a href=\"https:\/\/www.epagine.fr\/ebook\/9782706266348-revelations-de-l-archeologie-henri-paul-eydoux\/\" target=\"_blank\" rel=\"noopener noreferrer nofollow\">Le livre <\/a><span><\/span>.<\/p>\n<p>On a retrouv\u00e9 l\u2019histoire de France ; comment l\u2019arch\u00e9ologie raconte notre pass\u00e9.,<a href=\"https:\/\/www.epagine.fr\/ebook\/9782221131305-on-a-retrouve-l-histoire-de-france-comment-l-archeologie-raconte-notre-passe-jean-paul-demoule\/\" target=\"_blank\" rel=\"noopener noreferrer nofollow\">(Disponible) <\/a><span><\/span>. Disponible chez votre libraire.<\/p>\n<p>Un crocodile sur un banc de sable.,<a href=\"https:\/\/booknode.com\/un_crocodile_sur_un_banc_de_sable_049761\" target=\"_blank\" rel=\"noopener noreferrer nofollow\">Le livre <\/a><span><\/span>.<\/p>\n<p>P\u00e9riode Glaciaire.,<a href=\"https:\/\/booknode.com\/periode_glaciaire_0112143\" target=\"_blank\" rel=\"noopener noreferrer nofollow\">A voir et \u00e0 lire. <\/a><span><\/span>. Disponible sur internet.<\/p>\n<\/div>\n","protected":false},"excerpt":{"rendered":"<p>Nous pr\u00e9sentons un nouvel encart qui va parfaire notre revue de presse sur \u00ab\u00a0l\u2019arch\u00e9ologie\u00a0\u00bb. Son titre (Les Diablogues | Ville de Vannes) est parlant. Sachez que le journaliste (identifi\u00e9 sous la signature Olivier_laudrin) est reconnu comme quelqu\u2019un de s\u00e9rieux. Le papier peut par cons\u00e9quent \u00eatre pris au s\u00e9rieux. L\u2019encart a \u00e9t\u00e9 publi\u00e9 \u00e0 une date [&hellip;]<\/p>\n","protected":false},"author":3,"featured_media":0,"comment_status":"closed","ping_status":"closed","sticky":false,"template":"","format":"standard","meta":{"footnotes":""},"categories":[2],"tags":[],"class_list":["post-519","post","type-post","status-publish","format-standard","hentry","category-patrimoine","entry"],"yoast_head":"<!-- This site is optimized with the Yoast SEO plugin v27.5 - https:\/\/yoast.com\/product\/yoast-seo-wordpress\/ -->\n<title>Relecture de l\u2019\u00e9dito : Les Diablogues | Ville de Vannes - LESGROTTESDESAINTCEZAIRE<\/title>\n<meta name=\"description\" content=\"Relecture de l\u2019\u00e9dito : Les Diablogues | Ville de Vannes article de LESGROTTESDESAINTCEZAIRE\" \/>\n<meta name=\"robots\" content=\"index, follow, max-snippet:-1, max-image-preview:large, max-video-preview:-1\" \/>\n<link rel=\"canonical\" href=\"https:\/\/www.lesgrottesdesaintcezaire.fr\/blog\/relecture-de-ledito-les-diablogues-ville-de-vannes\/\" \/>\n<meta property=\"og:locale\" content=\"fr_FR\" \/>\n<meta property=\"og:type\" content=\"article\" \/>\n<meta property=\"og:title\" content=\"Relecture de l\u2019\u00e9dito : Les Diablogues | Ville de Vannes - LESGROTTESDESAINTCEZAIRE\" \/>\n<meta property=\"og:description\" content=\"Relecture de l\u2019\u00e9dito : Les Diablogues | Ville de Vannes article de LESGROTTESDESAINTCEZAIRE\" \/>\n<meta property=\"og:url\" content=\"https:\/\/www.lesgrottesdesaintcezaire.fr\/blog\/relecture-de-ledito-les-diablogues-ville-de-vannes\/\" \/>\n<meta property=\"og:site_name\" content=\"LESGROTTESDESAINTCEZAIRE\" \/>\n<meta property=\"article:published_time\" content=\"2023-02-15T14:04:15+00:00\" \/>\n<meta name=\"author\" content=\"Fabienne MOUTON\" \/>\n<meta name=\"twitter:card\" content=\"summary_large_image\" \/>\n<meta name=\"twitter:label1\" content=\"\u00c9crit par\" \/>\n\t<meta name=\"twitter:data1\" content=\"Fabienne MOUTON\" \/>\n\t<meta name=\"twitter:label2\" content=\"Dur\u00e9e de lecture estim\u00e9e\" \/>\n\t<meta name=\"twitter:data2\" content=\"1 minute\" \/>\n<script type=\"application\/ld+json\" class=\"yoast-schema-graph\">{\"@context\":\"https:\\\/\\\/schema.org\",\"@graph\":[{\"@type\":\"Article\",\"@id\":\"https:\\\/\\\/www.lesgrottesdesaintcezaire.fr\\\/blog\\\/relecture-de-ledito-les-diablogues-ville-de-vannes\\\/#article\",\"isPartOf\":{\"@id\":\"https:\\\/\\\/www.lesgrottesdesaintcezaire.fr\\\/blog\\\/relecture-de-ledito-les-diablogues-ville-de-vannes\\\/\"},\"author\":{\"name\":\"Fabienne MOUTON\",\"@id\":\"https:\\\/\\\/www.lesgrottesdesaintcezaire.fr\\\/blog\\\/#\\\/schema\\\/person\\\/23d9a2ac249ecb9460a4ebce885adb9b\"},\"headline\":\"Relecture de l\u2019\u00e9dito : Les Diablogues | Ville de Vannes\",\"datePublished\":\"2023-02-15T14:04:15+00:00\",\"mainEntityOfPage\":{\"@id\":\"https:\\\/\\\/www.lesgrottesdesaintcezaire.fr\\\/blog\\\/relecture-de-ledito-les-diablogues-ville-de-vannes\\\/\"},\"wordCount\":267,\"publisher\":{\"@id\":\"https:\\\/\\\/www.lesgrottesdesaintcezaire.fr\\\/blog\\\/#organization\"},\"articleSection\":[\"Patrimoine:\"],\"inLanguage\":\"fr-FR\"},{\"@type\":\"WebPage\",\"@id\":\"https:\\\/\\\/www.lesgrottesdesaintcezaire.fr\\\/blog\\\/relecture-de-ledito-les-diablogues-ville-de-vannes\\\/\",\"url\":\"https:\\\/\\\/www.lesgrottesdesaintcezaire.fr\\\/blog\\\/relecture-de-ledito-les-diablogues-ville-de-vannes\\\/\",\"name\":\"Relecture de l\u2019\u00e9dito : Les Diablogues | Ville de Vannes - LESGROTTESDESAINTCEZAIRE\",\"isPartOf\":{\"@id\":\"https:\\\/\\\/www.lesgrottesdesaintcezaire.fr\\\/blog\\\/#website\"},\"datePublished\":\"2023-02-15T14:04:15+00:00\",\"description\":\"Relecture de l\u2019\u00e9dito : Les Diablogues | Ville de Vannes article de LESGROTTESDESAINTCEZAIRE\",\"breadcrumb\":{\"@id\":\"https:\\\/\\\/www.lesgrottesdesaintcezaire.fr\\\/blog\\\/relecture-de-ledito-les-diablogues-ville-de-vannes\\\/#breadcrumb\"},\"inLanguage\":\"fr-FR\",\"potentialAction\":[{\"@type\":\"ReadAction\",\"target\":[\"https:\\\/\\\/www.lesgrottesdesaintcezaire.fr\\\/blog\\\/relecture-de-ledito-les-diablogues-ville-de-vannes\\\/\"]}]},{\"@type\":\"BreadcrumbList\",\"@id\":\"https:\\\/\\\/www.lesgrottesdesaintcezaire.fr\\\/blog\\\/relecture-de-ledito-les-diablogues-ville-de-vannes\\\/#breadcrumb\",\"itemListElement\":[{\"@type\":\"ListItem\",\"position\":1,\"name\":\"Accueil\",\"item\":\"https:\\\/\\\/www.lesgrottesdesaintcezaire.fr\\\/blog\\\/\"},{\"@type\":\"ListItem\",\"position\":2,\"name\":\"Relecture de l\u2019\u00e9dito : Les Diablogues | Ville de Vannes\"}]},{\"@type\":\"WebSite\",\"@id\":\"https:\\\/\\\/www.lesgrottesdesaintcezaire.fr\\\/blog\\\/#website\",\"url\":\"https:\\\/\\\/www.lesgrottesdesaintcezaire.fr\\\/blog\\\/\",\"name\":\"LESGROTTESDESAINTCEZAIRE\",\"description\":\"Patrimoine: Le site de r\u00e9f\u00e9rence.\",\"publisher\":{\"@id\":\"https:\\\/\\\/www.lesgrottesdesaintcezaire.fr\\\/blog\\\/#organization\"},\"potentialAction\":[{\"@type\":\"SearchAction\",\"target\":{\"@type\":\"EntryPoint\",\"urlTemplate\":\"https:\\\/\\\/www.lesgrottesdesaintcezaire.fr\\\/blog\\\/?s={search_term_string}\"},\"query-input\":{\"@type\":\"PropertyValueSpecification\",\"valueRequired\":true,\"valueName\":\"search_term_string\"}}],\"inLanguage\":\"fr-FR\"},{\"@type\":\"Organization\",\"@id\":\"https:\\\/\\\/www.lesgrottesdesaintcezaire.fr\\\/blog\\\/#organization\",\"name\":\"lesgrottesdesaintcezaire\",\"url\":\"https:\\\/\\\/www.lesgrottesdesaintcezaire.fr\\\/blog\\\/\",\"logo\":{\"@type\":\"ImageObject\",\"inLanguage\":\"fr-FR\",\"@id\":\"https:\\\/\\\/www.lesgrottesdesaintcezaire.fr\\\/blog\\\/#\\\/schema\\\/logo\\\/image\\\/\",\"url\":\"https:\\\/\\\/www.lesgrottesdesaintcezaire.fr\\\/blog\\\/wp-content\\\/uploads\\\/2022\\\/05\\\/logo-2.png\",\"contentUrl\":\"https:\\\/\\\/www.lesgrottesdesaintcezaire.fr\\\/blog\\\/wp-content\\\/uploads\\\/2022\\\/05\\\/logo-2.png\",\"width\":150,\"height\":209,\"caption\":\"lesgrottesdesaintcezaire\"},\"image\":{\"@id\":\"https:\\\/\\\/www.lesgrottesdesaintcezaire.fr\\\/blog\\\/#\\\/schema\\\/logo\\\/image\\\/\"}},{\"@type\":\"Person\",\"@id\":\"https:\\\/\\\/www.lesgrottesdesaintcezaire.fr\\\/blog\\\/#\\\/schema\\\/person\\\/23d9a2ac249ecb9460a4ebce885adb9b\",\"name\":\"Fabienne MOUTON\",\"image\":{\"@type\":\"ImageObject\",\"inLanguage\":\"fr-FR\",\"@id\":\"https:\\\/\\\/secure.gravatar.com\\\/avatar\\\/856d7a14385bb0216de9c5cf9fb1160ddbd11c00be5bb16cfe389b9971309649?s=96&d=mm&r=g\",\"url\":\"https:\\\/\\\/secure.gravatar.com\\\/avatar\\\/856d7a14385bb0216de9c5cf9fb1160ddbd11c00be5bb16cfe389b9971309649?s=96&d=mm&r=g\",\"contentUrl\":\"https:\\\/\\\/secure.gravatar.com\\\/avatar\\\/856d7a14385bb0216de9c5cf9fb1160ddbd11c00be5bb16cfe389b9971309649?s=96&d=mm&r=g\",\"caption\":\"Fabienne MOUTON\"},\"url\":\"https:\\\/\\\/www.lesgrottesdesaintcezaire.fr\\\/blog\\\/author\\\/irefabienne\\\/\"}]}<\/script>\n<!-- \/ Yoast SEO plugin. -->","yoast_head_json":{"title":"Relecture de l\u2019\u00e9dito : Les Diablogues | Ville de Vannes - LESGROTTESDESAINTCEZAIRE","description":"Relecture de l\u2019\u00e9dito : Les Diablogues | Ville de Vannes article de LESGROTTESDESAINTCEZAIRE","robots":{"index":"index","follow":"follow","max-snippet":"max-snippet:-1","max-image-preview":"max-image-preview:large","max-video-preview":"max-video-preview:-1"},"canonical":"https:\/\/www.lesgrottesdesaintcezaire.fr\/blog\/relecture-de-ledito-les-diablogues-ville-de-vannes\/","og_locale":"fr_FR","og_type":"article","og_title":"Relecture de l\u2019\u00e9dito : Les Diablogues | Ville de Vannes - LESGROTTESDESAINTCEZAIRE","og_description":"Relecture de l\u2019\u00e9dito : Les Diablogues | Ville de Vannes article de LESGROTTESDESAINTCEZAIRE","og_url":"https:\/\/www.lesgrottesdesaintcezaire.fr\/blog\/relecture-de-ledito-les-diablogues-ville-de-vannes\/","og_site_name":"LESGROTTESDESAINTCEZAIRE","article_published_time":"2023-02-15T14:04:15+00:00","author":"Fabienne MOUTON","twitter_card":"summary_large_image","twitter_misc":{"\u00c9crit par":"Fabienne MOUTON","Dur\u00e9e de lecture estim\u00e9e":"1 minute"},"schema":{"@context":"https:\/\/schema.org","@graph":[{"@type":"Article","@id":"https:\/\/www.lesgrottesdesaintcezaire.fr\/blog\/relecture-de-ledito-les-diablogues-ville-de-vannes\/#article","isPartOf":{"@id":"https:\/\/www.lesgrottesdesaintcezaire.fr\/blog\/relecture-de-ledito-les-diablogues-ville-de-vannes\/"},"author":{"name":"Fabienne MOUTON","@id":"https:\/\/www.lesgrottesdesaintcezaire.fr\/blog\/#\/schema\/person\/23d9a2ac249ecb9460a4ebce885adb9b"},"headline":"Relecture de l\u2019\u00e9dito : Les Diablogues | Ville de Vannes","datePublished":"2023-02-15T14:04:15+00:00","mainEntityOfPage":{"@id":"https:\/\/www.lesgrottesdesaintcezaire.fr\/blog\/relecture-de-ledito-les-diablogues-ville-de-vannes\/"},"wordCount":267,"publisher":{"@id":"https:\/\/www.lesgrottesdesaintcezaire.fr\/blog\/#organization"},"articleSection":["Patrimoine:"],"inLanguage":"fr-FR"},{"@type":"WebPage","@id":"https:\/\/www.lesgrottesdesaintcezaire.fr\/blog\/relecture-de-ledito-les-diablogues-ville-de-vannes\/","url":"https:\/\/www.lesgrottesdesaintcezaire.fr\/blog\/relecture-de-ledito-les-diablogues-ville-de-vannes\/","name":"Relecture de l\u2019\u00e9dito : Les Diablogues | Ville de Vannes - LESGROTTESDESAINTCEZAIRE","isPartOf":{"@id":"https:\/\/www.lesgrottesdesaintcezaire.fr\/blog\/#website"},"datePublished":"2023-02-15T14:04:15+00:00","description":"Relecture de l\u2019\u00e9dito : Les Diablogues | Ville de Vannes article de LESGROTTESDESAINTCEZAIRE","breadcrumb":{"@id":"https:\/\/www.lesgrottesdesaintcezaire.fr\/blog\/relecture-de-ledito-les-diablogues-ville-de-vannes\/#breadcrumb"},"inLanguage":"fr-FR","potentialAction":[{"@type":"ReadAction","target":["https:\/\/www.lesgrottesdesaintcezaire.fr\/blog\/relecture-de-ledito-les-diablogues-ville-de-vannes\/"]}]},{"@type":"BreadcrumbList","@id":"https:\/\/www.lesgrottesdesaintcezaire.fr\/blog\/relecture-de-ledito-les-diablogues-ville-de-vannes\/#breadcrumb","itemListElement":[{"@type":"ListItem","position":1,"name":"Accueil","item":"https:\/\/www.lesgrottesdesaintcezaire.fr\/blog\/"},{"@type":"ListItem","position":2,"name":"Relecture de l\u2019\u00e9dito : Les Diablogues | Ville de Vannes"}]},{"@type":"WebSite","@id":"https:\/\/www.lesgrottesdesaintcezaire.fr\/blog\/#website","url":"https:\/\/www.lesgrottesdesaintcezaire.fr\/blog\/","name":"LESGROTTESDESAINTCEZAIRE","description":"Patrimoine: Le site de r\u00e9f\u00e9rence.","publisher":{"@id":"https:\/\/www.lesgrottesdesaintcezaire.fr\/blog\/#organization"},"potentialAction":[{"@type":"SearchAction","target":{"@type":"EntryPoint","urlTemplate":"https:\/\/www.lesgrottesdesaintcezaire.fr\/blog\/?s={search_term_string}"},"query-input":{"@type":"PropertyValueSpecification","valueRequired":true,"valueName":"search_term_string"}}],"inLanguage":"fr-FR"},{"@type":"Organization","@id":"https:\/\/www.lesgrottesdesaintcezaire.fr\/blog\/#organization","name":"lesgrottesdesaintcezaire","url":"https:\/\/www.lesgrottesdesaintcezaire.fr\/blog\/","logo":{"@type":"ImageObject","inLanguage":"fr-FR","@id":"https:\/\/www.lesgrottesdesaintcezaire.fr\/blog\/#\/schema\/logo\/image\/","url":"https:\/\/www.lesgrottesdesaintcezaire.fr\/blog\/wp-content\/uploads\/2022\/05\/logo-2.png","contentUrl":"https:\/\/www.lesgrottesdesaintcezaire.fr\/blog\/wp-content\/uploads\/2022\/05\/logo-2.png","width":150,"height":209,"caption":"lesgrottesdesaintcezaire"},"image":{"@id":"https:\/\/www.lesgrottesdesaintcezaire.fr\/blog\/#\/schema\/logo\/image\/"}},{"@type":"Person","@id":"https:\/\/www.lesgrottesdesaintcezaire.fr\/blog\/#\/schema\/person\/23d9a2ac249ecb9460a4ebce885adb9b","name":"Fabienne MOUTON","image":{"@type":"ImageObject","inLanguage":"fr-FR","@id":"https:\/\/secure.gravatar.com\/avatar\/856d7a14385bb0216de9c5cf9fb1160ddbd11c00be5bb16cfe389b9971309649?s=96&d=mm&r=g","url":"https:\/\/secure.gravatar.com\/avatar\/856d7a14385bb0216de9c5cf9fb1160ddbd11c00be5bb16cfe389b9971309649?s=96&d=mm&r=g","contentUrl":"https:\/\/secure.gravatar.com\/avatar\/856d7a14385bb0216de9c5cf9fb1160ddbd11c00be5bb16cfe389b9971309649?s=96&d=mm&r=g","caption":"Fabienne MOUTON"},"url":"https:\/\/www.lesgrottesdesaintcezaire.fr\/blog\/author\/irefabienne\/"}]}},"_links":{"self":[{"href":"https:\/\/www.lesgrottesdesaintcezaire.fr\/blog\/wp-json\/wp\/v2\/posts\/519","targetHints":{"allow":["GET"]}}],"collection":[{"href":"https:\/\/www.lesgrottesdesaintcezaire.fr\/blog\/wp-json\/wp\/v2\/posts"}],"about":[{"href":"https:\/\/www.lesgrottesdesaintcezaire.fr\/blog\/wp-json\/wp\/v2\/types\/post"}],"author":[{"embeddable":true,"href":"https:\/\/www.lesgrottesdesaintcezaire.fr\/blog\/wp-json\/wp\/v2\/users\/3"}],"replies":[{"embeddable":true,"href":"https:\/\/www.lesgrottesdesaintcezaire.fr\/blog\/wp-json\/wp\/v2\/comments?post=519"}],"version-history":[{"count":0,"href":"https:\/\/www.lesgrottesdesaintcezaire.fr\/blog\/wp-json\/wp\/v2\/posts\/519\/revisions"}],"wp:attachment":[{"href":"https:\/\/www.lesgrottesdesaintcezaire.fr\/blog\/wp-json\/wp\/v2\/media?parent=519"}],"wp:term":[{"taxonomy":"category","embeddable":true,"href":"https:\/\/www.lesgrottesdesaintcezaire.fr\/blog\/wp-json\/wp\/v2\/categories?post=519"},{"taxonomy":"post_tag","embeddable":true,"href":"https:\/\/www.lesgrottesdesaintcezaire.fr\/blog\/wp-json\/wp\/v2\/tags?post=519"}],"curies":[{"name":"wp","href":"https:\/\/api.w.org\/{rel}","templated":true}]}}