{"id":531,"date":"2023-02-22T10:18:42","date_gmt":"2023-02-22T09:18:42","guid":{"rendered":"https:\/\/www.lesgrottesdesaintcezaire.fr\/blog\/on-revient-sur-larticle-atelier-enfant-de-leau-a-mon-moulin\/"},"modified":"2023-02-22T10:18:42","modified_gmt":"2023-02-22T09:18:42","slug":"on-revient-sur-larticle-atelier-enfant-de-leau-a-mon-moulin","status":"publish","type":"post","link":"https:\/\/www.lesgrottesdesaintcezaire.fr\/blog\/on-revient-sur-larticle-atelier-enfant-de-leau-a-mon-moulin\/","title":{"rendered":"On revient sur l\u2019article  : Atelier enfant \u2013 De l\u2019eau \u00e0 mon moulin"},"content":{"rendered":"<div>\n<p>Un fois de plus, ce site va vous exposer un article qui circule sur le web. Le sujet est \u00abl\u2019arch\u00e9ologie\u00bb.<\/p>\n<p>Le titre s\u00e9duisant (Atelier enfant \u2013 De l\u2019eau \u00e0 mon moulin) r\u00e9capitule tout l\u2019encart.<\/p>\n<p>L\u2019\u00e9crivain (pr\u00e9sent\u00e9 sous la signature  Les Mus\u00e9es de Rouen) est connu et fiable.<\/p>\n<p>La cr\u00e9dibilit\u00e9 est de ce fait \u00e9minente en ce qui concerne cet encart.<\/p>\n<p>La date de publication est 2023-03-22 01:00:00.<\/p>\n<div>\n<article class=\"node node-evenement\">\n<p>\n    <span class=\"field-dates\"><br \/>\n\t\t  <span class=\"date-display-single\">Mercredi 22 Mars 2023<\/span>\t<\/span>    <br \/>14h30      <\/p>\n<div class=\"field-contenu\">\n<h2>Ateliers<\/h2>\n<p><span class=\"field-label\">Tarif :<\/span> Gratuit<\/p>\n<p><span class=\"field-label\">Nombre de personnes max :<\/span> 12<\/p>\n<p><span class=\"field-label\">Dur\u00e9e :<\/span> 1h<\/p>\n<div class=\"field field-name-field-infos field-type-text-long field-label-hidden\">\n<div class=\"field-items\">\n<div class=\"field-item even\">\n<p>Une rivi\u00e8re pour faire fonctionner ma roue et tourner mon moulin. R\u00e9alisez une petite roue \u00e0 aubes pour exp\u00e9rimenter l\u2019\u00e9nergie hydraulique.<\/p>\n<p>Inscriptions aupr\u00e8s du Pavillon des transitions, 6-11 ans.<\/p>\n<p>Pour plus de renseignements :\u00a0 02 35 71 41 50 ou publics2@musees-rouen-normandie.fr\u00a0\u00a0\u00a0\u00a0\u00a0<\/p>\n<\/div>\n<\/div>\n<\/div>\n<\/div>\n<\/article>\n<\/div>\n<p>Ce propos r\u00e9pond \u00e0 vos demandes vous appr\u00e9cierez tout autant ces ouvrages:<\/p>\n<p>Qui \u00e9tait N\u00e9andertal ? L\u2019enqu\u00eate illustr\u00e9e.,<a href=\"https:\/\/booknode.com\/qui_etait_neandertal_lenquete_illustree_02622613\" target=\"_blank\" rel=\"noopener noreferrer nofollow\">(la couverture) <\/a><span><\/span>.<\/p>\n<p>National Geographic, arch\u00e9ologie: Chich\u00e9n Itz\u00e1.,<a href=\"https:\/\/booknode.com\/national_geographic_archeologie_chichen_itza_02667973\" target=\"_blank\" rel=\"noopener noreferrer nofollow\">Clicker Ici <\/a><span><\/span>.<\/p>\n<p>Villa 3. Histoire et arch\u00e9ologie des soci\u00e9t\u00e9s de la Vall\u00e9e de L\u2019\u00c8bre (vii-xie si\u00e8cles).,<a href=\"https:\/\/www.epagine.fr\/ebook\/9782810709885-villa-3-histoire-et-archeologie-des-societes-de-la-vallee-de-l-ebre-vii-xie-siecles-philippe-senac\/\" target=\"_blank\" rel=\"noopener noreferrer nofollow\">(la couverture) <\/a><span><\/span>.<\/p>\n<p>Pour une arch\u00e9ologie agraire.,<a href=\"https:\/\/www.epagine.fr\/ebook\/9791037625014-pour-une-archeologie-agraire-collectif\/\" target=\"_blank\" rel=\"noopener noreferrer nofollow\">A voir et \u00e0 lire. <\/a><span><\/span>. Disponible sur internet.<\/p>\n<\/div>\n","protected":false},"excerpt":{"rendered":"<p>Un fois de plus, ce site va vous exposer un article qui circule sur le web. Le sujet est \u00abl\u2019arch\u00e9ologie\u00bb. Le titre s\u00e9duisant (Atelier enfant \u2013 De l\u2019eau \u00e0 mon moulin) r\u00e9capitule tout l\u2019encart. L\u2019\u00e9crivain (pr\u00e9sent\u00e9 sous la signature Les Mus\u00e9es de Rouen) est connu et fiable. La cr\u00e9dibilit\u00e9 est de ce fait \u00e9minente en [&hellip;]<\/p>\n","protected":false},"author":3,"featured_media":0,"comment_status":"closed","ping_status":"closed","sticky":false,"template":"","format":"standard","meta":{"footnotes":""},"categories":[2],"tags":[],"class_list":["post-531","post","type-post","status-publish","format-standard","hentry","category-patrimoine","entry"],"yoast_head":"<!-- This site is optimized with the Yoast SEO plugin v27.5 - https:\/\/yoast.com\/product\/yoast-seo-wordpress\/ -->\n<title>On revient sur l\u2019article : Atelier enfant \u2013 De l\u2019eau \u00e0 mon moulin - LESGROTTESDESAINTCEZAIRE<\/title>\n<meta name=\"description\" content=\"On revient sur l\u2019article : Atelier enfant \u2013 De l\u2019eau \u00e0 mon moulin article de LESGROTTESDESAINTCEZAIRE\" \/>\n<meta name=\"robots\" content=\"index, follow, max-snippet:-1, max-image-preview:large, max-video-preview:-1\" \/>\n<link rel=\"canonical\" href=\"https:\/\/www.lesgrottesdesaintcezaire.fr\/blog\/on-revient-sur-larticle-atelier-enfant-de-leau-a-mon-moulin\/\" \/>\n<meta property=\"og:locale\" content=\"fr_FR\" \/>\n<meta property=\"og:type\" content=\"article\" \/>\n<meta property=\"og:title\" content=\"On revient sur l\u2019article : Atelier enfant \u2013 De l\u2019eau \u00e0 mon moulin - LESGROTTESDESAINTCEZAIRE\" \/>\n<meta property=\"og:description\" content=\"On revient sur l\u2019article : Atelier enfant \u2013 De l\u2019eau \u00e0 mon moulin article de LESGROTTESDESAINTCEZAIRE\" \/>\n<meta property=\"og:url\" content=\"https:\/\/www.lesgrottesdesaintcezaire.fr\/blog\/on-revient-sur-larticle-atelier-enfant-de-leau-a-mon-moulin\/\" \/>\n<meta property=\"og:site_name\" content=\"LESGROTTESDESAINTCEZAIRE\" \/>\n<meta property=\"article:published_time\" content=\"2023-02-22T09:18:42+00:00\" \/>\n<meta name=\"author\" content=\"Fabienne MOUTON\" \/>\n<meta name=\"twitter:card\" content=\"summary_large_image\" \/>\n<meta name=\"twitter:label1\" content=\"\u00c9crit par\" \/>\n\t<meta name=\"twitter:data1\" content=\"Fabienne MOUTON\" \/>\n\t<meta name=\"twitter:label2\" content=\"Dur\u00e9e de lecture estim\u00e9e\" \/>\n\t<meta name=\"twitter:data2\" content=\"1 minute\" \/>\n<script type=\"application\/ld+json\" class=\"yoast-schema-graph\">{\"@context\":\"https:\\\/\\\/schema.org\",\"@graph\":[{\"@type\":\"Article\",\"@id\":\"https:\\\/\\\/www.lesgrottesdesaintcezaire.fr\\\/blog\\\/on-revient-sur-larticle-atelier-enfant-de-leau-a-mon-moulin\\\/#article\",\"isPartOf\":{\"@id\":\"https:\\\/\\\/www.lesgrottesdesaintcezaire.fr\\\/blog\\\/on-revient-sur-larticle-atelier-enfant-de-leau-a-mon-moulin\\\/\"},\"author\":{\"name\":\"Fabienne MOUTON\",\"@id\":\"https:\\\/\\\/www.lesgrottesdesaintcezaire.fr\\\/blog\\\/#\\\/schema\\\/person\\\/23d9a2ac249ecb9460a4ebce885adb9b\"},\"headline\":\"On revient sur l\u2019article : Atelier enfant \u2013 De l\u2019eau \u00e0 mon moulin\",\"datePublished\":\"2023-02-22T09:18:42+00:00\",\"mainEntityOfPage\":{\"@id\":\"https:\\\/\\\/www.lesgrottesdesaintcezaire.fr\\\/blog\\\/on-revient-sur-larticle-atelier-enfant-de-leau-a-mon-moulin\\\/\"},\"wordCount\":207,\"publisher\":{\"@id\":\"https:\\\/\\\/www.lesgrottesdesaintcezaire.fr\\\/blog\\\/#organization\"},\"articleSection\":[\"Patrimoine:\"],\"inLanguage\":\"fr-FR\"},{\"@type\":\"WebPage\",\"@id\":\"https:\\\/\\\/www.lesgrottesdesaintcezaire.fr\\\/blog\\\/on-revient-sur-larticle-atelier-enfant-de-leau-a-mon-moulin\\\/\",\"url\":\"https:\\\/\\\/www.lesgrottesdesaintcezaire.fr\\\/blog\\\/on-revient-sur-larticle-atelier-enfant-de-leau-a-mon-moulin\\\/\",\"name\":\"On revient sur l\u2019article : Atelier enfant \u2013 De l\u2019eau \u00e0 mon moulin - LESGROTTESDESAINTCEZAIRE\",\"isPartOf\":{\"@id\":\"https:\\\/\\\/www.lesgrottesdesaintcezaire.fr\\\/blog\\\/#website\"},\"datePublished\":\"2023-02-22T09:18:42+00:00\",\"description\":\"On revient sur l\u2019article : Atelier enfant \u2013 De l\u2019eau \u00e0 mon moulin article de LESGROTTESDESAINTCEZAIRE\",\"breadcrumb\":{\"@id\":\"https:\\\/\\\/www.lesgrottesdesaintcezaire.fr\\\/blog\\\/on-revient-sur-larticle-atelier-enfant-de-leau-a-mon-moulin\\\/#breadcrumb\"},\"inLanguage\":\"fr-FR\",\"potentialAction\":[{\"@type\":\"ReadAction\",\"target\":[\"https:\\\/\\\/www.lesgrottesdesaintcezaire.fr\\\/blog\\\/on-revient-sur-larticle-atelier-enfant-de-leau-a-mon-moulin\\\/\"]}]},{\"@type\":\"BreadcrumbList\",\"@id\":\"https:\\\/\\\/www.lesgrottesdesaintcezaire.fr\\\/blog\\\/on-revient-sur-larticle-atelier-enfant-de-leau-a-mon-moulin\\\/#breadcrumb\",\"itemListElement\":[{\"@type\":\"ListItem\",\"position\":1,\"name\":\"Accueil\",\"item\":\"https:\\\/\\\/www.lesgrottesdesaintcezaire.fr\\\/blog\\\/\"},{\"@type\":\"ListItem\",\"position\":2,\"name\":\"On revient sur l\u2019article : Atelier enfant \u2013 De l\u2019eau \u00e0 mon moulin\"}]},{\"@type\":\"WebSite\",\"@id\":\"https:\\\/\\\/www.lesgrottesdesaintcezaire.fr\\\/blog\\\/#website\",\"url\":\"https:\\\/\\\/www.lesgrottesdesaintcezaire.fr\\\/blog\\\/\",\"name\":\"LESGROTTESDESAINTCEZAIRE\",\"description\":\"Patrimoine: Le site de r\u00e9f\u00e9rence.\",\"publisher\":{\"@id\":\"https:\\\/\\\/www.lesgrottesdesaintcezaire.fr\\\/blog\\\/#organization\"},\"potentialAction\":[{\"@type\":\"SearchAction\",\"target\":{\"@type\":\"EntryPoint\",\"urlTemplate\":\"https:\\\/\\\/www.lesgrottesdesaintcezaire.fr\\\/blog\\\/?s={search_term_string}\"},\"query-input\":{\"@type\":\"PropertyValueSpecification\",\"valueRequired\":true,\"valueName\":\"search_term_string\"}}],\"inLanguage\":\"fr-FR\"},{\"@type\":\"Organization\",\"@id\":\"https:\\\/\\\/www.lesgrottesdesaintcezaire.fr\\\/blog\\\/#organization\",\"name\":\"lesgrottesdesaintcezaire\",\"url\":\"https:\\\/\\\/www.lesgrottesdesaintcezaire.fr\\\/blog\\\/\",\"logo\":{\"@type\":\"ImageObject\",\"inLanguage\":\"fr-FR\",\"@id\":\"https:\\\/\\\/www.lesgrottesdesaintcezaire.fr\\\/blog\\\/#\\\/schema\\\/logo\\\/image\\\/\",\"url\":\"https:\\\/\\\/www.lesgrottesdesaintcezaire.fr\\\/blog\\\/wp-content\\\/uploads\\\/2022\\\/05\\\/logo-2.png\",\"contentUrl\":\"https:\\\/\\\/www.lesgrottesdesaintcezaire.fr\\\/blog\\\/wp-content\\\/uploads\\\/2022\\\/05\\\/logo-2.png\",\"width\":150,\"height\":209,\"caption\":\"lesgrottesdesaintcezaire\"},\"image\":{\"@id\":\"https:\\\/\\\/www.lesgrottesdesaintcezaire.fr\\\/blog\\\/#\\\/schema\\\/logo\\\/image\\\/\"}},{\"@type\":\"Person\",\"@id\":\"https:\\\/\\\/www.lesgrottesdesaintcezaire.fr\\\/blog\\\/#\\\/schema\\\/person\\\/23d9a2ac249ecb9460a4ebce885adb9b\",\"name\":\"Fabienne MOUTON\",\"image\":{\"@type\":\"ImageObject\",\"inLanguage\":\"fr-FR\",\"@id\":\"https:\\\/\\\/secure.gravatar.com\\\/avatar\\\/856d7a14385bb0216de9c5cf9fb1160ddbd11c00be5bb16cfe389b9971309649?s=96&d=mm&r=g\",\"url\":\"https:\\\/\\\/secure.gravatar.com\\\/avatar\\\/856d7a14385bb0216de9c5cf9fb1160ddbd11c00be5bb16cfe389b9971309649?s=96&d=mm&r=g\",\"contentUrl\":\"https:\\\/\\\/secure.gravatar.com\\\/avatar\\\/856d7a14385bb0216de9c5cf9fb1160ddbd11c00be5bb16cfe389b9971309649?s=96&d=mm&r=g\",\"caption\":\"Fabienne MOUTON\"},\"url\":\"https:\\\/\\\/www.lesgrottesdesaintcezaire.fr\\\/blog\\\/author\\\/irefabienne\\\/\"}]}<\/script>\n<!-- \/ Yoast SEO plugin. -->","yoast_head_json":{"title":"On revient sur l\u2019article : Atelier enfant \u2013 De l\u2019eau \u00e0 mon moulin - LESGROTTESDESAINTCEZAIRE","description":"On revient sur l\u2019article : Atelier enfant \u2013 De l\u2019eau \u00e0 mon moulin article de LESGROTTESDESAINTCEZAIRE","robots":{"index":"index","follow":"follow","max-snippet":"max-snippet:-1","max-image-preview":"max-image-preview:large","max-video-preview":"max-video-preview:-1"},"canonical":"https:\/\/www.lesgrottesdesaintcezaire.fr\/blog\/on-revient-sur-larticle-atelier-enfant-de-leau-a-mon-moulin\/","og_locale":"fr_FR","og_type":"article","og_title":"On revient sur l\u2019article : Atelier enfant \u2013 De l\u2019eau \u00e0 mon moulin - LESGROTTESDESAINTCEZAIRE","og_description":"On revient sur l\u2019article : Atelier enfant \u2013 De l\u2019eau \u00e0 mon moulin article de LESGROTTESDESAINTCEZAIRE","og_url":"https:\/\/www.lesgrottesdesaintcezaire.fr\/blog\/on-revient-sur-larticle-atelier-enfant-de-leau-a-mon-moulin\/","og_site_name":"LESGROTTESDESAINTCEZAIRE","article_published_time":"2023-02-22T09:18:42+00:00","author":"Fabienne MOUTON","twitter_card":"summary_large_image","twitter_misc":{"\u00c9crit par":"Fabienne MOUTON","Dur\u00e9e de lecture estim\u00e9e":"1 minute"},"schema":{"@context":"https:\/\/schema.org","@graph":[{"@type":"Article","@id":"https:\/\/www.lesgrottesdesaintcezaire.fr\/blog\/on-revient-sur-larticle-atelier-enfant-de-leau-a-mon-moulin\/#article","isPartOf":{"@id":"https:\/\/www.lesgrottesdesaintcezaire.fr\/blog\/on-revient-sur-larticle-atelier-enfant-de-leau-a-mon-moulin\/"},"author":{"name":"Fabienne MOUTON","@id":"https:\/\/www.lesgrottesdesaintcezaire.fr\/blog\/#\/schema\/person\/23d9a2ac249ecb9460a4ebce885adb9b"},"headline":"On revient sur l\u2019article : Atelier enfant \u2013 De l\u2019eau \u00e0 mon moulin","datePublished":"2023-02-22T09:18:42+00:00","mainEntityOfPage":{"@id":"https:\/\/www.lesgrottesdesaintcezaire.fr\/blog\/on-revient-sur-larticle-atelier-enfant-de-leau-a-mon-moulin\/"},"wordCount":207,"publisher":{"@id":"https:\/\/www.lesgrottesdesaintcezaire.fr\/blog\/#organization"},"articleSection":["Patrimoine:"],"inLanguage":"fr-FR"},{"@type":"WebPage","@id":"https:\/\/www.lesgrottesdesaintcezaire.fr\/blog\/on-revient-sur-larticle-atelier-enfant-de-leau-a-mon-moulin\/","url":"https:\/\/www.lesgrottesdesaintcezaire.fr\/blog\/on-revient-sur-larticle-atelier-enfant-de-leau-a-mon-moulin\/","name":"On revient sur l\u2019article : Atelier enfant \u2013 De l\u2019eau \u00e0 mon moulin - LESGROTTESDESAINTCEZAIRE","isPartOf":{"@id":"https:\/\/www.lesgrottesdesaintcezaire.fr\/blog\/#website"},"datePublished":"2023-02-22T09:18:42+00:00","description":"On revient sur l\u2019article : Atelier enfant \u2013 De l\u2019eau \u00e0 mon moulin article de LESGROTTESDESAINTCEZAIRE","breadcrumb":{"@id":"https:\/\/www.lesgrottesdesaintcezaire.fr\/blog\/on-revient-sur-larticle-atelier-enfant-de-leau-a-mon-moulin\/#breadcrumb"},"inLanguage":"fr-FR","potentialAction":[{"@type":"ReadAction","target":["https:\/\/www.lesgrottesdesaintcezaire.fr\/blog\/on-revient-sur-larticle-atelier-enfant-de-leau-a-mon-moulin\/"]}]},{"@type":"BreadcrumbList","@id":"https:\/\/www.lesgrottesdesaintcezaire.fr\/blog\/on-revient-sur-larticle-atelier-enfant-de-leau-a-mon-moulin\/#breadcrumb","itemListElement":[{"@type":"ListItem","position":1,"name":"Accueil","item":"https:\/\/www.lesgrottesdesaintcezaire.fr\/blog\/"},{"@type":"ListItem","position":2,"name":"On revient sur l\u2019article : Atelier enfant \u2013 De l\u2019eau \u00e0 mon moulin"}]},{"@type":"WebSite","@id":"https:\/\/www.lesgrottesdesaintcezaire.fr\/blog\/#website","url":"https:\/\/www.lesgrottesdesaintcezaire.fr\/blog\/","name":"LESGROTTESDESAINTCEZAIRE","description":"Patrimoine: Le site de r\u00e9f\u00e9rence.","publisher":{"@id":"https:\/\/www.lesgrottesdesaintcezaire.fr\/blog\/#organization"},"potentialAction":[{"@type":"SearchAction","target":{"@type":"EntryPoint","urlTemplate":"https:\/\/www.lesgrottesdesaintcezaire.fr\/blog\/?s={search_term_string}"},"query-input":{"@type":"PropertyValueSpecification","valueRequired":true,"valueName":"search_term_string"}}],"inLanguage":"fr-FR"},{"@type":"Organization","@id":"https:\/\/www.lesgrottesdesaintcezaire.fr\/blog\/#organization","name":"lesgrottesdesaintcezaire","url":"https:\/\/www.lesgrottesdesaintcezaire.fr\/blog\/","logo":{"@type":"ImageObject","inLanguage":"fr-FR","@id":"https:\/\/www.lesgrottesdesaintcezaire.fr\/blog\/#\/schema\/logo\/image\/","url":"https:\/\/www.lesgrottesdesaintcezaire.fr\/blog\/wp-content\/uploads\/2022\/05\/logo-2.png","contentUrl":"https:\/\/www.lesgrottesdesaintcezaire.fr\/blog\/wp-content\/uploads\/2022\/05\/logo-2.png","width":150,"height":209,"caption":"lesgrottesdesaintcezaire"},"image":{"@id":"https:\/\/www.lesgrottesdesaintcezaire.fr\/blog\/#\/schema\/logo\/image\/"}},{"@type":"Person","@id":"https:\/\/www.lesgrottesdesaintcezaire.fr\/blog\/#\/schema\/person\/23d9a2ac249ecb9460a4ebce885adb9b","name":"Fabienne MOUTON","image":{"@type":"ImageObject","inLanguage":"fr-FR","@id":"https:\/\/secure.gravatar.com\/avatar\/856d7a14385bb0216de9c5cf9fb1160ddbd11c00be5bb16cfe389b9971309649?s=96&d=mm&r=g","url":"https:\/\/secure.gravatar.com\/avatar\/856d7a14385bb0216de9c5cf9fb1160ddbd11c00be5bb16cfe389b9971309649?s=96&d=mm&r=g","contentUrl":"https:\/\/secure.gravatar.com\/avatar\/856d7a14385bb0216de9c5cf9fb1160ddbd11c00be5bb16cfe389b9971309649?s=96&d=mm&r=g","caption":"Fabienne MOUTON"},"url":"https:\/\/www.lesgrottesdesaintcezaire.fr\/blog\/author\/irefabienne\/"}]}},"_links":{"self":[{"href":"https:\/\/www.lesgrottesdesaintcezaire.fr\/blog\/wp-json\/wp\/v2\/posts\/531","targetHints":{"allow":["GET"]}}],"collection":[{"href":"https:\/\/www.lesgrottesdesaintcezaire.fr\/blog\/wp-json\/wp\/v2\/posts"}],"about":[{"href":"https:\/\/www.lesgrottesdesaintcezaire.fr\/blog\/wp-json\/wp\/v2\/types\/post"}],"author":[{"embeddable":true,"href":"https:\/\/www.lesgrottesdesaintcezaire.fr\/blog\/wp-json\/wp\/v2\/users\/3"}],"replies":[{"embeddable":true,"href":"https:\/\/www.lesgrottesdesaintcezaire.fr\/blog\/wp-json\/wp\/v2\/comments?post=531"}],"version-history":[{"count":0,"href":"https:\/\/www.lesgrottesdesaintcezaire.fr\/blog\/wp-json\/wp\/v2\/posts\/531\/revisions"}],"wp:attachment":[{"href":"https:\/\/www.lesgrottesdesaintcezaire.fr\/blog\/wp-json\/wp\/v2\/media?parent=531"}],"wp:term":[{"taxonomy":"category","embeddable":true,"href":"https:\/\/www.lesgrottesdesaintcezaire.fr\/blog\/wp-json\/wp\/v2\/categories?post=531"},{"taxonomy":"post_tag","embeddable":true,"href":"https:\/\/www.lesgrottesdesaintcezaire.fr\/blog\/wp-json\/wp\/v2\/tags?post=531"}],"curies":[{"name":"wp","href":"https:\/\/api.w.org\/{rel}","templated":true}]}}