{"id":535,"date":"2023-02-28T12:02:48","date_gmt":"2023-02-28T11:02:48","guid":{"rendered":"https:\/\/www.lesgrottesdesaintcezaire.fr\/blog\/retour-sur-larticle-conseil-municipal-du-27-fevrier-2023\/"},"modified":"2023-02-28T12:02:48","modified_gmt":"2023-02-28T11:02:48","slug":"retour-sur-larticle-conseil-municipal-du-27-fevrier-2023","status":"publish","type":"post","link":"https:\/\/www.lesgrottesdesaintcezaire.fr\/blog\/retour-sur-larticle-conseil-municipal-du-27-fevrier-2023\/","title":{"rendered":"Retour sur l\u2019article  : Conseil municipal du 27 f\u00e9vrier 2023"},"content":{"rendered":"<div><img width=\"580\" height=\"288\" src=\"https:\/\/www.lesgrottesdesaintcezaire.fr\/blog\/wp-content\/uploads\/2023\/02\/Retour-sur-larticle-Conseil-municipal-du-27-fevrier-2023-1024x508-1.jpg\" class=\"attachment-large size-large wp-post-image\" alt=\"Retour-sur-larticle-Conseil-municipal-du-27-fevrier-2023\" decoding=\"async\" loading=\"lazy\" style=\"float:left; margin:0 15px 15px 0;\" srcset=\"https:\/\/www.lesgrottesdesaintcezaire.fr\/blog\/wp-content\/uploads\/2023\/02\/Retour-sur-larticle-Conseil-municipal-du-27-fevrier-2023-1024x508-1.jpg 1024w, https:\/\/www.site.cdcl.xyz\/wp-content\/uploads\/2023\/02\/Retour-sur-larticle-Conseil-municipal-du-27-fevrier-2023-300x149.jpg 300w, https:\/\/www.site.cdcl.xyz\/wp-content\/uploads\/2023\/02\/Retour-sur-larticle-Conseil-municipal-du-27-fevrier-2023-768x381.jpg 768w, https:\/\/www.site.cdcl.xyz\/wp-content\/uploads\/2023\/02\/Retour-sur-larticle-Conseil-municipal-du-27-fevrier-2023-1536x762.jpg 1536w, https:\/\/www.site.cdcl.xyz\/wp-content\/uploads\/2023\/02\/Retour-sur-larticle-Conseil-municipal-du-27-fevrier-2023-2048x1016.jpg 2048w, https:\/\/www.site.cdcl.xyz\/wp-content\/uploads\/2023\/02\/Retour-sur-larticle-Conseil-municipal-du-27-fevrier-2023-1200x595.jpg 1200w, https:\/\/www.site.cdcl.xyz\/wp-content\/uploads\/2023\/02\/Retour-sur-larticle-Conseil-municipal-du-27-fevrier-2023-1980x982.jpg 1980w\" sizes=\"auto, (max-width: 580px) 100vw, 580px\"><\/p>\n<p>En enqu\u00eatant sur le web nous avons remarqu\u00e9 un encart qui risque de vous ravir. Son propos est \u00ab\u00a0l\u2019arch\u00e9ologie\u00a0\u00bb.<\/p>\n<p>Le titre s\u00e9duisant (Conseil municipal du 27 f\u00e9vrier 2023) parle de lui-m\u00eame.<\/p>\n<p>L\u2019auteur (identifi\u00e9 sous la signature  Benoit CHEVRIER) est reconnu comme quelqu\u2019un de s\u00e9rieux.<\/p>\n<p>Les r\u00e9v\u00e9lations concern\u00e9es sont ainsi r\u00e9put\u00e9es valables.<\/p>\n<p>La date de parution est 2023-02-27 20:17:35.<\/p>\n<div>\n<p class=\"lead\">\u00a0<\/p>\n<p><strong><img decoding=\"async\" loading=\"lazy\" width=\"2560\" height=\"1270\" class=\"aligncenter size-full wp-image-27096\" src=\"https:\/\/www.lesgrottesdesaintcezaire.fr\/blog\/wp-content\/uploads\/2023\/02\/Edito-tout-frais-Conseil-municipal-du-27-fevrier-2023.jpg\" alt=\"\"><\/strong><\/p>\n<p><strong>R\u00e9unis lundi 27 f\u00e9vrier \u00e0 l\u2019H\u00f4tel de Ville, sous la pr\u00e9sidence de Jean-Yves Ravier, les \u00e9lus ont adopt\u00e9s les points \u00e0 l\u2019ordre du jour, notamment les suivants :\u00a0<\/strong><\/p>\n<h3 class=\"p2\"><b>Renouvellement du contrat de d\u00e9l\u00e9gation de service public de l\u2019abattoir \u2013 Mission d\u2019assistance juridique.<\/b><\/h3>\n<p class=\"p2\">L\u2019abattoir municipal situ\u00e9 en zone industrielle sur la commune de Perrigny est un outil de proximit\u00e9, sp\u00e9cialis\u00e9 dans l\u2019abattage des animaux de boucherie.<\/p>\n<p class=\"p2\">Il est exploit\u00e9 dans le cadre d\u2019une D\u00e9l\u00e9gation de Service Public par la Soci\u00e9t\u00e9 GEXAL jusqu\u2019\u00e0 la date du 29 f\u00e9vrier 2024.<\/p>\n<p class=\"p2\">Cet outil de proximit\u00e9 construit en 1980 pour exploiter 2 500 tonnes a subi une r\u00e9novation en 2010 et produit aujourd\u2019hui 6 500 tonnes. Il est vieillissant et ne r\u00e9pond plus aux normes li\u00e9es aux conditions de travail et au bien \u00eatre animal.<\/p>\n<p class=\"p2\">La Ville a engag\u00e9 en 2022 une \u00e9tude de faisabilit\u00e9 de requalification de l\u2019\u00e9quipement actuel ou de construction d\u2019un projet neuf.<\/p>\n<p class=\"p2\">L\u2019\u00e9tude a conclu que pour une p\u00e9rennisation de l\u2019abattoir sur le territoire, il fallait s\u2019orienter vers un projet neuf.<\/p>\n<p class=\"p2\">Aujourd\u2019hui, afin de poursuivre le travail engag\u00e9 notamment en collaboration avec M. le Pr\u00e9fet, sur la recherche de terrain et la consolidation de participation des acteurs locaux de la fili\u00e8re, il appara\u00eet n\u00e9cessaire de lancer une nouvelle DSP de courte dur\u00e9e afin de permettre la transition entre l\u2019\u00e9quipement actuel et le projet neuf.<\/p>\n<p class=\"p2\">Une nouvelle DSP de fin de vie de l\u2019\u00e9quipement serait conclue pour une dur\u00e9e de 5 ans. Elle permettra d\u2019engager les travaux de maintien de l\u2019activit\u00e9 sur le site existant en lien avec le projet de reconstruction envisag\u00e9 \u00e0 moyen terme.<\/p>\n<p class=\"p2\">Dans ce contexte de renouvellement de l\u2019actuel DSP, la Ville de Lons-le-Saunier souhaite confier au Cabinet FIDAL cette mission pour un montant de 18 200 \u20ac HT.<\/p>\n<h3 class=\"p2\"><b><br \/>Universit\u00e9 de Franche-Comt\u00e9 : avenant \u00e0 la convention.<\/b><\/h3>\n<p class=\"p2\">Par d\u00e9lib\u00e9ration en date du 24 avril 2017 le Conseil Municipal avait approuv\u00e9 la signature d\u2019une convention avec l\u2019universit\u00e9 de Franche-Comt\u00e9 afin de p\u00e9renniser son programme d\u2019activit\u00e9s au sein du territoire aux c\u00f4t\u00e9s du Conseil D\u00e9partemental et de la Communaut\u00e9 d\u2019Agglom\u00e9ration ECLA. Cette convention permettait le versement d\u2019une participation au financement de l\u2019antenne d\u00e9localis\u00e9e au 23 Rue des \u00c9coles.<\/p>\n<p class=\"p2\">A ce jour, l\u2019activit\u00e9 universitaire recouvre :<\/p>\n<p class=\"p2\">\u2013 L\u2019activit\u00e9 de l\u2019Institut National Sup\u00e9rieur du Professorat et de !\u2019\u00c9ducation (INSPE), pour les deux ann\u00e9es de masters de son cursus et l\u2019activit\u00e9 d\u00e9velopp\u00e9e dans le cadre de la formation continue des personnels de !\u2019\u00c9ducation Nationale<\/p>\n<p class=\"p2\">\u2013 La Licence Professionnelle (L.P) de gestion des d\u00e9chets, dont l\u2019organisation est assur\u00e9e par l\u2019U.F.R des sciences et techniques de l\u2019Universit\u00e9, en lien avec l\u2019association Rudologia<\/p>\n<p class=\"p2\">\u2013 Le Dipl\u00f4me Universitaire d\u2019addictologie (D.U), d\u00e9livr\u00e9 par l\u2019U.F.R des sciences m\u00e9dicales et pharmaceutiques.<\/p>\n<p class=\"p2\">Soit environ 130 \u00e9tudiants<\/p>\n<p class=\"p2\">our soutenir l\u2019ensemble de ces activit\u00e9s, l\u2019universit\u00e9 b\u00e9n\u00e9ficie d\u2019un financement annuel de 120 000 \u20ac. La r\u00e9partition entre la Ville de Lons-le-Saunier et ECLA s\u2019\u00e9tablit comme suit :- Ville: 72 867,50 \u20ac<br \/>\u2013 ECLA : 47 132,50 \u20ac<\/p>\n<p class=\"p2\">Le Conseil a approuv\u00e9 la reconduite par le biais d\u2019un avenant afin de la prolonger jusqu\u2019\u00e0 la fin de l\u2019ann\u00e9e universitaire 2022-2023,<\/p>\n<p class=\"p2\">Et d\u00e9cid\u00e9 versement d\u2019une participation financi\u00e8re d\u2019un montant de 72 867,50 \u20ac.<\/p>\n<h3 class=\"p2\"><b><br \/>Renaturation, d\u00e9simperm\u00e9abilisation du Groupe Scolaire Rollet : Plan de financement et sollicitation de subventions<\/b><\/h3>\n<p class=\"p2\">La commune de Lons-le-Saunier souhaite renaturer les cours d\u2019\u00e9cole du groupe scolaire Rollet. Ce projet s\u2019inscrit dans la continuit\u00e9 du programme de renaturation des cours d\u2019\u00e9cole du territoire ledonien lanc\u00e9 en 2021.<\/p>\n<p class=\"p2\">Le programme de renaturation a pour but l\u2019adaptation du territoire ledonien au d\u00e9r\u00e8glement climatique d\u2019une part, et d\u2019autre part, de diversifier les activit\u00e9s sur les espaces publics notamment ceux des groupes scolaires.<\/p>\n<p class=\"p2\">Le programme se poursuivra les ann\u00e9es avenirs avec l\u2019am\u00e9nagement d\u2019un quatri\u00e8me groupe scolaire : Jean Jacques ROUSSEAU ou DOL TC\/BRASSENS.<\/p>\n<p class=\"p2\">Les d\u00e9penses pr\u00e9vues dans le cadre du projet de renaturation du groupe scolaire Rollet concernent entre autres<\/p>\n<p class=\"p2\">\u2013 la suppression des enrob\u00e9s bitumineux existants,<\/p>\n<p class=\"p2\">\u2013 le terrassement et la r\u00e9fection des r\u00e9seaux de la totalit\u00e9 des surfaces,<\/p>\n<p class=\"p2\">\u2013 la r\u00e9alisation de bassins d\u2019infiltrations,<\/p>\n<p class=\"p2\">\u2013 la fourniture et la pose de rev\u00eatements perm\u00e9ables (pav\u00e9s joints gazon, enrob\u00e9 drainant, platinage bois, copeaux de bois \u2026<\/p>\n<p class=\"p2\">Le montant de l\u2019op\u00e9ration est \u00e9valu\u00e9 \u00e0 726 000 \u20ac<\/p>\n<p class=\"p2\">Le projet est susceptible d\u2019\u00eatre subventionn\u00e9 \u00e0 hauteur de 80% par le Fonds verts et l\u2019agence de l\u2019eau (qui seront sollicit\u00e9s \u00e0 hauteur respectivement de 50% end e 30% du montant des travaux HT.<br \/>L\u2019inauguration des travaux d\u00e9j\u00e0 r\u00e9alis\u00e9 (\u00e9coles Richebourg et Pr\u00e9vert) est pr\u00e9vue le <strong>5 juin<\/strong> prochain.<\/p>\n<h3 class=\"p2\"><b><br \/>Projet de r\u00e9novation de l\u2019\u00e9clairage public : Plan de financement et sollicitation de subventions.<\/b><\/h3>\n<p class=\"p2\">La Ville de Lons-le-Saunier dans le cadre de sa politique de transition \u00e9cologique et d\u2019\u00e9conomie d\u2019\u00e9nergie a d\u00e9cid\u00e9 d\u2019adapter sa strat\u00e9gie de r\u00e9novation de ses \u00e9quipements d\u2019\u00e9clairage public.<\/p>\n<p class=\"p2\">Cette modification porte sur 2 axes <b>:<\/b><\/p>\n<p class=\"p2\"><b>\u2013<\/b> le premier se traduit une extinction des quartiers p\u00e9riph\u00e9riques de la ville pendant la tranche horaire de 23 heures \u00e0 6 heures,<\/p>\n<p class=\"p2\">\u2013 le second se d\u00e9cline par un abaissement progressif de l\u2019intensit\u00e9 lumineuse sur les secteurs du centre-ville et les quartiers prioritaires avec une intensit\u00e9 maximale jusqu\u2019\u00e0 20 heures 30, puis une intensit\u00e9 \u00e0 50 % jusqu\u2019\u00e0 23 heures et enfin une intensit\u00e9 de 30 % jusqu\u2019\u00e0 6 heures du matin.<\/p>\n<p class=\"p2\">Pour ce faire, les travaux sont de 2 ordres :<br \/>\u2013 le premier par un redimensionnement des r\u00e9seaux de distribution de l\u2019\u00e9lectricit\u00e9 \u00e0 chaque \u00e9quipement lumineux<br \/>\u2013 le second par un renouvellement des dits points lumineux par des \u00e9clairages leds nouvelle g\u00e9n\u00e9ration.<\/p>\n<p class=\"p2\">Ces travaux permettent la mise en \u0153uvre de cette nouvelle politique qui s\u2019inscrit dans la continuit\u00e9 de l\u2019\u00e9quipement des 127 armoires d\u2019\u00e9clairage public par des horloges astronomiques permettant une gestion fine du d\u00e9clenchement de l\u2019\u00e9clairage des espaces publics.<\/p>\n<p class=\"p2\">Pour ce faire, une tranche annuelle de travaux de renouvellement des r\u00e9seaux et des cand\u00e9labres est inscrite au BP 2023 et sera programm\u00e9e pour les ann\u00e9es 2024 et 2025.<\/p>\n<p class=\"p2\">L\u2019objectif \u00e9tant un renouvellement complet des 2 800 points lumineux restants d\u2019ici 2027.<\/p>\n<p class=\"p2\">La Ville souhaite inscrire ces tranches de travaux dans le cadre du dispositif de soutien \u00e0 la transition \u00e9nerg\u00e9tique du fonds vert mis en place par l\u2019\u00e9tat \u00e0 hauteur de 50 % dont 10 % de bonification.<\/p>\n<p class=\"p2\">Le montant de l\u2019op\u00e9ration est \u00e9valu\u00e9 \u00e0 500 000 \u20ac hors taxe (HT) pour l\u2019ann\u00e9e 2023.<\/p>\n<p class=\"p2\"><strong>(LIRE \u00c9GALEMENT UN ARTICLE SUR LE M\u00caME SUJET DANS LE DERNIER LONS MAG)<\/strong><\/p>\n<p>\u00a0<\/p>\n<h3 class=\"p2\"><b>Restructuration de l\u2019\u00eelot des Salines : plan de financement et sollicitation de subventions<\/b><\/h3>\n<p class=\"p2\">La Commune de Lons-le-Saunier souhaite r\u00e9aliser la reconversion d\u2019un \u00eelot (\u00eelot des Salines) constitu\u00e9 d\u2019un ensemble d\u2019immeubles v\u00e9tustes et d\u2019un terrain en friche (cf annexes). Cet \u00eelot est situ\u00e9 \u00e0 proximit\u00e9 imm\u00e9diate du centre-ville et de la zone commerciale des Salines.<\/p>\n<p class=\"p2\">Des \u00e9tudes ont d\u00e9j\u00e0 \u00e9t\u00e9 men\u00e9es sur ce site, notamment celles concernant le march\u00e9 immobilier et la mobilit\u00e9. Elles avaient pour but d\u2019int\u00e9grer les enjeux de maintien de l\u2019activit\u00e9 commerciale, de mobilit\u00e9, d\u2019habitat et de biodiversit\u00e9 dans un futur projet de reconversion.<\/p>\n<p class=\"p2\">La reconversion de l\u2019\u00eelot des Salines comprendra entre autres :<\/p>\n<p class=\"p2\">\u2013 des travaux de v\u00e9g\u00e9talisation des espaces publics,<\/p>\n<p class=\"p2\">\u2013 des travaux d\u2019apaisement de la circulation, notamment sur le cours Sully,<\/p>\n<p class=\"p2\">\u2013 la cr\u00e9ation d\u2019un jardin public et de cheminements doux,<\/p>\n<p class=\"p2\">\u2013 la cr\u00e9ation d\u2019une nouvelle offre d\u2019habitat avec des maisons de ville, r\u00e9alis\u00e9e par un porteur de projet public ou priv\u00e9<\/p>\n<p class=\"p2\">\u2013 la remise en \u00e9tat d\u2019immeubles en front de rue et la d\u00e9molition de b\u00e2timent v\u00e9tustes en fond de cours.Le projet a pour finalit\u00e9 la reconqu\u00eate de l\u2019espace d\u00e9grad\u00e9 et contribuer \u00e0 renforcer l\u2019attractivit\u00e9 r\u00e9sidentielle en centre-ville.<\/p>\n<p class=\"p2\">Le montant de l\u2019op\u00e9ration est estim\u00e9 \u00e0 2 657 908 \u20ac HT.<\/p>\n<p class=\"p2\">Le projet est susceptible de b\u00e9n\u00e9ficier d\u2019une subvention:<\/p>\n<p class=\"p2\">de l\u2019\u00c9tat au titre du fond vert \u00e0 hauteur de 987 954 \u20ac correspondant \u00e0 50 % du d\u00e9ficit de l\u2019op\u00e9ration estim\u00e9 \u00e0 1 975 908 \u20ac.<\/p>\n<p>\u00a0<\/p>\n<h3>Site Fun\u00e9raire \u2013 Avenant \u00e0 la convention pour la gestion du site fun\u00e9raire<\/h3>\n<p class=\"p1\">La Ville et le d\u00e9l\u00e9gataire ont sign\u00e9 en 2003 une convention portant d\u00e9l\u00e9gation de service public pour la construction et la gestion du site fun\u00e9raire pour une dur\u00e9e de 20 ans \u00e0 compter du 6 d\u00e9cembre 2004. Cette convention a fait l\u2019objet de 8 avenants.<\/p>\n<p class=\"p1\">En tenant compte de l\u2019\u00e9quilibre initial du contrat et de la fr\u00e9quentation du centre fun\u00e9raire de Lons-le-Saunier, et afin de respecter les dispositions de l\u2019article L.2125-1 du code g\u00e9n\u00e9ral de la propri\u00e9t\u00e9 des personnes publiques, les Parties ont convenu d\u2019ajuster la redevance d\u2019occupation du domaine public pr\u00e9vue \u00e0 l\u2019article 25 du Contrat en ajoutant une partie variable assise sur le chiffre d\u2019affaires r\u00e9alis\u00e9 par le centre fun\u00e9raire \u00e0 compter du 1 er janvier 2024 et en actualisant la redevance de base entre l\u2019ann\u00e9e 21 et l\u2019ann\u00e9e 30 du contrat.<\/p>\n<p class=\"p1\">Pour l\u2019ann\u00e9e 2023, la redevance d\u2019occupation du domaine public sera exceptionnellement port\u00e9e \u00e0 cinquante mille euros hors taxes (50.000\u20ac HT).<\/p>\n<p class=\"p1\">Par ailleurs, afin de tenir compte des \u00e9volutions l\u00e9gislatives et r\u00e9glementaires relatives \u00e0 la gestion des d\u00e9chets issus des cr\u00e9mations, les Parties souhaitent adapter les stipulations du contrat.<\/p>\n<p class=\"p1\">Conform\u00e9ment aux dispositions du code de la commande publique, les Parties ont donc convenu de modifier le Contrat comme suit :<\/p>\n<p class=\"p1\">Modification de l\u2019art.25 du contrat<\/p>\n<p class=\"p1\">A compter du 1 er janvier 2023, l\u2019article 25 du Contrat est r\u00e9dig\u00e9 comme suit : \u00ab La redevance annuelle d\u2019occupation du domaine publique sera de :<\/p>\n<p class=\"p1\">Redevance de base<\/p>\n<p class=\"p1\">Ann\u00e9es 1 \u00e0 3 : 4160 \u20ac<br \/>Ann\u00e9es 4 \u00e0 6 :<span class=\"Apple-converted-space\">\u00a0 <\/span>5365 \u20ac<br \/>Ann\u00e9es 7 \u00e0 9 :<span class=\"Apple-converted-space\">\u00a0 <\/span>5850 \u20ac<br \/>Ann\u00e9es10 \u00e0 12 :<span class=\"Apple-converted-space\">\u00a0 <\/span>6215 \u20ac<br \/>Ann\u00e9es 13 \u00e0 15 : 6580 \u20ac<br \/>Ann\u00e9es 16 \u00e0 18 : 6980 \u20ac<br \/>Ann\u00e9es 19 \u00e0 20 : 7265 \u20ac<br \/>Ann\u00e9es 21 \u00e0 30 : 6802 \u20ac<\/p>\n<p class=\"p1\"><b>Part variable<\/b><\/p>\n<p class=\"p1\"><b>\u2713 Pour l\u2019ann\u00e9e 2023: 50.000\u20ac HT payables avant le 30 juin 2023.<\/b><\/p>\n<p class=\"p1\"><b>\u2713 A compter du I\u00a0\u00bb janvier 2024:\u00a0 pour l\u2019ann\u00e9e N, 10% du chiffre d\u2019affaires global du centre fu\u00adn\u00e9raire de l\u2019ann\u00e9e N-1, payable avant le 30 septembre de l\u2019ann\u00e9e N.<\/b><\/p>\n<h3 class=\"p2\"><b><br \/>DIVERS<\/b><\/h3>\n<\/div>\n<p>Ce th\u00e8me apporte des r\u00e9ponses \u00e0 vos investigations vous adorerez tout autant ces parutions:<\/p>\n<p>QuanTika, Tome 1 : Vestiges.,<a href=\"https:\/\/booknode.com\/quantika_tome_1_vestiges_0352312\" target=\"_blank\" rel=\"noopener noreferrer nofollow\">(Disponible) <\/a><span><\/span>.<\/p>\n<p>P\u00e9n\u00e9lope Green, Tome 4 : La tiare de Nefertiti.,<a href=\"https:\/\/booknode.com\/penelope_green_tome_4_la_tiare_de_nefertiti_0932113\" target=\"_blank\" rel=\"noopener noreferrer nofollow\">Ouvrage <\/a><span><\/span>.<\/p>\n<p>Qui \u00e9tait N\u00e9andertal ? L\u2019enqu\u00eate illustr\u00e9e.,<a href=\"https:\/\/booknode.com\/qui_etait_neandertal_lenquete_illustree_02622613\" target=\"_blank\" rel=\"noopener noreferrer nofollow\">(la couverture) <\/a><span><\/span>.<\/p>\n<p>Palmyre. Histoire et arch\u00e9ologie d\u2019une cit\u00e9 caravani\u00e8re \u00e0 la crois\u00e9e des cultures.,<a href=\"https:\/\/www.epagine.fr\/ebook\/9782271093899-palmyre-histoire-et-archeologie-d-une-cite-caravaniere-a-la-croisee-des-cultures-christiane-delplace\/\" target=\"_blank\" rel=\"noopener noreferrer nofollow\">Le livre <\/a><span><\/span>.<\/p>\n<\/div>\n","protected":false},"excerpt":{"rendered":"<p>En enqu\u00eatant sur le web nous avons remarqu\u00e9 un encart qui risque de vous ravir. Son propos est \u00ab\u00a0l\u2019arch\u00e9ologie\u00a0\u00bb. Le titre s\u00e9duisant (Conseil municipal du 27 f\u00e9vrier 2023) parle de lui-m\u00eame. L\u2019auteur (identifi\u00e9 sous la signature Benoit CHEVRIER) est reconnu comme quelqu\u2019un de s\u00e9rieux. Les r\u00e9v\u00e9lations concern\u00e9es sont ainsi r\u00e9put\u00e9es valables. La date de parution [&hellip;]<\/p>\n","protected":false},"author":3,"featured_media":536,"comment_status":"closed","ping_status":"closed","sticky":false,"template":"","format":"standard","meta":{"footnotes":""},"categories":[2],"tags":[],"class_list":["post-535","post","type-post","status-publish","format-standard","has-post-thumbnail","hentry","category-patrimoine","entry","has-media"],"yoast_head":"<!-- This site is optimized with the Yoast SEO plugin v27.5 - https:\/\/yoast.com\/product\/yoast-seo-wordpress\/ -->\n<title>Retour sur l\u2019article : Conseil municipal du 27 f\u00e9vrier 2023 - LESGROTTESDESAINTCEZAIRE<\/title>\n<meta name=\"description\" content=\"Retour sur l\u2019article : Conseil municipal du 27 f\u00e9vrier 2023 article de LESGROTTESDESAINTCEZAIRE\" \/>\n<meta name=\"robots\" content=\"index, follow, max-snippet:-1, max-image-preview:large, max-video-preview:-1\" \/>\n<link rel=\"canonical\" href=\"https:\/\/www.lesgrottesdesaintcezaire.fr\/blog\/retour-sur-larticle-conseil-municipal-du-27-fevrier-2023\/\" \/>\n<meta property=\"og:locale\" content=\"fr_FR\" \/>\n<meta property=\"og:type\" content=\"article\" \/>\n<meta property=\"og:title\" content=\"Retour sur l\u2019article : Conseil municipal du 27 f\u00e9vrier 2023 - LESGROTTESDESAINTCEZAIRE\" \/>\n<meta property=\"og:description\" content=\"Retour sur l\u2019article : Conseil municipal du 27 f\u00e9vrier 2023 article de LESGROTTESDESAINTCEZAIRE\" \/>\n<meta property=\"og:url\" content=\"https:\/\/www.lesgrottesdesaintcezaire.fr\/blog\/retour-sur-larticle-conseil-municipal-du-27-fevrier-2023\/\" \/>\n<meta property=\"og:site_name\" content=\"LESGROTTESDESAINTCEZAIRE\" \/>\n<meta property=\"article:published_time\" content=\"2023-02-28T11:02:48+00:00\" \/>\n<meta property=\"og:image\" content=\"https:\/\/www.lesgrottesdesaintcezaire.fr\/blog\/wp-content\/uploads\/2023\/02\/Retour-sur-larticle-Conseil-municipal-du-27-fevrier-2023-1024x508-1.jpg\" \/>\n<meta name=\"author\" content=\"Fabienne MOUTON\" \/>\n<meta name=\"twitter:card\" content=\"summary_large_image\" \/>\n<meta name=\"twitter:label1\" content=\"\u00c9crit par\" \/>\n\t<meta name=\"twitter:data1\" content=\"Fabienne MOUTON\" \/>\n\t<meta name=\"twitter:label2\" content=\"Dur\u00e9e de lecture estim\u00e9e\" \/>\n\t<meta name=\"twitter:data2\" content=\"9 minutes\" \/>\n<script type=\"application\/ld+json\" class=\"yoast-schema-graph\">{\"@context\":\"https:\\\/\\\/schema.org\",\"@graph\":[{\"@type\":\"Article\",\"@id\":\"https:\\\/\\\/www.lesgrottesdesaintcezaire.fr\\\/blog\\\/retour-sur-larticle-conseil-municipal-du-27-fevrier-2023\\\/#article\",\"isPartOf\":{\"@id\":\"https:\\\/\\\/www.lesgrottesdesaintcezaire.fr\\\/blog\\\/retour-sur-larticle-conseil-municipal-du-27-fevrier-2023\\\/\"},\"author\":{\"name\":\"Fabienne MOUTON\",\"@id\":\"https:\\\/\\\/www.lesgrottesdesaintcezaire.fr\\\/blog\\\/#\\\/schema\\\/person\\\/23d9a2ac249ecb9460a4ebce885adb9b\"},\"headline\":\"Retour sur l\u2019article : Conseil municipal du 27 f\u00e9vrier 2023\",\"datePublished\":\"2023-02-28T11:02:48+00:00\",\"mainEntityOfPage\":{\"@id\":\"https:\\\/\\\/www.lesgrottesdesaintcezaire.fr\\\/blog\\\/retour-sur-larticle-conseil-municipal-du-27-fevrier-2023\\\/\"},\"wordCount\":1840,\"publisher\":{\"@id\":\"https:\\\/\\\/www.lesgrottesdesaintcezaire.fr\\\/blog\\\/#organization\"},\"image\":{\"@id\":\"https:\\\/\\\/www.lesgrottesdesaintcezaire.fr\\\/blog\\\/retour-sur-larticle-conseil-municipal-du-27-fevrier-2023\\\/#primaryimage\"},\"thumbnailUrl\":\"https:\\\/\\\/www.lesgrottesdesaintcezaire.fr\\\/blog\\\/wp-content\\\/uploads\\\/2023\\\/02\\\/Retour-sur-larticle-Conseil-municipal-du-27-fevrier-2023-1024x508-1.jpg\",\"articleSection\":[\"Patrimoine:\"],\"inLanguage\":\"fr-FR\"},{\"@type\":\"WebPage\",\"@id\":\"https:\\\/\\\/www.lesgrottesdesaintcezaire.fr\\\/blog\\\/retour-sur-larticle-conseil-municipal-du-27-fevrier-2023\\\/\",\"url\":\"https:\\\/\\\/www.lesgrottesdesaintcezaire.fr\\\/blog\\\/retour-sur-larticle-conseil-municipal-du-27-fevrier-2023\\\/\",\"name\":\"Retour sur l\u2019article : Conseil municipal du 27 f\u00e9vrier 2023 - LESGROTTESDESAINTCEZAIRE\",\"isPartOf\":{\"@id\":\"https:\\\/\\\/www.lesgrottesdesaintcezaire.fr\\\/blog\\\/#website\"},\"primaryImageOfPage\":{\"@id\":\"https:\\\/\\\/www.lesgrottesdesaintcezaire.fr\\\/blog\\\/retour-sur-larticle-conseil-municipal-du-27-fevrier-2023\\\/#primaryimage\"},\"image\":{\"@id\":\"https:\\\/\\\/www.lesgrottesdesaintcezaire.fr\\\/blog\\\/retour-sur-larticle-conseil-municipal-du-27-fevrier-2023\\\/#primaryimage\"},\"thumbnailUrl\":\"https:\\\/\\\/www.lesgrottesdesaintcezaire.fr\\\/blog\\\/wp-content\\\/uploads\\\/2023\\\/02\\\/Retour-sur-larticle-Conseil-municipal-du-27-fevrier-2023-1024x508-1.jpg\",\"datePublished\":\"2023-02-28T11:02:48+00:00\",\"description\":\"Retour sur l\u2019article : Conseil municipal du 27 f\u00e9vrier 2023 article de LESGROTTESDESAINTCEZAIRE\",\"breadcrumb\":{\"@id\":\"https:\\\/\\\/www.lesgrottesdesaintcezaire.fr\\\/blog\\\/retour-sur-larticle-conseil-municipal-du-27-fevrier-2023\\\/#breadcrumb\"},\"inLanguage\":\"fr-FR\",\"potentialAction\":[{\"@type\":\"ReadAction\",\"target\":[\"https:\\\/\\\/www.lesgrottesdesaintcezaire.fr\\\/blog\\\/retour-sur-larticle-conseil-municipal-du-27-fevrier-2023\\\/\"]}]},{\"@type\":\"ImageObject\",\"inLanguage\":\"fr-FR\",\"@id\":\"https:\\\/\\\/www.lesgrottesdesaintcezaire.fr\\\/blog\\\/retour-sur-larticle-conseil-municipal-du-27-fevrier-2023\\\/#primaryimage\",\"url\":\"https:\\\/\\\/www.lesgrottesdesaintcezaire.fr\\\/blog\\\/wp-content\\\/uploads\\\/2023\\\/02\\\/Retour-sur-larticle-Conseil-municipal-du-27-fevrier-2023-1024x508-1.jpg\",\"contentUrl\":\"https:\\\/\\\/www.lesgrottesdesaintcezaire.fr\\\/blog\\\/wp-content\\\/uploads\\\/2023\\\/02\\\/Retour-sur-larticle-Conseil-municipal-du-27-fevrier-2023-1024x508-1.jpg\",\"width\":1024,\"height\":508,\"caption\":\"Retour sur larticle Conseil municipal du 27 fevrier 2023 1024x508 1\"},{\"@type\":\"BreadcrumbList\",\"@id\":\"https:\\\/\\\/www.lesgrottesdesaintcezaire.fr\\\/blog\\\/retour-sur-larticle-conseil-municipal-du-27-fevrier-2023\\\/#breadcrumb\",\"itemListElement\":[{\"@type\":\"ListItem\",\"position\":1,\"name\":\"Accueil\",\"item\":\"https:\\\/\\\/www.lesgrottesdesaintcezaire.fr\\\/blog\\\/\"},{\"@type\":\"ListItem\",\"position\":2,\"name\":\"Retour sur l\u2019article : Conseil municipal du 27 f\u00e9vrier 2023\"}]},{\"@type\":\"WebSite\",\"@id\":\"https:\\\/\\\/www.lesgrottesdesaintcezaire.fr\\\/blog\\\/#website\",\"url\":\"https:\\\/\\\/www.lesgrottesdesaintcezaire.fr\\\/blog\\\/\",\"name\":\"LESGROTTESDESAINTCEZAIRE\",\"description\":\"Patrimoine: Le site de r\u00e9f\u00e9rence.\",\"publisher\":{\"@id\":\"https:\\\/\\\/www.lesgrottesdesaintcezaire.fr\\\/blog\\\/#organization\"},\"potentialAction\":[{\"@type\":\"SearchAction\",\"target\":{\"@type\":\"EntryPoint\",\"urlTemplate\":\"https:\\\/\\\/www.lesgrottesdesaintcezaire.fr\\\/blog\\\/?s={search_term_string}\"},\"query-input\":{\"@type\":\"PropertyValueSpecification\",\"valueRequired\":true,\"valueName\":\"search_term_string\"}}],\"inLanguage\":\"fr-FR\"},{\"@type\":\"Organization\",\"@id\":\"https:\\\/\\\/www.lesgrottesdesaintcezaire.fr\\\/blog\\\/#organization\",\"name\":\"lesgrottesdesaintcezaire\",\"url\":\"https:\\\/\\\/www.lesgrottesdesaintcezaire.fr\\\/blog\\\/\",\"logo\":{\"@type\":\"ImageObject\",\"inLanguage\":\"fr-FR\",\"@id\":\"https:\\\/\\\/www.lesgrottesdesaintcezaire.fr\\\/blog\\\/#\\\/schema\\\/logo\\\/image\\\/\",\"url\":\"https:\\\/\\\/www.lesgrottesdesaintcezaire.fr\\\/blog\\\/wp-content\\\/uploads\\\/2022\\\/05\\\/logo-2.png\",\"contentUrl\":\"https:\\\/\\\/www.lesgrottesdesaintcezaire.fr\\\/blog\\\/wp-content\\\/uploads\\\/2022\\\/05\\\/logo-2.png\",\"width\":150,\"height\":209,\"caption\":\"lesgrottesdesaintcezaire\"},\"image\":{\"@id\":\"https:\\\/\\\/www.lesgrottesdesaintcezaire.fr\\\/blog\\\/#\\\/schema\\\/logo\\\/image\\\/\"}},{\"@type\":\"Person\",\"@id\":\"https:\\\/\\\/www.lesgrottesdesaintcezaire.fr\\\/blog\\\/#\\\/schema\\\/person\\\/23d9a2ac249ecb9460a4ebce885adb9b\",\"name\":\"Fabienne MOUTON\",\"image\":{\"@type\":\"ImageObject\",\"inLanguage\":\"fr-FR\",\"@id\":\"https:\\\/\\\/secure.gravatar.com\\\/avatar\\\/856d7a14385bb0216de9c5cf9fb1160ddbd11c00be5bb16cfe389b9971309649?s=96&d=mm&r=g\",\"url\":\"https:\\\/\\\/secure.gravatar.com\\\/avatar\\\/856d7a14385bb0216de9c5cf9fb1160ddbd11c00be5bb16cfe389b9971309649?s=96&d=mm&r=g\",\"contentUrl\":\"https:\\\/\\\/secure.gravatar.com\\\/avatar\\\/856d7a14385bb0216de9c5cf9fb1160ddbd11c00be5bb16cfe389b9971309649?s=96&d=mm&r=g\",\"caption\":\"Fabienne MOUTON\"},\"url\":\"https:\\\/\\\/www.lesgrottesdesaintcezaire.fr\\\/blog\\\/author\\\/irefabienne\\\/\"}]}<\/script>\n<!-- \/ Yoast SEO plugin. -->","yoast_head_json":{"title":"Retour sur l\u2019article : Conseil municipal du 27 f\u00e9vrier 2023 - LESGROTTESDESAINTCEZAIRE","description":"Retour sur l\u2019article : Conseil municipal du 27 f\u00e9vrier 2023 article de LESGROTTESDESAINTCEZAIRE","robots":{"index":"index","follow":"follow","max-snippet":"max-snippet:-1","max-image-preview":"max-image-preview:large","max-video-preview":"max-video-preview:-1"},"canonical":"https:\/\/www.lesgrottesdesaintcezaire.fr\/blog\/retour-sur-larticle-conseil-municipal-du-27-fevrier-2023\/","og_locale":"fr_FR","og_type":"article","og_title":"Retour sur l\u2019article : Conseil municipal du 27 f\u00e9vrier 2023 - LESGROTTESDESAINTCEZAIRE","og_description":"Retour sur l\u2019article : Conseil municipal du 27 f\u00e9vrier 2023 article de LESGROTTESDESAINTCEZAIRE","og_url":"https:\/\/www.lesgrottesdesaintcezaire.fr\/blog\/retour-sur-larticle-conseil-municipal-du-27-fevrier-2023\/","og_site_name":"LESGROTTESDESAINTCEZAIRE","article_published_time":"2023-02-28T11:02:48+00:00","og_image":[{"url":"https:\/\/www.lesgrottesdesaintcezaire.fr\/blog\/wp-content\/uploads\/2023\/02\/Retour-sur-larticle-Conseil-municipal-du-27-fevrier-2023-1024x508-1.jpg","type":"","width":"","height":""}],"author":"Fabienne MOUTON","twitter_card":"summary_large_image","twitter_misc":{"\u00c9crit par":"Fabienne MOUTON","Dur\u00e9e de lecture estim\u00e9e":"9 minutes"},"schema":{"@context":"https:\/\/schema.org","@graph":[{"@type":"Article","@id":"https:\/\/www.lesgrottesdesaintcezaire.fr\/blog\/retour-sur-larticle-conseil-municipal-du-27-fevrier-2023\/#article","isPartOf":{"@id":"https:\/\/www.lesgrottesdesaintcezaire.fr\/blog\/retour-sur-larticle-conseil-municipal-du-27-fevrier-2023\/"},"author":{"name":"Fabienne MOUTON","@id":"https:\/\/www.lesgrottesdesaintcezaire.fr\/blog\/#\/schema\/person\/23d9a2ac249ecb9460a4ebce885adb9b"},"headline":"Retour sur l\u2019article : Conseil municipal du 27 f\u00e9vrier 2023","datePublished":"2023-02-28T11:02:48+00:00","mainEntityOfPage":{"@id":"https:\/\/www.lesgrottesdesaintcezaire.fr\/blog\/retour-sur-larticle-conseil-municipal-du-27-fevrier-2023\/"},"wordCount":1840,"publisher":{"@id":"https:\/\/www.lesgrottesdesaintcezaire.fr\/blog\/#organization"},"image":{"@id":"https:\/\/www.lesgrottesdesaintcezaire.fr\/blog\/retour-sur-larticle-conseil-municipal-du-27-fevrier-2023\/#primaryimage"},"thumbnailUrl":"https:\/\/www.lesgrottesdesaintcezaire.fr\/blog\/wp-content\/uploads\/2023\/02\/Retour-sur-larticle-Conseil-municipal-du-27-fevrier-2023-1024x508-1.jpg","articleSection":["Patrimoine:"],"inLanguage":"fr-FR"},{"@type":"WebPage","@id":"https:\/\/www.lesgrottesdesaintcezaire.fr\/blog\/retour-sur-larticle-conseil-municipal-du-27-fevrier-2023\/","url":"https:\/\/www.lesgrottesdesaintcezaire.fr\/blog\/retour-sur-larticle-conseil-municipal-du-27-fevrier-2023\/","name":"Retour sur l\u2019article : Conseil municipal du 27 f\u00e9vrier 2023 - LESGROTTESDESAINTCEZAIRE","isPartOf":{"@id":"https:\/\/www.lesgrottesdesaintcezaire.fr\/blog\/#website"},"primaryImageOfPage":{"@id":"https:\/\/www.lesgrottesdesaintcezaire.fr\/blog\/retour-sur-larticle-conseil-municipal-du-27-fevrier-2023\/#primaryimage"},"image":{"@id":"https:\/\/www.lesgrottesdesaintcezaire.fr\/blog\/retour-sur-larticle-conseil-municipal-du-27-fevrier-2023\/#primaryimage"},"thumbnailUrl":"https:\/\/www.lesgrottesdesaintcezaire.fr\/blog\/wp-content\/uploads\/2023\/02\/Retour-sur-larticle-Conseil-municipal-du-27-fevrier-2023-1024x508-1.jpg","datePublished":"2023-02-28T11:02:48+00:00","description":"Retour sur l\u2019article : Conseil municipal du 27 f\u00e9vrier 2023 article de LESGROTTESDESAINTCEZAIRE","breadcrumb":{"@id":"https:\/\/www.lesgrottesdesaintcezaire.fr\/blog\/retour-sur-larticle-conseil-municipal-du-27-fevrier-2023\/#breadcrumb"},"inLanguage":"fr-FR","potentialAction":[{"@type":"ReadAction","target":["https:\/\/www.lesgrottesdesaintcezaire.fr\/blog\/retour-sur-larticle-conseil-municipal-du-27-fevrier-2023\/"]}]},{"@type":"ImageObject","inLanguage":"fr-FR","@id":"https:\/\/www.lesgrottesdesaintcezaire.fr\/blog\/retour-sur-larticle-conseil-municipal-du-27-fevrier-2023\/#primaryimage","url":"https:\/\/www.lesgrottesdesaintcezaire.fr\/blog\/wp-content\/uploads\/2023\/02\/Retour-sur-larticle-Conseil-municipal-du-27-fevrier-2023-1024x508-1.jpg","contentUrl":"https:\/\/www.lesgrottesdesaintcezaire.fr\/blog\/wp-content\/uploads\/2023\/02\/Retour-sur-larticle-Conseil-municipal-du-27-fevrier-2023-1024x508-1.jpg","width":1024,"height":508,"caption":"Retour sur larticle Conseil municipal du 27 fevrier 2023 1024x508 1"},{"@type":"BreadcrumbList","@id":"https:\/\/www.lesgrottesdesaintcezaire.fr\/blog\/retour-sur-larticle-conseil-municipal-du-27-fevrier-2023\/#breadcrumb","itemListElement":[{"@type":"ListItem","position":1,"name":"Accueil","item":"https:\/\/www.lesgrottesdesaintcezaire.fr\/blog\/"},{"@type":"ListItem","position":2,"name":"Retour sur l\u2019article : Conseil municipal du 27 f\u00e9vrier 2023"}]},{"@type":"WebSite","@id":"https:\/\/www.lesgrottesdesaintcezaire.fr\/blog\/#website","url":"https:\/\/www.lesgrottesdesaintcezaire.fr\/blog\/","name":"LESGROTTESDESAINTCEZAIRE","description":"Patrimoine: Le site de r\u00e9f\u00e9rence.","publisher":{"@id":"https:\/\/www.lesgrottesdesaintcezaire.fr\/blog\/#organization"},"potentialAction":[{"@type":"SearchAction","target":{"@type":"EntryPoint","urlTemplate":"https:\/\/www.lesgrottesdesaintcezaire.fr\/blog\/?s={search_term_string}"},"query-input":{"@type":"PropertyValueSpecification","valueRequired":true,"valueName":"search_term_string"}}],"inLanguage":"fr-FR"},{"@type":"Organization","@id":"https:\/\/www.lesgrottesdesaintcezaire.fr\/blog\/#organization","name":"lesgrottesdesaintcezaire","url":"https:\/\/www.lesgrottesdesaintcezaire.fr\/blog\/","logo":{"@type":"ImageObject","inLanguage":"fr-FR","@id":"https:\/\/www.lesgrottesdesaintcezaire.fr\/blog\/#\/schema\/logo\/image\/","url":"https:\/\/www.lesgrottesdesaintcezaire.fr\/blog\/wp-content\/uploads\/2022\/05\/logo-2.png","contentUrl":"https:\/\/www.lesgrottesdesaintcezaire.fr\/blog\/wp-content\/uploads\/2022\/05\/logo-2.png","width":150,"height":209,"caption":"lesgrottesdesaintcezaire"},"image":{"@id":"https:\/\/www.lesgrottesdesaintcezaire.fr\/blog\/#\/schema\/logo\/image\/"}},{"@type":"Person","@id":"https:\/\/www.lesgrottesdesaintcezaire.fr\/blog\/#\/schema\/person\/23d9a2ac249ecb9460a4ebce885adb9b","name":"Fabienne MOUTON","image":{"@type":"ImageObject","inLanguage":"fr-FR","@id":"https:\/\/secure.gravatar.com\/avatar\/856d7a14385bb0216de9c5cf9fb1160ddbd11c00be5bb16cfe389b9971309649?s=96&d=mm&r=g","url":"https:\/\/secure.gravatar.com\/avatar\/856d7a14385bb0216de9c5cf9fb1160ddbd11c00be5bb16cfe389b9971309649?s=96&d=mm&r=g","contentUrl":"https:\/\/secure.gravatar.com\/avatar\/856d7a14385bb0216de9c5cf9fb1160ddbd11c00be5bb16cfe389b9971309649?s=96&d=mm&r=g","caption":"Fabienne MOUTON"},"url":"https:\/\/www.lesgrottesdesaintcezaire.fr\/blog\/author\/irefabienne\/"}]}},"_links":{"self":[{"href":"https:\/\/www.lesgrottesdesaintcezaire.fr\/blog\/wp-json\/wp\/v2\/posts\/535","targetHints":{"allow":["GET"]}}],"collection":[{"href":"https:\/\/www.lesgrottesdesaintcezaire.fr\/blog\/wp-json\/wp\/v2\/posts"}],"about":[{"href":"https:\/\/www.lesgrottesdesaintcezaire.fr\/blog\/wp-json\/wp\/v2\/types\/post"}],"author":[{"embeddable":true,"href":"https:\/\/www.lesgrottesdesaintcezaire.fr\/blog\/wp-json\/wp\/v2\/users\/3"}],"replies":[{"embeddable":true,"href":"https:\/\/www.lesgrottesdesaintcezaire.fr\/blog\/wp-json\/wp\/v2\/comments?post=535"}],"version-history":[{"count":0,"href":"https:\/\/www.lesgrottesdesaintcezaire.fr\/blog\/wp-json\/wp\/v2\/posts\/535\/revisions"}],"wp:featuredmedia":[{"embeddable":true,"href":"https:\/\/www.lesgrottesdesaintcezaire.fr\/blog\/wp-json\/wp\/v2\/media\/536"}],"wp:attachment":[{"href":"https:\/\/www.lesgrottesdesaintcezaire.fr\/blog\/wp-json\/wp\/v2\/media?parent=535"}],"wp:term":[{"taxonomy":"category","embeddable":true,"href":"https:\/\/www.lesgrottesdesaintcezaire.fr\/blog\/wp-json\/wp\/v2\/categories?post=535"},{"taxonomy":"post_tag","embeddable":true,"href":"https:\/\/www.lesgrottesdesaintcezaire.fr\/blog\/wp-json\/wp\/v2\/tags?post=535"}],"curies":[{"name":"wp","href":"https:\/\/api.w.org\/{rel}","templated":true}]}}