{"id":537,"date":"2023-02-28T18:19:03","date_gmt":"2023-02-28T17:19:03","guid":{"rendered":"https:\/\/www.lesgrottesdesaintcezaire.fr\/blog\/revue-de-presse-web-fete-de-la-federation-de-sonerion-bro-gwened\/"},"modified":"2023-02-28T18:19:03","modified_gmt":"2023-02-28T17:19:03","slug":"revue-de-presse-web-fete-de-la-federation-de-sonerion-bro-gwened","status":"publish","type":"post","link":"https:\/\/www.lesgrottesdesaintcezaire.fr\/blog\/revue-de-presse-web-fete-de-la-federation-de-sonerion-bro-gwened\/","title":{"rendered":"Revue de presse web  : F\u00eate de la F\u00e9d\u00e9ration de Sonerion Bro Gwened"},"content":{"rendered":"<div>\n<p>Un fois de plus, ce site va vous r\u00e9v\u00e9ler un \u00e9ditorial qui a \u00e9t\u00e9 relev\u00e9 sur internet. La th\u00e9matique est \u00abl\u2019arch\u00e9ologie\u00bb.<\/p>\n<p>Le titre  (F\u00eate de la F\u00e9d\u00e9ration de Sonerion Bro Gwened) parle de lui-m\u00eame.<\/p>\n<p>Le journaliste (identifi\u00e9 sous le nom  Olivier_laudrin) est connu et fiable pour plusieurs autres encarts qu\u2019il a publi\u00e9s sur le web.<\/p>\n<p>Il n\u2019y a aucune raison de douter de la fiabilit\u00e9 de ces r\u00e9v\u00e9lations.<\/p>\n<p>Le post a \u00e9t\u00e9 diffus\u00e9 \u00e0 une date mentionn\u00e9e 2023-02-28 13:54:40.<\/p>\n<p>L\u2019article source mentionn\u00e9 : <\/p>\n<div>\n<div>\n<p>Cela fait plus de vingt ans que Bodadeg Ar Sonerion Bro Gwened organise annuellement un \u00e9v\u00e8nement festif rassemblant la plupart de ses \u00e9l\u00e8ves et leurs bagado\u00f9 respectifs. Un moment qui m\u00e9lange jeunes et moins jeune le jeudi de l\u2019Ascension en mai. C\u2019est une date immuable.\u00a0<\/p>\n<\/div>\n<\/div>\n<p>Ce objet r\u00e9pond \u00e0 vos recherches vous adorerez aussi ces livres:<\/p>\n<p>Ville, espace urbain et arch\u00e9ologie.,<a href=\"https:\/\/www.epagine.fr\/ebook\/9782869063501-ville-espace-urbain-et-archeologie-henri-galnie\/\" target=\"_blank\" rel=\"noopener noreferrer nofollow\">Clicker Ici <\/a><span><\/span>.<\/p>\n<p>Nouvel atlas de la Bible.,<a href=\"https:\/\/booknode.com\/nouvel_atlas_de_la_bible_01597024\" target=\"_blank\" rel=\"noopener noreferrer nofollow\">Clicker Ici <\/a><span><\/span>.<\/p>\n<p>Sous un ciel \u00e9gyptien, Tome 2 : Scarab\u00e9e sacr\u00e9.,<a href=\"https:\/\/booknode.com\/sous_un_ciel_egyptien_tome_2_scarabee_sacre_03404066\" target=\"_blank\" rel=\"noopener noreferrer nofollow\">Le livre <\/a><span><\/span>.<\/p>\n<p>L\u2019organisation territoriale de l\u2019arch\u00e9ologie en Europe.,<a href=\"https:\/\/www.epagine.fr\/ebook\/9782402452526-l-organisation-territoriale-de-l-archeologie-en-europe-centre-national-de-la-fonction-publique-territoriale-ecole-nationale-d-application-des-cadres-territoriaux-associatio\/\" target=\"_blank\" rel=\"noopener noreferrer nofollow\">Ouvrage <\/a><span><\/span>.<\/p>\n<\/div>\n","protected":false},"excerpt":{"rendered":"<p>Un fois de plus, ce site va vous r\u00e9v\u00e9ler un \u00e9ditorial qui a \u00e9t\u00e9 relev\u00e9 sur internet. La th\u00e9matique est \u00abl\u2019arch\u00e9ologie\u00bb. Le titre (F\u00eate de la F\u00e9d\u00e9ration de Sonerion Bro Gwened) parle de lui-m\u00eame. Le journaliste (identifi\u00e9 sous le nom Olivier_laudrin) est connu et fiable pour plusieurs autres encarts qu\u2019il a publi\u00e9s sur le web. [&hellip;]<\/p>\n","protected":false},"author":3,"featured_media":0,"comment_status":"closed","ping_status":"closed","sticky":false,"template":"","format":"standard","meta":{"footnotes":""},"categories":[2],"tags":[],"class_list":["post-537","post","type-post","status-publish","format-standard","hentry","category-patrimoine","entry"],"yoast_head":"<!-- This site is optimized with the Yoast SEO plugin v27.5 - https:\/\/yoast.com\/product\/yoast-seo-wordpress\/ -->\n<title>Revue de presse web : F\u00eate de la F\u00e9d\u00e9ration de Sonerion Bro Gwened - LESGROTTESDESAINTCEZAIRE<\/title>\n<meta name=\"description\" content=\"Revue de presse web : F\u00eate de la F\u00e9d\u00e9ration de Sonerion Bro Gwened article de LESGROTTESDESAINTCEZAIRE\" \/>\n<meta name=\"robots\" content=\"index, follow, max-snippet:-1, max-image-preview:large, max-video-preview:-1\" \/>\n<link rel=\"canonical\" href=\"https:\/\/www.lesgrottesdesaintcezaire.fr\/blog\/revue-de-presse-web-fete-de-la-federation-de-sonerion-bro-gwened\/\" \/>\n<meta property=\"og:locale\" content=\"fr_FR\" \/>\n<meta property=\"og:type\" content=\"article\" \/>\n<meta property=\"og:title\" content=\"Revue de presse web : F\u00eate de la F\u00e9d\u00e9ration de Sonerion Bro Gwened - LESGROTTESDESAINTCEZAIRE\" \/>\n<meta property=\"og:description\" content=\"Revue de presse web : F\u00eate de la F\u00e9d\u00e9ration de Sonerion Bro Gwened article de LESGROTTESDESAINTCEZAIRE\" \/>\n<meta property=\"og:url\" content=\"https:\/\/www.lesgrottesdesaintcezaire.fr\/blog\/revue-de-presse-web-fete-de-la-federation-de-sonerion-bro-gwened\/\" \/>\n<meta property=\"og:site_name\" content=\"LESGROTTESDESAINTCEZAIRE\" \/>\n<meta property=\"article:published_time\" content=\"2023-02-28T17:19:03+00:00\" \/>\n<meta name=\"author\" content=\"Fabienne MOUTON\" \/>\n<meta name=\"twitter:card\" content=\"summary_large_image\" \/>\n<meta name=\"twitter:label1\" content=\"\u00c9crit par\" \/>\n\t<meta name=\"twitter:data1\" content=\"Fabienne MOUTON\" \/>\n\t<meta name=\"twitter:label2\" content=\"Dur\u00e9e de lecture estim\u00e9e\" \/>\n\t<meta name=\"twitter:data2\" content=\"1 minute\" \/>\n<script type=\"application\/ld+json\" class=\"yoast-schema-graph\">{\"@context\":\"https:\\\/\\\/schema.org\",\"@graph\":[{\"@type\":\"Article\",\"@id\":\"https:\\\/\\\/www.lesgrottesdesaintcezaire.fr\\\/blog\\\/revue-de-presse-web-fete-de-la-federation-de-sonerion-bro-gwened\\\/#article\",\"isPartOf\":{\"@id\":\"https:\\\/\\\/www.lesgrottesdesaintcezaire.fr\\\/blog\\\/revue-de-presse-web-fete-de-la-federation-de-sonerion-bro-gwened\\\/\"},\"author\":{\"name\":\"Fabienne MOUTON\",\"@id\":\"https:\\\/\\\/www.lesgrottesdesaintcezaire.fr\\\/blog\\\/#\\\/schema\\\/person\\\/23d9a2ac249ecb9460a4ebce885adb9b\"},\"headline\":\"Revue de presse web : F\u00eate de la F\u00e9d\u00e9ration de Sonerion Bro Gwened\",\"datePublished\":\"2023-02-28T17:19:03+00:00\",\"mainEntityOfPage\":{\"@id\":\"https:\\\/\\\/www.lesgrottesdesaintcezaire.fr\\\/blog\\\/revue-de-presse-web-fete-de-la-federation-de-sonerion-bro-gwened\\\/\"},\"wordCount\":209,\"publisher\":{\"@id\":\"https:\\\/\\\/www.lesgrottesdesaintcezaire.fr\\\/blog\\\/#organization\"},\"articleSection\":[\"Patrimoine:\"],\"inLanguage\":\"fr-FR\"},{\"@type\":\"WebPage\",\"@id\":\"https:\\\/\\\/www.lesgrottesdesaintcezaire.fr\\\/blog\\\/revue-de-presse-web-fete-de-la-federation-de-sonerion-bro-gwened\\\/\",\"url\":\"https:\\\/\\\/www.lesgrottesdesaintcezaire.fr\\\/blog\\\/revue-de-presse-web-fete-de-la-federation-de-sonerion-bro-gwened\\\/\",\"name\":\"Revue de presse web : F\u00eate de la F\u00e9d\u00e9ration de Sonerion Bro Gwened - LESGROTTESDESAINTCEZAIRE\",\"isPartOf\":{\"@id\":\"https:\\\/\\\/www.lesgrottesdesaintcezaire.fr\\\/blog\\\/#website\"},\"datePublished\":\"2023-02-28T17:19:03+00:00\",\"description\":\"Revue de presse web : F\u00eate de la F\u00e9d\u00e9ration de Sonerion Bro Gwened article de LESGROTTESDESAINTCEZAIRE\",\"breadcrumb\":{\"@id\":\"https:\\\/\\\/www.lesgrottesdesaintcezaire.fr\\\/blog\\\/revue-de-presse-web-fete-de-la-federation-de-sonerion-bro-gwened\\\/#breadcrumb\"},\"inLanguage\":\"fr-FR\",\"potentialAction\":[{\"@type\":\"ReadAction\",\"target\":[\"https:\\\/\\\/www.lesgrottesdesaintcezaire.fr\\\/blog\\\/revue-de-presse-web-fete-de-la-federation-de-sonerion-bro-gwened\\\/\"]}]},{\"@type\":\"BreadcrumbList\",\"@id\":\"https:\\\/\\\/www.lesgrottesdesaintcezaire.fr\\\/blog\\\/revue-de-presse-web-fete-de-la-federation-de-sonerion-bro-gwened\\\/#breadcrumb\",\"itemListElement\":[{\"@type\":\"ListItem\",\"position\":1,\"name\":\"Accueil\",\"item\":\"https:\\\/\\\/www.lesgrottesdesaintcezaire.fr\\\/blog\\\/\"},{\"@type\":\"ListItem\",\"position\":2,\"name\":\"Revue de presse web : F\u00eate de la F\u00e9d\u00e9ration de Sonerion Bro Gwened\"}]},{\"@type\":\"WebSite\",\"@id\":\"https:\\\/\\\/www.lesgrottesdesaintcezaire.fr\\\/blog\\\/#website\",\"url\":\"https:\\\/\\\/www.lesgrottesdesaintcezaire.fr\\\/blog\\\/\",\"name\":\"LESGROTTESDESAINTCEZAIRE\",\"description\":\"Patrimoine: Le site de r\u00e9f\u00e9rence.\",\"publisher\":{\"@id\":\"https:\\\/\\\/www.lesgrottesdesaintcezaire.fr\\\/blog\\\/#organization\"},\"potentialAction\":[{\"@type\":\"SearchAction\",\"target\":{\"@type\":\"EntryPoint\",\"urlTemplate\":\"https:\\\/\\\/www.lesgrottesdesaintcezaire.fr\\\/blog\\\/?s={search_term_string}\"},\"query-input\":{\"@type\":\"PropertyValueSpecification\",\"valueRequired\":true,\"valueName\":\"search_term_string\"}}],\"inLanguage\":\"fr-FR\"},{\"@type\":\"Organization\",\"@id\":\"https:\\\/\\\/www.lesgrottesdesaintcezaire.fr\\\/blog\\\/#organization\",\"name\":\"lesgrottesdesaintcezaire\",\"url\":\"https:\\\/\\\/www.lesgrottesdesaintcezaire.fr\\\/blog\\\/\",\"logo\":{\"@type\":\"ImageObject\",\"inLanguage\":\"fr-FR\",\"@id\":\"https:\\\/\\\/www.lesgrottesdesaintcezaire.fr\\\/blog\\\/#\\\/schema\\\/logo\\\/image\\\/\",\"url\":\"https:\\\/\\\/www.lesgrottesdesaintcezaire.fr\\\/blog\\\/wp-content\\\/uploads\\\/2022\\\/05\\\/logo-2.png\",\"contentUrl\":\"https:\\\/\\\/www.lesgrottesdesaintcezaire.fr\\\/blog\\\/wp-content\\\/uploads\\\/2022\\\/05\\\/logo-2.png\",\"width\":150,\"height\":209,\"caption\":\"lesgrottesdesaintcezaire\"},\"image\":{\"@id\":\"https:\\\/\\\/www.lesgrottesdesaintcezaire.fr\\\/blog\\\/#\\\/schema\\\/logo\\\/image\\\/\"}},{\"@type\":\"Person\",\"@id\":\"https:\\\/\\\/www.lesgrottesdesaintcezaire.fr\\\/blog\\\/#\\\/schema\\\/person\\\/23d9a2ac249ecb9460a4ebce885adb9b\",\"name\":\"Fabienne MOUTON\",\"image\":{\"@type\":\"ImageObject\",\"inLanguage\":\"fr-FR\",\"@id\":\"https:\\\/\\\/secure.gravatar.com\\\/avatar\\\/856d7a14385bb0216de9c5cf9fb1160ddbd11c00be5bb16cfe389b9971309649?s=96&d=mm&r=g\",\"url\":\"https:\\\/\\\/secure.gravatar.com\\\/avatar\\\/856d7a14385bb0216de9c5cf9fb1160ddbd11c00be5bb16cfe389b9971309649?s=96&d=mm&r=g\",\"contentUrl\":\"https:\\\/\\\/secure.gravatar.com\\\/avatar\\\/856d7a14385bb0216de9c5cf9fb1160ddbd11c00be5bb16cfe389b9971309649?s=96&d=mm&r=g\",\"caption\":\"Fabienne MOUTON\"},\"url\":\"https:\\\/\\\/www.lesgrottesdesaintcezaire.fr\\\/blog\\\/author\\\/irefabienne\\\/\"}]}<\/script>\n<!-- \/ Yoast SEO plugin. -->","yoast_head_json":{"title":"Revue de presse web : F\u00eate de la F\u00e9d\u00e9ration de Sonerion Bro Gwened - LESGROTTESDESAINTCEZAIRE","description":"Revue de presse web : F\u00eate de la F\u00e9d\u00e9ration de Sonerion Bro Gwened article de LESGROTTESDESAINTCEZAIRE","robots":{"index":"index","follow":"follow","max-snippet":"max-snippet:-1","max-image-preview":"max-image-preview:large","max-video-preview":"max-video-preview:-1"},"canonical":"https:\/\/www.lesgrottesdesaintcezaire.fr\/blog\/revue-de-presse-web-fete-de-la-federation-de-sonerion-bro-gwened\/","og_locale":"fr_FR","og_type":"article","og_title":"Revue de presse web : F\u00eate de la F\u00e9d\u00e9ration de Sonerion Bro Gwened - LESGROTTESDESAINTCEZAIRE","og_description":"Revue de presse web : F\u00eate de la F\u00e9d\u00e9ration de Sonerion Bro Gwened article de LESGROTTESDESAINTCEZAIRE","og_url":"https:\/\/www.lesgrottesdesaintcezaire.fr\/blog\/revue-de-presse-web-fete-de-la-federation-de-sonerion-bro-gwened\/","og_site_name":"LESGROTTESDESAINTCEZAIRE","article_published_time":"2023-02-28T17:19:03+00:00","author":"Fabienne MOUTON","twitter_card":"summary_large_image","twitter_misc":{"\u00c9crit par":"Fabienne MOUTON","Dur\u00e9e de lecture estim\u00e9e":"1 minute"},"schema":{"@context":"https:\/\/schema.org","@graph":[{"@type":"Article","@id":"https:\/\/www.lesgrottesdesaintcezaire.fr\/blog\/revue-de-presse-web-fete-de-la-federation-de-sonerion-bro-gwened\/#article","isPartOf":{"@id":"https:\/\/www.lesgrottesdesaintcezaire.fr\/blog\/revue-de-presse-web-fete-de-la-federation-de-sonerion-bro-gwened\/"},"author":{"name":"Fabienne MOUTON","@id":"https:\/\/www.lesgrottesdesaintcezaire.fr\/blog\/#\/schema\/person\/23d9a2ac249ecb9460a4ebce885adb9b"},"headline":"Revue de presse web : F\u00eate de la F\u00e9d\u00e9ration de Sonerion Bro Gwened","datePublished":"2023-02-28T17:19:03+00:00","mainEntityOfPage":{"@id":"https:\/\/www.lesgrottesdesaintcezaire.fr\/blog\/revue-de-presse-web-fete-de-la-federation-de-sonerion-bro-gwened\/"},"wordCount":209,"publisher":{"@id":"https:\/\/www.lesgrottesdesaintcezaire.fr\/blog\/#organization"},"articleSection":["Patrimoine:"],"inLanguage":"fr-FR"},{"@type":"WebPage","@id":"https:\/\/www.lesgrottesdesaintcezaire.fr\/blog\/revue-de-presse-web-fete-de-la-federation-de-sonerion-bro-gwened\/","url":"https:\/\/www.lesgrottesdesaintcezaire.fr\/blog\/revue-de-presse-web-fete-de-la-federation-de-sonerion-bro-gwened\/","name":"Revue de presse web : F\u00eate de la F\u00e9d\u00e9ration de Sonerion Bro Gwened - LESGROTTESDESAINTCEZAIRE","isPartOf":{"@id":"https:\/\/www.lesgrottesdesaintcezaire.fr\/blog\/#website"},"datePublished":"2023-02-28T17:19:03+00:00","description":"Revue de presse web : F\u00eate de la F\u00e9d\u00e9ration de Sonerion Bro Gwened article de LESGROTTESDESAINTCEZAIRE","breadcrumb":{"@id":"https:\/\/www.lesgrottesdesaintcezaire.fr\/blog\/revue-de-presse-web-fete-de-la-federation-de-sonerion-bro-gwened\/#breadcrumb"},"inLanguage":"fr-FR","potentialAction":[{"@type":"ReadAction","target":["https:\/\/www.lesgrottesdesaintcezaire.fr\/blog\/revue-de-presse-web-fete-de-la-federation-de-sonerion-bro-gwened\/"]}]},{"@type":"BreadcrumbList","@id":"https:\/\/www.lesgrottesdesaintcezaire.fr\/blog\/revue-de-presse-web-fete-de-la-federation-de-sonerion-bro-gwened\/#breadcrumb","itemListElement":[{"@type":"ListItem","position":1,"name":"Accueil","item":"https:\/\/www.lesgrottesdesaintcezaire.fr\/blog\/"},{"@type":"ListItem","position":2,"name":"Revue de presse web : F\u00eate de la F\u00e9d\u00e9ration de Sonerion Bro Gwened"}]},{"@type":"WebSite","@id":"https:\/\/www.lesgrottesdesaintcezaire.fr\/blog\/#website","url":"https:\/\/www.lesgrottesdesaintcezaire.fr\/blog\/","name":"LESGROTTESDESAINTCEZAIRE","description":"Patrimoine: Le site de r\u00e9f\u00e9rence.","publisher":{"@id":"https:\/\/www.lesgrottesdesaintcezaire.fr\/blog\/#organization"},"potentialAction":[{"@type":"SearchAction","target":{"@type":"EntryPoint","urlTemplate":"https:\/\/www.lesgrottesdesaintcezaire.fr\/blog\/?s={search_term_string}"},"query-input":{"@type":"PropertyValueSpecification","valueRequired":true,"valueName":"search_term_string"}}],"inLanguage":"fr-FR"},{"@type":"Organization","@id":"https:\/\/www.lesgrottesdesaintcezaire.fr\/blog\/#organization","name":"lesgrottesdesaintcezaire","url":"https:\/\/www.lesgrottesdesaintcezaire.fr\/blog\/","logo":{"@type":"ImageObject","inLanguage":"fr-FR","@id":"https:\/\/www.lesgrottesdesaintcezaire.fr\/blog\/#\/schema\/logo\/image\/","url":"https:\/\/www.lesgrottesdesaintcezaire.fr\/blog\/wp-content\/uploads\/2022\/05\/logo-2.png","contentUrl":"https:\/\/www.lesgrottesdesaintcezaire.fr\/blog\/wp-content\/uploads\/2022\/05\/logo-2.png","width":150,"height":209,"caption":"lesgrottesdesaintcezaire"},"image":{"@id":"https:\/\/www.lesgrottesdesaintcezaire.fr\/blog\/#\/schema\/logo\/image\/"}},{"@type":"Person","@id":"https:\/\/www.lesgrottesdesaintcezaire.fr\/blog\/#\/schema\/person\/23d9a2ac249ecb9460a4ebce885adb9b","name":"Fabienne MOUTON","image":{"@type":"ImageObject","inLanguage":"fr-FR","@id":"https:\/\/secure.gravatar.com\/avatar\/856d7a14385bb0216de9c5cf9fb1160ddbd11c00be5bb16cfe389b9971309649?s=96&d=mm&r=g","url":"https:\/\/secure.gravatar.com\/avatar\/856d7a14385bb0216de9c5cf9fb1160ddbd11c00be5bb16cfe389b9971309649?s=96&d=mm&r=g","contentUrl":"https:\/\/secure.gravatar.com\/avatar\/856d7a14385bb0216de9c5cf9fb1160ddbd11c00be5bb16cfe389b9971309649?s=96&d=mm&r=g","caption":"Fabienne MOUTON"},"url":"https:\/\/www.lesgrottesdesaintcezaire.fr\/blog\/author\/irefabienne\/"}]}},"_links":{"self":[{"href":"https:\/\/www.lesgrottesdesaintcezaire.fr\/blog\/wp-json\/wp\/v2\/posts\/537","targetHints":{"allow":["GET"]}}],"collection":[{"href":"https:\/\/www.lesgrottesdesaintcezaire.fr\/blog\/wp-json\/wp\/v2\/posts"}],"about":[{"href":"https:\/\/www.lesgrottesdesaintcezaire.fr\/blog\/wp-json\/wp\/v2\/types\/post"}],"author":[{"embeddable":true,"href":"https:\/\/www.lesgrottesdesaintcezaire.fr\/blog\/wp-json\/wp\/v2\/users\/3"}],"replies":[{"embeddable":true,"href":"https:\/\/www.lesgrottesdesaintcezaire.fr\/blog\/wp-json\/wp\/v2\/comments?post=537"}],"version-history":[{"count":0,"href":"https:\/\/www.lesgrottesdesaintcezaire.fr\/blog\/wp-json\/wp\/v2\/posts\/537\/revisions"}],"wp:attachment":[{"href":"https:\/\/www.lesgrottesdesaintcezaire.fr\/blog\/wp-json\/wp\/v2\/media?parent=537"}],"wp:term":[{"taxonomy":"category","embeddable":true,"href":"https:\/\/www.lesgrottesdesaintcezaire.fr\/blog\/wp-json\/wp\/v2\/categories?post=537"},{"taxonomy":"post_tag","embeddable":true,"href":"https:\/\/www.lesgrottesdesaintcezaire.fr\/blog\/wp-json\/wp\/v2\/tags?post=537"}],"curies":[{"name":"wp","href":"https:\/\/api.w.org\/{rel}","templated":true}]}}