{"id":555,"date":"2023-03-17T21:02:00","date_gmt":"2023-03-17T20:02:00","guid":{"rendered":"https:\/\/www.lesgrottesdesaintcezaire.fr\/blog\/ca-se-propage-sur-le-web-conference-letat-des-droits-des-femmes-dans-le-monde\/"},"modified":"2023-03-17T21:02:00","modified_gmt":"2023-03-17T20:02:00","slug":"ca-se-propage-sur-le-web-conference-letat-des-droits-des-femmes-dans-le-monde","status":"publish","type":"post","link":"https:\/\/www.lesgrottesdesaintcezaire.fr\/blog\/ca-se-propage-sur-le-web-conference-letat-des-droits-des-femmes-dans-le-monde\/","title":{"rendered":"Ca se propage sur le web  : Conf\u00e9rence : L\u2019\u00e9tat des droits des femmes dans le monde"},"content":{"rendered":"<div>\n<p>A voir, ce papier sur internet dont la th\u00e9matique est \u00ab\u00a0l\u2019arch\u00e9ologie\u00a0\u00bb et qui va vous plaire.<\/p>\n<p>Son titre  (Conf\u00e9rence : L\u2019\u00e9tat des droits des femmes dans le monde) est parlant.<\/p>\n<p>Sachez que le journaliste (pr\u00e9sent\u00e9 sous le nom  admin_vannes) est connu et fiable pour plusieurs autres textes qu\u2019il a publi\u00e9s sur internet.<\/p>\n<p>Vous pouvez lire ces informations en toute confiance.<\/p>\n<div>\n<p><strong>Cette conf\u00e9rence aura une approche globale de la situation, avec des focus sur certains pays, comme l\u2019Afghanistan, l\u2019Ukraine, la France ou la RDCongo\u2026<\/strong><\/p>\n<p>La conf\u00e9rence L\u2019\u00e9tat des droits des femmes dans le monde se fixe l\u2019objectif de mettre en lumi\u00e8re les conditions de vie des femmes et des filles sur la plan\u00e8te, pour montrer \u00e0 la fois la permanence des in\u00e9galit\u00e9s et discriminations qu\u2019elles subissent parce que n\u00e9es de sexe f\u00e9minin, et pour montrer combien cette r\u00e9alit\u00e9 est contrast\u00e9e quand on compare les Finlandaises et les Afghanes, les Mexicaines, les Francaises ou les Congolaises.<\/p>\n<p>Dans un premier temps, nous tenterons de dresser un \u00e9tat des lieux de la situation des femmes aujourd\u2019hui sur la plan\u00e8te en prenant en compte les obstacles et les freins qui se dressent contre elles, comme les violences sexistes et sexuelles, les discriminations \u00e9conomiques, ou l\u2019insuffisante participation aux d\u00e9cisions politiques.<\/p>\n<p>Dans un second temps, nous explorerons les pistes d\u2019am\u00e9liorations possibles de leurs conditions de vie gr\u00e2ce au droit, aux politiques publiques internationales, nationales et locales, aux initiatives de la soci\u00e9t\u00e9 civile et citoyenne, ainsi que la visibilisation des femmes et l\u2019\u00e9mergence de leur leadership dans tous les domaines.<\/p>\n<p>Un temps d\u2019\u00e9change et discussion avec les participant.es est r\u00e9serv\u00e9 \u00e0 la fin.<\/p>\n<p>\u00a0<\/p>\n<p><strong>* Quelques articles pertinents sur le sujet sp\u00e9cifique des droits des femmes ces derni\u00e8res ann\u00e9es :<\/strong><\/p>\n<p>\u00b7 Janvier 2023, 50\/50 Magazine. Article \u00ab\u00a0Vade retro 2022, bienvenue 2023\u00a0\u00bb <\/p>\n<p>\u00b7 25 Novembre 2021, le JDD. Tribune co-sign\u00e9e sur l\u2019\u00e9galit\u00e9 femmes-hommes grande cause de la Pr\u00e9sidence fran\u00e7aise de l\u2019Union Europ\u00e9enne (PFUE) ;<\/p>\n<p>\u00b7 8 Mars 2021, Le leadership f\u00e9minin, Sorop\u2019Magazine (semestriel)<\/p>\n<p>\u00b7 Mai 2020, Le Monde. Tribune intitul\u00e9e : \u00ab O\u00f9 sont les femmes ? Les femmes sont les grandes absentes des forums d\u00e9cisionnaires de la pand\u00e9mie et de l\u2019apr\u00e8s\u00bb<\/p>\n<\/div>\n<p>Ouvrages sur un propos identique:<\/p>\n<p>Prisonniers du temps.,<a href=\"https:\/\/booknode.com\/prisonniers_du_temps_010651\" target=\"_blank\" rel=\"noopener noreferrer nofollow\">Le livre <\/a><span><\/span>. Disponible dans toutes les bonnes librairies.<\/p>\n<p>Perun, dieu slave de l\u2019orage.,<a href=\"https:\/\/www.kobo.com\/de\/fr\/ebook\/perun-dieu-slave-de-l-orage\" target=\"_blank\" rel=\"noopener noreferrer nofollow\">Clicker Ici <\/a><span><\/span>.<\/p>\n<p>Villa 3. Histoire et arch\u00e9ologie des soci\u00e9t\u00e9s de la Vall\u00e9e de L\u2019\u00c8bre (vii-xie si\u00e8cles).,<a href=\"https:\/\/www.epagine.fr\/ebook\/9782810709885-villa-3-histoire-et-archeologie-des-societes-de-la-vallee-de-l-ebre-vii-xie-siecles-philippe-senac\/\" target=\"_blank\" rel=\"noopener noreferrer nofollow\">(la couverture) <\/a><span><\/span>.<\/p>\n<p>Novgorod : histoire et arch\u00e9ologie d\u2019une r\u00e9publique russe m\u00e9di\u00e9vale (970-1478).,<a href=\"https:\/\/www.epagine.fr\/ebook\/9782271138330-novgorod-histoire-et-archeologie-d-une-republique-russe-medievale-970-1478-pierre-gonneau\/\" target=\"_blank\" rel=\"noopener noreferrer nofollow\">Le livre <\/a><span><\/span>.<\/p>\n<\/div>\n","protected":false},"excerpt":{"rendered":"<p>A voir, ce papier sur internet dont la th\u00e9matique est \u00ab\u00a0l\u2019arch\u00e9ologie\u00a0\u00bb et qui va vous plaire. Son titre (Conf\u00e9rence : L\u2019\u00e9tat des droits des femmes dans le monde) est parlant. Sachez que le journaliste (pr\u00e9sent\u00e9 sous le nom admin_vannes) est connu et fiable pour plusieurs autres textes qu\u2019il a publi\u00e9s sur internet. Vous pouvez lire [&hellip;]<\/p>\n","protected":false},"author":3,"featured_media":0,"comment_status":"closed","ping_status":"closed","sticky":false,"template":"","format":"standard","meta":{"footnotes":""},"categories":[2],"tags":[],"class_list":["post-555","post","type-post","status-publish","format-standard","hentry","category-patrimoine","entry"],"yoast_head":"<!-- This site is optimized with the Yoast SEO plugin v27.5 - https:\/\/yoast.com\/product\/yoast-seo-wordpress\/ -->\n<title>Ca se propage sur le web : Conf\u00e9rence : L\u2019\u00e9tat des droits des femmes dans le monde - LESGROTTESDESAINTCEZAIRE<\/title>\n<meta name=\"description\" content=\"Ca se propage sur le web : Conf\u00e9rence : L\u2019\u00e9tat des droits des femmes dans le monde article de LESGROTTESDESAINTCEZAIRE\" \/>\n<meta name=\"robots\" content=\"index, follow, max-snippet:-1, max-image-preview:large, max-video-preview:-1\" \/>\n<link rel=\"canonical\" href=\"https:\/\/www.lesgrottesdesaintcezaire.fr\/blog\/ca-se-propage-sur-le-web-conference-letat-des-droits-des-femmes-dans-le-monde\/\" \/>\n<meta property=\"og:locale\" content=\"fr_FR\" \/>\n<meta property=\"og:type\" content=\"article\" \/>\n<meta property=\"og:title\" content=\"Ca se propage sur le web : Conf\u00e9rence : L\u2019\u00e9tat des droits des femmes dans le monde - LESGROTTESDESAINTCEZAIRE\" \/>\n<meta property=\"og:description\" content=\"Ca se propage sur le web : Conf\u00e9rence : L\u2019\u00e9tat des droits des femmes dans le monde article de LESGROTTESDESAINTCEZAIRE\" \/>\n<meta property=\"og:url\" content=\"https:\/\/www.lesgrottesdesaintcezaire.fr\/blog\/ca-se-propage-sur-le-web-conference-letat-des-droits-des-femmes-dans-le-monde\/\" \/>\n<meta property=\"og:site_name\" content=\"LESGROTTESDESAINTCEZAIRE\" \/>\n<meta property=\"article:published_time\" content=\"2023-03-17T20:02:00+00:00\" \/>\n<meta name=\"author\" content=\"Fabienne MOUTON\" \/>\n<meta name=\"twitter:card\" content=\"summary_large_image\" \/>\n<meta name=\"twitter:label1\" content=\"\u00c9crit par\" \/>\n\t<meta name=\"twitter:data1\" content=\"Fabienne MOUTON\" \/>\n\t<meta name=\"twitter:label2\" content=\"Dur\u00e9e de lecture estim\u00e9e\" \/>\n\t<meta name=\"twitter:data2\" content=\"2 minutes\" \/>\n<script type=\"application\/ld+json\" class=\"yoast-schema-graph\">{\"@context\":\"https:\\\/\\\/schema.org\",\"@graph\":[{\"@type\":\"Article\",\"@id\":\"https:\\\/\\\/www.lesgrottesdesaintcezaire.fr\\\/blog\\\/ca-se-propage-sur-le-web-conference-letat-des-droits-des-femmes-dans-le-monde\\\/#article\",\"isPartOf\":{\"@id\":\"https:\\\/\\\/www.lesgrottesdesaintcezaire.fr\\\/blog\\\/ca-se-propage-sur-le-web-conference-letat-des-droits-des-femmes-dans-le-monde\\\/\"},\"author\":{\"name\":\"Fabienne MOUTON\",\"@id\":\"https:\\\/\\\/www.lesgrottesdesaintcezaire.fr\\\/blog\\\/#\\\/schema\\\/person\\\/23d9a2ac249ecb9460a4ebce885adb9b\"},\"headline\":\"Ca se propage sur le web : Conf\u00e9rence : L\u2019\u00e9tat des droits des femmes dans le monde\",\"datePublished\":\"2023-03-17T20:02:00+00:00\",\"mainEntityOfPage\":{\"@id\":\"https:\\\/\\\/www.lesgrottesdesaintcezaire.fr\\\/blog\\\/ca-se-propage-sur-le-web-conference-letat-des-droits-des-femmes-dans-le-monde\\\/\"},\"wordCount\":460,\"publisher\":{\"@id\":\"https:\\\/\\\/www.lesgrottesdesaintcezaire.fr\\\/blog\\\/#organization\"},\"articleSection\":[\"Patrimoine:\"],\"inLanguage\":\"fr-FR\"},{\"@type\":\"WebPage\",\"@id\":\"https:\\\/\\\/www.lesgrottesdesaintcezaire.fr\\\/blog\\\/ca-se-propage-sur-le-web-conference-letat-des-droits-des-femmes-dans-le-monde\\\/\",\"url\":\"https:\\\/\\\/www.lesgrottesdesaintcezaire.fr\\\/blog\\\/ca-se-propage-sur-le-web-conference-letat-des-droits-des-femmes-dans-le-monde\\\/\",\"name\":\"Ca se propage sur le web : Conf\u00e9rence : L\u2019\u00e9tat des droits des femmes dans le monde - LESGROTTESDESAINTCEZAIRE\",\"isPartOf\":{\"@id\":\"https:\\\/\\\/www.lesgrottesdesaintcezaire.fr\\\/blog\\\/#website\"},\"datePublished\":\"2023-03-17T20:02:00+00:00\",\"description\":\"Ca se propage sur le web : Conf\u00e9rence : L\u2019\u00e9tat des droits des femmes dans le monde article de LESGROTTESDESAINTCEZAIRE\",\"breadcrumb\":{\"@id\":\"https:\\\/\\\/www.lesgrottesdesaintcezaire.fr\\\/blog\\\/ca-se-propage-sur-le-web-conference-letat-des-droits-des-femmes-dans-le-monde\\\/#breadcrumb\"},\"inLanguage\":\"fr-FR\",\"potentialAction\":[{\"@type\":\"ReadAction\",\"target\":[\"https:\\\/\\\/www.lesgrottesdesaintcezaire.fr\\\/blog\\\/ca-se-propage-sur-le-web-conference-letat-des-droits-des-femmes-dans-le-monde\\\/\"]}]},{\"@type\":\"BreadcrumbList\",\"@id\":\"https:\\\/\\\/www.lesgrottesdesaintcezaire.fr\\\/blog\\\/ca-se-propage-sur-le-web-conference-letat-des-droits-des-femmes-dans-le-monde\\\/#breadcrumb\",\"itemListElement\":[{\"@type\":\"ListItem\",\"position\":1,\"name\":\"Accueil\",\"item\":\"https:\\\/\\\/www.lesgrottesdesaintcezaire.fr\\\/blog\\\/\"},{\"@type\":\"ListItem\",\"position\":2,\"name\":\"Ca se propage sur le web : Conf\u00e9rence : L\u2019\u00e9tat des droits des femmes dans le monde\"}]},{\"@type\":\"WebSite\",\"@id\":\"https:\\\/\\\/www.lesgrottesdesaintcezaire.fr\\\/blog\\\/#website\",\"url\":\"https:\\\/\\\/www.lesgrottesdesaintcezaire.fr\\\/blog\\\/\",\"name\":\"LESGROTTESDESAINTCEZAIRE\",\"description\":\"Patrimoine: Le site de r\u00e9f\u00e9rence.\",\"publisher\":{\"@id\":\"https:\\\/\\\/www.lesgrottesdesaintcezaire.fr\\\/blog\\\/#organization\"},\"potentialAction\":[{\"@type\":\"SearchAction\",\"target\":{\"@type\":\"EntryPoint\",\"urlTemplate\":\"https:\\\/\\\/www.lesgrottesdesaintcezaire.fr\\\/blog\\\/?s={search_term_string}\"},\"query-input\":{\"@type\":\"PropertyValueSpecification\",\"valueRequired\":true,\"valueName\":\"search_term_string\"}}],\"inLanguage\":\"fr-FR\"},{\"@type\":\"Organization\",\"@id\":\"https:\\\/\\\/www.lesgrottesdesaintcezaire.fr\\\/blog\\\/#organization\",\"name\":\"lesgrottesdesaintcezaire\",\"url\":\"https:\\\/\\\/www.lesgrottesdesaintcezaire.fr\\\/blog\\\/\",\"logo\":{\"@type\":\"ImageObject\",\"inLanguage\":\"fr-FR\",\"@id\":\"https:\\\/\\\/www.lesgrottesdesaintcezaire.fr\\\/blog\\\/#\\\/schema\\\/logo\\\/image\\\/\",\"url\":\"https:\\\/\\\/www.lesgrottesdesaintcezaire.fr\\\/blog\\\/wp-content\\\/uploads\\\/2022\\\/05\\\/logo-2.png\",\"contentUrl\":\"https:\\\/\\\/www.lesgrottesdesaintcezaire.fr\\\/blog\\\/wp-content\\\/uploads\\\/2022\\\/05\\\/logo-2.png\",\"width\":150,\"height\":209,\"caption\":\"lesgrottesdesaintcezaire\"},\"image\":{\"@id\":\"https:\\\/\\\/www.lesgrottesdesaintcezaire.fr\\\/blog\\\/#\\\/schema\\\/logo\\\/image\\\/\"}},{\"@type\":\"Person\",\"@id\":\"https:\\\/\\\/www.lesgrottesdesaintcezaire.fr\\\/blog\\\/#\\\/schema\\\/person\\\/23d9a2ac249ecb9460a4ebce885adb9b\",\"name\":\"Fabienne MOUTON\",\"image\":{\"@type\":\"ImageObject\",\"inLanguage\":\"fr-FR\",\"@id\":\"https:\\\/\\\/secure.gravatar.com\\\/avatar\\\/856d7a14385bb0216de9c5cf9fb1160ddbd11c00be5bb16cfe389b9971309649?s=96&d=mm&r=g\",\"url\":\"https:\\\/\\\/secure.gravatar.com\\\/avatar\\\/856d7a14385bb0216de9c5cf9fb1160ddbd11c00be5bb16cfe389b9971309649?s=96&d=mm&r=g\",\"contentUrl\":\"https:\\\/\\\/secure.gravatar.com\\\/avatar\\\/856d7a14385bb0216de9c5cf9fb1160ddbd11c00be5bb16cfe389b9971309649?s=96&d=mm&r=g\",\"caption\":\"Fabienne MOUTON\"},\"url\":\"https:\\\/\\\/www.lesgrottesdesaintcezaire.fr\\\/blog\\\/author\\\/irefabienne\\\/\"}]}<\/script>\n<!-- \/ Yoast SEO plugin. -->","yoast_head_json":{"title":"Ca se propage sur le web : Conf\u00e9rence : L\u2019\u00e9tat des droits des femmes dans le monde - LESGROTTESDESAINTCEZAIRE","description":"Ca se propage sur le web : Conf\u00e9rence : L\u2019\u00e9tat des droits des femmes dans le monde article de LESGROTTESDESAINTCEZAIRE","robots":{"index":"index","follow":"follow","max-snippet":"max-snippet:-1","max-image-preview":"max-image-preview:large","max-video-preview":"max-video-preview:-1"},"canonical":"https:\/\/www.lesgrottesdesaintcezaire.fr\/blog\/ca-se-propage-sur-le-web-conference-letat-des-droits-des-femmes-dans-le-monde\/","og_locale":"fr_FR","og_type":"article","og_title":"Ca se propage sur le web : Conf\u00e9rence : L\u2019\u00e9tat des droits des femmes dans le monde - LESGROTTESDESAINTCEZAIRE","og_description":"Ca se propage sur le web : Conf\u00e9rence : L\u2019\u00e9tat des droits des femmes dans le monde article de LESGROTTESDESAINTCEZAIRE","og_url":"https:\/\/www.lesgrottesdesaintcezaire.fr\/blog\/ca-se-propage-sur-le-web-conference-letat-des-droits-des-femmes-dans-le-monde\/","og_site_name":"LESGROTTESDESAINTCEZAIRE","article_published_time":"2023-03-17T20:02:00+00:00","author":"Fabienne MOUTON","twitter_card":"summary_large_image","twitter_misc":{"\u00c9crit par":"Fabienne MOUTON","Dur\u00e9e de lecture estim\u00e9e":"2 minutes"},"schema":{"@context":"https:\/\/schema.org","@graph":[{"@type":"Article","@id":"https:\/\/www.lesgrottesdesaintcezaire.fr\/blog\/ca-se-propage-sur-le-web-conference-letat-des-droits-des-femmes-dans-le-monde\/#article","isPartOf":{"@id":"https:\/\/www.lesgrottesdesaintcezaire.fr\/blog\/ca-se-propage-sur-le-web-conference-letat-des-droits-des-femmes-dans-le-monde\/"},"author":{"name":"Fabienne MOUTON","@id":"https:\/\/www.lesgrottesdesaintcezaire.fr\/blog\/#\/schema\/person\/23d9a2ac249ecb9460a4ebce885adb9b"},"headline":"Ca se propage sur le web : Conf\u00e9rence : L\u2019\u00e9tat des droits des femmes dans le monde","datePublished":"2023-03-17T20:02:00+00:00","mainEntityOfPage":{"@id":"https:\/\/www.lesgrottesdesaintcezaire.fr\/blog\/ca-se-propage-sur-le-web-conference-letat-des-droits-des-femmes-dans-le-monde\/"},"wordCount":460,"publisher":{"@id":"https:\/\/www.lesgrottesdesaintcezaire.fr\/blog\/#organization"},"articleSection":["Patrimoine:"],"inLanguage":"fr-FR"},{"@type":"WebPage","@id":"https:\/\/www.lesgrottesdesaintcezaire.fr\/blog\/ca-se-propage-sur-le-web-conference-letat-des-droits-des-femmes-dans-le-monde\/","url":"https:\/\/www.lesgrottesdesaintcezaire.fr\/blog\/ca-se-propage-sur-le-web-conference-letat-des-droits-des-femmes-dans-le-monde\/","name":"Ca se propage sur le web : Conf\u00e9rence : L\u2019\u00e9tat des droits des femmes dans le monde - LESGROTTESDESAINTCEZAIRE","isPartOf":{"@id":"https:\/\/www.lesgrottesdesaintcezaire.fr\/blog\/#website"},"datePublished":"2023-03-17T20:02:00+00:00","description":"Ca se propage sur le web : Conf\u00e9rence : L\u2019\u00e9tat des droits des femmes dans le monde article de LESGROTTESDESAINTCEZAIRE","breadcrumb":{"@id":"https:\/\/www.lesgrottesdesaintcezaire.fr\/blog\/ca-se-propage-sur-le-web-conference-letat-des-droits-des-femmes-dans-le-monde\/#breadcrumb"},"inLanguage":"fr-FR","potentialAction":[{"@type":"ReadAction","target":["https:\/\/www.lesgrottesdesaintcezaire.fr\/blog\/ca-se-propage-sur-le-web-conference-letat-des-droits-des-femmes-dans-le-monde\/"]}]},{"@type":"BreadcrumbList","@id":"https:\/\/www.lesgrottesdesaintcezaire.fr\/blog\/ca-se-propage-sur-le-web-conference-letat-des-droits-des-femmes-dans-le-monde\/#breadcrumb","itemListElement":[{"@type":"ListItem","position":1,"name":"Accueil","item":"https:\/\/www.lesgrottesdesaintcezaire.fr\/blog\/"},{"@type":"ListItem","position":2,"name":"Ca se propage sur le web : Conf\u00e9rence : L\u2019\u00e9tat des droits des femmes dans le monde"}]},{"@type":"WebSite","@id":"https:\/\/www.lesgrottesdesaintcezaire.fr\/blog\/#website","url":"https:\/\/www.lesgrottesdesaintcezaire.fr\/blog\/","name":"LESGROTTESDESAINTCEZAIRE","description":"Patrimoine: Le site de r\u00e9f\u00e9rence.","publisher":{"@id":"https:\/\/www.lesgrottesdesaintcezaire.fr\/blog\/#organization"},"potentialAction":[{"@type":"SearchAction","target":{"@type":"EntryPoint","urlTemplate":"https:\/\/www.lesgrottesdesaintcezaire.fr\/blog\/?s={search_term_string}"},"query-input":{"@type":"PropertyValueSpecification","valueRequired":true,"valueName":"search_term_string"}}],"inLanguage":"fr-FR"},{"@type":"Organization","@id":"https:\/\/www.lesgrottesdesaintcezaire.fr\/blog\/#organization","name":"lesgrottesdesaintcezaire","url":"https:\/\/www.lesgrottesdesaintcezaire.fr\/blog\/","logo":{"@type":"ImageObject","inLanguage":"fr-FR","@id":"https:\/\/www.lesgrottesdesaintcezaire.fr\/blog\/#\/schema\/logo\/image\/","url":"https:\/\/www.lesgrottesdesaintcezaire.fr\/blog\/wp-content\/uploads\/2022\/05\/logo-2.png","contentUrl":"https:\/\/www.lesgrottesdesaintcezaire.fr\/blog\/wp-content\/uploads\/2022\/05\/logo-2.png","width":150,"height":209,"caption":"lesgrottesdesaintcezaire"},"image":{"@id":"https:\/\/www.lesgrottesdesaintcezaire.fr\/blog\/#\/schema\/logo\/image\/"}},{"@type":"Person","@id":"https:\/\/www.lesgrottesdesaintcezaire.fr\/blog\/#\/schema\/person\/23d9a2ac249ecb9460a4ebce885adb9b","name":"Fabienne MOUTON","image":{"@type":"ImageObject","inLanguage":"fr-FR","@id":"https:\/\/secure.gravatar.com\/avatar\/856d7a14385bb0216de9c5cf9fb1160ddbd11c00be5bb16cfe389b9971309649?s=96&d=mm&r=g","url":"https:\/\/secure.gravatar.com\/avatar\/856d7a14385bb0216de9c5cf9fb1160ddbd11c00be5bb16cfe389b9971309649?s=96&d=mm&r=g","contentUrl":"https:\/\/secure.gravatar.com\/avatar\/856d7a14385bb0216de9c5cf9fb1160ddbd11c00be5bb16cfe389b9971309649?s=96&d=mm&r=g","caption":"Fabienne MOUTON"},"url":"https:\/\/www.lesgrottesdesaintcezaire.fr\/blog\/author\/irefabienne\/"}]}},"_links":{"self":[{"href":"https:\/\/www.lesgrottesdesaintcezaire.fr\/blog\/wp-json\/wp\/v2\/posts\/555","targetHints":{"allow":["GET"]}}],"collection":[{"href":"https:\/\/www.lesgrottesdesaintcezaire.fr\/blog\/wp-json\/wp\/v2\/posts"}],"about":[{"href":"https:\/\/www.lesgrottesdesaintcezaire.fr\/blog\/wp-json\/wp\/v2\/types\/post"}],"author":[{"embeddable":true,"href":"https:\/\/www.lesgrottesdesaintcezaire.fr\/blog\/wp-json\/wp\/v2\/users\/3"}],"replies":[{"embeddable":true,"href":"https:\/\/www.lesgrottesdesaintcezaire.fr\/blog\/wp-json\/wp\/v2\/comments?post=555"}],"version-history":[{"count":0,"href":"https:\/\/www.lesgrottesdesaintcezaire.fr\/blog\/wp-json\/wp\/v2\/posts\/555\/revisions"}],"wp:attachment":[{"href":"https:\/\/www.lesgrottesdesaintcezaire.fr\/blog\/wp-json\/wp\/v2\/media?parent=555"}],"wp:term":[{"taxonomy":"category","embeddable":true,"href":"https:\/\/www.lesgrottesdesaintcezaire.fr\/blog\/wp-json\/wp\/v2\/categories?post=555"},{"taxonomy":"post_tag","embeddable":true,"href":"https:\/\/www.lesgrottesdesaintcezaire.fr\/blog\/wp-json\/wp\/v2\/tags?post=555"}],"curies":[{"name":"wp","href":"https:\/\/api.w.org\/{rel}","templated":true}]}}