{"id":560,"date":"2023-03-23T03:04:18","date_gmt":"2023-03-23T02:04:18","guid":{"rendered":"https:\/\/www.lesgrottesdesaintcezaire.fr\/blog\/revue-de-presse-web-greve-du-23-mars-2023\/"},"modified":"2023-03-23T03:04:18","modified_gmt":"2023-03-23T02:04:18","slug":"revue-de-presse-web-greve-du-23-mars-2023","status":"publish","type":"post","link":"https:\/\/www.lesgrottesdesaintcezaire.fr\/blog\/revue-de-presse-web-greve-du-23-mars-2023\/","title":{"rendered":"Revue de presse web  : Gr\u00e8ve du 23 mars 2023"},"content":{"rendered":"<div>\n<p>A relever, cet \u00e9ditorial sur internet dont la th\u00e9matique est \u00ab\u00a0l\u2019arch\u00e9ologie\u00a0\u00bb et qui va vous r\u00e9jouir.<\/p>\n<p>Son titre suggestif (Gr\u00e8ve du 23 mars 2023) est \u00e9vocateur.<\/p>\n<p> Pr\u00e9sent\u00e9 sous le nom \u00abRobin DROMARD\u00bb, le r\u00e9dacteur est connu et fiable pour plusieurs autres \u00e9ditoriaux qu\u2019il a publi\u00e9s sur le web.<\/p>\n<p>Voil\u00e0 lle texte  : <\/p>\n<div>\n<p id=\"breadcrumbs\" class=\"breadcrumbs\"><span><span>Accueil \u00bb <span>Actualit\u00e9s \u00bb <span>Actu. \u00bb <span class=\"breadcrumb_last\" aria-current=\"page\">Gr\u00e8ve du 23 mars 2023<\/span><\/span><\/span><\/span><\/span><\/p>\n<div class=\"bloc-editor\">\n<p class=\"lead\"><span data-offset-key=\"evf7e-0-0\">Le mouvement de gr\u00e8ve national pr\u00e9vu jeudi 23 mars touche les \u00e9coles de la Ville de Lons-le-Saunier \u00e0 diff\u00e9rents niveaux. Un service minimum a \u00e9t\u00e9 mis en place dans celles concern\u00e9es afin de pouvoir accueillir les enfants qui n\u2019ont pas de solution de garde.<\/span><\/p>\n<p>\u00a0<\/p>\n<div class=\"\" data-block=\"true\" data-editor=\"etm41\" data-offset-key=\"b5643-0-0\">\n<p><strong>R\u00e9capitulatif des pr\u00e9visions :<\/strong><\/p>\n<p>\u00a0<\/p>\n<\/div>\n<div class=\"\" data-block=\"true\" data-editor=\"etm41\" data-offset-key=\"3kvq2-0-0\">\n<ul>\n<li class=\"_1mf _1mj\" data-offset-key=\"1co67-0-0\"><span data-offset-key=\"1co67-0-0\">\u00c9cole primaire B.Clavel : Non concern\u00e9e par la gr\u00e8ve<br \/><\/span><\/li>\n<li class=\"_1mf _1mj\" data-offset-key=\"15nio-0-0\" data-auto-logging-id=\"f1b544634575018\"><span data-offset-key=\"15nio-0-0\">\u00c9cole primaire F.Dolto : Plusieurs classes ferm\u00e9es<\/span><\/li>\n<li class=\"_1mf _1mj\" data-offset-key=\"aujde-0-0\"><span data-offset-key=\"aujde-0-0\">\u00c9cole maternelle P-E.Victor : Non concern\u00e9e par la gr\u00e8ve<br \/><\/span><\/li>\n<li class=\"_1mf _1mj\" data-offset-key=\"arejg-0-0\" data-auto-logging-id=\"f27e68eaa98308a\"><span data-offset-key=\"arejg-0-0\">\u00c9cole \u00e9l\u00e9mentaire P-E.Victor : Non concern\u00e9e par la gr\u00e8ve<\/span><\/li>\n<li class=\"_1mf _1mj\" data-offset-key=\"hdfc-0-0\"><span data-offset-key=\"hdfc-0-0\">\u00c9cole maternelle J. Pr\u00e9vert : Toutes les classes ferm\u00e9es<br \/><\/span><\/li>\n<li class=\"_1mf _1mj\" data-offset-key=\"c4eda-0-0\"><span data-offset-key=\"c4eda-0-0\">\u00c9cole \u00e9l\u00e9mentaire J. Pr\u00e9vert : Non concern\u00e9e par la gr\u00e8ve<\/span><\/li>\n<li class=\"_1mf _1mj\" data-offset-key=\"1fa8v-0-0\" data-auto-logging-id=\"f2c631f12162828\"><span data-offset-key=\"1fa8v-0-0\">\u00c9cole primaire F.Rollet : Plusieurs classes ferm\u00e9es<\/span><\/li>\n<li class=\"_1mf _1mj\" data-offset-key=\"7g8jc-0-0\" data-auto-logging-id=\"f1f345d49d4467e\"><span data-offset-key=\"7g8jc-0-0\">\u00c9cole maternelle J.J. Rousseau : Toutes les classes ferm\u00e9es<\/span><\/li>\n<li class=\"_1mf _1mj\" data-offset-key=\"9gai8-0-0\"><span data-offset-key=\"9gai8-0-0\">\u00c9cole \u00e9l\u00e9mentaire J.J. Rousseau : Plusieurs classes ferm\u00e9es<\/span><\/li>\n<li class=\"_1mf _1mj\" data-offset-key=\"efuv7-0-0\" data-auto-logging-id=\"f171cbe0bdf751e\"><span data-offset-key=\"efuv7-0-0\">\u00c9cole maternelle Richebourg : Plusieurs classes ferm\u00e9es<\/span><\/li>\n<li class=\"_1mf _1mj\" data-offset-key=\"efuv7-0-0\" data-auto-logging-id=\"f171cbe0bdf751e\"><span data-offset-key=\"efuv7-0-0\">\u00c9cole \u00e9l\u00e9mentaire Richebourg : Non concern\u00e9e par la gr\u00e8ve<\/span><\/li>\n<\/ul>\n<\/div>\n<p>Concernant les cr\u00e8ches, la gr\u00e8ve n\u2019aura pas d\u2019impact sur les structures.<\/p>\n<p>\u00a0<\/p>\n<p><strong>Pour les transports :<\/strong><\/p>\n<ul>\n<li><span data-offset-key=\"1co67-0-0\">Le r\u00e9seau urbain fonctionnera normalement. Seul le service \u00e0 la demande sera annul\u00e9.<\/span><\/li>\n<li>Sur le r\u00e9seau Tallis \u00c9cole :<\/li>\n<\/ul>\n<p>Le Tallis \u00c9cole 3 RPI (Chilly le Vignoble \u2013 Messia sur Sorne) est concern\u00e9 par la gr\u00e8ve.<br \/>Le Tallis \u00c9cole 5 RPI (Mallerey -Trenal \u2013 Fr\u00e9buans) est concern\u00e9 par la gr\u00e8ve\u00a0 (except\u00e9 le midi).<br \/>Le Tallis \u00c9cole 7 (Perrigny \u2013 Lons le Saunier) est concern\u00e9 par la gr\u00e8ve.<br \/>Le Tallis \u00c9cole 8 (Fr\u00e9buans \u2013 Chilly le Vignoble \u2013 Messia sur Sorne \u2013 Lons le Saunier) est concern\u00e9 par la gr\u00e8ve (except\u00e9 le matin d\u00e9part Condamine et le retour du soir \u00e0 17h15).<br \/>Le Tallis \u00c9cole 9 Courlans est concern\u00e9 par la gr\u00e8ve.<\/p>\n<p>Les Tallis \u00c9cole 2 , 4 , 10 , 11 et 12 fonctionneront.<\/p>\n<\/div>\n<\/div>\n<p>Ce propos correspond \u00e0 vos investigations vous adorerez aussi ces parutions:<\/p>\n<p>Ville, espace urbain et arch\u00e9ologie.,<a href=\"https:\/\/www.epagine.fr\/ebook\/9782869063501-ville-espace-urbain-et-archeologie-henri-galnie\/\" target=\"_blank\" rel=\"noopener noreferrer nofollow\">Clicker Ici <\/a><span><\/span>.<\/p>\n<p>L\u2019Or de Sparte.,<a href=\"https:\/\/booknode.com\/lor_de_sparte_0219482\" target=\"_blank\" rel=\"noopener noreferrer nofollow\">(la couverture) <\/a><span><\/span>.<\/p>\n<p>Recherches d\u2019arch\u00e9ologie musulmane en Tunisie.,<a href=\"https:\/\/www.epagine.fr\/ebook\/9782402513883-recherches-d-archeologie-musulmane-en-tunisie-georges-marcais\/\" target=\"_blank\" rel=\"noopener noreferrer nofollow\">Ouvrage <\/a><span><\/span>.<\/p>\n<p>M\u00e9langes d\u2019Histoire et d\u2019arch\u00e9ologie agenaises.,<a href=\"https:\/\/www.epagine.fr\/ebook\/9782307005971-melanges-d-histoire-et-d-archeologie-agenaises-jean-r-marboutin\/\" target=\"_blank\" rel=\"noopener noreferrer nofollow\">(la couverture) <\/a><span><\/span>.<\/p>\n<\/div>\n","protected":false},"excerpt":{"rendered":"<p>A relever, cet \u00e9ditorial sur internet dont la th\u00e9matique est \u00ab\u00a0l\u2019arch\u00e9ologie\u00a0\u00bb et qui va vous r\u00e9jouir. Son titre suggestif (Gr\u00e8ve du 23 mars 2023) est \u00e9vocateur. Pr\u00e9sent\u00e9 sous le nom \u00abRobin DROMARD\u00bb, le r\u00e9dacteur est connu et fiable pour plusieurs autres \u00e9ditoriaux qu\u2019il a publi\u00e9s sur le web. Voil\u00e0 lle texte : Accueil \u00bb Actualit\u00e9s [&hellip;]<\/p>\n","protected":false},"author":3,"featured_media":0,"comment_status":"closed","ping_status":"closed","sticky":false,"template":"","format":"standard","meta":{"footnotes":""},"categories":[2],"tags":[],"class_list":["post-560","post","type-post","status-publish","format-standard","hentry","category-patrimoine","entry"],"yoast_head":"<!-- This site is optimized with the Yoast SEO plugin v27.5 - https:\/\/yoast.com\/product\/yoast-seo-wordpress\/ -->\n<title>Revue de presse web : Gr\u00e8ve du 23 mars 2023 - LESGROTTESDESAINTCEZAIRE<\/title>\n<meta name=\"description\" content=\"Revue de presse web : Gr\u00e8ve du 23 mars 2023 article de LESGROTTESDESAINTCEZAIRE\" \/>\n<meta name=\"robots\" content=\"index, follow, max-snippet:-1, max-image-preview:large, max-video-preview:-1\" \/>\n<link rel=\"canonical\" href=\"https:\/\/www.lesgrottesdesaintcezaire.fr\/blog\/revue-de-presse-web-greve-du-23-mars-2023\/\" \/>\n<meta property=\"og:locale\" content=\"fr_FR\" \/>\n<meta property=\"og:type\" content=\"article\" \/>\n<meta property=\"og:title\" content=\"Revue de presse web : Gr\u00e8ve du 23 mars 2023 - LESGROTTESDESAINTCEZAIRE\" \/>\n<meta property=\"og:description\" content=\"Revue de presse web : Gr\u00e8ve du 23 mars 2023 article de LESGROTTESDESAINTCEZAIRE\" \/>\n<meta property=\"og:url\" content=\"https:\/\/www.lesgrottesdesaintcezaire.fr\/blog\/revue-de-presse-web-greve-du-23-mars-2023\/\" \/>\n<meta property=\"og:site_name\" content=\"LESGROTTESDESAINTCEZAIRE\" \/>\n<meta property=\"article:published_time\" content=\"2023-03-23T02:04:18+00:00\" \/>\n<meta name=\"author\" content=\"Fabienne MOUTON\" \/>\n<meta name=\"twitter:card\" content=\"summary_large_image\" \/>\n<meta name=\"twitter:label1\" content=\"\u00c9crit par\" \/>\n\t<meta name=\"twitter:data1\" content=\"Fabienne MOUTON\" \/>\n\t<meta name=\"twitter:label2\" content=\"Dur\u00e9e de lecture estim\u00e9e\" \/>\n\t<meta name=\"twitter:data2\" content=\"2 minutes\" \/>\n<script type=\"application\/ld+json\" class=\"yoast-schema-graph\">{\"@context\":\"https:\\\/\\\/schema.org\",\"@graph\":[{\"@type\":\"Article\",\"@id\":\"https:\\\/\\\/www.lesgrottesdesaintcezaire.fr\\\/blog\\\/revue-de-presse-web-greve-du-23-mars-2023\\\/#article\",\"isPartOf\":{\"@id\":\"https:\\\/\\\/www.lesgrottesdesaintcezaire.fr\\\/blog\\\/revue-de-presse-web-greve-du-23-mars-2023\\\/\"},\"author\":{\"name\":\"Fabienne MOUTON\",\"@id\":\"https:\\\/\\\/www.lesgrottesdesaintcezaire.fr\\\/blog\\\/#\\\/schema\\\/person\\\/23d9a2ac249ecb9460a4ebce885adb9b\"},\"headline\":\"Revue de presse web : Gr\u00e8ve du 23 mars 2023\",\"datePublished\":\"2023-03-23T02:04:18+00:00\",\"mainEntityOfPage\":{\"@id\":\"https:\\\/\\\/www.lesgrottesdesaintcezaire.fr\\\/blog\\\/revue-de-presse-web-greve-du-23-mars-2023\\\/\"},\"wordCount\":410,\"publisher\":{\"@id\":\"https:\\\/\\\/www.lesgrottesdesaintcezaire.fr\\\/blog\\\/#organization\"},\"articleSection\":[\"Patrimoine:\"],\"inLanguage\":\"fr-FR\"},{\"@type\":\"WebPage\",\"@id\":\"https:\\\/\\\/www.lesgrottesdesaintcezaire.fr\\\/blog\\\/revue-de-presse-web-greve-du-23-mars-2023\\\/\",\"url\":\"https:\\\/\\\/www.lesgrottesdesaintcezaire.fr\\\/blog\\\/revue-de-presse-web-greve-du-23-mars-2023\\\/\",\"name\":\"Revue de presse web : Gr\u00e8ve du 23 mars 2023 - LESGROTTESDESAINTCEZAIRE\",\"isPartOf\":{\"@id\":\"https:\\\/\\\/www.lesgrottesdesaintcezaire.fr\\\/blog\\\/#website\"},\"datePublished\":\"2023-03-23T02:04:18+00:00\",\"description\":\"Revue de presse web : Gr\u00e8ve du 23 mars 2023 article de LESGROTTESDESAINTCEZAIRE\",\"breadcrumb\":{\"@id\":\"https:\\\/\\\/www.lesgrottesdesaintcezaire.fr\\\/blog\\\/revue-de-presse-web-greve-du-23-mars-2023\\\/#breadcrumb\"},\"inLanguage\":\"fr-FR\",\"potentialAction\":[{\"@type\":\"ReadAction\",\"target\":[\"https:\\\/\\\/www.lesgrottesdesaintcezaire.fr\\\/blog\\\/revue-de-presse-web-greve-du-23-mars-2023\\\/\"]}]},{\"@type\":\"BreadcrumbList\",\"@id\":\"https:\\\/\\\/www.lesgrottesdesaintcezaire.fr\\\/blog\\\/revue-de-presse-web-greve-du-23-mars-2023\\\/#breadcrumb\",\"itemListElement\":[{\"@type\":\"ListItem\",\"position\":1,\"name\":\"Accueil\",\"item\":\"https:\\\/\\\/www.lesgrottesdesaintcezaire.fr\\\/blog\\\/\"},{\"@type\":\"ListItem\",\"position\":2,\"name\":\"Revue de presse web : Gr\u00e8ve du 23 mars 2023\"}]},{\"@type\":\"WebSite\",\"@id\":\"https:\\\/\\\/www.lesgrottesdesaintcezaire.fr\\\/blog\\\/#website\",\"url\":\"https:\\\/\\\/www.lesgrottesdesaintcezaire.fr\\\/blog\\\/\",\"name\":\"LESGROTTESDESAINTCEZAIRE\",\"description\":\"Patrimoine: Le site de r\u00e9f\u00e9rence.\",\"publisher\":{\"@id\":\"https:\\\/\\\/www.lesgrottesdesaintcezaire.fr\\\/blog\\\/#organization\"},\"potentialAction\":[{\"@type\":\"SearchAction\",\"target\":{\"@type\":\"EntryPoint\",\"urlTemplate\":\"https:\\\/\\\/www.lesgrottesdesaintcezaire.fr\\\/blog\\\/?s={search_term_string}\"},\"query-input\":{\"@type\":\"PropertyValueSpecification\",\"valueRequired\":true,\"valueName\":\"search_term_string\"}}],\"inLanguage\":\"fr-FR\"},{\"@type\":\"Organization\",\"@id\":\"https:\\\/\\\/www.lesgrottesdesaintcezaire.fr\\\/blog\\\/#organization\",\"name\":\"lesgrottesdesaintcezaire\",\"url\":\"https:\\\/\\\/www.lesgrottesdesaintcezaire.fr\\\/blog\\\/\",\"logo\":{\"@type\":\"ImageObject\",\"inLanguage\":\"fr-FR\",\"@id\":\"https:\\\/\\\/www.lesgrottesdesaintcezaire.fr\\\/blog\\\/#\\\/schema\\\/logo\\\/image\\\/\",\"url\":\"https:\\\/\\\/www.lesgrottesdesaintcezaire.fr\\\/blog\\\/wp-content\\\/uploads\\\/2022\\\/05\\\/logo-2.png\",\"contentUrl\":\"https:\\\/\\\/www.lesgrottesdesaintcezaire.fr\\\/blog\\\/wp-content\\\/uploads\\\/2022\\\/05\\\/logo-2.png\",\"width\":150,\"height\":209,\"caption\":\"lesgrottesdesaintcezaire\"},\"image\":{\"@id\":\"https:\\\/\\\/www.lesgrottesdesaintcezaire.fr\\\/blog\\\/#\\\/schema\\\/logo\\\/image\\\/\"}},{\"@type\":\"Person\",\"@id\":\"https:\\\/\\\/www.lesgrottesdesaintcezaire.fr\\\/blog\\\/#\\\/schema\\\/person\\\/23d9a2ac249ecb9460a4ebce885adb9b\",\"name\":\"Fabienne MOUTON\",\"image\":{\"@type\":\"ImageObject\",\"inLanguage\":\"fr-FR\",\"@id\":\"https:\\\/\\\/secure.gravatar.com\\\/avatar\\\/856d7a14385bb0216de9c5cf9fb1160ddbd11c00be5bb16cfe389b9971309649?s=96&d=mm&r=g\",\"url\":\"https:\\\/\\\/secure.gravatar.com\\\/avatar\\\/856d7a14385bb0216de9c5cf9fb1160ddbd11c00be5bb16cfe389b9971309649?s=96&d=mm&r=g\",\"contentUrl\":\"https:\\\/\\\/secure.gravatar.com\\\/avatar\\\/856d7a14385bb0216de9c5cf9fb1160ddbd11c00be5bb16cfe389b9971309649?s=96&d=mm&r=g\",\"caption\":\"Fabienne MOUTON\"},\"url\":\"https:\\\/\\\/www.lesgrottesdesaintcezaire.fr\\\/blog\\\/author\\\/irefabienne\\\/\"}]}<\/script>\n<!-- \/ Yoast SEO plugin. -->","yoast_head_json":{"title":"Revue de presse web : Gr\u00e8ve du 23 mars 2023 - LESGROTTESDESAINTCEZAIRE","description":"Revue de presse web : Gr\u00e8ve du 23 mars 2023 article de LESGROTTESDESAINTCEZAIRE","robots":{"index":"index","follow":"follow","max-snippet":"max-snippet:-1","max-image-preview":"max-image-preview:large","max-video-preview":"max-video-preview:-1"},"canonical":"https:\/\/www.lesgrottesdesaintcezaire.fr\/blog\/revue-de-presse-web-greve-du-23-mars-2023\/","og_locale":"fr_FR","og_type":"article","og_title":"Revue de presse web : Gr\u00e8ve du 23 mars 2023 - LESGROTTESDESAINTCEZAIRE","og_description":"Revue de presse web : Gr\u00e8ve du 23 mars 2023 article de LESGROTTESDESAINTCEZAIRE","og_url":"https:\/\/www.lesgrottesdesaintcezaire.fr\/blog\/revue-de-presse-web-greve-du-23-mars-2023\/","og_site_name":"LESGROTTESDESAINTCEZAIRE","article_published_time":"2023-03-23T02:04:18+00:00","author":"Fabienne MOUTON","twitter_card":"summary_large_image","twitter_misc":{"\u00c9crit par":"Fabienne MOUTON","Dur\u00e9e de lecture estim\u00e9e":"2 minutes"},"schema":{"@context":"https:\/\/schema.org","@graph":[{"@type":"Article","@id":"https:\/\/www.lesgrottesdesaintcezaire.fr\/blog\/revue-de-presse-web-greve-du-23-mars-2023\/#article","isPartOf":{"@id":"https:\/\/www.lesgrottesdesaintcezaire.fr\/blog\/revue-de-presse-web-greve-du-23-mars-2023\/"},"author":{"name":"Fabienne MOUTON","@id":"https:\/\/www.lesgrottesdesaintcezaire.fr\/blog\/#\/schema\/person\/23d9a2ac249ecb9460a4ebce885adb9b"},"headline":"Revue de presse web : Gr\u00e8ve du 23 mars 2023","datePublished":"2023-03-23T02:04:18+00:00","mainEntityOfPage":{"@id":"https:\/\/www.lesgrottesdesaintcezaire.fr\/blog\/revue-de-presse-web-greve-du-23-mars-2023\/"},"wordCount":410,"publisher":{"@id":"https:\/\/www.lesgrottesdesaintcezaire.fr\/blog\/#organization"},"articleSection":["Patrimoine:"],"inLanguage":"fr-FR"},{"@type":"WebPage","@id":"https:\/\/www.lesgrottesdesaintcezaire.fr\/blog\/revue-de-presse-web-greve-du-23-mars-2023\/","url":"https:\/\/www.lesgrottesdesaintcezaire.fr\/blog\/revue-de-presse-web-greve-du-23-mars-2023\/","name":"Revue de presse web : Gr\u00e8ve du 23 mars 2023 - LESGROTTESDESAINTCEZAIRE","isPartOf":{"@id":"https:\/\/www.lesgrottesdesaintcezaire.fr\/blog\/#website"},"datePublished":"2023-03-23T02:04:18+00:00","description":"Revue de presse web : Gr\u00e8ve du 23 mars 2023 article de LESGROTTESDESAINTCEZAIRE","breadcrumb":{"@id":"https:\/\/www.lesgrottesdesaintcezaire.fr\/blog\/revue-de-presse-web-greve-du-23-mars-2023\/#breadcrumb"},"inLanguage":"fr-FR","potentialAction":[{"@type":"ReadAction","target":["https:\/\/www.lesgrottesdesaintcezaire.fr\/blog\/revue-de-presse-web-greve-du-23-mars-2023\/"]}]},{"@type":"BreadcrumbList","@id":"https:\/\/www.lesgrottesdesaintcezaire.fr\/blog\/revue-de-presse-web-greve-du-23-mars-2023\/#breadcrumb","itemListElement":[{"@type":"ListItem","position":1,"name":"Accueil","item":"https:\/\/www.lesgrottesdesaintcezaire.fr\/blog\/"},{"@type":"ListItem","position":2,"name":"Revue de presse web : Gr\u00e8ve du 23 mars 2023"}]},{"@type":"WebSite","@id":"https:\/\/www.lesgrottesdesaintcezaire.fr\/blog\/#website","url":"https:\/\/www.lesgrottesdesaintcezaire.fr\/blog\/","name":"LESGROTTESDESAINTCEZAIRE","description":"Patrimoine: Le site de r\u00e9f\u00e9rence.","publisher":{"@id":"https:\/\/www.lesgrottesdesaintcezaire.fr\/blog\/#organization"},"potentialAction":[{"@type":"SearchAction","target":{"@type":"EntryPoint","urlTemplate":"https:\/\/www.lesgrottesdesaintcezaire.fr\/blog\/?s={search_term_string}"},"query-input":{"@type":"PropertyValueSpecification","valueRequired":true,"valueName":"search_term_string"}}],"inLanguage":"fr-FR"},{"@type":"Organization","@id":"https:\/\/www.lesgrottesdesaintcezaire.fr\/blog\/#organization","name":"lesgrottesdesaintcezaire","url":"https:\/\/www.lesgrottesdesaintcezaire.fr\/blog\/","logo":{"@type":"ImageObject","inLanguage":"fr-FR","@id":"https:\/\/www.lesgrottesdesaintcezaire.fr\/blog\/#\/schema\/logo\/image\/","url":"https:\/\/www.lesgrottesdesaintcezaire.fr\/blog\/wp-content\/uploads\/2022\/05\/logo-2.png","contentUrl":"https:\/\/www.lesgrottesdesaintcezaire.fr\/blog\/wp-content\/uploads\/2022\/05\/logo-2.png","width":150,"height":209,"caption":"lesgrottesdesaintcezaire"},"image":{"@id":"https:\/\/www.lesgrottesdesaintcezaire.fr\/blog\/#\/schema\/logo\/image\/"}},{"@type":"Person","@id":"https:\/\/www.lesgrottesdesaintcezaire.fr\/blog\/#\/schema\/person\/23d9a2ac249ecb9460a4ebce885adb9b","name":"Fabienne MOUTON","image":{"@type":"ImageObject","inLanguage":"fr-FR","@id":"https:\/\/secure.gravatar.com\/avatar\/856d7a14385bb0216de9c5cf9fb1160ddbd11c00be5bb16cfe389b9971309649?s=96&d=mm&r=g","url":"https:\/\/secure.gravatar.com\/avatar\/856d7a14385bb0216de9c5cf9fb1160ddbd11c00be5bb16cfe389b9971309649?s=96&d=mm&r=g","contentUrl":"https:\/\/secure.gravatar.com\/avatar\/856d7a14385bb0216de9c5cf9fb1160ddbd11c00be5bb16cfe389b9971309649?s=96&d=mm&r=g","caption":"Fabienne MOUTON"},"url":"https:\/\/www.lesgrottesdesaintcezaire.fr\/blog\/author\/irefabienne\/"}]}},"_links":{"self":[{"href":"https:\/\/www.lesgrottesdesaintcezaire.fr\/blog\/wp-json\/wp\/v2\/posts\/560","targetHints":{"allow":["GET"]}}],"collection":[{"href":"https:\/\/www.lesgrottesdesaintcezaire.fr\/blog\/wp-json\/wp\/v2\/posts"}],"about":[{"href":"https:\/\/www.lesgrottesdesaintcezaire.fr\/blog\/wp-json\/wp\/v2\/types\/post"}],"author":[{"embeddable":true,"href":"https:\/\/www.lesgrottesdesaintcezaire.fr\/blog\/wp-json\/wp\/v2\/users\/3"}],"replies":[{"embeddable":true,"href":"https:\/\/www.lesgrottesdesaintcezaire.fr\/blog\/wp-json\/wp\/v2\/comments?post=560"}],"version-history":[{"count":0,"href":"https:\/\/www.lesgrottesdesaintcezaire.fr\/blog\/wp-json\/wp\/v2\/posts\/560\/revisions"}],"wp:attachment":[{"href":"https:\/\/www.lesgrottesdesaintcezaire.fr\/blog\/wp-json\/wp\/v2\/media?parent=560"}],"wp:term":[{"taxonomy":"category","embeddable":true,"href":"https:\/\/www.lesgrottesdesaintcezaire.fr\/blog\/wp-json\/wp\/v2\/categories?post=560"},{"taxonomy":"post_tag","embeddable":true,"href":"https:\/\/www.lesgrottesdesaintcezaire.fr\/blog\/wp-json\/wp\/v2\/tags?post=560"}],"curies":[{"name":"wp","href":"https:\/\/api.w.org\/{rel}","templated":true}]}}