{"id":563,"date":"2023-03-25T06:03:06","date_gmt":"2023-03-25T05:03:06","guid":{"rendered":"https:\/\/www.lesgrottesdesaintcezaire.fr\/blog\/quoi-penser-de-ce-texte-le-camion-des-economies-deau-fait-son-show\/"},"modified":"2023-03-25T06:03:06","modified_gmt":"2023-03-25T05:03:06","slug":"quoi-penser-de-ce-texte-le-camion-des-economies-deau-fait-son-show","status":"publish","type":"post","link":"https:\/\/www.lesgrottesdesaintcezaire.fr\/blog\/quoi-penser-de-ce-texte-le-camion-des-economies-deau-fait-son-show\/","title":{"rendered":"Quoi penser de ce texte  : Le camion des \u00e9conomies d\u2019eau fait son Show !"},"content":{"rendered":"<div>\n<p>Cet \u00e9ditorial ayant pour th\u00e9matique \u00ab\u00a0l\u2019arch\u00e9ologie\u00a0\u00bb circule sur internet, nous avons d\u00e9cid\u00e9 de vous le r\u00e9v\u00e9ler d\u00e8s \u00e0 pr\u00e9sent.<\/p>\n<p>Le titre  (Le camion des \u00e9conomies d\u2019eau fait son Show !) r\u00e9capitule tout le papier.<\/p>\n<p>Sachez que le journaliste (annonc\u00e9 sous la signature  admin_vannes) est reconnu comme quelqu\u2019un de s\u00e9rieux pour plusieurs autres \u00e9ditoriaux qu\u2019il a publi\u00e9s sur internet.<\/p>\n<p>La cr\u00e9dibilit\u00e9 est par cons\u00e9quent forte concernant cet \u00e9ditorial.<\/p>\n<p>Sachez que la date de publication est 2023-03-24 11:34:48.<\/p>\n<p>Voil\u00e0 ll\u2019article en question : <\/p>\n<div>\n<div>\n<p>Eau &amp; Rivi\u00e8res de Bretagne, en partenariat avec l\u2019Agence de l\u2019eau Loire Bretagne, vous invitent \u00e0 d\u00e9couvrir le camion des \u00e9conomies d\u2019eau, le samedi 25\u00a0mars de 9h \u00e0 16h30 sur la rive droite du port (entre les deux kiosques).<\/p>\n<p><strong>Pourquoi\u00a0?<\/strong><br \/>\nParce qu\u2019en Bretagne, la ressource en eau est limit\u00e9e, elle est vuln\u00e9rable et pr\u00e9cieuse. C\u2019est pourquoi, plus on l\u2019\u00e9conomise, plus on pr\u00e9serve la nature tout en favorisant la r\u00e9silience de notre territoire face au changement climatique.<\/p>\n<p><strong>Que propose ce camion\u00a0?<\/strong><br \/>\nCon\u00e7u comme un food truck, ce camion s\u2019ouvre pour permettre au public d\u2019exp\u00e9rimenter des solutions hydro-\u00e9conomes pour chaque pi\u00e8ce de la maison.<br \/>\nLes animateurs d\u2019Eau et rivi\u00e8res Bretagne vous y donneront conseils et astuces, lors de votre passage, pour r\u00e9aliser des \u00e9conomies l\u2019eau.<\/p>\n<\/div>\n<\/div>\n<p>Bibliographie :<\/p>\n<p>Un milliard d\u2019ann\u00e9es plus tard\u2026.,<a href=\"https:\/\/booknode.com\/un_milliard_dannees_plus_tard_0107972\" target=\"_blank\" rel=\"noopener noreferrer nofollow\">(Disponible) <\/a><span><\/span>. Disponible chez votre libraire.<\/p>\n<p>Manuel d\u2019arch\u00e9ologie m\u00e9di\u00e9vale et moderne.,<a href=\"https:\/\/www.epagine.fr\/ebook\/9782200628888-manuel-d-archeologie-medievale-et-moderne-2e-edition-joelle-burnouf-danielle-arribet-deroin-bruno-desachy-florence-journot-anne-nissen-jaubert\/\" target=\"_blank\" rel=\"noopener noreferrer nofollow\">Le livre <\/a><span><\/span>.<\/p>\n<p>Promenades d\u2019arch\u00e9ologie sous-marine.,<a href=\"https:\/\/www.epagine.fr\/ebook\/9782307162087-promenades-d-archeologie-sous-marine-philippe-diole\/\" target=\"_blank\" rel=\"noopener noreferrer nofollow\">livre de r\u00e9f\u00e9rence <\/a><span><\/span>. Disponible \u00e0 la FNAC.<\/p>\n<p>National Geographic, arch\u00e9ologie: Chich\u00e9n Itz\u00e1.,<a href=\"https:\/\/booknode.com\/national_geographic_archeologie_chichen_itza_02667973\" target=\"_blank\" rel=\"noopener noreferrer nofollow\">Clicker Ici <\/a><span><\/span>.<\/p>\n<\/div>\n","protected":false},"excerpt":{"rendered":"<p>Cet \u00e9ditorial ayant pour th\u00e9matique \u00ab\u00a0l\u2019arch\u00e9ologie\u00a0\u00bb circule sur internet, nous avons d\u00e9cid\u00e9 de vous le r\u00e9v\u00e9ler d\u00e8s \u00e0 pr\u00e9sent. Le titre (Le camion des \u00e9conomies d\u2019eau fait son Show !) r\u00e9capitule tout le papier. Sachez que le journaliste (annonc\u00e9 sous la signature admin_vannes) est reconnu comme quelqu\u2019un de s\u00e9rieux pour plusieurs autres \u00e9ditoriaux qu\u2019il a [&hellip;]<\/p>\n","protected":false},"author":3,"featured_media":0,"comment_status":"closed","ping_status":"closed","sticky":false,"template":"","format":"standard","meta":{"footnotes":""},"categories":[2],"tags":[],"class_list":["post-563","post","type-post","status-publish","format-standard","hentry","category-patrimoine","entry"],"yoast_head":"<!-- This site is optimized with the Yoast SEO plugin v27.5 - https:\/\/yoast.com\/product\/yoast-seo-wordpress\/ -->\n<title>Quoi penser de ce texte : Le camion des \u00e9conomies d\u2019eau fait son Show ! - LESGROTTESDESAINTCEZAIRE<\/title>\n<meta name=\"description\" content=\"Quoi penser de ce texte : Le camion des \u00e9conomies d\u2019eau fait son Show ! article de LESGROTTESDESAINTCEZAIRE\" \/>\n<meta name=\"robots\" content=\"index, follow, max-snippet:-1, max-image-preview:large, max-video-preview:-1\" \/>\n<link rel=\"canonical\" href=\"https:\/\/www.lesgrottesdesaintcezaire.fr\/blog\/quoi-penser-de-ce-texte-le-camion-des-economies-deau-fait-son-show\/\" \/>\n<meta property=\"og:locale\" content=\"fr_FR\" \/>\n<meta property=\"og:type\" content=\"article\" \/>\n<meta property=\"og:title\" content=\"Quoi penser de ce texte : Le camion des \u00e9conomies d\u2019eau fait son Show ! - LESGROTTESDESAINTCEZAIRE\" \/>\n<meta property=\"og:description\" content=\"Quoi penser de ce texte : Le camion des \u00e9conomies d\u2019eau fait son Show ! article de LESGROTTESDESAINTCEZAIRE\" \/>\n<meta property=\"og:url\" content=\"https:\/\/www.lesgrottesdesaintcezaire.fr\/blog\/quoi-penser-de-ce-texte-le-camion-des-economies-deau-fait-son-show\/\" \/>\n<meta property=\"og:site_name\" content=\"LESGROTTESDESAINTCEZAIRE\" \/>\n<meta property=\"article:published_time\" content=\"2023-03-25T05:03:06+00:00\" \/>\n<meta name=\"author\" content=\"Fabienne MOUTON\" \/>\n<meta name=\"twitter:card\" content=\"summary_large_image\" \/>\n<meta name=\"twitter:label1\" content=\"\u00c9crit par\" \/>\n\t<meta name=\"twitter:data1\" content=\"Fabienne MOUTON\" \/>\n\t<meta name=\"twitter:label2\" content=\"Dur\u00e9e de lecture estim\u00e9e\" \/>\n\t<meta name=\"twitter:data2\" content=\"1 minute\" \/>\n<script type=\"application\/ld+json\" class=\"yoast-schema-graph\">{\"@context\":\"https:\\\/\\\/schema.org\",\"@graph\":[{\"@type\":\"Article\",\"@id\":\"https:\\\/\\\/www.lesgrottesdesaintcezaire.fr\\\/blog\\\/quoi-penser-de-ce-texte-le-camion-des-economies-deau-fait-son-show\\\/#article\",\"isPartOf\":{\"@id\":\"https:\\\/\\\/www.lesgrottesdesaintcezaire.fr\\\/blog\\\/quoi-penser-de-ce-texte-le-camion-des-economies-deau-fait-son-show\\\/\"},\"author\":{\"name\":\"Fabienne MOUTON\",\"@id\":\"https:\\\/\\\/www.lesgrottesdesaintcezaire.fr\\\/blog\\\/#\\\/schema\\\/person\\\/23d9a2ac249ecb9460a4ebce885adb9b\"},\"headline\":\"Quoi penser de ce texte : Le camion des \u00e9conomies d\u2019eau fait son Show !\",\"datePublished\":\"2023-03-25T05:03:06+00:00\",\"mainEntityOfPage\":{\"@id\":\"https:\\\/\\\/www.lesgrottesdesaintcezaire.fr\\\/blog\\\/quoi-penser-de-ce-texte-le-camion-des-economies-deau-fait-son-show\\\/\"},\"wordCount\":300,\"publisher\":{\"@id\":\"https:\\\/\\\/www.lesgrottesdesaintcezaire.fr\\\/blog\\\/#organization\"},\"articleSection\":[\"Patrimoine:\"],\"inLanguage\":\"fr-FR\"},{\"@type\":\"WebPage\",\"@id\":\"https:\\\/\\\/www.lesgrottesdesaintcezaire.fr\\\/blog\\\/quoi-penser-de-ce-texte-le-camion-des-economies-deau-fait-son-show\\\/\",\"url\":\"https:\\\/\\\/www.lesgrottesdesaintcezaire.fr\\\/blog\\\/quoi-penser-de-ce-texte-le-camion-des-economies-deau-fait-son-show\\\/\",\"name\":\"Quoi penser de ce texte : Le camion des \u00e9conomies d\u2019eau fait son Show ! - LESGROTTESDESAINTCEZAIRE\",\"isPartOf\":{\"@id\":\"https:\\\/\\\/www.lesgrottesdesaintcezaire.fr\\\/blog\\\/#website\"},\"datePublished\":\"2023-03-25T05:03:06+00:00\",\"description\":\"Quoi penser de ce texte : Le camion des \u00e9conomies d\u2019eau fait son Show ! article de LESGROTTESDESAINTCEZAIRE\",\"breadcrumb\":{\"@id\":\"https:\\\/\\\/www.lesgrottesdesaintcezaire.fr\\\/blog\\\/quoi-penser-de-ce-texte-le-camion-des-economies-deau-fait-son-show\\\/#breadcrumb\"},\"inLanguage\":\"fr-FR\",\"potentialAction\":[{\"@type\":\"ReadAction\",\"target\":[\"https:\\\/\\\/www.lesgrottesdesaintcezaire.fr\\\/blog\\\/quoi-penser-de-ce-texte-le-camion-des-economies-deau-fait-son-show\\\/\"]}]},{\"@type\":\"BreadcrumbList\",\"@id\":\"https:\\\/\\\/www.lesgrottesdesaintcezaire.fr\\\/blog\\\/quoi-penser-de-ce-texte-le-camion-des-economies-deau-fait-son-show\\\/#breadcrumb\",\"itemListElement\":[{\"@type\":\"ListItem\",\"position\":1,\"name\":\"Accueil\",\"item\":\"https:\\\/\\\/www.lesgrottesdesaintcezaire.fr\\\/blog\\\/\"},{\"@type\":\"ListItem\",\"position\":2,\"name\":\"Quoi penser de ce texte : Le camion des \u00e9conomies d\u2019eau fait son Show !\"}]},{\"@type\":\"WebSite\",\"@id\":\"https:\\\/\\\/www.lesgrottesdesaintcezaire.fr\\\/blog\\\/#website\",\"url\":\"https:\\\/\\\/www.lesgrottesdesaintcezaire.fr\\\/blog\\\/\",\"name\":\"LESGROTTESDESAINTCEZAIRE\",\"description\":\"Patrimoine: Le site de r\u00e9f\u00e9rence.\",\"publisher\":{\"@id\":\"https:\\\/\\\/www.lesgrottesdesaintcezaire.fr\\\/blog\\\/#organization\"},\"potentialAction\":[{\"@type\":\"SearchAction\",\"target\":{\"@type\":\"EntryPoint\",\"urlTemplate\":\"https:\\\/\\\/www.lesgrottesdesaintcezaire.fr\\\/blog\\\/?s={search_term_string}\"},\"query-input\":{\"@type\":\"PropertyValueSpecification\",\"valueRequired\":true,\"valueName\":\"search_term_string\"}}],\"inLanguage\":\"fr-FR\"},{\"@type\":\"Organization\",\"@id\":\"https:\\\/\\\/www.lesgrottesdesaintcezaire.fr\\\/blog\\\/#organization\",\"name\":\"lesgrottesdesaintcezaire\",\"url\":\"https:\\\/\\\/www.lesgrottesdesaintcezaire.fr\\\/blog\\\/\",\"logo\":{\"@type\":\"ImageObject\",\"inLanguage\":\"fr-FR\",\"@id\":\"https:\\\/\\\/www.lesgrottesdesaintcezaire.fr\\\/blog\\\/#\\\/schema\\\/logo\\\/image\\\/\",\"url\":\"https:\\\/\\\/www.lesgrottesdesaintcezaire.fr\\\/blog\\\/wp-content\\\/uploads\\\/2022\\\/05\\\/logo-2.png\",\"contentUrl\":\"https:\\\/\\\/www.lesgrottesdesaintcezaire.fr\\\/blog\\\/wp-content\\\/uploads\\\/2022\\\/05\\\/logo-2.png\",\"width\":150,\"height\":209,\"caption\":\"lesgrottesdesaintcezaire\"},\"image\":{\"@id\":\"https:\\\/\\\/www.lesgrottesdesaintcezaire.fr\\\/blog\\\/#\\\/schema\\\/logo\\\/image\\\/\"}},{\"@type\":\"Person\",\"@id\":\"https:\\\/\\\/www.lesgrottesdesaintcezaire.fr\\\/blog\\\/#\\\/schema\\\/person\\\/23d9a2ac249ecb9460a4ebce885adb9b\",\"name\":\"Fabienne MOUTON\",\"image\":{\"@type\":\"ImageObject\",\"inLanguage\":\"fr-FR\",\"@id\":\"https:\\\/\\\/secure.gravatar.com\\\/avatar\\\/856d7a14385bb0216de9c5cf9fb1160ddbd11c00be5bb16cfe389b9971309649?s=96&d=mm&r=g\",\"url\":\"https:\\\/\\\/secure.gravatar.com\\\/avatar\\\/856d7a14385bb0216de9c5cf9fb1160ddbd11c00be5bb16cfe389b9971309649?s=96&d=mm&r=g\",\"contentUrl\":\"https:\\\/\\\/secure.gravatar.com\\\/avatar\\\/856d7a14385bb0216de9c5cf9fb1160ddbd11c00be5bb16cfe389b9971309649?s=96&d=mm&r=g\",\"caption\":\"Fabienne MOUTON\"},\"url\":\"https:\\\/\\\/www.lesgrottesdesaintcezaire.fr\\\/blog\\\/author\\\/irefabienne\\\/\"}]}<\/script>\n<!-- \/ Yoast SEO plugin. -->","yoast_head_json":{"title":"Quoi penser de ce texte : Le camion des \u00e9conomies d\u2019eau fait son Show ! - LESGROTTESDESAINTCEZAIRE","description":"Quoi penser de ce texte : Le camion des \u00e9conomies d\u2019eau fait son Show ! article de LESGROTTESDESAINTCEZAIRE","robots":{"index":"index","follow":"follow","max-snippet":"max-snippet:-1","max-image-preview":"max-image-preview:large","max-video-preview":"max-video-preview:-1"},"canonical":"https:\/\/www.lesgrottesdesaintcezaire.fr\/blog\/quoi-penser-de-ce-texte-le-camion-des-economies-deau-fait-son-show\/","og_locale":"fr_FR","og_type":"article","og_title":"Quoi penser de ce texte : Le camion des \u00e9conomies d\u2019eau fait son Show ! - LESGROTTESDESAINTCEZAIRE","og_description":"Quoi penser de ce texte : Le camion des \u00e9conomies d\u2019eau fait son Show ! article de LESGROTTESDESAINTCEZAIRE","og_url":"https:\/\/www.lesgrottesdesaintcezaire.fr\/blog\/quoi-penser-de-ce-texte-le-camion-des-economies-deau-fait-son-show\/","og_site_name":"LESGROTTESDESAINTCEZAIRE","article_published_time":"2023-03-25T05:03:06+00:00","author":"Fabienne MOUTON","twitter_card":"summary_large_image","twitter_misc":{"\u00c9crit par":"Fabienne MOUTON","Dur\u00e9e de lecture estim\u00e9e":"1 minute"},"schema":{"@context":"https:\/\/schema.org","@graph":[{"@type":"Article","@id":"https:\/\/www.lesgrottesdesaintcezaire.fr\/blog\/quoi-penser-de-ce-texte-le-camion-des-economies-deau-fait-son-show\/#article","isPartOf":{"@id":"https:\/\/www.lesgrottesdesaintcezaire.fr\/blog\/quoi-penser-de-ce-texte-le-camion-des-economies-deau-fait-son-show\/"},"author":{"name":"Fabienne MOUTON","@id":"https:\/\/www.lesgrottesdesaintcezaire.fr\/blog\/#\/schema\/person\/23d9a2ac249ecb9460a4ebce885adb9b"},"headline":"Quoi penser de ce texte : Le camion des \u00e9conomies d\u2019eau fait son Show !","datePublished":"2023-03-25T05:03:06+00:00","mainEntityOfPage":{"@id":"https:\/\/www.lesgrottesdesaintcezaire.fr\/blog\/quoi-penser-de-ce-texte-le-camion-des-economies-deau-fait-son-show\/"},"wordCount":300,"publisher":{"@id":"https:\/\/www.lesgrottesdesaintcezaire.fr\/blog\/#organization"},"articleSection":["Patrimoine:"],"inLanguage":"fr-FR"},{"@type":"WebPage","@id":"https:\/\/www.lesgrottesdesaintcezaire.fr\/blog\/quoi-penser-de-ce-texte-le-camion-des-economies-deau-fait-son-show\/","url":"https:\/\/www.lesgrottesdesaintcezaire.fr\/blog\/quoi-penser-de-ce-texte-le-camion-des-economies-deau-fait-son-show\/","name":"Quoi penser de ce texte : Le camion des \u00e9conomies d\u2019eau fait son Show ! - LESGROTTESDESAINTCEZAIRE","isPartOf":{"@id":"https:\/\/www.lesgrottesdesaintcezaire.fr\/blog\/#website"},"datePublished":"2023-03-25T05:03:06+00:00","description":"Quoi penser de ce texte : Le camion des \u00e9conomies d\u2019eau fait son Show ! article de LESGROTTESDESAINTCEZAIRE","breadcrumb":{"@id":"https:\/\/www.lesgrottesdesaintcezaire.fr\/blog\/quoi-penser-de-ce-texte-le-camion-des-economies-deau-fait-son-show\/#breadcrumb"},"inLanguage":"fr-FR","potentialAction":[{"@type":"ReadAction","target":["https:\/\/www.lesgrottesdesaintcezaire.fr\/blog\/quoi-penser-de-ce-texte-le-camion-des-economies-deau-fait-son-show\/"]}]},{"@type":"BreadcrumbList","@id":"https:\/\/www.lesgrottesdesaintcezaire.fr\/blog\/quoi-penser-de-ce-texte-le-camion-des-economies-deau-fait-son-show\/#breadcrumb","itemListElement":[{"@type":"ListItem","position":1,"name":"Accueil","item":"https:\/\/www.lesgrottesdesaintcezaire.fr\/blog\/"},{"@type":"ListItem","position":2,"name":"Quoi penser de ce texte : Le camion des \u00e9conomies d\u2019eau fait son Show !"}]},{"@type":"WebSite","@id":"https:\/\/www.lesgrottesdesaintcezaire.fr\/blog\/#website","url":"https:\/\/www.lesgrottesdesaintcezaire.fr\/blog\/","name":"LESGROTTESDESAINTCEZAIRE","description":"Patrimoine: Le site de r\u00e9f\u00e9rence.","publisher":{"@id":"https:\/\/www.lesgrottesdesaintcezaire.fr\/blog\/#organization"},"potentialAction":[{"@type":"SearchAction","target":{"@type":"EntryPoint","urlTemplate":"https:\/\/www.lesgrottesdesaintcezaire.fr\/blog\/?s={search_term_string}"},"query-input":{"@type":"PropertyValueSpecification","valueRequired":true,"valueName":"search_term_string"}}],"inLanguage":"fr-FR"},{"@type":"Organization","@id":"https:\/\/www.lesgrottesdesaintcezaire.fr\/blog\/#organization","name":"lesgrottesdesaintcezaire","url":"https:\/\/www.lesgrottesdesaintcezaire.fr\/blog\/","logo":{"@type":"ImageObject","inLanguage":"fr-FR","@id":"https:\/\/www.lesgrottesdesaintcezaire.fr\/blog\/#\/schema\/logo\/image\/","url":"https:\/\/www.lesgrottesdesaintcezaire.fr\/blog\/wp-content\/uploads\/2022\/05\/logo-2.png","contentUrl":"https:\/\/www.lesgrottesdesaintcezaire.fr\/blog\/wp-content\/uploads\/2022\/05\/logo-2.png","width":150,"height":209,"caption":"lesgrottesdesaintcezaire"},"image":{"@id":"https:\/\/www.lesgrottesdesaintcezaire.fr\/blog\/#\/schema\/logo\/image\/"}},{"@type":"Person","@id":"https:\/\/www.lesgrottesdesaintcezaire.fr\/blog\/#\/schema\/person\/23d9a2ac249ecb9460a4ebce885adb9b","name":"Fabienne MOUTON","image":{"@type":"ImageObject","inLanguage":"fr-FR","@id":"https:\/\/secure.gravatar.com\/avatar\/856d7a14385bb0216de9c5cf9fb1160ddbd11c00be5bb16cfe389b9971309649?s=96&d=mm&r=g","url":"https:\/\/secure.gravatar.com\/avatar\/856d7a14385bb0216de9c5cf9fb1160ddbd11c00be5bb16cfe389b9971309649?s=96&d=mm&r=g","contentUrl":"https:\/\/secure.gravatar.com\/avatar\/856d7a14385bb0216de9c5cf9fb1160ddbd11c00be5bb16cfe389b9971309649?s=96&d=mm&r=g","caption":"Fabienne MOUTON"},"url":"https:\/\/www.lesgrottesdesaintcezaire.fr\/blog\/author\/irefabienne\/"}]}},"_links":{"self":[{"href":"https:\/\/www.lesgrottesdesaintcezaire.fr\/blog\/wp-json\/wp\/v2\/posts\/563","targetHints":{"allow":["GET"]}}],"collection":[{"href":"https:\/\/www.lesgrottesdesaintcezaire.fr\/blog\/wp-json\/wp\/v2\/posts"}],"about":[{"href":"https:\/\/www.lesgrottesdesaintcezaire.fr\/blog\/wp-json\/wp\/v2\/types\/post"}],"author":[{"embeddable":true,"href":"https:\/\/www.lesgrottesdesaintcezaire.fr\/blog\/wp-json\/wp\/v2\/users\/3"}],"replies":[{"embeddable":true,"href":"https:\/\/www.lesgrottesdesaintcezaire.fr\/blog\/wp-json\/wp\/v2\/comments?post=563"}],"version-history":[{"count":0,"href":"https:\/\/www.lesgrottesdesaintcezaire.fr\/blog\/wp-json\/wp\/v2\/posts\/563\/revisions"}],"wp:attachment":[{"href":"https:\/\/www.lesgrottesdesaintcezaire.fr\/blog\/wp-json\/wp\/v2\/media?parent=563"}],"wp:term":[{"taxonomy":"category","embeddable":true,"href":"https:\/\/www.lesgrottesdesaintcezaire.fr\/blog\/wp-json\/wp\/v2\/categories?post=563"},{"taxonomy":"post_tag","embeddable":true,"href":"https:\/\/www.lesgrottesdesaintcezaire.fr\/blog\/wp-json\/wp\/v2\/tags?post=563"}],"curies":[{"name":"wp","href":"https:\/\/api.w.org\/{rel}","templated":true}]}}