{"id":564,"date":"2023-03-28T03:04:14","date_gmt":"2023-03-28T01:04:14","guid":{"rendered":"https:\/\/www.lesgrottesdesaintcezaire.fr\/blog\/a-retenir-lextinction-de-leclairage-public-se-poursuit\/"},"modified":"2023-03-28T03:04:14","modified_gmt":"2023-03-28T01:04:14","slug":"a-retenir-lextinction-de-leclairage-public-se-poursuit","status":"publish","type":"post","link":"https:\/\/www.lesgrottesdesaintcezaire.fr\/blog\/a-retenir-lextinction-de-leclairage-public-se-poursuit\/","title":{"rendered":"A retenir   : L\u2019extinction de l\u2019\u00e9clairage public se poursuit"},"content":{"rendered":"<div><img width=\"580\" height=\"383\" src=\"https:\/\/www.lesgrottesdesaintcezaire.fr\/blog\/wp-content\/uploads\/2023\/03\/A-retenir-Lextinction-de-leclairage-public-se-poursuit-1024x677-1.jpg\" class=\"attachment-large size-large wp-post-image\" alt=\"A-retenir-Lextinction-de-leclairage-public-se-poursuit\" decoding=\"async\" loading=\"lazy\" style=\"float:left; margin:0 15px 15px 0;\" srcset=\"https:\/\/www.lesgrottesdesaintcezaire.fr\/blog\/wp-content\/uploads\/2023\/03\/A-retenir-Lextinction-de-leclairage-public-se-poursuit-1024x677-1.jpg 1024w, https:\/\/www.site.cdcl.xyz\/wp-content\/uploads\/2023\/03\/A-retenir-Lextinction-de-leclairage-public-se-poursuit-300x198.jpg 300w, https:\/\/www.site.cdcl.xyz\/wp-content\/uploads\/2023\/03\/A-retenir-Lextinction-de-leclairage-public-se-poursuit-768x508.jpg 768w, https:\/\/www.site.cdcl.xyz\/wp-content\/uploads\/2023\/03\/A-retenir-Lextinction-de-leclairage-public-se-poursuit-1536x1015.jpg 1536w, https:\/\/www.site.cdcl.xyz\/wp-content\/uploads\/2023\/03\/A-retenir-Lextinction-de-leclairage-public-se-poursuit-2048x1354.jpg 2048w, https:\/\/www.site.cdcl.xyz\/wp-content\/uploads\/2023\/03\/A-retenir-Lextinction-de-leclairage-public-se-poursuit-1200x793.jpg 1200w, https:\/\/www.site.cdcl.xyz\/wp-content\/uploads\/2023\/03\/A-retenir-Lextinction-de-leclairage-public-se-poursuit-1980x1309.jpg 1980w\" sizes=\"auto, (max-width: 580px) 100vw, 580px\"><\/p>\n<p>Voici un article que notre staff est heureuse de r\u00e9v\u00e9ler ici sur notre site.  La th\u00e9matique est \u00ab\u00a0l\u2019arch\u00e9ologie\u00a0\u00bb.<br \/>\nLe titre saisissant (L\u2019extinction de l\u2019\u00e9clairage public se poursuit) est parlant.<\/p>\n<p> Identifi\u00e9 sous le nom \u00abRobin DROMARD\u00bb, le r\u00e9dacteur est connu et fiable pour plusieurs autres articles qu\u2019il a publi\u00e9s sur le web.<\/p>\n<p>Vous pouvez lire ces infos en confiance.<\/p>\n<p>La date d\u2019\u00e9dition est 2023-03-27 17:13:59.<\/p>\n<p>Texte en question : <\/p>\n<div>\n<p id=\"breadcrumbs\" class=\"breadcrumbs\"><span><span>Accueil \u00bb <span>Actualit\u00e9s \u00bb <span>Actu. \u00bb <span class=\"breadcrumb_last\" aria-current=\"page\">L\u2019extinction de l\u2019\u00e9clairage public se poursuit<\/span><\/span><\/span><\/span><\/span><\/p>\n<div class=\"bloc-editor\">\n<p class=\"western\" align=\"justify\"><span style=\"font-size: medium;\"><span class=\"JCzEY ZwRhJd\"> \u00c0 <\/span> partir du jeudi 30 mars 2023, l\u2019\u00e9clairage public des secteurs situ\u00e9s au sud de la voie ferr\u00e9e sera \u00e9teint de 23h \u00e0 6h.<\/span><\/p>\n<p class=\"western\" align=\"justify\"><span style=\"font-size: medium;\">L\u2019extinction de l\u2019\u00e9clairage public a d\u00e9but\u00e9 le 30 octobre 2022 par le secteur nord-ouest de la ville.<\/span><\/p>\n<p class=\"western\" align=\"justify\"><span style=\"font-size: medium;\">Le secteur \u00ab\u00a0sud\u00a0\u00bb de Lons-le-Saunier comprend 447 lampadaires. Le pont Mazier restera allum\u00e9, ainsi que les deux passages-pi\u00e9tons souterrains, Route de Montaigu et gare ferroviaire et routi\u00e8re. Le pont de Macornay sera \u00e9teint. <\/span><\/p>\n<p class=\"western\" align=\"justify\"><span style=\"font-size: medium;\">En parall\u00e8le, afin de r\u00e9duire les d\u00e9penses li\u00e9es \u00e0 la forte hausse du prix de l\u2019\u00e9nergie, la ville de Lons-le-Saunier a engag\u00e9 un vaste chantier de r\u00e9novation des points lumineux.<\/span><\/p>\n<p class=\"western\" align=\"justify\"><span style=\"font-size: medium;\">C\u2019est le cas notamment du centre-ville de Lons-le-Saunier, \u00e9quip\u00e9 de LED, dont l\u2019intensit\u00e9 lumineuse sera prochainement contr\u00f4l\u00e9e \u00e0 distance par l\u2019installation d\u2019un hyperviseur urbain.<\/span><\/p>\n<p class=\"western\" align=\"justify\"><span style=\"font-size: medium;\">La r\u00e9duction de l\u2019\u00e9clairage public et de son co\u00fbt pour la collectivit\u00e9, r\u00e9pond \u00e9galement \u00e0 la probl\u00e9matique de la pollution lumineuse qui impacte la faune et l\u2019environnement.<\/span><\/p>\n<p align=\"justify\"><img decoding=\"async\" loading=\"lazy\" width=\"2560\" height=\"1692\" class=\"alignnone size-full wp-image-27407\" src=\"https:\/\/www.lesgrottesdesaintcezaire.fr\/blog\/wp-content\/uploads\/2023\/03\/Revue-de-presse-web-Lextinction-de-leclairage-public-se.jpg\" alt=\"\"><\/p>\n<\/div>\n<\/div>\n<p>Livres sur un objet \u00e9quivalent:<\/p>\n<p>Une aventure au Caire.,<a href=\"https:\/\/booknode.com\/une_aventure_au_caire_03442511\" target=\"_blank\" rel=\"noopener noreferrer nofollow\">Le livre <\/a><span><\/span>.<\/p>\n<p>Pays d\u2019Islam et monde latin.,<a href=\"https:\/\/www.kobo.com\/de\/fr\/ebook\/pays-d-islam-et-monde-latin\" target=\"_blank\" rel=\"noopener noreferrer nofollow\">Le livre <\/a><span><\/span>.<\/p>\n<p>Ultime espoir.,<a href=\"https:\/\/booknode.com\/ultime_espoir_070688\" target=\"_blank\" rel=\"noopener noreferrer nofollow\">(Disponible) <\/a><span><\/span>.<\/p>\n<p>L\u2019Or de Sparte.,<a href=\"https:\/\/booknode.com\/lor_de_sparte_0219482\" target=\"_blank\" rel=\"noopener noreferrer nofollow\">(la couverture) <\/a><span><\/span>.<\/p>\n<\/div>\n","protected":false},"excerpt":{"rendered":"<p>Voici un article que notre staff est heureuse de r\u00e9v\u00e9ler ici sur notre site. La th\u00e9matique est \u00ab\u00a0l\u2019arch\u00e9ologie\u00a0\u00bb. Le titre saisissant (L\u2019extinction de l\u2019\u00e9clairage public se poursuit) est parlant. Identifi\u00e9 sous le nom \u00abRobin DROMARD\u00bb, le r\u00e9dacteur est connu et fiable pour plusieurs autres articles qu\u2019il a publi\u00e9s sur le web. Vous pouvez lire ces [&hellip;]<\/p>\n","protected":false},"author":3,"featured_media":565,"comment_status":"closed","ping_status":"closed","sticky":false,"template":"","format":"standard","meta":{"footnotes":""},"categories":[2],"tags":[],"class_list":["post-564","post","type-post","status-publish","format-standard","has-post-thumbnail","hentry","category-patrimoine","entry","has-media"],"yoast_head":"<!-- This site is optimized with the Yoast SEO plugin v27.5 - https:\/\/yoast.com\/product\/yoast-seo-wordpress\/ -->\n<title>A retenir  : L\u2019extinction de l\u2019\u00e9clairage public se poursuit - LESGROTTESDESAINTCEZAIRE<\/title>\n<meta name=\"description\" content=\"A retenir  : L\u2019extinction de l\u2019\u00e9clairage public se poursuit article de LESGROTTESDESAINTCEZAIRE\" \/>\n<meta name=\"robots\" content=\"index, follow, max-snippet:-1, max-image-preview:large, max-video-preview:-1\" \/>\n<link rel=\"canonical\" href=\"https:\/\/www.lesgrottesdesaintcezaire.fr\/blog\/a-retenir-lextinction-de-leclairage-public-se-poursuit\/\" \/>\n<meta property=\"og:locale\" content=\"fr_FR\" \/>\n<meta property=\"og:type\" content=\"article\" \/>\n<meta property=\"og:title\" content=\"A retenir  : L\u2019extinction de l\u2019\u00e9clairage public se poursuit - LESGROTTESDESAINTCEZAIRE\" \/>\n<meta property=\"og:description\" content=\"A retenir  : L\u2019extinction de l\u2019\u00e9clairage public se poursuit article de LESGROTTESDESAINTCEZAIRE\" \/>\n<meta property=\"og:url\" content=\"https:\/\/www.lesgrottesdesaintcezaire.fr\/blog\/a-retenir-lextinction-de-leclairage-public-se-poursuit\/\" \/>\n<meta property=\"og:site_name\" content=\"LESGROTTESDESAINTCEZAIRE\" \/>\n<meta property=\"article:published_time\" content=\"2023-03-28T01:04:14+00:00\" \/>\n<meta property=\"og:image\" content=\"https:\/\/www.lesgrottesdesaintcezaire.fr\/blog\/wp-content\/uploads\/2023\/03\/A-retenir-Lextinction-de-leclairage-public-se-poursuit-1024x677-1.jpg\" \/>\n<meta name=\"author\" content=\"Fabienne MOUTON\" \/>\n<meta name=\"twitter:card\" content=\"summary_large_image\" \/>\n<meta name=\"twitter:label1\" content=\"\u00c9crit par\" \/>\n\t<meta name=\"twitter:data1\" content=\"Fabienne MOUTON\" \/>\n\t<meta name=\"twitter:label2\" content=\"Dur\u00e9e de lecture estim\u00e9e\" \/>\n\t<meta name=\"twitter:data2\" content=\"1 minute\" \/>\n<script type=\"application\/ld+json\" class=\"yoast-schema-graph\">{\"@context\":\"https:\\\/\\\/schema.org\",\"@graph\":[{\"@type\":\"Article\",\"@id\":\"https:\\\/\\\/www.lesgrottesdesaintcezaire.fr\\\/blog\\\/a-retenir-lextinction-de-leclairage-public-se-poursuit\\\/#article\",\"isPartOf\":{\"@id\":\"https:\\\/\\\/www.lesgrottesdesaintcezaire.fr\\\/blog\\\/a-retenir-lextinction-de-leclairage-public-se-poursuit\\\/\"},\"author\":{\"name\":\"Fabienne MOUTON\",\"@id\":\"https:\\\/\\\/www.lesgrottesdesaintcezaire.fr\\\/blog\\\/#\\\/schema\\\/person\\\/23d9a2ac249ecb9460a4ebce885adb9b\"},\"headline\":\"A retenir : L\u2019extinction de l\u2019\u00e9clairage public se poursuit\",\"datePublished\":\"2023-03-28T01:04:14+00:00\",\"mainEntityOfPage\":{\"@id\":\"https:\\\/\\\/www.lesgrottesdesaintcezaire.fr\\\/blog\\\/a-retenir-lextinction-de-leclairage-public-se-poursuit\\\/\"},\"wordCount\":299,\"publisher\":{\"@id\":\"https:\\\/\\\/www.lesgrottesdesaintcezaire.fr\\\/blog\\\/#organization\"},\"image\":{\"@id\":\"https:\\\/\\\/www.lesgrottesdesaintcezaire.fr\\\/blog\\\/a-retenir-lextinction-de-leclairage-public-se-poursuit\\\/#primaryimage\"},\"thumbnailUrl\":\"https:\\\/\\\/www.lesgrottesdesaintcezaire.fr\\\/blog\\\/wp-content\\\/uploads\\\/2023\\\/03\\\/A-retenir-Lextinction-de-leclairage-public-se-poursuit-1024x677-1.jpg\",\"articleSection\":[\"Patrimoine:\"],\"inLanguage\":\"fr-FR\"},{\"@type\":\"WebPage\",\"@id\":\"https:\\\/\\\/www.lesgrottesdesaintcezaire.fr\\\/blog\\\/a-retenir-lextinction-de-leclairage-public-se-poursuit\\\/\",\"url\":\"https:\\\/\\\/www.lesgrottesdesaintcezaire.fr\\\/blog\\\/a-retenir-lextinction-de-leclairage-public-se-poursuit\\\/\",\"name\":\"A retenir : L\u2019extinction de l\u2019\u00e9clairage public se poursuit - LESGROTTESDESAINTCEZAIRE\",\"isPartOf\":{\"@id\":\"https:\\\/\\\/www.lesgrottesdesaintcezaire.fr\\\/blog\\\/#website\"},\"primaryImageOfPage\":{\"@id\":\"https:\\\/\\\/www.lesgrottesdesaintcezaire.fr\\\/blog\\\/a-retenir-lextinction-de-leclairage-public-se-poursuit\\\/#primaryimage\"},\"image\":{\"@id\":\"https:\\\/\\\/www.lesgrottesdesaintcezaire.fr\\\/blog\\\/a-retenir-lextinction-de-leclairage-public-se-poursuit\\\/#primaryimage\"},\"thumbnailUrl\":\"https:\\\/\\\/www.lesgrottesdesaintcezaire.fr\\\/blog\\\/wp-content\\\/uploads\\\/2023\\\/03\\\/A-retenir-Lextinction-de-leclairage-public-se-poursuit-1024x677-1.jpg\",\"datePublished\":\"2023-03-28T01:04:14+00:00\",\"description\":\"A retenir : L\u2019extinction de l\u2019\u00e9clairage public se poursuit article de LESGROTTESDESAINTCEZAIRE\",\"breadcrumb\":{\"@id\":\"https:\\\/\\\/www.lesgrottesdesaintcezaire.fr\\\/blog\\\/a-retenir-lextinction-de-leclairage-public-se-poursuit\\\/#breadcrumb\"},\"inLanguage\":\"fr-FR\",\"potentialAction\":[{\"@type\":\"ReadAction\",\"target\":[\"https:\\\/\\\/www.lesgrottesdesaintcezaire.fr\\\/blog\\\/a-retenir-lextinction-de-leclairage-public-se-poursuit\\\/\"]}]},{\"@type\":\"ImageObject\",\"inLanguage\":\"fr-FR\",\"@id\":\"https:\\\/\\\/www.lesgrottesdesaintcezaire.fr\\\/blog\\\/a-retenir-lextinction-de-leclairage-public-se-poursuit\\\/#primaryimage\",\"url\":\"https:\\\/\\\/www.lesgrottesdesaintcezaire.fr\\\/blog\\\/wp-content\\\/uploads\\\/2023\\\/03\\\/A-retenir-Lextinction-de-leclairage-public-se-poursuit-1024x677-1.jpg\",\"contentUrl\":\"https:\\\/\\\/www.lesgrottesdesaintcezaire.fr\\\/blog\\\/wp-content\\\/uploads\\\/2023\\\/03\\\/A-retenir-Lextinction-de-leclairage-public-se-poursuit-1024x677-1.jpg\",\"width\":1024,\"height\":677,\"caption\":\"A retenir Lextinction de leclairage public se poursuit 1024x677 1\"},{\"@type\":\"BreadcrumbList\",\"@id\":\"https:\\\/\\\/www.lesgrottesdesaintcezaire.fr\\\/blog\\\/a-retenir-lextinction-de-leclairage-public-se-poursuit\\\/#breadcrumb\",\"itemListElement\":[{\"@type\":\"ListItem\",\"position\":1,\"name\":\"Accueil\",\"item\":\"https:\\\/\\\/www.lesgrottesdesaintcezaire.fr\\\/blog\\\/\"},{\"@type\":\"ListItem\",\"position\":2,\"name\":\"A retenir : L\u2019extinction de l\u2019\u00e9clairage public se poursuit\"}]},{\"@type\":\"WebSite\",\"@id\":\"https:\\\/\\\/www.lesgrottesdesaintcezaire.fr\\\/blog\\\/#website\",\"url\":\"https:\\\/\\\/www.lesgrottesdesaintcezaire.fr\\\/blog\\\/\",\"name\":\"LESGROTTESDESAINTCEZAIRE\",\"description\":\"Patrimoine: Le site de r\u00e9f\u00e9rence.\",\"publisher\":{\"@id\":\"https:\\\/\\\/www.lesgrottesdesaintcezaire.fr\\\/blog\\\/#organization\"},\"potentialAction\":[{\"@type\":\"SearchAction\",\"target\":{\"@type\":\"EntryPoint\",\"urlTemplate\":\"https:\\\/\\\/www.lesgrottesdesaintcezaire.fr\\\/blog\\\/?s={search_term_string}\"},\"query-input\":{\"@type\":\"PropertyValueSpecification\",\"valueRequired\":true,\"valueName\":\"search_term_string\"}}],\"inLanguage\":\"fr-FR\"},{\"@type\":\"Organization\",\"@id\":\"https:\\\/\\\/www.lesgrottesdesaintcezaire.fr\\\/blog\\\/#organization\",\"name\":\"lesgrottesdesaintcezaire\",\"url\":\"https:\\\/\\\/www.lesgrottesdesaintcezaire.fr\\\/blog\\\/\",\"logo\":{\"@type\":\"ImageObject\",\"inLanguage\":\"fr-FR\",\"@id\":\"https:\\\/\\\/www.lesgrottesdesaintcezaire.fr\\\/blog\\\/#\\\/schema\\\/logo\\\/image\\\/\",\"url\":\"https:\\\/\\\/www.lesgrottesdesaintcezaire.fr\\\/blog\\\/wp-content\\\/uploads\\\/2022\\\/05\\\/logo-2.png\",\"contentUrl\":\"https:\\\/\\\/www.lesgrottesdesaintcezaire.fr\\\/blog\\\/wp-content\\\/uploads\\\/2022\\\/05\\\/logo-2.png\",\"width\":150,\"height\":209,\"caption\":\"lesgrottesdesaintcezaire\"},\"image\":{\"@id\":\"https:\\\/\\\/www.lesgrottesdesaintcezaire.fr\\\/blog\\\/#\\\/schema\\\/logo\\\/image\\\/\"}},{\"@type\":\"Person\",\"@id\":\"https:\\\/\\\/www.lesgrottesdesaintcezaire.fr\\\/blog\\\/#\\\/schema\\\/person\\\/23d9a2ac249ecb9460a4ebce885adb9b\",\"name\":\"Fabienne MOUTON\",\"image\":{\"@type\":\"ImageObject\",\"inLanguage\":\"fr-FR\",\"@id\":\"https:\\\/\\\/secure.gravatar.com\\\/avatar\\\/856d7a14385bb0216de9c5cf9fb1160ddbd11c00be5bb16cfe389b9971309649?s=96&d=mm&r=g\",\"url\":\"https:\\\/\\\/secure.gravatar.com\\\/avatar\\\/856d7a14385bb0216de9c5cf9fb1160ddbd11c00be5bb16cfe389b9971309649?s=96&d=mm&r=g\",\"contentUrl\":\"https:\\\/\\\/secure.gravatar.com\\\/avatar\\\/856d7a14385bb0216de9c5cf9fb1160ddbd11c00be5bb16cfe389b9971309649?s=96&d=mm&r=g\",\"caption\":\"Fabienne MOUTON\"},\"url\":\"https:\\\/\\\/www.lesgrottesdesaintcezaire.fr\\\/blog\\\/author\\\/irefabienne\\\/\"}]}<\/script>\n<!-- \/ Yoast SEO plugin. -->","yoast_head_json":{"title":"A retenir  : L\u2019extinction de l\u2019\u00e9clairage public se poursuit - LESGROTTESDESAINTCEZAIRE","description":"A retenir  : L\u2019extinction de l\u2019\u00e9clairage public se poursuit article de LESGROTTESDESAINTCEZAIRE","robots":{"index":"index","follow":"follow","max-snippet":"max-snippet:-1","max-image-preview":"max-image-preview:large","max-video-preview":"max-video-preview:-1"},"canonical":"https:\/\/www.lesgrottesdesaintcezaire.fr\/blog\/a-retenir-lextinction-de-leclairage-public-se-poursuit\/","og_locale":"fr_FR","og_type":"article","og_title":"A retenir  : L\u2019extinction de l\u2019\u00e9clairage public se poursuit - LESGROTTESDESAINTCEZAIRE","og_description":"A retenir  : L\u2019extinction de l\u2019\u00e9clairage public se poursuit article de LESGROTTESDESAINTCEZAIRE","og_url":"https:\/\/www.lesgrottesdesaintcezaire.fr\/blog\/a-retenir-lextinction-de-leclairage-public-se-poursuit\/","og_site_name":"LESGROTTESDESAINTCEZAIRE","article_published_time":"2023-03-28T01:04:14+00:00","og_image":[{"url":"https:\/\/www.lesgrottesdesaintcezaire.fr\/blog\/wp-content\/uploads\/2023\/03\/A-retenir-Lextinction-de-leclairage-public-se-poursuit-1024x677-1.jpg","type":"","width":"","height":""}],"author":"Fabienne MOUTON","twitter_card":"summary_large_image","twitter_misc":{"\u00c9crit par":"Fabienne MOUTON","Dur\u00e9e de lecture estim\u00e9e":"1 minute"},"schema":{"@context":"https:\/\/schema.org","@graph":[{"@type":"Article","@id":"https:\/\/www.lesgrottesdesaintcezaire.fr\/blog\/a-retenir-lextinction-de-leclairage-public-se-poursuit\/#article","isPartOf":{"@id":"https:\/\/www.lesgrottesdesaintcezaire.fr\/blog\/a-retenir-lextinction-de-leclairage-public-se-poursuit\/"},"author":{"name":"Fabienne MOUTON","@id":"https:\/\/www.lesgrottesdesaintcezaire.fr\/blog\/#\/schema\/person\/23d9a2ac249ecb9460a4ebce885adb9b"},"headline":"A retenir : L\u2019extinction de l\u2019\u00e9clairage public se poursuit","datePublished":"2023-03-28T01:04:14+00:00","mainEntityOfPage":{"@id":"https:\/\/www.lesgrottesdesaintcezaire.fr\/blog\/a-retenir-lextinction-de-leclairage-public-se-poursuit\/"},"wordCount":299,"publisher":{"@id":"https:\/\/www.lesgrottesdesaintcezaire.fr\/blog\/#organization"},"image":{"@id":"https:\/\/www.lesgrottesdesaintcezaire.fr\/blog\/a-retenir-lextinction-de-leclairage-public-se-poursuit\/#primaryimage"},"thumbnailUrl":"https:\/\/www.lesgrottesdesaintcezaire.fr\/blog\/wp-content\/uploads\/2023\/03\/A-retenir-Lextinction-de-leclairage-public-se-poursuit-1024x677-1.jpg","articleSection":["Patrimoine:"],"inLanguage":"fr-FR"},{"@type":"WebPage","@id":"https:\/\/www.lesgrottesdesaintcezaire.fr\/blog\/a-retenir-lextinction-de-leclairage-public-se-poursuit\/","url":"https:\/\/www.lesgrottesdesaintcezaire.fr\/blog\/a-retenir-lextinction-de-leclairage-public-se-poursuit\/","name":"A retenir : L\u2019extinction de l\u2019\u00e9clairage public se poursuit - LESGROTTESDESAINTCEZAIRE","isPartOf":{"@id":"https:\/\/www.lesgrottesdesaintcezaire.fr\/blog\/#website"},"primaryImageOfPage":{"@id":"https:\/\/www.lesgrottesdesaintcezaire.fr\/blog\/a-retenir-lextinction-de-leclairage-public-se-poursuit\/#primaryimage"},"image":{"@id":"https:\/\/www.lesgrottesdesaintcezaire.fr\/blog\/a-retenir-lextinction-de-leclairage-public-se-poursuit\/#primaryimage"},"thumbnailUrl":"https:\/\/www.lesgrottesdesaintcezaire.fr\/blog\/wp-content\/uploads\/2023\/03\/A-retenir-Lextinction-de-leclairage-public-se-poursuit-1024x677-1.jpg","datePublished":"2023-03-28T01:04:14+00:00","description":"A retenir : L\u2019extinction de l\u2019\u00e9clairage public se poursuit article de LESGROTTESDESAINTCEZAIRE","breadcrumb":{"@id":"https:\/\/www.lesgrottesdesaintcezaire.fr\/blog\/a-retenir-lextinction-de-leclairage-public-se-poursuit\/#breadcrumb"},"inLanguage":"fr-FR","potentialAction":[{"@type":"ReadAction","target":["https:\/\/www.lesgrottesdesaintcezaire.fr\/blog\/a-retenir-lextinction-de-leclairage-public-se-poursuit\/"]}]},{"@type":"ImageObject","inLanguage":"fr-FR","@id":"https:\/\/www.lesgrottesdesaintcezaire.fr\/blog\/a-retenir-lextinction-de-leclairage-public-se-poursuit\/#primaryimage","url":"https:\/\/www.lesgrottesdesaintcezaire.fr\/blog\/wp-content\/uploads\/2023\/03\/A-retenir-Lextinction-de-leclairage-public-se-poursuit-1024x677-1.jpg","contentUrl":"https:\/\/www.lesgrottesdesaintcezaire.fr\/blog\/wp-content\/uploads\/2023\/03\/A-retenir-Lextinction-de-leclairage-public-se-poursuit-1024x677-1.jpg","width":1024,"height":677,"caption":"A retenir Lextinction de leclairage public se poursuit 1024x677 1"},{"@type":"BreadcrumbList","@id":"https:\/\/www.lesgrottesdesaintcezaire.fr\/blog\/a-retenir-lextinction-de-leclairage-public-se-poursuit\/#breadcrumb","itemListElement":[{"@type":"ListItem","position":1,"name":"Accueil","item":"https:\/\/www.lesgrottesdesaintcezaire.fr\/blog\/"},{"@type":"ListItem","position":2,"name":"A retenir : L\u2019extinction de l\u2019\u00e9clairage public se poursuit"}]},{"@type":"WebSite","@id":"https:\/\/www.lesgrottesdesaintcezaire.fr\/blog\/#website","url":"https:\/\/www.lesgrottesdesaintcezaire.fr\/blog\/","name":"LESGROTTESDESAINTCEZAIRE","description":"Patrimoine: Le site de r\u00e9f\u00e9rence.","publisher":{"@id":"https:\/\/www.lesgrottesdesaintcezaire.fr\/blog\/#organization"},"potentialAction":[{"@type":"SearchAction","target":{"@type":"EntryPoint","urlTemplate":"https:\/\/www.lesgrottesdesaintcezaire.fr\/blog\/?s={search_term_string}"},"query-input":{"@type":"PropertyValueSpecification","valueRequired":true,"valueName":"search_term_string"}}],"inLanguage":"fr-FR"},{"@type":"Organization","@id":"https:\/\/www.lesgrottesdesaintcezaire.fr\/blog\/#organization","name":"lesgrottesdesaintcezaire","url":"https:\/\/www.lesgrottesdesaintcezaire.fr\/blog\/","logo":{"@type":"ImageObject","inLanguage":"fr-FR","@id":"https:\/\/www.lesgrottesdesaintcezaire.fr\/blog\/#\/schema\/logo\/image\/","url":"https:\/\/www.lesgrottesdesaintcezaire.fr\/blog\/wp-content\/uploads\/2022\/05\/logo-2.png","contentUrl":"https:\/\/www.lesgrottesdesaintcezaire.fr\/blog\/wp-content\/uploads\/2022\/05\/logo-2.png","width":150,"height":209,"caption":"lesgrottesdesaintcezaire"},"image":{"@id":"https:\/\/www.lesgrottesdesaintcezaire.fr\/blog\/#\/schema\/logo\/image\/"}},{"@type":"Person","@id":"https:\/\/www.lesgrottesdesaintcezaire.fr\/blog\/#\/schema\/person\/23d9a2ac249ecb9460a4ebce885adb9b","name":"Fabienne MOUTON","image":{"@type":"ImageObject","inLanguage":"fr-FR","@id":"https:\/\/secure.gravatar.com\/avatar\/856d7a14385bb0216de9c5cf9fb1160ddbd11c00be5bb16cfe389b9971309649?s=96&d=mm&r=g","url":"https:\/\/secure.gravatar.com\/avatar\/856d7a14385bb0216de9c5cf9fb1160ddbd11c00be5bb16cfe389b9971309649?s=96&d=mm&r=g","contentUrl":"https:\/\/secure.gravatar.com\/avatar\/856d7a14385bb0216de9c5cf9fb1160ddbd11c00be5bb16cfe389b9971309649?s=96&d=mm&r=g","caption":"Fabienne MOUTON"},"url":"https:\/\/www.lesgrottesdesaintcezaire.fr\/blog\/author\/irefabienne\/"}]}},"_links":{"self":[{"href":"https:\/\/www.lesgrottesdesaintcezaire.fr\/blog\/wp-json\/wp\/v2\/posts\/564","targetHints":{"allow":["GET"]}}],"collection":[{"href":"https:\/\/www.lesgrottesdesaintcezaire.fr\/blog\/wp-json\/wp\/v2\/posts"}],"about":[{"href":"https:\/\/www.lesgrottesdesaintcezaire.fr\/blog\/wp-json\/wp\/v2\/types\/post"}],"author":[{"embeddable":true,"href":"https:\/\/www.lesgrottesdesaintcezaire.fr\/blog\/wp-json\/wp\/v2\/users\/3"}],"replies":[{"embeddable":true,"href":"https:\/\/www.lesgrottesdesaintcezaire.fr\/blog\/wp-json\/wp\/v2\/comments?post=564"}],"version-history":[{"count":0,"href":"https:\/\/www.lesgrottesdesaintcezaire.fr\/blog\/wp-json\/wp\/v2\/posts\/564\/revisions"}],"wp:featuredmedia":[{"embeddable":true,"href":"https:\/\/www.lesgrottesdesaintcezaire.fr\/blog\/wp-json\/wp\/v2\/media\/565"}],"wp:attachment":[{"href":"https:\/\/www.lesgrottesdesaintcezaire.fr\/blog\/wp-json\/wp\/v2\/media?parent=564"}],"wp:term":[{"taxonomy":"category","embeddable":true,"href":"https:\/\/www.lesgrottesdesaintcezaire.fr\/blog\/wp-json\/wp\/v2\/categories?post=564"},{"taxonomy":"post_tag","embeddable":true,"href":"https:\/\/www.lesgrottesdesaintcezaire.fr\/blog\/wp-json\/wp\/v2\/tags?post=564"}],"curies":[{"name":"wp","href":"https:\/\/api.w.org\/{rel}","templated":true}]}}