{"id":567,"date":"2023-03-29T09:11:26","date_gmt":"2023-03-29T07:11:26","guid":{"rendered":"https:\/\/www.lesgrottesdesaintcezaire.fr\/blog\/sur-le-web-gribouille-a-la-mer-ville-de-vannes\/"},"modified":"2023-03-29T09:11:26","modified_gmt":"2023-03-29T07:11:26","slug":"sur-le-web-gribouille-a-la-mer-ville-de-vannes","status":"publish","type":"post","link":"https:\/\/www.lesgrottesdesaintcezaire.fr\/blog\/sur-le-web-gribouille-a-la-mer-ville-de-vannes\/","title":{"rendered":"Sur le web  : Gribouille \u00e0 la mer | Ville de Vannes"},"content":{"rendered":"<div>\n<p>Ce post ayant pour th\u00e9matique \u00ab\u00a0l\u2019arch\u00e9ologie\u00a0\u00bb circule sur internet, nous avons projet\u00e9 de vous le r\u00e9v\u00e9ler ci-dessous.<\/p>\n<p>Le titre troublant (Gribouille \u00e0 la mer | Ville de Vannes) en dit long.<\/p>\n<p> Annonc\u00e9 sous le nom \u00abOlivier_laudrin\u00bb, le r\u00e9dacteur est connu et fiable pour d\u2019autres papiers qu\u2019il a publi\u00e9s sur internet.<\/p>\n<p>Il n\u2019y a aucune raison de ne pas croire du s\u00e9rieux de ces infos.<\/p>\n<p>Le post a \u00e9t\u00e9 divulgu\u00e9 \u00e0 une date mentionn\u00e9e 2023-03-28 16:33:14.<\/p>\n<div>\n<div>\n<p><strong>Gribouille \u00e0 la mer<\/strong><\/p>\n<p>Gribouille poursuit ses aventures au mus\u00e9e \u00e0 la d\u00e9couverte de la mer : calme ou agit\u00e9e, ensoleill\u00e9e ou brumeuse, les artistes vous transportent dans des atmosph\u00e8res vari\u00e9es.<br \/>\nDes activit\u00e9s sensorielles solliciteront petits et grands dans cette aventure.<\/p>\n<ul>\n<li>Pour les enfants de 3\u00a0\u00e0 4\u00a0ans<\/li>\n<li>\u00c0 10h30<\/li>\n<li>Dur\u00e9e : 1h<\/li>\n<li>Tarif : 4 \u20ac par enfant<\/li>\n<li>Gratuit pour le parent accompagnateur.<\/li>\n<\/ul>\n<p><strong>Le nombre de places est limit\u00e9 par atelier ou animation,\u00a0r\u00e9servations recommand\u00e9es au 02 97 01 63 00 ou musees@mairie-vannes.fr<\/strong><\/p>\n<p><strong>Photo : Henry Moret (1856-1913), <em>Fenaison en Bretagne<\/em>, 1906, huile sur toile \u00a9 Mus\u00e9es de Vannes<\/strong><\/p>\n<\/div>\n<\/div>\n<p>Ce objet apporte des r\u00e9ponses \u00e0 vos recherches vous aimerez beaucoup ces publications :<\/p>\n<p>Tr\u00e9sors de l\u2019arch\u00e9ologie.,<a href=\"https:\/\/www.kobo.com\/de\/fr\/ebook\/tresors-de-l-archeologie\" target=\"_blank\" rel=\"noopener noreferrer nofollow\">Ouvrage <\/a><span><\/span>. A emprunter en biblioth\u00e8que.<\/p>\n<p>Novgorod : histoire et arch\u00e9ologie d\u2019une r\u00e9publique russe m\u00e9di\u00e9vale (970-1478).,<a href=\"https:\/\/www.epagine.fr\/ebook\/9782271138330-novgorod-histoire-et-archeologie-d-une-republique-russe-medievale-970-1478-pierre-gonneau\/\" target=\"_blank\" rel=\"noopener noreferrer nofollow\">Le livre <\/a><span><\/span>.<\/p>\n<p>Tombes oubli\u00e9es.,<a href=\"https:\/\/booknode.com\/tombes_oubliees_03370022\" target=\"_blank\" rel=\"noopener noreferrer nofollow\">Le livre <\/a><span><\/span>. Ouvrage de r\u00e9f\u00e9rence.<\/p>\n<p>Plaisirs coupables, Tome 1 : Les Tr\u00e9sors de Daphn\u00e9.,<a href=\"https:\/\/booknode.com\/plaisirs_coupables_tome_1_les_tresors_de_daphne_074232\" target=\"_blank\" rel=\"noopener noreferrer nofollow\">Le livre <\/a><span><\/span>.<\/p>\n<\/div>\n","protected":false},"excerpt":{"rendered":"<p>Ce post ayant pour th\u00e9matique \u00ab\u00a0l\u2019arch\u00e9ologie\u00a0\u00bb circule sur internet, nous avons projet\u00e9 de vous le r\u00e9v\u00e9ler ci-dessous. Le titre troublant (Gribouille \u00e0 la mer | Ville de Vannes) en dit long. Annonc\u00e9 sous le nom \u00abOlivier_laudrin\u00bb, le r\u00e9dacteur est connu et fiable pour d\u2019autres papiers qu\u2019il a publi\u00e9s sur internet. Il n\u2019y a aucune raison [&hellip;]<\/p>\n","protected":false},"author":3,"featured_media":0,"comment_status":"closed","ping_status":"closed","sticky":false,"template":"","format":"standard","meta":{"footnotes":""},"categories":[2],"tags":[],"class_list":["post-567","post","type-post","status-publish","format-standard","hentry","category-patrimoine","entry"],"yoast_head":"<!-- This site is optimized with the Yoast SEO plugin v27.5 - https:\/\/yoast.com\/product\/yoast-seo-wordpress\/ -->\n<title>Sur le web : Gribouille \u00e0 la mer | Ville de Vannes - LESGROTTESDESAINTCEZAIRE<\/title>\n<meta name=\"description\" content=\"Sur le web : Gribouille \u00e0 la mer | Ville de Vannes article de LESGROTTESDESAINTCEZAIRE\" \/>\n<meta name=\"robots\" content=\"index, follow, max-snippet:-1, max-image-preview:large, max-video-preview:-1\" \/>\n<link rel=\"canonical\" href=\"https:\/\/www.lesgrottesdesaintcezaire.fr\/blog\/sur-le-web-gribouille-a-la-mer-ville-de-vannes\/\" \/>\n<meta property=\"og:locale\" content=\"fr_FR\" \/>\n<meta property=\"og:type\" content=\"article\" \/>\n<meta property=\"og:title\" content=\"Sur le web : Gribouille \u00e0 la mer | Ville de Vannes - LESGROTTESDESAINTCEZAIRE\" \/>\n<meta property=\"og:description\" content=\"Sur le web : Gribouille \u00e0 la mer | Ville de Vannes article de LESGROTTESDESAINTCEZAIRE\" \/>\n<meta property=\"og:url\" content=\"https:\/\/www.lesgrottesdesaintcezaire.fr\/blog\/sur-le-web-gribouille-a-la-mer-ville-de-vannes\/\" \/>\n<meta property=\"og:site_name\" content=\"LESGROTTESDESAINTCEZAIRE\" \/>\n<meta property=\"article:published_time\" content=\"2023-03-29T07:11:26+00:00\" \/>\n<meta name=\"author\" content=\"Fabienne MOUTON\" \/>\n<meta name=\"twitter:card\" content=\"summary_large_image\" \/>\n<meta name=\"twitter:label1\" content=\"\u00c9crit par\" \/>\n\t<meta name=\"twitter:data1\" content=\"Fabienne MOUTON\" \/>\n\t<meta name=\"twitter:label2\" content=\"Dur\u00e9e de lecture estim\u00e9e\" \/>\n\t<meta name=\"twitter:data2\" content=\"1 minute\" \/>\n<script type=\"application\/ld+json\" class=\"yoast-schema-graph\">{\"@context\":\"https:\\\/\\\/schema.org\",\"@graph\":[{\"@type\":\"Article\",\"@id\":\"https:\\\/\\\/www.lesgrottesdesaintcezaire.fr\\\/blog\\\/sur-le-web-gribouille-a-la-mer-ville-de-vannes\\\/#article\",\"isPartOf\":{\"@id\":\"https:\\\/\\\/www.lesgrottesdesaintcezaire.fr\\\/blog\\\/sur-le-web-gribouille-a-la-mer-ville-de-vannes\\\/\"},\"author\":{\"name\":\"Fabienne MOUTON\",\"@id\":\"https:\\\/\\\/www.lesgrottesdesaintcezaire.fr\\\/blog\\\/#\\\/schema\\\/person\\\/23d9a2ac249ecb9460a4ebce885adb9b\"},\"headline\":\"Sur le web : Gribouille \u00e0 la mer | Ville de Vannes\",\"datePublished\":\"2023-03-29T07:11:26+00:00\",\"mainEntityOfPage\":{\"@id\":\"https:\\\/\\\/www.lesgrottesdesaintcezaire.fr\\\/blog\\\/sur-le-web-gribouille-a-la-mer-ville-de-vannes\\\/\"},\"wordCount\":250,\"publisher\":{\"@id\":\"https:\\\/\\\/www.lesgrottesdesaintcezaire.fr\\\/blog\\\/#organization\"},\"articleSection\":[\"Patrimoine:\"],\"inLanguage\":\"fr-FR\"},{\"@type\":\"WebPage\",\"@id\":\"https:\\\/\\\/www.lesgrottesdesaintcezaire.fr\\\/blog\\\/sur-le-web-gribouille-a-la-mer-ville-de-vannes\\\/\",\"url\":\"https:\\\/\\\/www.lesgrottesdesaintcezaire.fr\\\/blog\\\/sur-le-web-gribouille-a-la-mer-ville-de-vannes\\\/\",\"name\":\"Sur le web : Gribouille \u00e0 la mer | Ville de Vannes - LESGROTTESDESAINTCEZAIRE\",\"isPartOf\":{\"@id\":\"https:\\\/\\\/www.lesgrottesdesaintcezaire.fr\\\/blog\\\/#website\"},\"datePublished\":\"2023-03-29T07:11:26+00:00\",\"description\":\"Sur le web : Gribouille \u00e0 la mer | Ville de Vannes article de LESGROTTESDESAINTCEZAIRE\",\"breadcrumb\":{\"@id\":\"https:\\\/\\\/www.lesgrottesdesaintcezaire.fr\\\/blog\\\/sur-le-web-gribouille-a-la-mer-ville-de-vannes\\\/#breadcrumb\"},\"inLanguage\":\"fr-FR\",\"potentialAction\":[{\"@type\":\"ReadAction\",\"target\":[\"https:\\\/\\\/www.lesgrottesdesaintcezaire.fr\\\/blog\\\/sur-le-web-gribouille-a-la-mer-ville-de-vannes\\\/\"]}]},{\"@type\":\"BreadcrumbList\",\"@id\":\"https:\\\/\\\/www.lesgrottesdesaintcezaire.fr\\\/blog\\\/sur-le-web-gribouille-a-la-mer-ville-de-vannes\\\/#breadcrumb\",\"itemListElement\":[{\"@type\":\"ListItem\",\"position\":1,\"name\":\"Accueil\",\"item\":\"https:\\\/\\\/www.lesgrottesdesaintcezaire.fr\\\/blog\\\/\"},{\"@type\":\"ListItem\",\"position\":2,\"name\":\"Sur le web : Gribouille \u00e0 la mer | Ville de Vannes\"}]},{\"@type\":\"WebSite\",\"@id\":\"https:\\\/\\\/www.lesgrottesdesaintcezaire.fr\\\/blog\\\/#website\",\"url\":\"https:\\\/\\\/www.lesgrottesdesaintcezaire.fr\\\/blog\\\/\",\"name\":\"LESGROTTESDESAINTCEZAIRE\",\"description\":\"Patrimoine: Le site de r\u00e9f\u00e9rence.\",\"publisher\":{\"@id\":\"https:\\\/\\\/www.lesgrottesdesaintcezaire.fr\\\/blog\\\/#organization\"},\"potentialAction\":[{\"@type\":\"SearchAction\",\"target\":{\"@type\":\"EntryPoint\",\"urlTemplate\":\"https:\\\/\\\/www.lesgrottesdesaintcezaire.fr\\\/blog\\\/?s={search_term_string}\"},\"query-input\":{\"@type\":\"PropertyValueSpecification\",\"valueRequired\":true,\"valueName\":\"search_term_string\"}}],\"inLanguage\":\"fr-FR\"},{\"@type\":\"Organization\",\"@id\":\"https:\\\/\\\/www.lesgrottesdesaintcezaire.fr\\\/blog\\\/#organization\",\"name\":\"lesgrottesdesaintcezaire\",\"url\":\"https:\\\/\\\/www.lesgrottesdesaintcezaire.fr\\\/blog\\\/\",\"logo\":{\"@type\":\"ImageObject\",\"inLanguage\":\"fr-FR\",\"@id\":\"https:\\\/\\\/www.lesgrottesdesaintcezaire.fr\\\/blog\\\/#\\\/schema\\\/logo\\\/image\\\/\",\"url\":\"https:\\\/\\\/www.lesgrottesdesaintcezaire.fr\\\/blog\\\/wp-content\\\/uploads\\\/2022\\\/05\\\/logo-2.png\",\"contentUrl\":\"https:\\\/\\\/www.lesgrottesdesaintcezaire.fr\\\/blog\\\/wp-content\\\/uploads\\\/2022\\\/05\\\/logo-2.png\",\"width\":150,\"height\":209,\"caption\":\"lesgrottesdesaintcezaire\"},\"image\":{\"@id\":\"https:\\\/\\\/www.lesgrottesdesaintcezaire.fr\\\/blog\\\/#\\\/schema\\\/logo\\\/image\\\/\"}},{\"@type\":\"Person\",\"@id\":\"https:\\\/\\\/www.lesgrottesdesaintcezaire.fr\\\/blog\\\/#\\\/schema\\\/person\\\/23d9a2ac249ecb9460a4ebce885adb9b\",\"name\":\"Fabienne MOUTON\",\"image\":{\"@type\":\"ImageObject\",\"inLanguage\":\"fr-FR\",\"@id\":\"https:\\\/\\\/secure.gravatar.com\\\/avatar\\\/856d7a14385bb0216de9c5cf9fb1160ddbd11c00be5bb16cfe389b9971309649?s=96&d=mm&r=g\",\"url\":\"https:\\\/\\\/secure.gravatar.com\\\/avatar\\\/856d7a14385bb0216de9c5cf9fb1160ddbd11c00be5bb16cfe389b9971309649?s=96&d=mm&r=g\",\"contentUrl\":\"https:\\\/\\\/secure.gravatar.com\\\/avatar\\\/856d7a14385bb0216de9c5cf9fb1160ddbd11c00be5bb16cfe389b9971309649?s=96&d=mm&r=g\",\"caption\":\"Fabienne MOUTON\"},\"url\":\"https:\\\/\\\/www.lesgrottesdesaintcezaire.fr\\\/blog\\\/author\\\/irefabienne\\\/\"}]}<\/script>\n<!-- \/ Yoast SEO plugin. -->","yoast_head_json":{"title":"Sur le web : Gribouille \u00e0 la mer | Ville de Vannes - LESGROTTESDESAINTCEZAIRE","description":"Sur le web : Gribouille \u00e0 la mer | Ville de Vannes article de LESGROTTESDESAINTCEZAIRE","robots":{"index":"index","follow":"follow","max-snippet":"max-snippet:-1","max-image-preview":"max-image-preview:large","max-video-preview":"max-video-preview:-1"},"canonical":"https:\/\/www.lesgrottesdesaintcezaire.fr\/blog\/sur-le-web-gribouille-a-la-mer-ville-de-vannes\/","og_locale":"fr_FR","og_type":"article","og_title":"Sur le web : Gribouille \u00e0 la mer | Ville de Vannes - LESGROTTESDESAINTCEZAIRE","og_description":"Sur le web : Gribouille \u00e0 la mer | Ville de Vannes article de LESGROTTESDESAINTCEZAIRE","og_url":"https:\/\/www.lesgrottesdesaintcezaire.fr\/blog\/sur-le-web-gribouille-a-la-mer-ville-de-vannes\/","og_site_name":"LESGROTTESDESAINTCEZAIRE","article_published_time":"2023-03-29T07:11:26+00:00","author":"Fabienne MOUTON","twitter_card":"summary_large_image","twitter_misc":{"\u00c9crit par":"Fabienne MOUTON","Dur\u00e9e de lecture estim\u00e9e":"1 minute"},"schema":{"@context":"https:\/\/schema.org","@graph":[{"@type":"Article","@id":"https:\/\/www.lesgrottesdesaintcezaire.fr\/blog\/sur-le-web-gribouille-a-la-mer-ville-de-vannes\/#article","isPartOf":{"@id":"https:\/\/www.lesgrottesdesaintcezaire.fr\/blog\/sur-le-web-gribouille-a-la-mer-ville-de-vannes\/"},"author":{"name":"Fabienne MOUTON","@id":"https:\/\/www.lesgrottesdesaintcezaire.fr\/blog\/#\/schema\/person\/23d9a2ac249ecb9460a4ebce885adb9b"},"headline":"Sur le web : Gribouille \u00e0 la mer | Ville de Vannes","datePublished":"2023-03-29T07:11:26+00:00","mainEntityOfPage":{"@id":"https:\/\/www.lesgrottesdesaintcezaire.fr\/blog\/sur-le-web-gribouille-a-la-mer-ville-de-vannes\/"},"wordCount":250,"publisher":{"@id":"https:\/\/www.lesgrottesdesaintcezaire.fr\/blog\/#organization"},"articleSection":["Patrimoine:"],"inLanguage":"fr-FR"},{"@type":"WebPage","@id":"https:\/\/www.lesgrottesdesaintcezaire.fr\/blog\/sur-le-web-gribouille-a-la-mer-ville-de-vannes\/","url":"https:\/\/www.lesgrottesdesaintcezaire.fr\/blog\/sur-le-web-gribouille-a-la-mer-ville-de-vannes\/","name":"Sur le web : Gribouille \u00e0 la mer | Ville de Vannes - LESGROTTESDESAINTCEZAIRE","isPartOf":{"@id":"https:\/\/www.lesgrottesdesaintcezaire.fr\/blog\/#website"},"datePublished":"2023-03-29T07:11:26+00:00","description":"Sur le web : Gribouille \u00e0 la mer | Ville de Vannes article de LESGROTTESDESAINTCEZAIRE","breadcrumb":{"@id":"https:\/\/www.lesgrottesdesaintcezaire.fr\/blog\/sur-le-web-gribouille-a-la-mer-ville-de-vannes\/#breadcrumb"},"inLanguage":"fr-FR","potentialAction":[{"@type":"ReadAction","target":["https:\/\/www.lesgrottesdesaintcezaire.fr\/blog\/sur-le-web-gribouille-a-la-mer-ville-de-vannes\/"]}]},{"@type":"BreadcrumbList","@id":"https:\/\/www.lesgrottesdesaintcezaire.fr\/blog\/sur-le-web-gribouille-a-la-mer-ville-de-vannes\/#breadcrumb","itemListElement":[{"@type":"ListItem","position":1,"name":"Accueil","item":"https:\/\/www.lesgrottesdesaintcezaire.fr\/blog\/"},{"@type":"ListItem","position":2,"name":"Sur le web : Gribouille \u00e0 la mer | Ville de Vannes"}]},{"@type":"WebSite","@id":"https:\/\/www.lesgrottesdesaintcezaire.fr\/blog\/#website","url":"https:\/\/www.lesgrottesdesaintcezaire.fr\/blog\/","name":"LESGROTTESDESAINTCEZAIRE","description":"Patrimoine: Le site de r\u00e9f\u00e9rence.","publisher":{"@id":"https:\/\/www.lesgrottesdesaintcezaire.fr\/blog\/#organization"},"potentialAction":[{"@type":"SearchAction","target":{"@type":"EntryPoint","urlTemplate":"https:\/\/www.lesgrottesdesaintcezaire.fr\/blog\/?s={search_term_string}"},"query-input":{"@type":"PropertyValueSpecification","valueRequired":true,"valueName":"search_term_string"}}],"inLanguage":"fr-FR"},{"@type":"Organization","@id":"https:\/\/www.lesgrottesdesaintcezaire.fr\/blog\/#organization","name":"lesgrottesdesaintcezaire","url":"https:\/\/www.lesgrottesdesaintcezaire.fr\/blog\/","logo":{"@type":"ImageObject","inLanguage":"fr-FR","@id":"https:\/\/www.lesgrottesdesaintcezaire.fr\/blog\/#\/schema\/logo\/image\/","url":"https:\/\/www.lesgrottesdesaintcezaire.fr\/blog\/wp-content\/uploads\/2022\/05\/logo-2.png","contentUrl":"https:\/\/www.lesgrottesdesaintcezaire.fr\/blog\/wp-content\/uploads\/2022\/05\/logo-2.png","width":150,"height":209,"caption":"lesgrottesdesaintcezaire"},"image":{"@id":"https:\/\/www.lesgrottesdesaintcezaire.fr\/blog\/#\/schema\/logo\/image\/"}},{"@type":"Person","@id":"https:\/\/www.lesgrottesdesaintcezaire.fr\/blog\/#\/schema\/person\/23d9a2ac249ecb9460a4ebce885adb9b","name":"Fabienne MOUTON","image":{"@type":"ImageObject","inLanguage":"fr-FR","@id":"https:\/\/secure.gravatar.com\/avatar\/856d7a14385bb0216de9c5cf9fb1160ddbd11c00be5bb16cfe389b9971309649?s=96&d=mm&r=g","url":"https:\/\/secure.gravatar.com\/avatar\/856d7a14385bb0216de9c5cf9fb1160ddbd11c00be5bb16cfe389b9971309649?s=96&d=mm&r=g","contentUrl":"https:\/\/secure.gravatar.com\/avatar\/856d7a14385bb0216de9c5cf9fb1160ddbd11c00be5bb16cfe389b9971309649?s=96&d=mm&r=g","caption":"Fabienne MOUTON"},"url":"https:\/\/www.lesgrottesdesaintcezaire.fr\/blog\/author\/irefabienne\/"}]}},"_links":{"self":[{"href":"https:\/\/www.lesgrottesdesaintcezaire.fr\/blog\/wp-json\/wp\/v2\/posts\/567","targetHints":{"allow":["GET"]}}],"collection":[{"href":"https:\/\/www.lesgrottesdesaintcezaire.fr\/blog\/wp-json\/wp\/v2\/posts"}],"about":[{"href":"https:\/\/www.lesgrottesdesaintcezaire.fr\/blog\/wp-json\/wp\/v2\/types\/post"}],"author":[{"embeddable":true,"href":"https:\/\/www.lesgrottesdesaintcezaire.fr\/blog\/wp-json\/wp\/v2\/users\/3"}],"replies":[{"embeddable":true,"href":"https:\/\/www.lesgrottesdesaintcezaire.fr\/blog\/wp-json\/wp\/v2\/comments?post=567"}],"version-history":[{"count":0,"href":"https:\/\/www.lesgrottesdesaintcezaire.fr\/blog\/wp-json\/wp\/v2\/posts\/567\/revisions"}],"wp:attachment":[{"href":"https:\/\/www.lesgrottesdesaintcezaire.fr\/blog\/wp-json\/wp\/v2\/media?parent=567"}],"wp:term":[{"taxonomy":"category","embeddable":true,"href":"https:\/\/www.lesgrottesdesaintcezaire.fr\/blog\/wp-json\/wp\/v2\/categories?post=567"},{"taxonomy":"post_tag","embeddable":true,"href":"https:\/\/www.lesgrottesdesaintcezaire.fr\/blog\/wp-json\/wp\/v2\/tags?post=567"}],"curies":[{"name":"wp","href":"https:\/\/api.w.org\/{rel}","templated":true}]}}