{"id":570,"date":"2023-03-31T21:34:17","date_gmt":"2023-03-31T19:34:17","guid":{"rendered":"https:\/\/www.lesgrottesdesaintcezaire.fr\/blog\/a-retenir-decouverte-de-lestran-dans-le-golfe-du-morbihan\/"},"modified":"2023-03-31T21:34:17","modified_gmt":"2023-03-31T19:34:17","slug":"a-retenir-decouverte-de-lestran-dans-le-golfe-du-morbihan","status":"publish","type":"post","link":"https:\/\/www.lesgrottesdesaintcezaire.fr\/blog\/a-retenir-decouverte-de-lestran-dans-le-golfe-du-morbihan\/","title":{"rendered":"A retenir   : D\u00e9couverte de l\u2019estran dans le Golfe du Morbihan"},"content":{"rendered":"<div>\n<p>J\u2019ai trouv\u00e9 un \u00e9ditorial sur le web dont la th\u00e9matique est \u00abl\u2019arch\u00e9ologie\u00bb.<\/p>\n<p>Le titre  (D\u00e9couverte de l\u2019estran dans le Golfe du Morbihan) est parlant.<\/p>\n<p>Le journaliste (identifi\u00e9 sous la signature  admin_vannes) est connu et fiable.<\/p>\n<p>Vous pouvez de ce fait faire confiance aux r\u00e9v\u00e9lations qu\u2019il donne.<\/p>\n<p>Sachez que la date d\u2019\u00e9dition est 2023-03-31 12:21:17.<\/p>\n<p>Texte  : <\/p>\n<div>\n<div>\n<p>D\u00e9couverte de ce qu\u2019est l\u2019estran dans le Golfe du Morbihan<br \/>\nLe jeudi 4\u00a0mai de 9h45 \u00e0 11h45<br \/>\nDur\u00e9e\u00a0: 2h<\/p>\n<p>Lieu\u00a0: Au passage de l\u2019\u00eele Berder, Larmor Baden<\/p>\n<p>\nSur inscription au 02\u00a097\u00a062\u00a059\u00a015 ou maison.nature@mairie-vannes.fr<br \/>\nTarif adulte\u00a0: 6\u00a0\u20ac (vannetais) ; 8\u00a0\u20ac (non vannetais)<\/p>\n<\/div>\n<\/div>\n<p>Ouvrages sur le m\u00eame th\u00e8me:<\/p>\n<p>Raison et foi ; arch\u00e9ologie d\u2019une crise d\u2019Albert le Grand \u00e0 Jean-Paul II.,<a href=\"https:\/\/www.epagine.fr\/ebook\/9782021381054-raison-et-foi-archeologie-d-une-crise-d-albert-le-grand-a-jean-paul-ii-alain-de-libera\/\" target=\"_blank\" rel=\"noopener noreferrer nofollow\">Ouvrage <\/a><span><\/span>.<\/p>\n<p>Mythologie positiviste et canc\u00e9risation \u00e9pist\u00e9mologique ; une arch\u00e9ologie des impostures m\u00e9thodologiques.,<a href=\"https:\/\/www.epagine.fr\/ebook\/9782140016639-mythologie-positiviste-et-cancerisation-epistemologique-une-archeologie-des-impostures-methodologiques-lune-roc-pierre-louis\/\" target=\"_blank\" rel=\"noopener noreferrer nofollow\">Ouvrage <\/a><span><\/span>.<\/p>\n<p>Pretre anglais contre Henri IV arch\u00e9ologie d\u2019une haine religieuse.,<a href=\"https:\/\/www.epagine.fr\/ebook\/9782296806689-un-pretre-anglais-contre-henri-iv-francois-valerian\/\" target=\"_blank\" rel=\"noopener noreferrer nofollow\">A voir et \u00e0 lire. <\/a><span><\/span>. Disponible sur internet.<\/p>\n<p>Mines et pouvoir au Moyen \u00c2ge.,<a href=\"https:\/\/www.kobo.com\/de\/fr\/ebook\/mines-et-pouvoir-au-moyen-age\" target=\"_blank\" rel=\"noopener noreferrer nofollow\">(Disponible) <\/a><span><\/span>. Disponible chez votre libraire.<\/p>\n<\/div>\n","protected":false},"excerpt":{"rendered":"<p>J\u2019ai trouv\u00e9 un \u00e9ditorial sur le web dont la th\u00e9matique est \u00abl\u2019arch\u00e9ologie\u00bb. Le titre (D\u00e9couverte de l\u2019estran dans le Golfe du Morbihan) est parlant. Le journaliste (identifi\u00e9 sous la signature admin_vannes) est connu et fiable. Vous pouvez de ce fait faire confiance aux r\u00e9v\u00e9lations qu\u2019il donne. Sachez que la date d\u2019\u00e9dition est 2023-03-31 12:21:17. Texte [&hellip;]<\/p>\n","protected":false},"author":3,"featured_media":0,"comment_status":"closed","ping_status":"closed","sticky":false,"template":"","format":"standard","meta":{"footnotes":""},"categories":[2],"tags":[],"class_list":["post-570","post","type-post","status-publish","format-standard","hentry","category-patrimoine","entry"],"yoast_head":"<!-- This site is optimized with the Yoast SEO plugin v27.5 - https:\/\/yoast.com\/product\/yoast-seo-wordpress\/ -->\n<title>A retenir  : D\u00e9couverte de l\u2019estran dans le Golfe du Morbihan - LESGROTTESDESAINTCEZAIRE<\/title>\n<meta name=\"description\" content=\"A retenir  : D\u00e9couverte de l\u2019estran dans le Golfe du Morbihan article de LESGROTTESDESAINTCEZAIRE\" \/>\n<meta name=\"robots\" content=\"index, follow, max-snippet:-1, max-image-preview:large, max-video-preview:-1\" \/>\n<link rel=\"canonical\" href=\"https:\/\/www.lesgrottesdesaintcezaire.fr\/blog\/a-retenir-decouverte-de-lestran-dans-le-golfe-du-morbihan\/\" \/>\n<meta property=\"og:locale\" content=\"fr_FR\" \/>\n<meta property=\"og:type\" content=\"article\" \/>\n<meta property=\"og:title\" content=\"A retenir  : D\u00e9couverte de l\u2019estran dans le Golfe du Morbihan - LESGROTTESDESAINTCEZAIRE\" \/>\n<meta property=\"og:description\" content=\"A retenir  : D\u00e9couverte de l\u2019estran dans le Golfe du Morbihan article de LESGROTTESDESAINTCEZAIRE\" \/>\n<meta property=\"og:url\" content=\"https:\/\/www.lesgrottesdesaintcezaire.fr\/blog\/a-retenir-decouverte-de-lestran-dans-le-golfe-du-morbihan\/\" \/>\n<meta property=\"og:site_name\" content=\"LESGROTTESDESAINTCEZAIRE\" \/>\n<meta property=\"article:published_time\" content=\"2023-03-31T19:34:17+00:00\" \/>\n<meta name=\"author\" content=\"Fabienne MOUTON\" \/>\n<meta name=\"twitter:card\" content=\"summary_large_image\" \/>\n<meta name=\"twitter:label1\" content=\"\u00c9crit par\" \/>\n\t<meta name=\"twitter:data1\" content=\"Fabienne MOUTON\" \/>\n\t<meta name=\"twitter:label2\" content=\"Dur\u00e9e de lecture estim\u00e9e\" \/>\n\t<meta name=\"twitter:data2\" content=\"1 minute\" \/>\n<script type=\"application\/ld+json\" class=\"yoast-schema-graph\">{\"@context\":\"https:\\\/\\\/schema.org\",\"@graph\":[{\"@type\":\"Article\",\"@id\":\"https:\\\/\\\/www.lesgrottesdesaintcezaire.fr\\\/blog\\\/a-retenir-decouverte-de-lestran-dans-le-golfe-du-morbihan\\\/#article\",\"isPartOf\":{\"@id\":\"https:\\\/\\\/www.lesgrottesdesaintcezaire.fr\\\/blog\\\/a-retenir-decouverte-de-lestran-dans-le-golfe-du-morbihan\\\/\"},\"author\":{\"name\":\"Fabienne MOUTON\",\"@id\":\"https:\\\/\\\/www.lesgrottesdesaintcezaire.fr\\\/blog\\\/#\\\/schema\\\/person\\\/23d9a2ac249ecb9460a4ebce885adb9b\"},\"headline\":\"A retenir : D\u00e9couverte de l\u2019estran dans le Golfe du Morbihan\",\"datePublished\":\"2023-03-31T19:34:17+00:00\",\"mainEntityOfPage\":{\"@id\":\"https:\\\/\\\/www.lesgrottesdesaintcezaire.fr\\\/blog\\\/a-retenir-decouverte-de-lestran-dans-le-golfe-du-morbihan\\\/\"},\"wordCount\":188,\"publisher\":{\"@id\":\"https:\\\/\\\/www.lesgrottesdesaintcezaire.fr\\\/blog\\\/#organization\"},\"articleSection\":[\"Patrimoine:\"],\"inLanguage\":\"fr-FR\"},{\"@type\":\"WebPage\",\"@id\":\"https:\\\/\\\/www.lesgrottesdesaintcezaire.fr\\\/blog\\\/a-retenir-decouverte-de-lestran-dans-le-golfe-du-morbihan\\\/\",\"url\":\"https:\\\/\\\/www.lesgrottesdesaintcezaire.fr\\\/blog\\\/a-retenir-decouverte-de-lestran-dans-le-golfe-du-morbihan\\\/\",\"name\":\"A retenir : D\u00e9couverte de l\u2019estran dans le Golfe du Morbihan - LESGROTTESDESAINTCEZAIRE\",\"isPartOf\":{\"@id\":\"https:\\\/\\\/www.lesgrottesdesaintcezaire.fr\\\/blog\\\/#website\"},\"datePublished\":\"2023-03-31T19:34:17+00:00\",\"description\":\"A retenir : D\u00e9couverte de l\u2019estran dans le Golfe du Morbihan article de LESGROTTESDESAINTCEZAIRE\",\"breadcrumb\":{\"@id\":\"https:\\\/\\\/www.lesgrottesdesaintcezaire.fr\\\/blog\\\/a-retenir-decouverte-de-lestran-dans-le-golfe-du-morbihan\\\/#breadcrumb\"},\"inLanguage\":\"fr-FR\",\"potentialAction\":[{\"@type\":\"ReadAction\",\"target\":[\"https:\\\/\\\/www.lesgrottesdesaintcezaire.fr\\\/blog\\\/a-retenir-decouverte-de-lestran-dans-le-golfe-du-morbihan\\\/\"]}]},{\"@type\":\"BreadcrumbList\",\"@id\":\"https:\\\/\\\/www.lesgrottesdesaintcezaire.fr\\\/blog\\\/a-retenir-decouverte-de-lestran-dans-le-golfe-du-morbihan\\\/#breadcrumb\",\"itemListElement\":[{\"@type\":\"ListItem\",\"position\":1,\"name\":\"Accueil\",\"item\":\"https:\\\/\\\/www.lesgrottesdesaintcezaire.fr\\\/blog\\\/\"},{\"@type\":\"ListItem\",\"position\":2,\"name\":\"A retenir : D\u00e9couverte de l\u2019estran dans le Golfe du Morbihan\"}]},{\"@type\":\"WebSite\",\"@id\":\"https:\\\/\\\/www.lesgrottesdesaintcezaire.fr\\\/blog\\\/#website\",\"url\":\"https:\\\/\\\/www.lesgrottesdesaintcezaire.fr\\\/blog\\\/\",\"name\":\"LESGROTTESDESAINTCEZAIRE\",\"description\":\"Patrimoine: Le site de r\u00e9f\u00e9rence.\",\"publisher\":{\"@id\":\"https:\\\/\\\/www.lesgrottesdesaintcezaire.fr\\\/blog\\\/#organization\"},\"potentialAction\":[{\"@type\":\"SearchAction\",\"target\":{\"@type\":\"EntryPoint\",\"urlTemplate\":\"https:\\\/\\\/www.lesgrottesdesaintcezaire.fr\\\/blog\\\/?s={search_term_string}\"},\"query-input\":{\"@type\":\"PropertyValueSpecification\",\"valueRequired\":true,\"valueName\":\"search_term_string\"}}],\"inLanguage\":\"fr-FR\"},{\"@type\":\"Organization\",\"@id\":\"https:\\\/\\\/www.lesgrottesdesaintcezaire.fr\\\/blog\\\/#organization\",\"name\":\"lesgrottesdesaintcezaire\",\"url\":\"https:\\\/\\\/www.lesgrottesdesaintcezaire.fr\\\/blog\\\/\",\"logo\":{\"@type\":\"ImageObject\",\"inLanguage\":\"fr-FR\",\"@id\":\"https:\\\/\\\/www.lesgrottesdesaintcezaire.fr\\\/blog\\\/#\\\/schema\\\/logo\\\/image\\\/\",\"url\":\"https:\\\/\\\/www.lesgrottesdesaintcezaire.fr\\\/blog\\\/wp-content\\\/uploads\\\/2022\\\/05\\\/logo-2.png\",\"contentUrl\":\"https:\\\/\\\/www.lesgrottesdesaintcezaire.fr\\\/blog\\\/wp-content\\\/uploads\\\/2022\\\/05\\\/logo-2.png\",\"width\":150,\"height\":209,\"caption\":\"lesgrottesdesaintcezaire\"},\"image\":{\"@id\":\"https:\\\/\\\/www.lesgrottesdesaintcezaire.fr\\\/blog\\\/#\\\/schema\\\/logo\\\/image\\\/\"}},{\"@type\":\"Person\",\"@id\":\"https:\\\/\\\/www.lesgrottesdesaintcezaire.fr\\\/blog\\\/#\\\/schema\\\/person\\\/23d9a2ac249ecb9460a4ebce885adb9b\",\"name\":\"Fabienne MOUTON\",\"image\":{\"@type\":\"ImageObject\",\"inLanguage\":\"fr-FR\",\"@id\":\"https:\\\/\\\/secure.gravatar.com\\\/avatar\\\/856d7a14385bb0216de9c5cf9fb1160ddbd11c00be5bb16cfe389b9971309649?s=96&d=mm&r=g\",\"url\":\"https:\\\/\\\/secure.gravatar.com\\\/avatar\\\/856d7a14385bb0216de9c5cf9fb1160ddbd11c00be5bb16cfe389b9971309649?s=96&d=mm&r=g\",\"contentUrl\":\"https:\\\/\\\/secure.gravatar.com\\\/avatar\\\/856d7a14385bb0216de9c5cf9fb1160ddbd11c00be5bb16cfe389b9971309649?s=96&d=mm&r=g\",\"caption\":\"Fabienne MOUTON\"},\"url\":\"https:\\\/\\\/www.lesgrottesdesaintcezaire.fr\\\/blog\\\/author\\\/irefabienne\\\/\"}]}<\/script>\n<!-- \/ Yoast SEO plugin. -->","yoast_head_json":{"title":"A retenir  : D\u00e9couverte de l\u2019estran dans le Golfe du Morbihan - LESGROTTESDESAINTCEZAIRE","description":"A retenir  : D\u00e9couverte de l\u2019estran dans le Golfe du Morbihan article de LESGROTTESDESAINTCEZAIRE","robots":{"index":"index","follow":"follow","max-snippet":"max-snippet:-1","max-image-preview":"max-image-preview:large","max-video-preview":"max-video-preview:-1"},"canonical":"https:\/\/www.lesgrottesdesaintcezaire.fr\/blog\/a-retenir-decouverte-de-lestran-dans-le-golfe-du-morbihan\/","og_locale":"fr_FR","og_type":"article","og_title":"A retenir  : D\u00e9couverte de l\u2019estran dans le Golfe du Morbihan - LESGROTTESDESAINTCEZAIRE","og_description":"A retenir  : D\u00e9couverte de l\u2019estran dans le Golfe du Morbihan article de LESGROTTESDESAINTCEZAIRE","og_url":"https:\/\/www.lesgrottesdesaintcezaire.fr\/blog\/a-retenir-decouverte-de-lestran-dans-le-golfe-du-morbihan\/","og_site_name":"LESGROTTESDESAINTCEZAIRE","article_published_time":"2023-03-31T19:34:17+00:00","author":"Fabienne MOUTON","twitter_card":"summary_large_image","twitter_misc":{"\u00c9crit par":"Fabienne MOUTON","Dur\u00e9e de lecture estim\u00e9e":"1 minute"},"schema":{"@context":"https:\/\/schema.org","@graph":[{"@type":"Article","@id":"https:\/\/www.lesgrottesdesaintcezaire.fr\/blog\/a-retenir-decouverte-de-lestran-dans-le-golfe-du-morbihan\/#article","isPartOf":{"@id":"https:\/\/www.lesgrottesdesaintcezaire.fr\/blog\/a-retenir-decouverte-de-lestran-dans-le-golfe-du-morbihan\/"},"author":{"name":"Fabienne MOUTON","@id":"https:\/\/www.lesgrottesdesaintcezaire.fr\/blog\/#\/schema\/person\/23d9a2ac249ecb9460a4ebce885adb9b"},"headline":"A retenir : D\u00e9couverte de l\u2019estran dans le Golfe du Morbihan","datePublished":"2023-03-31T19:34:17+00:00","mainEntityOfPage":{"@id":"https:\/\/www.lesgrottesdesaintcezaire.fr\/blog\/a-retenir-decouverte-de-lestran-dans-le-golfe-du-morbihan\/"},"wordCount":188,"publisher":{"@id":"https:\/\/www.lesgrottesdesaintcezaire.fr\/blog\/#organization"},"articleSection":["Patrimoine:"],"inLanguage":"fr-FR"},{"@type":"WebPage","@id":"https:\/\/www.lesgrottesdesaintcezaire.fr\/blog\/a-retenir-decouverte-de-lestran-dans-le-golfe-du-morbihan\/","url":"https:\/\/www.lesgrottesdesaintcezaire.fr\/blog\/a-retenir-decouverte-de-lestran-dans-le-golfe-du-morbihan\/","name":"A retenir : D\u00e9couverte de l\u2019estran dans le Golfe du Morbihan - LESGROTTESDESAINTCEZAIRE","isPartOf":{"@id":"https:\/\/www.lesgrottesdesaintcezaire.fr\/blog\/#website"},"datePublished":"2023-03-31T19:34:17+00:00","description":"A retenir : D\u00e9couverte de l\u2019estran dans le Golfe du Morbihan article de LESGROTTESDESAINTCEZAIRE","breadcrumb":{"@id":"https:\/\/www.lesgrottesdesaintcezaire.fr\/blog\/a-retenir-decouverte-de-lestran-dans-le-golfe-du-morbihan\/#breadcrumb"},"inLanguage":"fr-FR","potentialAction":[{"@type":"ReadAction","target":["https:\/\/www.lesgrottesdesaintcezaire.fr\/blog\/a-retenir-decouverte-de-lestran-dans-le-golfe-du-morbihan\/"]}]},{"@type":"BreadcrumbList","@id":"https:\/\/www.lesgrottesdesaintcezaire.fr\/blog\/a-retenir-decouverte-de-lestran-dans-le-golfe-du-morbihan\/#breadcrumb","itemListElement":[{"@type":"ListItem","position":1,"name":"Accueil","item":"https:\/\/www.lesgrottesdesaintcezaire.fr\/blog\/"},{"@type":"ListItem","position":2,"name":"A retenir : D\u00e9couverte de l\u2019estran dans le Golfe du Morbihan"}]},{"@type":"WebSite","@id":"https:\/\/www.lesgrottesdesaintcezaire.fr\/blog\/#website","url":"https:\/\/www.lesgrottesdesaintcezaire.fr\/blog\/","name":"LESGROTTESDESAINTCEZAIRE","description":"Patrimoine: Le site de r\u00e9f\u00e9rence.","publisher":{"@id":"https:\/\/www.lesgrottesdesaintcezaire.fr\/blog\/#organization"},"potentialAction":[{"@type":"SearchAction","target":{"@type":"EntryPoint","urlTemplate":"https:\/\/www.lesgrottesdesaintcezaire.fr\/blog\/?s={search_term_string}"},"query-input":{"@type":"PropertyValueSpecification","valueRequired":true,"valueName":"search_term_string"}}],"inLanguage":"fr-FR"},{"@type":"Organization","@id":"https:\/\/www.lesgrottesdesaintcezaire.fr\/blog\/#organization","name":"lesgrottesdesaintcezaire","url":"https:\/\/www.lesgrottesdesaintcezaire.fr\/blog\/","logo":{"@type":"ImageObject","inLanguage":"fr-FR","@id":"https:\/\/www.lesgrottesdesaintcezaire.fr\/blog\/#\/schema\/logo\/image\/","url":"https:\/\/www.lesgrottesdesaintcezaire.fr\/blog\/wp-content\/uploads\/2022\/05\/logo-2.png","contentUrl":"https:\/\/www.lesgrottesdesaintcezaire.fr\/blog\/wp-content\/uploads\/2022\/05\/logo-2.png","width":150,"height":209,"caption":"lesgrottesdesaintcezaire"},"image":{"@id":"https:\/\/www.lesgrottesdesaintcezaire.fr\/blog\/#\/schema\/logo\/image\/"}},{"@type":"Person","@id":"https:\/\/www.lesgrottesdesaintcezaire.fr\/blog\/#\/schema\/person\/23d9a2ac249ecb9460a4ebce885adb9b","name":"Fabienne MOUTON","image":{"@type":"ImageObject","inLanguage":"fr-FR","@id":"https:\/\/secure.gravatar.com\/avatar\/856d7a14385bb0216de9c5cf9fb1160ddbd11c00be5bb16cfe389b9971309649?s=96&d=mm&r=g","url":"https:\/\/secure.gravatar.com\/avatar\/856d7a14385bb0216de9c5cf9fb1160ddbd11c00be5bb16cfe389b9971309649?s=96&d=mm&r=g","contentUrl":"https:\/\/secure.gravatar.com\/avatar\/856d7a14385bb0216de9c5cf9fb1160ddbd11c00be5bb16cfe389b9971309649?s=96&d=mm&r=g","caption":"Fabienne MOUTON"},"url":"https:\/\/www.lesgrottesdesaintcezaire.fr\/blog\/author\/irefabienne\/"}]}},"_links":{"self":[{"href":"https:\/\/www.lesgrottesdesaintcezaire.fr\/blog\/wp-json\/wp\/v2\/posts\/570","targetHints":{"allow":["GET"]}}],"collection":[{"href":"https:\/\/www.lesgrottesdesaintcezaire.fr\/blog\/wp-json\/wp\/v2\/posts"}],"about":[{"href":"https:\/\/www.lesgrottesdesaintcezaire.fr\/blog\/wp-json\/wp\/v2\/types\/post"}],"author":[{"embeddable":true,"href":"https:\/\/www.lesgrottesdesaintcezaire.fr\/blog\/wp-json\/wp\/v2\/users\/3"}],"replies":[{"embeddable":true,"href":"https:\/\/www.lesgrottesdesaintcezaire.fr\/blog\/wp-json\/wp\/v2\/comments?post=570"}],"version-history":[{"count":0,"href":"https:\/\/www.lesgrottesdesaintcezaire.fr\/blog\/wp-json\/wp\/v2\/posts\/570\/revisions"}],"wp:attachment":[{"href":"https:\/\/www.lesgrottesdesaintcezaire.fr\/blog\/wp-json\/wp\/v2\/media?parent=570"}],"wp:term":[{"taxonomy":"category","embeddable":true,"href":"https:\/\/www.lesgrottesdesaintcezaire.fr\/blog\/wp-json\/wp\/v2\/categories?post=570"},{"taxonomy":"post_tag","embeddable":true,"href":"https:\/\/www.lesgrottesdesaintcezaire.fr\/blog\/wp-json\/wp\/v2\/tags?post=570"}],"curies":[{"name":"wp","href":"https:\/\/api.w.org\/{rel}","templated":true}]}}