{"id":584,"date":"2023-04-20T15:09:28","date_gmt":"2023-04-20T13:09:28","guid":{"rendered":"https:\/\/www.lesgrottesdesaintcezaire.fr\/blog\/information-pour-vous-fils-de-la-cote-de-jacques-de-thezac\/"},"modified":"2023-04-20T15:09:28","modified_gmt":"2023-04-20T13:09:28","slug":"information-pour-vous-fils-de-la-cote-de-jacques-de-thezac","status":"publish","type":"post","link":"https:\/\/www.lesgrottesdesaintcezaire.fr\/blog\/information-pour-vous-fils-de-la-cote-de-jacques-de-thezac\/","title":{"rendered":"Information pour vous  : Fils de la c\u00f4te de Jacques de Th\u00e9zac"},"content":{"rendered":"<div>\n<p>Voici un papier que nous sommes heureux de diffuser ici sur notre blog.  Le sujet est \u00ab\u00a0l\u2019arch\u00e9ologie\u00a0\u00bb.<br \/>\nSon titre s\u00e9duisant (Fils de la c\u00f4te de Jacques de Th\u00e9zac) r\u00e9sume tout l\u2019encart.<\/p>\n<p>Sachez que le r\u00e9dacteur (pr\u00e9sent\u00e9 sous le nom  Olivier_laudrin) est reconnu comme quelqu\u2019un de s\u00e9rieux pour plusieurs autres textes qu\u2019il a publi\u00e9s sur internet.<\/p>\n<p>Les informations concern\u00e9es sont par cons\u00e9quent pr\u00e9sum\u00e9es v\u00e9ritables.<\/p>\n<p>Texte original mentionn\u00e9 : <\/p>\n<div>\n<div>\n<h3><em>Fils de la c\u00f4te<\/em>\u00a0<\/h3>\n<p><strong>Jacques de Th\u00e9zac <\/strong>f\u00fbt l\u2019acteur majeur de l\u2019am\u00e9lioration des conditions de vie des marins professionnels, \u00e0 travers la cr\u00e9ation des Abris du Marin. En 1899, il cr\u00e9a l\u2019Almanach du marin breton dont le but est d\u2019apporter instruction et divertissement aux marins, puis en 1908, il fonda l\u2019\u0152uvre des Abris du Marin. Passionn\u00e9 de photographie, il r\u00e9alisa, gr\u00e2ce \u00e0 son sens de l\u2019observation et \u00e0 son amour du milieu maritime, de v\u00e9ritables reportages sur la vie des marins p\u00eacheurs du d\u00e9but du XXe si\u00e8cle.<\/p>\n<p><strong>L\u2019exposition t\u00e9moigne,<\/strong> \u00e0 travers 37 clich\u00e9s restaur\u00e9s, de la vie quotidienne des enfants de p\u00eacheurs : sc\u00e8nes de jeux, courses de natation, cours de secourisme, de radiophonie, apprentissage de la navigation, de la godille\u2026La vie de ces marins en devenir \u00e9tait, d\u00e8s leur plus jeune \u00e2ge, tourn\u00e9e vers la mer et ses apprentissages. A 6 ans, le port du b\u00e2chis, de la vareuse et des sabots de bois les faisait ressembler physiquement aux adultes. Il fallait grandir, vite, apprendre l\u2019essentiel pour \u00eatre utile et productif dans le cercle familial.<\/p>\n<p><strong>L\u2019\u0152uvre photographique de \u00ab Jacques de Th\u00e9zac \u00bb,<\/strong> un ensemble de plaques de verre n\u00e9gatives et positives, a \u00e9t\u00e9 retrouv\u00e9 dans un grenier et acquis en 1989 par le Mus\u00e9e D\u00e9partemental Breton, puis restaur\u00e9 pour pallier aux probl\u00e8mes de d\u00e9collement des \u00e9mulsions. Le Fonds de dotation du Marin Breton poursuit la restauration de ce fonds photographique Jacques de Th\u00e9zac, archiv\u00e9 \u00e0 Quimper et qui compte plus de 4000 plaques de verre. Cette exposition en est l\u2019illustration concr\u00e8te.<\/p>\n<p><strong>En ext\u00e9rieur et gratuit<\/strong><\/p>\n<\/div>\n<\/div>\n<p>Ce propos apporte des r\u00e9ponses \u00e0 vos recherches vous aimerez beaucoup ces ouvrages:<\/p>\n<p>Un coin de Haute-Provence, C\u00e9reste au cours des si\u00e8cles : histoire, art, arch\u00e9ologie.,<a href=\"https:\/\/www.epagine.fr\/ebook\/9782307335832-un-coin-de-haute-provence-cereste-au-cours-des-siecles-histoire-art-archeologie-helia-vigne-d-octon\/\" target=\"_blank\" rel=\"noopener noreferrer nofollow\">(la couverture) <\/a><span><\/span>.<\/p>\n<p>Note sur le monument des sources de la Seine \u2013 Lue \u00e0 la Soci\u00e9t\u00e9 parisienne d\u2019arch\u00e9ologie et d\u2019histoire.,<a href=\"https:\/\/www.kobo.com\/de\/fr\/ebook\/note-sur-le-monument-des-sources-de-la-seine-lue-a-la-societe-parisienne-d-archeologie-et-d-histoire\" target=\"_blank\" rel=\"noopener noreferrer nofollow\">Le livre <\/a><span><\/span>. Ouvrage de r\u00e9f\u00e9rence.<\/p>\n<p>Pyramide.,<a href=\"https:\/\/booknode.com\/pyramide_01332845\" target=\"_blank\" rel=\"noopener noreferrer nofollow\">Le livre <\/a><span><\/span>.<\/p>\n<p>National Geographic, arch\u00e9ologie: Chich\u00e9n Itz\u00e1.,<a href=\"https:\/\/booknode.com\/national_geographic_archeologie_chichen_itza_02667973\" target=\"_blank\" rel=\"noopener noreferrer nofollow\">Clicker Ici <\/a><span><\/span>. Disponible dans toutes les bonnes biblioth\u00e8ques de votre d\u00e9partement.<\/p>\n<\/div>\n","protected":false},"excerpt":{"rendered":"<p>Voici un papier que nous sommes heureux de diffuser ici sur notre blog. Le sujet est \u00ab\u00a0l\u2019arch\u00e9ologie\u00a0\u00bb. Son titre s\u00e9duisant (Fils de la c\u00f4te de Jacques de Th\u00e9zac) r\u00e9sume tout l\u2019encart. Sachez que le r\u00e9dacteur (pr\u00e9sent\u00e9 sous le nom Olivier_laudrin) est reconnu comme quelqu\u2019un de s\u00e9rieux pour plusieurs autres textes qu\u2019il a publi\u00e9s sur internet. [&hellip;]<\/p>\n","protected":false},"author":3,"featured_media":0,"comment_status":"closed","ping_status":"closed","sticky":false,"template":"","format":"standard","meta":{"footnotes":""},"categories":[2],"tags":[],"class_list":["post-584","post","type-post","status-publish","format-standard","hentry","category-patrimoine","entry"],"yoast_head":"<!-- This site is optimized with the Yoast SEO plugin v27.5 - https:\/\/yoast.com\/product\/yoast-seo-wordpress\/ -->\n<title>Information pour vous : Fils de la c\u00f4te de Jacques de Th\u00e9zac - LESGROTTESDESAINTCEZAIRE<\/title>\n<meta name=\"description\" content=\"Information pour vous : Fils de la c\u00f4te de Jacques de Th\u00e9zac article de LESGROTTESDESAINTCEZAIRE\" \/>\n<meta name=\"robots\" content=\"index, follow, max-snippet:-1, max-image-preview:large, max-video-preview:-1\" \/>\n<link rel=\"canonical\" href=\"https:\/\/www.lesgrottesdesaintcezaire.fr\/blog\/information-pour-vous-fils-de-la-cote-de-jacques-de-thezac\/\" \/>\n<meta property=\"og:locale\" content=\"fr_FR\" \/>\n<meta property=\"og:type\" content=\"article\" \/>\n<meta property=\"og:title\" content=\"Information pour vous : Fils de la c\u00f4te de Jacques de Th\u00e9zac - LESGROTTESDESAINTCEZAIRE\" \/>\n<meta property=\"og:description\" content=\"Information pour vous : Fils de la c\u00f4te de Jacques de Th\u00e9zac article de LESGROTTESDESAINTCEZAIRE\" \/>\n<meta property=\"og:url\" content=\"https:\/\/www.lesgrottesdesaintcezaire.fr\/blog\/information-pour-vous-fils-de-la-cote-de-jacques-de-thezac\/\" \/>\n<meta property=\"og:site_name\" content=\"LESGROTTESDESAINTCEZAIRE\" \/>\n<meta property=\"article:published_time\" content=\"2023-04-20T13:09:28+00:00\" \/>\n<meta name=\"author\" content=\"Fabienne MOUTON\" \/>\n<meta name=\"twitter:card\" content=\"summary_large_image\" \/>\n<meta name=\"twitter:label1\" content=\"\u00c9crit par\" \/>\n\t<meta name=\"twitter:data1\" content=\"Fabienne MOUTON\" \/>\n\t<meta name=\"twitter:label2\" content=\"Dur\u00e9e de lecture estim\u00e9e\" \/>\n\t<meta name=\"twitter:data2\" content=\"2 minutes\" \/>\n<script type=\"application\/ld+json\" class=\"yoast-schema-graph\">{\"@context\":\"https:\\\/\\\/schema.org\",\"@graph\":[{\"@type\":\"Article\",\"@id\":\"https:\\\/\\\/www.lesgrottesdesaintcezaire.fr\\\/blog\\\/information-pour-vous-fils-de-la-cote-de-jacques-de-thezac\\\/#article\",\"isPartOf\":{\"@id\":\"https:\\\/\\\/www.lesgrottesdesaintcezaire.fr\\\/blog\\\/information-pour-vous-fils-de-la-cote-de-jacques-de-thezac\\\/\"},\"author\":{\"name\":\"Fabienne MOUTON\",\"@id\":\"https:\\\/\\\/www.lesgrottesdesaintcezaire.fr\\\/blog\\\/#\\\/schema\\\/person\\\/23d9a2ac249ecb9460a4ebce885adb9b\"},\"headline\":\"Information pour vous : Fils de la c\u00f4te de Jacques de Th\u00e9zac\",\"datePublished\":\"2023-04-20T13:09:28+00:00\",\"mainEntityOfPage\":{\"@id\":\"https:\\\/\\\/www.lesgrottesdesaintcezaire.fr\\\/blog\\\/information-pour-vous-fils-de-la-cote-de-jacques-de-thezac\\\/\"},\"wordCount\":461,\"publisher\":{\"@id\":\"https:\\\/\\\/www.lesgrottesdesaintcezaire.fr\\\/blog\\\/#organization\"},\"articleSection\":[\"Patrimoine:\"],\"inLanguage\":\"fr-FR\"},{\"@type\":\"WebPage\",\"@id\":\"https:\\\/\\\/www.lesgrottesdesaintcezaire.fr\\\/blog\\\/information-pour-vous-fils-de-la-cote-de-jacques-de-thezac\\\/\",\"url\":\"https:\\\/\\\/www.lesgrottesdesaintcezaire.fr\\\/blog\\\/information-pour-vous-fils-de-la-cote-de-jacques-de-thezac\\\/\",\"name\":\"Information pour vous : Fils de la c\u00f4te de Jacques de Th\u00e9zac - LESGROTTESDESAINTCEZAIRE\",\"isPartOf\":{\"@id\":\"https:\\\/\\\/www.lesgrottesdesaintcezaire.fr\\\/blog\\\/#website\"},\"datePublished\":\"2023-04-20T13:09:28+00:00\",\"description\":\"Information pour vous : Fils de la c\u00f4te de Jacques de Th\u00e9zac article de LESGROTTESDESAINTCEZAIRE\",\"breadcrumb\":{\"@id\":\"https:\\\/\\\/www.lesgrottesdesaintcezaire.fr\\\/blog\\\/information-pour-vous-fils-de-la-cote-de-jacques-de-thezac\\\/#breadcrumb\"},\"inLanguage\":\"fr-FR\",\"potentialAction\":[{\"@type\":\"ReadAction\",\"target\":[\"https:\\\/\\\/www.lesgrottesdesaintcezaire.fr\\\/blog\\\/information-pour-vous-fils-de-la-cote-de-jacques-de-thezac\\\/\"]}]},{\"@type\":\"BreadcrumbList\",\"@id\":\"https:\\\/\\\/www.lesgrottesdesaintcezaire.fr\\\/blog\\\/information-pour-vous-fils-de-la-cote-de-jacques-de-thezac\\\/#breadcrumb\",\"itemListElement\":[{\"@type\":\"ListItem\",\"position\":1,\"name\":\"Accueil\",\"item\":\"https:\\\/\\\/www.lesgrottesdesaintcezaire.fr\\\/blog\\\/\"},{\"@type\":\"ListItem\",\"position\":2,\"name\":\"Information pour vous : Fils de la c\u00f4te de Jacques de Th\u00e9zac\"}]},{\"@type\":\"WebSite\",\"@id\":\"https:\\\/\\\/www.lesgrottesdesaintcezaire.fr\\\/blog\\\/#website\",\"url\":\"https:\\\/\\\/www.lesgrottesdesaintcezaire.fr\\\/blog\\\/\",\"name\":\"LESGROTTESDESAINTCEZAIRE\",\"description\":\"Patrimoine: Le site de r\u00e9f\u00e9rence.\",\"publisher\":{\"@id\":\"https:\\\/\\\/www.lesgrottesdesaintcezaire.fr\\\/blog\\\/#organization\"},\"potentialAction\":[{\"@type\":\"SearchAction\",\"target\":{\"@type\":\"EntryPoint\",\"urlTemplate\":\"https:\\\/\\\/www.lesgrottesdesaintcezaire.fr\\\/blog\\\/?s={search_term_string}\"},\"query-input\":{\"@type\":\"PropertyValueSpecification\",\"valueRequired\":true,\"valueName\":\"search_term_string\"}}],\"inLanguage\":\"fr-FR\"},{\"@type\":\"Organization\",\"@id\":\"https:\\\/\\\/www.lesgrottesdesaintcezaire.fr\\\/blog\\\/#organization\",\"name\":\"lesgrottesdesaintcezaire\",\"url\":\"https:\\\/\\\/www.lesgrottesdesaintcezaire.fr\\\/blog\\\/\",\"logo\":{\"@type\":\"ImageObject\",\"inLanguage\":\"fr-FR\",\"@id\":\"https:\\\/\\\/www.lesgrottesdesaintcezaire.fr\\\/blog\\\/#\\\/schema\\\/logo\\\/image\\\/\",\"url\":\"https:\\\/\\\/www.lesgrottesdesaintcezaire.fr\\\/blog\\\/wp-content\\\/uploads\\\/2022\\\/05\\\/logo-2.png\",\"contentUrl\":\"https:\\\/\\\/www.lesgrottesdesaintcezaire.fr\\\/blog\\\/wp-content\\\/uploads\\\/2022\\\/05\\\/logo-2.png\",\"width\":150,\"height\":209,\"caption\":\"lesgrottesdesaintcezaire\"},\"image\":{\"@id\":\"https:\\\/\\\/www.lesgrottesdesaintcezaire.fr\\\/blog\\\/#\\\/schema\\\/logo\\\/image\\\/\"}},{\"@type\":\"Person\",\"@id\":\"https:\\\/\\\/www.lesgrottesdesaintcezaire.fr\\\/blog\\\/#\\\/schema\\\/person\\\/23d9a2ac249ecb9460a4ebce885adb9b\",\"name\":\"Fabienne MOUTON\",\"image\":{\"@type\":\"ImageObject\",\"inLanguage\":\"fr-FR\",\"@id\":\"https:\\\/\\\/secure.gravatar.com\\\/avatar\\\/856d7a14385bb0216de9c5cf9fb1160ddbd11c00be5bb16cfe389b9971309649?s=96&d=mm&r=g\",\"url\":\"https:\\\/\\\/secure.gravatar.com\\\/avatar\\\/856d7a14385bb0216de9c5cf9fb1160ddbd11c00be5bb16cfe389b9971309649?s=96&d=mm&r=g\",\"contentUrl\":\"https:\\\/\\\/secure.gravatar.com\\\/avatar\\\/856d7a14385bb0216de9c5cf9fb1160ddbd11c00be5bb16cfe389b9971309649?s=96&d=mm&r=g\",\"caption\":\"Fabienne MOUTON\"},\"url\":\"https:\\\/\\\/www.lesgrottesdesaintcezaire.fr\\\/blog\\\/author\\\/irefabienne\\\/\"}]}<\/script>\n<!-- \/ Yoast SEO plugin. -->","yoast_head_json":{"title":"Information pour vous : Fils de la c\u00f4te de Jacques de Th\u00e9zac - LESGROTTESDESAINTCEZAIRE","description":"Information pour vous : Fils de la c\u00f4te de Jacques de Th\u00e9zac article de LESGROTTESDESAINTCEZAIRE","robots":{"index":"index","follow":"follow","max-snippet":"max-snippet:-1","max-image-preview":"max-image-preview:large","max-video-preview":"max-video-preview:-1"},"canonical":"https:\/\/www.lesgrottesdesaintcezaire.fr\/blog\/information-pour-vous-fils-de-la-cote-de-jacques-de-thezac\/","og_locale":"fr_FR","og_type":"article","og_title":"Information pour vous : Fils de la c\u00f4te de Jacques de Th\u00e9zac - LESGROTTESDESAINTCEZAIRE","og_description":"Information pour vous : Fils de la c\u00f4te de Jacques de Th\u00e9zac article de LESGROTTESDESAINTCEZAIRE","og_url":"https:\/\/www.lesgrottesdesaintcezaire.fr\/blog\/information-pour-vous-fils-de-la-cote-de-jacques-de-thezac\/","og_site_name":"LESGROTTESDESAINTCEZAIRE","article_published_time":"2023-04-20T13:09:28+00:00","author":"Fabienne MOUTON","twitter_card":"summary_large_image","twitter_misc":{"\u00c9crit par":"Fabienne MOUTON","Dur\u00e9e de lecture estim\u00e9e":"2 minutes"},"schema":{"@context":"https:\/\/schema.org","@graph":[{"@type":"Article","@id":"https:\/\/www.lesgrottesdesaintcezaire.fr\/blog\/information-pour-vous-fils-de-la-cote-de-jacques-de-thezac\/#article","isPartOf":{"@id":"https:\/\/www.lesgrottesdesaintcezaire.fr\/blog\/information-pour-vous-fils-de-la-cote-de-jacques-de-thezac\/"},"author":{"name":"Fabienne MOUTON","@id":"https:\/\/www.lesgrottesdesaintcezaire.fr\/blog\/#\/schema\/person\/23d9a2ac249ecb9460a4ebce885adb9b"},"headline":"Information pour vous : Fils de la c\u00f4te de Jacques de Th\u00e9zac","datePublished":"2023-04-20T13:09:28+00:00","mainEntityOfPage":{"@id":"https:\/\/www.lesgrottesdesaintcezaire.fr\/blog\/information-pour-vous-fils-de-la-cote-de-jacques-de-thezac\/"},"wordCount":461,"publisher":{"@id":"https:\/\/www.lesgrottesdesaintcezaire.fr\/blog\/#organization"},"articleSection":["Patrimoine:"],"inLanguage":"fr-FR"},{"@type":"WebPage","@id":"https:\/\/www.lesgrottesdesaintcezaire.fr\/blog\/information-pour-vous-fils-de-la-cote-de-jacques-de-thezac\/","url":"https:\/\/www.lesgrottesdesaintcezaire.fr\/blog\/information-pour-vous-fils-de-la-cote-de-jacques-de-thezac\/","name":"Information pour vous : Fils de la c\u00f4te de Jacques de Th\u00e9zac - LESGROTTESDESAINTCEZAIRE","isPartOf":{"@id":"https:\/\/www.lesgrottesdesaintcezaire.fr\/blog\/#website"},"datePublished":"2023-04-20T13:09:28+00:00","description":"Information pour vous : Fils de la c\u00f4te de Jacques de Th\u00e9zac article de LESGROTTESDESAINTCEZAIRE","breadcrumb":{"@id":"https:\/\/www.lesgrottesdesaintcezaire.fr\/blog\/information-pour-vous-fils-de-la-cote-de-jacques-de-thezac\/#breadcrumb"},"inLanguage":"fr-FR","potentialAction":[{"@type":"ReadAction","target":["https:\/\/www.lesgrottesdesaintcezaire.fr\/blog\/information-pour-vous-fils-de-la-cote-de-jacques-de-thezac\/"]}]},{"@type":"BreadcrumbList","@id":"https:\/\/www.lesgrottesdesaintcezaire.fr\/blog\/information-pour-vous-fils-de-la-cote-de-jacques-de-thezac\/#breadcrumb","itemListElement":[{"@type":"ListItem","position":1,"name":"Accueil","item":"https:\/\/www.lesgrottesdesaintcezaire.fr\/blog\/"},{"@type":"ListItem","position":2,"name":"Information pour vous : Fils de la c\u00f4te de Jacques de Th\u00e9zac"}]},{"@type":"WebSite","@id":"https:\/\/www.lesgrottesdesaintcezaire.fr\/blog\/#website","url":"https:\/\/www.lesgrottesdesaintcezaire.fr\/blog\/","name":"LESGROTTESDESAINTCEZAIRE","description":"Patrimoine: Le site de r\u00e9f\u00e9rence.","publisher":{"@id":"https:\/\/www.lesgrottesdesaintcezaire.fr\/blog\/#organization"},"potentialAction":[{"@type":"SearchAction","target":{"@type":"EntryPoint","urlTemplate":"https:\/\/www.lesgrottesdesaintcezaire.fr\/blog\/?s={search_term_string}"},"query-input":{"@type":"PropertyValueSpecification","valueRequired":true,"valueName":"search_term_string"}}],"inLanguage":"fr-FR"},{"@type":"Organization","@id":"https:\/\/www.lesgrottesdesaintcezaire.fr\/blog\/#organization","name":"lesgrottesdesaintcezaire","url":"https:\/\/www.lesgrottesdesaintcezaire.fr\/blog\/","logo":{"@type":"ImageObject","inLanguage":"fr-FR","@id":"https:\/\/www.lesgrottesdesaintcezaire.fr\/blog\/#\/schema\/logo\/image\/","url":"https:\/\/www.lesgrottesdesaintcezaire.fr\/blog\/wp-content\/uploads\/2022\/05\/logo-2.png","contentUrl":"https:\/\/www.lesgrottesdesaintcezaire.fr\/blog\/wp-content\/uploads\/2022\/05\/logo-2.png","width":150,"height":209,"caption":"lesgrottesdesaintcezaire"},"image":{"@id":"https:\/\/www.lesgrottesdesaintcezaire.fr\/blog\/#\/schema\/logo\/image\/"}},{"@type":"Person","@id":"https:\/\/www.lesgrottesdesaintcezaire.fr\/blog\/#\/schema\/person\/23d9a2ac249ecb9460a4ebce885adb9b","name":"Fabienne MOUTON","image":{"@type":"ImageObject","inLanguage":"fr-FR","@id":"https:\/\/secure.gravatar.com\/avatar\/856d7a14385bb0216de9c5cf9fb1160ddbd11c00be5bb16cfe389b9971309649?s=96&d=mm&r=g","url":"https:\/\/secure.gravatar.com\/avatar\/856d7a14385bb0216de9c5cf9fb1160ddbd11c00be5bb16cfe389b9971309649?s=96&d=mm&r=g","contentUrl":"https:\/\/secure.gravatar.com\/avatar\/856d7a14385bb0216de9c5cf9fb1160ddbd11c00be5bb16cfe389b9971309649?s=96&d=mm&r=g","caption":"Fabienne MOUTON"},"url":"https:\/\/www.lesgrottesdesaintcezaire.fr\/blog\/author\/irefabienne\/"}]}},"_links":{"self":[{"href":"https:\/\/www.lesgrottesdesaintcezaire.fr\/blog\/wp-json\/wp\/v2\/posts\/584","targetHints":{"allow":["GET"]}}],"collection":[{"href":"https:\/\/www.lesgrottesdesaintcezaire.fr\/blog\/wp-json\/wp\/v2\/posts"}],"about":[{"href":"https:\/\/www.lesgrottesdesaintcezaire.fr\/blog\/wp-json\/wp\/v2\/types\/post"}],"author":[{"embeddable":true,"href":"https:\/\/www.lesgrottesdesaintcezaire.fr\/blog\/wp-json\/wp\/v2\/users\/3"}],"replies":[{"embeddable":true,"href":"https:\/\/www.lesgrottesdesaintcezaire.fr\/blog\/wp-json\/wp\/v2\/comments?post=584"}],"version-history":[{"count":0,"href":"https:\/\/www.lesgrottesdesaintcezaire.fr\/blog\/wp-json\/wp\/v2\/posts\/584\/revisions"}],"wp:attachment":[{"href":"https:\/\/www.lesgrottesdesaintcezaire.fr\/blog\/wp-json\/wp\/v2\/media?parent=584"}],"wp:term":[{"taxonomy":"category","embeddable":true,"href":"https:\/\/www.lesgrottesdesaintcezaire.fr\/blog\/wp-json\/wp\/v2\/categories?post=584"},{"taxonomy":"post_tag","embeddable":true,"href":"https:\/\/www.lesgrottesdesaintcezaire.fr\/blog\/wp-json\/wp\/v2\/tags?post=584"}],"curies":[{"name":"wp","href":"https:\/\/api.w.org\/{rel}","templated":true}]}}