{"id":608,"date":"2023-05-13T15:15:58","date_gmt":"2023-05-13T13:15:58","guid":{"rendered":"https:\/\/www.lesgrottesdesaintcezaire.fr\/blog\/ca-se-propage-sur-internet-ouverture-du-festival-la-5e-saison\/"},"modified":"2023-05-13T15:15:58","modified_gmt":"2023-05-13T13:15:58","slug":"ca-se-propage-sur-internet-ouverture-du-festival-la-5e-saison","status":"publish","type":"post","link":"https:\/\/www.lesgrottesdesaintcezaire.fr\/blog\/ca-se-propage-sur-internet-ouverture-du-festival-la-5e-saison\/","title":{"rendered":"Ca se propage sur internet  : Ouverture du festival La 5e saison"},"content":{"rendered":"<div><img width=\"580\" height=\"430\" src=\"https:\/\/www.lesgrottesdesaintcezaire.fr\/blog\/wp-content\/uploads\/2023\/05\/Ca-se-propage-sur-internet-Ouverture-du-festival-La-1024x760-1.jpg\" class=\"attachment-large size-large wp-post-image\" alt=\"Ca-se-propage-sur-internet-Ouverture-du-festival-La\" decoding=\"async\" loading=\"lazy\" style=\"float:left; margin:0 15px 15px 0;\" srcset=\"https:\/\/www.lesgrottesdesaintcezaire.fr\/blog\/wp-content\/uploads\/2023\/05\/Ca-se-propage-sur-internet-Ouverture-du-festival-La-1024x760-1.jpg 1024w, https:\/\/www.site.cdcl.xyz\/wp-content\/uploads\/2023\/05\/Ca-se-propage-sur-internet-Ouverture-du-festival-La-300x223.jpg 300w, https:\/\/www.site.cdcl.xyz\/wp-content\/uploads\/2023\/05\/Ca-se-propage-sur-internet-Ouverture-du-festival-La-768x570.jpg 768w, https:\/\/www.site.cdcl.xyz\/wp-content\/uploads\/2023\/05\/Ca-se-propage-sur-internet-Ouverture-du-festival-La.jpg 1181w\" sizes=\"auto, (max-width: 580px) 100vw, 580px\"><\/p>\n<p>Je m\u2019empresse de faire la lumi\u00e8re sur cet \u00e9ditorial qui vient d\u2019\u00eatre publi\u00e9, dont la th\u00e9matique est \u00abl\u2019arch\u00e9ologie\u00bb.<\/p>\n<p>Son titre  (Ouverture du festival La 5e saison) parle de lui-m\u00eame.<\/p>\n<p>Sachez que l\u2019\u00e9ditorialiste (annonc\u00e9 sous la signature  d\u2019anonymat<br \/>\n) est positivement connu pour plusieurs autres posts qu\u2019il a publi\u00e9s sur internet.<\/p>\n<p>La confiance est en cons\u00e9quence \u00e9lev\u00e9e concernant cet encart.<\/p>\n<p>Sachez que la date de parution est 2023-05-12 16:26:00.<\/p>\n<p>L\u2019article dont il s\u2019agit : <\/p>\n<p><img decoding=\"async\" src=\"https:\/\/www.lesgrottesdesaintcezaire.fr\/blog\/wp-content\/uploads\/2023\/05\/Revue-de-presse-internet-Ouverture-du-festival-La-5e.jpg\"><\/p>\n<div itemprop=\"description\">\n<p>La 5e saison vous donne rendez-vous tout au long des lumineuses journ\u00e9es du mois de juin afin de vous faire profiter d\u2019une nouvelle programmation artistique de qualit\u00e9. Nous vous attendons donc, toujours aussi nombreux, pour la 4\u00e8me \u00e9dition de ce festival.<\/p>\n<\/div>\n<div itemprop=\"articleBody\">\n<p>La 5e saison vous donne rendez-vous tout au long des lumineuses journ\u00e9es du mois de juin afin de vous faire profiter d\u2019une nouvelle programmation artistique de qualit\u00e9. Nous vous attendons donc, toujours aussi nombreux, pour la 4\u00e8me \u00e9dition de ce festival.<\/p>\n<p>Celui-ci propose un beau parcours pour mettre en valeur notre territoire, de Coulon \u00e0 Mauz\u00e9-sur-le Mignon, en parcourant 21 communes o\u00f9 les \u00e9quipes municipales, partenaires de l\u2019Agglo, et les b\u00e9n\u00e9voles du festival auront \u00e0 coeur d\u2019assurer un accueil chaleureux et convivial, dans le cadre de cette manifestation \u00e9coresponsable. Entre une ouverture et une cl\u00f4ture voulues denses et \u00e9blouissantes, vous d\u00e9couvrirez du nord au sud et de Plaine en Marais, la nouvelle recette d\u2019une saison pleine d\u2019\u00e9tonnements, piment\u00e9e de talents et de cr\u00e9ations.<\/p>\n<p>Avec un large choix de spectacles offerts et accessibles \u00e0 tous, Niort Agglo fait le pari d\u2019une culture vivante qui s\u2019offre en partage, rassemble et rapproche les habitants. A travers la 5e saison, le rayonnement des arts et des artistes permet de conforter la coh\u00e9sion territoriale et de faire le plein d\u2019\u00e9nergie.<\/p>\n<p>Rendez-vous le 3 juin \u00e0 Coulon pour le lancement de cette 4e \u00e9dition<\/p>\n<h2>Programme de l\u2019inauguration :\u00a0<\/h2>\n<\/div>\n<p>Ce th\u00e8me vous a int\u00e9ress\u00e9 vous aimerez tout autant ces ouvrages:<\/p>\n<p>Qui \u00e9tait N\u00e9andertal ? L\u2019enqu\u00eate illustr\u00e9e.,<a href=\"https:\/\/booknode.com\/qui_etait_neandertal_lenquete_illustree_02622613\" target=\"_blank\" rel=\"noopener noreferrer nofollow\">(la couverture) <\/a><span><\/span>. Disponible \u00e0 l\u2019achat sur les plateformes Amazon, Fnac, Cultura \u2026.<\/p>\n<p>On a retrouv\u00e9 l\u2019histoire de France ; comment l\u2019arch\u00e9ologie raconte notre pass\u00e9.,<a href=\"https:\/\/www.epagine.fr\/ebook\/9782221131305-on-a-retrouve-l-histoire-de-france-comment-l-archeologie-raconte-notre-passe-jean-paul-demoule\/\" target=\"_blank\" rel=\"noopener noreferrer nofollow\">(Disponible) <\/a><span><\/span>. Disponible chez votre libraire.<\/p>\n<p>Ultime espoir.,<a href=\"https:\/\/booknode.com\/ultime_espoir_070688\" target=\"_blank\" rel=\"noopener noreferrer nofollow\">(Disponible) <\/a><span><\/span>.<\/p>\n<p>National Geographic, arch\u00e9ologie: Chich\u00e9n Itz\u00e1.,<a href=\"https:\/\/booknode.com\/national_geographic_archeologie_chichen_itza_02667973\" target=\"_blank\" rel=\"noopener noreferrer nofollow\">Clicker Ici <\/a><span><\/span>.<\/p>\n<\/div>\n","protected":false},"excerpt":{"rendered":"<p>Je m\u2019empresse de faire la lumi\u00e8re sur cet \u00e9ditorial qui vient d\u2019\u00eatre publi\u00e9, dont la th\u00e9matique est \u00abl\u2019arch\u00e9ologie\u00bb. Son titre (Ouverture du festival La 5e saison) parle de lui-m\u00eame. Sachez que l\u2019\u00e9ditorialiste (annonc\u00e9 sous la signature d\u2019anonymat ) est positivement connu pour plusieurs autres posts qu\u2019il a publi\u00e9s sur internet. La confiance est en cons\u00e9quence [&hellip;]<\/p>\n","protected":false},"author":3,"featured_media":609,"comment_status":"closed","ping_status":"closed","sticky":false,"template":"","format":"standard","meta":{"footnotes":""},"categories":[2],"tags":[],"class_list":["post-608","post","type-post","status-publish","format-standard","has-post-thumbnail","hentry","category-patrimoine","entry","has-media"],"yoast_head":"<!-- This site is optimized with the Yoast SEO plugin v27.5 - https:\/\/yoast.com\/product\/yoast-seo-wordpress\/ -->\n<title>Ca se propage sur internet : Ouverture du festival La 5e saison - LESGROTTESDESAINTCEZAIRE<\/title>\n<meta name=\"description\" content=\"Ca se propage sur internet : Ouverture du festival La 5e saison article de LESGROTTESDESAINTCEZAIRE\" \/>\n<meta name=\"robots\" content=\"index, follow, max-snippet:-1, max-image-preview:large, max-video-preview:-1\" \/>\n<link rel=\"canonical\" href=\"https:\/\/www.lesgrottesdesaintcezaire.fr\/blog\/ca-se-propage-sur-internet-ouverture-du-festival-la-5e-saison\/\" \/>\n<meta property=\"og:locale\" content=\"fr_FR\" \/>\n<meta property=\"og:type\" content=\"article\" \/>\n<meta property=\"og:title\" content=\"Ca se propage sur internet : Ouverture du festival La 5e saison - LESGROTTESDESAINTCEZAIRE\" \/>\n<meta property=\"og:description\" content=\"Ca se propage sur internet : Ouverture du festival La 5e saison article de LESGROTTESDESAINTCEZAIRE\" \/>\n<meta property=\"og:url\" content=\"https:\/\/www.lesgrottesdesaintcezaire.fr\/blog\/ca-se-propage-sur-internet-ouverture-du-festival-la-5e-saison\/\" \/>\n<meta property=\"og:site_name\" content=\"LESGROTTESDESAINTCEZAIRE\" \/>\n<meta property=\"article:published_time\" content=\"2023-05-13T13:15:58+00:00\" \/>\n<meta property=\"og:image\" content=\"https:\/\/www.lesgrottesdesaintcezaire.fr\/blog\/wp-content\/uploads\/2023\/05\/Ca-se-propage-sur-internet-Ouverture-du-festival-La-1024x760-1.jpg\" \/>\n<meta name=\"author\" content=\"Fabienne MOUTON\" \/>\n<meta name=\"twitter:card\" content=\"summary_large_image\" \/>\n<meta name=\"twitter:label1\" content=\"\u00c9crit par\" \/>\n\t<meta name=\"twitter:data1\" content=\"Fabienne MOUTON\" \/>\n\t<meta name=\"twitter:label2\" content=\"Dur\u00e9e de lecture estim\u00e9e\" \/>\n\t<meta name=\"twitter:data2\" content=\"2 minutes\" \/>\n<script type=\"application\/ld+json\" class=\"yoast-schema-graph\">{\"@context\":\"https:\\\/\\\/schema.org\",\"@graph\":[{\"@type\":\"Article\",\"@id\":\"https:\\\/\\\/www.lesgrottesdesaintcezaire.fr\\\/blog\\\/ca-se-propage-sur-internet-ouverture-du-festival-la-5e-saison\\\/#article\",\"isPartOf\":{\"@id\":\"https:\\\/\\\/www.lesgrottesdesaintcezaire.fr\\\/blog\\\/ca-se-propage-sur-internet-ouverture-du-festival-la-5e-saison\\\/\"},\"author\":{\"name\":\"Fabienne MOUTON\",\"@id\":\"https:\\\/\\\/www.lesgrottesdesaintcezaire.fr\\\/blog\\\/#\\\/schema\\\/person\\\/23d9a2ac249ecb9460a4ebce885adb9b\"},\"headline\":\"Ca se propage sur internet : Ouverture du festival La 5e saison\",\"datePublished\":\"2023-05-13T13:15:58+00:00\",\"mainEntityOfPage\":{\"@id\":\"https:\\\/\\\/www.lesgrottesdesaintcezaire.fr\\\/blog\\\/ca-se-propage-sur-internet-ouverture-du-festival-la-5e-saison\\\/\"},\"wordCount\":407,\"publisher\":{\"@id\":\"https:\\\/\\\/www.lesgrottesdesaintcezaire.fr\\\/blog\\\/#organization\"},\"image\":{\"@id\":\"https:\\\/\\\/www.lesgrottesdesaintcezaire.fr\\\/blog\\\/ca-se-propage-sur-internet-ouverture-du-festival-la-5e-saison\\\/#primaryimage\"},\"thumbnailUrl\":\"https:\\\/\\\/www.lesgrottesdesaintcezaire.fr\\\/blog\\\/wp-content\\\/uploads\\\/2023\\\/05\\\/Ca-se-propage-sur-internet-Ouverture-du-festival-La-1024x760-1.jpg\",\"articleSection\":[\"Patrimoine:\"],\"inLanguage\":\"fr-FR\"},{\"@type\":\"WebPage\",\"@id\":\"https:\\\/\\\/www.lesgrottesdesaintcezaire.fr\\\/blog\\\/ca-se-propage-sur-internet-ouverture-du-festival-la-5e-saison\\\/\",\"url\":\"https:\\\/\\\/www.lesgrottesdesaintcezaire.fr\\\/blog\\\/ca-se-propage-sur-internet-ouverture-du-festival-la-5e-saison\\\/\",\"name\":\"Ca se propage sur internet : Ouverture du festival La 5e saison - LESGROTTESDESAINTCEZAIRE\",\"isPartOf\":{\"@id\":\"https:\\\/\\\/www.lesgrottesdesaintcezaire.fr\\\/blog\\\/#website\"},\"primaryImageOfPage\":{\"@id\":\"https:\\\/\\\/www.lesgrottesdesaintcezaire.fr\\\/blog\\\/ca-se-propage-sur-internet-ouverture-du-festival-la-5e-saison\\\/#primaryimage\"},\"image\":{\"@id\":\"https:\\\/\\\/www.lesgrottesdesaintcezaire.fr\\\/blog\\\/ca-se-propage-sur-internet-ouverture-du-festival-la-5e-saison\\\/#primaryimage\"},\"thumbnailUrl\":\"https:\\\/\\\/www.lesgrottesdesaintcezaire.fr\\\/blog\\\/wp-content\\\/uploads\\\/2023\\\/05\\\/Ca-se-propage-sur-internet-Ouverture-du-festival-La-1024x760-1.jpg\",\"datePublished\":\"2023-05-13T13:15:58+00:00\",\"description\":\"Ca se propage sur internet : Ouverture du festival La 5e saison article de LESGROTTESDESAINTCEZAIRE\",\"breadcrumb\":{\"@id\":\"https:\\\/\\\/www.lesgrottesdesaintcezaire.fr\\\/blog\\\/ca-se-propage-sur-internet-ouverture-du-festival-la-5e-saison\\\/#breadcrumb\"},\"inLanguage\":\"fr-FR\",\"potentialAction\":[{\"@type\":\"ReadAction\",\"target\":[\"https:\\\/\\\/www.lesgrottesdesaintcezaire.fr\\\/blog\\\/ca-se-propage-sur-internet-ouverture-du-festival-la-5e-saison\\\/\"]}]},{\"@type\":\"ImageObject\",\"inLanguage\":\"fr-FR\",\"@id\":\"https:\\\/\\\/www.lesgrottesdesaintcezaire.fr\\\/blog\\\/ca-se-propage-sur-internet-ouverture-du-festival-la-5e-saison\\\/#primaryimage\",\"url\":\"https:\\\/\\\/www.lesgrottesdesaintcezaire.fr\\\/blog\\\/wp-content\\\/uploads\\\/2023\\\/05\\\/Ca-se-propage-sur-internet-Ouverture-du-festival-La-1024x760-1.jpg\",\"contentUrl\":\"https:\\\/\\\/www.lesgrottesdesaintcezaire.fr\\\/blog\\\/wp-content\\\/uploads\\\/2023\\\/05\\\/Ca-se-propage-sur-internet-Ouverture-du-festival-La-1024x760-1.jpg\",\"width\":1024,\"height\":760,\"caption\":\"Ca se propage sur internet Ouverture du festival La 1024x760 1\"},{\"@type\":\"BreadcrumbList\",\"@id\":\"https:\\\/\\\/www.lesgrottesdesaintcezaire.fr\\\/blog\\\/ca-se-propage-sur-internet-ouverture-du-festival-la-5e-saison\\\/#breadcrumb\",\"itemListElement\":[{\"@type\":\"ListItem\",\"position\":1,\"name\":\"Accueil\",\"item\":\"https:\\\/\\\/www.lesgrottesdesaintcezaire.fr\\\/blog\\\/\"},{\"@type\":\"ListItem\",\"position\":2,\"name\":\"Ca se propage sur internet : Ouverture du festival La 5e saison\"}]},{\"@type\":\"WebSite\",\"@id\":\"https:\\\/\\\/www.lesgrottesdesaintcezaire.fr\\\/blog\\\/#website\",\"url\":\"https:\\\/\\\/www.lesgrottesdesaintcezaire.fr\\\/blog\\\/\",\"name\":\"LESGROTTESDESAINTCEZAIRE\",\"description\":\"Patrimoine: Le site de r\u00e9f\u00e9rence.\",\"publisher\":{\"@id\":\"https:\\\/\\\/www.lesgrottesdesaintcezaire.fr\\\/blog\\\/#organization\"},\"potentialAction\":[{\"@type\":\"SearchAction\",\"target\":{\"@type\":\"EntryPoint\",\"urlTemplate\":\"https:\\\/\\\/www.lesgrottesdesaintcezaire.fr\\\/blog\\\/?s={search_term_string}\"},\"query-input\":{\"@type\":\"PropertyValueSpecification\",\"valueRequired\":true,\"valueName\":\"search_term_string\"}}],\"inLanguage\":\"fr-FR\"},{\"@type\":\"Organization\",\"@id\":\"https:\\\/\\\/www.lesgrottesdesaintcezaire.fr\\\/blog\\\/#organization\",\"name\":\"lesgrottesdesaintcezaire\",\"url\":\"https:\\\/\\\/www.lesgrottesdesaintcezaire.fr\\\/blog\\\/\",\"logo\":{\"@type\":\"ImageObject\",\"inLanguage\":\"fr-FR\",\"@id\":\"https:\\\/\\\/www.lesgrottesdesaintcezaire.fr\\\/blog\\\/#\\\/schema\\\/logo\\\/image\\\/\",\"url\":\"https:\\\/\\\/www.lesgrottesdesaintcezaire.fr\\\/blog\\\/wp-content\\\/uploads\\\/2022\\\/05\\\/logo-2.png\",\"contentUrl\":\"https:\\\/\\\/www.lesgrottesdesaintcezaire.fr\\\/blog\\\/wp-content\\\/uploads\\\/2022\\\/05\\\/logo-2.png\",\"width\":150,\"height\":209,\"caption\":\"lesgrottesdesaintcezaire\"},\"image\":{\"@id\":\"https:\\\/\\\/www.lesgrottesdesaintcezaire.fr\\\/blog\\\/#\\\/schema\\\/logo\\\/image\\\/\"}},{\"@type\":\"Person\",\"@id\":\"https:\\\/\\\/www.lesgrottesdesaintcezaire.fr\\\/blog\\\/#\\\/schema\\\/person\\\/23d9a2ac249ecb9460a4ebce885adb9b\",\"name\":\"Fabienne MOUTON\",\"image\":{\"@type\":\"ImageObject\",\"inLanguage\":\"fr-FR\",\"@id\":\"https:\\\/\\\/secure.gravatar.com\\\/avatar\\\/856d7a14385bb0216de9c5cf9fb1160ddbd11c00be5bb16cfe389b9971309649?s=96&d=mm&r=g\",\"url\":\"https:\\\/\\\/secure.gravatar.com\\\/avatar\\\/856d7a14385bb0216de9c5cf9fb1160ddbd11c00be5bb16cfe389b9971309649?s=96&d=mm&r=g\",\"contentUrl\":\"https:\\\/\\\/secure.gravatar.com\\\/avatar\\\/856d7a14385bb0216de9c5cf9fb1160ddbd11c00be5bb16cfe389b9971309649?s=96&d=mm&r=g\",\"caption\":\"Fabienne MOUTON\"},\"url\":\"https:\\\/\\\/www.lesgrottesdesaintcezaire.fr\\\/blog\\\/author\\\/irefabienne\\\/\"}]}<\/script>\n<!-- \/ Yoast SEO plugin. -->","yoast_head_json":{"title":"Ca se propage sur internet : Ouverture du festival La 5e saison - LESGROTTESDESAINTCEZAIRE","description":"Ca se propage sur internet : Ouverture du festival La 5e saison article de LESGROTTESDESAINTCEZAIRE","robots":{"index":"index","follow":"follow","max-snippet":"max-snippet:-1","max-image-preview":"max-image-preview:large","max-video-preview":"max-video-preview:-1"},"canonical":"https:\/\/www.lesgrottesdesaintcezaire.fr\/blog\/ca-se-propage-sur-internet-ouverture-du-festival-la-5e-saison\/","og_locale":"fr_FR","og_type":"article","og_title":"Ca se propage sur internet : Ouverture du festival La 5e saison - LESGROTTESDESAINTCEZAIRE","og_description":"Ca se propage sur internet : Ouverture du festival La 5e saison article de LESGROTTESDESAINTCEZAIRE","og_url":"https:\/\/www.lesgrottesdesaintcezaire.fr\/blog\/ca-se-propage-sur-internet-ouverture-du-festival-la-5e-saison\/","og_site_name":"LESGROTTESDESAINTCEZAIRE","article_published_time":"2023-05-13T13:15:58+00:00","og_image":[{"url":"https:\/\/www.lesgrottesdesaintcezaire.fr\/blog\/wp-content\/uploads\/2023\/05\/Ca-se-propage-sur-internet-Ouverture-du-festival-La-1024x760-1.jpg","type":"","width":"","height":""}],"author":"Fabienne MOUTON","twitter_card":"summary_large_image","twitter_misc":{"\u00c9crit par":"Fabienne MOUTON","Dur\u00e9e de lecture estim\u00e9e":"2 minutes"},"schema":{"@context":"https:\/\/schema.org","@graph":[{"@type":"Article","@id":"https:\/\/www.lesgrottesdesaintcezaire.fr\/blog\/ca-se-propage-sur-internet-ouverture-du-festival-la-5e-saison\/#article","isPartOf":{"@id":"https:\/\/www.lesgrottesdesaintcezaire.fr\/blog\/ca-se-propage-sur-internet-ouverture-du-festival-la-5e-saison\/"},"author":{"name":"Fabienne MOUTON","@id":"https:\/\/www.lesgrottesdesaintcezaire.fr\/blog\/#\/schema\/person\/23d9a2ac249ecb9460a4ebce885adb9b"},"headline":"Ca se propage sur internet : Ouverture du festival La 5e saison","datePublished":"2023-05-13T13:15:58+00:00","mainEntityOfPage":{"@id":"https:\/\/www.lesgrottesdesaintcezaire.fr\/blog\/ca-se-propage-sur-internet-ouverture-du-festival-la-5e-saison\/"},"wordCount":407,"publisher":{"@id":"https:\/\/www.lesgrottesdesaintcezaire.fr\/blog\/#organization"},"image":{"@id":"https:\/\/www.lesgrottesdesaintcezaire.fr\/blog\/ca-se-propage-sur-internet-ouverture-du-festival-la-5e-saison\/#primaryimage"},"thumbnailUrl":"https:\/\/www.lesgrottesdesaintcezaire.fr\/blog\/wp-content\/uploads\/2023\/05\/Ca-se-propage-sur-internet-Ouverture-du-festival-La-1024x760-1.jpg","articleSection":["Patrimoine:"],"inLanguage":"fr-FR"},{"@type":"WebPage","@id":"https:\/\/www.lesgrottesdesaintcezaire.fr\/blog\/ca-se-propage-sur-internet-ouverture-du-festival-la-5e-saison\/","url":"https:\/\/www.lesgrottesdesaintcezaire.fr\/blog\/ca-se-propage-sur-internet-ouverture-du-festival-la-5e-saison\/","name":"Ca se propage sur internet : Ouverture du festival La 5e saison - LESGROTTESDESAINTCEZAIRE","isPartOf":{"@id":"https:\/\/www.lesgrottesdesaintcezaire.fr\/blog\/#website"},"primaryImageOfPage":{"@id":"https:\/\/www.lesgrottesdesaintcezaire.fr\/blog\/ca-se-propage-sur-internet-ouverture-du-festival-la-5e-saison\/#primaryimage"},"image":{"@id":"https:\/\/www.lesgrottesdesaintcezaire.fr\/blog\/ca-se-propage-sur-internet-ouverture-du-festival-la-5e-saison\/#primaryimage"},"thumbnailUrl":"https:\/\/www.lesgrottesdesaintcezaire.fr\/blog\/wp-content\/uploads\/2023\/05\/Ca-se-propage-sur-internet-Ouverture-du-festival-La-1024x760-1.jpg","datePublished":"2023-05-13T13:15:58+00:00","description":"Ca se propage sur internet : Ouverture du festival La 5e saison article de LESGROTTESDESAINTCEZAIRE","breadcrumb":{"@id":"https:\/\/www.lesgrottesdesaintcezaire.fr\/blog\/ca-se-propage-sur-internet-ouverture-du-festival-la-5e-saison\/#breadcrumb"},"inLanguage":"fr-FR","potentialAction":[{"@type":"ReadAction","target":["https:\/\/www.lesgrottesdesaintcezaire.fr\/blog\/ca-se-propage-sur-internet-ouverture-du-festival-la-5e-saison\/"]}]},{"@type":"ImageObject","inLanguage":"fr-FR","@id":"https:\/\/www.lesgrottesdesaintcezaire.fr\/blog\/ca-se-propage-sur-internet-ouverture-du-festival-la-5e-saison\/#primaryimage","url":"https:\/\/www.lesgrottesdesaintcezaire.fr\/blog\/wp-content\/uploads\/2023\/05\/Ca-se-propage-sur-internet-Ouverture-du-festival-La-1024x760-1.jpg","contentUrl":"https:\/\/www.lesgrottesdesaintcezaire.fr\/blog\/wp-content\/uploads\/2023\/05\/Ca-se-propage-sur-internet-Ouverture-du-festival-La-1024x760-1.jpg","width":1024,"height":760,"caption":"Ca se propage sur internet Ouverture du festival La 1024x760 1"},{"@type":"BreadcrumbList","@id":"https:\/\/www.lesgrottesdesaintcezaire.fr\/blog\/ca-se-propage-sur-internet-ouverture-du-festival-la-5e-saison\/#breadcrumb","itemListElement":[{"@type":"ListItem","position":1,"name":"Accueil","item":"https:\/\/www.lesgrottesdesaintcezaire.fr\/blog\/"},{"@type":"ListItem","position":2,"name":"Ca se propage sur internet : Ouverture du festival La 5e saison"}]},{"@type":"WebSite","@id":"https:\/\/www.lesgrottesdesaintcezaire.fr\/blog\/#website","url":"https:\/\/www.lesgrottesdesaintcezaire.fr\/blog\/","name":"LESGROTTESDESAINTCEZAIRE","description":"Patrimoine: Le site de r\u00e9f\u00e9rence.","publisher":{"@id":"https:\/\/www.lesgrottesdesaintcezaire.fr\/blog\/#organization"},"potentialAction":[{"@type":"SearchAction","target":{"@type":"EntryPoint","urlTemplate":"https:\/\/www.lesgrottesdesaintcezaire.fr\/blog\/?s={search_term_string}"},"query-input":{"@type":"PropertyValueSpecification","valueRequired":true,"valueName":"search_term_string"}}],"inLanguage":"fr-FR"},{"@type":"Organization","@id":"https:\/\/www.lesgrottesdesaintcezaire.fr\/blog\/#organization","name":"lesgrottesdesaintcezaire","url":"https:\/\/www.lesgrottesdesaintcezaire.fr\/blog\/","logo":{"@type":"ImageObject","inLanguage":"fr-FR","@id":"https:\/\/www.lesgrottesdesaintcezaire.fr\/blog\/#\/schema\/logo\/image\/","url":"https:\/\/www.lesgrottesdesaintcezaire.fr\/blog\/wp-content\/uploads\/2022\/05\/logo-2.png","contentUrl":"https:\/\/www.lesgrottesdesaintcezaire.fr\/blog\/wp-content\/uploads\/2022\/05\/logo-2.png","width":150,"height":209,"caption":"lesgrottesdesaintcezaire"},"image":{"@id":"https:\/\/www.lesgrottesdesaintcezaire.fr\/blog\/#\/schema\/logo\/image\/"}},{"@type":"Person","@id":"https:\/\/www.lesgrottesdesaintcezaire.fr\/blog\/#\/schema\/person\/23d9a2ac249ecb9460a4ebce885adb9b","name":"Fabienne MOUTON","image":{"@type":"ImageObject","inLanguage":"fr-FR","@id":"https:\/\/secure.gravatar.com\/avatar\/856d7a14385bb0216de9c5cf9fb1160ddbd11c00be5bb16cfe389b9971309649?s=96&d=mm&r=g","url":"https:\/\/secure.gravatar.com\/avatar\/856d7a14385bb0216de9c5cf9fb1160ddbd11c00be5bb16cfe389b9971309649?s=96&d=mm&r=g","contentUrl":"https:\/\/secure.gravatar.com\/avatar\/856d7a14385bb0216de9c5cf9fb1160ddbd11c00be5bb16cfe389b9971309649?s=96&d=mm&r=g","caption":"Fabienne MOUTON"},"url":"https:\/\/www.lesgrottesdesaintcezaire.fr\/blog\/author\/irefabienne\/"}]}},"_links":{"self":[{"href":"https:\/\/www.lesgrottesdesaintcezaire.fr\/blog\/wp-json\/wp\/v2\/posts\/608","targetHints":{"allow":["GET"]}}],"collection":[{"href":"https:\/\/www.lesgrottesdesaintcezaire.fr\/blog\/wp-json\/wp\/v2\/posts"}],"about":[{"href":"https:\/\/www.lesgrottesdesaintcezaire.fr\/blog\/wp-json\/wp\/v2\/types\/post"}],"author":[{"embeddable":true,"href":"https:\/\/www.lesgrottesdesaintcezaire.fr\/blog\/wp-json\/wp\/v2\/users\/3"}],"replies":[{"embeddable":true,"href":"https:\/\/www.lesgrottesdesaintcezaire.fr\/blog\/wp-json\/wp\/v2\/comments?post=608"}],"version-history":[{"count":0,"href":"https:\/\/www.lesgrottesdesaintcezaire.fr\/blog\/wp-json\/wp\/v2\/posts\/608\/revisions"}],"wp:featuredmedia":[{"embeddable":true,"href":"https:\/\/www.lesgrottesdesaintcezaire.fr\/blog\/wp-json\/wp\/v2\/media\/609"}],"wp:attachment":[{"href":"https:\/\/www.lesgrottesdesaintcezaire.fr\/blog\/wp-json\/wp\/v2\/media?parent=608"}],"wp:term":[{"taxonomy":"category","embeddable":true,"href":"https:\/\/www.lesgrottesdesaintcezaire.fr\/blog\/wp-json\/wp\/v2\/categories?post=608"},{"taxonomy":"post_tag","embeddable":true,"href":"https:\/\/www.lesgrottesdesaintcezaire.fr\/blog\/wp-json\/wp\/v2\/tags?post=608"}],"curies":[{"name":"wp","href":"https:\/\/api.w.org\/{rel}","templated":true}]}}