{"id":615,"date":"2023-05-22T12:05:18","date_gmt":"2023-05-22T10:05:18","guid":{"rendered":"https:\/\/www.lesgrottesdesaintcezaire.fr\/blog\/revue-de-presse-web-perturbation-dans-la-collecte-des-dechets-a-niort\/"},"modified":"2023-05-22T12:05:18","modified_gmt":"2023-05-22T10:05:18","slug":"revue-de-presse-web-perturbation-dans-la-collecte-des-dechets-a-niort","status":"publish","type":"post","link":"https:\/\/www.lesgrottesdesaintcezaire.fr\/blog\/revue-de-presse-web-perturbation-dans-la-collecte-des-dechets-a-niort\/","title":{"rendered":"Revue de presse web  : Perturbation dans la collecte des d\u00e9chets \u00e0 Niort"},"content":{"rendered":"<div><img width=\"580\" height=\"398\" src=\"https:\/\/www.lesgrottesdesaintcezaire.fr\/blog\/wp-content\/uploads\/2023\/05\/Quoi-penser-de-ce-papier-Perturbations-de-la-collectes.jpg\" class=\"attachment-large size-large wp-post-image\" alt=\"Quoi-penser-de-ce-papier-Perturbations-de-la-collectes\" decoding=\"async\" loading=\"lazy\" style=\"float:left; margin:0 15px 15px 0;\" srcset=\"https:\/\/www.lesgrottesdesaintcezaire.fr\/blog\/wp-content\/uploads\/2023\/05\/Quoi-penser-de-ce-papier-Perturbations-de-la-collectes.jpg 1022w, https:\/\/www.site.cdcl.xyz\/wp-content\/uploads\/2022\/05\/Quoi-penser-de-ce-papier-Perturbations-de-la-collectes-300x206.jpg 300w, https:\/\/www.site.cdcl.xyz\/wp-content\/uploads\/2022\/05\/Quoi-penser-de-ce-papier-Perturbations-de-la-collectes-768x528.jpg 768w\" sizes=\"auto, (max-width: 580px) 100vw, 580px\"><\/p>\n<p>En explorant internet notre \u00e9quipe a relev\u00e9 un post qui va vous int\u00e9resser. Son propos est \u00ab\u00a0l\u2019arch\u00e9ologie\u00a0\u00bb.<\/p>\n<p>Le titre  (Perturbation dans la collecte des d\u00e9chets \u00e0 Niort) en dit long.<\/p>\n<p> Annonc\u00e9 sous la signature \u00abd\u2019anonymat<br \/>\n\u00bb, le pigiste est reconnu comme quelqu\u2019un de s\u00e9rieux pour d\u2019autres posts qu\u2019il a publi\u00e9s sur le web.<\/p>\n<p><img decoding=\"async\" src=\"https:\/\/www.lesgrottesdesaintcezaire.fr\/blog\/wp-content\/uploads\/2023\/05\/Cela-circule-sur-le-web-Perturbations-de-la-collectes.jpg\"><\/p>\n<div itemprop=\"articleBody\">\n<p>Des perturbations dans la collecte des d\u00e9chets sont annonc\u00e9es <strong>mardi 23 mai<\/strong> pour cause de panne technique de la petite benne qui collecte les impasses. Il est demand\u00e9 aux personnes d\u2019apporter leurs bacs en bout d\u2019impasse ou de rue.<\/p>\n<p><strong>pour les emballages :<\/strong><\/p>\n<ul class=\"list-normal\">\n<li>chemin du chant des Alouettes (c\u00f4t\u00e9 route d\u2019Aiffres)<\/li>\n<li>impasse Rigaud<\/li>\n<li>rue Chapeau<\/li>\n<li>rue Paul Bert (partie en impasse)<\/li>\n<li>impasse Gaspard Monge<\/li>\n<li>impasse Richard<\/li>\n<li>impasse du Clou Bouchet<\/li>\n<li>impasse des Equarts<\/li>\n<li>impasse du Qu\u00e9reux<\/li>\n<li>rue du Treillot : <strong>collecte avec la tourn\u00e9e du mercredi soir aux angles des rues Treillot\/Solferino et Treillot\/Chaudronnier<\/strong><\/li>\n<li>rue Rabelais\u00a0: <strong>collecte avec la tourn\u00e9e du mercredi soir aux angles des rues Rabelais\/Bujault et Rabelais\/Saint Maixent<\/strong><\/li>\n<li>rue de la Poterne : <strong>collecte avec la tourn\u00e9e du mercredi soir avec apports des bacs sur le quai bas ou rue de la R\u00e9gratterie au niveau de la placette face au n\u00b028<\/strong><\/li>\n<li>rue de la R\u00e9gratterie (n\u00b0 32 \u00e0 42 puis 27 \u00e0 47)\u00a0: <strong>collecte avec la tourn\u00e9e du mercredi soir avec apports des bacs sur le quai bas ou rue de la R\u00e9gratterie au niveau de la placette face au n\u00b028<\/strong><\/li>\n<li>quai de la R\u00e9gratterie\u00a0: <strong>collecte avec la tourn\u00e9e du jeudi soir avec apports des bacs sur le quai bas au niveau du n\u00b026 ou au niveau du n\u00b0 1 rue de la R\u00e9gratterie<\/strong><br \/>\u00a0<\/li>\n<\/ul>\n<p><strong>pour les ordures m\u00e9nag\u00e8res :<\/strong><\/p>\n<ul class=\"list-normal\">\n<li>chemin du chant des Alouettes (c\u00f4t\u00e9 route d\u2019Aiffres)<\/li>\n<li>impasse Rigaud<\/li>\n<li>rue Chapeau<\/li>\n<li>rue Paul Bert (partie en impasse)<\/li>\n<li>impasse Gaspard Monge<\/li>\n<li>impasse Richard<\/li>\n<li>impasse du Clou Bouchet<\/li>\n<li>impasse des Equarts<\/li>\n<li>impasse du Qu\u00e9reux<\/li>\n<li>rue du Treillot\u00a0: <strong>collecte avec la tourn\u00e9e du mardi soir aux angles des rues Treillot\/Solferino et Treillot\/Chaudronnier<\/strong><\/li>\n<li>rue de la Poterne : <strong>collecte avec la tourn\u00e9e du mardi soir avec apports des bacs sur le quai bas ou rue de la R\u00e9gratterie au niveau de la placette face au n\u00b028<\/strong><\/li>\n<li>rue de la R\u00e9gratterie (n\u00b0 32 \u00e0 42 puis 27 \u00e0 47)\u00a0: <strong>collecte avec la tourn\u00e9e du mardi soir avec apports des bacs sur le quai bas ou rue de la R\u00e9gratterie au niveau de la placette face au n\u00b028<\/strong><\/li>\n<li>quai de la R\u00e9gratterie\u00a0: <strong>collecte avec la tourn\u00e9e du mardi soir avec apports des bacs sur le quai bas au niveau du n\u00b026 ou au niveau du n\u00b0 1 rue de la R\u00e9gratterie<\/strong><br \/>\u00a0<\/li>\n<\/ul>\n<p><strong>pour le verre :<\/strong><\/p>\n<ul class=\"list-normal\">\n<li>chemin de Gayolles (partie en impasse)<\/li>\n<li>rue Isaac De Beausobre<\/li>\n<li>chemin du Moindreau<\/li>\n<li>rue Fr\u00e9d\u00e9ric Mistral<\/li>\n<li>rue des Vanelles<\/li>\n<li>route de Chauray (partie en impasse)<\/li>\n<\/ul>\n<\/div>\n<p>Lecture:<\/p>\n<p>Une enqu\u00eate de Mary Lester, tome 19 : L\u2019or du Louvre.,<a href=\"https:\/\/booknode.com\/une_enquete_de_mary_lester_tome_19_lor_du_louvre_057601\" target=\"_blank\" rel=\"noopener noreferrer nofollow\">Ouvrage <\/a><span><\/span>. A emprunter en biblioth\u00e8que.<\/p>\n<p>Pour une histoire de la pr\u00e9histoire oc\u00e9anienne.,<a href=\"https:\/\/www.kobo.com\/de\/fr\/ebook\/pour-une-histoire-de-la-prehistoire-oceanienne\" target=\"_blank\" rel=\"noopener noreferrer nofollow\">Clicker Ici <\/a><span><\/span>. Disponible dans toutes les bonnes biblioth\u00e8ques de votre d\u00e9partement.<\/p>\n<p>Un crocodile sur un banc de sable.,<a href=\"https:\/\/booknode.com\/un_crocodile_sur_un_banc_de_sable_049761\" target=\"_blank\" rel=\"noopener noreferrer nofollow\">Le livre <\/a><span><\/span>.<\/p>\n<p>Pharaon.,<a href=\"https:\/\/booknode.com\/pharaon_0876273\" target=\"_blank\" rel=\"noopener noreferrer nofollow\">Le livre <\/a><span><\/span>.<\/p>\n<\/div>\n","protected":false},"excerpt":{"rendered":"<p>En explorant internet notre \u00e9quipe a relev\u00e9 un post qui va vous int\u00e9resser. Son propos est \u00ab\u00a0l\u2019arch\u00e9ologie\u00a0\u00bb. Le titre (Perturbation dans la collecte des d\u00e9chets \u00e0 Niort) en dit long. Annonc\u00e9 sous la signature \u00abd\u2019anonymat \u00bb, le pigiste est reconnu comme quelqu\u2019un de s\u00e9rieux pour d\u2019autres posts qu\u2019il a publi\u00e9s sur le web. Des perturbations [&hellip;]<\/p>\n","protected":false},"author":3,"featured_media":616,"comment_status":"closed","ping_status":"closed","sticky":false,"template":"","format":"standard","meta":{"footnotes":""},"categories":[2],"tags":[],"class_list":["post-615","post","type-post","status-publish","format-standard","has-post-thumbnail","hentry","category-patrimoine","entry","has-media"],"yoast_head":"<!-- This site is optimized with the Yoast SEO plugin v27.5 - https:\/\/yoast.com\/product\/yoast-seo-wordpress\/ -->\n<title>Revue de presse web : Perturbation dans la collecte des d\u00e9chets \u00e0 Niort - LESGROTTESDESAINTCEZAIRE<\/title>\n<meta name=\"description\" content=\"Revue de presse web : Perturbation dans la collecte des d\u00e9chets \u00e0 Niort article de LESGROTTESDESAINTCEZAIRE\" \/>\n<meta name=\"robots\" content=\"index, follow, max-snippet:-1, max-image-preview:large, max-video-preview:-1\" \/>\n<link rel=\"canonical\" href=\"https:\/\/www.lesgrottesdesaintcezaire.fr\/blog\/revue-de-presse-web-perturbation-dans-la-collecte-des-dechets-a-niort\/\" \/>\n<meta property=\"og:locale\" content=\"fr_FR\" \/>\n<meta property=\"og:type\" content=\"article\" \/>\n<meta property=\"og:title\" content=\"Revue de presse web : Perturbation dans la collecte des d\u00e9chets \u00e0 Niort - LESGROTTESDESAINTCEZAIRE\" \/>\n<meta property=\"og:description\" content=\"Revue de presse web : Perturbation dans la collecte des d\u00e9chets \u00e0 Niort article de LESGROTTESDESAINTCEZAIRE\" \/>\n<meta property=\"og:url\" content=\"https:\/\/www.lesgrottesdesaintcezaire.fr\/blog\/revue-de-presse-web-perturbation-dans-la-collecte-des-dechets-a-niort\/\" \/>\n<meta property=\"og:site_name\" content=\"LESGROTTESDESAINTCEZAIRE\" \/>\n<meta property=\"article:published_time\" content=\"2023-05-22T10:05:18+00:00\" \/>\n<meta property=\"og:image\" content=\"https:\/\/www.lesgrottesdesaintcezaire.fr\/blog\/wp-content\/uploads\/2023\/05\/Quoi-penser-de-ce-papier-Perturbations-de-la-collectes.jpg\" \/>\n<meta name=\"author\" content=\"Fabienne MOUTON\" \/>\n<meta name=\"twitter:card\" content=\"summary_large_image\" \/>\n<meta name=\"twitter:label1\" content=\"\u00c9crit par\" \/>\n\t<meta name=\"twitter:data1\" content=\"Fabienne MOUTON\" \/>\n\t<meta name=\"twitter:label2\" content=\"Dur\u00e9e de lecture estim\u00e9e\" \/>\n\t<meta name=\"twitter:data2\" content=\"3 minutes\" \/>\n<script type=\"application\/ld+json\" class=\"yoast-schema-graph\">{\"@context\":\"https:\\\/\\\/schema.org\",\"@graph\":[{\"@type\":\"Article\",\"@id\":\"https:\\\/\\\/www.lesgrottesdesaintcezaire.fr\\\/blog\\\/revue-de-presse-web-perturbation-dans-la-collecte-des-dechets-a-niort\\\/#article\",\"isPartOf\":{\"@id\":\"https:\\\/\\\/www.lesgrottesdesaintcezaire.fr\\\/blog\\\/revue-de-presse-web-perturbation-dans-la-collecte-des-dechets-a-niort\\\/\"},\"author\":{\"name\":\"Fabienne MOUTON\",\"@id\":\"https:\\\/\\\/www.lesgrottesdesaintcezaire.fr\\\/blog\\\/#\\\/schema\\\/person\\\/23d9a2ac249ecb9460a4ebce885adb9b\"},\"headline\":\"Revue de presse web : Perturbation dans la collecte des d\u00e9chets \u00e0 Niort\",\"datePublished\":\"2023-05-22T10:05:18+00:00\",\"mainEntityOfPage\":{\"@id\":\"https:\\\/\\\/www.lesgrottesdesaintcezaire.fr\\\/blog\\\/revue-de-presse-web-perturbation-dans-la-collecte-des-dechets-a-niort\\\/\"},\"wordCount\":550,\"publisher\":{\"@id\":\"https:\\\/\\\/www.lesgrottesdesaintcezaire.fr\\\/blog\\\/#organization\"},\"image\":{\"@id\":\"https:\\\/\\\/www.lesgrottesdesaintcezaire.fr\\\/blog\\\/revue-de-presse-web-perturbation-dans-la-collecte-des-dechets-a-niort\\\/#primaryimage\"},\"thumbnailUrl\":\"https:\\\/\\\/www.lesgrottesdesaintcezaire.fr\\\/blog\\\/wp-content\\\/uploads\\\/2023\\\/05\\\/Quoi-penser-de-ce-papier-Perturbations-de-la-collectes.jpg\",\"articleSection\":[\"Patrimoine:\"],\"inLanguage\":\"fr-FR\"},{\"@type\":\"WebPage\",\"@id\":\"https:\\\/\\\/www.lesgrottesdesaintcezaire.fr\\\/blog\\\/revue-de-presse-web-perturbation-dans-la-collecte-des-dechets-a-niort\\\/\",\"url\":\"https:\\\/\\\/www.lesgrottesdesaintcezaire.fr\\\/blog\\\/revue-de-presse-web-perturbation-dans-la-collecte-des-dechets-a-niort\\\/\",\"name\":\"Revue de presse web : Perturbation dans la collecte des d\u00e9chets \u00e0 Niort - LESGROTTESDESAINTCEZAIRE\",\"isPartOf\":{\"@id\":\"https:\\\/\\\/www.lesgrottesdesaintcezaire.fr\\\/blog\\\/#website\"},\"primaryImageOfPage\":{\"@id\":\"https:\\\/\\\/www.lesgrottesdesaintcezaire.fr\\\/blog\\\/revue-de-presse-web-perturbation-dans-la-collecte-des-dechets-a-niort\\\/#primaryimage\"},\"image\":{\"@id\":\"https:\\\/\\\/www.lesgrottesdesaintcezaire.fr\\\/blog\\\/revue-de-presse-web-perturbation-dans-la-collecte-des-dechets-a-niort\\\/#primaryimage\"},\"thumbnailUrl\":\"https:\\\/\\\/www.lesgrottesdesaintcezaire.fr\\\/blog\\\/wp-content\\\/uploads\\\/2023\\\/05\\\/Quoi-penser-de-ce-papier-Perturbations-de-la-collectes.jpg\",\"datePublished\":\"2023-05-22T10:05:18+00:00\",\"description\":\"Revue de presse web : Perturbation dans la collecte des d\u00e9chets \u00e0 Niort article de LESGROTTESDESAINTCEZAIRE\",\"breadcrumb\":{\"@id\":\"https:\\\/\\\/www.lesgrottesdesaintcezaire.fr\\\/blog\\\/revue-de-presse-web-perturbation-dans-la-collecte-des-dechets-a-niort\\\/#breadcrumb\"},\"inLanguage\":\"fr-FR\",\"potentialAction\":[{\"@type\":\"ReadAction\",\"target\":[\"https:\\\/\\\/www.lesgrottesdesaintcezaire.fr\\\/blog\\\/revue-de-presse-web-perturbation-dans-la-collecte-des-dechets-a-niort\\\/\"]}]},{\"@type\":\"ImageObject\",\"inLanguage\":\"fr-FR\",\"@id\":\"https:\\\/\\\/www.lesgrottesdesaintcezaire.fr\\\/blog\\\/revue-de-presse-web-perturbation-dans-la-collecte-des-dechets-a-niort\\\/#primaryimage\",\"url\":\"https:\\\/\\\/www.lesgrottesdesaintcezaire.fr\\\/blog\\\/wp-content\\\/uploads\\\/2023\\\/05\\\/Quoi-penser-de-ce-papier-Perturbations-de-la-collectes.jpg\",\"contentUrl\":\"https:\\\/\\\/www.lesgrottesdesaintcezaire.fr\\\/blog\\\/wp-content\\\/uploads\\\/2023\\\/05\\\/Quoi-penser-de-ce-papier-Perturbations-de-la-collectes.jpg\",\"width\":1022,\"height\":702,\"caption\":\"Quoi penser de ce papier Perturbations de la collectes\"},{\"@type\":\"BreadcrumbList\",\"@id\":\"https:\\\/\\\/www.lesgrottesdesaintcezaire.fr\\\/blog\\\/revue-de-presse-web-perturbation-dans-la-collecte-des-dechets-a-niort\\\/#breadcrumb\",\"itemListElement\":[{\"@type\":\"ListItem\",\"position\":1,\"name\":\"Accueil\",\"item\":\"https:\\\/\\\/www.lesgrottesdesaintcezaire.fr\\\/blog\\\/\"},{\"@type\":\"ListItem\",\"position\":2,\"name\":\"Revue de presse web : Perturbation dans la collecte des d\u00e9chets \u00e0 Niort\"}]},{\"@type\":\"WebSite\",\"@id\":\"https:\\\/\\\/www.lesgrottesdesaintcezaire.fr\\\/blog\\\/#website\",\"url\":\"https:\\\/\\\/www.lesgrottesdesaintcezaire.fr\\\/blog\\\/\",\"name\":\"LESGROTTESDESAINTCEZAIRE\",\"description\":\"Patrimoine: Le site de r\u00e9f\u00e9rence.\",\"publisher\":{\"@id\":\"https:\\\/\\\/www.lesgrottesdesaintcezaire.fr\\\/blog\\\/#organization\"},\"potentialAction\":[{\"@type\":\"SearchAction\",\"target\":{\"@type\":\"EntryPoint\",\"urlTemplate\":\"https:\\\/\\\/www.lesgrottesdesaintcezaire.fr\\\/blog\\\/?s={search_term_string}\"},\"query-input\":{\"@type\":\"PropertyValueSpecification\",\"valueRequired\":true,\"valueName\":\"search_term_string\"}}],\"inLanguage\":\"fr-FR\"},{\"@type\":\"Organization\",\"@id\":\"https:\\\/\\\/www.lesgrottesdesaintcezaire.fr\\\/blog\\\/#organization\",\"name\":\"lesgrottesdesaintcezaire\",\"url\":\"https:\\\/\\\/www.lesgrottesdesaintcezaire.fr\\\/blog\\\/\",\"logo\":{\"@type\":\"ImageObject\",\"inLanguage\":\"fr-FR\",\"@id\":\"https:\\\/\\\/www.lesgrottesdesaintcezaire.fr\\\/blog\\\/#\\\/schema\\\/logo\\\/image\\\/\",\"url\":\"https:\\\/\\\/www.lesgrottesdesaintcezaire.fr\\\/blog\\\/wp-content\\\/uploads\\\/2022\\\/05\\\/logo-2.png\",\"contentUrl\":\"https:\\\/\\\/www.lesgrottesdesaintcezaire.fr\\\/blog\\\/wp-content\\\/uploads\\\/2022\\\/05\\\/logo-2.png\",\"width\":150,\"height\":209,\"caption\":\"lesgrottesdesaintcezaire\"},\"image\":{\"@id\":\"https:\\\/\\\/www.lesgrottesdesaintcezaire.fr\\\/blog\\\/#\\\/schema\\\/logo\\\/image\\\/\"}},{\"@type\":\"Person\",\"@id\":\"https:\\\/\\\/www.lesgrottesdesaintcezaire.fr\\\/blog\\\/#\\\/schema\\\/person\\\/23d9a2ac249ecb9460a4ebce885adb9b\",\"name\":\"Fabienne MOUTON\",\"image\":{\"@type\":\"ImageObject\",\"inLanguage\":\"fr-FR\",\"@id\":\"https:\\\/\\\/secure.gravatar.com\\\/avatar\\\/856d7a14385bb0216de9c5cf9fb1160ddbd11c00be5bb16cfe389b9971309649?s=96&d=mm&r=g\",\"url\":\"https:\\\/\\\/secure.gravatar.com\\\/avatar\\\/856d7a14385bb0216de9c5cf9fb1160ddbd11c00be5bb16cfe389b9971309649?s=96&d=mm&r=g\",\"contentUrl\":\"https:\\\/\\\/secure.gravatar.com\\\/avatar\\\/856d7a14385bb0216de9c5cf9fb1160ddbd11c00be5bb16cfe389b9971309649?s=96&d=mm&r=g\",\"caption\":\"Fabienne MOUTON\"},\"url\":\"https:\\\/\\\/www.lesgrottesdesaintcezaire.fr\\\/blog\\\/author\\\/irefabienne\\\/\"}]}<\/script>\n<!-- \/ Yoast SEO plugin. -->","yoast_head_json":{"title":"Revue de presse web : Perturbation dans la collecte des d\u00e9chets \u00e0 Niort - LESGROTTESDESAINTCEZAIRE","description":"Revue de presse web : Perturbation dans la collecte des d\u00e9chets \u00e0 Niort article de LESGROTTESDESAINTCEZAIRE","robots":{"index":"index","follow":"follow","max-snippet":"max-snippet:-1","max-image-preview":"max-image-preview:large","max-video-preview":"max-video-preview:-1"},"canonical":"https:\/\/www.lesgrottesdesaintcezaire.fr\/blog\/revue-de-presse-web-perturbation-dans-la-collecte-des-dechets-a-niort\/","og_locale":"fr_FR","og_type":"article","og_title":"Revue de presse web : Perturbation dans la collecte des d\u00e9chets \u00e0 Niort - LESGROTTESDESAINTCEZAIRE","og_description":"Revue de presse web : Perturbation dans la collecte des d\u00e9chets \u00e0 Niort article de LESGROTTESDESAINTCEZAIRE","og_url":"https:\/\/www.lesgrottesdesaintcezaire.fr\/blog\/revue-de-presse-web-perturbation-dans-la-collecte-des-dechets-a-niort\/","og_site_name":"LESGROTTESDESAINTCEZAIRE","article_published_time":"2023-05-22T10:05:18+00:00","og_image":[{"url":"https:\/\/www.lesgrottesdesaintcezaire.fr\/blog\/wp-content\/uploads\/2023\/05\/Quoi-penser-de-ce-papier-Perturbations-de-la-collectes.jpg","type":"","width":"","height":""}],"author":"Fabienne MOUTON","twitter_card":"summary_large_image","twitter_misc":{"\u00c9crit par":"Fabienne MOUTON","Dur\u00e9e de lecture estim\u00e9e":"3 minutes"},"schema":{"@context":"https:\/\/schema.org","@graph":[{"@type":"Article","@id":"https:\/\/www.lesgrottesdesaintcezaire.fr\/blog\/revue-de-presse-web-perturbation-dans-la-collecte-des-dechets-a-niort\/#article","isPartOf":{"@id":"https:\/\/www.lesgrottesdesaintcezaire.fr\/blog\/revue-de-presse-web-perturbation-dans-la-collecte-des-dechets-a-niort\/"},"author":{"name":"Fabienne MOUTON","@id":"https:\/\/www.lesgrottesdesaintcezaire.fr\/blog\/#\/schema\/person\/23d9a2ac249ecb9460a4ebce885adb9b"},"headline":"Revue de presse web : Perturbation dans la collecte des d\u00e9chets \u00e0 Niort","datePublished":"2023-05-22T10:05:18+00:00","mainEntityOfPage":{"@id":"https:\/\/www.lesgrottesdesaintcezaire.fr\/blog\/revue-de-presse-web-perturbation-dans-la-collecte-des-dechets-a-niort\/"},"wordCount":550,"publisher":{"@id":"https:\/\/www.lesgrottesdesaintcezaire.fr\/blog\/#organization"},"image":{"@id":"https:\/\/www.lesgrottesdesaintcezaire.fr\/blog\/revue-de-presse-web-perturbation-dans-la-collecte-des-dechets-a-niort\/#primaryimage"},"thumbnailUrl":"https:\/\/www.lesgrottesdesaintcezaire.fr\/blog\/wp-content\/uploads\/2023\/05\/Quoi-penser-de-ce-papier-Perturbations-de-la-collectes.jpg","articleSection":["Patrimoine:"],"inLanguage":"fr-FR"},{"@type":"WebPage","@id":"https:\/\/www.lesgrottesdesaintcezaire.fr\/blog\/revue-de-presse-web-perturbation-dans-la-collecte-des-dechets-a-niort\/","url":"https:\/\/www.lesgrottesdesaintcezaire.fr\/blog\/revue-de-presse-web-perturbation-dans-la-collecte-des-dechets-a-niort\/","name":"Revue de presse web : Perturbation dans la collecte des d\u00e9chets \u00e0 Niort - LESGROTTESDESAINTCEZAIRE","isPartOf":{"@id":"https:\/\/www.lesgrottesdesaintcezaire.fr\/blog\/#website"},"primaryImageOfPage":{"@id":"https:\/\/www.lesgrottesdesaintcezaire.fr\/blog\/revue-de-presse-web-perturbation-dans-la-collecte-des-dechets-a-niort\/#primaryimage"},"image":{"@id":"https:\/\/www.lesgrottesdesaintcezaire.fr\/blog\/revue-de-presse-web-perturbation-dans-la-collecte-des-dechets-a-niort\/#primaryimage"},"thumbnailUrl":"https:\/\/www.lesgrottesdesaintcezaire.fr\/blog\/wp-content\/uploads\/2023\/05\/Quoi-penser-de-ce-papier-Perturbations-de-la-collectes.jpg","datePublished":"2023-05-22T10:05:18+00:00","description":"Revue de presse web : Perturbation dans la collecte des d\u00e9chets \u00e0 Niort article de LESGROTTESDESAINTCEZAIRE","breadcrumb":{"@id":"https:\/\/www.lesgrottesdesaintcezaire.fr\/blog\/revue-de-presse-web-perturbation-dans-la-collecte-des-dechets-a-niort\/#breadcrumb"},"inLanguage":"fr-FR","potentialAction":[{"@type":"ReadAction","target":["https:\/\/www.lesgrottesdesaintcezaire.fr\/blog\/revue-de-presse-web-perturbation-dans-la-collecte-des-dechets-a-niort\/"]}]},{"@type":"ImageObject","inLanguage":"fr-FR","@id":"https:\/\/www.lesgrottesdesaintcezaire.fr\/blog\/revue-de-presse-web-perturbation-dans-la-collecte-des-dechets-a-niort\/#primaryimage","url":"https:\/\/www.lesgrottesdesaintcezaire.fr\/blog\/wp-content\/uploads\/2023\/05\/Quoi-penser-de-ce-papier-Perturbations-de-la-collectes.jpg","contentUrl":"https:\/\/www.lesgrottesdesaintcezaire.fr\/blog\/wp-content\/uploads\/2023\/05\/Quoi-penser-de-ce-papier-Perturbations-de-la-collectes.jpg","width":1022,"height":702,"caption":"Quoi penser de ce papier Perturbations de la collectes"},{"@type":"BreadcrumbList","@id":"https:\/\/www.lesgrottesdesaintcezaire.fr\/blog\/revue-de-presse-web-perturbation-dans-la-collecte-des-dechets-a-niort\/#breadcrumb","itemListElement":[{"@type":"ListItem","position":1,"name":"Accueil","item":"https:\/\/www.lesgrottesdesaintcezaire.fr\/blog\/"},{"@type":"ListItem","position":2,"name":"Revue de presse web : Perturbation dans la collecte des d\u00e9chets \u00e0 Niort"}]},{"@type":"WebSite","@id":"https:\/\/www.lesgrottesdesaintcezaire.fr\/blog\/#website","url":"https:\/\/www.lesgrottesdesaintcezaire.fr\/blog\/","name":"LESGROTTESDESAINTCEZAIRE","description":"Patrimoine: Le site de r\u00e9f\u00e9rence.","publisher":{"@id":"https:\/\/www.lesgrottesdesaintcezaire.fr\/blog\/#organization"},"potentialAction":[{"@type":"SearchAction","target":{"@type":"EntryPoint","urlTemplate":"https:\/\/www.lesgrottesdesaintcezaire.fr\/blog\/?s={search_term_string}"},"query-input":{"@type":"PropertyValueSpecification","valueRequired":true,"valueName":"search_term_string"}}],"inLanguage":"fr-FR"},{"@type":"Organization","@id":"https:\/\/www.lesgrottesdesaintcezaire.fr\/blog\/#organization","name":"lesgrottesdesaintcezaire","url":"https:\/\/www.lesgrottesdesaintcezaire.fr\/blog\/","logo":{"@type":"ImageObject","inLanguage":"fr-FR","@id":"https:\/\/www.lesgrottesdesaintcezaire.fr\/blog\/#\/schema\/logo\/image\/","url":"https:\/\/www.lesgrottesdesaintcezaire.fr\/blog\/wp-content\/uploads\/2022\/05\/logo-2.png","contentUrl":"https:\/\/www.lesgrottesdesaintcezaire.fr\/blog\/wp-content\/uploads\/2022\/05\/logo-2.png","width":150,"height":209,"caption":"lesgrottesdesaintcezaire"},"image":{"@id":"https:\/\/www.lesgrottesdesaintcezaire.fr\/blog\/#\/schema\/logo\/image\/"}},{"@type":"Person","@id":"https:\/\/www.lesgrottesdesaintcezaire.fr\/blog\/#\/schema\/person\/23d9a2ac249ecb9460a4ebce885adb9b","name":"Fabienne MOUTON","image":{"@type":"ImageObject","inLanguage":"fr-FR","@id":"https:\/\/secure.gravatar.com\/avatar\/856d7a14385bb0216de9c5cf9fb1160ddbd11c00be5bb16cfe389b9971309649?s=96&d=mm&r=g","url":"https:\/\/secure.gravatar.com\/avatar\/856d7a14385bb0216de9c5cf9fb1160ddbd11c00be5bb16cfe389b9971309649?s=96&d=mm&r=g","contentUrl":"https:\/\/secure.gravatar.com\/avatar\/856d7a14385bb0216de9c5cf9fb1160ddbd11c00be5bb16cfe389b9971309649?s=96&d=mm&r=g","caption":"Fabienne MOUTON"},"url":"https:\/\/www.lesgrottesdesaintcezaire.fr\/blog\/author\/irefabienne\/"}]}},"_links":{"self":[{"href":"https:\/\/www.lesgrottesdesaintcezaire.fr\/blog\/wp-json\/wp\/v2\/posts\/615","targetHints":{"allow":["GET"]}}],"collection":[{"href":"https:\/\/www.lesgrottesdesaintcezaire.fr\/blog\/wp-json\/wp\/v2\/posts"}],"about":[{"href":"https:\/\/www.lesgrottesdesaintcezaire.fr\/blog\/wp-json\/wp\/v2\/types\/post"}],"author":[{"embeddable":true,"href":"https:\/\/www.lesgrottesdesaintcezaire.fr\/blog\/wp-json\/wp\/v2\/users\/3"}],"replies":[{"embeddable":true,"href":"https:\/\/www.lesgrottesdesaintcezaire.fr\/blog\/wp-json\/wp\/v2\/comments?post=615"}],"version-history":[{"count":0,"href":"https:\/\/www.lesgrottesdesaintcezaire.fr\/blog\/wp-json\/wp\/v2\/posts\/615\/revisions"}],"wp:featuredmedia":[{"embeddable":true,"href":"https:\/\/www.lesgrottesdesaintcezaire.fr\/blog\/wp-json\/wp\/v2\/media\/616"}],"wp:attachment":[{"href":"https:\/\/www.lesgrottesdesaintcezaire.fr\/blog\/wp-json\/wp\/v2\/media?parent=615"}],"wp:term":[{"taxonomy":"category","embeddable":true,"href":"https:\/\/www.lesgrottesdesaintcezaire.fr\/blog\/wp-json\/wp\/v2\/categories?post=615"},{"taxonomy":"post_tag","embeddable":true,"href":"https:\/\/www.lesgrottesdesaintcezaire.fr\/blog\/wp-json\/wp\/v2\/tags?post=615"}],"curies":[{"name":"wp","href":"https:\/\/api.w.org\/{rel}","templated":true}]}}