{"id":62,"date":"2022-05-25T12:02:06","date_gmt":"2022-05-25T10:02:06","guid":{"rendered":"https:\/\/www.lesgrottesdesaintcezaire.fr\/blog\/quoi-retenir-de-ce-texte-journees-europeennes-de-larcheologie-musee-de-prehistoire-ile-de-france\/"},"modified":"2022-05-25T12:02:06","modified_gmt":"2022-05-25T10:02:06","slug":"quoi-retenir-de-ce-texte-journees-europeennes-de-larcheologie-musee-de-prehistoire-ile-de-france","status":"publish","type":"post","link":"https:\/\/www.lesgrottesdesaintcezaire.fr\/blog\/quoi-retenir-de-ce-texte-journees-europeennes-de-larcheologie-musee-de-prehistoire-ile-de-france\/","title":{"rendered":"Quoi retenir de ce texte  : Journ\u00e9es europ\u00e9ennes de l\u2019arch\u00e9ologie | Mus\u00e9e de Pr\u00e9histoire \u00cele-de-France"},"content":{"rendered":"<div>\n<p>En enqu\u00eatant sur le web nous avons d\u00e9couvert un article qui va vous plaire. Son sujet est \u00ab\u00a0l\u2019arch\u00e9ologie\u00a0\u00bb.<\/p>\n<p>Son titre troublant (Journ\u00e9es europ\u00e9ennes de l\u2019arch\u00e9ologie | Mus\u00e9e de Pr\u00e9histoire \u00cele-de-France) est parlant.<\/p>\n<p> Annonc\u00e9 sous le nom \u00abprehistoire\u00bb, le r\u00e9dacteur est reconnu comme quelqu\u2019un de s\u00e9rieux pour plusieurs autres encarts qu\u2019il a publi\u00e9s sur internet.<\/p>\n<p>Il n\u2019y a aucune raison de ne pas croire du s\u00e9rieux de ces informations.<\/p>\n<div>\n<p><em>Avec Benoit Bourdon, Service des publics du Mus\u00e9e d\u00e9partemental de la Seine-et-Marne<\/em><\/p>\n<p>D\u00e9couvrez les mani\u00e8res de rendre la terre fertile aux diff\u00e9rents bl\u00e9s. Par de petites manipulations retrouvez les gestes adapt\u00e9s au van, au fl\u00e9au ou au battage de la faucille. \u00c0 l\u2019aide de maquettes, d\u00e9couvrez la transformation en farine avec les fameuses meules de la Fert\u00e9-sous-Jouarre (Seine-et-Marne).<\/p>\n<p>Cet atelier permet de se familiariser avec les sortes de c\u00e9r\u00e9ales aujourd\u2019hui et les transformations techniques et sociales de cette culture mill\u00e9naire.<\/p>\n<p>Tous publics. Sans r\u00e9servation<\/p>\n<ul>\n<li>dimanche 19 juin de 10h \u00e0 12h30 et de 14h \u00e0 17h30\u00a0<\/li>\n<\/ul>\n<p>\u00a0<\/p>\n<\/div>\n<p>Ce objet vous a passionn\u00e9 vous aimerez tout autant ces livres:<\/p>\n<p>REVUE ARCHEOLOGIQUE DE L\u2019EST n.40 ; l\u2019homme et son environnement : des lacs, des montagnes et des rivi\u00e8res ; bulles d\u2019arch\u00e9ologie offertes \u00e0 Andr\u00e9 Marguet.,<a href=\"https:\/\/www.epagine.fr\/ebook\/9782915544763-revue-archeologique-de-l-est-n-40-l-homme-et-son-environnement-des-lacs-des-montagnes-et-des-rivieres-bulles-d-archeologie-offertes-a-andre-marguet-revue-archeologique-de-l-est\/\" target=\"_blank\" rel=\"noopener noreferrer nofollow\">Ouvrage <\/a><span><\/span>.<\/p>\n<p>Pomp\u00e9i : la cit\u00e9 ensevelie.,<a href=\"https:\/\/booknode.com\/pompei_la_cite_ensevelie_050130\" target=\"_blank\" rel=\"noopener noreferrer nofollow\">Ouvrage <\/a><span><\/span>. A emprunter en biblioth\u00e8que.<\/p>\n<p>Ultime espoir.,<a href=\"https:\/\/booknode.com\/ultime_espoir_070688\" target=\"_blank\" rel=\"noopener noreferrer nofollow\">(Disponible) <\/a><span><\/span>.<\/p>\n<p>Manuel d\u2019arch\u00e9ologie.,<a href=\"https:\/\/www.epagine.fr\/ebook\/9782200619169-manuel-d-archeologie-francois-djindjian\/\" target=\"_blank\" rel=\"noopener noreferrer nofollow\">Le livre <\/a><span><\/span>.<\/p>\n<\/div>\n","protected":false},"excerpt":{"rendered":"<p>En enqu\u00eatant sur le web nous avons d\u00e9couvert un article qui va vous plaire. Son sujet est \u00ab\u00a0l\u2019arch\u00e9ologie\u00a0\u00bb. Son titre troublant (Journ\u00e9es europ\u00e9ennes de l\u2019arch\u00e9ologie | Mus\u00e9e de Pr\u00e9histoire \u00cele-de-France) est parlant. Annonc\u00e9 sous le nom \u00abprehistoire\u00bb, le r\u00e9dacteur est reconnu comme quelqu\u2019un de s\u00e9rieux pour plusieurs autres encarts qu\u2019il a publi\u00e9s sur internet. Il [&hellip;]<\/p>\n","protected":false},"author":3,"featured_media":63,"comment_status":"closed","ping_status":"closed","sticky":false,"template":"","format":"standard","meta":{"footnotes":""},"categories":[2],"tags":[],"class_list":["post-62","post","type-post","status-publish","format-standard","has-post-thumbnail","hentry","category-patrimoine","entry","has-media"],"yoast_head":"<!-- This site is optimized with the Yoast SEO plugin v27.5 - https:\/\/yoast.com\/product\/yoast-seo-wordpress\/ -->\n<title>Quoi retenir de ce texte : Journ\u00e9es europ\u00e9ennes de l\u2019arch\u00e9ologie | Mus\u00e9e de Pr\u00e9histoire \u00cele-de-France - LESGROTTESDESAINTCEZAIRE<\/title>\n<meta name=\"description\" content=\"Quoi retenir de ce texte : Journ\u00e9es europ\u00e9ennes de l\u2019arch\u00e9ologie | Mus\u00e9e de Pr\u00e9histoire \u00cele-de-France article de LESGROTTESDESAINTCEZAIRE\" \/>\n<meta name=\"robots\" content=\"index, follow, max-snippet:-1, max-image-preview:large, max-video-preview:-1\" \/>\n<link rel=\"canonical\" href=\"https:\/\/www.lesgrottesdesaintcezaire.fr\/blog\/quoi-retenir-de-ce-texte-journees-europeennes-de-larcheologie-musee-de-prehistoire-ile-de-france\/\" \/>\n<meta property=\"og:locale\" content=\"fr_FR\" \/>\n<meta property=\"og:type\" content=\"article\" \/>\n<meta property=\"og:title\" content=\"Quoi retenir de ce texte : Journ\u00e9es europ\u00e9ennes de l\u2019arch\u00e9ologie | Mus\u00e9e de Pr\u00e9histoire \u00cele-de-France - LESGROTTESDESAINTCEZAIRE\" \/>\n<meta property=\"og:description\" content=\"Quoi retenir de ce texte : Journ\u00e9es europ\u00e9ennes de l\u2019arch\u00e9ologie | Mus\u00e9e de Pr\u00e9histoire \u00cele-de-France article de LESGROTTESDESAINTCEZAIRE\" \/>\n<meta property=\"og:url\" content=\"https:\/\/www.lesgrottesdesaintcezaire.fr\/blog\/quoi-retenir-de-ce-texte-journees-europeennes-de-larcheologie-musee-de-prehistoire-ile-de-france\/\" \/>\n<meta property=\"og:site_name\" content=\"LESGROTTESDESAINTCEZAIRE\" \/>\n<meta property=\"article:published_time\" content=\"2022-05-25T10:02:06+00:00\" \/>\n<meta property=\"og:image\" content=\"https:\/\/www.lesgrottesdesaintcezaire.fr\/blog\/wp-content\/uploads\/2022\/05\/arch-ologie-1.jpg\" \/>\n\t<meta property=\"og:image:width\" content=\"640\" \/>\n\t<meta property=\"og:image:height\" content=\"640\" \/>\n\t<meta property=\"og:image:type\" content=\"image\/jpeg\" \/>\n<meta name=\"author\" content=\"Fabienne MOUTON\" \/>\n<meta name=\"twitter:card\" content=\"summary_large_image\" \/>\n<meta name=\"twitter:label1\" content=\"\u00c9crit par\" \/>\n\t<meta name=\"twitter:data1\" content=\"Fabienne MOUTON\" \/>\n\t<meta name=\"twitter:label2\" content=\"Dur\u00e9e de lecture estim\u00e9e\" \/>\n\t<meta name=\"twitter:data2\" content=\"1 minute\" \/>\n<script type=\"application\/ld+json\" class=\"yoast-schema-graph\">{\"@context\":\"https:\\\/\\\/schema.org\",\"@graph\":[{\"@type\":\"Article\",\"@id\":\"https:\\\/\\\/www.lesgrottesdesaintcezaire.fr\\\/blog\\\/quoi-retenir-de-ce-texte-journees-europeennes-de-larcheologie-musee-de-prehistoire-ile-de-france\\\/#article\",\"isPartOf\":{\"@id\":\"https:\\\/\\\/www.lesgrottesdesaintcezaire.fr\\\/blog\\\/quoi-retenir-de-ce-texte-journees-europeennes-de-larcheologie-musee-de-prehistoire-ile-de-france\\\/\"},\"author\":{\"name\":\"Fabienne MOUTON\",\"@id\":\"https:\\\/\\\/www.lesgrottesdesaintcezaire.fr\\\/blog\\\/#\\\/schema\\\/person\\\/23d9a2ac249ecb9460a4ebce885adb9b\"},\"headline\":\"Quoi retenir de ce texte : Journ\u00e9es europ\u00e9ennes de l\u2019arch\u00e9ologie | Mus\u00e9e de Pr\u00e9histoire \u00cele-de-France\",\"datePublished\":\"2022-05-25T10:02:06+00:00\",\"mainEntityOfPage\":{\"@id\":\"https:\\\/\\\/www.lesgrottesdesaintcezaire.fr\\\/blog\\\/quoi-retenir-de-ce-texte-journees-europeennes-de-larcheologie-musee-de-prehistoire-ile-de-france\\\/\"},\"wordCount\":269,\"publisher\":{\"@id\":\"https:\\\/\\\/www.lesgrottesdesaintcezaire.fr\\\/blog\\\/#organization\"},\"image\":{\"@id\":\"https:\\\/\\\/www.lesgrottesdesaintcezaire.fr\\\/blog\\\/quoi-retenir-de-ce-texte-journees-europeennes-de-larcheologie-musee-de-prehistoire-ile-de-france\\\/#primaryimage\"},\"thumbnailUrl\":\"https:\\\/\\\/www.lesgrottesdesaintcezaire.fr\\\/blog\\\/wp-content\\\/uploads\\\/2022\\\/05\\\/arch-ologie-1.jpg\",\"articleSection\":[\"Patrimoine:\"],\"inLanguage\":\"fr-FR\"},{\"@type\":\"WebPage\",\"@id\":\"https:\\\/\\\/www.lesgrottesdesaintcezaire.fr\\\/blog\\\/quoi-retenir-de-ce-texte-journees-europeennes-de-larcheologie-musee-de-prehistoire-ile-de-france\\\/\",\"url\":\"https:\\\/\\\/www.lesgrottesdesaintcezaire.fr\\\/blog\\\/quoi-retenir-de-ce-texte-journees-europeennes-de-larcheologie-musee-de-prehistoire-ile-de-france\\\/\",\"name\":\"Quoi retenir de ce texte : Journ\u00e9es europ\u00e9ennes de l\u2019arch\u00e9ologie | Mus\u00e9e de Pr\u00e9histoire \u00cele-de-France - LESGROTTESDESAINTCEZAIRE\",\"isPartOf\":{\"@id\":\"https:\\\/\\\/www.lesgrottesdesaintcezaire.fr\\\/blog\\\/#website\"},\"primaryImageOfPage\":{\"@id\":\"https:\\\/\\\/www.lesgrottesdesaintcezaire.fr\\\/blog\\\/quoi-retenir-de-ce-texte-journees-europeennes-de-larcheologie-musee-de-prehistoire-ile-de-france\\\/#primaryimage\"},\"image\":{\"@id\":\"https:\\\/\\\/www.lesgrottesdesaintcezaire.fr\\\/blog\\\/quoi-retenir-de-ce-texte-journees-europeennes-de-larcheologie-musee-de-prehistoire-ile-de-france\\\/#primaryimage\"},\"thumbnailUrl\":\"https:\\\/\\\/www.lesgrottesdesaintcezaire.fr\\\/blog\\\/wp-content\\\/uploads\\\/2022\\\/05\\\/arch-ologie-1.jpg\",\"datePublished\":\"2022-05-25T10:02:06+00:00\",\"description\":\"Quoi retenir de ce texte : Journ\u00e9es europ\u00e9ennes de l\u2019arch\u00e9ologie | Mus\u00e9e de Pr\u00e9histoire \u00cele-de-France article de LESGROTTESDESAINTCEZAIRE\",\"breadcrumb\":{\"@id\":\"https:\\\/\\\/www.lesgrottesdesaintcezaire.fr\\\/blog\\\/quoi-retenir-de-ce-texte-journees-europeennes-de-larcheologie-musee-de-prehistoire-ile-de-france\\\/#breadcrumb\"},\"inLanguage\":\"fr-FR\",\"potentialAction\":[{\"@type\":\"ReadAction\",\"target\":[\"https:\\\/\\\/www.lesgrottesdesaintcezaire.fr\\\/blog\\\/quoi-retenir-de-ce-texte-journees-europeennes-de-larcheologie-musee-de-prehistoire-ile-de-france\\\/\"]}]},{\"@type\":\"ImageObject\",\"inLanguage\":\"fr-FR\",\"@id\":\"https:\\\/\\\/www.lesgrottesdesaintcezaire.fr\\\/blog\\\/quoi-retenir-de-ce-texte-journees-europeennes-de-larcheologie-musee-de-prehistoire-ile-de-france\\\/#primaryimage\",\"url\":\"https:\\\/\\\/www.lesgrottesdesaintcezaire.fr\\\/blog\\\/wp-content\\\/uploads\\\/2022\\\/05\\\/arch-ologie-1.jpg\",\"contentUrl\":\"https:\\\/\\\/www.lesgrottesdesaintcezaire.fr\\\/blog\\\/wp-content\\\/uploads\\\/2022\\\/05\\\/arch-ologie-1.jpg\",\"width\":640,\"height\":640,\"caption\":\"arch ologie 1\"},{\"@type\":\"BreadcrumbList\",\"@id\":\"https:\\\/\\\/www.lesgrottesdesaintcezaire.fr\\\/blog\\\/quoi-retenir-de-ce-texte-journees-europeennes-de-larcheologie-musee-de-prehistoire-ile-de-france\\\/#breadcrumb\",\"itemListElement\":[{\"@type\":\"ListItem\",\"position\":1,\"name\":\"Accueil\",\"item\":\"https:\\\/\\\/www.lesgrottesdesaintcezaire.fr\\\/blog\\\/\"},{\"@type\":\"ListItem\",\"position\":2,\"name\":\"Quoi retenir de ce texte : Journ\u00e9es europ\u00e9ennes de l\u2019arch\u00e9ologie | Mus\u00e9e de Pr\u00e9histoire \u00cele-de-France\"}]},{\"@type\":\"WebSite\",\"@id\":\"https:\\\/\\\/www.lesgrottesdesaintcezaire.fr\\\/blog\\\/#website\",\"url\":\"https:\\\/\\\/www.lesgrottesdesaintcezaire.fr\\\/blog\\\/\",\"name\":\"LESGROTTESDESAINTCEZAIRE\",\"description\":\"Patrimoine: Le site de r\u00e9f\u00e9rence.\",\"publisher\":{\"@id\":\"https:\\\/\\\/www.lesgrottesdesaintcezaire.fr\\\/blog\\\/#organization\"},\"potentialAction\":[{\"@type\":\"SearchAction\",\"target\":{\"@type\":\"EntryPoint\",\"urlTemplate\":\"https:\\\/\\\/www.lesgrottesdesaintcezaire.fr\\\/blog\\\/?s={search_term_string}\"},\"query-input\":{\"@type\":\"PropertyValueSpecification\",\"valueRequired\":true,\"valueName\":\"search_term_string\"}}],\"inLanguage\":\"fr-FR\"},{\"@type\":\"Organization\",\"@id\":\"https:\\\/\\\/www.lesgrottesdesaintcezaire.fr\\\/blog\\\/#organization\",\"name\":\"lesgrottesdesaintcezaire\",\"url\":\"https:\\\/\\\/www.lesgrottesdesaintcezaire.fr\\\/blog\\\/\",\"logo\":{\"@type\":\"ImageObject\",\"inLanguage\":\"fr-FR\",\"@id\":\"https:\\\/\\\/www.lesgrottesdesaintcezaire.fr\\\/blog\\\/#\\\/schema\\\/logo\\\/image\\\/\",\"url\":\"https:\\\/\\\/www.lesgrottesdesaintcezaire.fr\\\/blog\\\/wp-content\\\/uploads\\\/2022\\\/05\\\/logo-2.png\",\"contentUrl\":\"https:\\\/\\\/www.lesgrottesdesaintcezaire.fr\\\/blog\\\/wp-content\\\/uploads\\\/2022\\\/05\\\/logo-2.png\",\"width\":150,\"height\":209,\"caption\":\"lesgrottesdesaintcezaire\"},\"image\":{\"@id\":\"https:\\\/\\\/www.lesgrottesdesaintcezaire.fr\\\/blog\\\/#\\\/schema\\\/logo\\\/image\\\/\"}},{\"@type\":\"Person\",\"@id\":\"https:\\\/\\\/www.lesgrottesdesaintcezaire.fr\\\/blog\\\/#\\\/schema\\\/person\\\/23d9a2ac249ecb9460a4ebce885adb9b\",\"name\":\"Fabienne MOUTON\",\"image\":{\"@type\":\"ImageObject\",\"inLanguage\":\"fr-FR\",\"@id\":\"https:\\\/\\\/secure.gravatar.com\\\/avatar\\\/856d7a14385bb0216de9c5cf9fb1160ddbd11c00be5bb16cfe389b9971309649?s=96&d=mm&r=g\",\"url\":\"https:\\\/\\\/secure.gravatar.com\\\/avatar\\\/856d7a14385bb0216de9c5cf9fb1160ddbd11c00be5bb16cfe389b9971309649?s=96&d=mm&r=g\",\"contentUrl\":\"https:\\\/\\\/secure.gravatar.com\\\/avatar\\\/856d7a14385bb0216de9c5cf9fb1160ddbd11c00be5bb16cfe389b9971309649?s=96&d=mm&r=g\",\"caption\":\"Fabienne MOUTON\"},\"url\":\"https:\\\/\\\/www.lesgrottesdesaintcezaire.fr\\\/blog\\\/author\\\/irefabienne\\\/\"}]}<\/script>\n<!-- \/ Yoast SEO plugin. -->","yoast_head_json":{"title":"Quoi retenir de ce texte : Journ\u00e9es europ\u00e9ennes de l\u2019arch\u00e9ologie | Mus\u00e9e de Pr\u00e9histoire \u00cele-de-France - LESGROTTESDESAINTCEZAIRE","description":"Quoi retenir de ce texte : Journ\u00e9es europ\u00e9ennes de l\u2019arch\u00e9ologie | Mus\u00e9e de Pr\u00e9histoire \u00cele-de-France article de LESGROTTESDESAINTCEZAIRE","robots":{"index":"index","follow":"follow","max-snippet":"max-snippet:-1","max-image-preview":"max-image-preview:large","max-video-preview":"max-video-preview:-1"},"canonical":"https:\/\/www.lesgrottesdesaintcezaire.fr\/blog\/quoi-retenir-de-ce-texte-journees-europeennes-de-larcheologie-musee-de-prehistoire-ile-de-france\/","og_locale":"fr_FR","og_type":"article","og_title":"Quoi retenir de ce texte : Journ\u00e9es europ\u00e9ennes de l\u2019arch\u00e9ologie | Mus\u00e9e de Pr\u00e9histoire \u00cele-de-France - LESGROTTESDESAINTCEZAIRE","og_description":"Quoi retenir de ce texte : Journ\u00e9es europ\u00e9ennes de l\u2019arch\u00e9ologie | Mus\u00e9e de Pr\u00e9histoire \u00cele-de-France article de LESGROTTESDESAINTCEZAIRE","og_url":"https:\/\/www.lesgrottesdesaintcezaire.fr\/blog\/quoi-retenir-de-ce-texte-journees-europeennes-de-larcheologie-musee-de-prehistoire-ile-de-france\/","og_site_name":"LESGROTTESDESAINTCEZAIRE","article_published_time":"2022-05-25T10:02:06+00:00","og_image":[{"width":640,"height":640,"url":"https:\/\/www.lesgrottesdesaintcezaire.fr\/blog\/wp-content\/uploads\/2022\/05\/arch-ologie-1.jpg","type":"image\/jpeg"}],"author":"Fabienne MOUTON","twitter_card":"summary_large_image","twitter_misc":{"\u00c9crit par":"Fabienne MOUTON","Dur\u00e9e de lecture estim\u00e9e":"1 minute"},"schema":{"@context":"https:\/\/schema.org","@graph":[{"@type":"Article","@id":"https:\/\/www.lesgrottesdesaintcezaire.fr\/blog\/quoi-retenir-de-ce-texte-journees-europeennes-de-larcheologie-musee-de-prehistoire-ile-de-france\/#article","isPartOf":{"@id":"https:\/\/www.lesgrottesdesaintcezaire.fr\/blog\/quoi-retenir-de-ce-texte-journees-europeennes-de-larcheologie-musee-de-prehistoire-ile-de-france\/"},"author":{"name":"Fabienne MOUTON","@id":"https:\/\/www.lesgrottesdesaintcezaire.fr\/blog\/#\/schema\/person\/23d9a2ac249ecb9460a4ebce885adb9b"},"headline":"Quoi retenir de ce texte : Journ\u00e9es europ\u00e9ennes de l\u2019arch\u00e9ologie | Mus\u00e9e de Pr\u00e9histoire \u00cele-de-France","datePublished":"2022-05-25T10:02:06+00:00","mainEntityOfPage":{"@id":"https:\/\/www.lesgrottesdesaintcezaire.fr\/blog\/quoi-retenir-de-ce-texte-journees-europeennes-de-larcheologie-musee-de-prehistoire-ile-de-france\/"},"wordCount":269,"publisher":{"@id":"https:\/\/www.lesgrottesdesaintcezaire.fr\/blog\/#organization"},"image":{"@id":"https:\/\/www.lesgrottesdesaintcezaire.fr\/blog\/quoi-retenir-de-ce-texte-journees-europeennes-de-larcheologie-musee-de-prehistoire-ile-de-france\/#primaryimage"},"thumbnailUrl":"https:\/\/www.lesgrottesdesaintcezaire.fr\/blog\/wp-content\/uploads\/2022\/05\/arch-ologie-1.jpg","articleSection":["Patrimoine:"],"inLanguage":"fr-FR"},{"@type":"WebPage","@id":"https:\/\/www.lesgrottesdesaintcezaire.fr\/blog\/quoi-retenir-de-ce-texte-journees-europeennes-de-larcheologie-musee-de-prehistoire-ile-de-france\/","url":"https:\/\/www.lesgrottesdesaintcezaire.fr\/blog\/quoi-retenir-de-ce-texte-journees-europeennes-de-larcheologie-musee-de-prehistoire-ile-de-france\/","name":"Quoi retenir de ce texte : Journ\u00e9es europ\u00e9ennes de l\u2019arch\u00e9ologie | Mus\u00e9e de Pr\u00e9histoire \u00cele-de-France - LESGROTTESDESAINTCEZAIRE","isPartOf":{"@id":"https:\/\/www.lesgrottesdesaintcezaire.fr\/blog\/#website"},"primaryImageOfPage":{"@id":"https:\/\/www.lesgrottesdesaintcezaire.fr\/blog\/quoi-retenir-de-ce-texte-journees-europeennes-de-larcheologie-musee-de-prehistoire-ile-de-france\/#primaryimage"},"image":{"@id":"https:\/\/www.lesgrottesdesaintcezaire.fr\/blog\/quoi-retenir-de-ce-texte-journees-europeennes-de-larcheologie-musee-de-prehistoire-ile-de-france\/#primaryimage"},"thumbnailUrl":"https:\/\/www.lesgrottesdesaintcezaire.fr\/blog\/wp-content\/uploads\/2022\/05\/arch-ologie-1.jpg","datePublished":"2022-05-25T10:02:06+00:00","description":"Quoi retenir de ce texte : Journ\u00e9es europ\u00e9ennes de l\u2019arch\u00e9ologie | Mus\u00e9e de Pr\u00e9histoire \u00cele-de-France article de LESGROTTESDESAINTCEZAIRE","breadcrumb":{"@id":"https:\/\/www.lesgrottesdesaintcezaire.fr\/blog\/quoi-retenir-de-ce-texte-journees-europeennes-de-larcheologie-musee-de-prehistoire-ile-de-france\/#breadcrumb"},"inLanguage":"fr-FR","potentialAction":[{"@type":"ReadAction","target":["https:\/\/www.lesgrottesdesaintcezaire.fr\/blog\/quoi-retenir-de-ce-texte-journees-europeennes-de-larcheologie-musee-de-prehistoire-ile-de-france\/"]}]},{"@type":"ImageObject","inLanguage":"fr-FR","@id":"https:\/\/www.lesgrottesdesaintcezaire.fr\/blog\/quoi-retenir-de-ce-texte-journees-europeennes-de-larcheologie-musee-de-prehistoire-ile-de-france\/#primaryimage","url":"https:\/\/www.lesgrottesdesaintcezaire.fr\/blog\/wp-content\/uploads\/2022\/05\/arch-ologie-1.jpg","contentUrl":"https:\/\/www.lesgrottesdesaintcezaire.fr\/blog\/wp-content\/uploads\/2022\/05\/arch-ologie-1.jpg","width":640,"height":640,"caption":"arch ologie 1"},{"@type":"BreadcrumbList","@id":"https:\/\/www.lesgrottesdesaintcezaire.fr\/blog\/quoi-retenir-de-ce-texte-journees-europeennes-de-larcheologie-musee-de-prehistoire-ile-de-france\/#breadcrumb","itemListElement":[{"@type":"ListItem","position":1,"name":"Accueil","item":"https:\/\/www.lesgrottesdesaintcezaire.fr\/blog\/"},{"@type":"ListItem","position":2,"name":"Quoi retenir de ce texte : Journ\u00e9es europ\u00e9ennes de l\u2019arch\u00e9ologie | Mus\u00e9e de Pr\u00e9histoire \u00cele-de-France"}]},{"@type":"WebSite","@id":"https:\/\/www.lesgrottesdesaintcezaire.fr\/blog\/#website","url":"https:\/\/www.lesgrottesdesaintcezaire.fr\/blog\/","name":"LESGROTTESDESAINTCEZAIRE","description":"Patrimoine: Le site de r\u00e9f\u00e9rence.","publisher":{"@id":"https:\/\/www.lesgrottesdesaintcezaire.fr\/blog\/#organization"},"potentialAction":[{"@type":"SearchAction","target":{"@type":"EntryPoint","urlTemplate":"https:\/\/www.lesgrottesdesaintcezaire.fr\/blog\/?s={search_term_string}"},"query-input":{"@type":"PropertyValueSpecification","valueRequired":true,"valueName":"search_term_string"}}],"inLanguage":"fr-FR"},{"@type":"Organization","@id":"https:\/\/www.lesgrottesdesaintcezaire.fr\/blog\/#organization","name":"lesgrottesdesaintcezaire","url":"https:\/\/www.lesgrottesdesaintcezaire.fr\/blog\/","logo":{"@type":"ImageObject","inLanguage":"fr-FR","@id":"https:\/\/www.lesgrottesdesaintcezaire.fr\/blog\/#\/schema\/logo\/image\/","url":"https:\/\/www.lesgrottesdesaintcezaire.fr\/blog\/wp-content\/uploads\/2022\/05\/logo-2.png","contentUrl":"https:\/\/www.lesgrottesdesaintcezaire.fr\/blog\/wp-content\/uploads\/2022\/05\/logo-2.png","width":150,"height":209,"caption":"lesgrottesdesaintcezaire"},"image":{"@id":"https:\/\/www.lesgrottesdesaintcezaire.fr\/blog\/#\/schema\/logo\/image\/"}},{"@type":"Person","@id":"https:\/\/www.lesgrottesdesaintcezaire.fr\/blog\/#\/schema\/person\/23d9a2ac249ecb9460a4ebce885adb9b","name":"Fabienne MOUTON","image":{"@type":"ImageObject","inLanguage":"fr-FR","@id":"https:\/\/secure.gravatar.com\/avatar\/856d7a14385bb0216de9c5cf9fb1160ddbd11c00be5bb16cfe389b9971309649?s=96&d=mm&r=g","url":"https:\/\/secure.gravatar.com\/avatar\/856d7a14385bb0216de9c5cf9fb1160ddbd11c00be5bb16cfe389b9971309649?s=96&d=mm&r=g","contentUrl":"https:\/\/secure.gravatar.com\/avatar\/856d7a14385bb0216de9c5cf9fb1160ddbd11c00be5bb16cfe389b9971309649?s=96&d=mm&r=g","caption":"Fabienne MOUTON"},"url":"https:\/\/www.lesgrottesdesaintcezaire.fr\/blog\/author\/irefabienne\/"}]}},"_links":{"self":[{"href":"https:\/\/www.lesgrottesdesaintcezaire.fr\/blog\/wp-json\/wp\/v2\/posts\/62","targetHints":{"allow":["GET"]}}],"collection":[{"href":"https:\/\/www.lesgrottesdesaintcezaire.fr\/blog\/wp-json\/wp\/v2\/posts"}],"about":[{"href":"https:\/\/www.lesgrottesdesaintcezaire.fr\/blog\/wp-json\/wp\/v2\/types\/post"}],"author":[{"embeddable":true,"href":"https:\/\/www.lesgrottesdesaintcezaire.fr\/blog\/wp-json\/wp\/v2\/users\/3"}],"replies":[{"embeddable":true,"href":"https:\/\/www.lesgrottesdesaintcezaire.fr\/blog\/wp-json\/wp\/v2\/comments?post=62"}],"version-history":[{"count":0,"href":"https:\/\/www.lesgrottesdesaintcezaire.fr\/blog\/wp-json\/wp\/v2\/posts\/62\/revisions"}],"wp:featuredmedia":[{"embeddable":true,"href":"https:\/\/www.lesgrottesdesaintcezaire.fr\/blog\/wp-json\/wp\/v2\/media\/63"}],"wp:attachment":[{"href":"https:\/\/www.lesgrottesdesaintcezaire.fr\/blog\/wp-json\/wp\/v2\/media?parent=62"}],"wp:term":[{"taxonomy":"category","embeddable":true,"href":"https:\/\/www.lesgrottesdesaintcezaire.fr\/blog\/wp-json\/wp\/v2\/categories?post=62"},{"taxonomy":"post_tag","embeddable":true,"href":"https:\/\/www.lesgrottesdesaintcezaire.fr\/blog\/wp-json\/wp\/v2\/tags?post=62"}],"curies":[{"name":"wp","href":"https:\/\/api.w.org\/{rel}","templated":true}]}}