{"id":631,"date":"2023-06-04T09:00:25","date_gmt":"2023-06-04T07:00:25","guid":{"rendered":"https:\/\/www.lesgrottesdesaintcezaire.fr\/blog\/sur-internet-visite-commentee-de-lexposition-normands-migrants-conquerants-innovateurs\/"},"modified":"2023-06-04T09:00:25","modified_gmt":"2023-06-04T07:00:25","slug":"sur-internet-visite-commentee-de-lexposition-normands-migrants-conquerants-innovateurs","status":"publish","type":"post","link":"https:\/\/www.lesgrottesdesaintcezaire.fr\/blog\/sur-internet-visite-commentee-de-lexposition-normands-migrants-conquerants-innovateurs\/","title":{"rendered":"Sur internet  : Visite comment\u00e9e de l\u2019exposition : Normands. Migrants, conqu\u00e9rants, innovateurs"},"content":{"rendered":"<div>\n<p>Je viens de prendre connaissance de ce post sur la th\u00e9matique \u00ab\u00a0l\u2019arch\u00e9ologie\u00a0\u00bb. Avec plaisir nous vous en r\u00e9v\u00e9lons le plus substantiel dans cette publication.<\/p>\n<p>Le titre suggestif (Visite comment\u00e9e de l\u2019exposition : Normands. Migrants, conqu\u00e9rants, innovateurs) parle de lui-m\u00eame.<\/p>\n<p> Annonc\u00e9 sous la signature \u00abLes Mus\u00e9es de Rouen\u00bb, le journaliste est connu et fiable.<\/p>\n<p>Vous pouvez lire ces infos en toute tranquillit\u00e9.<\/p>\n<p>L\u2019article en question : <\/p>\n<div>\n<p>Venez en apprendre plus sur cette exposition lors d\u2019une visite comment\u00e9e.<\/p>\n<p>R\u00e9servation conseill\u00e9e (nombre de places limit\u00e9es), prix visite + prix d\u2019entr\u00e9e<\/p>\n<p>Pour plus de renseignements :\u00a0 02 35 71 41 50 ou publics2@musees-rouen-normandie.fr\u00a0\u00a0\u00a0\u00a0\u00a0<\/p>\n<\/div>\n<p>Publications sur le m\u00eame propos:<\/p>\n<p>Verdun.,<a href=\"https:\/\/www.epagine.fr\/ebook\/9782307114109-verdun-centre-national-d-archeologie-urbaine-franck-gama\/\" target=\"_blank\" rel=\"noopener noreferrer nofollow\">Clicker Ici <\/a><span><\/span>. Disponible dans toutes les bonnes biblioth\u00e8ques de votre d\u00e9partement.<\/p>\n<p>Pierre et Arch\u00e9ologie \u2013 Tautavel, 14-15-16 mai 1998.,<a href=\"https:\/\/booknode.com\/pierre_et_archeologie_tautavel_14_15_16_mai_1998_098002\" target=\"_blank\" rel=\"noopener noreferrer nofollow\">(la couverture) <\/a><span><\/span>.<\/p>\n<p>Villes, r\u00e9seaux et syst\u00e8mes de villes ; contribution de l\u2019arch\u00e9ologie.,<a href=\"https:\/\/www.epagine.fr\/ebook\/9782877727914-villes-reseaux-et-systemes-de-villes-pierre-garmy\/\" target=\"_blank\" rel=\"noopener noreferrer nofollow\">Le livre <\/a><span><\/span>.<\/p>\n<p>Note sur le monument des sources de la Seine \u2013 Lue \u00e0 la Soci\u00e9t\u00e9 parisienne d\u2019arch\u00e9ologie et d\u2019histoire.,<a href=\"https:\/\/www.kobo.com\/de\/fr\/ebook\/note-sur-le-monument-des-sources-de-la-seine-lue-a-la-societe-parisienne-d-archeologie-et-d-histoire\" target=\"_blank\" rel=\"noopener noreferrer nofollow\">Le livre <\/a><span><\/span>.<\/p>\n<\/div>\n","protected":false},"excerpt":{"rendered":"<p>Je viens de prendre connaissance de ce post sur la th\u00e9matique \u00ab\u00a0l\u2019arch\u00e9ologie\u00a0\u00bb. Avec plaisir nous vous en r\u00e9v\u00e9lons le plus substantiel dans cette publication. Le titre suggestif (Visite comment\u00e9e de l\u2019exposition : Normands. Migrants, conqu\u00e9rants, innovateurs) parle de lui-m\u00eame. Annonc\u00e9 sous la signature \u00abLes Mus\u00e9es de Rouen\u00bb, le journaliste est connu et fiable. Vous pouvez [&hellip;]<\/p>\n","protected":false},"author":3,"featured_media":0,"comment_status":"closed","ping_status":"closed","sticky":false,"template":"","format":"standard","meta":{"footnotes":""},"categories":[2],"tags":[],"class_list":["post-631","post","type-post","status-publish","format-standard","hentry","category-patrimoine","entry"],"yoast_head":"<!-- This site is optimized with the Yoast SEO plugin v27.5 - https:\/\/yoast.com\/product\/yoast-seo-wordpress\/ -->\n<title>Sur internet : Visite comment\u00e9e de l\u2019exposition : Normands. Migrants, conqu\u00e9rants, innovateurs - LESGROTTESDESAINTCEZAIRE<\/title>\n<meta name=\"description\" content=\"Sur internet : Visite comment\u00e9e de l\u2019exposition : Normands. Migrants, conqu\u00e9rants, innovateurs article de LESGROTTESDESAINTCEZAIRE\" \/>\n<meta name=\"robots\" content=\"index, follow, max-snippet:-1, max-image-preview:large, max-video-preview:-1\" \/>\n<link rel=\"canonical\" href=\"https:\/\/www.lesgrottesdesaintcezaire.fr\/blog\/sur-internet-visite-commentee-de-lexposition-normands-migrants-conquerants-innovateurs\/\" \/>\n<meta property=\"og:locale\" content=\"fr_FR\" \/>\n<meta property=\"og:type\" content=\"article\" \/>\n<meta property=\"og:title\" content=\"Sur internet : Visite comment\u00e9e de l\u2019exposition : Normands. Migrants, conqu\u00e9rants, innovateurs - LESGROTTESDESAINTCEZAIRE\" \/>\n<meta property=\"og:description\" content=\"Sur internet : Visite comment\u00e9e de l\u2019exposition : Normands. Migrants, conqu\u00e9rants, innovateurs article de LESGROTTESDESAINTCEZAIRE\" \/>\n<meta property=\"og:url\" content=\"https:\/\/www.lesgrottesdesaintcezaire.fr\/blog\/sur-internet-visite-commentee-de-lexposition-normands-migrants-conquerants-innovateurs\/\" \/>\n<meta property=\"og:site_name\" content=\"LESGROTTESDESAINTCEZAIRE\" \/>\n<meta property=\"article:published_time\" content=\"2023-06-04T07:00:25+00:00\" \/>\n<meta name=\"author\" content=\"Fabienne MOUTON\" \/>\n<meta name=\"twitter:card\" content=\"summary_large_image\" \/>\n<meta name=\"twitter:label1\" content=\"\u00c9crit par\" \/>\n\t<meta name=\"twitter:data1\" content=\"Fabienne MOUTON\" \/>\n\t<meta name=\"twitter:label2\" content=\"Dur\u00e9e de lecture estim\u00e9e\" \/>\n\t<meta name=\"twitter:data2\" content=\"1 minute\" \/>\n<script type=\"application\/ld+json\" class=\"yoast-schema-graph\">{\"@context\":\"https:\\\/\\\/schema.org\",\"@graph\":[{\"@type\":\"Article\",\"@id\":\"https:\\\/\\\/www.lesgrottesdesaintcezaire.fr\\\/blog\\\/sur-internet-visite-commentee-de-lexposition-normands-migrants-conquerants-innovateurs\\\/#article\",\"isPartOf\":{\"@id\":\"https:\\\/\\\/www.lesgrottesdesaintcezaire.fr\\\/blog\\\/sur-internet-visite-commentee-de-lexposition-normands-migrants-conquerants-innovateurs\\\/\"},\"author\":{\"name\":\"Fabienne MOUTON\",\"@id\":\"https:\\\/\\\/www.lesgrottesdesaintcezaire.fr\\\/blog\\\/#\\\/schema\\\/person\\\/23d9a2ac249ecb9460a4ebce885adb9b\"},\"headline\":\"Sur internet : Visite comment\u00e9e de l\u2019exposition : Normands. Migrants, conqu\u00e9rants, innovateurs\",\"datePublished\":\"2023-06-04T07:00:25+00:00\",\"mainEntityOfPage\":{\"@id\":\"https:\\\/\\\/www.lesgrottesdesaintcezaire.fr\\\/blog\\\/sur-internet-visite-commentee-de-lexposition-normands-migrants-conquerants-innovateurs\\\/\"},\"wordCount\":190,\"publisher\":{\"@id\":\"https:\\\/\\\/www.lesgrottesdesaintcezaire.fr\\\/blog\\\/#organization\"},\"articleSection\":[\"Patrimoine:\"],\"inLanguage\":\"fr-FR\"},{\"@type\":\"WebPage\",\"@id\":\"https:\\\/\\\/www.lesgrottesdesaintcezaire.fr\\\/blog\\\/sur-internet-visite-commentee-de-lexposition-normands-migrants-conquerants-innovateurs\\\/\",\"url\":\"https:\\\/\\\/www.lesgrottesdesaintcezaire.fr\\\/blog\\\/sur-internet-visite-commentee-de-lexposition-normands-migrants-conquerants-innovateurs\\\/\",\"name\":\"Sur internet : Visite comment\u00e9e de l\u2019exposition : Normands. Migrants, conqu\u00e9rants, innovateurs - LESGROTTESDESAINTCEZAIRE\",\"isPartOf\":{\"@id\":\"https:\\\/\\\/www.lesgrottesdesaintcezaire.fr\\\/blog\\\/#website\"},\"datePublished\":\"2023-06-04T07:00:25+00:00\",\"description\":\"Sur internet : Visite comment\u00e9e de l\u2019exposition : Normands. Migrants, conqu\u00e9rants, innovateurs article de LESGROTTESDESAINTCEZAIRE\",\"breadcrumb\":{\"@id\":\"https:\\\/\\\/www.lesgrottesdesaintcezaire.fr\\\/blog\\\/sur-internet-visite-commentee-de-lexposition-normands-migrants-conquerants-innovateurs\\\/#breadcrumb\"},\"inLanguage\":\"fr-FR\",\"potentialAction\":[{\"@type\":\"ReadAction\",\"target\":[\"https:\\\/\\\/www.lesgrottesdesaintcezaire.fr\\\/blog\\\/sur-internet-visite-commentee-de-lexposition-normands-migrants-conquerants-innovateurs\\\/\"]}]},{\"@type\":\"BreadcrumbList\",\"@id\":\"https:\\\/\\\/www.lesgrottesdesaintcezaire.fr\\\/blog\\\/sur-internet-visite-commentee-de-lexposition-normands-migrants-conquerants-innovateurs\\\/#breadcrumb\",\"itemListElement\":[{\"@type\":\"ListItem\",\"position\":1,\"name\":\"Accueil\",\"item\":\"https:\\\/\\\/www.lesgrottesdesaintcezaire.fr\\\/blog\\\/\"},{\"@type\":\"ListItem\",\"position\":2,\"name\":\"Sur internet : Visite comment\u00e9e de l\u2019exposition : Normands. Migrants, conqu\u00e9rants, innovateurs\"}]},{\"@type\":\"WebSite\",\"@id\":\"https:\\\/\\\/www.lesgrottesdesaintcezaire.fr\\\/blog\\\/#website\",\"url\":\"https:\\\/\\\/www.lesgrottesdesaintcezaire.fr\\\/blog\\\/\",\"name\":\"LESGROTTESDESAINTCEZAIRE\",\"description\":\"Patrimoine: Le site de r\u00e9f\u00e9rence.\",\"publisher\":{\"@id\":\"https:\\\/\\\/www.lesgrottesdesaintcezaire.fr\\\/blog\\\/#organization\"},\"potentialAction\":[{\"@type\":\"SearchAction\",\"target\":{\"@type\":\"EntryPoint\",\"urlTemplate\":\"https:\\\/\\\/www.lesgrottesdesaintcezaire.fr\\\/blog\\\/?s={search_term_string}\"},\"query-input\":{\"@type\":\"PropertyValueSpecification\",\"valueRequired\":true,\"valueName\":\"search_term_string\"}}],\"inLanguage\":\"fr-FR\"},{\"@type\":\"Organization\",\"@id\":\"https:\\\/\\\/www.lesgrottesdesaintcezaire.fr\\\/blog\\\/#organization\",\"name\":\"lesgrottesdesaintcezaire\",\"url\":\"https:\\\/\\\/www.lesgrottesdesaintcezaire.fr\\\/blog\\\/\",\"logo\":{\"@type\":\"ImageObject\",\"inLanguage\":\"fr-FR\",\"@id\":\"https:\\\/\\\/www.lesgrottesdesaintcezaire.fr\\\/blog\\\/#\\\/schema\\\/logo\\\/image\\\/\",\"url\":\"https:\\\/\\\/www.lesgrottesdesaintcezaire.fr\\\/blog\\\/wp-content\\\/uploads\\\/2022\\\/05\\\/logo-2.png\",\"contentUrl\":\"https:\\\/\\\/www.lesgrottesdesaintcezaire.fr\\\/blog\\\/wp-content\\\/uploads\\\/2022\\\/05\\\/logo-2.png\",\"width\":150,\"height\":209,\"caption\":\"lesgrottesdesaintcezaire\"},\"image\":{\"@id\":\"https:\\\/\\\/www.lesgrottesdesaintcezaire.fr\\\/blog\\\/#\\\/schema\\\/logo\\\/image\\\/\"}},{\"@type\":\"Person\",\"@id\":\"https:\\\/\\\/www.lesgrottesdesaintcezaire.fr\\\/blog\\\/#\\\/schema\\\/person\\\/23d9a2ac249ecb9460a4ebce885adb9b\",\"name\":\"Fabienne MOUTON\",\"image\":{\"@type\":\"ImageObject\",\"inLanguage\":\"fr-FR\",\"@id\":\"https:\\\/\\\/secure.gravatar.com\\\/avatar\\\/856d7a14385bb0216de9c5cf9fb1160ddbd11c00be5bb16cfe389b9971309649?s=96&d=mm&r=g\",\"url\":\"https:\\\/\\\/secure.gravatar.com\\\/avatar\\\/856d7a14385bb0216de9c5cf9fb1160ddbd11c00be5bb16cfe389b9971309649?s=96&d=mm&r=g\",\"contentUrl\":\"https:\\\/\\\/secure.gravatar.com\\\/avatar\\\/856d7a14385bb0216de9c5cf9fb1160ddbd11c00be5bb16cfe389b9971309649?s=96&d=mm&r=g\",\"caption\":\"Fabienne MOUTON\"},\"url\":\"https:\\\/\\\/www.lesgrottesdesaintcezaire.fr\\\/blog\\\/author\\\/irefabienne\\\/\"}]}<\/script>\n<!-- \/ Yoast SEO plugin. -->","yoast_head_json":{"title":"Sur internet : Visite comment\u00e9e de l\u2019exposition : Normands. Migrants, conqu\u00e9rants, innovateurs - LESGROTTESDESAINTCEZAIRE","description":"Sur internet : Visite comment\u00e9e de l\u2019exposition : Normands. Migrants, conqu\u00e9rants, innovateurs article de LESGROTTESDESAINTCEZAIRE","robots":{"index":"index","follow":"follow","max-snippet":"max-snippet:-1","max-image-preview":"max-image-preview:large","max-video-preview":"max-video-preview:-1"},"canonical":"https:\/\/www.lesgrottesdesaintcezaire.fr\/blog\/sur-internet-visite-commentee-de-lexposition-normands-migrants-conquerants-innovateurs\/","og_locale":"fr_FR","og_type":"article","og_title":"Sur internet : Visite comment\u00e9e de l\u2019exposition : Normands. Migrants, conqu\u00e9rants, innovateurs - LESGROTTESDESAINTCEZAIRE","og_description":"Sur internet : Visite comment\u00e9e de l\u2019exposition : Normands. Migrants, conqu\u00e9rants, innovateurs article de LESGROTTESDESAINTCEZAIRE","og_url":"https:\/\/www.lesgrottesdesaintcezaire.fr\/blog\/sur-internet-visite-commentee-de-lexposition-normands-migrants-conquerants-innovateurs\/","og_site_name":"LESGROTTESDESAINTCEZAIRE","article_published_time":"2023-06-04T07:00:25+00:00","author":"Fabienne MOUTON","twitter_card":"summary_large_image","twitter_misc":{"\u00c9crit par":"Fabienne MOUTON","Dur\u00e9e de lecture estim\u00e9e":"1 minute"},"schema":{"@context":"https:\/\/schema.org","@graph":[{"@type":"Article","@id":"https:\/\/www.lesgrottesdesaintcezaire.fr\/blog\/sur-internet-visite-commentee-de-lexposition-normands-migrants-conquerants-innovateurs\/#article","isPartOf":{"@id":"https:\/\/www.lesgrottesdesaintcezaire.fr\/blog\/sur-internet-visite-commentee-de-lexposition-normands-migrants-conquerants-innovateurs\/"},"author":{"name":"Fabienne MOUTON","@id":"https:\/\/www.lesgrottesdesaintcezaire.fr\/blog\/#\/schema\/person\/23d9a2ac249ecb9460a4ebce885adb9b"},"headline":"Sur internet : Visite comment\u00e9e de l\u2019exposition : Normands. Migrants, conqu\u00e9rants, innovateurs","datePublished":"2023-06-04T07:00:25+00:00","mainEntityOfPage":{"@id":"https:\/\/www.lesgrottesdesaintcezaire.fr\/blog\/sur-internet-visite-commentee-de-lexposition-normands-migrants-conquerants-innovateurs\/"},"wordCount":190,"publisher":{"@id":"https:\/\/www.lesgrottesdesaintcezaire.fr\/blog\/#organization"},"articleSection":["Patrimoine:"],"inLanguage":"fr-FR"},{"@type":"WebPage","@id":"https:\/\/www.lesgrottesdesaintcezaire.fr\/blog\/sur-internet-visite-commentee-de-lexposition-normands-migrants-conquerants-innovateurs\/","url":"https:\/\/www.lesgrottesdesaintcezaire.fr\/blog\/sur-internet-visite-commentee-de-lexposition-normands-migrants-conquerants-innovateurs\/","name":"Sur internet : Visite comment\u00e9e de l\u2019exposition : Normands. Migrants, conqu\u00e9rants, innovateurs - LESGROTTESDESAINTCEZAIRE","isPartOf":{"@id":"https:\/\/www.lesgrottesdesaintcezaire.fr\/blog\/#website"},"datePublished":"2023-06-04T07:00:25+00:00","description":"Sur internet : Visite comment\u00e9e de l\u2019exposition : Normands. Migrants, conqu\u00e9rants, innovateurs article de LESGROTTESDESAINTCEZAIRE","breadcrumb":{"@id":"https:\/\/www.lesgrottesdesaintcezaire.fr\/blog\/sur-internet-visite-commentee-de-lexposition-normands-migrants-conquerants-innovateurs\/#breadcrumb"},"inLanguage":"fr-FR","potentialAction":[{"@type":"ReadAction","target":["https:\/\/www.lesgrottesdesaintcezaire.fr\/blog\/sur-internet-visite-commentee-de-lexposition-normands-migrants-conquerants-innovateurs\/"]}]},{"@type":"BreadcrumbList","@id":"https:\/\/www.lesgrottesdesaintcezaire.fr\/blog\/sur-internet-visite-commentee-de-lexposition-normands-migrants-conquerants-innovateurs\/#breadcrumb","itemListElement":[{"@type":"ListItem","position":1,"name":"Accueil","item":"https:\/\/www.lesgrottesdesaintcezaire.fr\/blog\/"},{"@type":"ListItem","position":2,"name":"Sur internet : Visite comment\u00e9e de l\u2019exposition : Normands. Migrants, conqu\u00e9rants, innovateurs"}]},{"@type":"WebSite","@id":"https:\/\/www.lesgrottesdesaintcezaire.fr\/blog\/#website","url":"https:\/\/www.lesgrottesdesaintcezaire.fr\/blog\/","name":"LESGROTTESDESAINTCEZAIRE","description":"Patrimoine: Le site de r\u00e9f\u00e9rence.","publisher":{"@id":"https:\/\/www.lesgrottesdesaintcezaire.fr\/blog\/#organization"},"potentialAction":[{"@type":"SearchAction","target":{"@type":"EntryPoint","urlTemplate":"https:\/\/www.lesgrottesdesaintcezaire.fr\/blog\/?s={search_term_string}"},"query-input":{"@type":"PropertyValueSpecification","valueRequired":true,"valueName":"search_term_string"}}],"inLanguage":"fr-FR"},{"@type":"Organization","@id":"https:\/\/www.lesgrottesdesaintcezaire.fr\/blog\/#organization","name":"lesgrottesdesaintcezaire","url":"https:\/\/www.lesgrottesdesaintcezaire.fr\/blog\/","logo":{"@type":"ImageObject","inLanguage":"fr-FR","@id":"https:\/\/www.lesgrottesdesaintcezaire.fr\/blog\/#\/schema\/logo\/image\/","url":"https:\/\/www.lesgrottesdesaintcezaire.fr\/blog\/wp-content\/uploads\/2022\/05\/logo-2.png","contentUrl":"https:\/\/www.lesgrottesdesaintcezaire.fr\/blog\/wp-content\/uploads\/2022\/05\/logo-2.png","width":150,"height":209,"caption":"lesgrottesdesaintcezaire"},"image":{"@id":"https:\/\/www.lesgrottesdesaintcezaire.fr\/blog\/#\/schema\/logo\/image\/"}},{"@type":"Person","@id":"https:\/\/www.lesgrottesdesaintcezaire.fr\/blog\/#\/schema\/person\/23d9a2ac249ecb9460a4ebce885adb9b","name":"Fabienne MOUTON","image":{"@type":"ImageObject","inLanguage":"fr-FR","@id":"https:\/\/secure.gravatar.com\/avatar\/856d7a14385bb0216de9c5cf9fb1160ddbd11c00be5bb16cfe389b9971309649?s=96&d=mm&r=g","url":"https:\/\/secure.gravatar.com\/avatar\/856d7a14385bb0216de9c5cf9fb1160ddbd11c00be5bb16cfe389b9971309649?s=96&d=mm&r=g","contentUrl":"https:\/\/secure.gravatar.com\/avatar\/856d7a14385bb0216de9c5cf9fb1160ddbd11c00be5bb16cfe389b9971309649?s=96&d=mm&r=g","caption":"Fabienne MOUTON"},"url":"https:\/\/www.lesgrottesdesaintcezaire.fr\/blog\/author\/irefabienne\/"}]}},"_links":{"self":[{"href":"https:\/\/www.lesgrottesdesaintcezaire.fr\/blog\/wp-json\/wp\/v2\/posts\/631","targetHints":{"allow":["GET"]}}],"collection":[{"href":"https:\/\/www.lesgrottesdesaintcezaire.fr\/blog\/wp-json\/wp\/v2\/posts"}],"about":[{"href":"https:\/\/www.lesgrottesdesaintcezaire.fr\/blog\/wp-json\/wp\/v2\/types\/post"}],"author":[{"embeddable":true,"href":"https:\/\/www.lesgrottesdesaintcezaire.fr\/blog\/wp-json\/wp\/v2\/users\/3"}],"replies":[{"embeddable":true,"href":"https:\/\/www.lesgrottesdesaintcezaire.fr\/blog\/wp-json\/wp\/v2\/comments?post=631"}],"version-history":[{"count":0,"href":"https:\/\/www.lesgrottesdesaintcezaire.fr\/blog\/wp-json\/wp\/v2\/posts\/631\/revisions"}],"wp:attachment":[{"href":"https:\/\/www.lesgrottesdesaintcezaire.fr\/blog\/wp-json\/wp\/v2\/media?parent=631"}],"wp:term":[{"taxonomy":"category","embeddable":true,"href":"https:\/\/www.lesgrottesdesaintcezaire.fr\/blog\/wp-json\/wp\/v2\/categories?post=631"},{"taxonomy":"post_tag","embeddable":true,"href":"https:\/\/www.lesgrottesdesaintcezaire.fr\/blog\/wp-json\/wp\/v2\/tags?post=631"}],"curies":[{"name":"wp","href":"https:\/\/api.w.org\/{rel}","templated":true}]}}