{"id":654,"date":"2023-06-14T12:06:49","date_gmt":"2023-06-14T10:06:49","guid":{"rendered":"https:\/\/www.lesgrottesdesaintcezaire.fr\/blog\/revue-de-presse-web-collecte-du-verre-rattrapee-a-niort\/"},"modified":"2023-06-14T12:06:49","modified_gmt":"2023-06-14T10:06:49","slug":"revue-de-presse-web-collecte-du-verre-rattrapee-a-niort","status":"publish","type":"post","link":"https:\/\/www.lesgrottesdesaintcezaire.fr\/blog\/revue-de-presse-web-collecte-du-verre-rattrapee-a-niort\/","title":{"rendered":"Revue de presse web  : Collecte du verre rattrap\u00e9e \u00e0 Niort"},"content":{"rendered":"<div><img width=\"580\" height=\"398\" src=\"https:\/\/www.lesgrottesdesaintcezaire.fr\/blog\/wp-content\/uploads\/2023\/06\/Information-toute-fraiche-Collecte-du-verre-rattrapee-a-Niort.jpg\" class=\"attachment-large size-large wp-post-image\" alt=\"Information-toute-fraiche-Collecte-du-verre-rattrapee-a-Niort\" decoding=\"async\" loading=\"lazy\" style=\"float:left; margin:0 15px 15px 0;\" srcset=\"https:\/\/www.lesgrottesdesaintcezaire.fr\/blog\/wp-content\/uploads\/2023\/06\/Information-toute-fraiche-Collecte-du-verre-rattrapee-a-Niort.jpg 1024w, https:\/\/www.site.cdcl.xyz\/wp-content\/uploads\/2023\/05\/Information-toute-fraiche-Collecte-du-verre-rattrapee-a-Niort-300x206.jpg 300w, https:\/\/www.site.cdcl.xyz\/wp-content\/uploads\/2023\/05\/Information-toute-fraiche-Collecte-du-verre-rattrapee-a-Niort-768x527.jpg 768w\" sizes=\"auto, (max-width: 580px) 100vw, 580px\"><\/p>\n<p>A nouveau, ce site va vous pr\u00e9senter un post qui se propage sur internet. Le propos est \u00abl\u2019arch\u00e9ologie\u00bb.<\/p>\n<p>Le titre suggestif (Collecte du verre rattrap\u00e9e \u00e0 Niort) est parlant.<\/p>\n<p>Le r\u00e9dacteur (annonc\u00e9 sous la signature  d\u2019anonymat<br \/>\n) est positivement connu pour plusieurs autres posts qu\u2019il a publi\u00e9s sur internet.<\/p>\n<p>L\u2019encart peut de ce fait \u00eatre pris au s\u00e9rieux.<\/p>\n<p>Le texte a \u00e9t\u00e9 publi\u00e9 \u00e0 une date not\u00e9e 2023-06-14 09:15:00.<\/p>\n<p>Texte source en question : <\/p>\n<p><img decoding=\"async\" src=\"https:\/\/www.lesgrottesdesaintcezaire.fr\/blog\/wp-content\/uploads\/2023\/06\/A-decouvrir-ce-papier-Collecte-du-verre-rattrapee-a.jpg\"><\/p>\n<p>La collecte du verre non effectu\u00e9e ce 14 juin \u00e0 Niort est rattrap\u00e9e :<\/p>\n<ul>\n<li>jeud 15 juin mai pour le secteur de la route de Coulonges (c\u00f4t\u00e9 gauche inclus en direction de la sortie de Niort) \u00e0 l\u2019avenue de Nantes (c\u00f4t\u00e9 droit inclus en direction de la sortie de Niort), ainsi que Buffevent.<\/li>\n<\/ul>\n<p>\u00a0<\/p>\n<p>A lire sur le m\u00eame th\u00e8me:<\/p>\n<p>Villa 4. Histoire et arch\u00e9ologie de l\u2019occident musulman (VIIe-XVe si\u00e8cle).,<a href=\"https:\/\/www.kobo.com\/de\/fr\/ebook\/villa-4-histoire-et-archeologie-de-l-occident-musulman-viie-xve-siecle\" target=\"_blank\" rel=\"noopener noreferrer nofollow\">A voir et \u00e0 lire. <\/a><span><\/span>.<\/p>\n<p>M\u00e9langes d\u2019Histoire et d\u2019arch\u00e9ologie agenaises.,<a href=\"https:\/\/www.epagine.fr\/ebook\/9782307005971-melanges-d-histoire-et-d-archeologie-agenaises-jean-r-marboutin\/\" target=\"_blank\" rel=\"noopener noreferrer nofollow\">(la couverture) <\/a><span><\/span>.<\/p>\n<p>QuanTika, Tome 1 : Vestiges.,<a href=\"https:\/\/booknode.com\/quantika_tome_1_vestiges_0352312\" target=\"_blank\" rel=\"noopener noreferrer nofollow\">(Disponible) <\/a><span><\/span>. Disponible chez votre libraire.<\/p>\n<p>Manuel d\u2019arch\u00e9ologie m\u00e9di\u00e9vale et moderne.,<a href=\"https:\/\/www.epagine.fr\/ebook\/9782200628888-manuel-d-archeologie-medievale-et-moderne-2e-edition-joelle-burnouf-danielle-arribet-deroin-bruno-desachy-florence-journot-anne-nissen-jaubert\/\" target=\"_blank\" rel=\"noopener noreferrer nofollow\">Le livre <\/a><span><\/span>.<\/p>\n<\/div>\n","protected":false},"excerpt":{"rendered":"<p>A nouveau, ce site va vous pr\u00e9senter un post qui se propage sur internet. Le propos est \u00abl\u2019arch\u00e9ologie\u00bb. Le titre suggestif (Collecte du verre rattrap\u00e9e \u00e0 Niort) est parlant. Le r\u00e9dacteur (annonc\u00e9 sous la signature d\u2019anonymat ) est positivement connu pour plusieurs autres posts qu\u2019il a publi\u00e9s sur internet. L\u2019encart peut de ce fait \u00eatre [&hellip;]<\/p>\n","protected":false},"author":3,"featured_media":655,"comment_status":"closed","ping_status":"closed","sticky":false,"template":"","format":"standard","meta":{"footnotes":""},"categories":[2],"tags":[],"class_list":["post-654","post","type-post","status-publish","format-standard","has-post-thumbnail","hentry","category-patrimoine","entry","has-media"],"yoast_head":"<!-- This site is optimized with the Yoast SEO plugin v27.5 - https:\/\/yoast.com\/product\/yoast-seo-wordpress\/ -->\n<title>Revue de presse web : Collecte du verre rattrap\u00e9e \u00e0 Niort - LESGROTTESDESAINTCEZAIRE<\/title>\n<meta name=\"description\" content=\"Revue de presse web : Collecte du verre rattrap\u00e9e \u00e0 Niort article de LESGROTTESDESAINTCEZAIRE\" \/>\n<meta name=\"robots\" content=\"index, follow, max-snippet:-1, max-image-preview:large, max-video-preview:-1\" \/>\n<link rel=\"canonical\" href=\"https:\/\/www.lesgrottesdesaintcezaire.fr\/blog\/revue-de-presse-web-collecte-du-verre-rattrapee-a-niort\/\" \/>\n<meta property=\"og:locale\" content=\"fr_FR\" \/>\n<meta property=\"og:type\" content=\"article\" \/>\n<meta property=\"og:title\" content=\"Revue de presse web : Collecte du verre rattrap\u00e9e \u00e0 Niort - LESGROTTESDESAINTCEZAIRE\" \/>\n<meta property=\"og:description\" content=\"Revue de presse web : Collecte du verre rattrap\u00e9e \u00e0 Niort article de LESGROTTESDESAINTCEZAIRE\" \/>\n<meta property=\"og:url\" content=\"https:\/\/www.lesgrottesdesaintcezaire.fr\/blog\/revue-de-presse-web-collecte-du-verre-rattrapee-a-niort\/\" \/>\n<meta property=\"og:site_name\" content=\"LESGROTTESDESAINTCEZAIRE\" \/>\n<meta property=\"article:published_time\" content=\"2023-06-14T10:06:49+00:00\" \/>\n<meta property=\"og:image\" content=\"https:\/\/www.lesgrottesdesaintcezaire.fr\/blog\/wp-content\/uploads\/2023\/06\/Information-toute-fraiche-Collecte-du-verre-rattrapee-a-Niort.jpg\" \/>\n<meta name=\"author\" content=\"Fabienne MOUTON\" \/>\n<meta name=\"twitter:card\" content=\"summary_large_image\" \/>\n<meta name=\"twitter:label1\" content=\"\u00c9crit par\" \/>\n\t<meta name=\"twitter:data1\" content=\"Fabienne MOUTON\" \/>\n\t<meta name=\"twitter:label2\" content=\"Dur\u00e9e de lecture estim\u00e9e\" \/>\n\t<meta name=\"twitter:data2\" content=\"1 minute\" \/>\n<script type=\"application\/ld+json\" class=\"yoast-schema-graph\">{\"@context\":\"https:\\\/\\\/schema.org\",\"@graph\":[{\"@type\":\"Article\",\"@id\":\"https:\\\/\\\/www.lesgrottesdesaintcezaire.fr\\\/blog\\\/revue-de-presse-web-collecte-du-verre-rattrapee-a-niort\\\/#article\",\"isPartOf\":{\"@id\":\"https:\\\/\\\/www.lesgrottesdesaintcezaire.fr\\\/blog\\\/revue-de-presse-web-collecte-du-verre-rattrapee-a-niort\\\/\"},\"author\":{\"name\":\"Fabienne MOUTON\",\"@id\":\"https:\\\/\\\/www.lesgrottesdesaintcezaire.fr\\\/blog\\\/#\\\/schema\\\/person\\\/23d9a2ac249ecb9460a4ebce885adb9b\"},\"headline\":\"Revue de presse web : Collecte du verre rattrap\u00e9e \u00e0 Niort\",\"datePublished\":\"2023-06-14T10:06:49+00:00\",\"mainEntityOfPage\":{\"@id\":\"https:\\\/\\\/www.lesgrottesdesaintcezaire.fr\\\/blog\\\/revue-de-presse-web-collecte-du-verre-rattrapee-a-niort\\\/\"},\"wordCount\":198,\"publisher\":{\"@id\":\"https:\\\/\\\/www.lesgrottesdesaintcezaire.fr\\\/blog\\\/#organization\"},\"image\":{\"@id\":\"https:\\\/\\\/www.lesgrottesdesaintcezaire.fr\\\/blog\\\/revue-de-presse-web-collecte-du-verre-rattrapee-a-niort\\\/#primaryimage\"},\"thumbnailUrl\":\"https:\\\/\\\/www.lesgrottesdesaintcezaire.fr\\\/blog\\\/wp-content\\\/uploads\\\/2023\\\/06\\\/Information-toute-fraiche-Collecte-du-verre-rattrapee-a-Niort.jpg\",\"articleSection\":[\"Patrimoine:\"],\"inLanguage\":\"fr-FR\"},{\"@type\":\"WebPage\",\"@id\":\"https:\\\/\\\/www.lesgrottesdesaintcezaire.fr\\\/blog\\\/revue-de-presse-web-collecte-du-verre-rattrapee-a-niort\\\/\",\"url\":\"https:\\\/\\\/www.lesgrottesdesaintcezaire.fr\\\/blog\\\/revue-de-presse-web-collecte-du-verre-rattrapee-a-niort\\\/\",\"name\":\"Revue de presse web : Collecte du verre rattrap\u00e9e \u00e0 Niort - LESGROTTESDESAINTCEZAIRE\",\"isPartOf\":{\"@id\":\"https:\\\/\\\/www.lesgrottesdesaintcezaire.fr\\\/blog\\\/#website\"},\"primaryImageOfPage\":{\"@id\":\"https:\\\/\\\/www.lesgrottesdesaintcezaire.fr\\\/blog\\\/revue-de-presse-web-collecte-du-verre-rattrapee-a-niort\\\/#primaryimage\"},\"image\":{\"@id\":\"https:\\\/\\\/www.lesgrottesdesaintcezaire.fr\\\/blog\\\/revue-de-presse-web-collecte-du-verre-rattrapee-a-niort\\\/#primaryimage\"},\"thumbnailUrl\":\"https:\\\/\\\/www.lesgrottesdesaintcezaire.fr\\\/blog\\\/wp-content\\\/uploads\\\/2023\\\/06\\\/Information-toute-fraiche-Collecte-du-verre-rattrapee-a-Niort.jpg\",\"datePublished\":\"2023-06-14T10:06:49+00:00\",\"description\":\"Revue de presse web : Collecte du verre rattrap\u00e9e \u00e0 Niort article de LESGROTTESDESAINTCEZAIRE\",\"breadcrumb\":{\"@id\":\"https:\\\/\\\/www.lesgrottesdesaintcezaire.fr\\\/blog\\\/revue-de-presse-web-collecte-du-verre-rattrapee-a-niort\\\/#breadcrumb\"},\"inLanguage\":\"fr-FR\",\"potentialAction\":[{\"@type\":\"ReadAction\",\"target\":[\"https:\\\/\\\/www.lesgrottesdesaintcezaire.fr\\\/blog\\\/revue-de-presse-web-collecte-du-verre-rattrapee-a-niort\\\/\"]}]},{\"@type\":\"ImageObject\",\"inLanguage\":\"fr-FR\",\"@id\":\"https:\\\/\\\/www.lesgrottesdesaintcezaire.fr\\\/blog\\\/revue-de-presse-web-collecte-du-verre-rattrapee-a-niort\\\/#primaryimage\",\"url\":\"https:\\\/\\\/www.lesgrottesdesaintcezaire.fr\\\/blog\\\/wp-content\\\/uploads\\\/2023\\\/06\\\/Information-toute-fraiche-Collecte-du-verre-rattrapee-a-Niort.jpg\",\"contentUrl\":\"https:\\\/\\\/www.lesgrottesdesaintcezaire.fr\\\/blog\\\/wp-content\\\/uploads\\\/2023\\\/06\\\/Information-toute-fraiche-Collecte-du-verre-rattrapee-a-Niort.jpg\",\"width\":1024,\"height\":703,\"caption\":\"Information toute fraiche Collecte du verre rattrapee a Niort\"},{\"@type\":\"BreadcrumbList\",\"@id\":\"https:\\\/\\\/www.lesgrottesdesaintcezaire.fr\\\/blog\\\/revue-de-presse-web-collecte-du-verre-rattrapee-a-niort\\\/#breadcrumb\",\"itemListElement\":[{\"@type\":\"ListItem\",\"position\":1,\"name\":\"Accueil\",\"item\":\"https:\\\/\\\/www.lesgrottesdesaintcezaire.fr\\\/blog\\\/\"},{\"@type\":\"ListItem\",\"position\":2,\"name\":\"Revue de presse web : Collecte du verre rattrap\u00e9e \u00e0 Niort\"}]},{\"@type\":\"WebSite\",\"@id\":\"https:\\\/\\\/www.lesgrottesdesaintcezaire.fr\\\/blog\\\/#website\",\"url\":\"https:\\\/\\\/www.lesgrottesdesaintcezaire.fr\\\/blog\\\/\",\"name\":\"LESGROTTESDESAINTCEZAIRE\",\"description\":\"Patrimoine: Le site de r\u00e9f\u00e9rence.\",\"publisher\":{\"@id\":\"https:\\\/\\\/www.lesgrottesdesaintcezaire.fr\\\/blog\\\/#organization\"},\"potentialAction\":[{\"@type\":\"SearchAction\",\"target\":{\"@type\":\"EntryPoint\",\"urlTemplate\":\"https:\\\/\\\/www.lesgrottesdesaintcezaire.fr\\\/blog\\\/?s={search_term_string}\"},\"query-input\":{\"@type\":\"PropertyValueSpecification\",\"valueRequired\":true,\"valueName\":\"search_term_string\"}}],\"inLanguage\":\"fr-FR\"},{\"@type\":\"Organization\",\"@id\":\"https:\\\/\\\/www.lesgrottesdesaintcezaire.fr\\\/blog\\\/#organization\",\"name\":\"lesgrottesdesaintcezaire\",\"url\":\"https:\\\/\\\/www.lesgrottesdesaintcezaire.fr\\\/blog\\\/\",\"logo\":{\"@type\":\"ImageObject\",\"inLanguage\":\"fr-FR\",\"@id\":\"https:\\\/\\\/www.lesgrottesdesaintcezaire.fr\\\/blog\\\/#\\\/schema\\\/logo\\\/image\\\/\",\"url\":\"https:\\\/\\\/www.lesgrottesdesaintcezaire.fr\\\/blog\\\/wp-content\\\/uploads\\\/2022\\\/05\\\/logo-2.png\",\"contentUrl\":\"https:\\\/\\\/www.lesgrottesdesaintcezaire.fr\\\/blog\\\/wp-content\\\/uploads\\\/2022\\\/05\\\/logo-2.png\",\"width\":150,\"height\":209,\"caption\":\"lesgrottesdesaintcezaire\"},\"image\":{\"@id\":\"https:\\\/\\\/www.lesgrottesdesaintcezaire.fr\\\/blog\\\/#\\\/schema\\\/logo\\\/image\\\/\"}},{\"@type\":\"Person\",\"@id\":\"https:\\\/\\\/www.lesgrottesdesaintcezaire.fr\\\/blog\\\/#\\\/schema\\\/person\\\/23d9a2ac249ecb9460a4ebce885adb9b\",\"name\":\"Fabienne MOUTON\",\"image\":{\"@type\":\"ImageObject\",\"inLanguage\":\"fr-FR\",\"@id\":\"https:\\\/\\\/secure.gravatar.com\\\/avatar\\\/856d7a14385bb0216de9c5cf9fb1160ddbd11c00be5bb16cfe389b9971309649?s=96&d=mm&r=g\",\"url\":\"https:\\\/\\\/secure.gravatar.com\\\/avatar\\\/856d7a14385bb0216de9c5cf9fb1160ddbd11c00be5bb16cfe389b9971309649?s=96&d=mm&r=g\",\"contentUrl\":\"https:\\\/\\\/secure.gravatar.com\\\/avatar\\\/856d7a14385bb0216de9c5cf9fb1160ddbd11c00be5bb16cfe389b9971309649?s=96&d=mm&r=g\",\"caption\":\"Fabienne MOUTON\"},\"url\":\"https:\\\/\\\/www.lesgrottesdesaintcezaire.fr\\\/blog\\\/author\\\/irefabienne\\\/\"}]}<\/script>\n<!-- \/ Yoast SEO plugin. -->","yoast_head_json":{"title":"Revue de presse web : Collecte du verre rattrap\u00e9e \u00e0 Niort - LESGROTTESDESAINTCEZAIRE","description":"Revue de presse web : Collecte du verre rattrap\u00e9e \u00e0 Niort article de LESGROTTESDESAINTCEZAIRE","robots":{"index":"index","follow":"follow","max-snippet":"max-snippet:-1","max-image-preview":"max-image-preview:large","max-video-preview":"max-video-preview:-1"},"canonical":"https:\/\/www.lesgrottesdesaintcezaire.fr\/blog\/revue-de-presse-web-collecte-du-verre-rattrapee-a-niort\/","og_locale":"fr_FR","og_type":"article","og_title":"Revue de presse web : Collecte du verre rattrap\u00e9e \u00e0 Niort - LESGROTTESDESAINTCEZAIRE","og_description":"Revue de presse web : Collecte du verre rattrap\u00e9e \u00e0 Niort article de LESGROTTESDESAINTCEZAIRE","og_url":"https:\/\/www.lesgrottesdesaintcezaire.fr\/blog\/revue-de-presse-web-collecte-du-verre-rattrapee-a-niort\/","og_site_name":"LESGROTTESDESAINTCEZAIRE","article_published_time":"2023-06-14T10:06:49+00:00","og_image":[{"url":"https:\/\/www.lesgrottesdesaintcezaire.fr\/blog\/wp-content\/uploads\/2023\/06\/Information-toute-fraiche-Collecte-du-verre-rattrapee-a-Niort.jpg","type":"","width":"","height":""}],"author":"Fabienne MOUTON","twitter_card":"summary_large_image","twitter_misc":{"\u00c9crit par":"Fabienne MOUTON","Dur\u00e9e de lecture estim\u00e9e":"1 minute"},"schema":{"@context":"https:\/\/schema.org","@graph":[{"@type":"Article","@id":"https:\/\/www.lesgrottesdesaintcezaire.fr\/blog\/revue-de-presse-web-collecte-du-verre-rattrapee-a-niort\/#article","isPartOf":{"@id":"https:\/\/www.lesgrottesdesaintcezaire.fr\/blog\/revue-de-presse-web-collecte-du-verre-rattrapee-a-niort\/"},"author":{"name":"Fabienne MOUTON","@id":"https:\/\/www.lesgrottesdesaintcezaire.fr\/blog\/#\/schema\/person\/23d9a2ac249ecb9460a4ebce885adb9b"},"headline":"Revue de presse web : Collecte du verre rattrap\u00e9e \u00e0 Niort","datePublished":"2023-06-14T10:06:49+00:00","mainEntityOfPage":{"@id":"https:\/\/www.lesgrottesdesaintcezaire.fr\/blog\/revue-de-presse-web-collecte-du-verre-rattrapee-a-niort\/"},"wordCount":198,"publisher":{"@id":"https:\/\/www.lesgrottesdesaintcezaire.fr\/blog\/#organization"},"image":{"@id":"https:\/\/www.lesgrottesdesaintcezaire.fr\/blog\/revue-de-presse-web-collecte-du-verre-rattrapee-a-niort\/#primaryimage"},"thumbnailUrl":"https:\/\/www.lesgrottesdesaintcezaire.fr\/blog\/wp-content\/uploads\/2023\/06\/Information-toute-fraiche-Collecte-du-verre-rattrapee-a-Niort.jpg","articleSection":["Patrimoine:"],"inLanguage":"fr-FR"},{"@type":"WebPage","@id":"https:\/\/www.lesgrottesdesaintcezaire.fr\/blog\/revue-de-presse-web-collecte-du-verre-rattrapee-a-niort\/","url":"https:\/\/www.lesgrottesdesaintcezaire.fr\/blog\/revue-de-presse-web-collecte-du-verre-rattrapee-a-niort\/","name":"Revue de presse web : Collecte du verre rattrap\u00e9e \u00e0 Niort - LESGROTTESDESAINTCEZAIRE","isPartOf":{"@id":"https:\/\/www.lesgrottesdesaintcezaire.fr\/blog\/#website"},"primaryImageOfPage":{"@id":"https:\/\/www.lesgrottesdesaintcezaire.fr\/blog\/revue-de-presse-web-collecte-du-verre-rattrapee-a-niort\/#primaryimage"},"image":{"@id":"https:\/\/www.lesgrottesdesaintcezaire.fr\/blog\/revue-de-presse-web-collecte-du-verre-rattrapee-a-niort\/#primaryimage"},"thumbnailUrl":"https:\/\/www.lesgrottesdesaintcezaire.fr\/blog\/wp-content\/uploads\/2023\/06\/Information-toute-fraiche-Collecte-du-verre-rattrapee-a-Niort.jpg","datePublished":"2023-06-14T10:06:49+00:00","description":"Revue de presse web : Collecte du verre rattrap\u00e9e \u00e0 Niort article de LESGROTTESDESAINTCEZAIRE","breadcrumb":{"@id":"https:\/\/www.lesgrottesdesaintcezaire.fr\/blog\/revue-de-presse-web-collecte-du-verre-rattrapee-a-niort\/#breadcrumb"},"inLanguage":"fr-FR","potentialAction":[{"@type":"ReadAction","target":["https:\/\/www.lesgrottesdesaintcezaire.fr\/blog\/revue-de-presse-web-collecte-du-verre-rattrapee-a-niort\/"]}]},{"@type":"ImageObject","inLanguage":"fr-FR","@id":"https:\/\/www.lesgrottesdesaintcezaire.fr\/blog\/revue-de-presse-web-collecte-du-verre-rattrapee-a-niort\/#primaryimage","url":"https:\/\/www.lesgrottesdesaintcezaire.fr\/blog\/wp-content\/uploads\/2023\/06\/Information-toute-fraiche-Collecte-du-verre-rattrapee-a-Niort.jpg","contentUrl":"https:\/\/www.lesgrottesdesaintcezaire.fr\/blog\/wp-content\/uploads\/2023\/06\/Information-toute-fraiche-Collecte-du-verre-rattrapee-a-Niort.jpg","width":1024,"height":703,"caption":"Information toute fraiche Collecte du verre rattrapee a Niort"},{"@type":"BreadcrumbList","@id":"https:\/\/www.lesgrottesdesaintcezaire.fr\/blog\/revue-de-presse-web-collecte-du-verre-rattrapee-a-niort\/#breadcrumb","itemListElement":[{"@type":"ListItem","position":1,"name":"Accueil","item":"https:\/\/www.lesgrottesdesaintcezaire.fr\/blog\/"},{"@type":"ListItem","position":2,"name":"Revue de presse web : Collecte du verre rattrap\u00e9e \u00e0 Niort"}]},{"@type":"WebSite","@id":"https:\/\/www.lesgrottesdesaintcezaire.fr\/blog\/#website","url":"https:\/\/www.lesgrottesdesaintcezaire.fr\/blog\/","name":"LESGROTTESDESAINTCEZAIRE","description":"Patrimoine: Le site de r\u00e9f\u00e9rence.","publisher":{"@id":"https:\/\/www.lesgrottesdesaintcezaire.fr\/blog\/#organization"},"potentialAction":[{"@type":"SearchAction","target":{"@type":"EntryPoint","urlTemplate":"https:\/\/www.lesgrottesdesaintcezaire.fr\/blog\/?s={search_term_string}"},"query-input":{"@type":"PropertyValueSpecification","valueRequired":true,"valueName":"search_term_string"}}],"inLanguage":"fr-FR"},{"@type":"Organization","@id":"https:\/\/www.lesgrottesdesaintcezaire.fr\/blog\/#organization","name":"lesgrottesdesaintcezaire","url":"https:\/\/www.lesgrottesdesaintcezaire.fr\/blog\/","logo":{"@type":"ImageObject","inLanguage":"fr-FR","@id":"https:\/\/www.lesgrottesdesaintcezaire.fr\/blog\/#\/schema\/logo\/image\/","url":"https:\/\/www.lesgrottesdesaintcezaire.fr\/blog\/wp-content\/uploads\/2022\/05\/logo-2.png","contentUrl":"https:\/\/www.lesgrottesdesaintcezaire.fr\/blog\/wp-content\/uploads\/2022\/05\/logo-2.png","width":150,"height":209,"caption":"lesgrottesdesaintcezaire"},"image":{"@id":"https:\/\/www.lesgrottesdesaintcezaire.fr\/blog\/#\/schema\/logo\/image\/"}},{"@type":"Person","@id":"https:\/\/www.lesgrottesdesaintcezaire.fr\/blog\/#\/schema\/person\/23d9a2ac249ecb9460a4ebce885adb9b","name":"Fabienne MOUTON","image":{"@type":"ImageObject","inLanguage":"fr-FR","@id":"https:\/\/secure.gravatar.com\/avatar\/856d7a14385bb0216de9c5cf9fb1160ddbd11c00be5bb16cfe389b9971309649?s=96&d=mm&r=g","url":"https:\/\/secure.gravatar.com\/avatar\/856d7a14385bb0216de9c5cf9fb1160ddbd11c00be5bb16cfe389b9971309649?s=96&d=mm&r=g","contentUrl":"https:\/\/secure.gravatar.com\/avatar\/856d7a14385bb0216de9c5cf9fb1160ddbd11c00be5bb16cfe389b9971309649?s=96&d=mm&r=g","caption":"Fabienne MOUTON"},"url":"https:\/\/www.lesgrottesdesaintcezaire.fr\/blog\/author\/irefabienne\/"}]}},"_links":{"self":[{"href":"https:\/\/www.lesgrottesdesaintcezaire.fr\/blog\/wp-json\/wp\/v2\/posts\/654","targetHints":{"allow":["GET"]}}],"collection":[{"href":"https:\/\/www.lesgrottesdesaintcezaire.fr\/blog\/wp-json\/wp\/v2\/posts"}],"about":[{"href":"https:\/\/www.lesgrottesdesaintcezaire.fr\/blog\/wp-json\/wp\/v2\/types\/post"}],"author":[{"embeddable":true,"href":"https:\/\/www.lesgrottesdesaintcezaire.fr\/blog\/wp-json\/wp\/v2\/users\/3"}],"replies":[{"embeddable":true,"href":"https:\/\/www.lesgrottesdesaintcezaire.fr\/blog\/wp-json\/wp\/v2\/comments?post=654"}],"version-history":[{"count":0,"href":"https:\/\/www.lesgrottesdesaintcezaire.fr\/blog\/wp-json\/wp\/v2\/posts\/654\/revisions"}],"wp:featuredmedia":[{"embeddable":true,"href":"https:\/\/www.lesgrottesdesaintcezaire.fr\/blog\/wp-json\/wp\/v2\/media\/655"}],"wp:attachment":[{"href":"https:\/\/www.lesgrottesdesaintcezaire.fr\/blog\/wp-json\/wp\/v2\/media?parent=654"}],"wp:term":[{"taxonomy":"category","embeddable":true,"href":"https:\/\/www.lesgrottesdesaintcezaire.fr\/blog\/wp-json\/wp\/v2\/categories?post=654"},{"taxonomy":"post_tag","embeddable":true,"href":"https:\/\/www.lesgrottesdesaintcezaire.fr\/blog\/wp-json\/wp\/v2\/tags?post=654"}],"curies":[{"name":"wp","href":"https:\/\/api.w.org\/{rel}","templated":true}]}}