{"id":672,"date":"2023-06-22T18:04:57","date_gmt":"2023-06-22T16:04:57","guid":{"rendered":"https:\/\/www.lesgrottesdesaintcezaire.fr\/blog\/on-revient-sur-ledito-les-grandes-heures-de-limur\/"},"modified":"2023-06-22T18:04:57","modified_gmt":"2023-06-22T16:04:57","slug":"on-revient-sur-ledito-les-grandes-heures-de-limur","status":"publish","type":"post","link":"https:\/\/www.lesgrottesdesaintcezaire.fr\/blog\/on-revient-sur-ledito-les-grandes-heures-de-limur\/","title":{"rendered":"On revient sur l\u2019\u00e9dito  : Les grandes heures de Limur"},"content":{"rendered":"<div><img width=\"580\" height=\"870\" src=\"https:\/\/www.lesgrottesdesaintcezaire.fr\/blog\/wp-content\/uploads\/2023\/06\/On-revient-sur-ledito-Les-grandes-heures-de-Limur-683x1024-1.jpg\" class=\"attachment-large size-large wp-post-image\" alt=\"On-revient-sur-ledito-Les-grandes-heures-de-Limur\" decoding=\"async\" loading=\"lazy\" style=\"float:left; margin:0 15px 15px 0;\" srcset=\"https:\/\/www.lesgrottesdesaintcezaire.fr\/blog\/wp-content\/uploads\/2023\/06\/On-revient-sur-ledito-Les-grandes-heures-de-Limur-683x1024-1.jpg 683w, https:\/\/www.site.cdcl.xyz\/wp-content\/uploads\/2023\/06\/On-revient-sur-ledito-Les-grandes-heures-de-Limur-200x300.jpg 200w, https:\/\/www.site.cdcl.xyz\/wp-content\/uploads\/2023\/06\/On-revient-sur-ledito-Les-grandes-heures-de-Limur-768x1152.jpg 768w, https:\/\/www.site.cdcl.xyz\/wp-content\/uploads\/2023\/06\/On-revient-sur-ledito-Les-grandes-heures-de-Limur-1024x1536.jpg 1024w, https:\/\/www.site.cdcl.xyz\/wp-content\/uploads\/2023\/06\/On-revient-sur-ledito-Les-grandes-heures-de-Limur-1365x2048.jpg 1365w, https:\/\/www.site.cdcl.xyz\/wp-content\/uploads\/2023\/06\/On-revient-sur-ledito-Les-grandes-heures-de-Limur-1200x1800.jpg 1200w, https:\/\/www.site.cdcl.xyz\/wp-content\/uploads\/2023\/06\/On-revient-sur-ledito-Les-grandes-heures-de-Limur-1980x2970.jpg 1980w, https:\/\/www.site.cdcl.xyz\/wp-content\/uploads\/2023\/06\/On-revient-sur-ledito-Les-grandes-heures-de-Limur-scaled.jpg 1707w\" sizes=\"auto, (max-width: 580px) 100vw, 580px\"><\/p>\n<p>Je vais porter \u00e0 votre connaissance ce texte qui vient d\u2019\u00eatre publi\u00e9, dont le propos est \u00abl\u2019arch\u00e9ologie\u00bb.<\/p>\n<p>Le titre saisissant (Les grandes heures de Limur) parle de lui-m\u00eame.<\/p>\n<p> Pr\u00e9sent\u00e9 sous la signature \u00abOlivier_laudrin\u00bb, le journaliste est reconnu comme quelqu\u2019un de s\u00e9rieux.<\/p>\n<p>L\u2019encart peut ainsi \u00eatre pris au s\u00e9rieux.<\/p>\n<p>La date de publication est 2023-06-22 14:28:11.<\/p>\n<p><span>Les grandes heures de Limur<\/span><br \/>\n<span><span lang=\"\" xml:lang=\"\">Olivier_laudrin<\/span><\/span><br \/>\n<span>jeu 22\/06\/2023 \u2013 14:28<\/span><\/p>\n<div><img decoding=\"async\" src=\"https:\/\/www.lesgrottesdesaintcezaire.fr\/blog\/wp-content\/uploads\/2023\/06\/Edito-tout-frais-Les-grandes-heures-de-Limur.jpg\" alt=\"\"><\/div>\n<div>\n<p>\nRendez-vous : H\u00f4tel de Limur, 31 rue Thiers \u00e0 21h<\/p>\n<\/div>\n<div>Patrimoine<\/div>\n<div>2023-08-09<\/div>\n<div>2023-08-09<\/div>\n<div>\n<div class=\"paragraph paragraph--type--cartographie\">\n<h2>LIMUR<\/h2>\n<div id=\"paragraph-map\" data-lat=\"47.657165500158\" data-lng=\"-2.7603295\"><\/div>\n<\/div>\n<\/div>\n<div>LIMUR \u2013 Centre d\u2019Interpr\u00e9tation Architecture et Patrimoine<\/div>\n<div>ciap-limur@gmvagglo.bzh<\/div>\n<div>02 97 44 52 02<\/div>\n<div> Centre d\u2019Interpr\u00e9tation Architecture et Patrimoine<\/div>\n<div>21h<\/div>\n<div><\/div>\n<div><a rel=\"nofollow noopener\" target=\"_blank\" href=\"\"><\/a><\/div>\n<div><\/div>\n<div>1<\/div>\n<div>0<\/div>\n<div>0<\/div>\n<div>\n<div>Date de d\u00e9publication<\/div>\n<div>mer 09\/08\/2023 \u2013 23:59<\/div>\n<\/div>\n<p><script async src=\"https:\/\/platform.twitter.com\/widgets.js\" charset=\"utf-8\"><\/script><script async defer src=\"https:\/\/platform.instagram.com\/en_US\/embeds.js\"><\/script><\/p>\n<p>Parutions sur un sujet semblable:<\/p>\n<p>St\u00e9r\u00e9oscopie et illusion ; arch\u00e9ologie et pratiques contemporaines : photographie, cin\u00e9ma, arts num\u00e9riques.,<a href=\"https:\/\/www.epagine.fr\/ebook\/9782757421062-stereoscopie-et-illusion-archeologie-et-pratiques-contemporaines-photographie-cinema-arts-numeriques-miguel-almiron-esther-jacopin-giusy-pisano\/\" target=\"_blank\" rel=\"noopener noreferrer nofollow\">(Disponible) <\/a><span><\/span>.<\/p>\n<p>Pour une histoire de la pr\u00e9histoire oc\u00e9anienne.,<a href=\"https:\/\/www.kobo.com\/de\/fr\/ebook\/pour-une-histoire-de-la-prehistoire-oceanienne\" target=\"_blank\" rel=\"noopener noreferrer nofollow\">Clicker Ici <\/a><span><\/span>. Disponible dans toutes les bonnes biblioth\u00e8ques de votre d\u00e9partement.<\/p>\n<p>Tresors de l\u2019archeologie \u2013 petites et grandes decouvertes pour eclairer le present.,<a href=\"https:\/\/www.epagine.fr\/ebook\/9782080266040-tresors-de-l-archeologie-petites-et-grandes-decouvertes-pour-eclairer-le-present-jean-paul-demoule\/\" target=\"_blank\" rel=\"noopener noreferrer nofollow\">A voir et \u00e0 lire. <\/a><span><\/span>.<\/p>\n<p>Mythologie positiviste et canc\u00e9risation \u00e9pist\u00e9mologique ; une arch\u00e9ologie des impostures m\u00e9thodologiques.,<a href=\"https:\/\/www.epagine.fr\/ebook\/9782140016639-mythologie-positiviste-et-cancerisation-epistemologique-une-archeologie-des-impostures-methodologiques-lune-roc-pierre-louis\/\" target=\"_blank\" rel=\"noopener noreferrer nofollow\">Ouvrage <\/a><span><\/span>.<\/p>\n<\/div>\n","protected":false},"excerpt":{"rendered":"<p>Je vais porter \u00e0 votre connaissance ce texte qui vient d\u2019\u00eatre publi\u00e9, dont le propos est \u00abl\u2019arch\u00e9ologie\u00bb. Le titre saisissant (Les grandes heures de Limur) parle de lui-m\u00eame. Pr\u00e9sent\u00e9 sous la signature \u00abOlivier_laudrin\u00bb, le journaliste est reconnu comme quelqu\u2019un de s\u00e9rieux. L\u2019encart peut ainsi \u00eatre pris au s\u00e9rieux. La date de publication est 2023-06-22 14:28:11. [&hellip;]<\/p>\n","protected":false},"author":3,"featured_media":673,"comment_status":"closed","ping_status":"closed","sticky":false,"template":"","format":"standard","meta":{"footnotes":""},"categories":[2],"tags":[],"class_list":["post-672","post","type-post","status-publish","format-standard","has-post-thumbnail","hentry","category-patrimoine","entry","has-media"],"yoast_head":"<!-- This site is optimized with the Yoast SEO plugin v27.5 - https:\/\/yoast.com\/product\/yoast-seo-wordpress\/ -->\n<title>On revient sur l\u2019\u00e9dito : Les grandes heures de Limur - LESGROTTESDESAINTCEZAIRE<\/title>\n<meta name=\"description\" content=\"On revient sur l\u2019\u00e9dito : Les grandes heures de Limur article de LESGROTTESDESAINTCEZAIRE\" \/>\n<meta name=\"robots\" content=\"index, follow, max-snippet:-1, max-image-preview:large, max-video-preview:-1\" \/>\n<link rel=\"canonical\" href=\"https:\/\/www.lesgrottesdesaintcezaire.fr\/blog\/on-revient-sur-ledito-les-grandes-heures-de-limur\/\" \/>\n<meta property=\"og:locale\" content=\"fr_FR\" \/>\n<meta property=\"og:type\" content=\"article\" \/>\n<meta property=\"og:title\" content=\"On revient sur l\u2019\u00e9dito : Les grandes heures de Limur - LESGROTTESDESAINTCEZAIRE\" \/>\n<meta property=\"og:description\" content=\"On revient sur l\u2019\u00e9dito : Les grandes heures de Limur article de LESGROTTESDESAINTCEZAIRE\" \/>\n<meta property=\"og:url\" content=\"https:\/\/www.lesgrottesdesaintcezaire.fr\/blog\/on-revient-sur-ledito-les-grandes-heures-de-limur\/\" \/>\n<meta property=\"og:site_name\" content=\"LESGROTTESDESAINTCEZAIRE\" \/>\n<meta property=\"article:published_time\" content=\"2023-06-22T16:04:57+00:00\" \/>\n<meta property=\"og:image\" content=\"https:\/\/www.lesgrottesdesaintcezaire.fr\/blog\/wp-content\/uploads\/2023\/06\/On-revient-sur-ledito-Les-grandes-heures-de-Limur-683x1024-1.jpg\" \/>\n<meta name=\"author\" content=\"Fabienne MOUTON\" \/>\n<meta name=\"twitter:card\" content=\"summary_large_image\" \/>\n<meta name=\"twitter:label1\" content=\"\u00c9crit par\" \/>\n\t<meta name=\"twitter:data1\" content=\"Fabienne MOUTON\" \/>\n\t<meta name=\"twitter:label2\" content=\"Dur\u00e9e de lecture estim\u00e9e\" \/>\n\t<meta name=\"twitter:data2\" content=\"1 minute\" \/>\n<script type=\"application\/ld+json\" class=\"yoast-schema-graph\">{\"@context\":\"https:\\\/\\\/schema.org\",\"@graph\":[{\"@type\":\"Article\",\"@id\":\"https:\\\/\\\/www.lesgrottesdesaintcezaire.fr\\\/blog\\\/on-revient-sur-ledito-les-grandes-heures-de-limur\\\/#article\",\"isPartOf\":{\"@id\":\"https:\\\/\\\/www.lesgrottesdesaintcezaire.fr\\\/blog\\\/on-revient-sur-ledito-les-grandes-heures-de-limur\\\/\"},\"author\":{\"name\":\"Fabienne MOUTON\",\"@id\":\"https:\\\/\\\/www.lesgrottesdesaintcezaire.fr\\\/blog\\\/#\\\/schema\\\/person\\\/23d9a2ac249ecb9460a4ebce885adb9b\"},\"headline\":\"On revient sur l\u2019\u00e9dito : Les grandes heures de Limur\",\"datePublished\":\"2023-06-22T16:04:57+00:00\",\"mainEntityOfPage\":{\"@id\":\"https:\\\/\\\/www.lesgrottesdesaintcezaire.fr\\\/blog\\\/on-revient-sur-ledito-les-grandes-heures-de-limur\\\/\"},\"wordCount\":195,\"publisher\":{\"@id\":\"https:\\\/\\\/www.lesgrottesdesaintcezaire.fr\\\/blog\\\/#organization\"},\"image\":{\"@id\":\"https:\\\/\\\/www.lesgrottesdesaintcezaire.fr\\\/blog\\\/on-revient-sur-ledito-les-grandes-heures-de-limur\\\/#primaryimage\"},\"thumbnailUrl\":\"https:\\\/\\\/www.lesgrottesdesaintcezaire.fr\\\/blog\\\/wp-content\\\/uploads\\\/2023\\\/06\\\/On-revient-sur-ledito-Les-grandes-heures-de-Limur-683x1024-1.jpg\",\"articleSection\":[\"Patrimoine:\"],\"inLanguage\":\"fr-FR\"},{\"@type\":\"WebPage\",\"@id\":\"https:\\\/\\\/www.lesgrottesdesaintcezaire.fr\\\/blog\\\/on-revient-sur-ledito-les-grandes-heures-de-limur\\\/\",\"url\":\"https:\\\/\\\/www.lesgrottesdesaintcezaire.fr\\\/blog\\\/on-revient-sur-ledito-les-grandes-heures-de-limur\\\/\",\"name\":\"On revient sur l\u2019\u00e9dito : Les grandes heures de Limur - LESGROTTESDESAINTCEZAIRE\",\"isPartOf\":{\"@id\":\"https:\\\/\\\/www.lesgrottesdesaintcezaire.fr\\\/blog\\\/#website\"},\"primaryImageOfPage\":{\"@id\":\"https:\\\/\\\/www.lesgrottesdesaintcezaire.fr\\\/blog\\\/on-revient-sur-ledito-les-grandes-heures-de-limur\\\/#primaryimage\"},\"image\":{\"@id\":\"https:\\\/\\\/www.lesgrottesdesaintcezaire.fr\\\/blog\\\/on-revient-sur-ledito-les-grandes-heures-de-limur\\\/#primaryimage\"},\"thumbnailUrl\":\"https:\\\/\\\/www.lesgrottesdesaintcezaire.fr\\\/blog\\\/wp-content\\\/uploads\\\/2023\\\/06\\\/On-revient-sur-ledito-Les-grandes-heures-de-Limur-683x1024-1.jpg\",\"datePublished\":\"2023-06-22T16:04:57+00:00\",\"description\":\"On revient sur l\u2019\u00e9dito : Les grandes heures de Limur article de LESGROTTESDESAINTCEZAIRE\",\"breadcrumb\":{\"@id\":\"https:\\\/\\\/www.lesgrottesdesaintcezaire.fr\\\/blog\\\/on-revient-sur-ledito-les-grandes-heures-de-limur\\\/#breadcrumb\"},\"inLanguage\":\"fr-FR\",\"potentialAction\":[{\"@type\":\"ReadAction\",\"target\":[\"https:\\\/\\\/www.lesgrottesdesaintcezaire.fr\\\/blog\\\/on-revient-sur-ledito-les-grandes-heures-de-limur\\\/\"]}]},{\"@type\":\"ImageObject\",\"inLanguage\":\"fr-FR\",\"@id\":\"https:\\\/\\\/www.lesgrottesdesaintcezaire.fr\\\/blog\\\/on-revient-sur-ledito-les-grandes-heures-de-limur\\\/#primaryimage\",\"url\":\"https:\\\/\\\/www.lesgrottesdesaintcezaire.fr\\\/blog\\\/wp-content\\\/uploads\\\/2023\\\/06\\\/On-revient-sur-ledito-Les-grandes-heures-de-Limur-683x1024-1.jpg\",\"contentUrl\":\"https:\\\/\\\/www.lesgrottesdesaintcezaire.fr\\\/blog\\\/wp-content\\\/uploads\\\/2023\\\/06\\\/On-revient-sur-ledito-Les-grandes-heures-de-Limur-683x1024-1.jpg\",\"width\":683,\"height\":1024,\"caption\":\"On revient sur ledito Les grandes heures de Limur 683x1024 1\"},{\"@type\":\"BreadcrumbList\",\"@id\":\"https:\\\/\\\/www.lesgrottesdesaintcezaire.fr\\\/blog\\\/on-revient-sur-ledito-les-grandes-heures-de-limur\\\/#breadcrumb\",\"itemListElement\":[{\"@type\":\"ListItem\",\"position\":1,\"name\":\"Accueil\",\"item\":\"https:\\\/\\\/www.lesgrottesdesaintcezaire.fr\\\/blog\\\/\"},{\"@type\":\"ListItem\",\"position\":2,\"name\":\"On revient sur l\u2019\u00e9dito : Les grandes heures de Limur\"}]},{\"@type\":\"WebSite\",\"@id\":\"https:\\\/\\\/www.lesgrottesdesaintcezaire.fr\\\/blog\\\/#website\",\"url\":\"https:\\\/\\\/www.lesgrottesdesaintcezaire.fr\\\/blog\\\/\",\"name\":\"LESGROTTESDESAINTCEZAIRE\",\"description\":\"Patrimoine: Le site de r\u00e9f\u00e9rence.\",\"publisher\":{\"@id\":\"https:\\\/\\\/www.lesgrottesdesaintcezaire.fr\\\/blog\\\/#organization\"},\"potentialAction\":[{\"@type\":\"SearchAction\",\"target\":{\"@type\":\"EntryPoint\",\"urlTemplate\":\"https:\\\/\\\/www.lesgrottesdesaintcezaire.fr\\\/blog\\\/?s={search_term_string}\"},\"query-input\":{\"@type\":\"PropertyValueSpecification\",\"valueRequired\":true,\"valueName\":\"search_term_string\"}}],\"inLanguage\":\"fr-FR\"},{\"@type\":\"Organization\",\"@id\":\"https:\\\/\\\/www.lesgrottesdesaintcezaire.fr\\\/blog\\\/#organization\",\"name\":\"lesgrottesdesaintcezaire\",\"url\":\"https:\\\/\\\/www.lesgrottesdesaintcezaire.fr\\\/blog\\\/\",\"logo\":{\"@type\":\"ImageObject\",\"inLanguage\":\"fr-FR\",\"@id\":\"https:\\\/\\\/www.lesgrottesdesaintcezaire.fr\\\/blog\\\/#\\\/schema\\\/logo\\\/image\\\/\",\"url\":\"https:\\\/\\\/www.lesgrottesdesaintcezaire.fr\\\/blog\\\/wp-content\\\/uploads\\\/2022\\\/05\\\/logo-2.png\",\"contentUrl\":\"https:\\\/\\\/www.lesgrottesdesaintcezaire.fr\\\/blog\\\/wp-content\\\/uploads\\\/2022\\\/05\\\/logo-2.png\",\"width\":150,\"height\":209,\"caption\":\"lesgrottesdesaintcezaire\"},\"image\":{\"@id\":\"https:\\\/\\\/www.lesgrottesdesaintcezaire.fr\\\/blog\\\/#\\\/schema\\\/logo\\\/image\\\/\"}},{\"@type\":\"Person\",\"@id\":\"https:\\\/\\\/www.lesgrottesdesaintcezaire.fr\\\/blog\\\/#\\\/schema\\\/person\\\/23d9a2ac249ecb9460a4ebce885adb9b\",\"name\":\"Fabienne MOUTON\",\"image\":{\"@type\":\"ImageObject\",\"inLanguage\":\"fr-FR\",\"@id\":\"https:\\\/\\\/secure.gravatar.com\\\/avatar\\\/856d7a14385bb0216de9c5cf9fb1160ddbd11c00be5bb16cfe389b9971309649?s=96&d=mm&r=g\",\"url\":\"https:\\\/\\\/secure.gravatar.com\\\/avatar\\\/856d7a14385bb0216de9c5cf9fb1160ddbd11c00be5bb16cfe389b9971309649?s=96&d=mm&r=g\",\"contentUrl\":\"https:\\\/\\\/secure.gravatar.com\\\/avatar\\\/856d7a14385bb0216de9c5cf9fb1160ddbd11c00be5bb16cfe389b9971309649?s=96&d=mm&r=g\",\"caption\":\"Fabienne MOUTON\"},\"url\":\"https:\\\/\\\/www.lesgrottesdesaintcezaire.fr\\\/blog\\\/author\\\/irefabienne\\\/\"}]}<\/script>\n<!-- \/ Yoast SEO plugin. -->","yoast_head_json":{"title":"On revient sur l\u2019\u00e9dito : Les grandes heures de Limur - LESGROTTESDESAINTCEZAIRE","description":"On revient sur l\u2019\u00e9dito : Les grandes heures de Limur article de LESGROTTESDESAINTCEZAIRE","robots":{"index":"index","follow":"follow","max-snippet":"max-snippet:-1","max-image-preview":"max-image-preview:large","max-video-preview":"max-video-preview:-1"},"canonical":"https:\/\/www.lesgrottesdesaintcezaire.fr\/blog\/on-revient-sur-ledito-les-grandes-heures-de-limur\/","og_locale":"fr_FR","og_type":"article","og_title":"On revient sur l\u2019\u00e9dito : Les grandes heures de Limur - LESGROTTESDESAINTCEZAIRE","og_description":"On revient sur l\u2019\u00e9dito : Les grandes heures de Limur article de LESGROTTESDESAINTCEZAIRE","og_url":"https:\/\/www.lesgrottesdesaintcezaire.fr\/blog\/on-revient-sur-ledito-les-grandes-heures-de-limur\/","og_site_name":"LESGROTTESDESAINTCEZAIRE","article_published_time":"2023-06-22T16:04:57+00:00","og_image":[{"url":"https:\/\/www.lesgrottesdesaintcezaire.fr\/blog\/wp-content\/uploads\/2023\/06\/On-revient-sur-ledito-Les-grandes-heures-de-Limur-683x1024-1.jpg","type":"","width":"","height":""}],"author":"Fabienne MOUTON","twitter_card":"summary_large_image","twitter_misc":{"\u00c9crit par":"Fabienne MOUTON","Dur\u00e9e de lecture estim\u00e9e":"1 minute"},"schema":{"@context":"https:\/\/schema.org","@graph":[{"@type":"Article","@id":"https:\/\/www.lesgrottesdesaintcezaire.fr\/blog\/on-revient-sur-ledito-les-grandes-heures-de-limur\/#article","isPartOf":{"@id":"https:\/\/www.lesgrottesdesaintcezaire.fr\/blog\/on-revient-sur-ledito-les-grandes-heures-de-limur\/"},"author":{"name":"Fabienne MOUTON","@id":"https:\/\/www.lesgrottesdesaintcezaire.fr\/blog\/#\/schema\/person\/23d9a2ac249ecb9460a4ebce885adb9b"},"headline":"On revient sur l\u2019\u00e9dito : Les grandes heures de Limur","datePublished":"2023-06-22T16:04:57+00:00","mainEntityOfPage":{"@id":"https:\/\/www.lesgrottesdesaintcezaire.fr\/blog\/on-revient-sur-ledito-les-grandes-heures-de-limur\/"},"wordCount":195,"publisher":{"@id":"https:\/\/www.lesgrottesdesaintcezaire.fr\/blog\/#organization"},"image":{"@id":"https:\/\/www.lesgrottesdesaintcezaire.fr\/blog\/on-revient-sur-ledito-les-grandes-heures-de-limur\/#primaryimage"},"thumbnailUrl":"https:\/\/www.lesgrottesdesaintcezaire.fr\/blog\/wp-content\/uploads\/2023\/06\/On-revient-sur-ledito-Les-grandes-heures-de-Limur-683x1024-1.jpg","articleSection":["Patrimoine:"],"inLanguage":"fr-FR"},{"@type":"WebPage","@id":"https:\/\/www.lesgrottesdesaintcezaire.fr\/blog\/on-revient-sur-ledito-les-grandes-heures-de-limur\/","url":"https:\/\/www.lesgrottesdesaintcezaire.fr\/blog\/on-revient-sur-ledito-les-grandes-heures-de-limur\/","name":"On revient sur l\u2019\u00e9dito : Les grandes heures de Limur - LESGROTTESDESAINTCEZAIRE","isPartOf":{"@id":"https:\/\/www.lesgrottesdesaintcezaire.fr\/blog\/#website"},"primaryImageOfPage":{"@id":"https:\/\/www.lesgrottesdesaintcezaire.fr\/blog\/on-revient-sur-ledito-les-grandes-heures-de-limur\/#primaryimage"},"image":{"@id":"https:\/\/www.lesgrottesdesaintcezaire.fr\/blog\/on-revient-sur-ledito-les-grandes-heures-de-limur\/#primaryimage"},"thumbnailUrl":"https:\/\/www.lesgrottesdesaintcezaire.fr\/blog\/wp-content\/uploads\/2023\/06\/On-revient-sur-ledito-Les-grandes-heures-de-Limur-683x1024-1.jpg","datePublished":"2023-06-22T16:04:57+00:00","description":"On revient sur l\u2019\u00e9dito : Les grandes heures de Limur article de LESGROTTESDESAINTCEZAIRE","breadcrumb":{"@id":"https:\/\/www.lesgrottesdesaintcezaire.fr\/blog\/on-revient-sur-ledito-les-grandes-heures-de-limur\/#breadcrumb"},"inLanguage":"fr-FR","potentialAction":[{"@type":"ReadAction","target":["https:\/\/www.lesgrottesdesaintcezaire.fr\/blog\/on-revient-sur-ledito-les-grandes-heures-de-limur\/"]}]},{"@type":"ImageObject","inLanguage":"fr-FR","@id":"https:\/\/www.lesgrottesdesaintcezaire.fr\/blog\/on-revient-sur-ledito-les-grandes-heures-de-limur\/#primaryimage","url":"https:\/\/www.lesgrottesdesaintcezaire.fr\/blog\/wp-content\/uploads\/2023\/06\/On-revient-sur-ledito-Les-grandes-heures-de-Limur-683x1024-1.jpg","contentUrl":"https:\/\/www.lesgrottesdesaintcezaire.fr\/blog\/wp-content\/uploads\/2023\/06\/On-revient-sur-ledito-Les-grandes-heures-de-Limur-683x1024-1.jpg","width":683,"height":1024,"caption":"On revient sur ledito Les grandes heures de Limur 683x1024 1"},{"@type":"BreadcrumbList","@id":"https:\/\/www.lesgrottesdesaintcezaire.fr\/blog\/on-revient-sur-ledito-les-grandes-heures-de-limur\/#breadcrumb","itemListElement":[{"@type":"ListItem","position":1,"name":"Accueil","item":"https:\/\/www.lesgrottesdesaintcezaire.fr\/blog\/"},{"@type":"ListItem","position":2,"name":"On revient sur l\u2019\u00e9dito : Les grandes heures de Limur"}]},{"@type":"WebSite","@id":"https:\/\/www.lesgrottesdesaintcezaire.fr\/blog\/#website","url":"https:\/\/www.lesgrottesdesaintcezaire.fr\/blog\/","name":"LESGROTTESDESAINTCEZAIRE","description":"Patrimoine: Le site de r\u00e9f\u00e9rence.","publisher":{"@id":"https:\/\/www.lesgrottesdesaintcezaire.fr\/blog\/#organization"},"potentialAction":[{"@type":"SearchAction","target":{"@type":"EntryPoint","urlTemplate":"https:\/\/www.lesgrottesdesaintcezaire.fr\/blog\/?s={search_term_string}"},"query-input":{"@type":"PropertyValueSpecification","valueRequired":true,"valueName":"search_term_string"}}],"inLanguage":"fr-FR"},{"@type":"Organization","@id":"https:\/\/www.lesgrottesdesaintcezaire.fr\/blog\/#organization","name":"lesgrottesdesaintcezaire","url":"https:\/\/www.lesgrottesdesaintcezaire.fr\/blog\/","logo":{"@type":"ImageObject","inLanguage":"fr-FR","@id":"https:\/\/www.lesgrottesdesaintcezaire.fr\/blog\/#\/schema\/logo\/image\/","url":"https:\/\/www.lesgrottesdesaintcezaire.fr\/blog\/wp-content\/uploads\/2022\/05\/logo-2.png","contentUrl":"https:\/\/www.lesgrottesdesaintcezaire.fr\/blog\/wp-content\/uploads\/2022\/05\/logo-2.png","width":150,"height":209,"caption":"lesgrottesdesaintcezaire"},"image":{"@id":"https:\/\/www.lesgrottesdesaintcezaire.fr\/blog\/#\/schema\/logo\/image\/"}},{"@type":"Person","@id":"https:\/\/www.lesgrottesdesaintcezaire.fr\/blog\/#\/schema\/person\/23d9a2ac249ecb9460a4ebce885adb9b","name":"Fabienne MOUTON","image":{"@type":"ImageObject","inLanguage":"fr-FR","@id":"https:\/\/secure.gravatar.com\/avatar\/856d7a14385bb0216de9c5cf9fb1160ddbd11c00be5bb16cfe389b9971309649?s=96&d=mm&r=g","url":"https:\/\/secure.gravatar.com\/avatar\/856d7a14385bb0216de9c5cf9fb1160ddbd11c00be5bb16cfe389b9971309649?s=96&d=mm&r=g","contentUrl":"https:\/\/secure.gravatar.com\/avatar\/856d7a14385bb0216de9c5cf9fb1160ddbd11c00be5bb16cfe389b9971309649?s=96&d=mm&r=g","caption":"Fabienne MOUTON"},"url":"https:\/\/www.lesgrottesdesaintcezaire.fr\/blog\/author\/irefabienne\/"}]}},"_links":{"self":[{"href":"https:\/\/www.lesgrottesdesaintcezaire.fr\/blog\/wp-json\/wp\/v2\/posts\/672","targetHints":{"allow":["GET"]}}],"collection":[{"href":"https:\/\/www.lesgrottesdesaintcezaire.fr\/blog\/wp-json\/wp\/v2\/posts"}],"about":[{"href":"https:\/\/www.lesgrottesdesaintcezaire.fr\/blog\/wp-json\/wp\/v2\/types\/post"}],"author":[{"embeddable":true,"href":"https:\/\/www.lesgrottesdesaintcezaire.fr\/blog\/wp-json\/wp\/v2\/users\/3"}],"replies":[{"embeddable":true,"href":"https:\/\/www.lesgrottesdesaintcezaire.fr\/blog\/wp-json\/wp\/v2\/comments?post=672"}],"version-history":[{"count":0,"href":"https:\/\/www.lesgrottesdesaintcezaire.fr\/blog\/wp-json\/wp\/v2\/posts\/672\/revisions"}],"wp:featuredmedia":[{"embeddable":true,"href":"https:\/\/www.lesgrottesdesaintcezaire.fr\/blog\/wp-json\/wp\/v2\/media\/673"}],"wp:attachment":[{"href":"https:\/\/www.lesgrottesdesaintcezaire.fr\/blog\/wp-json\/wp\/v2\/media?parent=672"}],"wp:term":[{"taxonomy":"category","embeddable":true,"href":"https:\/\/www.lesgrottesdesaintcezaire.fr\/blog\/wp-json\/wp\/v2\/categories?post=672"},{"taxonomy":"post_tag","embeddable":true,"href":"https:\/\/www.lesgrottesdesaintcezaire.fr\/blog\/wp-json\/wp\/v2\/tags?post=672"}],"curies":[{"name":"wp","href":"https:\/\/api.w.org\/{rel}","templated":true}]}}