{"id":708,"date":"2023-10-31T14:23:23","date_gmt":"2023-10-31T13:23:23","guid":{"rendered":"https:\/\/www.lesgrottesdesaintcezaire.fr\/blog\/patrimoine-art-roman-bandit-et-age-industriel-balades-sur-les-traces-de-lhistoire-dans-le-fiumorbu\/"},"modified":"2023-10-31T14:23:23","modified_gmt":"2023-10-31T13:23:23","slug":"patrimoine-art-roman-bandit-et-age-industriel-balades-sur-les-traces-de-lhistoire-dans-le-fiumorbu","status":"publish","type":"post","link":"https:\/\/www.lesgrottesdesaintcezaire.fr\/blog\/patrimoine-art-roman-bandit-et-age-industriel-balades-sur-les-traces-de-lhistoire-dans-le-fiumorbu\/","title":{"rendered":"Patrimoine |  Art roman, bandit et \u00e2ge industriel balades sur les traces de l\u2019histoire dans le Fium\u2019Orbu"},"content":{"rendered":"<div>\n<div>\n<div>\n<p class=\"text-article\">De la chapelle de San Gjhuva \u2013 dont les fondations remontent \u00e0 l\u2019\u00e9poque romane \u2013 en passant par la casa di u banditu o\u00f9 se serait r\u00e9fugi\u00e9 F\u00e9lix Micaelli, originaire d\u2019Isolacciu di Fium\u2019Orbu, jusqu\u2019\u00e0 l\u2019\u00e9nigmatique Fornu d\u2019 Agnatellu, les promenades peuvent aussi \u00eatre l\u2019occasion de revivre une riche histoire et ses myst\u00e8res.\n<\/p>\n<p class=\"text-article\">Que signifient les quatre symboles du linteau de San Ghjuva ?  Qu\u2019est-il arriv\u00e9 au bandit Micaelli ?  Quelle est l\u2019histoire du \u00ab\u00a0Fornu\u00a0\u00bb ?  Autant de questions qui alimentent l\u2019imaginaire populaire.<\/p>\n<p class=\"text-article\">Monument embl\u00e9matique du village de Prunelli et de la (tr\u00e8s) longue histoire du Fium\u2019Orbu, la chapelle San Ghjuva<em> \u00ab\u00a0pourrait dater de la fin du VIe si\u00e8cle ou du d\u00e9but du VIIe. Elle fut construite sur un \u00e9difice religieux encore plus ancien\u00a0\u00bb,<\/em> retracent Laurent Chiari et Mathieu Laborde, dans une \u00e9tude r\u00e9alis\u00e9e pour l\u2019universit\u00e9 et la Collectivit\u00e9 de Corse.<\/p>\n<\/div>\n<div>\n<h2 class=\"title-h2-article\">Imaginaire populaire<\/h2>\n<p class=\"text-article\"><em>\u00ab\u00a0L\u2019un de ces myst\u00e8res, porte sur les symboles figurant sur son linteau pr\u00e9sentant plusieurs symboles grav\u00e9s : une colombe, une rosace \u00e0 six branches, une croix ancr\u00e9e dans un cercle et une main gauche b\u00e9nissante\u00a0\u00bb,<\/em> d\u00e9taille les chercheurs.  Des symboles repris dans les armoiries de la commune.<\/p>\n<p class=\"text-article\"><em>\u00ab\u00a0Nous connaissons la signification de ces symboles pris un par un, mais nous ne sommes pas s\u00fbrs de leur signification quand ils sont lus ensemble\u00a0\u00bb, <\/em>explique Toussaint Barboni, \u00e9lu \u00e0 la mairie de Prunelli et ma\u00eetre de conf\u00e9rences pour l\u2019Universit\u00e9 de Corse.<\/p>\n<p class=\"text-article\">Autre \u00e9nigme patrimoniale, celle du four \u00e0 chaux, dit \u00ab\u00a0<em>tu es fornu\u00a0\u00bb<\/em>, situ\u00e9 sur le bord de la route entre Agnatellu et Pietrapola.  Peu d\u2019\u00e9l\u00e9ments sont connus sur cette <em>\u00ab\u00a0grande b\u00e2tisse carr\u00e9e \u00e0 quatre ouvertures de vo\u00fbtes centrales en berceau. Ce four \u00e0 chaux figure sur le cadastre napol\u00e9onien dress\u00e9 en 1863 et pourrait dater de la fin du XVIIIe ou du d\u00e9but du XIXe si\u00e8cle\u00a0\u00bb,<\/em> d\u00e9crit la municipalit\u00e9.<\/p>\n<\/div>\n<div>\n<p class=\"text-article\">Situ\u00e9e sur l\u2019\u00e9peron rocheux de l\u2019ancien ch\u00e2teau de Pietrapola, la Casa di u banditu a \u00e9t\u00e9 nomm\u00e9e ainsi car l\u2019un des derniers bandits d\u2019honneur, F\u00e9lix Micaelli, s\u2019y serait r\u00e9fugi\u00e9.  Originaire d\u2019Isolacciu di Fium\u2019Orbu et n\u00e9 en 1887, l\u2019homme a eu maille \u00e0 partir avec la justice pour avoir kidnapp\u00e9 une jeune fille.  Celle-ci aurait r\u00e9ussi \u00e0 s\u2019enfuir mais son p\u00e8re aurait port\u00e9 plainte contre le ravisseur et son cousin Leonetti.  Tous deux ont alors pris le maquis.  Au cours de la cavale, Leonetti aurait abattu sept personnes.  Face \u00e0 cette folie meurtri\u00e8re, Micaelli d\u00e9cide d\u2019abattre son cousin puis de s\u2019enfuir en Argentine d\u2019o\u00f9 il sera expuls\u00e9.  Il rentre alors en France et s\u2019engage dans la l\u00e9gion \u00e9trang\u00e8re, avant de rentrer sur son \u00eele quelques ann\u00e9es plus tard.  Craignant d\u2019\u00eatre \u00e9nonc\u00e9, il reprend le maquis.  Paradoxalement, homme respect\u00e9, il assure un r\u00f4le de <em>Paceru \u2013<\/em> m\u00e9diateur dans les conflits familiaux.  Pendant cette p\u00e9riode, il abattra cependant un ouvrier italien pris pour un gendarme.  Ses derni\u00e8res traces remonteraient aux ann\u00e9es 30, mais personne ne sait r\u00e9ellement ce qu\u2019il est devenu, ni o\u00f9, ni comment sa vie s\u2019est finie.<\/p>\n<\/div>\n<\/div>\n<\/div>\n","protected":false},"excerpt":{"rendered":"<p>De la chapelle de San Gjhuva \u2013 dont les fondations remontent \u00e0 l\u2019\u00e9poque romane \u2013 en passant par la casa di u banditu o\u00f9 se serait r\u00e9fugi\u00e9 F\u00e9lix Micaelli, originaire d\u2019Isolacciu di Fium\u2019Orbu, jusqu\u2019\u00e0 l\u2019\u00e9nigmatique Fornu d\u2019 Agnatellu, les promenades peuvent aussi \u00eatre l\u2019occasion de revivre une riche histoire et ses myst\u00e8res. Que signifient les [&hellip;]<\/p>\n","protected":false},"author":3,"featured_media":0,"comment_status":"closed","ping_status":"closed","sticky":false,"template":"","format":"standard","meta":{"footnotes":""},"categories":[2],"tags":[],"class_list":["post-708","post","type-post","status-publish","format-standard","hentry","category-patrimoine","entry"],"yoast_head":"<!-- This site is optimized with the Yoast SEO plugin v27.5 - https:\/\/yoast.com\/product\/yoast-seo-wordpress\/ -->\n<title>Patrimoine | Art roman, bandit et \u00e2ge industriel balades sur les traces de l\u2019histoire dans le Fium\u2019Orbu - LESGROTTESDESAINTCEZAIRE<\/title>\n<meta name=\"description\" content=\"Patrimoine | Art roman, bandit et \u00e2ge industriel balades sur les traces de l\u2019histoire dans le Fium\u2019Orbu article de LESGROTTESDESAINTCEZAIRE\" \/>\n<meta name=\"robots\" content=\"index, follow, max-snippet:-1, max-image-preview:large, max-video-preview:-1\" \/>\n<link rel=\"canonical\" href=\"https:\/\/www.lesgrottesdesaintcezaire.fr\/blog\/patrimoine-art-roman-bandit-et-age-industriel-balades-sur-les-traces-de-lhistoire-dans-le-fiumorbu\/\" \/>\n<meta property=\"og:locale\" content=\"fr_FR\" \/>\n<meta property=\"og:type\" content=\"article\" \/>\n<meta property=\"og:title\" content=\"Patrimoine | Art roman, bandit et \u00e2ge industriel balades sur les traces de l\u2019histoire dans le Fium\u2019Orbu - LESGROTTESDESAINTCEZAIRE\" \/>\n<meta property=\"og:description\" content=\"Patrimoine | Art roman, bandit et \u00e2ge industriel balades sur les traces de l\u2019histoire dans le Fium\u2019Orbu article de LESGROTTESDESAINTCEZAIRE\" \/>\n<meta property=\"og:url\" content=\"https:\/\/www.lesgrottesdesaintcezaire.fr\/blog\/patrimoine-art-roman-bandit-et-age-industriel-balades-sur-les-traces-de-lhistoire-dans-le-fiumorbu\/\" \/>\n<meta property=\"og:site_name\" content=\"LESGROTTESDESAINTCEZAIRE\" \/>\n<meta property=\"article:published_time\" content=\"2023-10-31T13:23:23+00:00\" \/>\n<meta name=\"author\" content=\"Fabienne MOUTON\" \/>\n<meta name=\"twitter:card\" content=\"summary_large_image\" \/>\n<meta name=\"twitter:label1\" content=\"\u00c9crit par\" \/>\n\t<meta name=\"twitter:data1\" content=\"Fabienne MOUTON\" \/>\n\t<meta name=\"twitter:label2\" content=\"Dur\u00e9e de lecture estim\u00e9e\" \/>\n\t<meta name=\"twitter:data2\" content=\"3 minutes\" \/>\n<script type=\"application\/ld+json\" class=\"yoast-schema-graph\">{\"@context\":\"https:\\\/\\\/schema.org\",\"@graph\":[{\"@type\":\"Article\",\"@id\":\"https:\\\/\\\/www.lesgrottesdesaintcezaire.fr\\\/blog\\\/patrimoine-art-roman-bandit-et-age-industriel-balades-sur-les-traces-de-lhistoire-dans-le-fiumorbu\\\/#article\",\"isPartOf\":{\"@id\":\"https:\\\/\\\/www.lesgrottesdesaintcezaire.fr\\\/blog\\\/patrimoine-art-roman-bandit-et-age-industriel-balades-sur-les-traces-de-lhistoire-dans-le-fiumorbu\\\/\"},\"author\":{\"name\":\"Fabienne MOUTON\",\"@id\":\"https:\\\/\\\/www.lesgrottesdesaintcezaire.fr\\\/blog\\\/#\\\/schema\\\/person\\\/23d9a2ac249ecb9460a4ebce885adb9b\"},\"headline\":\"Patrimoine | Art roman, bandit et \u00e2ge industriel balades sur les traces de l\u2019histoire dans le Fium\u2019Orbu\",\"datePublished\":\"2023-10-31T13:23:23+00:00\",\"mainEntityOfPage\":{\"@id\":\"https:\\\/\\\/www.lesgrottesdesaintcezaire.fr\\\/blog\\\/patrimoine-art-roman-bandit-et-age-industriel-balades-sur-les-traces-de-lhistoire-dans-le-fiumorbu\\\/\"},\"wordCount\":558,\"publisher\":{\"@id\":\"https:\\\/\\\/www.lesgrottesdesaintcezaire.fr\\\/blog\\\/#organization\"},\"articleSection\":[\"Patrimoine:\"],\"inLanguage\":\"fr-FR\"},{\"@type\":\"WebPage\",\"@id\":\"https:\\\/\\\/www.lesgrottesdesaintcezaire.fr\\\/blog\\\/patrimoine-art-roman-bandit-et-age-industriel-balades-sur-les-traces-de-lhistoire-dans-le-fiumorbu\\\/\",\"url\":\"https:\\\/\\\/www.lesgrottesdesaintcezaire.fr\\\/blog\\\/patrimoine-art-roman-bandit-et-age-industriel-balades-sur-les-traces-de-lhistoire-dans-le-fiumorbu\\\/\",\"name\":\"Patrimoine | Art roman, bandit et \u00e2ge industriel balades sur les traces de l\u2019histoire dans le Fium\u2019Orbu - LESGROTTESDESAINTCEZAIRE\",\"isPartOf\":{\"@id\":\"https:\\\/\\\/www.lesgrottesdesaintcezaire.fr\\\/blog\\\/#website\"},\"datePublished\":\"2023-10-31T13:23:23+00:00\",\"description\":\"Patrimoine | Art roman, bandit et \u00e2ge industriel balades sur les traces de l\u2019histoire dans le Fium\u2019Orbu article de LESGROTTESDESAINTCEZAIRE\",\"breadcrumb\":{\"@id\":\"https:\\\/\\\/www.lesgrottesdesaintcezaire.fr\\\/blog\\\/patrimoine-art-roman-bandit-et-age-industriel-balades-sur-les-traces-de-lhistoire-dans-le-fiumorbu\\\/#breadcrumb\"},\"inLanguage\":\"fr-FR\",\"potentialAction\":[{\"@type\":\"ReadAction\",\"target\":[\"https:\\\/\\\/www.lesgrottesdesaintcezaire.fr\\\/blog\\\/patrimoine-art-roman-bandit-et-age-industriel-balades-sur-les-traces-de-lhistoire-dans-le-fiumorbu\\\/\"]}]},{\"@type\":\"BreadcrumbList\",\"@id\":\"https:\\\/\\\/www.lesgrottesdesaintcezaire.fr\\\/blog\\\/patrimoine-art-roman-bandit-et-age-industriel-balades-sur-les-traces-de-lhistoire-dans-le-fiumorbu\\\/#breadcrumb\",\"itemListElement\":[{\"@type\":\"ListItem\",\"position\":1,\"name\":\"Accueil\",\"item\":\"https:\\\/\\\/www.lesgrottesdesaintcezaire.fr\\\/blog\\\/\"},{\"@type\":\"ListItem\",\"position\":2,\"name\":\"Patrimoine | Art roman, bandit et \u00e2ge industriel balades sur les traces de l\u2019histoire dans le Fium\u2019Orbu\"}]},{\"@type\":\"WebSite\",\"@id\":\"https:\\\/\\\/www.lesgrottesdesaintcezaire.fr\\\/blog\\\/#website\",\"url\":\"https:\\\/\\\/www.lesgrottesdesaintcezaire.fr\\\/blog\\\/\",\"name\":\"LESGROTTESDESAINTCEZAIRE\",\"description\":\"Patrimoine: Le site de r\u00e9f\u00e9rence.\",\"publisher\":{\"@id\":\"https:\\\/\\\/www.lesgrottesdesaintcezaire.fr\\\/blog\\\/#organization\"},\"potentialAction\":[{\"@type\":\"SearchAction\",\"target\":{\"@type\":\"EntryPoint\",\"urlTemplate\":\"https:\\\/\\\/www.lesgrottesdesaintcezaire.fr\\\/blog\\\/?s={search_term_string}\"},\"query-input\":{\"@type\":\"PropertyValueSpecification\",\"valueRequired\":true,\"valueName\":\"search_term_string\"}}],\"inLanguage\":\"fr-FR\"},{\"@type\":\"Organization\",\"@id\":\"https:\\\/\\\/www.lesgrottesdesaintcezaire.fr\\\/blog\\\/#organization\",\"name\":\"lesgrottesdesaintcezaire\",\"url\":\"https:\\\/\\\/www.lesgrottesdesaintcezaire.fr\\\/blog\\\/\",\"logo\":{\"@type\":\"ImageObject\",\"inLanguage\":\"fr-FR\",\"@id\":\"https:\\\/\\\/www.lesgrottesdesaintcezaire.fr\\\/blog\\\/#\\\/schema\\\/logo\\\/image\\\/\",\"url\":\"https:\\\/\\\/www.lesgrottesdesaintcezaire.fr\\\/blog\\\/wp-content\\\/uploads\\\/2022\\\/05\\\/logo-2.png\",\"contentUrl\":\"https:\\\/\\\/www.lesgrottesdesaintcezaire.fr\\\/blog\\\/wp-content\\\/uploads\\\/2022\\\/05\\\/logo-2.png\",\"width\":150,\"height\":209,\"caption\":\"lesgrottesdesaintcezaire\"},\"image\":{\"@id\":\"https:\\\/\\\/www.lesgrottesdesaintcezaire.fr\\\/blog\\\/#\\\/schema\\\/logo\\\/image\\\/\"}},{\"@type\":\"Person\",\"@id\":\"https:\\\/\\\/www.lesgrottesdesaintcezaire.fr\\\/blog\\\/#\\\/schema\\\/person\\\/23d9a2ac249ecb9460a4ebce885adb9b\",\"name\":\"Fabienne MOUTON\",\"image\":{\"@type\":\"ImageObject\",\"inLanguage\":\"fr-FR\",\"@id\":\"https:\\\/\\\/secure.gravatar.com\\\/avatar\\\/856d7a14385bb0216de9c5cf9fb1160ddbd11c00be5bb16cfe389b9971309649?s=96&d=mm&r=g\",\"url\":\"https:\\\/\\\/secure.gravatar.com\\\/avatar\\\/856d7a14385bb0216de9c5cf9fb1160ddbd11c00be5bb16cfe389b9971309649?s=96&d=mm&r=g\",\"contentUrl\":\"https:\\\/\\\/secure.gravatar.com\\\/avatar\\\/856d7a14385bb0216de9c5cf9fb1160ddbd11c00be5bb16cfe389b9971309649?s=96&d=mm&r=g\",\"caption\":\"Fabienne MOUTON\"},\"url\":\"https:\\\/\\\/www.lesgrottesdesaintcezaire.fr\\\/blog\\\/author\\\/irefabienne\\\/\"}]}<\/script>\n<!-- \/ Yoast SEO plugin. -->","yoast_head_json":{"title":"Patrimoine | Art roman, bandit et \u00e2ge industriel balades sur les traces de l\u2019histoire dans le Fium\u2019Orbu - LESGROTTESDESAINTCEZAIRE","description":"Patrimoine | Art roman, bandit et \u00e2ge industriel balades sur les traces de l\u2019histoire dans le Fium\u2019Orbu article de LESGROTTESDESAINTCEZAIRE","robots":{"index":"index","follow":"follow","max-snippet":"max-snippet:-1","max-image-preview":"max-image-preview:large","max-video-preview":"max-video-preview:-1"},"canonical":"https:\/\/www.lesgrottesdesaintcezaire.fr\/blog\/patrimoine-art-roman-bandit-et-age-industriel-balades-sur-les-traces-de-lhistoire-dans-le-fiumorbu\/","og_locale":"fr_FR","og_type":"article","og_title":"Patrimoine | Art roman, bandit et \u00e2ge industriel balades sur les traces de l\u2019histoire dans le Fium\u2019Orbu - LESGROTTESDESAINTCEZAIRE","og_description":"Patrimoine | Art roman, bandit et \u00e2ge industriel balades sur les traces de l\u2019histoire dans le Fium\u2019Orbu article de LESGROTTESDESAINTCEZAIRE","og_url":"https:\/\/www.lesgrottesdesaintcezaire.fr\/blog\/patrimoine-art-roman-bandit-et-age-industriel-balades-sur-les-traces-de-lhistoire-dans-le-fiumorbu\/","og_site_name":"LESGROTTESDESAINTCEZAIRE","article_published_time":"2023-10-31T13:23:23+00:00","author":"Fabienne MOUTON","twitter_card":"summary_large_image","twitter_misc":{"\u00c9crit par":"Fabienne MOUTON","Dur\u00e9e de lecture estim\u00e9e":"3 minutes"},"schema":{"@context":"https:\/\/schema.org","@graph":[{"@type":"Article","@id":"https:\/\/www.lesgrottesdesaintcezaire.fr\/blog\/patrimoine-art-roman-bandit-et-age-industriel-balades-sur-les-traces-de-lhistoire-dans-le-fiumorbu\/#article","isPartOf":{"@id":"https:\/\/www.lesgrottesdesaintcezaire.fr\/blog\/patrimoine-art-roman-bandit-et-age-industriel-balades-sur-les-traces-de-lhistoire-dans-le-fiumorbu\/"},"author":{"name":"Fabienne MOUTON","@id":"https:\/\/www.lesgrottesdesaintcezaire.fr\/blog\/#\/schema\/person\/23d9a2ac249ecb9460a4ebce885adb9b"},"headline":"Patrimoine | Art roman, bandit et \u00e2ge industriel balades sur les traces de l\u2019histoire dans le Fium\u2019Orbu","datePublished":"2023-10-31T13:23:23+00:00","mainEntityOfPage":{"@id":"https:\/\/www.lesgrottesdesaintcezaire.fr\/blog\/patrimoine-art-roman-bandit-et-age-industriel-balades-sur-les-traces-de-lhistoire-dans-le-fiumorbu\/"},"wordCount":558,"publisher":{"@id":"https:\/\/www.lesgrottesdesaintcezaire.fr\/blog\/#organization"},"articleSection":["Patrimoine:"],"inLanguage":"fr-FR"},{"@type":"WebPage","@id":"https:\/\/www.lesgrottesdesaintcezaire.fr\/blog\/patrimoine-art-roman-bandit-et-age-industriel-balades-sur-les-traces-de-lhistoire-dans-le-fiumorbu\/","url":"https:\/\/www.lesgrottesdesaintcezaire.fr\/blog\/patrimoine-art-roman-bandit-et-age-industriel-balades-sur-les-traces-de-lhistoire-dans-le-fiumorbu\/","name":"Patrimoine | Art roman, bandit et \u00e2ge industriel balades sur les traces de l\u2019histoire dans le Fium\u2019Orbu - LESGROTTESDESAINTCEZAIRE","isPartOf":{"@id":"https:\/\/www.lesgrottesdesaintcezaire.fr\/blog\/#website"},"datePublished":"2023-10-31T13:23:23+00:00","description":"Patrimoine | Art roman, bandit et \u00e2ge industriel balades sur les traces de l\u2019histoire dans le Fium\u2019Orbu article de LESGROTTESDESAINTCEZAIRE","breadcrumb":{"@id":"https:\/\/www.lesgrottesdesaintcezaire.fr\/blog\/patrimoine-art-roman-bandit-et-age-industriel-balades-sur-les-traces-de-lhistoire-dans-le-fiumorbu\/#breadcrumb"},"inLanguage":"fr-FR","potentialAction":[{"@type":"ReadAction","target":["https:\/\/www.lesgrottesdesaintcezaire.fr\/blog\/patrimoine-art-roman-bandit-et-age-industriel-balades-sur-les-traces-de-lhistoire-dans-le-fiumorbu\/"]}]},{"@type":"BreadcrumbList","@id":"https:\/\/www.lesgrottesdesaintcezaire.fr\/blog\/patrimoine-art-roman-bandit-et-age-industriel-balades-sur-les-traces-de-lhistoire-dans-le-fiumorbu\/#breadcrumb","itemListElement":[{"@type":"ListItem","position":1,"name":"Accueil","item":"https:\/\/www.lesgrottesdesaintcezaire.fr\/blog\/"},{"@type":"ListItem","position":2,"name":"Patrimoine | Art roman, bandit et \u00e2ge industriel balades sur les traces de l\u2019histoire dans le Fium\u2019Orbu"}]},{"@type":"WebSite","@id":"https:\/\/www.lesgrottesdesaintcezaire.fr\/blog\/#website","url":"https:\/\/www.lesgrottesdesaintcezaire.fr\/blog\/","name":"LESGROTTESDESAINTCEZAIRE","description":"Patrimoine: Le site de r\u00e9f\u00e9rence.","publisher":{"@id":"https:\/\/www.lesgrottesdesaintcezaire.fr\/blog\/#organization"},"potentialAction":[{"@type":"SearchAction","target":{"@type":"EntryPoint","urlTemplate":"https:\/\/www.lesgrottesdesaintcezaire.fr\/blog\/?s={search_term_string}"},"query-input":{"@type":"PropertyValueSpecification","valueRequired":true,"valueName":"search_term_string"}}],"inLanguage":"fr-FR"},{"@type":"Organization","@id":"https:\/\/www.lesgrottesdesaintcezaire.fr\/blog\/#organization","name":"lesgrottesdesaintcezaire","url":"https:\/\/www.lesgrottesdesaintcezaire.fr\/blog\/","logo":{"@type":"ImageObject","inLanguage":"fr-FR","@id":"https:\/\/www.lesgrottesdesaintcezaire.fr\/blog\/#\/schema\/logo\/image\/","url":"https:\/\/www.lesgrottesdesaintcezaire.fr\/blog\/wp-content\/uploads\/2022\/05\/logo-2.png","contentUrl":"https:\/\/www.lesgrottesdesaintcezaire.fr\/blog\/wp-content\/uploads\/2022\/05\/logo-2.png","width":150,"height":209,"caption":"lesgrottesdesaintcezaire"},"image":{"@id":"https:\/\/www.lesgrottesdesaintcezaire.fr\/blog\/#\/schema\/logo\/image\/"}},{"@type":"Person","@id":"https:\/\/www.lesgrottesdesaintcezaire.fr\/blog\/#\/schema\/person\/23d9a2ac249ecb9460a4ebce885adb9b","name":"Fabienne MOUTON","image":{"@type":"ImageObject","inLanguage":"fr-FR","@id":"https:\/\/secure.gravatar.com\/avatar\/856d7a14385bb0216de9c5cf9fb1160ddbd11c00be5bb16cfe389b9971309649?s=96&d=mm&r=g","url":"https:\/\/secure.gravatar.com\/avatar\/856d7a14385bb0216de9c5cf9fb1160ddbd11c00be5bb16cfe389b9971309649?s=96&d=mm&r=g","contentUrl":"https:\/\/secure.gravatar.com\/avatar\/856d7a14385bb0216de9c5cf9fb1160ddbd11c00be5bb16cfe389b9971309649?s=96&d=mm&r=g","caption":"Fabienne MOUTON"},"url":"https:\/\/www.lesgrottesdesaintcezaire.fr\/blog\/author\/irefabienne\/"}]}},"_links":{"self":[{"href":"https:\/\/www.lesgrottesdesaintcezaire.fr\/blog\/wp-json\/wp\/v2\/posts\/708","targetHints":{"allow":["GET"]}}],"collection":[{"href":"https:\/\/www.lesgrottesdesaintcezaire.fr\/blog\/wp-json\/wp\/v2\/posts"}],"about":[{"href":"https:\/\/www.lesgrottesdesaintcezaire.fr\/blog\/wp-json\/wp\/v2\/types\/post"}],"author":[{"embeddable":true,"href":"https:\/\/www.lesgrottesdesaintcezaire.fr\/blog\/wp-json\/wp\/v2\/users\/3"}],"replies":[{"embeddable":true,"href":"https:\/\/www.lesgrottesdesaintcezaire.fr\/blog\/wp-json\/wp\/v2\/comments?post=708"}],"version-history":[{"count":0,"href":"https:\/\/www.lesgrottesdesaintcezaire.fr\/blog\/wp-json\/wp\/v2\/posts\/708\/revisions"}],"wp:attachment":[{"href":"https:\/\/www.lesgrottesdesaintcezaire.fr\/blog\/wp-json\/wp\/v2\/media?parent=708"}],"wp:term":[{"taxonomy":"category","embeddable":true,"href":"https:\/\/www.lesgrottesdesaintcezaire.fr\/blog\/wp-json\/wp\/v2\/categories?post=708"},{"taxonomy":"post_tag","embeddable":true,"href":"https:\/\/www.lesgrottesdesaintcezaire.fr\/blog\/wp-json\/wp\/v2\/tags?post=708"}],"curies":[{"name":"wp","href":"https:\/\/api.w.org\/{rel}","templated":true}]}}