{"id":722,"date":"2023-12-24T10:59:28","date_gmt":"2023-12-24T09:59:28","guid":{"rendered":"https:\/\/www.lesgrottesdesaintcezaire.fr\/blog\/chronique-de-la-nativite-le-clocher-de-leglise-saint-sauveur-pret-a-traverser-le-siecle-a-desvres\/"},"modified":"2023-12-24T10:59:28","modified_gmt":"2023-12-24T09:59:28","slug":"chronique-de-la-nativite-le-clocher-de-leglise-saint-sauveur-pret-a-traverser-le-siecle-a-desvres","status":"publish","type":"post","link":"https:\/\/www.lesgrottesdesaintcezaire.fr\/blog\/chronique-de-la-nativite-le-clocher-de-leglise-saint-sauveur-pret-a-traverser-le-siecle-a-desvres\/","title":{"rendered":"Chronique de la Nativit\u00e9 : le clocher de l\u2019\u00e9glise Saint-Sauveur pr\u00eat \u00e0 traverser le si\u00e8cle \u00e0 Desvres"},"content":{"rendered":"<div><img width=\"580\" height=\"870\" src=\"https:\/\/www.lesgrottesdesaintcezaire.fr\/blog\/wp-content\/uploads\/2023\/12\/Chronique-de-la-Nativite-le-clocher-de-leglise-Saint-Sauveur-683x1024-1.jpg\" class=\"attachment-large size-large wp-post-image\" alt=\"Chronique-de-la-Nativite-le-clocher-de-leglise-Saint-Sauveur\" style=\"float:left; margin:0 15px 15px 0;\" decoding=\"async\" srcset=\"https:\/\/www.lesgrottesdesaintcezaire.fr\/blog\/wp-content\/uploads\/2023\/12\/Chronique-de-la-Nativite-le-clocher-de-leglise-Saint-Sauveur-683x1024-1.jpg 683w, https:\/\/www.site.cdcl.xyz\/wp-content\/uploads\/2023\/12\/Chronique-de-la-Nativite-le-clocher-de-leglise-Saint-Sauveur-200x300.jpg 200w, https:\/\/www.site.cdcl.xyz\/wp-content\/uploads\/2023\/12\/Chronique-de-la-Nativite-le-clocher-de-leglise-Saint-Sauveur-768x1151.jpg 768w, https:\/\/www.lesgrottesdesaintcezaire.fr\/blog\/wp-content\/uploads\/2023\/12\/Chronique-de-la-Nativite-le-clocher-de-leglise-Saint-Sauveur.jpg 800w\" sizes=\"(max-width: 580px) 100vw, 580px\"><\/p>\n<div id=\"\">\n<p>\t<r-article--chapo><\/r-article--chapo><\/p>\n<p>Pour l\u2019\u00e9glise paroissiale Saint-Sauveur l\u2019ann\u00e9e qui se termine aura \u00e9t\u00e9 marqu\u00e9e par une \u00e9tape essentielle de sa r\u00e9novation entreprise depuis sa fermeture au public en f\u00e9vrier 2018. Le clocher qui culmine \u00e0 environ 30 m\u00e8tres du sol a retrouv\u00e9 toute sa splendeur.<\/p>\n<\/p>\n<\/div>\n<div>\t<r-article--section><\/p>\n<p>Au cours des douze derniers mois et apr\u00e8s diverses interruptions dues \u00e0 plusieurs ph\u00e9nom\u00e8nes m\u00e9t\u00e9orologiques temp\u00eates et une importante pluviom\u00e9trie, le chantier de restauration du clocher, dont les archives situent son \u00e9l\u00e9vation \u00e0 l\u2019ann\u00e9e 1730, a \u00e9t\u00e9 men\u00e9 \u00e0 son terme.  Pour les entreprises d\u00e9sign\u00e9es par l\u2019appel d\u2019offres il s\u2019agissait apr\u00e8s remise en \u00e9tat complet de la couverture en tuiles, de la confection de nouveaux abat-sons.  La ma\u00eetrise d\u2019ouvrage pr\u00e9voyait encore de restaurer les charpentes, couvertures du clocher de l\u2019\u00e9glise et dans un ultime temps de couler une cloche suppl\u00e9mentaire.<\/p>\n<p><template class=\"js-sso--template\" data-user=\"anonyme\"><r-pub class=\"r-pub--inread r-pub--inread-article\"><i-pub id=\"r-pub--inread-article\"><!--   \/\/ builder=DFPTagBuilder, site=LAVOIXDUNORDENG, pageType=node, context=\/Sections\/Hauts-de-France\/Boulogne-sur-Mer, position=article_article, edition=, domain=www.lavoixdunord.fr\n    \n --><\/i-pub><\/r-pub><\/template><\/p>\n<p><template class=\"js-sso--template\" data-user=\"connecte\"><r-pub class=\"r-pub--inread r-pub--inread-article\"><i-pub id=\"r-pub--inread-article\"><!--   \/\/ builder=DFPTagBuilder, site=LAVOIXDUNORDENG, pageType=node, context=\/Sections\/Hauts-de-France\/Boulogne-sur-Mer, position=article_article, edition=, domain=www.lavoixdunord.fr\n    \n --><\/i-pub><\/r-pub><\/template><\/p>\n<\/p>\n<h2>  Techniques d\u2019interventions multiples <\/h2>\n<p>L\u2019ann\u00e9e \u00e9coul\u00e9e a connu la d\u00e9pose de l\u2019ancienne cloche et de ses \u00e9quipements (monture, battant et joug) apr\u00e8s ouverture de l\u2019oculus d\u2019acc\u00e8s avant une restauration et un nettoyage total.  Le chantier confi\u00e9 \u00e0 l\u2019atelier Paschal art campanaire \u00e0 Wimereux comportait \u00e9galement le d\u00e9sassemblage total du beffroi et des installations bois avec remplacement avec des essences de ch\u00eane et d\u2019acacia pour les chevilles.  Ainsi que la d\u00e9pose et la repos, apr\u00e8s restauration, des assises et poutres de transfert du beffroi qui \u00e9tait selon les experts en tr\u00e8s mauvais \u00e9tat.<\/p>\n<p><template class=\"js-sso--template\" data-user=\"abonne\"><r-pub class=\"r-pub--inread r-pub--inread-article\"><i-pub id=\"r-pub--inread-article\"><!--   \/\/ builder=DFPTagBuilder, site=LAVOIXDUNORDENG, pageType=node, context=\/Sections\/Hauts-de-France\/Boulogne-sur-Mer, position=article_article, edition=, domain=www.lavoixdunord.fr\n    \n --><\/i-pub><\/r-pub><\/template><\/p>\n<\/p>\n<p><figure role=\"img\"> <img decoding=\"async\" class=\"r-img lazy\" src=\"https:\/\/www.lesgrottesdesaintcezaire.fr\/blog\/wp-content\/uploads\/2023\/12\/Chronique-de-la-Nativite-le-clocher-de-leglise-Saint-Sauveur.jpg\" typeof=\"foaf:Image\" alt=\"NON\"><noscript><img decoding=\"async\" class=\"r-img\" src=\"https:\/\/www.lesgrottesdesaintcezaire.fr\/blog\/wp-content\/uploads\/2023\/12\/Chronique-de-la-Nativite-le-clocher-de-leglise-Saint-Sauveur.jpg\" alt=\"NON\"><\/noscript><\/figure>\n<\/p>\n<p>La r\u00e9novation comprenait \u00e9galement la restauration de la cloche active depuis 1897. Temps fort de l\u2019ann\u00e9e intervenu \u00e0 la fin de l\u2019\u00e9t\u00e9 et d\u00e9but d\u2019automne l\u2019installation apr\u00e8s coul\u00e9e r\u00e9alis\u00e9e en public d\u2019une nouvelle cloche.  Apr\u00e8s une b\u00e9n\u00e9diction symbolique de son \u00e9quipement complet, le repos des deux cloches est intervenue.  Enfin la r\u00e9vision et le repos des \u00e9quipements et l\u2019\u00e9lectrification des cloches \u00e0 mis un terme \u00e0 l\u2019op\u00e9ration.  La finalisation de ses diverses t\u00e2ches est intervenue en octobre et les cloches ont repris leurs fonctions en novembre dernier.<\/p>\n<\/p>\n<p><\/r-article--section>\n<\/div>\n<p><script type=\"didomi\/javascript\" data-vendor=\"c:facebook\">\n        window.fbAsyncInit = function() {\n        FB.init({\n          appId : '1413080118932202',\n          autoLogAppEvents : true,\n          xfbml : true,\n          version : 'v6.0'\n        });FB.Event.subscribe(\"comment.create\", function(resp) {\n    if (typeof (fbComment) == 'function') {\n      fbComment(resp, 'add');\n    }\n});FB.Event.subscribe(\"comment.remove\", function(resp) {\n    if (typeof (fbComment) == 'function') {\n      fbComment(resp, 'delete');\n    }\n});\n        };(function(d, s, id){\n         var js, fjs = d.getElementsByTagName(s)[0];\n         if(d.getElementById(id)) {return;}\n         js = d.createElement(s); js.id = id;\n         js.src=\"\n         fjs.parentNode.insertBefore(js, fjs);\n         }(document, 'script', 'facebook-jssdk'));\n\/\/--><!]]&gt;\n<\/script><\/p>\n<\/div>\n","protected":false},"excerpt":{"rendered":"<p>Pour l\u2019\u00e9glise paroissiale Saint-Sauveur l\u2019ann\u00e9e qui se termine aura \u00e9t\u00e9 marqu\u00e9e par une \u00e9tape essentielle de sa r\u00e9novation entreprise depuis sa fermeture au public en f\u00e9vrier 2018. Le clocher qui culmine \u00e0 environ 30 m\u00e8tres du sol a retrouv\u00e9 toute sa splendeur. Au cours des douze derniers mois et apr\u00e8s diverses interruptions dues \u00e0 plusieurs [&hellip;]<\/p>\n","protected":false},"author":3,"featured_media":723,"comment_status":"closed","ping_status":"closed","sticky":false,"template":"","format":"standard","meta":{"footnotes":""},"categories":[2],"tags":[],"class_list":["post-722","post","type-post","status-publish","format-standard","has-post-thumbnail","hentry","category-patrimoine","entry","has-media"],"yoast_head":"<!-- This site is optimized with the Yoast SEO plugin v27.5 - https:\/\/yoast.com\/product\/yoast-seo-wordpress\/ -->\n<title>Chronique de la Nativit\u00e9 : le clocher de l\u2019\u00e9glise Saint-Sauveur pr\u00eat \u00e0 traverser le si\u00e8cle \u00e0 Desvres - LESGROTTESDESAINTCEZAIRE<\/title>\n<meta name=\"description\" content=\"Chronique de la Nativit\u00e9 : le clocher de l\u2019\u00e9glise Saint-Sauveur pr\u00eat \u00e0 traverser le si\u00e8cle \u00e0 Desvres article de LESGROTTESDESAINTCEZAIRE\" \/>\n<meta name=\"robots\" content=\"index, follow, max-snippet:-1, max-image-preview:large, max-video-preview:-1\" \/>\n<link rel=\"canonical\" href=\"https:\/\/www.lesgrottesdesaintcezaire.fr\/blog\/chronique-de-la-nativite-le-clocher-de-leglise-saint-sauveur-pret-a-traverser-le-siecle-a-desvres\/\" \/>\n<meta property=\"og:locale\" content=\"fr_FR\" \/>\n<meta property=\"og:type\" content=\"article\" \/>\n<meta property=\"og:title\" content=\"Chronique de la Nativit\u00e9 : le clocher de l\u2019\u00e9glise Saint-Sauveur pr\u00eat \u00e0 traverser le si\u00e8cle \u00e0 Desvres - LESGROTTESDESAINTCEZAIRE\" \/>\n<meta property=\"og:description\" content=\"Chronique de la Nativit\u00e9 : le clocher de l\u2019\u00e9glise Saint-Sauveur pr\u00eat \u00e0 traverser le si\u00e8cle \u00e0 Desvres article de LESGROTTESDESAINTCEZAIRE\" \/>\n<meta property=\"og:url\" content=\"https:\/\/www.lesgrottesdesaintcezaire.fr\/blog\/chronique-de-la-nativite-le-clocher-de-leglise-saint-sauveur-pret-a-traverser-le-siecle-a-desvres\/\" \/>\n<meta property=\"og:site_name\" content=\"LESGROTTESDESAINTCEZAIRE\" \/>\n<meta property=\"article:published_time\" content=\"2023-12-24T09:59:28+00:00\" \/>\n<meta property=\"og:image\" content=\"https:\/\/www.lesgrottesdesaintcezaire.fr\/blog\/wp-content\/uploads\/2023\/12\/Chronique-de-la-Nativite-le-clocher-de-leglise-Saint-Sauveur-683x1024-1.jpg\" \/>\n<meta name=\"author\" content=\"Fabienne MOUTON\" \/>\n<meta name=\"twitter:card\" content=\"summary_large_image\" \/>\n<meta name=\"twitter:label1\" content=\"\u00c9crit par\" \/>\n\t<meta name=\"twitter:data1\" content=\"Fabienne MOUTON\" \/>\n\t<meta name=\"twitter:label2\" content=\"Dur\u00e9e de lecture estim\u00e9e\" \/>\n\t<meta name=\"twitter:data2\" content=\"2 minutes\" \/>\n<script type=\"application\/ld+json\" class=\"yoast-schema-graph\">{\"@context\":\"https:\\\/\\\/schema.org\",\"@graph\":[{\"@type\":\"Article\",\"@id\":\"https:\\\/\\\/www.lesgrottesdesaintcezaire.fr\\\/blog\\\/chronique-de-la-nativite-le-clocher-de-leglise-saint-sauveur-pret-a-traverser-le-siecle-a-desvres\\\/#article\",\"isPartOf\":{\"@id\":\"https:\\\/\\\/www.lesgrottesdesaintcezaire.fr\\\/blog\\\/chronique-de-la-nativite-le-clocher-de-leglise-saint-sauveur-pret-a-traverser-le-siecle-a-desvres\\\/\"},\"author\":{\"name\":\"Fabienne MOUTON\",\"@id\":\"https:\\\/\\\/www.lesgrottesdesaintcezaire.fr\\\/blog\\\/#\\\/schema\\\/person\\\/23d9a2ac249ecb9460a4ebce885adb9b\"},\"headline\":\"Chronique de la Nativit\u00e9 : le clocher de l\u2019\u00e9glise Saint-Sauveur pr\u00eat \u00e0 traverser le si\u00e8cle \u00e0 Desvres\",\"datePublished\":\"2023-12-24T09:59:28+00:00\",\"mainEntityOfPage\":{\"@id\":\"https:\\\/\\\/www.lesgrottesdesaintcezaire.fr\\\/blog\\\/chronique-de-la-nativite-le-clocher-de-leglise-saint-sauveur-pret-a-traverser-le-siecle-a-desvres\\\/\"},\"wordCount\":379,\"publisher\":{\"@id\":\"https:\\\/\\\/www.lesgrottesdesaintcezaire.fr\\\/blog\\\/#organization\"},\"image\":{\"@id\":\"https:\\\/\\\/www.lesgrottesdesaintcezaire.fr\\\/blog\\\/chronique-de-la-nativite-le-clocher-de-leglise-saint-sauveur-pret-a-traverser-le-siecle-a-desvres\\\/#primaryimage\"},\"thumbnailUrl\":\"https:\\\/\\\/www.lesgrottesdesaintcezaire.fr\\\/blog\\\/wp-content\\\/uploads\\\/2023\\\/12\\\/Chronique-de-la-Nativite-le-clocher-de-leglise-Saint-Sauveur-683x1024-1.jpg\",\"articleSection\":[\"Patrimoine:\"],\"inLanguage\":\"fr-FR\"},{\"@type\":\"WebPage\",\"@id\":\"https:\\\/\\\/www.lesgrottesdesaintcezaire.fr\\\/blog\\\/chronique-de-la-nativite-le-clocher-de-leglise-saint-sauveur-pret-a-traverser-le-siecle-a-desvres\\\/\",\"url\":\"https:\\\/\\\/www.lesgrottesdesaintcezaire.fr\\\/blog\\\/chronique-de-la-nativite-le-clocher-de-leglise-saint-sauveur-pret-a-traverser-le-siecle-a-desvres\\\/\",\"name\":\"Chronique de la Nativit\u00e9 : le clocher de l\u2019\u00e9glise Saint-Sauveur pr\u00eat \u00e0 traverser le si\u00e8cle \u00e0 Desvres - LESGROTTESDESAINTCEZAIRE\",\"isPartOf\":{\"@id\":\"https:\\\/\\\/www.lesgrottesdesaintcezaire.fr\\\/blog\\\/#website\"},\"primaryImageOfPage\":{\"@id\":\"https:\\\/\\\/www.lesgrottesdesaintcezaire.fr\\\/blog\\\/chronique-de-la-nativite-le-clocher-de-leglise-saint-sauveur-pret-a-traverser-le-siecle-a-desvres\\\/#primaryimage\"},\"image\":{\"@id\":\"https:\\\/\\\/www.lesgrottesdesaintcezaire.fr\\\/blog\\\/chronique-de-la-nativite-le-clocher-de-leglise-saint-sauveur-pret-a-traverser-le-siecle-a-desvres\\\/#primaryimage\"},\"thumbnailUrl\":\"https:\\\/\\\/www.lesgrottesdesaintcezaire.fr\\\/blog\\\/wp-content\\\/uploads\\\/2023\\\/12\\\/Chronique-de-la-Nativite-le-clocher-de-leglise-Saint-Sauveur-683x1024-1.jpg\",\"datePublished\":\"2023-12-24T09:59:28+00:00\",\"description\":\"Chronique de la Nativit\u00e9 : le clocher de l\u2019\u00e9glise Saint-Sauveur pr\u00eat \u00e0 traverser le si\u00e8cle \u00e0 Desvres article de LESGROTTESDESAINTCEZAIRE\",\"breadcrumb\":{\"@id\":\"https:\\\/\\\/www.lesgrottesdesaintcezaire.fr\\\/blog\\\/chronique-de-la-nativite-le-clocher-de-leglise-saint-sauveur-pret-a-traverser-le-siecle-a-desvres\\\/#breadcrumb\"},\"inLanguage\":\"fr-FR\",\"potentialAction\":[{\"@type\":\"ReadAction\",\"target\":[\"https:\\\/\\\/www.lesgrottesdesaintcezaire.fr\\\/blog\\\/chronique-de-la-nativite-le-clocher-de-leglise-saint-sauveur-pret-a-traverser-le-siecle-a-desvres\\\/\"]}]},{\"@type\":\"ImageObject\",\"inLanguage\":\"fr-FR\",\"@id\":\"https:\\\/\\\/www.lesgrottesdesaintcezaire.fr\\\/blog\\\/chronique-de-la-nativite-le-clocher-de-leglise-saint-sauveur-pret-a-traverser-le-siecle-a-desvres\\\/#primaryimage\",\"url\":\"https:\\\/\\\/www.lesgrottesdesaintcezaire.fr\\\/blog\\\/wp-content\\\/uploads\\\/2023\\\/12\\\/Chronique-de-la-Nativite-le-clocher-de-leglise-Saint-Sauveur-683x1024-1.jpg\",\"contentUrl\":\"https:\\\/\\\/www.lesgrottesdesaintcezaire.fr\\\/blog\\\/wp-content\\\/uploads\\\/2023\\\/12\\\/Chronique-de-la-Nativite-le-clocher-de-leglise-Saint-Sauveur-683x1024-1.jpg\",\"width\":683,\"height\":1024,\"caption\":\"Chronique de la Nativite le clocher de leglise Saint Sauveur 683x1024 1\"},{\"@type\":\"BreadcrumbList\",\"@id\":\"https:\\\/\\\/www.lesgrottesdesaintcezaire.fr\\\/blog\\\/chronique-de-la-nativite-le-clocher-de-leglise-saint-sauveur-pret-a-traverser-le-siecle-a-desvres\\\/#breadcrumb\",\"itemListElement\":[{\"@type\":\"ListItem\",\"position\":1,\"name\":\"Accueil\",\"item\":\"https:\\\/\\\/www.lesgrottesdesaintcezaire.fr\\\/blog\\\/\"},{\"@type\":\"ListItem\",\"position\":2,\"name\":\"Chronique de la Nativit\u00e9 : le clocher de l\u2019\u00e9glise Saint-Sauveur pr\u00eat \u00e0 traverser le si\u00e8cle \u00e0 Desvres\"}]},{\"@type\":\"WebSite\",\"@id\":\"https:\\\/\\\/www.lesgrottesdesaintcezaire.fr\\\/blog\\\/#website\",\"url\":\"https:\\\/\\\/www.lesgrottesdesaintcezaire.fr\\\/blog\\\/\",\"name\":\"LESGROTTESDESAINTCEZAIRE\",\"description\":\"Patrimoine: Le site de r\u00e9f\u00e9rence.\",\"publisher\":{\"@id\":\"https:\\\/\\\/www.lesgrottesdesaintcezaire.fr\\\/blog\\\/#organization\"},\"potentialAction\":[{\"@type\":\"SearchAction\",\"target\":{\"@type\":\"EntryPoint\",\"urlTemplate\":\"https:\\\/\\\/www.lesgrottesdesaintcezaire.fr\\\/blog\\\/?s={search_term_string}\"},\"query-input\":{\"@type\":\"PropertyValueSpecification\",\"valueRequired\":true,\"valueName\":\"search_term_string\"}}],\"inLanguage\":\"fr-FR\"},{\"@type\":\"Organization\",\"@id\":\"https:\\\/\\\/www.lesgrottesdesaintcezaire.fr\\\/blog\\\/#organization\",\"name\":\"lesgrottesdesaintcezaire\",\"url\":\"https:\\\/\\\/www.lesgrottesdesaintcezaire.fr\\\/blog\\\/\",\"logo\":{\"@type\":\"ImageObject\",\"inLanguage\":\"fr-FR\",\"@id\":\"https:\\\/\\\/www.lesgrottesdesaintcezaire.fr\\\/blog\\\/#\\\/schema\\\/logo\\\/image\\\/\",\"url\":\"https:\\\/\\\/www.lesgrottesdesaintcezaire.fr\\\/blog\\\/wp-content\\\/uploads\\\/2022\\\/05\\\/logo-2.png\",\"contentUrl\":\"https:\\\/\\\/www.lesgrottesdesaintcezaire.fr\\\/blog\\\/wp-content\\\/uploads\\\/2022\\\/05\\\/logo-2.png\",\"width\":150,\"height\":209,\"caption\":\"lesgrottesdesaintcezaire\"},\"image\":{\"@id\":\"https:\\\/\\\/www.lesgrottesdesaintcezaire.fr\\\/blog\\\/#\\\/schema\\\/logo\\\/image\\\/\"}},{\"@type\":\"Person\",\"@id\":\"https:\\\/\\\/www.lesgrottesdesaintcezaire.fr\\\/blog\\\/#\\\/schema\\\/person\\\/23d9a2ac249ecb9460a4ebce885adb9b\",\"name\":\"Fabienne MOUTON\",\"image\":{\"@type\":\"ImageObject\",\"inLanguage\":\"fr-FR\",\"@id\":\"https:\\\/\\\/secure.gravatar.com\\\/avatar\\\/856d7a14385bb0216de9c5cf9fb1160ddbd11c00be5bb16cfe389b9971309649?s=96&d=mm&r=g\",\"url\":\"https:\\\/\\\/secure.gravatar.com\\\/avatar\\\/856d7a14385bb0216de9c5cf9fb1160ddbd11c00be5bb16cfe389b9971309649?s=96&d=mm&r=g\",\"contentUrl\":\"https:\\\/\\\/secure.gravatar.com\\\/avatar\\\/856d7a14385bb0216de9c5cf9fb1160ddbd11c00be5bb16cfe389b9971309649?s=96&d=mm&r=g\",\"caption\":\"Fabienne MOUTON\"},\"url\":\"https:\\\/\\\/www.lesgrottesdesaintcezaire.fr\\\/blog\\\/author\\\/irefabienne\\\/\"}]}<\/script>\n<!-- \/ Yoast SEO plugin. -->","yoast_head_json":{"title":"Chronique de la Nativit\u00e9 : le clocher de l\u2019\u00e9glise Saint-Sauveur pr\u00eat \u00e0 traverser le si\u00e8cle \u00e0 Desvres - LESGROTTESDESAINTCEZAIRE","description":"Chronique de la Nativit\u00e9 : le clocher de l\u2019\u00e9glise Saint-Sauveur pr\u00eat \u00e0 traverser le si\u00e8cle \u00e0 Desvres article de LESGROTTESDESAINTCEZAIRE","robots":{"index":"index","follow":"follow","max-snippet":"max-snippet:-1","max-image-preview":"max-image-preview:large","max-video-preview":"max-video-preview:-1"},"canonical":"https:\/\/www.lesgrottesdesaintcezaire.fr\/blog\/chronique-de-la-nativite-le-clocher-de-leglise-saint-sauveur-pret-a-traverser-le-siecle-a-desvres\/","og_locale":"fr_FR","og_type":"article","og_title":"Chronique de la Nativit\u00e9 : le clocher de l\u2019\u00e9glise Saint-Sauveur pr\u00eat \u00e0 traverser le si\u00e8cle \u00e0 Desvres - LESGROTTESDESAINTCEZAIRE","og_description":"Chronique de la Nativit\u00e9 : le clocher de l\u2019\u00e9glise Saint-Sauveur pr\u00eat \u00e0 traverser le si\u00e8cle \u00e0 Desvres article de LESGROTTESDESAINTCEZAIRE","og_url":"https:\/\/www.lesgrottesdesaintcezaire.fr\/blog\/chronique-de-la-nativite-le-clocher-de-leglise-saint-sauveur-pret-a-traverser-le-siecle-a-desvres\/","og_site_name":"LESGROTTESDESAINTCEZAIRE","article_published_time":"2023-12-24T09:59:28+00:00","og_image":[{"url":"https:\/\/www.lesgrottesdesaintcezaire.fr\/blog\/wp-content\/uploads\/2023\/12\/Chronique-de-la-Nativite-le-clocher-de-leglise-Saint-Sauveur-683x1024-1.jpg","type":"","width":"","height":""}],"author":"Fabienne MOUTON","twitter_card":"summary_large_image","twitter_misc":{"\u00c9crit par":"Fabienne MOUTON","Dur\u00e9e de lecture estim\u00e9e":"2 minutes"},"schema":{"@context":"https:\/\/schema.org","@graph":[{"@type":"Article","@id":"https:\/\/www.lesgrottesdesaintcezaire.fr\/blog\/chronique-de-la-nativite-le-clocher-de-leglise-saint-sauveur-pret-a-traverser-le-siecle-a-desvres\/#article","isPartOf":{"@id":"https:\/\/www.lesgrottesdesaintcezaire.fr\/blog\/chronique-de-la-nativite-le-clocher-de-leglise-saint-sauveur-pret-a-traverser-le-siecle-a-desvres\/"},"author":{"name":"Fabienne MOUTON","@id":"https:\/\/www.lesgrottesdesaintcezaire.fr\/blog\/#\/schema\/person\/23d9a2ac249ecb9460a4ebce885adb9b"},"headline":"Chronique de la Nativit\u00e9 : le clocher de l\u2019\u00e9glise Saint-Sauveur pr\u00eat \u00e0 traverser le si\u00e8cle \u00e0 Desvres","datePublished":"2023-12-24T09:59:28+00:00","mainEntityOfPage":{"@id":"https:\/\/www.lesgrottesdesaintcezaire.fr\/blog\/chronique-de-la-nativite-le-clocher-de-leglise-saint-sauveur-pret-a-traverser-le-siecle-a-desvres\/"},"wordCount":379,"publisher":{"@id":"https:\/\/www.lesgrottesdesaintcezaire.fr\/blog\/#organization"},"image":{"@id":"https:\/\/www.lesgrottesdesaintcezaire.fr\/blog\/chronique-de-la-nativite-le-clocher-de-leglise-saint-sauveur-pret-a-traverser-le-siecle-a-desvres\/#primaryimage"},"thumbnailUrl":"https:\/\/www.lesgrottesdesaintcezaire.fr\/blog\/wp-content\/uploads\/2023\/12\/Chronique-de-la-Nativite-le-clocher-de-leglise-Saint-Sauveur-683x1024-1.jpg","articleSection":["Patrimoine:"],"inLanguage":"fr-FR"},{"@type":"WebPage","@id":"https:\/\/www.lesgrottesdesaintcezaire.fr\/blog\/chronique-de-la-nativite-le-clocher-de-leglise-saint-sauveur-pret-a-traverser-le-siecle-a-desvres\/","url":"https:\/\/www.lesgrottesdesaintcezaire.fr\/blog\/chronique-de-la-nativite-le-clocher-de-leglise-saint-sauveur-pret-a-traverser-le-siecle-a-desvres\/","name":"Chronique de la Nativit\u00e9 : le clocher de l\u2019\u00e9glise Saint-Sauveur pr\u00eat \u00e0 traverser le si\u00e8cle \u00e0 Desvres - LESGROTTESDESAINTCEZAIRE","isPartOf":{"@id":"https:\/\/www.lesgrottesdesaintcezaire.fr\/blog\/#website"},"primaryImageOfPage":{"@id":"https:\/\/www.lesgrottesdesaintcezaire.fr\/blog\/chronique-de-la-nativite-le-clocher-de-leglise-saint-sauveur-pret-a-traverser-le-siecle-a-desvres\/#primaryimage"},"image":{"@id":"https:\/\/www.lesgrottesdesaintcezaire.fr\/blog\/chronique-de-la-nativite-le-clocher-de-leglise-saint-sauveur-pret-a-traverser-le-siecle-a-desvres\/#primaryimage"},"thumbnailUrl":"https:\/\/www.lesgrottesdesaintcezaire.fr\/blog\/wp-content\/uploads\/2023\/12\/Chronique-de-la-Nativite-le-clocher-de-leglise-Saint-Sauveur-683x1024-1.jpg","datePublished":"2023-12-24T09:59:28+00:00","description":"Chronique de la Nativit\u00e9 : le clocher de l\u2019\u00e9glise Saint-Sauveur pr\u00eat \u00e0 traverser le si\u00e8cle \u00e0 Desvres article de LESGROTTESDESAINTCEZAIRE","breadcrumb":{"@id":"https:\/\/www.lesgrottesdesaintcezaire.fr\/blog\/chronique-de-la-nativite-le-clocher-de-leglise-saint-sauveur-pret-a-traverser-le-siecle-a-desvres\/#breadcrumb"},"inLanguage":"fr-FR","potentialAction":[{"@type":"ReadAction","target":["https:\/\/www.lesgrottesdesaintcezaire.fr\/blog\/chronique-de-la-nativite-le-clocher-de-leglise-saint-sauveur-pret-a-traverser-le-siecle-a-desvres\/"]}]},{"@type":"ImageObject","inLanguage":"fr-FR","@id":"https:\/\/www.lesgrottesdesaintcezaire.fr\/blog\/chronique-de-la-nativite-le-clocher-de-leglise-saint-sauveur-pret-a-traverser-le-siecle-a-desvres\/#primaryimage","url":"https:\/\/www.lesgrottesdesaintcezaire.fr\/blog\/wp-content\/uploads\/2023\/12\/Chronique-de-la-Nativite-le-clocher-de-leglise-Saint-Sauveur-683x1024-1.jpg","contentUrl":"https:\/\/www.lesgrottesdesaintcezaire.fr\/blog\/wp-content\/uploads\/2023\/12\/Chronique-de-la-Nativite-le-clocher-de-leglise-Saint-Sauveur-683x1024-1.jpg","width":683,"height":1024,"caption":"Chronique de la Nativite le clocher de leglise Saint Sauveur 683x1024 1"},{"@type":"BreadcrumbList","@id":"https:\/\/www.lesgrottesdesaintcezaire.fr\/blog\/chronique-de-la-nativite-le-clocher-de-leglise-saint-sauveur-pret-a-traverser-le-siecle-a-desvres\/#breadcrumb","itemListElement":[{"@type":"ListItem","position":1,"name":"Accueil","item":"https:\/\/www.lesgrottesdesaintcezaire.fr\/blog\/"},{"@type":"ListItem","position":2,"name":"Chronique de la Nativit\u00e9 : le clocher de l\u2019\u00e9glise Saint-Sauveur pr\u00eat \u00e0 traverser le si\u00e8cle \u00e0 Desvres"}]},{"@type":"WebSite","@id":"https:\/\/www.lesgrottesdesaintcezaire.fr\/blog\/#website","url":"https:\/\/www.lesgrottesdesaintcezaire.fr\/blog\/","name":"LESGROTTESDESAINTCEZAIRE","description":"Patrimoine: Le site de r\u00e9f\u00e9rence.","publisher":{"@id":"https:\/\/www.lesgrottesdesaintcezaire.fr\/blog\/#organization"},"potentialAction":[{"@type":"SearchAction","target":{"@type":"EntryPoint","urlTemplate":"https:\/\/www.lesgrottesdesaintcezaire.fr\/blog\/?s={search_term_string}"},"query-input":{"@type":"PropertyValueSpecification","valueRequired":true,"valueName":"search_term_string"}}],"inLanguage":"fr-FR"},{"@type":"Organization","@id":"https:\/\/www.lesgrottesdesaintcezaire.fr\/blog\/#organization","name":"lesgrottesdesaintcezaire","url":"https:\/\/www.lesgrottesdesaintcezaire.fr\/blog\/","logo":{"@type":"ImageObject","inLanguage":"fr-FR","@id":"https:\/\/www.lesgrottesdesaintcezaire.fr\/blog\/#\/schema\/logo\/image\/","url":"https:\/\/www.lesgrottesdesaintcezaire.fr\/blog\/wp-content\/uploads\/2022\/05\/logo-2.png","contentUrl":"https:\/\/www.lesgrottesdesaintcezaire.fr\/blog\/wp-content\/uploads\/2022\/05\/logo-2.png","width":150,"height":209,"caption":"lesgrottesdesaintcezaire"},"image":{"@id":"https:\/\/www.lesgrottesdesaintcezaire.fr\/blog\/#\/schema\/logo\/image\/"}},{"@type":"Person","@id":"https:\/\/www.lesgrottesdesaintcezaire.fr\/blog\/#\/schema\/person\/23d9a2ac249ecb9460a4ebce885adb9b","name":"Fabienne MOUTON","image":{"@type":"ImageObject","inLanguage":"fr-FR","@id":"https:\/\/secure.gravatar.com\/avatar\/856d7a14385bb0216de9c5cf9fb1160ddbd11c00be5bb16cfe389b9971309649?s=96&d=mm&r=g","url":"https:\/\/secure.gravatar.com\/avatar\/856d7a14385bb0216de9c5cf9fb1160ddbd11c00be5bb16cfe389b9971309649?s=96&d=mm&r=g","contentUrl":"https:\/\/secure.gravatar.com\/avatar\/856d7a14385bb0216de9c5cf9fb1160ddbd11c00be5bb16cfe389b9971309649?s=96&d=mm&r=g","caption":"Fabienne MOUTON"},"url":"https:\/\/www.lesgrottesdesaintcezaire.fr\/blog\/author\/irefabienne\/"}]}},"_links":{"self":[{"href":"https:\/\/www.lesgrottesdesaintcezaire.fr\/blog\/wp-json\/wp\/v2\/posts\/722","targetHints":{"allow":["GET"]}}],"collection":[{"href":"https:\/\/www.lesgrottesdesaintcezaire.fr\/blog\/wp-json\/wp\/v2\/posts"}],"about":[{"href":"https:\/\/www.lesgrottesdesaintcezaire.fr\/blog\/wp-json\/wp\/v2\/types\/post"}],"author":[{"embeddable":true,"href":"https:\/\/www.lesgrottesdesaintcezaire.fr\/blog\/wp-json\/wp\/v2\/users\/3"}],"replies":[{"embeddable":true,"href":"https:\/\/www.lesgrottesdesaintcezaire.fr\/blog\/wp-json\/wp\/v2\/comments?post=722"}],"version-history":[{"count":0,"href":"https:\/\/www.lesgrottesdesaintcezaire.fr\/blog\/wp-json\/wp\/v2\/posts\/722\/revisions"}],"wp:featuredmedia":[{"embeddable":true,"href":"https:\/\/www.lesgrottesdesaintcezaire.fr\/blog\/wp-json\/wp\/v2\/media\/723"}],"wp:attachment":[{"href":"https:\/\/www.lesgrottesdesaintcezaire.fr\/blog\/wp-json\/wp\/v2\/media?parent=722"}],"wp:term":[{"taxonomy":"category","embeddable":true,"href":"https:\/\/www.lesgrottesdesaintcezaire.fr\/blog\/wp-json\/wp\/v2\/categories?post=722"},{"taxonomy":"post_tag","embeddable":true,"href":"https:\/\/www.lesgrottesdesaintcezaire.fr\/blog\/wp-json\/wp\/v2\/tags?post=722"}],"curies":[{"name":"wp","href":"https:\/\/api.w.org\/{rel}","templated":true}]}}