{"id":742,"date":"2024-08-22T18:39:30","date_gmt":"2024-08-22T16:39:30","guid":{"rendered":"https:\/\/www.lesgrottesdesaintcezaire.fr\/blog\/quebec-accorde-14-million-pour-la-restauration-du-patrimoine-religieux-au-saguenay-lac-saint-jean\/"},"modified":"2024-08-22T18:39:30","modified_gmt":"2024-08-22T16:39:30","slug":"quebec-accorde-14-million-pour-la-restauration-du-patrimoine-religieux-au-saguenay-lac-saint-jean","status":"publish","type":"post","link":"https:\/\/www.lesgrottesdesaintcezaire.fr\/blog\/quebec-accorde-14-million-pour-la-restauration-du-patrimoine-religieux-au-saguenay-lac-saint-jean\/","title":{"rendered":"Qu\u00e9bec accorde 1,4 million pour la restauration du patrimoine religieux au Saguenay-Lac-Saint-Jean"},"content":{"rendered":"<div>\n<div id=\"\">\n<p class=\"article-bodystyled__StyledText-sc-19uhgql-0 kBIukV body-paragraph\">Divers projets pourront ainsi \u00eatre r\u00e9alis\u00e9s dans diff\u00e9rentes communaut\u00e9s. La plus grande part de cette aide financi\u00e8re, soit 645 500 $, permettra la conversion de l&rsquo;\u00e9glise de la municipalit\u00e9 de Saint-Augustin. L&rsquo;\u00e9glise Saint-\u00c9douard touchera 75 000 $ pour la mise sur pied d&rsquo;un incubateur \u00e0 projet de requalification, tandis que la r\u00e9fection de toiture, de clochers, de rev\u00eatement ou de fa\u00e7ade est pr\u00e9vue pour les autres lieux de culte.<\/p>\n<p class=\"article-bodystyled__StyledText-sc-19uhgql-0 kBIukV body-paragraph\">\u00abAu Saguenay\u2013Lac-Saint-Jean, nos b\u00e2timents patrimoniaux sont des symboles pr\u00e9cieux de notre histoire r\u00e9gionale et des \u00e9l\u00e9ments cl\u00e9s de notre identit\u00e9. Leur conservation et leur mise en valeur permettent de renforcer notre patrimoine local, et de transmettre cette richesse unique aux g\u00e9n\u00e9rations futures\u00bb, estime la ministre des Affaires municipales et ministre responsable de la r\u00e9gion, Andr\u00e9e Laforest.<\/p>\n<p class=\"article-bodystyled__StyledText-sc-19uhgql-0 kBIukV body-paragraph\">L&rsquo;aide financi\u00e8re provient du minist\u00e8re de la Culture et des Communications, via le Conseil du patrimoine religieux du Qu\u00e9bec.<\/p>\n<\/div>\n<\/div>\n","protected":false},"excerpt":{"rendered":"<p>Divers projets pourront ainsi \u00eatre r\u00e9alis\u00e9s dans diff\u00e9rentes communaut\u00e9s. La plus grande part de cette aide financi\u00e8re, soit 645 500 $, permettra la conversion de l&rsquo;\u00e9glise de la municipalit\u00e9 de Saint-Augustin. L&rsquo;\u00e9glise Saint-\u00c9douard touchera 75 000 $ pour la mise sur pied d&rsquo;un incubateur \u00e0 projet de requalification, tandis que la r\u00e9fection de toiture, de [&hellip;]<\/p>\n","protected":false},"author":3,"featured_media":0,"comment_status":"closed","ping_status":"closed","sticky":false,"template":"","format":"standard","meta":{"footnotes":""},"categories":[2],"tags":[],"class_list":["post-742","post","type-post","status-publish","format-standard","hentry","category-patrimoine","entry"],"yoast_head":"<!-- This site is optimized with the Yoast SEO plugin v27.5 - https:\/\/yoast.com\/product\/yoast-seo-wordpress\/ -->\n<title>Qu\u00e9bec accorde 1,4 million pour la restauration du patrimoine religieux au Saguenay-Lac-Saint-Jean - LESGROTTESDESAINTCEZAIRE<\/title>\n<meta name=\"description\" content=\"Qu\u00e9bec accorde 1,4 million pour la restauration du patrimoine religieux au Saguenay-Lac-Saint-Jean article de LESGROTTESDESAINTCEZAIRE\" \/>\n<meta name=\"robots\" content=\"index, follow, max-snippet:-1, max-image-preview:large, max-video-preview:-1\" \/>\n<link rel=\"canonical\" href=\"https:\/\/www.lesgrottesdesaintcezaire.fr\/blog\/quebec-accorde-14-million-pour-la-restauration-du-patrimoine-religieux-au-saguenay-lac-saint-jean\/\" \/>\n<meta property=\"og:locale\" content=\"fr_FR\" \/>\n<meta property=\"og:type\" content=\"article\" \/>\n<meta property=\"og:title\" content=\"Qu\u00e9bec accorde 1,4 million pour la restauration du patrimoine religieux au Saguenay-Lac-Saint-Jean - LESGROTTESDESAINTCEZAIRE\" \/>\n<meta property=\"og:description\" content=\"Qu\u00e9bec accorde 1,4 million pour la restauration du patrimoine religieux au Saguenay-Lac-Saint-Jean article de LESGROTTESDESAINTCEZAIRE\" \/>\n<meta property=\"og:url\" content=\"https:\/\/www.lesgrottesdesaintcezaire.fr\/blog\/quebec-accorde-14-million-pour-la-restauration-du-patrimoine-religieux-au-saguenay-lac-saint-jean\/\" \/>\n<meta property=\"og:site_name\" content=\"LESGROTTESDESAINTCEZAIRE\" \/>\n<meta property=\"article:published_time\" content=\"2024-08-22T16:39:30+00:00\" \/>\n<meta name=\"author\" content=\"Fabienne MOUTON\" \/>\n<meta name=\"twitter:card\" content=\"summary_large_image\" \/>\n<meta name=\"twitter:label1\" content=\"\u00c9crit par\" \/>\n\t<meta name=\"twitter:data1\" content=\"Fabienne MOUTON\" \/>\n\t<meta name=\"twitter:label2\" content=\"Dur\u00e9e de lecture estim\u00e9e\" \/>\n\t<meta name=\"twitter:data2\" content=\"1 minute\" \/>\n<script type=\"application\/ld+json\" class=\"yoast-schema-graph\">{\"@context\":\"https:\\\/\\\/schema.org\",\"@graph\":[{\"@type\":\"Article\",\"@id\":\"https:\\\/\\\/www.lesgrottesdesaintcezaire.fr\\\/blog\\\/quebec-accorde-14-million-pour-la-restauration-du-patrimoine-religieux-au-saguenay-lac-saint-jean\\\/#article\",\"isPartOf\":{\"@id\":\"https:\\\/\\\/www.lesgrottesdesaintcezaire.fr\\\/blog\\\/quebec-accorde-14-million-pour-la-restauration-du-patrimoine-religieux-au-saguenay-lac-saint-jean\\\/\"},\"author\":{\"name\":\"Fabienne MOUTON\",\"@id\":\"https:\\\/\\\/www.lesgrottesdesaintcezaire.fr\\\/blog\\\/#\\\/schema\\\/person\\\/23d9a2ac249ecb9460a4ebce885adb9b\"},\"headline\":\"Qu\u00e9bec accorde 1,4 million pour la restauration du patrimoine religieux au Saguenay-Lac-Saint-Jean\",\"datePublished\":\"2024-08-22T16:39:30+00:00\",\"mainEntityOfPage\":{\"@id\":\"https:\\\/\\\/www.lesgrottesdesaintcezaire.fr\\\/blog\\\/quebec-accorde-14-million-pour-la-restauration-du-patrimoine-religieux-au-saguenay-lac-saint-jean\\\/\"},\"wordCount\":176,\"publisher\":{\"@id\":\"https:\\\/\\\/www.lesgrottesdesaintcezaire.fr\\\/blog\\\/#organization\"},\"articleSection\":[\"Patrimoine:\"],\"inLanguage\":\"fr-FR\"},{\"@type\":\"WebPage\",\"@id\":\"https:\\\/\\\/www.lesgrottesdesaintcezaire.fr\\\/blog\\\/quebec-accorde-14-million-pour-la-restauration-du-patrimoine-religieux-au-saguenay-lac-saint-jean\\\/\",\"url\":\"https:\\\/\\\/www.lesgrottesdesaintcezaire.fr\\\/blog\\\/quebec-accorde-14-million-pour-la-restauration-du-patrimoine-religieux-au-saguenay-lac-saint-jean\\\/\",\"name\":\"Qu\u00e9bec accorde 1,4 million pour la restauration du patrimoine religieux au Saguenay-Lac-Saint-Jean - LESGROTTESDESAINTCEZAIRE\",\"isPartOf\":{\"@id\":\"https:\\\/\\\/www.lesgrottesdesaintcezaire.fr\\\/blog\\\/#website\"},\"datePublished\":\"2024-08-22T16:39:30+00:00\",\"description\":\"Qu\u00e9bec accorde 1,4 million pour la restauration du patrimoine religieux au Saguenay-Lac-Saint-Jean article de LESGROTTESDESAINTCEZAIRE\",\"breadcrumb\":{\"@id\":\"https:\\\/\\\/www.lesgrottesdesaintcezaire.fr\\\/blog\\\/quebec-accorde-14-million-pour-la-restauration-du-patrimoine-religieux-au-saguenay-lac-saint-jean\\\/#breadcrumb\"},\"inLanguage\":\"fr-FR\",\"potentialAction\":[{\"@type\":\"ReadAction\",\"target\":[\"https:\\\/\\\/www.lesgrottesdesaintcezaire.fr\\\/blog\\\/quebec-accorde-14-million-pour-la-restauration-du-patrimoine-religieux-au-saguenay-lac-saint-jean\\\/\"]}]},{\"@type\":\"BreadcrumbList\",\"@id\":\"https:\\\/\\\/www.lesgrottesdesaintcezaire.fr\\\/blog\\\/quebec-accorde-14-million-pour-la-restauration-du-patrimoine-religieux-au-saguenay-lac-saint-jean\\\/#breadcrumb\",\"itemListElement\":[{\"@type\":\"ListItem\",\"position\":1,\"name\":\"Accueil\",\"item\":\"https:\\\/\\\/www.lesgrottesdesaintcezaire.fr\\\/blog\\\/\"},{\"@type\":\"ListItem\",\"position\":2,\"name\":\"Qu\u00e9bec accorde 1,4 million pour la restauration du patrimoine religieux au Saguenay-Lac-Saint-Jean\"}]},{\"@type\":\"WebSite\",\"@id\":\"https:\\\/\\\/www.lesgrottesdesaintcezaire.fr\\\/blog\\\/#website\",\"url\":\"https:\\\/\\\/www.lesgrottesdesaintcezaire.fr\\\/blog\\\/\",\"name\":\"LESGROTTESDESAINTCEZAIRE\",\"description\":\"Patrimoine: Le site de r\u00e9f\u00e9rence.\",\"publisher\":{\"@id\":\"https:\\\/\\\/www.lesgrottesdesaintcezaire.fr\\\/blog\\\/#organization\"},\"potentialAction\":[{\"@type\":\"SearchAction\",\"target\":{\"@type\":\"EntryPoint\",\"urlTemplate\":\"https:\\\/\\\/www.lesgrottesdesaintcezaire.fr\\\/blog\\\/?s={search_term_string}\"},\"query-input\":{\"@type\":\"PropertyValueSpecification\",\"valueRequired\":true,\"valueName\":\"search_term_string\"}}],\"inLanguage\":\"fr-FR\"},{\"@type\":\"Organization\",\"@id\":\"https:\\\/\\\/www.lesgrottesdesaintcezaire.fr\\\/blog\\\/#organization\",\"name\":\"lesgrottesdesaintcezaire\",\"url\":\"https:\\\/\\\/www.lesgrottesdesaintcezaire.fr\\\/blog\\\/\",\"logo\":{\"@type\":\"ImageObject\",\"inLanguage\":\"fr-FR\",\"@id\":\"https:\\\/\\\/www.lesgrottesdesaintcezaire.fr\\\/blog\\\/#\\\/schema\\\/logo\\\/image\\\/\",\"url\":\"https:\\\/\\\/www.lesgrottesdesaintcezaire.fr\\\/blog\\\/wp-content\\\/uploads\\\/2022\\\/05\\\/logo-2.png\",\"contentUrl\":\"https:\\\/\\\/www.lesgrottesdesaintcezaire.fr\\\/blog\\\/wp-content\\\/uploads\\\/2022\\\/05\\\/logo-2.png\",\"width\":150,\"height\":209,\"caption\":\"lesgrottesdesaintcezaire\"},\"image\":{\"@id\":\"https:\\\/\\\/www.lesgrottesdesaintcezaire.fr\\\/blog\\\/#\\\/schema\\\/logo\\\/image\\\/\"}},{\"@type\":\"Person\",\"@id\":\"https:\\\/\\\/www.lesgrottesdesaintcezaire.fr\\\/blog\\\/#\\\/schema\\\/person\\\/23d9a2ac249ecb9460a4ebce885adb9b\",\"name\":\"Fabienne MOUTON\",\"image\":{\"@type\":\"ImageObject\",\"inLanguage\":\"fr-FR\",\"@id\":\"https:\\\/\\\/secure.gravatar.com\\\/avatar\\\/856d7a14385bb0216de9c5cf9fb1160ddbd11c00be5bb16cfe389b9971309649?s=96&d=mm&r=g\",\"url\":\"https:\\\/\\\/secure.gravatar.com\\\/avatar\\\/856d7a14385bb0216de9c5cf9fb1160ddbd11c00be5bb16cfe389b9971309649?s=96&d=mm&r=g\",\"contentUrl\":\"https:\\\/\\\/secure.gravatar.com\\\/avatar\\\/856d7a14385bb0216de9c5cf9fb1160ddbd11c00be5bb16cfe389b9971309649?s=96&d=mm&r=g\",\"caption\":\"Fabienne MOUTON\"},\"url\":\"https:\\\/\\\/www.lesgrottesdesaintcezaire.fr\\\/blog\\\/author\\\/irefabienne\\\/\"}]}<\/script>\n<!-- \/ Yoast SEO plugin. -->","yoast_head_json":{"title":"Qu\u00e9bec accorde 1,4 million pour la restauration du patrimoine religieux au Saguenay-Lac-Saint-Jean - LESGROTTESDESAINTCEZAIRE","description":"Qu\u00e9bec accorde 1,4 million pour la restauration du patrimoine religieux au Saguenay-Lac-Saint-Jean article de LESGROTTESDESAINTCEZAIRE","robots":{"index":"index","follow":"follow","max-snippet":"max-snippet:-1","max-image-preview":"max-image-preview:large","max-video-preview":"max-video-preview:-1"},"canonical":"https:\/\/www.lesgrottesdesaintcezaire.fr\/blog\/quebec-accorde-14-million-pour-la-restauration-du-patrimoine-religieux-au-saguenay-lac-saint-jean\/","og_locale":"fr_FR","og_type":"article","og_title":"Qu\u00e9bec accorde 1,4 million pour la restauration du patrimoine religieux au Saguenay-Lac-Saint-Jean - LESGROTTESDESAINTCEZAIRE","og_description":"Qu\u00e9bec accorde 1,4 million pour la restauration du patrimoine religieux au Saguenay-Lac-Saint-Jean article de LESGROTTESDESAINTCEZAIRE","og_url":"https:\/\/www.lesgrottesdesaintcezaire.fr\/blog\/quebec-accorde-14-million-pour-la-restauration-du-patrimoine-religieux-au-saguenay-lac-saint-jean\/","og_site_name":"LESGROTTESDESAINTCEZAIRE","article_published_time":"2024-08-22T16:39:30+00:00","author":"Fabienne MOUTON","twitter_card":"summary_large_image","twitter_misc":{"\u00c9crit par":"Fabienne MOUTON","Dur\u00e9e de lecture estim\u00e9e":"1 minute"},"schema":{"@context":"https:\/\/schema.org","@graph":[{"@type":"Article","@id":"https:\/\/www.lesgrottesdesaintcezaire.fr\/blog\/quebec-accorde-14-million-pour-la-restauration-du-patrimoine-religieux-au-saguenay-lac-saint-jean\/#article","isPartOf":{"@id":"https:\/\/www.lesgrottesdesaintcezaire.fr\/blog\/quebec-accorde-14-million-pour-la-restauration-du-patrimoine-religieux-au-saguenay-lac-saint-jean\/"},"author":{"name":"Fabienne MOUTON","@id":"https:\/\/www.lesgrottesdesaintcezaire.fr\/blog\/#\/schema\/person\/23d9a2ac249ecb9460a4ebce885adb9b"},"headline":"Qu\u00e9bec accorde 1,4 million pour la restauration du patrimoine religieux au Saguenay-Lac-Saint-Jean","datePublished":"2024-08-22T16:39:30+00:00","mainEntityOfPage":{"@id":"https:\/\/www.lesgrottesdesaintcezaire.fr\/blog\/quebec-accorde-14-million-pour-la-restauration-du-patrimoine-religieux-au-saguenay-lac-saint-jean\/"},"wordCount":176,"publisher":{"@id":"https:\/\/www.lesgrottesdesaintcezaire.fr\/blog\/#organization"},"articleSection":["Patrimoine:"],"inLanguage":"fr-FR"},{"@type":"WebPage","@id":"https:\/\/www.lesgrottesdesaintcezaire.fr\/blog\/quebec-accorde-14-million-pour-la-restauration-du-patrimoine-religieux-au-saguenay-lac-saint-jean\/","url":"https:\/\/www.lesgrottesdesaintcezaire.fr\/blog\/quebec-accorde-14-million-pour-la-restauration-du-patrimoine-religieux-au-saguenay-lac-saint-jean\/","name":"Qu\u00e9bec accorde 1,4 million pour la restauration du patrimoine religieux au Saguenay-Lac-Saint-Jean - LESGROTTESDESAINTCEZAIRE","isPartOf":{"@id":"https:\/\/www.lesgrottesdesaintcezaire.fr\/blog\/#website"},"datePublished":"2024-08-22T16:39:30+00:00","description":"Qu\u00e9bec accorde 1,4 million pour la restauration du patrimoine religieux au Saguenay-Lac-Saint-Jean article de LESGROTTESDESAINTCEZAIRE","breadcrumb":{"@id":"https:\/\/www.lesgrottesdesaintcezaire.fr\/blog\/quebec-accorde-14-million-pour-la-restauration-du-patrimoine-religieux-au-saguenay-lac-saint-jean\/#breadcrumb"},"inLanguage":"fr-FR","potentialAction":[{"@type":"ReadAction","target":["https:\/\/www.lesgrottesdesaintcezaire.fr\/blog\/quebec-accorde-14-million-pour-la-restauration-du-patrimoine-religieux-au-saguenay-lac-saint-jean\/"]}]},{"@type":"BreadcrumbList","@id":"https:\/\/www.lesgrottesdesaintcezaire.fr\/blog\/quebec-accorde-14-million-pour-la-restauration-du-patrimoine-religieux-au-saguenay-lac-saint-jean\/#breadcrumb","itemListElement":[{"@type":"ListItem","position":1,"name":"Accueil","item":"https:\/\/www.lesgrottesdesaintcezaire.fr\/blog\/"},{"@type":"ListItem","position":2,"name":"Qu\u00e9bec accorde 1,4 million pour la restauration du patrimoine religieux au Saguenay-Lac-Saint-Jean"}]},{"@type":"WebSite","@id":"https:\/\/www.lesgrottesdesaintcezaire.fr\/blog\/#website","url":"https:\/\/www.lesgrottesdesaintcezaire.fr\/blog\/","name":"LESGROTTESDESAINTCEZAIRE","description":"Patrimoine: Le site de r\u00e9f\u00e9rence.","publisher":{"@id":"https:\/\/www.lesgrottesdesaintcezaire.fr\/blog\/#organization"},"potentialAction":[{"@type":"SearchAction","target":{"@type":"EntryPoint","urlTemplate":"https:\/\/www.lesgrottesdesaintcezaire.fr\/blog\/?s={search_term_string}"},"query-input":{"@type":"PropertyValueSpecification","valueRequired":true,"valueName":"search_term_string"}}],"inLanguage":"fr-FR"},{"@type":"Organization","@id":"https:\/\/www.lesgrottesdesaintcezaire.fr\/blog\/#organization","name":"lesgrottesdesaintcezaire","url":"https:\/\/www.lesgrottesdesaintcezaire.fr\/blog\/","logo":{"@type":"ImageObject","inLanguage":"fr-FR","@id":"https:\/\/www.lesgrottesdesaintcezaire.fr\/blog\/#\/schema\/logo\/image\/","url":"https:\/\/www.lesgrottesdesaintcezaire.fr\/blog\/wp-content\/uploads\/2022\/05\/logo-2.png","contentUrl":"https:\/\/www.lesgrottesdesaintcezaire.fr\/blog\/wp-content\/uploads\/2022\/05\/logo-2.png","width":150,"height":209,"caption":"lesgrottesdesaintcezaire"},"image":{"@id":"https:\/\/www.lesgrottesdesaintcezaire.fr\/blog\/#\/schema\/logo\/image\/"}},{"@type":"Person","@id":"https:\/\/www.lesgrottesdesaintcezaire.fr\/blog\/#\/schema\/person\/23d9a2ac249ecb9460a4ebce885adb9b","name":"Fabienne MOUTON","image":{"@type":"ImageObject","inLanguage":"fr-FR","@id":"https:\/\/secure.gravatar.com\/avatar\/856d7a14385bb0216de9c5cf9fb1160ddbd11c00be5bb16cfe389b9971309649?s=96&d=mm&r=g","url":"https:\/\/secure.gravatar.com\/avatar\/856d7a14385bb0216de9c5cf9fb1160ddbd11c00be5bb16cfe389b9971309649?s=96&d=mm&r=g","contentUrl":"https:\/\/secure.gravatar.com\/avatar\/856d7a14385bb0216de9c5cf9fb1160ddbd11c00be5bb16cfe389b9971309649?s=96&d=mm&r=g","caption":"Fabienne MOUTON"},"url":"https:\/\/www.lesgrottesdesaintcezaire.fr\/blog\/author\/irefabienne\/"}]}},"_links":{"self":[{"href":"https:\/\/www.lesgrottesdesaintcezaire.fr\/blog\/wp-json\/wp\/v2\/posts\/742","targetHints":{"allow":["GET"]}}],"collection":[{"href":"https:\/\/www.lesgrottesdesaintcezaire.fr\/blog\/wp-json\/wp\/v2\/posts"}],"about":[{"href":"https:\/\/www.lesgrottesdesaintcezaire.fr\/blog\/wp-json\/wp\/v2\/types\/post"}],"author":[{"embeddable":true,"href":"https:\/\/www.lesgrottesdesaintcezaire.fr\/blog\/wp-json\/wp\/v2\/users\/3"}],"replies":[{"embeddable":true,"href":"https:\/\/www.lesgrottesdesaintcezaire.fr\/blog\/wp-json\/wp\/v2\/comments?post=742"}],"version-history":[{"count":0,"href":"https:\/\/www.lesgrottesdesaintcezaire.fr\/blog\/wp-json\/wp\/v2\/posts\/742\/revisions"}],"wp:attachment":[{"href":"https:\/\/www.lesgrottesdesaintcezaire.fr\/blog\/wp-json\/wp\/v2\/media?parent=742"}],"wp:term":[{"taxonomy":"category","embeddable":true,"href":"https:\/\/www.lesgrottesdesaintcezaire.fr\/blog\/wp-json\/wp\/v2\/categories?post=742"},{"taxonomy":"post_tag","embeddable":true,"href":"https:\/\/www.lesgrottesdesaintcezaire.fr\/blog\/wp-json\/wp\/v2\/tags?post=742"}],"curies":[{"name":"wp","href":"https:\/\/api.w.org\/{rel}","templated":true}]}}