{"id":743,"date":"2024-08-26T21:28:35","date_gmt":"2024-08-26T19:28:35","guid":{"rendered":"https:\/\/www.lesgrottesdesaintcezaire.fr\/blog\/durham-sud-figure-a-la-programmation-des-journees-du-patrimoine-religieux\/"},"modified":"2024-08-26T21:28:35","modified_gmt":"2024-08-26T19:28:35","slug":"durham-sud-figure-a-la-programmation-des-journees-du-patrimoine-religieux","status":"publish","type":"post","link":"https:\/\/www.lesgrottesdesaintcezaire.fr\/blog\/durham-sud-figure-a-la-programmation-des-journees-du-patrimoine-religieux\/","title":{"rendered":"Durham-Sud figure \u00e0 la programmation des Journ\u00e9es du patrimoine religieux"},"content":{"rendered":"<div><img width=\"444\" height=\"300\" src=\"https:\/\/www.lesgrottesdesaintcezaire.fr\/blog\/wp-content\/uploads\/2024\/08\/Durham-Sud-figure-a-la-programmation-des-Journees-du-patrimoine-religieux.jpg\" class=\"attachment-large size-large wp-post-image\" alt=\"Durham-Sud-figure-a-la-programmation-des-Journees-du-patrimoine-religieux\" style=\"float:left; margin:0 15px 15px 0;\" decoding=\"async\" srcset=\"https:\/\/www.lesgrottesdesaintcezaire.fr\/blog\/wp-content\/uploads\/2024\/08\/Durham-Sud-figure-a-la-programmation-des-Journees-du-patrimoine-religieux.jpg 444w, https:\/\/www.site.cdcl.xyz\/wp-content\/uploads\/2024\/08\/Durham-Sud-figure-a-la-programmation-des-Journees-du-patrimoine-religieux-300x203.jpg 300w\" sizes=\"(max-width: 444px) 100vw, 444px\"><\/p>\n<div>\n<p><strong>PATRIMOINE. Le Conseil du patrimoine religieux du Qu\u00e9bec a d\u00e9voil\u00e9 la programmation des Journ\u00e9es du patrimoine religieux, du 6 au 8 septembre. L&rsquo;\u00e9glise Saint-Fulgence et l&rsquo;\u00e9glise unie de Durham-Sud font partie du circuit local du Centre-du-Qu\u00e9bec.<\/strong><\/p>\n<p>La premi\u00e8re est une \u00e9glise catholique qui a \u00e9t\u00e9 construite en 1872 et la deuxi\u00e8me est une \u00e9glise protestante qui a \u00e9t\u00e9 \u00e9rig\u00e9e en 1905. Les b\u00e2timents religieux sont situ\u00e9s \u00e0 proximit\u00e9, \u00e0 seulement dix minutes \u00e0 pied. Des visites libres et guid\u00e9es seront propos\u00e9es sur place.<\/p>\n<p>En tout, sept sites sont inscrits \u00e0 la programmation r\u00e9gionale des Journ\u00e9es du patrimoine religieux, soit l&rsquo;\u00e9glise Saint-Fran\u00e7ois-Xavier de Saint-Fran\u00e7ois-du-Lac, l&rsquo;\u00e9glise Saint-Eus\u00e8be de Princeville, l&rsquo;\u00e9glise Sainte-Philom\u00e8ne de Fortierville, l&rsquo;\u00e9glise de Saint-Pierre-Baptiste, la cath\u00e9drale Saint-Jean-Baptiste de Nicolet, l&rsquo;\u00e9glise Saint-Fulgence de Durham-Sud et l&rsquo;\u00e9glise unie de Durham-Sud.<\/p>\n<figure id=\"attachment_111548\" aria-describedby=\"caption-attachment-111548\" style=\"width: 444px\" class=\"wp-caption alignright\"><img decoding=\"async\" class=\"size-medium wp-image-111548\" src=\"https:\/\/www.lesgrottesdesaintcezaire.fr\/blog\/wp-content\/uploads\/2024\/08\/Durham-Sud-figure-a-la-programmation-des-Journees-du-patrimoine-religieux.jpg\" alt=\"Durham-Sud-figure-a-la-programmation-des-Journees-du-patrimoine-religieux\" width=\"444\" height=\"300\"><figcaption id=\"caption-attachment-111548\" class=\"wp-caption-text\">\u00c9glise catholique de Durham-Sud. (Photo : Ghyslain Bergeron)<\/figcaption><\/figure>\n<p>La septi\u00e8me \u00e9dition des Journ\u00e9es du patrimoine religieux se tient dans 98 territoires administratifs incluant Kahnawake. Plusieurs circuits locaux ont \u00e9t\u00e9 mis en place gr\u00e2ce \u00e0 la contribution de b\u00e9n\u00e9voles et de professionnels des milieux religieux, culturels, municipaux et communautaires.<\/p>\n<p>Comme chaque ann\u00e9e, la participation \u00e0 la programmation s&rsquo;effectue sur une base volontaire, en fonction de la capacit\u00e9 des milieux \u00e0 accueillir des visiteurs. Les activit\u00e9s \u2013 visites, concerts, conf\u00e9rences, expositions et parcours guid\u00e9s \u2013 sont gratuites, mais les participants peuvent d\u00e9montrer leur appr\u00e9ciation en offrant un don sur place pour soutenir les initiatives d&rsquo;ouverture et de pr\u00e9servation des lieux.<\/p>\n<p>En parall\u00e8le de ces nombreuses activit\u00e9s, une partie de l&rsquo;\u00e9quipe du Conseil du patrimoine religieux du Qu\u00e9bec participera \u00e0 plusieurs activit\u00e9s des Journ\u00e9es dans le mais de mettre en lumi\u00e8re des initiatives locales tout en constituant une base documentaire pour la promotion de l&rsquo;\u00e9dition 2025 des Journ\u00e9es. Ce sera \u00e9galement l&rsquo;occasion d&rsquo;\u00e9changer avec des lieux n&rsquo;ayant pas particip\u00e9 cette ann\u00e9e afin de les encourager \u00e0 collaborer avec l&rsquo;\u00e9quipe des Journ\u00e9es dans le cadre d&rsquo;une prochaine \u00e9dition.<\/p>\n<p>Les Journ\u00e9es du patrimoine religieux est un \u00e9v\u00e9nement annuel coordonn\u00e9 par le Conseil du patrimoine religieux du Qu\u00e9bec, une organisation \u00e0 but non lucratif qui \u0153uvre \u00e0 l&rsquo;\u00e9chelle du Qu\u00e9bec et qui a pour mission de soutenir et de promouvoir la conservation et la mise en valeur du patrimoine religieux qu\u00e9b\u00e9cois. (EL)<\/p>\n<\/div>\n<p><script>\n\t\twindow.fbAsyncInit = function() {\n\t\t\tFB.init({\n\t\t\t\t\/\/appId      : '721565697974270',\n\t\t\t\txfbml      : true,\n\t\t\t\tversion    : 'v2.5'\n\t\t\t});\n\t\t};\n\t\t(function(d, s, id){\n\t\t\t var js, fjs = d.getElementsByTagName(s)[0];\n\t\t\t if (d.getElementById(id)) {return;}\n\t\t\t js = d.createElement(s); js.id = id;\n\t\t\t js.src = \"\n\t\t\t fjs.parentNode.insertBefore(js, fjs);\n\t\t }(document, 'script', 'facebook-jssdk'));\n\t<\/script><\/p>\n<\/div>\n","protected":false},"excerpt":{"rendered":"<p>PATRIMOINE. Le Conseil du patrimoine religieux du Qu\u00e9bec a d\u00e9voil\u00e9 la programmation des Journ\u00e9es du patrimoine religieux, du 6 au 8 septembre. L&rsquo;\u00e9glise Saint-Fulgence et l&rsquo;\u00e9glise unie de Durham-Sud font partie du circuit local du Centre-du-Qu\u00e9bec. La premi\u00e8re est une \u00e9glise catholique qui a \u00e9t\u00e9 construite en 1872 et la deuxi\u00e8me est une \u00e9glise protestante [&hellip;]<\/p>\n","protected":false},"author":3,"featured_media":744,"comment_status":"closed","ping_status":"closed","sticky":false,"template":"","format":"standard","meta":{"footnotes":""},"categories":[2],"tags":[],"class_list":["post-743","post","type-post","status-publish","format-standard","has-post-thumbnail","hentry","category-patrimoine","entry","has-media"],"yoast_head":"<!-- This site is optimized with the Yoast SEO plugin v27.5 - https:\/\/yoast.com\/product\/yoast-seo-wordpress\/ -->\n<title>Durham-Sud figure \u00e0 la programmation des Journ\u00e9es du patrimoine religieux - LESGROTTESDESAINTCEZAIRE<\/title>\n<meta name=\"description\" content=\"Durham-Sud figure \u00e0 la programmation des Journ\u00e9es du patrimoine religieux article de LESGROTTESDESAINTCEZAIRE\" \/>\n<meta name=\"robots\" content=\"index, follow, max-snippet:-1, max-image-preview:large, max-video-preview:-1\" \/>\n<link rel=\"canonical\" href=\"https:\/\/www.lesgrottesdesaintcezaire.fr\/blog\/durham-sud-figure-a-la-programmation-des-journees-du-patrimoine-religieux\/\" \/>\n<meta property=\"og:locale\" content=\"fr_FR\" \/>\n<meta property=\"og:type\" content=\"article\" \/>\n<meta property=\"og:title\" content=\"Durham-Sud figure \u00e0 la programmation des Journ\u00e9es du patrimoine religieux - LESGROTTESDESAINTCEZAIRE\" \/>\n<meta property=\"og:description\" content=\"Durham-Sud figure \u00e0 la programmation des Journ\u00e9es du patrimoine religieux article de LESGROTTESDESAINTCEZAIRE\" \/>\n<meta property=\"og:url\" content=\"https:\/\/www.lesgrottesdesaintcezaire.fr\/blog\/durham-sud-figure-a-la-programmation-des-journees-du-patrimoine-religieux\/\" \/>\n<meta property=\"og:site_name\" content=\"LESGROTTESDESAINTCEZAIRE\" \/>\n<meta property=\"article:published_time\" content=\"2024-08-26T19:28:35+00:00\" \/>\n<meta property=\"og:image\" content=\"https:\/\/www.lesgrottesdesaintcezaire.fr\/blog\/wp-content\/uploads\/2024\/08\/Durham-Sud-figure-a-la-programmation-des-Journees-du-patrimoine-religieux.jpg\" \/>\n<meta name=\"author\" content=\"Fabienne MOUTON\" \/>\n<meta name=\"twitter:card\" content=\"summary_large_image\" \/>\n<meta name=\"twitter:label1\" content=\"\u00c9crit par\" \/>\n\t<meta name=\"twitter:data1\" content=\"Fabienne MOUTON\" \/>\n\t<meta name=\"twitter:label2\" content=\"Dur\u00e9e de lecture estim\u00e9e\" \/>\n\t<meta name=\"twitter:data2\" content=\"2 minutes\" \/>\n<script type=\"application\/ld+json\" class=\"yoast-schema-graph\">{\"@context\":\"https:\\\/\\\/schema.org\",\"@graph\":[{\"@type\":\"Article\",\"@id\":\"https:\\\/\\\/www.lesgrottesdesaintcezaire.fr\\\/blog\\\/durham-sud-figure-a-la-programmation-des-journees-du-patrimoine-religieux\\\/#article\",\"isPartOf\":{\"@id\":\"https:\\\/\\\/www.lesgrottesdesaintcezaire.fr\\\/blog\\\/durham-sud-figure-a-la-programmation-des-journees-du-patrimoine-religieux\\\/\"},\"author\":{\"name\":\"Fabienne MOUTON\",\"@id\":\"https:\\\/\\\/www.lesgrottesdesaintcezaire.fr\\\/blog\\\/#\\\/schema\\\/person\\\/23d9a2ac249ecb9460a4ebce885adb9b\"},\"headline\":\"Durham-Sud figure \u00e0 la programmation des Journ\u00e9es du patrimoine religieux\",\"datePublished\":\"2024-08-26T19:28:35+00:00\",\"mainEntityOfPage\":{\"@id\":\"https:\\\/\\\/www.lesgrottesdesaintcezaire.fr\\\/blog\\\/durham-sud-figure-a-la-programmation-des-journees-du-patrimoine-religieux\\\/\"},\"wordCount\":417,\"publisher\":{\"@id\":\"https:\\\/\\\/www.lesgrottesdesaintcezaire.fr\\\/blog\\\/#organization\"},\"image\":{\"@id\":\"https:\\\/\\\/www.lesgrottesdesaintcezaire.fr\\\/blog\\\/durham-sud-figure-a-la-programmation-des-journees-du-patrimoine-religieux\\\/#primaryimage\"},\"thumbnailUrl\":\"https:\\\/\\\/www.lesgrottesdesaintcezaire.fr\\\/blog\\\/wp-content\\\/uploads\\\/2024\\\/08\\\/Durham-Sud-figure-a-la-programmation-des-Journees-du-patrimoine-religieux.jpg\",\"articleSection\":[\"Patrimoine:\"],\"inLanguage\":\"fr-FR\"},{\"@type\":\"WebPage\",\"@id\":\"https:\\\/\\\/www.lesgrottesdesaintcezaire.fr\\\/blog\\\/durham-sud-figure-a-la-programmation-des-journees-du-patrimoine-religieux\\\/\",\"url\":\"https:\\\/\\\/www.lesgrottesdesaintcezaire.fr\\\/blog\\\/durham-sud-figure-a-la-programmation-des-journees-du-patrimoine-religieux\\\/\",\"name\":\"Durham-Sud figure \u00e0 la programmation des Journ\u00e9es du patrimoine religieux - LESGROTTESDESAINTCEZAIRE\",\"isPartOf\":{\"@id\":\"https:\\\/\\\/www.lesgrottesdesaintcezaire.fr\\\/blog\\\/#website\"},\"primaryImageOfPage\":{\"@id\":\"https:\\\/\\\/www.lesgrottesdesaintcezaire.fr\\\/blog\\\/durham-sud-figure-a-la-programmation-des-journees-du-patrimoine-religieux\\\/#primaryimage\"},\"image\":{\"@id\":\"https:\\\/\\\/www.lesgrottesdesaintcezaire.fr\\\/blog\\\/durham-sud-figure-a-la-programmation-des-journees-du-patrimoine-religieux\\\/#primaryimage\"},\"thumbnailUrl\":\"https:\\\/\\\/www.lesgrottesdesaintcezaire.fr\\\/blog\\\/wp-content\\\/uploads\\\/2024\\\/08\\\/Durham-Sud-figure-a-la-programmation-des-Journees-du-patrimoine-religieux.jpg\",\"datePublished\":\"2024-08-26T19:28:35+00:00\",\"description\":\"Durham-Sud figure \u00e0 la programmation des Journ\u00e9es du patrimoine religieux article de LESGROTTESDESAINTCEZAIRE\",\"breadcrumb\":{\"@id\":\"https:\\\/\\\/www.lesgrottesdesaintcezaire.fr\\\/blog\\\/durham-sud-figure-a-la-programmation-des-journees-du-patrimoine-religieux\\\/#breadcrumb\"},\"inLanguage\":\"fr-FR\",\"potentialAction\":[{\"@type\":\"ReadAction\",\"target\":[\"https:\\\/\\\/www.lesgrottesdesaintcezaire.fr\\\/blog\\\/durham-sud-figure-a-la-programmation-des-journees-du-patrimoine-religieux\\\/\"]}]},{\"@type\":\"ImageObject\",\"inLanguage\":\"fr-FR\",\"@id\":\"https:\\\/\\\/www.lesgrottesdesaintcezaire.fr\\\/blog\\\/durham-sud-figure-a-la-programmation-des-journees-du-patrimoine-religieux\\\/#primaryimage\",\"url\":\"https:\\\/\\\/www.lesgrottesdesaintcezaire.fr\\\/blog\\\/wp-content\\\/uploads\\\/2024\\\/08\\\/Durham-Sud-figure-a-la-programmation-des-Journees-du-patrimoine-religieux.jpg\",\"contentUrl\":\"https:\\\/\\\/www.lesgrottesdesaintcezaire.fr\\\/blog\\\/wp-content\\\/uploads\\\/2024\\\/08\\\/Durham-Sud-figure-a-la-programmation-des-Journees-du-patrimoine-religieux.jpg\",\"width\":444,\"height\":300,\"caption\":\"Durham Sud figure a la programmation des Journees du patrimoine religieux\"},{\"@type\":\"BreadcrumbList\",\"@id\":\"https:\\\/\\\/www.lesgrottesdesaintcezaire.fr\\\/blog\\\/durham-sud-figure-a-la-programmation-des-journees-du-patrimoine-religieux\\\/#breadcrumb\",\"itemListElement\":[{\"@type\":\"ListItem\",\"position\":1,\"name\":\"Accueil\",\"item\":\"https:\\\/\\\/www.lesgrottesdesaintcezaire.fr\\\/blog\\\/\"},{\"@type\":\"ListItem\",\"position\":2,\"name\":\"Durham-Sud figure \u00e0 la programmation des Journ\u00e9es du patrimoine religieux\"}]},{\"@type\":\"WebSite\",\"@id\":\"https:\\\/\\\/www.lesgrottesdesaintcezaire.fr\\\/blog\\\/#website\",\"url\":\"https:\\\/\\\/www.lesgrottesdesaintcezaire.fr\\\/blog\\\/\",\"name\":\"LESGROTTESDESAINTCEZAIRE\",\"description\":\"Patrimoine: Le site de r\u00e9f\u00e9rence.\",\"publisher\":{\"@id\":\"https:\\\/\\\/www.lesgrottesdesaintcezaire.fr\\\/blog\\\/#organization\"},\"potentialAction\":[{\"@type\":\"SearchAction\",\"target\":{\"@type\":\"EntryPoint\",\"urlTemplate\":\"https:\\\/\\\/www.lesgrottesdesaintcezaire.fr\\\/blog\\\/?s={search_term_string}\"},\"query-input\":{\"@type\":\"PropertyValueSpecification\",\"valueRequired\":true,\"valueName\":\"search_term_string\"}}],\"inLanguage\":\"fr-FR\"},{\"@type\":\"Organization\",\"@id\":\"https:\\\/\\\/www.lesgrottesdesaintcezaire.fr\\\/blog\\\/#organization\",\"name\":\"lesgrottesdesaintcezaire\",\"url\":\"https:\\\/\\\/www.lesgrottesdesaintcezaire.fr\\\/blog\\\/\",\"logo\":{\"@type\":\"ImageObject\",\"inLanguage\":\"fr-FR\",\"@id\":\"https:\\\/\\\/www.lesgrottesdesaintcezaire.fr\\\/blog\\\/#\\\/schema\\\/logo\\\/image\\\/\",\"url\":\"https:\\\/\\\/www.lesgrottesdesaintcezaire.fr\\\/blog\\\/wp-content\\\/uploads\\\/2022\\\/05\\\/logo-2.png\",\"contentUrl\":\"https:\\\/\\\/www.lesgrottesdesaintcezaire.fr\\\/blog\\\/wp-content\\\/uploads\\\/2022\\\/05\\\/logo-2.png\",\"width\":150,\"height\":209,\"caption\":\"lesgrottesdesaintcezaire\"},\"image\":{\"@id\":\"https:\\\/\\\/www.lesgrottesdesaintcezaire.fr\\\/blog\\\/#\\\/schema\\\/logo\\\/image\\\/\"}},{\"@type\":\"Person\",\"@id\":\"https:\\\/\\\/www.lesgrottesdesaintcezaire.fr\\\/blog\\\/#\\\/schema\\\/person\\\/23d9a2ac249ecb9460a4ebce885adb9b\",\"name\":\"Fabienne MOUTON\",\"image\":{\"@type\":\"ImageObject\",\"inLanguage\":\"fr-FR\",\"@id\":\"https:\\\/\\\/secure.gravatar.com\\\/avatar\\\/856d7a14385bb0216de9c5cf9fb1160ddbd11c00be5bb16cfe389b9971309649?s=96&d=mm&r=g\",\"url\":\"https:\\\/\\\/secure.gravatar.com\\\/avatar\\\/856d7a14385bb0216de9c5cf9fb1160ddbd11c00be5bb16cfe389b9971309649?s=96&d=mm&r=g\",\"contentUrl\":\"https:\\\/\\\/secure.gravatar.com\\\/avatar\\\/856d7a14385bb0216de9c5cf9fb1160ddbd11c00be5bb16cfe389b9971309649?s=96&d=mm&r=g\",\"caption\":\"Fabienne MOUTON\"},\"url\":\"https:\\\/\\\/www.lesgrottesdesaintcezaire.fr\\\/blog\\\/author\\\/irefabienne\\\/\"}]}<\/script>\n<!-- \/ Yoast SEO plugin. -->","yoast_head_json":{"title":"Durham-Sud figure \u00e0 la programmation des Journ\u00e9es du patrimoine religieux - LESGROTTESDESAINTCEZAIRE","description":"Durham-Sud figure \u00e0 la programmation des Journ\u00e9es du patrimoine religieux article de LESGROTTESDESAINTCEZAIRE","robots":{"index":"index","follow":"follow","max-snippet":"max-snippet:-1","max-image-preview":"max-image-preview:large","max-video-preview":"max-video-preview:-1"},"canonical":"https:\/\/www.lesgrottesdesaintcezaire.fr\/blog\/durham-sud-figure-a-la-programmation-des-journees-du-patrimoine-religieux\/","og_locale":"fr_FR","og_type":"article","og_title":"Durham-Sud figure \u00e0 la programmation des Journ\u00e9es du patrimoine religieux - LESGROTTESDESAINTCEZAIRE","og_description":"Durham-Sud figure \u00e0 la programmation des Journ\u00e9es du patrimoine religieux article de LESGROTTESDESAINTCEZAIRE","og_url":"https:\/\/www.lesgrottesdesaintcezaire.fr\/blog\/durham-sud-figure-a-la-programmation-des-journees-du-patrimoine-religieux\/","og_site_name":"LESGROTTESDESAINTCEZAIRE","article_published_time":"2024-08-26T19:28:35+00:00","og_image":[{"url":"https:\/\/www.lesgrottesdesaintcezaire.fr\/blog\/wp-content\/uploads\/2024\/08\/Durham-Sud-figure-a-la-programmation-des-Journees-du-patrimoine-religieux.jpg","type":"","width":"","height":""}],"author":"Fabienne MOUTON","twitter_card":"summary_large_image","twitter_misc":{"\u00c9crit par":"Fabienne MOUTON","Dur\u00e9e de lecture estim\u00e9e":"2 minutes"},"schema":{"@context":"https:\/\/schema.org","@graph":[{"@type":"Article","@id":"https:\/\/www.lesgrottesdesaintcezaire.fr\/blog\/durham-sud-figure-a-la-programmation-des-journees-du-patrimoine-religieux\/#article","isPartOf":{"@id":"https:\/\/www.lesgrottesdesaintcezaire.fr\/blog\/durham-sud-figure-a-la-programmation-des-journees-du-patrimoine-religieux\/"},"author":{"name":"Fabienne MOUTON","@id":"https:\/\/www.lesgrottesdesaintcezaire.fr\/blog\/#\/schema\/person\/23d9a2ac249ecb9460a4ebce885adb9b"},"headline":"Durham-Sud figure \u00e0 la programmation des Journ\u00e9es du patrimoine religieux","datePublished":"2024-08-26T19:28:35+00:00","mainEntityOfPage":{"@id":"https:\/\/www.lesgrottesdesaintcezaire.fr\/blog\/durham-sud-figure-a-la-programmation-des-journees-du-patrimoine-religieux\/"},"wordCount":417,"publisher":{"@id":"https:\/\/www.lesgrottesdesaintcezaire.fr\/blog\/#organization"},"image":{"@id":"https:\/\/www.lesgrottesdesaintcezaire.fr\/blog\/durham-sud-figure-a-la-programmation-des-journees-du-patrimoine-religieux\/#primaryimage"},"thumbnailUrl":"https:\/\/www.lesgrottesdesaintcezaire.fr\/blog\/wp-content\/uploads\/2024\/08\/Durham-Sud-figure-a-la-programmation-des-Journees-du-patrimoine-religieux.jpg","articleSection":["Patrimoine:"],"inLanguage":"fr-FR"},{"@type":"WebPage","@id":"https:\/\/www.lesgrottesdesaintcezaire.fr\/blog\/durham-sud-figure-a-la-programmation-des-journees-du-patrimoine-religieux\/","url":"https:\/\/www.lesgrottesdesaintcezaire.fr\/blog\/durham-sud-figure-a-la-programmation-des-journees-du-patrimoine-religieux\/","name":"Durham-Sud figure \u00e0 la programmation des Journ\u00e9es du patrimoine religieux - LESGROTTESDESAINTCEZAIRE","isPartOf":{"@id":"https:\/\/www.lesgrottesdesaintcezaire.fr\/blog\/#website"},"primaryImageOfPage":{"@id":"https:\/\/www.lesgrottesdesaintcezaire.fr\/blog\/durham-sud-figure-a-la-programmation-des-journees-du-patrimoine-religieux\/#primaryimage"},"image":{"@id":"https:\/\/www.lesgrottesdesaintcezaire.fr\/blog\/durham-sud-figure-a-la-programmation-des-journees-du-patrimoine-religieux\/#primaryimage"},"thumbnailUrl":"https:\/\/www.lesgrottesdesaintcezaire.fr\/blog\/wp-content\/uploads\/2024\/08\/Durham-Sud-figure-a-la-programmation-des-Journees-du-patrimoine-religieux.jpg","datePublished":"2024-08-26T19:28:35+00:00","description":"Durham-Sud figure \u00e0 la programmation des Journ\u00e9es du patrimoine religieux article de LESGROTTESDESAINTCEZAIRE","breadcrumb":{"@id":"https:\/\/www.lesgrottesdesaintcezaire.fr\/blog\/durham-sud-figure-a-la-programmation-des-journees-du-patrimoine-religieux\/#breadcrumb"},"inLanguage":"fr-FR","potentialAction":[{"@type":"ReadAction","target":["https:\/\/www.lesgrottesdesaintcezaire.fr\/blog\/durham-sud-figure-a-la-programmation-des-journees-du-patrimoine-religieux\/"]}]},{"@type":"ImageObject","inLanguage":"fr-FR","@id":"https:\/\/www.lesgrottesdesaintcezaire.fr\/blog\/durham-sud-figure-a-la-programmation-des-journees-du-patrimoine-religieux\/#primaryimage","url":"https:\/\/www.lesgrottesdesaintcezaire.fr\/blog\/wp-content\/uploads\/2024\/08\/Durham-Sud-figure-a-la-programmation-des-Journees-du-patrimoine-religieux.jpg","contentUrl":"https:\/\/www.lesgrottesdesaintcezaire.fr\/blog\/wp-content\/uploads\/2024\/08\/Durham-Sud-figure-a-la-programmation-des-Journees-du-patrimoine-religieux.jpg","width":444,"height":300,"caption":"Durham Sud figure a la programmation des Journees du patrimoine religieux"},{"@type":"BreadcrumbList","@id":"https:\/\/www.lesgrottesdesaintcezaire.fr\/blog\/durham-sud-figure-a-la-programmation-des-journees-du-patrimoine-religieux\/#breadcrumb","itemListElement":[{"@type":"ListItem","position":1,"name":"Accueil","item":"https:\/\/www.lesgrottesdesaintcezaire.fr\/blog\/"},{"@type":"ListItem","position":2,"name":"Durham-Sud figure \u00e0 la programmation des Journ\u00e9es du patrimoine religieux"}]},{"@type":"WebSite","@id":"https:\/\/www.lesgrottesdesaintcezaire.fr\/blog\/#website","url":"https:\/\/www.lesgrottesdesaintcezaire.fr\/blog\/","name":"LESGROTTESDESAINTCEZAIRE","description":"Patrimoine: Le site de r\u00e9f\u00e9rence.","publisher":{"@id":"https:\/\/www.lesgrottesdesaintcezaire.fr\/blog\/#organization"},"potentialAction":[{"@type":"SearchAction","target":{"@type":"EntryPoint","urlTemplate":"https:\/\/www.lesgrottesdesaintcezaire.fr\/blog\/?s={search_term_string}"},"query-input":{"@type":"PropertyValueSpecification","valueRequired":true,"valueName":"search_term_string"}}],"inLanguage":"fr-FR"},{"@type":"Organization","@id":"https:\/\/www.lesgrottesdesaintcezaire.fr\/blog\/#organization","name":"lesgrottesdesaintcezaire","url":"https:\/\/www.lesgrottesdesaintcezaire.fr\/blog\/","logo":{"@type":"ImageObject","inLanguage":"fr-FR","@id":"https:\/\/www.lesgrottesdesaintcezaire.fr\/blog\/#\/schema\/logo\/image\/","url":"https:\/\/www.lesgrottesdesaintcezaire.fr\/blog\/wp-content\/uploads\/2022\/05\/logo-2.png","contentUrl":"https:\/\/www.lesgrottesdesaintcezaire.fr\/blog\/wp-content\/uploads\/2022\/05\/logo-2.png","width":150,"height":209,"caption":"lesgrottesdesaintcezaire"},"image":{"@id":"https:\/\/www.lesgrottesdesaintcezaire.fr\/blog\/#\/schema\/logo\/image\/"}},{"@type":"Person","@id":"https:\/\/www.lesgrottesdesaintcezaire.fr\/blog\/#\/schema\/person\/23d9a2ac249ecb9460a4ebce885adb9b","name":"Fabienne MOUTON","image":{"@type":"ImageObject","inLanguage":"fr-FR","@id":"https:\/\/secure.gravatar.com\/avatar\/856d7a14385bb0216de9c5cf9fb1160ddbd11c00be5bb16cfe389b9971309649?s=96&d=mm&r=g","url":"https:\/\/secure.gravatar.com\/avatar\/856d7a14385bb0216de9c5cf9fb1160ddbd11c00be5bb16cfe389b9971309649?s=96&d=mm&r=g","contentUrl":"https:\/\/secure.gravatar.com\/avatar\/856d7a14385bb0216de9c5cf9fb1160ddbd11c00be5bb16cfe389b9971309649?s=96&d=mm&r=g","caption":"Fabienne MOUTON"},"url":"https:\/\/www.lesgrottesdesaintcezaire.fr\/blog\/author\/irefabienne\/"}]}},"_links":{"self":[{"href":"https:\/\/www.lesgrottesdesaintcezaire.fr\/blog\/wp-json\/wp\/v2\/posts\/743","targetHints":{"allow":["GET"]}}],"collection":[{"href":"https:\/\/www.lesgrottesdesaintcezaire.fr\/blog\/wp-json\/wp\/v2\/posts"}],"about":[{"href":"https:\/\/www.lesgrottesdesaintcezaire.fr\/blog\/wp-json\/wp\/v2\/types\/post"}],"author":[{"embeddable":true,"href":"https:\/\/www.lesgrottesdesaintcezaire.fr\/blog\/wp-json\/wp\/v2\/users\/3"}],"replies":[{"embeddable":true,"href":"https:\/\/www.lesgrottesdesaintcezaire.fr\/blog\/wp-json\/wp\/v2\/comments?post=743"}],"version-history":[{"count":0,"href":"https:\/\/www.lesgrottesdesaintcezaire.fr\/blog\/wp-json\/wp\/v2\/posts\/743\/revisions"}],"wp:featuredmedia":[{"embeddable":true,"href":"https:\/\/www.lesgrottesdesaintcezaire.fr\/blog\/wp-json\/wp\/v2\/media\/744"}],"wp:attachment":[{"href":"https:\/\/www.lesgrottesdesaintcezaire.fr\/blog\/wp-json\/wp\/v2\/media?parent=743"}],"wp:term":[{"taxonomy":"category","embeddable":true,"href":"https:\/\/www.lesgrottesdesaintcezaire.fr\/blog\/wp-json\/wp\/v2\/categories?post=743"},{"taxonomy":"post_tag","embeddable":true,"href":"https:\/\/www.lesgrottesdesaintcezaire.fr\/blog\/wp-json\/wp\/v2\/tags?post=743"}],"curies":[{"name":"wp","href":"https:\/\/api.w.org\/{rel}","templated":true}]}}