{"id":745,"date":"2024-09-06T00:17:19","date_gmt":"2024-09-05T22:17:19","guid":{"rendered":"https:\/\/www.lesgrottesdesaintcezaire.fr\/blog\/la-head-et-lecole-de-conde-collaborent-pour-creer-un-manuel-pedagogique-sur-les-ia-generatives\/"},"modified":"2024-09-06T00:17:19","modified_gmt":"2024-09-05T22:17:19","slug":"la-head-et-lecole-de-conde-collaborent-pour-creer-un-manuel-pedagogique-sur-les-ia-generatives","status":"publish","type":"post","link":"https:\/\/www.lesgrottesdesaintcezaire.fr\/blog\/la-head-et-lecole-de-conde-collaborent-pour-creer-un-manuel-pedagogique-sur-les-ia-generatives\/","title":{"rendered":"La HEAD et l&rsquo;\u00c9cole de Cond\u00e9 collaborent pour cr\u00e9er un Manuel p\u00e9dagogique sur les IA g\u00e9n\u00e9ratives"},"content":{"rendered":"<div>\n<div>\n<p><span class=\"TextRun SCXW38052385 BCX0\" lang=\"FR-FR\" xml:lang=\"FR-FR\" data-contrast=\"auto\"><span class=\"NormalTextRun SCXW38052385 BCX0\">Apparues pour le grand public avec le lancement de services orient\u00e9s divertissement et cr\u00e9ation tels que <strong>DALLE<\/strong> (2021), <\/span><strong><span class=\"NormalTextRun SpellingErrorV2Themed SCXW38052385 BCX0\">\u00c0 mi-parcours<\/span><\/strong><span class=\"NormalTextRun SCXW38052385 BCX0\">  ou <\/span><strong><span class=\"NormalTextRun SpellingErrorV2Themed SCXW38052385 BCX0\">ChatGPT<\/span><\/strong><span class=\"NormalTextRun SCXW38052385 BCX0\">  (2022), les <strong>G\u00e9n\u00e9ratifs de l&rsquo;IA<\/strong> invitent les artistes et designers<\/span><span class=\"NormalTextRun SCXW38052385 BCX0\">m<\/span><span class=\"NormalTextRun SCXW38052385 BCX0\">  \u00e0 r\u00e9fl\u00e9chir \u00e0 l&rsquo;int\u00e9gration et aux cons\u00e9quences des technologies du<\/span><\/span><span class=\"TextRun SCXW38052385 BCX0\" lang=\"FR-FR\" xml:lang=\"FR-FR\" data-contrast=\"auto\"><span class=\"NormalTextRun SCXW38052385 BCX0\">  machine <\/span><span class=\"NormalTextRun SpellingErrorV2Themed SCXW38052385 BCX0\">apprentissage<\/span><\/span><span class=\"TextRun SCXW38052385 BCX0\" lang=\"FR-FR\" xml:lang=\"FR-FR\" data-contrast=\"auto\"><span class=\"NormalTextRun SCXW38052385 BCX0\">  (apprentissage automatique) pour leurs pratiques.<\/span><\/span><\/p>\n<p><span class=\"TextRun SCXW66912665 BCX0\" lang=\"FR-FR\" xml:lang=\"FR-FR\" data-contrast=\"auto\"><span class=\"NormalTextRun SCXW66912665 BCX0\">\u00c0 l&rsquo;\u00c9cole de Cond\u00e9, <strong>la formation aux IA<\/strong> et syst\u00e8mes g\u00e9n\u00e9ratifs <\/span><\/span><span class=\"TextRun Highlight SCXW66912665 BCX0\" lang=\"FR-FR\" xml:lang=\"FR-FR\" data-contrast=\"auto\"><span class=\"NormalTextRun ContextualSpellingAndGrammarErrorV2Themed SCXW66912665 BCX0\">HNE<\/span><span class=\"NormalTextRun SCXW66912665 BCX0\">  int\u00e9gr\u00e9<\/span><span class=\"NormalTextRun SCXW66912665 BCX0\">et<\/span><\/span><span class=\"TextRun SCXW66912665 BCX0\" lang=\"FR-FR\" xml:lang=\"FR-FR\" data-contrast=\"auto\"><span class=\"NormalTextRun SCXW66912665 BCX0\">  un <\/span><\/span><span class=\"TextRun SCXW66912665 BCX0\" lang=\"FR-FR\" xml:lang=\"FR-FR\" data-contrast=\"auto\"><span class=\"NormalTextRun SCXW66912665 BCX0\">notre p\u00e9dagogie. Il est essentiel de comprendre ces outils et les contraintes qu&rsquo;ils impliquent<\/span><span class=\"NormalTextRun SCXW66912665 BCX0\">  verser <\/span><span class=\"NormalTextRun SCXW66912665 BCX0\">offrir aux \u00e9tudiants, futurs professionnels, des m\u00e9thodes et usages appropri\u00e9s.<\/span><\/span><\/p>\n<p><span class=\"TextRun SCXW128532504 BCX0\" lang=\"FR-FR\" xml:lang=\"FR-FR\" data-contrast=\"auto\"><span class=\"NormalTextRun SCXW128532504 BCX0\">Afin de structurer et renforcer cette initiative, un partenariat a \u00e9t\u00e9 mis en place <\/span><span class=\"NormalTextRun SCXW128532504 BCX0\">entre <\/span><span class=\"NormalTextRun SCXW128532504 BCX0\">la T\u00caTE<\/span><span class=\"NormalTextRun SCXW128532504 BCX0\">  (Haute \u00c9cole des Arts et Design)<\/span><span class=\"NormalTextRun SCXW128532504 BCX0\">  de Gen\u00e8ve<\/span><span class=\"NormalTextRun SCXW128532504 BCX0\">  et l&rsquo;\u00c9cole de Cond\u00e9. Un comit\u00e9 de pilotage collaboratif entre les deux <\/span><span class=\"NormalTextRun SCXW128532504 BCX0\">institutions ont \u00e9t\u00e9 initi\u00e9es <\/span><span class=\"NormalTextRun SCXW128532504 BCX0\">permettant <\/span><span class=\"NormalTextRun SCXW128532504 BCX0\">de travailler au <\/span><span class=\"NormalTextRun SCXW128532504 BCX0\">d\u00e9veloppement de formats p\u00e9dagogiques vari\u00e9s et coh\u00e9rents pour la formation <\/span><span class=\"NormalTextRun SCXW128532504 BCX0\">aux IA<\/span><span class=\"NormalTextRun SCXW128532504 BCX0\">.<\/span><\/span><span class=\"EOP SCXW128532504 BCX0\" data-ccp-props='{\"134233117\":false,\"134233118\":false,\"201341983\":0,\"335551550\":6,\"335551620\":6,\"335559738\":240,\"335559739\":240,\"335559740\":279}'> <\/span><\/p>\n<h4><span class=\"TextRun SCXW246303222 BCX0\" lang=\"FR-FR\" xml:lang=\"FR-FR\" data-contrast=\"auto\"><span style=\"color: #d72e89\"><span class=\"NormalTextRun SCXW246303222 BCX0\">D<\/span><span class=\"NormalTextRun SCXW246303222 BCX0\">ans <\/span><span class=\"NormalTextRun SCXW246303222 BCX0\">le cadre de<\/span><span class=\"NormalTextRun SCXW246303222 BCX0\">  ce<\/span><span class=\"NormalTextRun SCXW246303222 BCX0\">s recherches, le comit\u00e9<\/span> <span class=\"NormalTextRun SCXW246303222 BCX0\">un <\/span><span class=\"NormalTextRun SCXW246303222 BCX0\">s&rsquo;\u00e9crivent<\/span> <span class=\"NormalTextRun SCXW246303222 BCX0\"><strong>un manuel p\u00e9dagogique<\/strong> innovant<\/span><span class=\"NormalTextRun SCXW246303222 BCX0\">  et <\/span><span class=\"NormalTextRun SCXW246303222 BCX0\">libre de droits<\/span><span class=\"NormalTextRun SCXW246303222 BCX0\">  vise <\/span><span class=\"NormalTextRun SCXW246303222 BCX0\">\u00e0 aider<\/span><span class=\"NormalTextRun SCXW246303222 BCX0\">\u00e0 travers une s\u00e9rie d&rsquo;exercices pratiques,<\/span><\/span><span class=\"NormalTextRun SCXW246303222 BCX0\"><span style=\"color: #d72e89\">  les enseignants des \u00e9coles d&rsquo;art \u00e0 familiariser les \u00e9tudiants avec ces nouvelles technologies.<\/span> <\/span><\/span><\/h4>\n<p><span class=\"TextRun SCXW246303222 BCX0\" lang=\"FR-FR\" xml:lang=\"FR-FR\" data-contrast=\"auto\"><span class=\"NormalTextRun SCXW246303222 BCX0\">C<\/span><span class=\"NormalTextRun SCXW246303222 BCX0\">on\u00e7u de mani\u00e8re collaborative et test\u00e9 sur le terrain, <\/span><span class=\"NormalTextRun SCXW246303222 BCX0\">il <\/span><span class=\"NormalTextRun SCXW246303222 BCX0\">a pour vocation d&rsquo;\u00eatre partag\u00e9, compl\u00e9t\u00e9 et r\u00e9appropri\u00e9 par le plus grand nombre.<\/span><\/span><span class=\"EOP SCXW246303222 BCX0\" data-ccp-props='{\"134233117\":false,\"134233118\":false,\"201341983\":0,\"335551550\":6,\"335551620\":6,\"335559738\":240,\"335559739\":240,\"335559740\":279}'> <\/span><\/p>\n<\/div>\n<\/div>\n","protected":false},"excerpt":{"rendered":"<p>Apparues pour le grand public avec le lancement de services orient\u00e9s divertissement et cr\u00e9ation tels que DALLE (2021), \u00c0 mi-parcours ou ChatGPT (2022), les G\u00e9n\u00e9ratifs de l&rsquo;IA invitent les artistes et designersm \u00e0 r\u00e9fl\u00e9chir \u00e0 l&rsquo;int\u00e9gration et aux cons\u00e9quences des technologies du machine apprentissage (apprentissage automatique) pour leurs pratiques. \u00c0 l&rsquo;\u00c9cole de Cond\u00e9, la formation [&hellip;]<\/p>\n","protected":false},"author":3,"featured_media":0,"comment_status":"closed","ping_status":"closed","sticky":false,"template":"","format":"standard","meta":{"footnotes":""},"categories":[2],"tags":[],"class_list":["post-745","post","type-post","status-publish","format-standard","hentry","category-patrimoine","entry"],"yoast_head":"<!-- This site is optimized with the Yoast SEO plugin v27.5 - https:\/\/yoast.com\/product\/yoast-seo-wordpress\/ -->\n<title>La HEAD et l&#039;\u00c9cole de Cond\u00e9 collaborent pour cr\u00e9er un Manuel p\u00e9dagogique sur les IA g\u00e9n\u00e9ratives - LESGROTTESDESAINTCEZAIRE<\/title>\n<meta name=\"description\" content=\"La HEAD et l&#039;\u00c9cole de Cond\u00e9 collaborent pour cr\u00e9er un Manuel p\u00e9dagogique sur les IA g\u00e9n\u00e9ratives article de LESGROTTESDESAINTCEZAIRE\" \/>\n<meta name=\"robots\" content=\"index, follow, max-snippet:-1, max-image-preview:large, max-video-preview:-1\" \/>\n<link rel=\"canonical\" href=\"https:\/\/www.lesgrottesdesaintcezaire.fr\/blog\/la-head-et-lecole-de-conde-collaborent-pour-creer-un-manuel-pedagogique-sur-les-ia-generatives\/\" \/>\n<meta property=\"og:locale\" content=\"fr_FR\" \/>\n<meta property=\"og:type\" content=\"article\" \/>\n<meta property=\"og:title\" content=\"La HEAD et l&#039;\u00c9cole de Cond\u00e9 collaborent pour cr\u00e9er un Manuel p\u00e9dagogique sur les IA g\u00e9n\u00e9ratives - LESGROTTESDESAINTCEZAIRE\" \/>\n<meta property=\"og:description\" content=\"La HEAD et l&#039;\u00c9cole de Cond\u00e9 collaborent pour cr\u00e9er un Manuel p\u00e9dagogique sur les IA g\u00e9n\u00e9ratives article de LESGROTTESDESAINTCEZAIRE\" \/>\n<meta property=\"og:url\" content=\"https:\/\/www.lesgrottesdesaintcezaire.fr\/blog\/la-head-et-lecole-de-conde-collaborent-pour-creer-un-manuel-pedagogique-sur-les-ia-generatives\/\" \/>\n<meta property=\"og:site_name\" content=\"LESGROTTESDESAINTCEZAIRE\" \/>\n<meta property=\"article:published_time\" content=\"2024-09-05T22:17:19+00:00\" \/>\n<meta name=\"author\" content=\"Fabienne MOUTON\" \/>\n<meta name=\"twitter:card\" content=\"summary_large_image\" \/>\n<meta name=\"twitter:label1\" content=\"\u00c9crit par\" \/>\n\t<meta name=\"twitter:data1\" content=\"Fabienne MOUTON\" \/>\n\t<meta name=\"twitter:label2\" content=\"Dur\u00e9e de lecture estim\u00e9e\" \/>\n\t<meta name=\"twitter:data2\" content=\"1 minute\" \/>\n<script type=\"application\/ld+json\" class=\"yoast-schema-graph\">{\"@context\":\"https:\\\/\\\/schema.org\",\"@graph\":[{\"@type\":\"Article\",\"@id\":\"https:\\\/\\\/www.lesgrottesdesaintcezaire.fr\\\/blog\\\/la-head-et-lecole-de-conde-collaborent-pour-creer-un-manuel-pedagogique-sur-les-ia-generatives\\\/#article\",\"isPartOf\":{\"@id\":\"https:\\\/\\\/www.lesgrottesdesaintcezaire.fr\\\/blog\\\/la-head-et-lecole-de-conde-collaborent-pour-creer-un-manuel-pedagogique-sur-les-ia-generatives\\\/\"},\"author\":{\"name\":\"Fabienne MOUTON\",\"@id\":\"https:\\\/\\\/www.lesgrottesdesaintcezaire.fr\\\/blog\\\/#\\\/schema\\\/person\\\/23d9a2ac249ecb9460a4ebce885adb9b\"},\"headline\":\"La HEAD et l&rsquo;\u00c9cole de Cond\u00e9 collaborent pour cr\u00e9er un Manuel p\u00e9dagogique sur les IA g\u00e9n\u00e9ratives\",\"datePublished\":\"2024-09-05T22:17:19+00:00\",\"mainEntityOfPage\":{\"@id\":\"https:\\\/\\\/www.lesgrottesdesaintcezaire.fr\\\/blog\\\/la-head-et-lecole-de-conde-collaborent-pour-creer-un-manuel-pedagogique-sur-les-ia-generatives\\\/\"},\"wordCount\":262,\"publisher\":{\"@id\":\"https:\\\/\\\/www.lesgrottesdesaintcezaire.fr\\\/blog\\\/#organization\"},\"articleSection\":[\"Patrimoine:\"],\"inLanguage\":\"fr-FR\"},{\"@type\":\"WebPage\",\"@id\":\"https:\\\/\\\/www.lesgrottesdesaintcezaire.fr\\\/blog\\\/la-head-et-lecole-de-conde-collaborent-pour-creer-un-manuel-pedagogique-sur-les-ia-generatives\\\/\",\"url\":\"https:\\\/\\\/www.lesgrottesdesaintcezaire.fr\\\/blog\\\/la-head-et-lecole-de-conde-collaborent-pour-creer-un-manuel-pedagogique-sur-les-ia-generatives\\\/\",\"name\":\"La HEAD et l'\u00c9cole de Cond\u00e9 collaborent pour cr\u00e9er un Manuel p\u00e9dagogique sur les IA g\u00e9n\u00e9ratives - LESGROTTESDESAINTCEZAIRE\",\"isPartOf\":{\"@id\":\"https:\\\/\\\/www.lesgrottesdesaintcezaire.fr\\\/blog\\\/#website\"},\"datePublished\":\"2024-09-05T22:17:19+00:00\",\"description\":\"La HEAD et l'\u00c9cole de Cond\u00e9 collaborent pour cr\u00e9er un Manuel p\u00e9dagogique sur les IA g\u00e9n\u00e9ratives article de LESGROTTESDESAINTCEZAIRE\",\"breadcrumb\":{\"@id\":\"https:\\\/\\\/www.lesgrottesdesaintcezaire.fr\\\/blog\\\/la-head-et-lecole-de-conde-collaborent-pour-creer-un-manuel-pedagogique-sur-les-ia-generatives\\\/#breadcrumb\"},\"inLanguage\":\"fr-FR\",\"potentialAction\":[{\"@type\":\"ReadAction\",\"target\":[\"https:\\\/\\\/www.lesgrottesdesaintcezaire.fr\\\/blog\\\/la-head-et-lecole-de-conde-collaborent-pour-creer-un-manuel-pedagogique-sur-les-ia-generatives\\\/\"]}]},{\"@type\":\"BreadcrumbList\",\"@id\":\"https:\\\/\\\/www.lesgrottesdesaintcezaire.fr\\\/blog\\\/la-head-et-lecole-de-conde-collaborent-pour-creer-un-manuel-pedagogique-sur-les-ia-generatives\\\/#breadcrumb\",\"itemListElement\":[{\"@type\":\"ListItem\",\"position\":1,\"name\":\"Accueil\",\"item\":\"https:\\\/\\\/www.lesgrottesdesaintcezaire.fr\\\/blog\\\/\"},{\"@type\":\"ListItem\",\"position\":2,\"name\":\"La HEAD et l&rsquo;\u00c9cole de Cond\u00e9 collaborent pour cr\u00e9er un Manuel p\u00e9dagogique sur les IA g\u00e9n\u00e9ratives\"}]},{\"@type\":\"WebSite\",\"@id\":\"https:\\\/\\\/www.lesgrottesdesaintcezaire.fr\\\/blog\\\/#website\",\"url\":\"https:\\\/\\\/www.lesgrottesdesaintcezaire.fr\\\/blog\\\/\",\"name\":\"LESGROTTESDESAINTCEZAIRE\",\"description\":\"Patrimoine: Le site de r\u00e9f\u00e9rence.\",\"publisher\":{\"@id\":\"https:\\\/\\\/www.lesgrottesdesaintcezaire.fr\\\/blog\\\/#organization\"},\"potentialAction\":[{\"@type\":\"SearchAction\",\"target\":{\"@type\":\"EntryPoint\",\"urlTemplate\":\"https:\\\/\\\/www.lesgrottesdesaintcezaire.fr\\\/blog\\\/?s={search_term_string}\"},\"query-input\":{\"@type\":\"PropertyValueSpecification\",\"valueRequired\":true,\"valueName\":\"search_term_string\"}}],\"inLanguage\":\"fr-FR\"},{\"@type\":\"Organization\",\"@id\":\"https:\\\/\\\/www.lesgrottesdesaintcezaire.fr\\\/blog\\\/#organization\",\"name\":\"lesgrottesdesaintcezaire\",\"url\":\"https:\\\/\\\/www.lesgrottesdesaintcezaire.fr\\\/blog\\\/\",\"logo\":{\"@type\":\"ImageObject\",\"inLanguage\":\"fr-FR\",\"@id\":\"https:\\\/\\\/www.lesgrottesdesaintcezaire.fr\\\/blog\\\/#\\\/schema\\\/logo\\\/image\\\/\",\"url\":\"https:\\\/\\\/www.lesgrottesdesaintcezaire.fr\\\/blog\\\/wp-content\\\/uploads\\\/2022\\\/05\\\/logo-2.png\",\"contentUrl\":\"https:\\\/\\\/www.lesgrottesdesaintcezaire.fr\\\/blog\\\/wp-content\\\/uploads\\\/2022\\\/05\\\/logo-2.png\",\"width\":150,\"height\":209,\"caption\":\"lesgrottesdesaintcezaire\"},\"image\":{\"@id\":\"https:\\\/\\\/www.lesgrottesdesaintcezaire.fr\\\/blog\\\/#\\\/schema\\\/logo\\\/image\\\/\"}},{\"@type\":\"Person\",\"@id\":\"https:\\\/\\\/www.lesgrottesdesaintcezaire.fr\\\/blog\\\/#\\\/schema\\\/person\\\/23d9a2ac249ecb9460a4ebce885adb9b\",\"name\":\"Fabienne MOUTON\",\"image\":{\"@type\":\"ImageObject\",\"inLanguage\":\"fr-FR\",\"@id\":\"https:\\\/\\\/secure.gravatar.com\\\/avatar\\\/856d7a14385bb0216de9c5cf9fb1160ddbd11c00be5bb16cfe389b9971309649?s=96&d=mm&r=g\",\"url\":\"https:\\\/\\\/secure.gravatar.com\\\/avatar\\\/856d7a14385bb0216de9c5cf9fb1160ddbd11c00be5bb16cfe389b9971309649?s=96&d=mm&r=g\",\"contentUrl\":\"https:\\\/\\\/secure.gravatar.com\\\/avatar\\\/856d7a14385bb0216de9c5cf9fb1160ddbd11c00be5bb16cfe389b9971309649?s=96&d=mm&r=g\",\"caption\":\"Fabienne MOUTON\"},\"url\":\"https:\\\/\\\/www.lesgrottesdesaintcezaire.fr\\\/blog\\\/author\\\/irefabienne\\\/\"}]}<\/script>\n<!-- \/ Yoast SEO plugin. -->","yoast_head_json":{"title":"La HEAD et l'\u00c9cole de Cond\u00e9 collaborent pour cr\u00e9er un Manuel p\u00e9dagogique sur les IA g\u00e9n\u00e9ratives - LESGROTTESDESAINTCEZAIRE","description":"La HEAD et l'\u00c9cole de Cond\u00e9 collaborent pour cr\u00e9er un Manuel p\u00e9dagogique sur les IA g\u00e9n\u00e9ratives article de LESGROTTESDESAINTCEZAIRE","robots":{"index":"index","follow":"follow","max-snippet":"max-snippet:-1","max-image-preview":"max-image-preview:large","max-video-preview":"max-video-preview:-1"},"canonical":"https:\/\/www.lesgrottesdesaintcezaire.fr\/blog\/la-head-et-lecole-de-conde-collaborent-pour-creer-un-manuel-pedagogique-sur-les-ia-generatives\/","og_locale":"fr_FR","og_type":"article","og_title":"La HEAD et l'\u00c9cole de Cond\u00e9 collaborent pour cr\u00e9er un Manuel p\u00e9dagogique sur les IA g\u00e9n\u00e9ratives - LESGROTTESDESAINTCEZAIRE","og_description":"La HEAD et l'\u00c9cole de Cond\u00e9 collaborent pour cr\u00e9er un Manuel p\u00e9dagogique sur les IA g\u00e9n\u00e9ratives article de LESGROTTESDESAINTCEZAIRE","og_url":"https:\/\/www.lesgrottesdesaintcezaire.fr\/blog\/la-head-et-lecole-de-conde-collaborent-pour-creer-un-manuel-pedagogique-sur-les-ia-generatives\/","og_site_name":"LESGROTTESDESAINTCEZAIRE","article_published_time":"2024-09-05T22:17:19+00:00","author":"Fabienne MOUTON","twitter_card":"summary_large_image","twitter_misc":{"\u00c9crit par":"Fabienne MOUTON","Dur\u00e9e de lecture estim\u00e9e":"1 minute"},"schema":{"@context":"https:\/\/schema.org","@graph":[{"@type":"Article","@id":"https:\/\/www.lesgrottesdesaintcezaire.fr\/blog\/la-head-et-lecole-de-conde-collaborent-pour-creer-un-manuel-pedagogique-sur-les-ia-generatives\/#article","isPartOf":{"@id":"https:\/\/www.lesgrottesdesaintcezaire.fr\/blog\/la-head-et-lecole-de-conde-collaborent-pour-creer-un-manuel-pedagogique-sur-les-ia-generatives\/"},"author":{"name":"Fabienne MOUTON","@id":"https:\/\/www.lesgrottesdesaintcezaire.fr\/blog\/#\/schema\/person\/23d9a2ac249ecb9460a4ebce885adb9b"},"headline":"La HEAD et l&rsquo;\u00c9cole de Cond\u00e9 collaborent pour cr\u00e9er un Manuel p\u00e9dagogique sur les IA g\u00e9n\u00e9ratives","datePublished":"2024-09-05T22:17:19+00:00","mainEntityOfPage":{"@id":"https:\/\/www.lesgrottesdesaintcezaire.fr\/blog\/la-head-et-lecole-de-conde-collaborent-pour-creer-un-manuel-pedagogique-sur-les-ia-generatives\/"},"wordCount":262,"publisher":{"@id":"https:\/\/www.lesgrottesdesaintcezaire.fr\/blog\/#organization"},"articleSection":["Patrimoine:"],"inLanguage":"fr-FR"},{"@type":"WebPage","@id":"https:\/\/www.lesgrottesdesaintcezaire.fr\/blog\/la-head-et-lecole-de-conde-collaborent-pour-creer-un-manuel-pedagogique-sur-les-ia-generatives\/","url":"https:\/\/www.lesgrottesdesaintcezaire.fr\/blog\/la-head-et-lecole-de-conde-collaborent-pour-creer-un-manuel-pedagogique-sur-les-ia-generatives\/","name":"La HEAD et l'\u00c9cole de Cond\u00e9 collaborent pour cr\u00e9er un Manuel p\u00e9dagogique sur les IA g\u00e9n\u00e9ratives - LESGROTTESDESAINTCEZAIRE","isPartOf":{"@id":"https:\/\/www.lesgrottesdesaintcezaire.fr\/blog\/#website"},"datePublished":"2024-09-05T22:17:19+00:00","description":"La HEAD et l'\u00c9cole de Cond\u00e9 collaborent pour cr\u00e9er un Manuel p\u00e9dagogique sur les IA g\u00e9n\u00e9ratives article de LESGROTTESDESAINTCEZAIRE","breadcrumb":{"@id":"https:\/\/www.lesgrottesdesaintcezaire.fr\/blog\/la-head-et-lecole-de-conde-collaborent-pour-creer-un-manuel-pedagogique-sur-les-ia-generatives\/#breadcrumb"},"inLanguage":"fr-FR","potentialAction":[{"@type":"ReadAction","target":["https:\/\/www.lesgrottesdesaintcezaire.fr\/blog\/la-head-et-lecole-de-conde-collaborent-pour-creer-un-manuel-pedagogique-sur-les-ia-generatives\/"]}]},{"@type":"BreadcrumbList","@id":"https:\/\/www.lesgrottesdesaintcezaire.fr\/blog\/la-head-et-lecole-de-conde-collaborent-pour-creer-un-manuel-pedagogique-sur-les-ia-generatives\/#breadcrumb","itemListElement":[{"@type":"ListItem","position":1,"name":"Accueil","item":"https:\/\/www.lesgrottesdesaintcezaire.fr\/blog\/"},{"@type":"ListItem","position":2,"name":"La HEAD et l&rsquo;\u00c9cole de Cond\u00e9 collaborent pour cr\u00e9er un Manuel p\u00e9dagogique sur les IA g\u00e9n\u00e9ratives"}]},{"@type":"WebSite","@id":"https:\/\/www.lesgrottesdesaintcezaire.fr\/blog\/#website","url":"https:\/\/www.lesgrottesdesaintcezaire.fr\/blog\/","name":"LESGROTTESDESAINTCEZAIRE","description":"Patrimoine: Le site de r\u00e9f\u00e9rence.","publisher":{"@id":"https:\/\/www.lesgrottesdesaintcezaire.fr\/blog\/#organization"},"potentialAction":[{"@type":"SearchAction","target":{"@type":"EntryPoint","urlTemplate":"https:\/\/www.lesgrottesdesaintcezaire.fr\/blog\/?s={search_term_string}"},"query-input":{"@type":"PropertyValueSpecification","valueRequired":true,"valueName":"search_term_string"}}],"inLanguage":"fr-FR"},{"@type":"Organization","@id":"https:\/\/www.lesgrottesdesaintcezaire.fr\/blog\/#organization","name":"lesgrottesdesaintcezaire","url":"https:\/\/www.lesgrottesdesaintcezaire.fr\/blog\/","logo":{"@type":"ImageObject","inLanguage":"fr-FR","@id":"https:\/\/www.lesgrottesdesaintcezaire.fr\/blog\/#\/schema\/logo\/image\/","url":"https:\/\/www.lesgrottesdesaintcezaire.fr\/blog\/wp-content\/uploads\/2022\/05\/logo-2.png","contentUrl":"https:\/\/www.lesgrottesdesaintcezaire.fr\/blog\/wp-content\/uploads\/2022\/05\/logo-2.png","width":150,"height":209,"caption":"lesgrottesdesaintcezaire"},"image":{"@id":"https:\/\/www.lesgrottesdesaintcezaire.fr\/blog\/#\/schema\/logo\/image\/"}},{"@type":"Person","@id":"https:\/\/www.lesgrottesdesaintcezaire.fr\/blog\/#\/schema\/person\/23d9a2ac249ecb9460a4ebce885adb9b","name":"Fabienne MOUTON","image":{"@type":"ImageObject","inLanguage":"fr-FR","@id":"https:\/\/secure.gravatar.com\/avatar\/856d7a14385bb0216de9c5cf9fb1160ddbd11c00be5bb16cfe389b9971309649?s=96&d=mm&r=g","url":"https:\/\/secure.gravatar.com\/avatar\/856d7a14385bb0216de9c5cf9fb1160ddbd11c00be5bb16cfe389b9971309649?s=96&d=mm&r=g","contentUrl":"https:\/\/secure.gravatar.com\/avatar\/856d7a14385bb0216de9c5cf9fb1160ddbd11c00be5bb16cfe389b9971309649?s=96&d=mm&r=g","caption":"Fabienne MOUTON"},"url":"https:\/\/www.lesgrottesdesaintcezaire.fr\/blog\/author\/irefabienne\/"}]}},"_links":{"self":[{"href":"https:\/\/www.lesgrottesdesaintcezaire.fr\/blog\/wp-json\/wp\/v2\/posts\/745","targetHints":{"allow":["GET"]}}],"collection":[{"href":"https:\/\/www.lesgrottesdesaintcezaire.fr\/blog\/wp-json\/wp\/v2\/posts"}],"about":[{"href":"https:\/\/www.lesgrottesdesaintcezaire.fr\/blog\/wp-json\/wp\/v2\/types\/post"}],"author":[{"embeddable":true,"href":"https:\/\/www.lesgrottesdesaintcezaire.fr\/blog\/wp-json\/wp\/v2\/users\/3"}],"replies":[{"embeddable":true,"href":"https:\/\/www.lesgrottesdesaintcezaire.fr\/blog\/wp-json\/wp\/v2\/comments?post=745"}],"version-history":[{"count":0,"href":"https:\/\/www.lesgrottesdesaintcezaire.fr\/blog\/wp-json\/wp\/v2\/posts\/745\/revisions"}],"wp:attachment":[{"href":"https:\/\/www.lesgrottesdesaintcezaire.fr\/blog\/wp-json\/wp\/v2\/media?parent=745"}],"wp:term":[{"taxonomy":"category","embeddable":true,"href":"https:\/\/www.lesgrottesdesaintcezaire.fr\/blog\/wp-json\/wp\/v2\/categories?post=745"},{"taxonomy":"post_tag","embeddable":true,"href":"https:\/\/www.lesgrottesdesaintcezaire.fr\/blog\/wp-json\/wp\/v2\/tags?post=745"}],"curies":[{"name":"wp","href":"https:\/\/api.w.org\/{rel}","templated":true}]}}