{"id":751,"date":"2024-10-13T18:10:01","date_gmt":"2024-10-13T16:10:01","guid":{"rendered":"https:\/\/www.lesgrottesdesaintcezaire.fr\/blog\/memoire-de-treverec-le-patrimoine-religieux-a-lordre-du-jour\/"},"modified":"2024-10-13T18:10:01","modified_gmt":"2024-10-13T16:10:01","slug":"memoire-de-treverec-le-patrimoine-religieux-a-lordre-du-jour","status":"publish","type":"post","link":"https:\/\/www.lesgrottesdesaintcezaire.fr\/blog\/memoire-de-treverec-le-patrimoine-religieux-a-lordre-du-jour\/","title":{"rendered":"M\u00e9moire de Tr\u00e9v\u00e9rec : le patrimoine religieux \u00e0 l&rsquo;ordre du jour"},"content":{"rendered":"<div><img width=\"480\" height=\"300\" src=\"https:\/\/www.lesgrottesdesaintcezaire.fr\/blog\/wp-content\/uploads\/2024\/10\/Memoire-de-Treverec-le-patrimoine-religieux-a-l39ordre-du.jpeg\" class=\"attachment-large size-large wp-post-image\" alt=\"Memoire-de-Treverec-le-patrimoine-religieux-a-l39ordre-du\" style=\"float:left; margin:0 15px 15px 0;\" decoding=\"async\" srcset=\"https:\/\/www.lesgrottesdesaintcezaire.fr\/blog\/wp-content\/uploads\/2024\/10\/Memoire-de-Treverec-le-patrimoine-religieux-a-l39ordre-du.jpeg 480w, https:\/\/www.site.cdcl.xyz\/wp-content\/uploads\/2024\/10\/Memoire-de-Treverec-le-patrimoine-religieux-a-l39ordre-du-300x188.jpeg 300w\" sizes=\"(max-width: 480px) 100vw, 480px\"><\/p>\n<div>\n<p>Pour cette nouvelle rentr\u00e9e 2024-2025, l&rsquo;association M\u00e9moire de Tr\u00e9v\u00e9rec a repris ses r\u00e9unions tous les jeudis matin, de 10 h \u00e0 12 h, dans la salle du conseil \u00e0 la mairie. Cr\u00e9\u00e9e en juillet 2019, l&rsquo;association M\u00e9moire de Tr\u00e9v\u00e9rec a \u00e0 sa t\u00eate une habitante passionn\u00e9e par l&rsquo;histoire de la commune, Annie Toullic. \u00c0 partir des recherches men\u00e9es par son \u00e9quipe, trois livres ont \u00e9t\u00e9 \u00e9dit\u00e9s.<\/p>\n<\/div>\n<div aria-hidden=\"true\">\n<p>En 2021, le premier livret \u00e9tait consacr\u00e9 aux sept patriotes morts dans la commune, le 18 juillet 1944, en 2022, le deuxi\u00e8me livret portait sur l&rsquo;existence des caf\u00e9s, commerces et m\u00e9tiers d&rsquo;antan de la commune et le troisi\u00e8me, sorti en mars 2024, a fait d\u00e9couvrir les sources, lavoirs et moulins de Tr\u00e9v\u00e9rec.<\/p>\n<figure><picture><source type=\"image\/jpeg\"><\/source><img decoding=\"async\" src=\"https:\/\/www.lesgrottesdesaintcezaire.fr\/blog\/wp-content\/uploads\/2024\/10\/Memoire-de-Treverec-le-patrimoine-religieux-a-l39ordre-du.1.jpeg\" width=\"480\" height=\"300\" class=\"web_golden_m\" loading=\"lazy\" alt=\"Annie, Francis et Robert poursuivent leurs recherches sur l'histoire de la commune.\"><\/picture><figcaption>Annie, Francis et Robert poursuivent leurs recherches sur l&rsquo;histoire de la commune. (MARIE STELLA LE ROUX)<\/figcaption><\/figure>\n<h2>Toute aide est bienvenue !<\/h2>\n<\/div>\n<div aria-hidden=\"true\">\n<p>Annie Toullic, la pr\u00e9sidente et sa petite \u00e9quipe vont se consacrer maintenant au patrimoine religieux de la commune (l&rsquo;\u00e9glise, les deux chapelles, Saint-Yves et Pont Men, les croix, etc.) \u00ab Malgr\u00e9 tous les documents que nous avons r\u00e9unis , il nous manque encore des \u00e9l\u00e9ments afin d&rsquo;affiner notre recherche, donc c&rsquo;est avec plaisir que nous aimerions vos t\u00e9moignages, vos id\u00e9es\u2026 N&rsquo;h\u00e9sitez pas \u00e0 venir nous voir, nous t\u00e9l\u00e9phoner, sur rendez-vous \u00e0 votre convenance, de m\u00eame que nous accueillons toute personne qui souhaiterait faire partie de notre association \u00bb, d\u00e9clare cette passionn\u00e9e.<\/p>\n<h3 class=\"titre-note\">Pratique<\/h3>\n<p class=\"note\">Contact : m\u00e9moiredetreverec@gmail.com ou t\u00e9l. 06 87 90 12 26.<\/p>\n<\/div>\n<\/div>\n","protected":false},"excerpt":{"rendered":"<p>Pour cette nouvelle rentr\u00e9e 2024-2025, l&rsquo;association M\u00e9moire de Tr\u00e9v\u00e9rec a repris ses r\u00e9unions tous les jeudis matin, de 10 h \u00e0 12 h, dans la salle du conseil \u00e0 la mairie. Cr\u00e9\u00e9e en juillet 2019, l&rsquo;association M\u00e9moire de Tr\u00e9v\u00e9rec a \u00e0 sa t\u00eate une habitante passionn\u00e9e par l&rsquo;histoire de la commune, Annie Toullic. \u00c0 partir [&hellip;]<\/p>\n","protected":false},"author":3,"featured_media":752,"comment_status":"closed","ping_status":"closed","sticky":false,"template":"","format":"standard","meta":{"footnotes":""},"categories":[2],"tags":[],"class_list":["post-751","post","type-post","status-publish","format-standard","has-post-thumbnail","hentry","category-patrimoine","entry","has-media"],"yoast_head":"<!-- This site is optimized with the Yoast SEO plugin v27.5 - https:\/\/yoast.com\/product\/yoast-seo-wordpress\/ -->\n<title>M\u00e9moire de Tr\u00e9v\u00e9rec : le patrimoine religieux \u00e0 l&#039;ordre du jour - LESGROTTESDESAINTCEZAIRE<\/title>\n<meta name=\"description\" content=\"M\u00e9moire de Tr\u00e9v\u00e9rec : le patrimoine religieux \u00e0 l&#039;ordre du jour article de LESGROTTESDESAINTCEZAIRE\" \/>\n<meta name=\"robots\" content=\"index, follow, max-snippet:-1, max-image-preview:large, max-video-preview:-1\" \/>\n<link rel=\"canonical\" href=\"https:\/\/www.lesgrottesdesaintcezaire.fr\/blog\/memoire-de-treverec-le-patrimoine-religieux-a-lordre-du-jour\/\" \/>\n<meta property=\"og:locale\" content=\"fr_FR\" \/>\n<meta property=\"og:type\" content=\"article\" \/>\n<meta property=\"og:title\" content=\"M\u00e9moire de Tr\u00e9v\u00e9rec : le patrimoine religieux \u00e0 l&#039;ordre du jour - LESGROTTESDESAINTCEZAIRE\" \/>\n<meta property=\"og:description\" content=\"M\u00e9moire de Tr\u00e9v\u00e9rec : le patrimoine religieux \u00e0 l&#039;ordre du jour article de LESGROTTESDESAINTCEZAIRE\" \/>\n<meta property=\"og:url\" content=\"https:\/\/www.lesgrottesdesaintcezaire.fr\/blog\/memoire-de-treverec-le-patrimoine-religieux-a-lordre-du-jour\/\" \/>\n<meta property=\"og:site_name\" content=\"LESGROTTESDESAINTCEZAIRE\" \/>\n<meta property=\"article:published_time\" content=\"2024-10-13T16:10:01+00:00\" \/>\n<meta property=\"og:image\" content=\"https:\/\/www.lesgrottesdesaintcezaire.fr\/blog\/wp-content\/uploads\/2024\/10\/Memoire-de-Treverec-le-patrimoine-religieux-a-l39ordre-du.jpeg\" \/>\n<meta name=\"author\" content=\"Fabienne MOUTON\" \/>\n<meta name=\"twitter:card\" content=\"summary_large_image\" \/>\n<meta name=\"twitter:label1\" content=\"\u00c9crit par\" \/>\n\t<meta name=\"twitter:data1\" content=\"Fabienne MOUTON\" \/>\n\t<meta name=\"twitter:label2\" content=\"Dur\u00e9e de lecture estim\u00e9e\" \/>\n\t<meta name=\"twitter:data2\" content=\"1 minute\" \/>\n<script type=\"application\/ld+json\" class=\"yoast-schema-graph\">{\"@context\":\"https:\\\/\\\/schema.org\",\"@graph\":[{\"@type\":\"Article\",\"@id\":\"https:\\\/\\\/www.lesgrottesdesaintcezaire.fr\\\/blog\\\/memoire-de-treverec-le-patrimoine-religieux-a-lordre-du-jour\\\/#article\",\"isPartOf\":{\"@id\":\"https:\\\/\\\/www.lesgrottesdesaintcezaire.fr\\\/blog\\\/memoire-de-treverec-le-patrimoine-religieux-a-lordre-du-jour\\\/\"},\"author\":{\"name\":\"Fabienne MOUTON\",\"@id\":\"https:\\\/\\\/www.lesgrottesdesaintcezaire.fr\\\/blog\\\/#\\\/schema\\\/person\\\/23d9a2ac249ecb9460a4ebce885adb9b\"},\"headline\":\"M\u00e9moire de Tr\u00e9v\u00e9rec : le patrimoine religieux \u00e0 l&rsquo;ordre du jour\",\"datePublished\":\"2024-10-13T16:10:01+00:00\",\"mainEntityOfPage\":{\"@id\":\"https:\\\/\\\/www.lesgrottesdesaintcezaire.fr\\\/blog\\\/memoire-de-treverec-le-patrimoine-religieux-a-lordre-du-jour\\\/\"},\"wordCount\":275,\"publisher\":{\"@id\":\"https:\\\/\\\/www.lesgrottesdesaintcezaire.fr\\\/blog\\\/#organization\"},\"image\":{\"@id\":\"https:\\\/\\\/www.lesgrottesdesaintcezaire.fr\\\/blog\\\/memoire-de-treverec-le-patrimoine-religieux-a-lordre-du-jour\\\/#primaryimage\"},\"thumbnailUrl\":\"https:\\\/\\\/www.lesgrottesdesaintcezaire.fr\\\/blog\\\/wp-content\\\/uploads\\\/2024\\\/10\\\/Memoire-de-Treverec-le-patrimoine-religieux-a-l39ordre-du.jpeg\",\"articleSection\":[\"Patrimoine:\"],\"inLanguage\":\"fr-FR\"},{\"@type\":\"WebPage\",\"@id\":\"https:\\\/\\\/www.lesgrottesdesaintcezaire.fr\\\/blog\\\/memoire-de-treverec-le-patrimoine-religieux-a-lordre-du-jour\\\/\",\"url\":\"https:\\\/\\\/www.lesgrottesdesaintcezaire.fr\\\/blog\\\/memoire-de-treverec-le-patrimoine-religieux-a-lordre-du-jour\\\/\",\"name\":\"M\u00e9moire de Tr\u00e9v\u00e9rec : le patrimoine religieux \u00e0 l'ordre du jour - LESGROTTESDESAINTCEZAIRE\",\"isPartOf\":{\"@id\":\"https:\\\/\\\/www.lesgrottesdesaintcezaire.fr\\\/blog\\\/#website\"},\"primaryImageOfPage\":{\"@id\":\"https:\\\/\\\/www.lesgrottesdesaintcezaire.fr\\\/blog\\\/memoire-de-treverec-le-patrimoine-religieux-a-lordre-du-jour\\\/#primaryimage\"},\"image\":{\"@id\":\"https:\\\/\\\/www.lesgrottesdesaintcezaire.fr\\\/blog\\\/memoire-de-treverec-le-patrimoine-religieux-a-lordre-du-jour\\\/#primaryimage\"},\"thumbnailUrl\":\"https:\\\/\\\/www.lesgrottesdesaintcezaire.fr\\\/blog\\\/wp-content\\\/uploads\\\/2024\\\/10\\\/Memoire-de-Treverec-le-patrimoine-religieux-a-l39ordre-du.jpeg\",\"datePublished\":\"2024-10-13T16:10:01+00:00\",\"description\":\"M\u00e9moire de Tr\u00e9v\u00e9rec : le patrimoine religieux \u00e0 l'ordre du jour article de LESGROTTESDESAINTCEZAIRE\",\"breadcrumb\":{\"@id\":\"https:\\\/\\\/www.lesgrottesdesaintcezaire.fr\\\/blog\\\/memoire-de-treverec-le-patrimoine-religieux-a-lordre-du-jour\\\/#breadcrumb\"},\"inLanguage\":\"fr-FR\",\"potentialAction\":[{\"@type\":\"ReadAction\",\"target\":[\"https:\\\/\\\/www.lesgrottesdesaintcezaire.fr\\\/blog\\\/memoire-de-treverec-le-patrimoine-religieux-a-lordre-du-jour\\\/\"]}]},{\"@type\":\"ImageObject\",\"inLanguage\":\"fr-FR\",\"@id\":\"https:\\\/\\\/www.lesgrottesdesaintcezaire.fr\\\/blog\\\/memoire-de-treverec-le-patrimoine-religieux-a-lordre-du-jour\\\/#primaryimage\",\"url\":\"https:\\\/\\\/www.lesgrottesdesaintcezaire.fr\\\/blog\\\/wp-content\\\/uploads\\\/2024\\\/10\\\/Memoire-de-Treverec-le-patrimoine-religieux-a-l39ordre-du.jpeg\",\"contentUrl\":\"https:\\\/\\\/www.lesgrottesdesaintcezaire.fr\\\/blog\\\/wp-content\\\/uploads\\\/2024\\\/10\\\/Memoire-de-Treverec-le-patrimoine-religieux-a-l39ordre-du.jpeg\",\"width\":480,\"height\":300,\"caption\":\"Memoire de Treverec le patrimoine religieux a l39ordre du\"},{\"@type\":\"BreadcrumbList\",\"@id\":\"https:\\\/\\\/www.lesgrottesdesaintcezaire.fr\\\/blog\\\/memoire-de-treverec-le-patrimoine-religieux-a-lordre-du-jour\\\/#breadcrumb\",\"itemListElement\":[{\"@type\":\"ListItem\",\"position\":1,\"name\":\"Accueil\",\"item\":\"https:\\\/\\\/www.lesgrottesdesaintcezaire.fr\\\/blog\\\/\"},{\"@type\":\"ListItem\",\"position\":2,\"name\":\"M\u00e9moire de Tr\u00e9v\u00e9rec : le patrimoine religieux \u00e0 l&rsquo;ordre du jour\"}]},{\"@type\":\"WebSite\",\"@id\":\"https:\\\/\\\/www.lesgrottesdesaintcezaire.fr\\\/blog\\\/#website\",\"url\":\"https:\\\/\\\/www.lesgrottesdesaintcezaire.fr\\\/blog\\\/\",\"name\":\"LESGROTTESDESAINTCEZAIRE\",\"description\":\"Patrimoine: Le site de r\u00e9f\u00e9rence.\",\"publisher\":{\"@id\":\"https:\\\/\\\/www.lesgrottesdesaintcezaire.fr\\\/blog\\\/#organization\"},\"potentialAction\":[{\"@type\":\"SearchAction\",\"target\":{\"@type\":\"EntryPoint\",\"urlTemplate\":\"https:\\\/\\\/www.lesgrottesdesaintcezaire.fr\\\/blog\\\/?s={search_term_string}\"},\"query-input\":{\"@type\":\"PropertyValueSpecification\",\"valueRequired\":true,\"valueName\":\"search_term_string\"}}],\"inLanguage\":\"fr-FR\"},{\"@type\":\"Organization\",\"@id\":\"https:\\\/\\\/www.lesgrottesdesaintcezaire.fr\\\/blog\\\/#organization\",\"name\":\"lesgrottesdesaintcezaire\",\"url\":\"https:\\\/\\\/www.lesgrottesdesaintcezaire.fr\\\/blog\\\/\",\"logo\":{\"@type\":\"ImageObject\",\"inLanguage\":\"fr-FR\",\"@id\":\"https:\\\/\\\/www.lesgrottesdesaintcezaire.fr\\\/blog\\\/#\\\/schema\\\/logo\\\/image\\\/\",\"url\":\"https:\\\/\\\/www.lesgrottesdesaintcezaire.fr\\\/blog\\\/wp-content\\\/uploads\\\/2022\\\/05\\\/logo-2.png\",\"contentUrl\":\"https:\\\/\\\/www.lesgrottesdesaintcezaire.fr\\\/blog\\\/wp-content\\\/uploads\\\/2022\\\/05\\\/logo-2.png\",\"width\":150,\"height\":209,\"caption\":\"lesgrottesdesaintcezaire\"},\"image\":{\"@id\":\"https:\\\/\\\/www.lesgrottesdesaintcezaire.fr\\\/blog\\\/#\\\/schema\\\/logo\\\/image\\\/\"}},{\"@type\":\"Person\",\"@id\":\"https:\\\/\\\/www.lesgrottesdesaintcezaire.fr\\\/blog\\\/#\\\/schema\\\/person\\\/23d9a2ac249ecb9460a4ebce885adb9b\",\"name\":\"Fabienne MOUTON\",\"image\":{\"@type\":\"ImageObject\",\"inLanguage\":\"fr-FR\",\"@id\":\"https:\\\/\\\/secure.gravatar.com\\\/avatar\\\/856d7a14385bb0216de9c5cf9fb1160ddbd11c00be5bb16cfe389b9971309649?s=96&d=mm&r=g\",\"url\":\"https:\\\/\\\/secure.gravatar.com\\\/avatar\\\/856d7a14385bb0216de9c5cf9fb1160ddbd11c00be5bb16cfe389b9971309649?s=96&d=mm&r=g\",\"contentUrl\":\"https:\\\/\\\/secure.gravatar.com\\\/avatar\\\/856d7a14385bb0216de9c5cf9fb1160ddbd11c00be5bb16cfe389b9971309649?s=96&d=mm&r=g\",\"caption\":\"Fabienne MOUTON\"},\"url\":\"https:\\\/\\\/www.lesgrottesdesaintcezaire.fr\\\/blog\\\/author\\\/irefabienne\\\/\"}]}<\/script>\n<!-- \/ Yoast SEO plugin. -->","yoast_head_json":{"title":"M\u00e9moire de Tr\u00e9v\u00e9rec : le patrimoine religieux \u00e0 l'ordre du jour - LESGROTTESDESAINTCEZAIRE","description":"M\u00e9moire de Tr\u00e9v\u00e9rec : le patrimoine religieux \u00e0 l'ordre du jour article de LESGROTTESDESAINTCEZAIRE","robots":{"index":"index","follow":"follow","max-snippet":"max-snippet:-1","max-image-preview":"max-image-preview:large","max-video-preview":"max-video-preview:-1"},"canonical":"https:\/\/www.lesgrottesdesaintcezaire.fr\/blog\/memoire-de-treverec-le-patrimoine-religieux-a-lordre-du-jour\/","og_locale":"fr_FR","og_type":"article","og_title":"M\u00e9moire de Tr\u00e9v\u00e9rec : le patrimoine religieux \u00e0 l'ordre du jour - LESGROTTESDESAINTCEZAIRE","og_description":"M\u00e9moire de Tr\u00e9v\u00e9rec : le patrimoine religieux \u00e0 l'ordre du jour article de LESGROTTESDESAINTCEZAIRE","og_url":"https:\/\/www.lesgrottesdesaintcezaire.fr\/blog\/memoire-de-treverec-le-patrimoine-religieux-a-lordre-du-jour\/","og_site_name":"LESGROTTESDESAINTCEZAIRE","article_published_time":"2024-10-13T16:10:01+00:00","og_image":[{"url":"https:\/\/www.lesgrottesdesaintcezaire.fr\/blog\/wp-content\/uploads\/2024\/10\/Memoire-de-Treverec-le-patrimoine-religieux-a-l39ordre-du.jpeg","type":"","width":"","height":""}],"author":"Fabienne MOUTON","twitter_card":"summary_large_image","twitter_misc":{"\u00c9crit par":"Fabienne MOUTON","Dur\u00e9e de lecture estim\u00e9e":"1 minute"},"schema":{"@context":"https:\/\/schema.org","@graph":[{"@type":"Article","@id":"https:\/\/www.lesgrottesdesaintcezaire.fr\/blog\/memoire-de-treverec-le-patrimoine-religieux-a-lordre-du-jour\/#article","isPartOf":{"@id":"https:\/\/www.lesgrottesdesaintcezaire.fr\/blog\/memoire-de-treverec-le-patrimoine-religieux-a-lordre-du-jour\/"},"author":{"name":"Fabienne MOUTON","@id":"https:\/\/www.lesgrottesdesaintcezaire.fr\/blog\/#\/schema\/person\/23d9a2ac249ecb9460a4ebce885adb9b"},"headline":"M\u00e9moire de Tr\u00e9v\u00e9rec : le patrimoine religieux \u00e0 l&rsquo;ordre du jour","datePublished":"2024-10-13T16:10:01+00:00","mainEntityOfPage":{"@id":"https:\/\/www.lesgrottesdesaintcezaire.fr\/blog\/memoire-de-treverec-le-patrimoine-religieux-a-lordre-du-jour\/"},"wordCount":275,"publisher":{"@id":"https:\/\/www.lesgrottesdesaintcezaire.fr\/blog\/#organization"},"image":{"@id":"https:\/\/www.lesgrottesdesaintcezaire.fr\/blog\/memoire-de-treverec-le-patrimoine-religieux-a-lordre-du-jour\/#primaryimage"},"thumbnailUrl":"https:\/\/www.lesgrottesdesaintcezaire.fr\/blog\/wp-content\/uploads\/2024\/10\/Memoire-de-Treverec-le-patrimoine-religieux-a-l39ordre-du.jpeg","articleSection":["Patrimoine:"],"inLanguage":"fr-FR"},{"@type":"WebPage","@id":"https:\/\/www.lesgrottesdesaintcezaire.fr\/blog\/memoire-de-treverec-le-patrimoine-religieux-a-lordre-du-jour\/","url":"https:\/\/www.lesgrottesdesaintcezaire.fr\/blog\/memoire-de-treverec-le-patrimoine-religieux-a-lordre-du-jour\/","name":"M\u00e9moire de Tr\u00e9v\u00e9rec : le patrimoine religieux \u00e0 l'ordre du jour - LESGROTTESDESAINTCEZAIRE","isPartOf":{"@id":"https:\/\/www.lesgrottesdesaintcezaire.fr\/blog\/#website"},"primaryImageOfPage":{"@id":"https:\/\/www.lesgrottesdesaintcezaire.fr\/blog\/memoire-de-treverec-le-patrimoine-religieux-a-lordre-du-jour\/#primaryimage"},"image":{"@id":"https:\/\/www.lesgrottesdesaintcezaire.fr\/blog\/memoire-de-treverec-le-patrimoine-religieux-a-lordre-du-jour\/#primaryimage"},"thumbnailUrl":"https:\/\/www.lesgrottesdesaintcezaire.fr\/blog\/wp-content\/uploads\/2024\/10\/Memoire-de-Treverec-le-patrimoine-religieux-a-l39ordre-du.jpeg","datePublished":"2024-10-13T16:10:01+00:00","description":"M\u00e9moire de Tr\u00e9v\u00e9rec : le patrimoine religieux \u00e0 l'ordre du jour article de LESGROTTESDESAINTCEZAIRE","breadcrumb":{"@id":"https:\/\/www.lesgrottesdesaintcezaire.fr\/blog\/memoire-de-treverec-le-patrimoine-religieux-a-lordre-du-jour\/#breadcrumb"},"inLanguage":"fr-FR","potentialAction":[{"@type":"ReadAction","target":["https:\/\/www.lesgrottesdesaintcezaire.fr\/blog\/memoire-de-treverec-le-patrimoine-religieux-a-lordre-du-jour\/"]}]},{"@type":"ImageObject","inLanguage":"fr-FR","@id":"https:\/\/www.lesgrottesdesaintcezaire.fr\/blog\/memoire-de-treverec-le-patrimoine-religieux-a-lordre-du-jour\/#primaryimage","url":"https:\/\/www.lesgrottesdesaintcezaire.fr\/blog\/wp-content\/uploads\/2024\/10\/Memoire-de-Treverec-le-patrimoine-religieux-a-l39ordre-du.jpeg","contentUrl":"https:\/\/www.lesgrottesdesaintcezaire.fr\/blog\/wp-content\/uploads\/2024\/10\/Memoire-de-Treverec-le-patrimoine-religieux-a-l39ordre-du.jpeg","width":480,"height":300,"caption":"Memoire de Treverec le patrimoine religieux a l39ordre du"},{"@type":"BreadcrumbList","@id":"https:\/\/www.lesgrottesdesaintcezaire.fr\/blog\/memoire-de-treverec-le-patrimoine-religieux-a-lordre-du-jour\/#breadcrumb","itemListElement":[{"@type":"ListItem","position":1,"name":"Accueil","item":"https:\/\/www.lesgrottesdesaintcezaire.fr\/blog\/"},{"@type":"ListItem","position":2,"name":"M\u00e9moire de Tr\u00e9v\u00e9rec : le patrimoine religieux \u00e0 l&rsquo;ordre du jour"}]},{"@type":"WebSite","@id":"https:\/\/www.lesgrottesdesaintcezaire.fr\/blog\/#website","url":"https:\/\/www.lesgrottesdesaintcezaire.fr\/blog\/","name":"LESGROTTESDESAINTCEZAIRE","description":"Patrimoine: Le site de r\u00e9f\u00e9rence.","publisher":{"@id":"https:\/\/www.lesgrottesdesaintcezaire.fr\/blog\/#organization"},"potentialAction":[{"@type":"SearchAction","target":{"@type":"EntryPoint","urlTemplate":"https:\/\/www.lesgrottesdesaintcezaire.fr\/blog\/?s={search_term_string}"},"query-input":{"@type":"PropertyValueSpecification","valueRequired":true,"valueName":"search_term_string"}}],"inLanguage":"fr-FR"},{"@type":"Organization","@id":"https:\/\/www.lesgrottesdesaintcezaire.fr\/blog\/#organization","name":"lesgrottesdesaintcezaire","url":"https:\/\/www.lesgrottesdesaintcezaire.fr\/blog\/","logo":{"@type":"ImageObject","inLanguage":"fr-FR","@id":"https:\/\/www.lesgrottesdesaintcezaire.fr\/blog\/#\/schema\/logo\/image\/","url":"https:\/\/www.lesgrottesdesaintcezaire.fr\/blog\/wp-content\/uploads\/2022\/05\/logo-2.png","contentUrl":"https:\/\/www.lesgrottesdesaintcezaire.fr\/blog\/wp-content\/uploads\/2022\/05\/logo-2.png","width":150,"height":209,"caption":"lesgrottesdesaintcezaire"},"image":{"@id":"https:\/\/www.lesgrottesdesaintcezaire.fr\/blog\/#\/schema\/logo\/image\/"}},{"@type":"Person","@id":"https:\/\/www.lesgrottesdesaintcezaire.fr\/blog\/#\/schema\/person\/23d9a2ac249ecb9460a4ebce885adb9b","name":"Fabienne MOUTON","image":{"@type":"ImageObject","inLanguage":"fr-FR","@id":"https:\/\/secure.gravatar.com\/avatar\/856d7a14385bb0216de9c5cf9fb1160ddbd11c00be5bb16cfe389b9971309649?s=96&d=mm&r=g","url":"https:\/\/secure.gravatar.com\/avatar\/856d7a14385bb0216de9c5cf9fb1160ddbd11c00be5bb16cfe389b9971309649?s=96&d=mm&r=g","contentUrl":"https:\/\/secure.gravatar.com\/avatar\/856d7a14385bb0216de9c5cf9fb1160ddbd11c00be5bb16cfe389b9971309649?s=96&d=mm&r=g","caption":"Fabienne MOUTON"},"url":"https:\/\/www.lesgrottesdesaintcezaire.fr\/blog\/author\/irefabienne\/"}]}},"_links":{"self":[{"href":"https:\/\/www.lesgrottesdesaintcezaire.fr\/blog\/wp-json\/wp\/v2\/posts\/751","targetHints":{"allow":["GET"]}}],"collection":[{"href":"https:\/\/www.lesgrottesdesaintcezaire.fr\/blog\/wp-json\/wp\/v2\/posts"}],"about":[{"href":"https:\/\/www.lesgrottesdesaintcezaire.fr\/blog\/wp-json\/wp\/v2\/types\/post"}],"author":[{"embeddable":true,"href":"https:\/\/www.lesgrottesdesaintcezaire.fr\/blog\/wp-json\/wp\/v2\/users\/3"}],"replies":[{"embeddable":true,"href":"https:\/\/www.lesgrottesdesaintcezaire.fr\/blog\/wp-json\/wp\/v2\/comments?post=751"}],"version-history":[{"count":0,"href":"https:\/\/www.lesgrottesdesaintcezaire.fr\/blog\/wp-json\/wp\/v2\/posts\/751\/revisions"}],"wp:featuredmedia":[{"embeddable":true,"href":"https:\/\/www.lesgrottesdesaintcezaire.fr\/blog\/wp-json\/wp\/v2\/media\/752"}],"wp:attachment":[{"href":"https:\/\/www.lesgrottesdesaintcezaire.fr\/blog\/wp-json\/wp\/v2\/media?parent=751"}],"wp:term":[{"taxonomy":"category","embeddable":true,"href":"https:\/\/www.lesgrottesdesaintcezaire.fr\/blog\/wp-json\/wp\/v2\/categories?post=751"},{"taxonomy":"post_tag","embeddable":true,"href":"https:\/\/www.lesgrottesdesaintcezaire.fr\/blog\/wp-json\/wp\/v2\/tags?post=751"}],"curies":[{"name":"wp","href":"https:\/\/api.w.org\/{rel}","templated":true}]}}