{"id":754,"date":"2024-10-30T16:06:32","date_gmt":"2024-10-30T15:06:32","guid":{"rendered":"https:\/\/www.lesgrottesdesaintcezaire.fr\/blog\/depuis-dix-ans-en-gironde-ces-mecenes-donnent-une-seconde-vie-au-patrimoine-qui-ninteresse-plus-grand-monde\/"},"modified":"2024-10-30T16:06:32","modified_gmt":"2024-10-30T15:06:32","slug":"depuis-dix-ans-en-gironde-ces-mecenes-donnent-une-seconde-vie-au-patrimoine-qui-ninteresse-plus-grand-monde","status":"publish","type":"post","link":"https:\/\/www.lesgrottesdesaintcezaire.fr\/blog\/depuis-dix-ans-en-gironde-ces-mecenes-donnent-une-seconde-vie-au-patrimoine-qui-ninteresse-plus-grand-monde\/","title":{"rendered":"Depuis dix ans, en Gironde, ces m\u00e9c\u00e8nes donnent une seconde vie au patrimoine \u00ab qui n&rsquo;int\u00e9resse plus grand monde \u00bb"},"content":{"rendered":"<div>\n<div>\n<p>\u00ab Sauver une petite fontaine du XIIe<sup>e<\/sup> au fond d&rsquo;un jardin, \u00e7a me fait vraiment plaisir \u00bb, admet Alain Iviglia, membre du club des M\u00e9c\u00e8nes du patrimoine en Gironde. Le g\u00e9rant de TMH, une soci\u00e9t\u00e9 sp\u00e9cialis\u00e9e dans la restauration de patrimoine ancien, a rejoint le groupe port\u00e9 par la Fondation du patrimoine \u00e0 sa cr\u00e9ation en 2014. Depuis, ils sont six membres \u2013 bient\u00f4t huit \u2013 tous chefs d&rsquo;entreprises issus de diff\u00e9rents secteurs d&rsquo;activit\u00e9, \u00e0 mutualiser leurs moyens dans l&rsquo;objectif de participer au financement de projets de restauration du patrimoine exemplaire ou en p\u00e9ril.<\/p>\n<p>\u00c0 l&rsquo;occasion des dix ans du club, une rencontre \u00e0 eu lieu le mercredi 16 octobre entre propri\u00e9taires, m\u00e9c\u00e8nes et repr\u00e9sentants, au mus\u00e9e Georges-de-Sonneville \u00e0 Gradignan, pour valoriser les 23 r\u00e9novations r\u00e9alis\u00e9es pendant la d\u00e9cennie, dont l&rsquo;aide financi\u00e8re s&rsquo;\u00e9l\u00e8ve \u00e0 240 000 euros. Les projets s&rsquo;\u00e9tendent aux b\u00e2timents religieux, la\u00efcs ou vernaculaires, \u00e0 des lavoirs, instruments, \u0153uvres d&rsquo;art et m\u00eame au patrimoine vivant\u2026 Leurs natures sont bien diverses mais tous ont pour points communs leur taille interm\u00e9diaire et leur positionnement, majoritairement en territoires ruraux.<\/p>\n<h2 class=\"article-subtitle\">Levier de d\u00e9veloppement<\/h2>\n<p>\u00ab Il s&rsquo;agit de patrimoine qui n&rsquo;int\u00e9resse pas le grand monde, qui n&rsquo;est pas sous les feux des projecteurs. Il est petit, un peu isol\u00e9 et un peu perdu \u00bb, r\u00e9sume le m\u00e9c\u00e8ne. Et c&rsquo;est cela qui ravit le passionn\u00e9, \u00ab le fait de sauver au monument qui, sans notre action, aurait d\u00e9finitivement disparu \u00bb.<\/p>\n<p>Pour Christian Tilleau, d\u00e9l\u00e9gu\u00e9 d\u00e9partemental de la Gironde \u00e0 la Fondation du patrimoine, ces dotations jouent un r\u00f4le certain dans la transmission des m\u00e9moires, mais pas seulement. \u00ab C&rsquo;est aussi un levier de d\u00e9veloppement \u00e9conomique local par les visites que cela g\u00e9n\u00e8re. Un euro qui passe par la fondation \u00e9quivaut, en moyenne, \u00e0 23 euros de retomb\u00e9e \u00e9conomique \u00bb, partage le repr\u00e9sentant. Trois projets sont en encore en cours de r\u00e9novation dans le cadre de ce m\u00e9c\u00e9nat comme la chapelle des Capucins \u00e0 Bordeaux, le lavoir Blanchereau \u00e0 Lormont, ou encore, l&rsquo;\u00e9glise Notre-Dame de Lorette \u00e0 Saint-Michel-de-Lapujade.<\/p>\n<\/div>\n<\/div>\n","protected":false},"excerpt":{"rendered":"<p>\u00ab Sauver une petite fontaine du XIIee au fond d&rsquo;un jardin, \u00e7a me fait vraiment plaisir \u00bb, admet Alain Iviglia, membre du club des M\u00e9c\u00e8nes du patrimoine en Gironde. Le g\u00e9rant de TMH, une soci\u00e9t\u00e9 sp\u00e9cialis\u00e9e dans la restauration de patrimoine ancien, a rejoint le groupe port\u00e9 par la Fondation du patrimoine \u00e0 sa cr\u00e9ation [&hellip;]<\/p>\n","protected":false},"author":3,"featured_media":0,"comment_status":"closed","ping_status":"closed","sticky":false,"template":"","format":"standard","meta":{"footnotes":""},"categories":[2],"tags":[],"class_list":["post-754","post","type-post","status-publish","format-standard","hentry","category-patrimoine","entry"],"yoast_head":"<!-- This site is optimized with the Yoast SEO plugin v27.5 - https:\/\/yoast.com\/product\/yoast-seo-wordpress\/ -->\n<title>Depuis dix ans, en Gironde, ces m\u00e9c\u00e8nes donnent une seconde vie au patrimoine \u00ab qui n&#039;int\u00e9resse plus grand monde \u00bb - LESGROTTESDESAINTCEZAIRE<\/title>\n<meta name=\"description\" content=\"Depuis dix ans, en Gironde, ces m\u00e9c\u00e8nes donnent une seconde vie au patrimoine \u00ab qui n&#039;int\u00e9resse plus grand monde \u00bb article de LESGROTTESDESAINTCEZAIRE\" \/>\n<meta name=\"robots\" content=\"index, follow, max-snippet:-1, max-image-preview:large, max-video-preview:-1\" \/>\n<link rel=\"canonical\" href=\"https:\/\/www.lesgrottesdesaintcezaire.fr\/blog\/depuis-dix-ans-en-gironde-ces-mecenes-donnent-une-seconde-vie-au-patrimoine-qui-ninteresse-plus-grand-monde\/\" \/>\n<meta property=\"og:locale\" content=\"fr_FR\" \/>\n<meta property=\"og:type\" content=\"article\" \/>\n<meta property=\"og:title\" content=\"Depuis dix ans, en Gironde, ces m\u00e9c\u00e8nes donnent une seconde vie au patrimoine \u00ab qui n&#039;int\u00e9resse plus grand monde \u00bb - LESGROTTESDESAINTCEZAIRE\" \/>\n<meta property=\"og:description\" content=\"Depuis dix ans, en Gironde, ces m\u00e9c\u00e8nes donnent une seconde vie au patrimoine \u00ab qui n&#039;int\u00e9resse plus grand monde \u00bb article de LESGROTTESDESAINTCEZAIRE\" \/>\n<meta property=\"og:url\" content=\"https:\/\/www.lesgrottesdesaintcezaire.fr\/blog\/depuis-dix-ans-en-gironde-ces-mecenes-donnent-une-seconde-vie-au-patrimoine-qui-ninteresse-plus-grand-monde\/\" \/>\n<meta property=\"og:site_name\" content=\"LESGROTTESDESAINTCEZAIRE\" \/>\n<meta property=\"article:published_time\" content=\"2024-10-30T15:06:32+00:00\" \/>\n<meta name=\"author\" content=\"Fabienne MOUTON\" \/>\n<meta name=\"twitter:card\" content=\"summary_large_image\" \/>\n<meta name=\"twitter:label1\" content=\"\u00c9crit par\" \/>\n\t<meta name=\"twitter:data1\" content=\"Fabienne MOUTON\" \/>\n\t<meta name=\"twitter:label2\" content=\"Dur\u00e9e de lecture estim\u00e9e\" \/>\n\t<meta name=\"twitter:data2\" content=\"2 minutes\" \/>\n<script type=\"application\/ld+json\" class=\"yoast-schema-graph\">{\"@context\":\"https:\\\/\\\/schema.org\",\"@graph\":[{\"@type\":\"Article\",\"@id\":\"https:\\\/\\\/www.lesgrottesdesaintcezaire.fr\\\/blog\\\/depuis-dix-ans-en-gironde-ces-mecenes-donnent-une-seconde-vie-au-patrimoine-qui-ninteresse-plus-grand-monde\\\/#article\",\"isPartOf\":{\"@id\":\"https:\\\/\\\/www.lesgrottesdesaintcezaire.fr\\\/blog\\\/depuis-dix-ans-en-gironde-ces-mecenes-donnent-une-seconde-vie-au-patrimoine-qui-ninteresse-plus-grand-monde\\\/\"},\"author\":{\"name\":\"Fabienne MOUTON\",\"@id\":\"https:\\\/\\\/www.lesgrottesdesaintcezaire.fr\\\/blog\\\/#\\\/schema\\\/person\\\/23d9a2ac249ecb9460a4ebce885adb9b\"},\"headline\":\"Depuis dix ans, en Gironde, ces m\u00e9c\u00e8nes donnent une seconde vie au patrimoine \u00ab qui n&rsquo;int\u00e9resse plus grand monde \u00bb\",\"datePublished\":\"2024-10-30T15:06:32+00:00\",\"mainEntityOfPage\":{\"@id\":\"https:\\\/\\\/www.lesgrottesdesaintcezaire.fr\\\/blog\\\/depuis-dix-ans-en-gironde-ces-mecenes-donnent-une-seconde-vie-au-patrimoine-qui-ninteresse-plus-grand-monde\\\/\"},\"wordCount\":386,\"publisher\":{\"@id\":\"https:\\\/\\\/www.lesgrottesdesaintcezaire.fr\\\/blog\\\/#organization\"},\"articleSection\":[\"Patrimoine:\"],\"inLanguage\":\"fr-FR\"},{\"@type\":\"WebPage\",\"@id\":\"https:\\\/\\\/www.lesgrottesdesaintcezaire.fr\\\/blog\\\/depuis-dix-ans-en-gironde-ces-mecenes-donnent-une-seconde-vie-au-patrimoine-qui-ninteresse-plus-grand-monde\\\/\",\"url\":\"https:\\\/\\\/www.lesgrottesdesaintcezaire.fr\\\/blog\\\/depuis-dix-ans-en-gironde-ces-mecenes-donnent-une-seconde-vie-au-patrimoine-qui-ninteresse-plus-grand-monde\\\/\",\"name\":\"Depuis dix ans, en Gironde, ces m\u00e9c\u00e8nes donnent une seconde vie au patrimoine \u00ab qui n'int\u00e9resse plus grand monde \u00bb - LESGROTTESDESAINTCEZAIRE\",\"isPartOf\":{\"@id\":\"https:\\\/\\\/www.lesgrottesdesaintcezaire.fr\\\/blog\\\/#website\"},\"datePublished\":\"2024-10-30T15:06:32+00:00\",\"description\":\"Depuis dix ans, en Gironde, ces m\u00e9c\u00e8nes donnent une seconde vie au patrimoine \u00ab qui n'int\u00e9resse plus grand monde \u00bb article de LESGROTTESDESAINTCEZAIRE\",\"breadcrumb\":{\"@id\":\"https:\\\/\\\/www.lesgrottesdesaintcezaire.fr\\\/blog\\\/depuis-dix-ans-en-gironde-ces-mecenes-donnent-une-seconde-vie-au-patrimoine-qui-ninteresse-plus-grand-monde\\\/#breadcrumb\"},\"inLanguage\":\"fr-FR\",\"potentialAction\":[{\"@type\":\"ReadAction\",\"target\":[\"https:\\\/\\\/www.lesgrottesdesaintcezaire.fr\\\/blog\\\/depuis-dix-ans-en-gironde-ces-mecenes-donnent-une-seconde-vie-au-patrimoine-qui-ninteresse-plus-grand-monde\\\/\"]}]},{\"@type\":\"BreadcrumbList\",\"@id\":\"https:\\\/\\\/www.lesgrottesdesaintcezaire.fr\\\/blog\\\/depuis-dix-ans-en-gironde-ces-mecenes-donnent-une-seconde-vie-au-patrimoine-qui-ninteresse-plus-grand-monde\\\/#breadcrumb\",\"itemListElement\":[{\"@type\":\"ListItem\",\"position\":1,\"name\":\"Accueil\",\"item\":\"https:\\\/\\\/www.lesgrottesdesaintcezaire.fr\\\/blog\\\/\"},{\"@type\":\"ListItem\",\"position\":2,\"name\":\"Depuis dix ans, en Gironde, ces m\u00e9c\u00e8nes donnent une seconde vie au patrimoine \u00ab qui n&rsquo;int\u00e9resse plus grand monde \u00bb\"}]},{\"@type\":\"WebSite\",\"@id\":\"https:\\\/\\\/www.lesgrottesdesaintcezaire.fr\\\/blog\\\/#website\",\"url\":\"https:\\\/\\\/www.lesgrottesdesaintcezaire.fr\\\/blog\\\/\",\"name\":\"LESGROTTESDESAINTCEZAIRE\",\"description\":\"Patrimoine: Le site de r\u00e9f\u00e9rence.\",\"publisher\":{\"@id\":\"https:\\\/\\\/www.lesgrottesdesaintcezaire.fr\\\/blog\\\/#organization\"},\"potentialAction\":[{\"@type\":\"SearchAction\",\"target\":{\"@type\":\"EntryPoint\",\"urlTemplate\":\"https:\\\/\\\/www.lesgrottesdesaintcezaire.fr\\\/blog\\\/?s={search_term_string}\"},\"query-input\":{\"@type\":\"PropertyValueSpecification\",\"valueRequired\":true,\"valueName\":\"search_term_string\"}}],\"inLanguage\":\"fr-FR\"},{\"@type\":\"Organization\",\"@id\":\"https:\\\/\\\/www.lesgrottesdesaintcezaire.fr\\\/blog\\\/#organization\",\"name\":\"lesgrottesdesaintcezaire\",\"url\":\"https:\\\/\\\/www.lesgrottesdesaintcezaire.fr\\\/blog\\\/\",\"logo\":{\"@type\":\"ImageObject\",\"inLanguage\":\"fr-FR\",\"@id\":\"https:\\\/\\\/www.lesgrottesdesaintcezaire.fr\\\/blog\\\/#\\\/schema\\\/logo\\\/image\\\/\",\"url\":\"https:\\\/\\\/www.lesgrottesdesaintcezaire.fr\\\/blog\\\/wp-content\\\/uploads\\\/2022\\\/05\\\/logo-2.png\",\"contentUrl\":\"https:\\\/\\\/www.lesgrottesdesaintcezaire.fr\\\/blog\\\/wp-content\\\/uploads\\\/2022\\\/05\\\/logo-2.png\",\"width\":150,\"height\":209,\"caption\":\"lesgrottesdesaintcezaire\"},\"image\":{\"@id\":\"https:\\\/\\\/www.lesgrottesdesaintcezaire.fr\\\/blog\\\/#\\\/schema\\\/logo\\\/image\\\/\"}},{\"@type\":\"Person\",\"@id\":\"https:\\\/\\\/www.lesgrottesdesaintcezaire.fr\\\/blog\\\/#\\\/schema\\\/person\\\/23d9a2ac249ecb9460a4ebce885adb9b\",\"name\":\"Fabienne MOUTON\",\"image\":{\"@type\":\"ImageObject\",\"inLanguage\":\"fr-FR\",\"@id\":\"https:\\\/\\\/secure.gravatar.com\\\/avatar\\\/856d7a14385bb0216de9c5cf9fb1160ddbd11c00be5bb16cfe389b9971309649?s=96&d=mm&r=g\",\"url\":\"https:\\\/\\\/secure.gravatar.com\\\/avatar\\\/856d7a14385bb0216de9c5cf9fb1160ddbd11c00be5bb16cfe389b9971309649?s=96&d=mm&r=g\",\"contentUrl\":\"https:\\\/\\\/secure.gravatar.com\\\/avatar\\\/856d7a14385bb0216de9c5cf9fb1160ddbd11c00be5bb16cfe389b9971309649?s=96&d=mm&r=g\",\"caption\":\"Fabienne MOUTON\"},\"url\":\"https:\\\/\\\/www.lesgrottesdesaintcezaire.fr\\\/blog\\\/author\\\/irefabienne\\\/\"}]}<\/script>\n<!-- \/ Yoast SEO plugin. -->","yoast_head_json":{"title":"Depuis dix ans, en Gironde, ces m\u00e9c\u00e8nes donnent une seconde vie au patrimoine \u00ab qui n'int\u00e9resse plus grand monde \u00bb - LESGROTTESDESAINTCEZAIRE","description":"Depuis dix ans, en Gironde, ces m\u00e9c\u00e8nes donnent une seconde vie au patrimoine \u00ab qui n'int\u00e9resse plus grand monde \u00bb article de LESGROTTESDESAINTCEZAIRE","robots":{"index":"index","follow":"follow","max-snippet":"max-snippet:-1","max-image-preview":"max-image-preview:large","max-video-preview":"max-video-preview:-1"},"canonical":"https:\/\/www.lesgrottesdesaintcezaire.fr\/blog\/depuis-dix-ans-en-gironde-ces-mecenes-donnent-une-seconde-vie-au-patrimoine-qui-ninteresse-plus-grand-monde\/","og_locale":"fr_FR","og_type":"article","og_title":"Depuis dix ans, en Gironde, ces m\u00e9c\u00e8nes donnent une seconde vie au patrimoine \u00ab qui n'int\u00e9resse plus grand monde \u00bb - LESGROTTESDESAINTCEZAIRE","og_description":"Depuis dix ans, en Gironde, ces m\u00e9c\u00e8nes donnent une seconde vie au patrimoine \u00ab qui n'int\u00e9resse plus grand monde \u00bb article de LESGROTTESDESAINTCEZAIRE","og_url":"https:\/\/www.lesgrottesdesaintcezaire.fr\/blog\/depuis-dix-ans-en-gironde-ces-mecenes-donnent-une-seconde-vie-au-patrimoine-qui-ninteresse-plus-grand-monde\/","og_site_name":"LESGROTTESDESAINTCEZAIRE","article_published_time":"2024-10-30T15:06:32+00:00","author":"Fabienne MOUTON","twitter_card":"summary_large_image","twitter_misc":{"\u00c9crit par":"Fabienne MOUTON","Dur\u00e9e de lecture estim\u00e9e":"2 minutes"},"schema":{"@context":"https:\/\/schema.org","@graph":[{"@type":"Article","@id":"https:\/\/www.lesgrottesdesaintcezaire.fr\/blog\/depuis-dix-ans-en-gironde-ces-mecenes-donnent-une-seconde-vie-au-patrimoine-qui-ninteresse-plus-grand-monde\/#article","isPartOf":{"@id":"https:\/\/www.lesgrottesdesaintcezaire.fr\/blog\/depuis-dix-ans-en-gironde-ces-mecenes-donnent-une-seconde-vie-au-patrimoine-qui-ninteresse-plus-grand-monde\/"},"author":{"name":"Fabienne MOUTON","@id":"https:\/\/www.lesgrottesdesaintcezaire.fr\/blog\/#\/schema\/person\/23d9a2ac249ecb9460a4ebce885adb9b"},"headline":"Depuis dix ans, en Gironde, ces m\u00e9c\u00e8nes donnent une seconde vie au patrimoine \u00ab qui n&rsquo;int\u00e9resse plus grand monde \u00bb","datePublished":"2024-10-30T15:06:32+00:00","mainEntityOfPage":{"@id":"https:\/\/www.lesgrottesdesaintcezaire.fr\/blog\/depuis-dix-ans-en-gironde-ces-mecenes-donnent-une-seconde-vie-au-patrimoine-qui-ninteresse-plus-grand-monde\/"},"wordCount":386,"publisher":{"@id":"https:\/\/www.lesgrottesdesaintcezaire.fr\/blog\/#organization"},"articleSection":["Patrimoine:"],"inLanguage":"fr-FR"},{"@type":"WebPage","@id":"https:\/\/www.lesgrottesdesaintcezaire.fr\/blog\/depuis-dix-ans-en-gironde-ces-mecenes-donnent-une-seconde-vie-au-patrimoine-qui-ninteresse-plus-grand-monde\/","url":"https:\/\/www.lesgrottesdesaintcezaire.fr\/blog\/depuis-dix-ans-en-gironde-ces-mecenes-donnent-une-seconde-vie-au-patrimoine-qui-ninteresse-plus-grand-monde\/","name":"Depuis dix ans, en Gironde, ces m\u00e9c\u00e8nes donnent une seconde vie au patrimoine \u00ab qui n'int\u00e9resse plus grand monde \u00bb - LESGROTTESDESAINTCEZAIRE","isPartOf":{"@id":"https:\/\/www.lesgrottesdesaintcezaire.fr\/blog\/#website"},"datePublished":"2024-10-30T15:06:32+00:00","description":"Depuis dix ans, en Gironde, ces m\u00e9c\u00e8nes donnent une seconde vie au patrimoine \u00ab qui n'int\u00e9resse plus grand monde \u00bb article de LESGROTTESDESAINTCEZAIRE","breadcrumb":{"@id":"https:\/\/www.lesgrottesdesaintcezaire.fr\/blog\/depuis-dix-ans-en-gironde-ces-mecenes-donnent-une-seconde-vie-au-patrimoine-qui-ninteresse-plus-grand-monde\/#breadcrumb"},"inLanguage":"fr-FR","potentialAction":[{"@type":"ReadAction","target":["https:\/\/www.lesgrottesdesaintcezaire.fr\/blog\/depuis-dix-ans-en-gironde-ces-mecenes-donnent-une-seconde-vie-au-patrimoine-qui-ninteresse-plus-grand-monde\/"]}]},{"@type":"BreadcrumbList","@id":"https:\/\/www.lesgrottesdesaintcezaire.fr\/blog\/depuis-dix-ans-en-gironde-ces-mecenes-donnent-une-seconde-vie-au-patrimoine-qui-ninteresse-plus-grand-monde\/#breadcrumb","itemListElement":[{"@type":"ListItem","position":1,"name":"Accueil","item":"https:\/\/www.lesgrottesdesaintcezaire.fr\/blog\/"},{"@type":"ListItem","position":2,"name":"Depuis dix ans, en Gironde, ces m\u00e9c\u00e8nes donnent une seconde vie au patrimoine \u00ab qui n&rsquo;int\u00e9resse plus grand monde \u00bb"}]},{"@type":"WebSite","@id":"https:\/\/www.lesgrottesdesaintcezaire.fr\/blog\/#website","url":"https:\/\/www.lesgrottesdesaintcezaire.fr\/blog\/","name":"LESGROTTESDESAINTCEZAIRE","description":"Patrimoine: Le site de r\u00e9f\u00e9rence.","publisher":{"@id":"https:\/\/www.lesgrottesdesaintcezaire.fr\/blog\/#organization"},"potentialAction":[{"@type":"SearchAction","target":{"@type":"EntryPoint","urlTemplate":"https:\/\/www.lesgrottesdesaintcezaire.fr\/blog\/?s={search_term_string}"},"query-input":{"@type":"PropertyValueSpecification","valueRequired":true,"valueName":"search_term_string"}}],"inLanguage":"fr-FR"},{"@type":"Organization","@id":"https:\/\/www.lesgrottesdesaintcezaire.fr\/blog\/#organization","name":"lesgrottesdesaintcezaire","url":"https:\/\/www.lesgrottesdesaintcezaire.fr\/blog\/","logo":{"@type":"ImageObject","inLanguage":"fr-FR","@id":"https:\/\/www.lesgrottesdesaintcezaire.fr\/blog\/#\/schema\/logo\/image\/","url":"https:\/\/www.lesgrottesdesaintcezaire.fr\/blog\/wp-content\/uploads\/2022\/05\/logo-2.png","contentUrl":"https:\/\/www.lesgrottesdesaintcezaire.fr\/blog\/wp-content\/uploads\/2022\/05\/logo-2.png","width":150,"height":209,"caption":"lesgrottesdesaintcezaire"},"image":{"@id":"https:\/\/www.lesgrottesdesaintcezaire.fr\/blog\/#\/schema\/logo\/image\/"}},{"@type":"Person","@id":"https:\/\/www.lesgrottesdesaintcezaire.fr\/blog\/#\/schema\/person\/23d9a2ac249ecb9460a4ebce885adb9b","name":"Fabienne MOUTON","image":{"@type":"ImageObject","inLanguage":"fr-FR","@id":"https:\/\/secure.gravatar.com\/avatar\/856d7a14385bb0216de9c5cf9fb1160ddbd11c00be5bb16cfe389b9971309649?s=96&d=mm&r=g","url":"https:\/\/secure.gravatar.com\/avatar\/856d7a14385bb0216de9c5cf9fb1160ddbd11c00be5bb16cfe389b9971309649?s=96&d=mm&r=g","contentUrl":"https:\/\/secure.gravatar.com\/avatar\/856d7a14385bb0216de9c5cf9fb1160ddbd11c00be5bb16cfe389b9971309649?s=96&d=mm&r=g","caption":"Fabienne MOUTON"},"url":"https:\/\/www.lesgrottesdesaintcezaire.fr\/blog\/author\/irefabienne\/"}]}},"_links":{"self":[{"href":"https:\/\/www.lesgrottesdesaintcezaire.fr\/blog\/wp-json\/wp\/v2\/posts\/754","targetHints":{"allow":["GET"]}}],"collection":[{"href":"https:\/\/www.lesgrottesdesaintcezaire.fr\/blog\/wp-json\/wp\/v2\/posts"}],"about":[{"href":"https:\/\/www.lesgrottesdesaintcezaire.fr\/blog\/wp-json\/wp\/v2\/types\/post"}],"author":[{"embeddable":true,"href":"https:\/\/www.lesgrottesdesaintcezaire.fr\/blog\/wp-json\/wp\/v2\/users\/3"}],"replies":[{"embeddable":true,"href":"https:\/\/www.lesgrottesdesaintcezaire.fr\/blog\/wp-json\/wp\/v2\/comments?post=754"}],"version-history":[{"count":0,"href":"https:\/\/www.lesgrottesdesaintcezaire.fr\/blog\/wp-json\/wp\/v2\/posts\/754\/revisions"}],"wp:attachment":[{"href":"https:\/\/www.lesgrottesdesaintcezaire.fr\/blog\/wp-json\/wp\/v2\/media?parent=754"}],"wp:term":[{"taxonomy":"category","embeddable":true,"href":"https:\/\/www.lesgrottesdesaintcezaire.fr\/blog\/wp-json\/wp\/v2\/categories?post=754"},{"taxonomy":"post_tag","embeddable":true,"href":"https:\/\/www.lesgrottesdesaintcezaire.fr\/blog\/wp-json\/wp\/v2\/tags?post=754"}],"curies":[{"name":"wp","href":"https:\/\/api.w.org\/{rel}","templated":true}]}}