{"id":781,"date":"2025-04-12T15:03:32","date_gmt":"2025-04-12T13:03:32","guid":{"rendered":"https:\/\/www.lesgrottesdesaintcezaire.fr\/blog\/protestes-pro-palestiniens-tenues-dans-tout-le-pakistan\/"},"modified":"2025-04-12T15:03:32","modified_gmt":"2025-04-12T13:03:32","slug":"protestes-pro-palestiniens-tenues-dans-tout-le-pakistan","status":"publish","type":"post","link":"https:\/\/www.lesgrottesdesaintcezaire.fr\/blog\/protestes-pro-palestiniens-tenues-dans-tout-le-pakistan\/","title":{"rendered":"Protestes pro-palestiniens tenues dans tout le Pakistan"},"content":{"rendered":"<div><img width=\"580\" height=\"326\" src=\"https:\/\/www.lesgrottesdesaintcezaire.fr\/blog\/wp-content\/uploads\/2025\/04\/Les-manifestants-ciblent-les-chaines-de-restauration-rapide-aux-Etats-Unis-1024x575-1.jpg\" class=\"attachment-large size-large wp-post-image\" alt=\"Les-manifestants-ciblent-les-chaines-de-restauration-rapide-aux-Etats-Unis\" style=\"float:left; margin:0 15px 15px 0;\" decoding=\"async\" srcset=\"https:\/\/www.lesgrottesdesaintcezaire.fr\/blog\/wp-content\/uploads\/2025\/04\/Les-manifestants-ciblent-les-chaines-de-restauration-rapide-aux-Etats-Unis-1024x575-1.jpg 1024w, https:\/\/www.site.cdcl.xyz\/wp-content\/uploads\/2025\/04\/Les-manifestants-ciblent-les-chaines-de-restauration-rapide-aux-Etats-Unis-300x169.jpg 300w, https:\/\/www.site.cdcl.xyz\/wp-content\/uploads\/2025\/04\/Les-manifestants-ciblent-les-chaines-de-restauration-rapide-aux-Etats-Unis-768x431.jpg 768w, https:\/\/www.site.cdcl.xyz\/wp-content\/uploads\/2025\/04\/Les-manifestants-ciblent-les-chaines-de-restauration-rapide-aux-Etats-Unis-1536x863.jpg 1536w, https:\/\/www.site.cdcl.xyz\/wp-content\/uploads\/2025\/04\/Les-manifestants-ciblent-les-chaines-de-restauration-rapide-aux-Etats-Unis-2048x1150.jpg 2048w, https:\/\/www.site.cdcl.xyz\/wp-content\/uploads\/2025\/04\/Les-manifestants-ciblent-les-chaines-de-restauration-rapide-aux-Etats-Unis-1200x674.jpg 1200w, https:\/\/www.site.cdcl.xyz\/wp-content\/uploads\/2025\/04\/Les-manifestants-ciblent-les-chaines-de-restauration-rapide-aux-Etats-Unis-1980x1112.jpg 1980w\" sizes=\"(max-width: 580px) 100vw, 580px\"><\/p>\n<p><img decoding=\"async\" src=\"https:\/\/www.lesgrottesdesaintcezaire.fr\/blog\/wp-content\/uploads\/2025\/04\/Les-manifestants-ciblent-les-chaines-de-restauration-rapide-aux-Etats-Unis.jpg\"><\/p>\n<div>\n<p>Vendredi, le Pakistan a \u00e9t\u00e9 t\u00e9moin de manifestations g\u00e9n\u00e9ralis\u00e9es dans les grandes villes alors que les citoyens se rassemblaient pour exprimer leur solidarit\u00e9 avec le peuple palestinien et condamner le conflit en cours \u00e0 Gaza. Les partis politiques et les organisations de la soci\u00e9t\u00e9 civile de divers horizons ont particip\u00e9 aux manifestations.<\/p>\n<p>\u00c0 Lahore, la capitale du Punjab, un grand rassemblement sous le nom de Gaza vous appelle a \u00e9t\u00e9 d\u00e9tenu apr\u00e8s les pri\u00e8res de vendredi. Le cort\u00e8ge, qui a commenc\u00e9 \u00e0 Mall Road et est pass\u00e9 par Nasir Bagh, a \u00e9t\u00e9 dirig\u00e9 par Naeem-Ur-Rehman, chef du Parti Jamaat-e-Islami Pakistan.<\/p>\n<p>Plus t\u00f4t cette semaine, Jamaat-e-Islami a organis\u00e9 une manifestation similaire, marchant de Mall Road au consulat am\u00e9ricain \u00e0 Lahore.<\/p>\n<p>S&rsquo;exprimant lors du rassemblement, Naeem-Ur-Rehman a fortement critiqu\u00e9 ce qu&rsquo;il a d\u00e9crit comme \u00abla violence continue contre les Palestiniens\u00bb et a exhort\u00e9 la communaut\u00e9 internationale \u00e0 rompre son silence. Il a \u00e9galement appel\u00e9 les pays \u00e0 majorit\u00e9 musulmane \u00e0 adopter une position unifi\u00e9e en r\u00e9ponse \u00e0 la situation \u00e0 Gaza.<\/p>\n<p>Il a \u00e9galement exprim\u00e9 son inqui\u00e9tude concernant les informations selon lesquelles l&rsquo;activit\u00e9 des m\u00e9dias sociaux critiquant les actions isra\u00e9liennes est surveill\u00e9e, y compris par les \u00c9tats-Unis.<\/p>\n<p>\u00c0 Peshawar, des rassemblements de protestations ont eu lieu \u00e0 plusieurs endroits vendredi pour exprimer leur solidarit\u00e9 avec les habitants de Gaza et pour condamner la violence en cours dans la r\u00e9gion.<\/p>\n<p>Organis\u00e9 par Jamaat-e-Islami et soutenu par divers groupes de la soci\u00e9t\u00e9 civile, les manifestations ont pr\u00e9sent\u00e9 des appels \u00e0 la paix et \u00e0 la justice. Les participants ont exprim\u00e9 leur inqui\u00e9tude face \u00e0 la situation humanitaire \u00e0 Gaza et ont appel\u00e9 \u00e0 un boycott des produits isra\u00e9liens comme un geste symbolique de protestation.<\/p>\n<p>Vendredi, une marche de sauvegarde de Gaza a eu lieu dans le centre commercial d&rsquo;Islamabad d&rsquo;Aabpara, organis\u00e9 par le front des \u00e9tudiants musulmans et le Pak Palestine Forum. En pr\u00e9vision de la manifestation, la Federal Capital Administration a plac\u00e9 des conteneurs et des barbel\u00e9s dans la r\u00e9gion, conduisant \u00e0 des inconv\u00e9nients pour les r\u00e9sidents locaux et les navetteurs.<\/p>\n<p>La d\u00e9monstration a attir\u00e9 un grand nombre de citoyens exprimant sa solidarit\u00e9 avec le peuple palestinien, les participants appelant \u00e0 un boycott de produits isra\u00e9liens et d&rsquo;entit\u00e9s per\u00e7ues pour soutenir Isra\u00ebl.<\/p>\n<p>Les orateurs ont \u00e9galement exhort\u00e9 le gouvernement \u00e0 reconsid\u00e9rer ses liens diplomatiques, y compris les appels \u00e0 l&rsquo;expulsion de l&rsquo;ambassadeur am\u00e9ricain en r\u00e9ponse \u00e0 la position de Washington sur le conflit en cours.<\/p>\n<p>Jamaat-e-Islami a annonc\u00e9 une manifestation devant l&rsquo;ambassade des \u00c9tats-Unis \u00e0 Islamabad le 20 avril.<\/p>\n<p>De plus, Jamaat-e-Islami et le parti Jamiat Ulema-e-Islam ont conduit conjointement un million de mars le 13 avril pour exprimer sa solidarit\u00e9 avec le peuple de la Palestine.<\/p>\n<p>Raja Muhammad Jawwad, membre du Conseil consultatif central de Jamaat-e-Islami, a d\u00e9clar\u00e9 \u00e0 la ligne des m\u00e9dias que son parti \u00ab\u00a0condamne fermement l&rsquo;utilisation continue et disproportionn\u00e9e de la force par les autorit\u00e9s isra\u00e9liennes \u00e0 Gaza, qui a entra\u00een\u00e9 une immense souffrance civile, y compris la perte tragique de vies innocentes.\u00a0\u00bb<\/p>\n<p>Il a ajout\u00e9 que \u00abla crise humanitaire qui se d\u00e9roule \u00e0 Gaza appelle \u00e0 une r\u00e9ponse imm\u00e9diate et coordonn\u00e9e de la communaut\u00e9 internationale. Les principes de paix, de justice et de droits de l&rsquo;homme doivent \u00eatre maintenus sans plus tarder.\u00bb<\/p>\n<p>Jawwad a exhort\u00e9 les institutions mondiales, notamment les Nations Unies, l&rsquo;organisation de la coop\u00e9ration islamique et d&rsquo;autres parties prenantes r\u00e9gionales, \u00e0 prendre des mesures significatives et pratiques pour aider \u00e0 mettre fin \u00e0 la violence et \u00e0 assurer la protection des civils conform\u00e9ment au droit international humanitaire. Il a en outre not\u00e9 que les avenues diplomatiques, politiques et \u00e9conomiques devraient \u00eatre utilis\u00e9es pour encourager la responsabilit\u00e9 et travailler vers une r\u00e9solution juste et durable au conflit en cours.<\/p>\n<p>Pendant ce temps, au cours des trois derniers jours, trois prises de poulet frit du Kentucky et une succursale de pizza Domino \u00e0 Karachi ont \u00e9t\u00e9 cibl\u00e9es par des individus non identifi\u00e9s, entra\u00eenant des dommages mat\u00e9riels mais aucune blessure signal\u00e9e. Selon la police, les incidents semblent \u00eatre li\u00e9s \u00e0 l&rsquo;indignation du public face au conflit en cours \u00e0 Gaza.<\/p>\n<p>Depuis le d\u00e9but du dernier conflit \u00e0 Gaza en octobre 2023, plusieurs marques occidentales ont \u00e9t\u00e9 examin\u00e9es dans divers pays \u00e0 majorit\u00e9 musulmane au milieu d&rsquo;appels croissants \u00e0 boycotts. Ces campagnes, souvent align\u00e9es sur les objectifs du mouvement de boycott, de d\u00e9sinvestissement, de sanctions (BDS) \u2013 une initiative mondiale dirig\u00e9e par les Palestiniens plaidant pour des mesures non violentes pour exhorter le respect d&rsquo;Isra\u00ebl avec le droit international \u2013 se concentrer sur les entit\u00e9s per\u00e7ues pour avoir des liens \u00e9conomiques avec Isra\u00ebl ou ses militaires.<\/p>\n<p>Bien qu&rsquo;il ne soit pas officiellement r\u00e9pertori\u00e9 par la campagne BDS, KFC a suscit\u00e9 des critiques de certains groupes pro-palestiniens et des individus qui croient que sa pr\u00e9sence en Isra\u00ebl peut indirectement soutenir le conflit en cours.<\/p>\n<\/div>\n<p>Parutions:<\/p>\n<p>{{Link.,<a href=\"https:\/\/www.site.cdcl.xyz\/2025\/04\/12\/protestes-pro-palestiniens-tenues-dans-tout-le-pakistan\/URL\" target=\"_blank\" rel=\"noopener noreferrer nofollow\">Le post d\u2019actualit\u00e9.<\/a><span><\/span>}<br \/>\n|{B\u00e2timent restaur\u00e9 par Eug\u00e8ne Viollet-le-Duc.,<a href=\"https:\/\/www.site.cdcl.xyz\/wiki\/Cat%C3%A9gorie:B%C3%A2timent_restaur%C3%A9_par_Eug%C3%A8ne_Viollet-le-Duc\" target=\"_blank\" rel=\"noopener noreferrer nofollow\">Le texte de l\u2019article.<\/a><span><\/span>}<br \/>\n|{B\u00e2timent restaur\u00e9 par F\u00e9lix Duban.,<a href=\"https:\/\/www.site.cdcl.xyz\/wiki\/Cat%C3%A9gorie:B%C3%A2timent_restaur%C3%A9_par_F%C3%A9lix_Duban\" target=\"_blank\" rel=\"noopener noreferrer nofollow\">L\u2019article de presse.<\/a><span><\/span>}<br \/>\n|{B\u00e2timent restaur\u00e9 par Jean-Baptiste Lassus.,<a href=\"https:\/\/www.site.cdcl.xyz\/wiki\/Cat%C3%A9gorie:B%C3%A2timent_restaur%C3%A9_par_Jean-Baptiste_Lassus\" target=\"_blank\" rel=\"noopener noreferrer nofollow\">L\u2019article de presse.<\/a><span><\/span>. Suite sur le prochain article.}<br \/>\n|{Bien culturel folklorique important de la Cor\u00e9e du Sud.,<a href=\"https:\/\/www.site.cdcl.xyz\/wiki\/Cat%C3%A9gorie:Bien_culturel_folklorique_important_de_la_Cor%C3%A9e_du_Sud\" target=\"_blank\" rel=\"noopener noreferrer nofollow\">Cliquer ICI.<\/a><span><\/span>}<br \/>\n|{Organisme \u00e0 d\u00e9couvrir GCI.,<a href=\"http:\/\/aata.getty.edu\/Home\" target=\"_blank\" rel=\"noopener noreferrer nofollow\">Ici.<\/a><span><\/span>}<br \/>\n|{Du CICRP \u2013 Centre interr\u00e9gional de conservation et restauration du patrimoine.,<a href=\"http:\/\/cicrp.info\/fiches-pratiques\/\" target=\"_blank\" rel=\"noopener noreferrer nofollow\">L\u2019article ICI.<\/a><span><\/span>}<br \/>\n|{Organisme \u00e0 d\u00e9couvrir COol .,<a href=\"http:\/\/cool.conservation-us.org\/\" target=\"_blank\" rel=\"noopener noreferrer nofollow\">L\u2019article ICI.<\/a><span><\/span>}<br \/>\n|{Le Corpus Vitrearum International .,<a href=\"http:\/\/cvi.cvma-freiburg.de\/\" target=\"_blank\" rel=\"noopener noreferrer nofollow\">Le texte de l\u2019article.<\/a><span><\/span>. Suite sur le prochain article.}<br \/>\n|{E-conservation Journal .,<a href=\"http:\/\/e-conservation.org\/\" target=\"_blank\" rel=\"noopener noreferrer nofollow\">Le post d\u2019actualit\u00e9.<\/a><span><\/span>. Suite sur le prochain article.}<br \/>\n|{Organisme \u00e0 d\u00e9couvrir ICOM .,<a href=\"http:\/\/icom.museum\/que-faisons-nous\/ressources\/bibliographies\/L\/2.html\" target=\"_blank\" rel=\"noopener noreferrer nofollow\">Le dossier.<\/a><span><\/span>}<br \/>\n|{In Situ. Revue des patrimoines.,<a href=\"http:\/\/insitu.revues.org\/\" target=\"_blank\" rel=\"noopener noreferrer nofollow\">Article complet.<\/a><span><\/span>}<br \/>\n|{Organisme \u00e0 d\u00e9couvrir INP.,<a href=\"http:\/\/mediatheque-numerique.inp.fr\/\" target=\"_blank\" rel=\"noopener noreferrer nofollow\">Cliquer ICI.<\/a><span><\/span>. Suite sur le prochain article.}<br \/>\n|{De la Biblioth\u00e8que nationale de France.,<a href=\"http:\/\/www.bnf.fr\/fr\/professionnels\/conservation_fiches_pratiques\/s.conservation_fiches_prevention.html\" target=\"_blank\" rel=\"noopener noreferrer nofollow\">Le post d\u2019actualit\u00e9.<\/a><span><\/span>}<br \/>\n|{CeROArt\u00a0.,<a href=\"http:\/\/www.ceroart.org\/\" target=\"_blank\" rel=\"noopener noreferrer nofollow\">Article complet.<\/a><span><\/span>}<br \/>\n|{Le Journal of Film Preservation.,<a href=\"http:\/\/www.fiafnet.org\/fr\/publications\/fep_journal.html\" target=\"_blank\" rel=\"noopener noreferrer nofollow\">Le texte de l\u2019article.<\/a><span><\/span>}<br \/>\n|{Getty conservation Institute.,<a href=\"http:\/\/www.getty.edu\/search\/publications\" target=\"_blank\" rel=\"noopener noreferrer nofollow\">L\u2019article ICI.<\/a><span><\/span>}<br \/>\n|{Organisme \u00e0 d\u00e9couvrir ICOMOS.,<a href=\"http:\/\/www.international.icomos.org\/fr\/centre-de-documentation\" target=\"_blank\" rel=\"noopener noreferrer nofollow\">Ici.<\/a><span><\/span>. Suite sur le prochain article.}<br \/>\n|{Organisme \u00e0 d\u00e9couvrir \u00a0OCIM.,<a href=\"http:\/\/www.ocim.fr\/bibliographie\/\" target=\"_blank\" rel=\"noopener noreferrer nofollow\">Le post d\u2019actualit\u00e9.<\/a><span><\/span>}<br \/>\n|{Les Insectes mus\u00e9ophages del\u2019OCIM \u2013 Office de coop\u00e9ration et d\u2019information mus\u00e9ales.,<a href=\"http:\/\/www.ocim.fr\/repertoires\/insectes\/\" target=\"_blank\" rel=\"noopener noreferrer nofollow\">Ici.<\/a><span><\/span>}<br \/>\n|{Du C2RMF \u2013 Centre de recherche et de restauration des mus\u00e9es de France.,<a href=\"https:\/\/c2rmf.fr\/fiches-techniques-0\" target=\"_blank\" rel=\"noopener noreferrer nofollow\">Le post d\u2019actualit\u00e9.<\/a><span><\/span>}<br \/>\n|{Guide pratique pour le marquage d\u2019identification des biens culturels \u2013 C2RMF.,<a href=\"https:\/\/c2rmf.fr\/sites\/c2rmf\/files\/guide_pratique_pour_le_marquage_2015.pdf\" target=\"_blank\" rel=\"noopener noreferrer nofollow\">Le texte de l\u2019article.<\/a><span><\/span>}<br \/>\n|{Vade-mecum de la conservation pr\u00e9ventive \u2013 C2RMF.,<a href=\"https:\/\/c2rmf.fr\/sites\/c2rmf\/files\/vademecum_cc.pdf\" target=\"_blank\" rel=\"noopener noreferrer nofollow\">Le post d\u2019actualit\u00e9.<\/a><span><\/span>. Suite sur le prochain article.}<br \/>\n|{La conservation des objets mobiliers dans les \u00e9glises : outil d\u2019auto-\u00e9valuation.,<a href=\"https:\/\/culture.gouv.fr\/Media\/Thematiques\/Circulation-des-biens-culturels\/Files\/Ressources-doc-Guides-et-procedures\/Guide-La-conservation-des-objets-mobiliers-dans-les-eglises-2004\" target=\"_blank\" rel=\"noopener noreferrer nofollow\">A lire ici.<\/a><span><\/span>}<br \/>\n|{M\u00e9tiers de la restauration du patrimoine, statuts, conditions d\u2019exercice et fiscalit\u00e9, fiche pratique MC, 2018.,<a href=\"https:\/\/culture.gouv.fr\/Media\/Thematiques\/Conservation-restauration\/Fichiers\/Fiches-pratiques-manuels-et-revues\/Fiche-metiers-de-la-restauration-2019\" target=\"_blank\" rel=\"noopener noreferrer nofollow\">Le texte de l\u2019article.<\/a><span><\/span>. Suite sur le prochain article.}<br \/>\n|{S\u00e9curit\u00e9 des biens culturels, de la pr\u00e9vention du vol \u00e0 la restitution de l\u2019objet vol\u00e9.,<a href=\"https:\/\/culture.gouv.fr\/Media\/Thematiques\/Conservation-restauration\/Fichiers\/Fiches-pratiques-manuels-et-revues\/Securite-des-biens-culturels-de-la-prevention-du-vol-a-la-restitution-de-l-objet-vole\" target=\"_blank\" rel=\"noopener noreferrer nofollow\">Ici.<\/a><span><\/span>}<br \/>\n|{Petit Guide \u00e0 l\u2019usage des personnes souhaitant entretenir une s\u00e9pulture.,<a href=\"https:\/\/culture.gouv.fr\/Media\/Thematiques\/Conservation-restauration\/Fichiers\/Ressources-documentaires\/entretenir-une-sepulture\" target=\"_blank\" rel=\"noopener noreferrer nofollow\">Le dossier.<\/a><span><\/span>}<br \/>\n|{Rescuing the Hidden European Wooden Churches Heritage : an international methodology for implementing a database for restoration projects.,<a href=\"https:\/\/culture.gouv.fr\/Media\/Thematiques\/Conservation-restauration\/Fichiers\/Ressources-documentaires\/hiddenchurches\" target=\"_blank\" rel=\"noopener noreferrer nofollow\">Le texte de l\u2019article.<\/a><span><\/span>}<br \/>\n|{Guides de ma\u00eetrise d\u2019ouvrage et de ma\u00eetrise d\u2019\u0153uvre \u2013 Monuments historiques.,<a href=\"https:\/\/culture.gouv.fr\/Region\/Drac-Auvergne-Rhone-Alpes\/Demarches-aides\/Demarches-et-conseils-patrimoine-urbanisme-qualite-architecturale\/Guides-pratiques-travaux-sur-monuments-historiques\" target=\"_blank\" rel=\"noopener noreferrer nofollow\">Le dossier.<\/a><span><\/span>}<br \/>\n|{Charte de Venise.,<a href=\"https:\/\/fr.wikipedia.org\/wiki\/Charte_de_Venise\" target=\"_blank\" rel=\"noopener noreferrer nofollow\">Le texte de l\u2019article.<\/a><span><\/span>. Suite sur le prochain article.}<br \/>\n|{Charte de Washington.,<a href=\"https:\/\/fr.wikipedia.org\/wiki\/Charte_de_Washington\" target=\"_blank\" rel=\"noopener noreferrer nofollow\">Le texte de l\u2019article.<\/a><span><\/span>}<br \/>\n|{CIDOC Conceptual Reference Model.,<a href=\"https:\/\/fr.wikipedia.org\/wiki\/CIDOC_Conceptual_Reference_Model\" target=\"_blank\" rel=\"noopener noreferrer nofollow\">L\u2019article de presse.<\/a><span><\/span>. Suite sur le prochain article.}<br \/>\n|{Club pour le vieux Prague.,<a href=\"https:\/\/fr.wikipedia.org\/wiki\/Club_pour_le_vieux_Prague\" target=\"_blank\" rel=\"noopener noreferrer nofollow\">A lire ici.<\/a><span><\/span>}<br \/>\n|{Code du patrimoine.,<a href=\"https:\/\/fr.wikipedia.org\/wiki\/Code_du_patrimoine\" target=\"_blank\" rel=\"noopener noreferrer nofollow\">Le texte de l\u2019article.<\/a><span><\/span>. Suite sur le prochain article.}<br \/>\n|{Collection Patrimoine culturel des pays francophones.,<a href=\"https:\/\/fr.wikipedia.org\/wiki\/Collection_Patrimoine_culturel_des_pays_francophones\" target=\"_blank\" rel=\"noopener noreferrer nofollow\">Cliquer ICI.<\/a><span><\/span>}<br \/>\n|{Conservation architecturale.,<a href=\"https:\/\/fr.wikipedia.org\/wiki\/Conservation_architecturale\" target=\"_blank\" rel=\"noopener noreferrer nofollow\">Cliquer ICI.<\/a><span><\/span>}<br \/>\n|{Conservation pr\u00e9ventive.,<a href=\"https:\/\/fr.wikipedia.org\/wiki\/Conservation_pr%C3%A9ventive\" target=\"_blank\" rel=\"noopener noreferrer nofollow\">Article complet.<\/a><span><\/span>}<br \/>\n|{Convention sur la protection du patrimoine culturel subaquatique.,<a href=\"https:\/\/fr.wikipedia.org\/wiki\/Convention_sur_la_protection_du_patrimoine_culturel_subaquatique\" target=\"_blank\" rel=\"noopener noreferrer nofollow\">Le dossier.<\/a><span><\/span>}<br \/>\n|{Din l-Art \u0126elwa.,<a href=\"https:\/\/fr.wikipedia.org\/wiki\/Din_l-Art_%C4%A6elwa\" target=\"_blank\" rel=\"noopener noreferrer nofollow\">Le post d\u2019actualit\u00e9.<\/a><span><\/span>}<br \/>\n|{Docomomo International.,<a href=\"https:\/\/fr.wikipedia.org\/wiki\/Docomomo_International\" target=\"_blank\" rel=\"noopener noreferrer nofollow\">L\u2019article de presse.<\/a><span><\/span>. Suite sur le prochain article.}<br \/>\n|{Doctrines et techniques de conservation \u2013 restauration.,<a href=\"https:\/\/fr.wikipedia.org\/wiki\/Doctrines_et_techniques_de_conservation_-_restauration\" target=\"_blank\" rel=\"noopener noreferrer nofollow\">Le post d\u2019actualit\u00e9.<\/a><span><\/span>}<br \/>\n|{Document de Nara sur l\u2019authenticit\u00e9.,<a href=\"https:\/\/fr.wikipedia.org\/wiki\/Document_de_Nara_sur_l%27authenticit%C3%A9\" target=\"_blank\" rel=\"noopener noreferrer nofollow\">L\u2019article ICI.<\/a><span><\/span>. Suite sur le prochain article.}<br \/>\n|{Fa\u00e7adisme.,<a href=\"https:\/\/fr.wikipedia.org\/wiki\/Fa%C3%A7adisme\" target=\"_blank\" rel=\"noopener noreferrer nofollow\">Article complet.<\/a><span><\/span>. Suite sur le prochain article.}<br \/>\n|{Fondation du patrimoine.,<a href=\"https:\/\/fr.wikipedia.org\/wiki\/Fondation_du_patrimoine\" target=\"_blank\" rel=\"noopener noreferrer nofollow\">Cliquer ICI.<\/a><span><\/span>}<br \/>\n|{Fondation Mansart.,<a href=\"https:\/\/fr.wikipedia.org\/wiki\/Fondation_Mansart\" target=\"_blank\" rel=\"noopener noreferrer nofollow\">A lire ici.<\/a><span><\/span>}<br \/>\n|{Ieni-Kale.,<a href=\"https:\/\/fr.wikipedia.org\/wiki\/Ieni-Kale\" target=\"_blank\" rel=\"noopener noreferrer nofollow\">L\u2019article de presse.<\/a><span><\/span>. Suite sur le prochain article.}<br \/>\n|{In situ (conservation du patrimoine).,<a href=\"https:\/\/fr.wikipedia.org\/wiki\/In_situ_(conservation_du_patrimoine)\" target=\"_blank\" rel=\"noopener noreferrer nofollow\">Ici.<\/a><span><\/span>. Suite sur le prochain article.}<br \/>\n|{Injection de coulis de liant dans les ma\u00e7onneries.,<a href=\"https:\/\/fr.wikipedia.org\/wiki\/Injection_de_coulis_de_liant_dans_les_ma%C3%A7onneries\" target=\"_blank\" rel=\"noopener noreferrer nofollow\">Le texte de l\u2019article.<\/a><span><\/span>. Suite sur le prochain article.}<br \/>\n|{Jacques Harmand.,<a href=\"https:\/\/fr.wikipedia.org\/wiki\/Jacques_Harmand\" target=\"_blank\" rel=\"noopener noreferrer nofollow\">Le texte de l\u2019article.<\/a><span><\/span>}<br \/>\n|{La Tribune de l\u2019art.,<a href=\"https:\/\/fr.wikipedia.org\/wiki\/La_Tribune_de_l%27art\" target=\"_blank\" rel=\"noopener noreferrer nofollow\">Cliquer ICI.<\/a><span><\/span>}<br \/>\n|{Nisso Pelossof.,<a href=\"https:\/\/fr.wikipedia.org\/wiki\/Nisso_Pelossof\" target=\"_blank\" rel=\"noopener noreferrer nofollow\">Le texte de l\u2019article.<\/a><span><\/span>}<br \/>\n|{Palais Daming.,<a href=\"https:\/\/fr.wikipedia.org\/wiki\/Palais_Daming\" target=\"_blank\" rel=\"noopener noreferrer nofollow\">Ici.<\/a><span><\/span>}<br \/>\n|{Paris historique.,<a href=\"https:\/\/fr.wikipedia.org\/wiki\/Paris_historique\" target=\"_blank\" rel=\"noopener noreferrer nofollow\">Ici.<\/a><span><\/span>}<br \/>\n|{Patrimoine d\u2019int\u00e9r\u00eat r\u00e9gional.,<a href=\"https:\/\/fr.wikipedia.org\/wiki\/Patrimoine_d%27int%C3%A9r%C3%AAt_r%C3%A9gional\" target=\"_blank\" rel=\"noopener noreferrer nofollow\">Le texte de l\u2019article.<\/a><span><\/span>. Suite sur le prochain article.}<br \/>\n|{Patrimoine sans fronti\u00e8res.,<a href=\"https:\/\/fr.wikipedia.org\/wiki\/Patrimoine_sans_fronti%C3%A8res\" target=\"_blank\" rel=\"noopener noreferrer nofollow\">Le dossier.<\/a><span><\/span>}<br \/>\n|{Patrimoine syrien pendant la guerre civile.,<a href=\"https:\/\/fr.wikipedia.org\/wiki\/Patrimoine_syrien_pendant_la_guerre_civile\" target=\"_blank\" rel=\"noopener noreferrer nofollow\">Ici.<\/a><span><\/span>}<br \/>\n|{Patrimoine syrien pendant la guerre civile.,<a href=\"https:\/\/fr.wikipedia.org\/wiki\/Patrimoine_syrien_pendant_la_guerre_civile\" target=\"_blank\" rel=\"noopener noreferrer nofollow\">Le dossier.<\/a><span><\/span>. Suite sur le prochain article.}<br \/>\n|{Patrimonialisation.,<a href=\"https:\/\/fr.wikipedia.org\/wiki\/Patrimonialisation\" target=\"_blank\" rel=\"noopener noreferrer nofollow\">Le texte de l\u2019article.<\/a><span><\/span>}<br \/>\n|{Patrimonialisation (homonymie).,<a href=\"https:\/\/fr.wikipedia.org\/wiki\/Patrimonialisation_(homonymie)\" target=\"_blank\" rel=\"noopener noreferrer nofollow\">Le texte de l\u2019article.<\/a><span><\/span>}<br \/>\n|{Pont de Gorica.,<a href=\"https:\/\/fr.wikipedia.org\/wiki\/Pont_de_Gorica\" target=\"_blank\" rel=\"noopener noreferrer nofollow\">Article complet.<\/a><span><\/span>. Suite sur le prochain article.}<br \/>\n|{Port d\u2019int\u00e9r\u00eat patrimonial.,<a href=\"https:\/\/fr.wikipedia.org\/wiki\/Port_d%27int%C3%A9r%C3%AAt_patrimonial\" target=\"_blank\" rel=\"noopener noreferrer nofollow\">L\u2019article de presse.<\/a><span><\/span>}<br \/>\n|{Prix du patrimoine culturel de l\u2019UE\/Concours Europa Nostra.,<a href=\"https:\/\/fr.wikipedia.org\/wiki\/Prix_du_patrimoine_culturel_de_l%E2%80%99UE\/Concours_Europa_Nostra\" target=\"_blank\" rel=\"noopener noreferrer nofollow\">L\u2019article ICI.<\/a><span><\/span>}<br \/>\n|{R\u00e9seau culturel Terre catalane.,<a href=\"https:\/\/fr.wikipedia.org\/wiki\/R%C3%A9seau_culturel_Terre_catalane\" target=\"_blank\" rel=\"noopener noreferrer nofollow\">L\u2019article ICI.<\/a><span><\/span>}<br \/>\n|{Red Tail Project.,<a href=\"https:\/\/fr.wikipedia.org\/wiki\/Red_Tail_Project\" target=\"_blank\" rel=\"noopener noreferrer nofollow\">L\u2019article ICI.<\/a><span><\/span>}<br \/>\n|{Registre patrimonial du Queensland.,<a href=\"https:\/\/fr.wikipedia.org\/wiki\/Registre_patrimonial_du_Queensland\" target=\"_blank\" rel=\"noopener noreferrer nofollow\">A lire ici.<\/a><span><\/span>}<br \/>\n|{Ren\u00e9 Dinkel.,<a href=\"https:\/\/fr.wikipedia.org\/wiki\/Ren%C3%A9_Dinkel\" target=\"_blank\" rel=\"noopener noreferrer nofollow\">Le dossier.<\/a><span><\/span>}<br \/>\n|{Renaissance du Lille Ancien.,<a href=\"https:\/\/fr.wikipedia.org\/wiki\/Renaissance_du_Lille_Ancien\" target=\"_blank\" rel=\"noopener noreferrer nofollow\">Le texte de l\u2019article.<\/a><span><\/span>}<br \/>\n|{Restauration de la composition murale de la Maison de la Radio \u00e0 Strasbourg.,<a href=\"https:\/\/fr.wikipedia.org\/wiki\/Restauration_de_la_composition_murale_de_la_Maison_de_la_Radio_%C3%A0_Strasbourg\" target=\"_blank\" rel=\"noopener noreferrer nofollow\">Le dossier.<\/a><span><\/span>}<br \/>\n|{Ruine.,<a href=\"https:\/\/fr.wikipedia.org\/wiki\/Ruine\" target=\"_blank\" rel=\"noopener noreferrer nofollow\">A lire ici.<\/a><span><\/span>}<br \/>\n|{Secteur sauvegard\u00e9 de Lille.,<a href=\"https:\/\/fr.wikipedia.org\/wiki\/Secteur_sauvegard%C3%A9_de_Lille\" target=\"_blank\" rel=\"noopener noreferrer nofollow\">Le post d\u2019actualit\u00e9.<\/a><span><\/span>}<br \/>\n|{Secteur sauvegard\u00e9 de Lille.,<a href=\"https:\/\/fr.wikipedia.org\/wiki\/Secteur_sauvegard%C3%A9_de_Lille\" target=\"_blank\" rel=\"noopener noreferrer nofollow\">Article complet.<\/a><span><\/span>}<br \/>\n|{Secteur sauvegard\u00e9 de Sedan.,<a href=\"https:\/\/fr.wikipedia.org\/wiki\/Secteur_sauvegard%C3%A9_de_Sedan\" target=\"_blank\" rel=\"noopener noreferrer nofollow\">Le texte de l\u2019article.<\/a><span><\/span>}<br \/>\n|{Secteur sauvegard\u00e9 de Sedan.,<a href=\"https:\/\/fr.wikipedia.org\/wiki\/Secteur_sauvegard%C3%A9_de_Sedan\" target=\"_blank\" rel=\"noopener noreferrer nofollow\">Article complet.<\/a><span><\/span>}<br \/>\n|{Sites culturels construits d\u2019int\u00e9r\u00eat national en Finlande.,<a href=\"https:\/\/fr.wikipedia.org\/wiki\/Sites_culturels_construits_d%27int%C3%A9r%C3%AAt_national_en_Finlande\" target=\"_blank\" rel=\"noopener noreferrer nofollow\">Le post d\u2019actualit\u00e9.<\/a><span><\/span>}<br \/>\n|{Sites culturels construits d\u2019int\u00e9r\u00eat national en Finlande.,<a href=\"https:\/\/fr.wikipedia.org\/wiki\/Sites_culturels_construits_d%27int%C3%A9r%C3%AAt_national_en_Finlande\" target=\"_blank\" rel=\"noopener noreferrer nofollow\">Le dossier.<\/a><span><\/span>}<br \/>\n|{Sites historiques et culturels majeurs prot\u00e9g\u00e9s au niveau national.,<a href=\"https:\/\/fr.wikipedia.org\/wiki\/Sites_historiques_et_culturels_majeurs_prot%C3%A9g%C3%A9s_au_niveau_national\" target=\"_blank\" rel=\"noopener noreferrer nofollow\">Le post d\u2019actualit\u00e9.<\/a><span><\/span>}<br \/>\n|{Sites historiques et culturels majeurs prot\u00e9g\u00e9s au niveau national.,<a href=\"https:\/\/fr.wikipedia.org\/wiki\/Sites_historiques_et_culturels_majeurs_prot%C3%A9g%C3%A9s_au_niveau_national\" target=\"_blank\" rel=\"noopener noreferrer nofollow\">Le dossier.<\/a><span><\/span>. Suite sur le prochain article.}<br \/>\n|{Sites historiques et culturels majeurs prot\u00e9g\u00e9s au niveau national (Gansu).,<a href=\"https:\/\/fr.wikipedia.org\/wiki\/Sites_historiques_et_culturels_majeurs_prot%C3%A9g%C3%A9s_au_niveau_national_(Gansu)\" target=\"_blank\" rel=\"noopener noreferrer nofollow\">Ici.<\/a><span><\/span>. Suite sur le prochain article.}<br \/>\n|{Sites historiques et culturels majeurs prot\u00e9g\u00e9s au niveau national (Gansu).,<a href=\"https:\/\/fr.wikipedia.org\/wiki\/Sites_historiques_et_culturels_majeurs_prot%C3%A9g%C3%A9s_au_niveau_national_(Gansu)\" target=\"_blank\" rel=\"noopener noreferrer nofollow\">A lire ici.<\/a><span><\/span>. Suite sur le prochain article.}<br \/>\n|{Sites historiques et culturels majeurs prot\u00e9g\u00e9s au niveau national (Hebei).,<a href=\"https:\/\/fr.wikipedia.org\/wiki\/Sites_historiques_et_culturels_majeurs_prot%C3%A9g%C3%A9s_au_niveau_national_(Hebei)\" target=\"_blank\" rel=\"noopener noreferrer nofollow\">L\u2019article de presse.<\/a><span><\/span>. Suite sur le prochain article.}<br \/>\n|{Sites historiques et culturels majeurs prot\u00e9g\u00e9s au niveau national (Hebei).,<a href=\"https:\/\/fr.wikipedia.org\/wiki\/Sites_historiques_et_culturels_majeurs_prot%C3%A9g%C3%A9s_au_niveau_national_(Hebei)\" target=\"_blank\" rel=\"noopener noreferrer nofollow\">Le dossier.<\/a><span><\/span>}<br \/>\n|{Sites historiques et culturels majeurs prot\u00e9g\u00e9s au niveau national (Heilongjiang).,<a href=\"https:\/\/fr.wikipedia.org\/wiki\/Sites_historiques_et_culturels_majeurs_prot%C3%A9g%C3%A9s_au_niveau_national_(Heilongjiang)\" target=\"_blank\" rel=\"noopener noreferrer nofollow\">Article complet.<\/a><span><\/span>}<br \/>\n|{Sites historiques et culturels majeurs prot\u00e9g\u00e9s au niveau national (Heilongjiang).,<a href=\"https:\/\/fr.wikipedia.org\/wiki\/Sites_historiques_et_culturels_majeurs_prot%C3%A9g%C3%A9s_au_niveau_national_(Heilongjiang)\" target=\"_blank\" rel=\"noopener noreferrer nofollow\">Le texte de l\u2019article.<\/a><span><\/span>}<br \/>\n|{Sites historiques et culturels majeurs prot\u00e9g\u00e9s au niveau national (Jiangxi).,<a href=\"https:\/\/fr.wikipedia.org\/wiki\/Sites_historiques_et_culturels_majeurs_prot%C3%A9g%C3%A9s_au_niveau_national_(Jiangxi)\" target=\"_blank\" rel=\"noopener noreferrer nofollow\">Le post d\u2019actualit\u00e9.<\/a><span><\/span>}<br \/>\n|{Sites historiques et culturels majeurs prot\u00e9g\u00e9s au niveau national (Jiangxi).,<a href=\"https:\/\/fr.wikipedia.org\/wiki\/Sites_historiques_et_culturels_majeurs_prot%C3%A9g%C3%A9s_au_niveau_national_(Jiangxi)\" target=\"_blank\" rel=\"noopener noreferrer nofollow\">L\u2019article ICI.<\/a><span><\/span>}<br \/>\n|{Sites historiques et culturels majeurs prot\u00e9g\u00e9s au niveau national (Liaoning).,<a href=\"https:\/\/fr.wikipedia.org\/wiki\/Sites_historiques_et_culturels_majeurs_prot%C3%A9g%C3%A9s_au_niveau_national_(Liaoning)\" target=\"_blank\" rel=\"noopener noreferrer nofollow\">Ici.<\/a><span><\/span>. Suite sur le prochain article.}<br \/>\n|{Sites historiques et culturels majeurs prot\u00e9g\u00e9s au niveau national (Liaoning).,<a href=\"https:\/\/fr.wikipedia.org\/wiki\/Sites_historiques_et_culturels_majeurs_prot%C3%A9g%C3%A9s_au_niveau_national_(Liaoning)\" target=\"_blank\" rel=\"noopener noreferrer nofollow\">Le post d\u2019actualit\u00e9.<\/a><span><\/span>. Suite sur le prochain article.}<br \/>\n|{Sites historiques et culturels majeurs prot\u00e9g\u00e9s au niveau national (Mongolie int\u00e9rieure).,<a href=\"https:\/\/fr.wikipedia.org\/wiki\/Sites_historiques_et_culturels_majeurs_prot%C3%A9g%C3%A9s_au_niveau_national_(Mongolie_int%C3%A9rieure)\" target=\"_blank\" rel=\"noopener noreferrer nofollow\">A lire ici.<\/a><span><\/span>}<br \/>\n|{Sites historiques et culturels majeurs prot\u00e9g\u00e9s au niveau national (Mongolie int\u00e9rieure).,<a href=\"https:\/\/fr.wikipedia.org\/wiki\/Sites_historiques_et_culturels_majeurs_prot%C3%A9g%C3%A9s_au_niveau_national_(Mongolie_int%C3%A9rieure)\" target=\"_blank\" rel=\"noopener noreferrer nofollow\">Le texte de l\u2019article.<\/a><span><\/span>. Suite sur le prochain article.}<br \/>\n|{Sites historiques et culturels majeurs prot\u00e9g\u00e9s au niveau national (Ningxia).,<a href=\"https:\/\/fr.wikipedia.org\/wiki\/Sites_historiques_et_culturels_majeurs_prot%C3%A9g%C3%A9s_au_niveau_national_(Ningxia)\" target=\"_blank\" rel=\"noopener noreferrer nofollow\">L\u2019article ICI.<\/a><span><\/span>}<br \/>\n|{Sites historiques et culturels majeurs prot\u00e9g\u00e9s au niveau national (Ningxia).,<a href=\"https:\/\/fr.wikipedia.org\/wiki\/Sites_historiques_et_culturels_majeurs_prot%C3%A9g%C3%A9s_au_niveau_national_(Ningxia)\" target=\"_blank\" rel=\"noopener noreferrer nofollow\">Article complet.<\/a><span><\/span>. Suite sur le prochain article.}<br \/>\n|{Sites historiques et culturels majeurs prot\u00e9g\u00e9s au niveau national (Shaanxi).,<a href=\"https:\/\/fr.wikipedia.org\/wiki\/Sites_historiques_et_culturels_majeurs_prot%C3%A9g%C3%A9s_au_niveau_national_(Shaanxi)\" target=\"_blank\" rel=\"noopener noreferrer nofollow\">Cliquer ICI.<\/a><span><\/span>. Suite sur le prochain article.}<br \/>\n|{Sites historiques et culturels majeurs prot\u00e9g\u00e9s au niveau national (Shaanxi).,<a href=\"https:\/\/fr.wikipedia.org\/wiki\/Sites_historiques_et_culturels_majeurs_prot%C3%A9g%C3%A9s_au_niveau_national_(Shaanxi)\" target=\"_blank\" rel=\"noopener noreferrer nofollow\">L\u2019article de presse.<\/a><span><\/span>}<br \/>\n|{Sites historiques et culturels majeurs prot\u00e9g\u00e9s au niveau national (Sichuan).,<a href=\"https:\/\/fr.wikipedia.org\/wiki\/Sites_historiques_et_culturels_majeurs_prot%C3%A9g%C3%A9s_au_niveau_national_(Sichuan)\" target=\"_blank\" rel=\"noopener noreferrer nofollow\">Ici.<\/a><span><\/span>. Suite sur le prochain article.}<br \/>\n|{Sites historiques et culturels majeurs prot\u00e9g\u00e9s au niveau national (Sichuan).,<a href=\"https:\/\/fr.wikipedia.org\/wiki\/Sites_historiques_et_culturels_majeurs_prot%C3%A9g%C3%A9s_au_niveau_national_(Sichuan)\" target=\"_blank\" rel=\"noopener noreferrer nofollow\">L\u2019article ICI.<\/a><span><\/span>. Suite sur le prochain article.}<br \/>\n|{Sites historiques et culturels majeurs prot\u00e9g\u00e9s au niveau national (Xinjiang).,<a href=\"https:\/\/fr.wikipedia.org\/wiki\/Sites_historiques_et_culturels_majeurs_prot%C3%A9g%C3%A9s_au_niveau_national_(Xinjiang)\" target=\"_blank\" rel=\"noopener noreferrer nofollow\">Le post d\u2019actualit\u00e9.<\/a><span><\/span>}<br \/>\n|{Sites historiques et culturels majeurs prot\u00e9g\u00e9s au niveau national (Xinjiang).,<a href=\"https:\/\/fr.wikipedia.org\/wiki\/Sites_historiques_et_culturels_majeurs_prot%C3%A9g%C3%A9s_au_niveau_national_(Xinjiang)\" target=\"_blank\" rel=\"noopener noreferrer nofollow\">Le texte de l\u2019article.<\/a><span><\/span>. Suite sur le prochain article.}<br \/>\n|{Sites historiques et culturels majeurs prot\u00e9g\u00e9s de la r\u00e9gion autonome du Tibet.,<a href=\"https:\/\/fr.wikipedia.org\/wiki\/Sites_historiques_et_culturels_majeurs_prot%C3%A9g%C3%A9s_de_la_r%C3%A9gion_autonome_du_Tibet\" target=\"_blank\" rel=\"noopener noreferrer nofollow\">Le dossier.<\/a><span><\/span>. Suite sur le prochain article.}<br \/>\n|{Sites historiques et culturels majeurs prot\u00e9g\u00e9s de la r\u00e9gion autonome du Tibet.,<a href=\"https:\/\/fr.wikipedia.org\/wiki\/Sites_historiques_et_culturels_majeurs_prot%C3%A9g%C3%A9s_de_la_r%C3%A9gion_autonome_du_Tibet\" target=\"_blank\" rel=\"noopener noreferrer nofollow\">A lire ici.<\/a><span><\/span>. Suite sur le prochain article.}<br \/>\n|{Soci\u00e9t\u00e9 Jersiaise.,<a href=\"https:\/\/fr.wikipedia.org\/wiki\/Soci%C3%A9t%C3%A9_Jersiaise\" target=\"_blank\" rel=\"noopener noreferrer nofollow\">Le dossier.<\/a><span><\/span>}<br \/>\n|{Soci\u00e9t\u00e9 Jersiaise.,<a href=\"https:\/\/fr.wikipedia.org\/wiki\/Soci%C3%A9t%C3%A9_Jersiaise\" target=\"_blank\" rel=\"noopener noreferrer nofollow\">Article complet.<\/a><span><\/span>}<br \/>\n|{Th\u00e9orie de la restauration.,<a href=\"https:\/\/fr.wikipedia.org\/wiki\/Th%C3%A9orie_de_la_restauration\" target=\"_blank\" rel=\"noopener noreferrer nofollow\">Article complet.<\/a><span><\/span>}<br \/>\n|{Tr\u00e9sor national (Japon).,<a href=\"https:\/\/fr.wikipedia.org\/wiki\/Tr%C3%A9sor_national_(Japon)\" target=\"_blank\" rel=\"noopener noreferrer nofollow\">L\u2019article de presse.<\/a><span><\/span>. Suite sur le prochain article.}<br \/>\n|{Web Journal on Cultural Patrimony.,<a href=\"https:\/\/fr.wikipedia.org\/wiki\/Web_Journal_on_Cultural_Patrimony\" target=\"_blank\" rel=\"noopener noreferrer nofollow\">L\u2019article ICI.<\/a><span><\/span>. Suite sur le prochain article.}<br \/>\n|{Whanganui.,<a href=\"https:\/\/fr.wikipedia.org\/wiki\/Whanganui\" target=\"_blank\" rel=\"noopener noreferrer nofollow\">Ici.<\/a><span><\/span>}<br \/>\n|{Wiki Loves Earth.,<a href=\"https:\/\/fr.wikipedia.org\/wiki\/Wiki_Loves_Earth\" target=\"_blank\" rel=\"noopener noreferrer nofollow\">A lire ici.<\/a><span><\/span>. Suite sur le prochain article.}<br \/>\n|{Wiki Loves Monuments.,<a href=\"https:\/\/fr.wikipedia.org\/wiki\/Wiki_Loves_Monuments\" target=\"_blank\" rel=\"noopener noreferrer nofollow\">L\u2019article de presse.<\/a><span><\/span>}<br \/>\n|{vitrail.,<a href=\"https:\/\/fr.wikipedia.orghttps\/\/fr.wikipedia.org\/wiki\/Vitrail\" target=\"_blank\" rel=\"noopener noreferrer nofollow\">L\u2019article de presse.<\/a><span><\/span>}<br \/>\n|{Les ICC Notes de l\u2019Institut canadien pour la conservation.,<a href=\"https:\/\/www.canada.ca\/fr\/institut-conservation\/services\/publications-conservation-preservation\/notes-institut-canadien-conservation.html\" target=\"_blank\" rel=\"noopener noreferrer nofollow\">L\u2019article ICI.<\/a><span><\/span>}<br \/>\n|{Centre de conservation du Qu\u00e9bec .,<a href=\"https:\/\/www.ccq.gouv.qc.ca\/index-id%3D84.html\" target=\"_blank\" rel=\"noopener noreferrer nofollow\">Cliquer ICI.<\/a><span><\/span>}<br \/>\n|{Monumental n\u00b022 Conservation, restauration, restauration, doctrines.,<a href=\"https:\/\/www.editions-du-patrimoine.fr\/Librairie\/Monumental\/Monumental-N-22-Conservation.-restauration-doctrines?pRelatedEditions=3\" target=\"_blank\" rel=\"noopener noreferrer nofollow\">A lire ici.<\/a><span><\/span>}<br \/>\n|{Ge-conservacion.,<a href=\"https:\/\/www.ge-iic.com\/ojs\/index.php\/revista\/issue\/archive\" target=\"_blank\" rel=\"noopener noreferrer nofollow\">Ici.<\/a><span><\/span>. Suite sur le prochain article.}<br \/>\n|{en ligne ici.,<a href=\"https:\/\/www.ifla.org\/resources\/?_sfm_resource_topic=1200820&amp;_sfm_resource_type=All\" target=\"_blank\" rel=\"noopener noreferrer nofollow\">Cliquer ICI.<\/a><span><\/span>}<br \/>\n|{News in Conservation.,<a href=\"https:\/\/www.iiconservation.org\/publications\/nic\" target=\"_blank\" rel=\"noopener noreferrer nofollow\">A lire ici.<\/a><span><\/span>}<br \/>\n|{Image permanence Institute.,<a href=\"https:\/\/www.imagepermanenceinstitute.org\/education\/publications.html\" target=\"_blank\" rel=\"noopener noreferrer nofollow\">A lire ici.<\/a><span><\/span>}<br \/>\n|{Les Preservation leaflets du NEDCC \u2013 Northeast document center.,<a href=\"https:\/\/www.nedcc.org\/free-resources\/preservation-leaflets\/overview\" target=\"_blank\" rel=\"noopener noreferrer nofollow\">Ici.<\/a><span><\/span>}<br \/>\n|{Conserve O Gram du National Park Service.,<a href=\"https:\/\/www.nps.gov\/museum\/publications\/conserveogram\/cons_toc.html\" target=\"_blank\" rel=\"noopener noreferrer nofollow\">Le dossier.<\/a><span><\/span>}<br \/>\n|{Petite histoire de la restauration des monuments historiques.,<a href=\"https:\/\/www.tourisme93.com\/petite-histoire-de-la-restauration-des-monuments-historiques.html\" target=\"_blank\" rel=\"noopener noreferrer nofollow\">Ici.<\/a><span><\/span>. Suite sur le prochain article.}<br \/>\n}<br \/>\n{{Link.,<a href=\"https:\/\/www.site.cdcl.xyz\/2025\/04\/12\/protestes-pro-palestiniens-tenues-dans-tout-le-pakistan\/URL\" target=\"_blank\" rel=\"noopener noreferrer nofollow\">A lire ici.<\/a><span><\/span>}<br \/>\n|{B\u00e2timent restaur\u00e9 par Eug\u00e8ne Viollet-le-Duc.,<a href=\"https:\/\/www.site.cdcl.xyz\/wiki\/Cat%C3%A9gorie:B%C3%A2timent_restaur%C3%A9_par_Eug%C3%A8ne_Viollet-le-Duc\" target=\"_blank\" rel=\"noopener noreferrer nofollow\">Le dossier.<\/a><span><\/span>}<br \/>\n|{B\u00e2timent restaur\u00e9 par F\u00e9lix Duban.,<a href=\"https:\/\/www.site.cdcl.xyz\/wiki\/Cat%C3%A9gorie:B%C3%A2timent_restaur%C3%A9_par_F%C3%A9lix_Duban\" target=\"_blank\" rel=\"noopener noreferrer nofollow\">L\u2019article ICI.<\/a><span><\/span>}<br \/>\n|{B\u00e2timent restaur\u00e9 par Jean-Baptiste Lassus.,<a href=\"https:\/\/www.site.cdcl.xyz\/wiki\/Cat%C3%A9gorie:B%C3%A2timent_restaur%C3%A9_par_Jean-Baptiste_Lassus\" target=\"_blank\" rel=\"noopener noreferrer nofollow\">L\u2019article ICI.<\/a><span><\/span>}<br \/>\n|{Bien culturel folklorique important de la Cor\u00e9e du Sud.,<a href=\"https:\/\/www.site.cdcl.xyz\/wiki\/Cat%C3%A9gorie:Bien_culturel_folklorique_important_de_la_Cor%C3%A9e_du_Sud\" target=\"_blank\" rel=\"noopener noreferrer nofollow\">Le dossier.<\/a><span><\/span>}<br \/>\n|{Organisme \u00e0 d\u00e9couvrir GCI.,<a href=\"http:\/\/aata.getty.edu\/Home\" target=\"_blank\" rel=\"noopener noreferrer nofollow\">Cliquer ICI.<\/a><span><\/span>}<br \/>\n|{Du CICRP \u2013 Centre interr\u00e9gional de conservation et restauration du patrimoine.,<a href=\"http:\/\/cicrp.info\/fiches-pratiques\/\" target=\"_blank\" rel=\"noopener noreferrer nofollow\">L\u2019article ICI.<\/a><span><\/span>}<br \/>\n|{Organisme \u00e0 d\u00e9couvrir COol .,<a href=\"http:\/\/cool.conservation-us.org\/\" target=\"_blank\" rel=\"noopener noreferrer nofollow\">A lire ici.<\/a><span><\/span>. Suite sur le prochain article.}<br \/>\n|{Le Corpus Vitrearum International .,<a href=\"http:\/\/cvi.cvma-freiburg.de\/\" target=\"_blank\" rel=\"noopener noreferrer nofollow\">A lire ici.<\/a><span><\/span>}<br \/>\n|{E-conservation Journal .,<a href=\"http:\/\/e-conservation.org\/\" target=\"_blank\" rel=\"noopener noreferrer nofollow\">Ici.<\/a><span><\/span>}<br \/>\n|{Organisme \u00e0 d\u00e9couvrir ICOM .,<a href=\"http:\/\/icom.museum\/que-faisons-nous\/ressources\/bibliographies\/L\/2.html\" target=\"_blank\" rel=\"noopener noreferrer nofollow\">L\u2019article ICI.<\/a><span><\/span>. Suite sur le prochain article.}<br \/>\n|{In Situ. Revue des patrimoines.,<a href=\"http:\/\/insitu.revues.org\/\" target=\"_blank\" rel=\"noopener noreferrer nofollow\">L\u2019article de presse.<\/a><span><\/span>}<br \/>\n|{Organisme \u00e0 d\u00e9couvrir INP.,<a href=\"http:\/\/mediatheque-numerique.inp.fr\/\" target=\"_blank\" rel=\"noopener noreferrer nofollow\">A lire ici.<\/a><span><\/span>. Suite sur le prochain article.}<br \/>\n|{De la Biblioth\u00e8que nationale de France.,<a href=\"http:\/\/www.bnf.fr\/fr\/professionnels\/conservation_fiches_pratiques\/s.conservation_fiches_prevention.html\" target=\"_blank\" rel=\"noopener noreferrer nofollow\">Ici.<\/a><span><\/span>}<br \/>\n|{CeROArt\u00a0.,<a href=\"http:\/\/www.ceroart.org\/\" target=\"_blank\" rel=\"noopener noreferrer nofollow\">Le post d\u2019actualit\u00e9.<\/a><span><\/span>}<br \/>\n|{Le Journal of Film Preservation.,<a href=\"http:\/\/www.fiafnet.org\/fr\/publications\/fep_journal.html\" target=\"_blank\" rel=\"noopener noreferrer nofollow\">Le dossier.<\/a><span><\/span>}<br \/>\n|{Getty conservation Institute.,<a href=\"http:\/\/www.getty.edu\/search\/publications\" target=\"_blank\" rel=\"noopener noreferrer nofollow\">Cliquer ICI.<\/a><span><\/span>}<br \/>\n|{Organisme \u00e0 d\u00e9couvrir ICOMOS.,<a href=\"http:\/\/www.international.icomos.org\/fr\/centre-de-documentation\" target=\"_blank\" rel=\"noopener noreferrer nofollow\">Le texte de l\u2019article.<\/a><span><\/span>}<br \/>\n|{Organisme \u00e0 d\u00e9couvrir \u00a0OCIM.,<a href=\"http:\/\/www.ocim.fr\/bibliographie\/\" target=\"_blank\" rel=\"noopener noreferrer nofollow\">Le dossier.<\/a><span><\/span>. Suite sur le prochain article.}<br \/>\n|{Les Insectes mus\u00e9ophages del\u2019OCIM \u2013 Office de coop\u00e9ration et d\u2019information mus\u00e9ales.,<a href=\"http:\/\/www.ocim.fr\/repertoires\/insectes\/\" target=\"_blank\" rel=\"noopener noreferrer nofollow\">Le texte de l\u2019article.<\/a><span><\/span>}<br \/>\n|{Du C2RMF \u2013 Centre de recherche et de restauration des mus\u00e9es de France.,<a href=\"https:\/\/c2rmf.fr\/fiches-techniques-0\" target=\"_blank\" rel=\"noopener noreferrer nofollow\">A lire ici.<\/a><span><\/span>}<br \/>\n|{Guide pratique pour le marquage d\u2019identification des biens culturels \u2013 C2RMF.,<a href=\"https:\/\/c2rmf.fr\/sites\/c2rmf\/files\/guide_pratique_pour_le_marquage_2015.pdf\" target=\"_blank\" rel=\"noopener noreferrer nofollow\">A lire ici.<\/a><span><\/span>}<br \/>\n|{Vade-mecum de la conservation pr\u00e9ventive \u2013 C2RMF.,<a href=\"https:\/\/c2rmf.fr\/sites\/c2rmf\/files\/vademecum_cc.pdf\" target=\"_blank\" rel=\"noopener noreferrer nofollow\">Le dossier.<\/a><span><\/span>. Suite sur le prochain article.}<br \/>\n|{La conservation des objets mobiliers dans les \u00e9glises : outil d\u2019auto-\u00e9valuation.,<a href=\"https:\/\/culture.gouv.fr\/Media\/Thematiques\/Circulation-des-biens-culturels\/Files\/Ressources-doc-Guides-et-procedures\/Guide-La-conservation-des-objets-mobiliers-dans-les-eglises-2004\" target=\"_blank\" rel=\"noopener noreferrer nofollow\">L\u2019article ICI.<\/a><span><\/span>}<br \/>\n|{M\u00e9tiers de la restauration du patrimoine, statuts, conditions d\u2019exercice et fiscalit\u00e9, fiche pratique MC, 2018.,<a href=\"https:\/\/culture.gouv.fr\/Media\/Thematiques\/Conservation-restauration\/Fichiers\/Fiches-pratiques-manuels-et-revues\/Fiche-metiers-de-la-restauration-2019\" target=\"_blank\" rel=\"noopener noreferrer nofollow\">A lire ici.<\/a><span><\/span>. Suite sur le prochain article.}<br \/>\n|{S\u00e9curit\u00e9 des biens culturels, de la pr\u00e9vention du vol \u00e0 la restitution de l\u2019objet vol\u00e9.,<a href=\"https:\/\/culture.gouv.fr\/Media\/Thematiques\/Conservation-restauration\/Fichiers\/Fiches-pratiques-manuels-et-revues\/Securite-des-biens-culturels-de-la-prevention-du-vol-a-la-restitution-de-l-objet-vole\" target=\"_blank\" rel=\"noopener noreferrer nofollow\">Le dossier.<\/a><span><\/span>}<br \/>\n|{Petit Guide \u00e0 l\u2019usage des personnes souhaitant entretenir une s\u00e9pulture.,<a href=\"https:\/\/culture.gouv.fr\/Media\/Thematiques\/Conservation-restauration\/Fichiers\/Ressources-documentaires\/entretenir-une-sepulture\" target=\"_blank\" rel=\"noopener noreferrer nofollow\">Cliquer ICI.<\/a><span><\/span>}<br \/>\n|{Rescuing the Hidden European Wooden Churches Heritage : an international methodology for implementing a database for restoration projects.,<a href=\"https:\/\/culture.gouv.fr\/Media\/Thematiques\/Conservation-restauration\/Fichiers\/Ressources-documentaires\/hiddenchurches\" target=\"_blank\" rel=\"noopener noreferrer nofollow\">Ici.<\/a><span><\/span>. Suite sur le prochain article.}<br \/>\n|{Guides de ma\u00eetrise d\u2019ouvrage et de ma\u00eetrise d\u2019\u0153uvre \u2013 Monuments historiques.,<a href=\"https:\/\/culture.gouv.fr\/Region\/Drac-Auvergne-Rhone-Alpes\/Demarches-aides\/Demarches-et-conseils-patrimoine-urbanisme-qualite-architecturale\/Guides-pratiques-travaux-sur-monuments-historiques\" target=\"_blank\" rel=\"noopener noreferrer nofollow\">L\u2019article de presse.<\/a><span><\/span>}<br \/>\n|{Charte de Venise.,<a href=\"https:\/\/fr.wikipedia.org\/wiki\/Charte_de_Venise\" target=\"_blank\" rel=\"noopener noreferrer nofollow\">A lire ici.<\/a><span><\/span>. Suite sur le prochain article.}<br \/>\n|{Charte de Washington.,<a href=\"https:\/\/fr.wikipedia.org\/wiki\/Charte_de_Washington\" target=\"_blank\" rel=\"noopener noreferrer nofollow\">Ici.<\/a><span><\/span>}<br \/>\n|{CIDOC Conceptual Reference Model.,<a href=\"https:\/\/fr.wikipedia.org\/wiki\/CIDOC_Conceptual_Reference_Model\" target=\"_blank\" rel=\"noopener noreferrer nofollow\">Le texte de l\u2019article.<\/a><span><\/span>}<br \/>\n|{Club pour le vieux Prague.,<a href=\"https:\/\/fr.wikipedia.org\/wiki\/Club_pour_le_vieux_Prague\" target=\"_blank\" rel=\"noopener noreferrer nofollow\">A lire ici.<\/a><span><\/span>}<br \/>\n|{Code du patrimoine.,<a href=\"https:\/\/fr.wikipedia.org\/wiki\/Code_du_patrimoine\" target=\"_blank\" rel=\"noopener noreferrer nofollow\">Article complet.<\/a><span><\/span>}<br \/>\n|{Collection Patrimoine culturel des pays francophones.,<a href=\"https:\/\/fr.wikipedia.org\/wiki\/Collection_Patrimoine_culturel_des_pays_francophones\" target=\"_blank\" rel=\"noopener noreferrer nofollow\">Le dossier.<\/a><span><\/span>}<br \/>\n|{Conservation architecturale.,<a href=\"https:\/\/fr.wikipedia.org\/wiki\/Conservation_architecturale\" target=\"_blank\" rel=\"noopener noreferrer nofollow\">L\u2019article ICI.<\/a><span><\/span>}<br \/>\n|{Conservation pr\u00e9ventive.,<a href=\"https:\/\/fr.wikipedia.org\/wiki\/Conservation_pr%C3%A9ventive\" target=\"_blank\" rel=\"noopener noreferrer nofollow\">Le post d\u2019actualit\u00e9.<\/a><span><\/span>}<br \/>\n|{Convention sur la protection du patrimoine culturel subaquatique.,<a href=\"https:\/\/fr.wikipedia.org\/wiki\/Convention_sur_la_protection_du_patrimoine_culturel_subaquatique\" target=\"_blank\" rel=\"noopener noreferrer nofollow\">Le dossier.<\/a><span><\/span>}<br \/>\n|{Din l-Art \u0126elwa.,<a href=\"https:\/\/fr.wikipedia.org\/wiki\/Din_l-Art_%C4%A6elwa\" target=\"_blank\" rel=\"noopener noreferrer nofollow\">A lire ici.<\/a><span><\/span>}<br \/>\n|{Docomomo International.,<a href=\"https:\/\/fr.wikipedia.org\/wiki\/Docomomo_International\" target=\"_blank\" rel=\"noopener noreferrer nofollow\">L\u2019article ICI.<\/a><span><\/span>}<br \/>\n|{Doctrines et techniques de conservation \u2013 restauration.,<a href=\"https:\/\/fr.wikipedia.org\/wiki\/Doctrines_et_techniques_de_conservation_-_restauration\" target=\"_blank\" rel=\"noopener noreferrer nofollow\">Le post d\u2019actualit\u00e9.<\/a><span><\/span>. Suite sur le prochain article.}<br \/>\n|{Document de Nara sur l\u2019authenticit\u00e9.,<a href=\"https:\/\/fr.wikipedia.org\/wiki\/Document_de_Nara_sur_l%27authenticit%C3%A9\" target=\"_blank\" rel=\"noopener noreferrer nofollow\">L\u2019article de presse.<\/a><span><\/span>}<br \/>\n|{Fa\u00e7adisme.,<a href=\"https:\/\/fr.wikipedia.org\/wiki\/Fa%C3%A7adisme\" target=\"_blank\" rel=\"noopener noreferrer nofollow\">Article complet.<\/a><span><\/span>. Suite sur le prochain article.}<br \/>\n|{Fondation du patrimoine.,<a href=\"https:\/\/fr.wikipedia.org\/wiki\/Fondation_du_patrimoine\" target=\"_blank\" rel=\"noopener noreferrer nofollow\">Article complet.<\/a><span><\/span>}<br \/>\n|{Fondation Mansart.,<a href=\"https:\/\/fr.wikipedia.org\/wiki\/Fondation_Mansart\" target=\"_blank\" rel=\"noopener noreferrer nofollow\">Le texte de l\u2019article.<\/a><span><\/span>. Suite sur le prochain article.}<br \/>\n|{Ieni-Kale.,<a href=\"https:\/\/fr.wikipedia.org\/wiki\/Ieni-Kale\" target=\"_blank\" rel=\"noopener noreferrer nofollow\">A lire ici.<\/a><span><\/span>. Suite sur le prochain article.}<br \/>\n|{In situ (conservation du patrimoine).,<a href=\"https:\/\/fr.wikipedia.org\/wiki\/In_situ_(conservation_du_patrimoine)\" target=\"_blank\" rel=\"noopener noreferrer nofollow\">Article complet.<\/a><span><\/span>}<br \/>\n|{Injection de coulis de liant dans les ma\u00e7onneries.,<a href=\"https:\/\/fr.wikipedia.org\/wiki\/Injection_de_coulis_de_liant_dans_les_ma%C3%A7onneries\" target=\"_blank\" rel=\"noopener noreferrer nofollow\">Le post d\u2019actualit\u00e9.<\/a><span><\/span>}<br \/>\n|{Jacques Harmand.,<a href=\"https:\/\/fr.wikipedia.org\/wiki\/Jacques_Harmand\" target=\"_blank\" rel=\"noopener noreferrer nofollow\">Article complet.<\/a><span><\/span>. Suite sur le prochain article.}<br \/>\n|{La Tribune de l\u2019art.,<a href=\"https:\/\/fr.wikipedia.org\/wiki\/La_Tribune_de_l%27art\" target=\"_blank\" rel=\"noopener noreferrer nofollow\">Le dossier.<\/a><span><\/span>. Suite sur le prochain article.}<br \/>\n|{Nisso Pelossof.,<a href=\"https:\/\/fr.wikipedia.org\/wiki\/Nisso_Pelossof\" target=\"_blank\" rel=\"noopener noreferrer nofollow\">A lire ici.<\/a><span><\/span>}<br \/>\n|{Palais Daming.,<a href=\"https:\/\/fr.wikipedia.org\/wiki\/Palais_Daming\" target=\"_blank\" rel=\"noopener noreferrer nofollow\">Le texte de l\u2019article.<\/a><span><\/span>}<br \/>\n|{Paris historique.,<a href=\"https:\/\/fr.wikipedia.org\/wiki\/Paris_historique\" target=\"_blank\" rel=\"noopener noreferrer nofollow\">Ici.<\/a><span><\/span>}<br \/>\n|{Patrimoine d\u2019int\u00e9r\u00eat r\u00e9gional.,<a href=\"https:\/\/fr.wikipedia.org\/wiki\/Patrimoine_d%27int%C3%A9r%C3%AAt_r%C3%A9gional\" target=\"_blank\" rel=\"noopener noreferrer nofollow\">Article complet.<\/a><span><\/span>. Suite sur le prochain article.}<br \/>\n|{Patrimoine sans fronti\u00e8res.,<a href=\"https:\/\/fr.wikipedia.org\/wiki\/Patrimoine_sans_fronti%C3%A8res\" target=\"_blank\" rel=\"noopener noreferrer nofollow\">Ici.<\/a><span><\/span>}<br \/>\n|{Patrimoine syrien pendant la guerre civile.,<a href=\"https:\/\/fr.wikipedia.org\/wiki\/Patrimoine_syrien_pendant_la_guerre_civile\" target=\"_blank\" rel=\"noopener noreferrer nofollow\">A lire ici.<\/a><span><\/span>}<br \/>\n|{Patrimoine syrien pendant la guerre civile.,<a href=\"https:\/\/fr.wikipedia.org\/wiki\/Patrimoine_syrien_pendant_la_guerre_civile\" target=\"_blank\" rel=\"noopener noreferrer nofollow\">L\u2019article ICI.<\/a><span><\/span>}<br \/>\n|{Patrimonialisation.,<a href=\"https:\/\/fr.wikipedia.org\/wiki\/Patrimonialisation\" target=\"_blank\" rel=\"noopener noreferrer nofollow\">Le texte de l\u2019article.<\/a><span><\/span>. Suite sur le prochain article.}<br \/>\n|{Patrimonialisation (homonymie).,<a href=\"https:\/\/fr.wikipedia.org\/wiki\/Patrimonialisation_(homonymie)\" target=\"_blank\" rel=\"noopener noreferrer nofollow\">Le dossier.<\/a><span><\/span>}<br \/>\n|{Pont de Gorica.,<a href=\"https:\/\/fr.wikipedia.org\/wiki\/Pont_de_Gorica\" target=\"_blank\" rel=\"noopener noreferrer nofollow\">Le post d\u2019actualit\u00e9.<\/a><span><\/span>}<br \/>\n|{Port d\u2019int\u00e9r\u00eat patrimonial.,<a href=\"https:\/\/fr.wikipedia.org\/wiki\/Port_d%27int%C3%A9r%C3%AAt_patrimonial\" target=\"_blank\" rel=\"noopener noreferrer nofollow\">L\u2019article ICI.<\/a><span><\/span>. Suite sur le prochain article.}<br \/>\n|{Prix du patrimoine culturel de l\u2019UE\/Concours Europa Nostra.,<a href=\"https:\/\/fr.wikipedia.org\/wiki\/Prix_du_patrimoine_culturel_de_l%E2%80%99UE\/Concours_Europa_Nostra\" target=\"_blank\" rel=\"noopener noreferrer nofollow\">L\u2019article de presse.<\/a><span><\/span>}<br \/>\n|{R\u00e9seau culturel Terre catalane.,<a href=\"https:\/\/fr.wikipedia.org\/wiki\/R%C3%A9seau_culturel_Terre_catalane\" target=\"_blank\" rel=\"noopener noreferrer nofollow\">L\u2019article ICI.<\/a><span><\/span>}<br \/>\n|{Red Tail Project.,<a href=\"https:\/\/fr.wikipedia.org\/wiki\/Red_Tail_Project\" target=\"_blank\" rel=\"noopener noreferrer nofollow\">L\u2019article ICI.<\/a><span><\/span>}<br \/>\n|{Registre patrimonial du Queensland.,<a href=\"https:\/\/fr.wikipedia.org\/wiki\/Registre_patrimonial_du_Queensland\" target=\"_blank\" rel=\"noopener noreferrer nofollow\">Ici.<\/a><span><\/span>}<br \/>\n|{Ren\u00e9 Dinkel.,<a href=\"https:\/\/fr.wikipedia.org\/wiki\/Ren%C3%A9_Dinkel\" target=\"_blank\" rel=\"noopener noreferrer nofollow\">A lire ici.<\/a><span><\/span>}<br \/>\n|{Renaissance du Lille Ancien.,<a href=\"https:\/\/fr.wikipedia.org\/wiki\/Renaissance_du_Lille_Ancien\" target=\"_blank\" rel=\"noopener noreferrer nofollow\">L\u2019article de presse.<\/a><span><\/span>. Suite sur le prochain article.}<br \/>\n|{Restauration de la composition murale de la Maison de la Radio \u00e0 Strasbourg.,<a href=\"https:\/\/fr.wikipedia.org\/wiki\/Restauration_de_la_composition_murale_de_la_Maison_de_la_Radio_%C3%A0_Strasbourg\" target=\"_blank\" rel=\"noopener noreferrer nofollow\">Article complet.<\/a><span><\/span>}<br \/>\n|{Ruine.,<a href=\"https:\/\/fr.wikipedia.org\/wiki\/Ruine\" target=\"_blank\" rel=\"noopener noreferrer nofollow\">Le post d\u2019actualit\u00e9.<\/a><span><\/span>}<br \/>\n|{Secteur sauvegard\u00e9 de Lille.,<a href=\"https:\/\/fr.wikipedia.org\/wiki\/Secteur_sauvegard%C3%A9_de_Lille\" target=\"_blank\" rel=\"noopener noreferrer nofollow\">Ici.<\/a><span><\/span>}<br \/>\n|{Secteur sauvegard\u00e9 de Lille.,<a href=\"https:\/\/fr.wikipedia.org\/wiki\/Secteur_sauvegard%C3%A9_de_Lille\" target=\"_blank\" rel=\"noopener noreferrer nofollow\">A lire ici.<\/a><span><\/span>. Suite sur le prochain article.}<br \/>\n|{Secteur sauvegard\u00e9 de Sedan.,<a href=\"https:\/\/fr.wikipedia.org\/wiki\/Secteur_sauvegard%C3%A9_de_Sedan\" target=\"_blank\" rel=\"noopener noreferrer nofollow\">Ici.<\/a><span><\/span>. Suite sur le prochain article.}<br \/>\n|{Secteur sauvegard\u00e9 de Sedan.,<a href=\"https:\/\/fr.wikipedia.org\/wiki\/Secteur_sauvegard%C3%A9_de_Sedan\" target=\"_blank\" rel=\"noopener noreferrer nofollow\">L\u2019article ICI.<\/a><span><\/span>. Suite sur le prochain article.}<br \/>\n|{Sites culturels construits d\u2019int\u00e9r\u00eat national en Finlande.,<a href=\"https:\/\/fr.wikipedia.org\/wiki\/Sites_culturels_construits_d%27int%C3%A9r%C3%AAt_national_en_Finlande\" target=\"_blank\" rel=\"noopener noreferrer nofollow\">Le texte de l\u2019article.<\/a><span><\/span>}<br \/>\n|{Sites culturels construits d\u2019int\u00e9r\u00eat national en Finlande.,<a href=\"https:\/\/fr.wikipedia.org\/wiki\/Sites_culturels_construits_d%27int%C3%A9r%C3%AAt_national_en_Finlande\" target=\"_blank\" rel=\"noopener noreferrer nofollow\">Ici.<\/a><span><\/span>}<br \/>\n|{Sites historiques et culturels majeurs prot\u00e9g\u00e9s au niveau national.,<a href=\"https:\/\/fr.wikipedia.org\/wiki\/Sites_historiques_et_culturels_majeurs_prot%C3%A9g%C3%A9s_au_niveau_national\" target=\"_blank\" rel=\"noopener noreferrer nofollow\">Ici.<\/a><span><\/span>. Suite sur le prochain article.}<br \/>\n|{Sites historiques et culturels majeurs prot\u00e9g\u00e9s au niveau national.,<a href=\"https:\/\/fr.wikipedia.org\/wiki\/Sites_historiques_et_culturels_majeurs_prot%C3%A9g%C3%A9s_au_niveau_national\" target=\"_blank\" rel=\"noopener noreferrer nofollow\">Article complet.<\/a><span><\/span>. Suite sur le prochain article.}<br \/>\n|{Sites historiques et culturels majeurs prot\u00e9g\u00e9s au niveau national (Gansu).,<a href=\"https:\/\/fr.wikipedia.org\/wiki\/Sites_historiques_et_culturels_majeurs_prot%C3%A9g%C3%A9s_au_niveau_national_(Gansu)\" target=\"_blank\" rel=\"noopener noreferrer nofollow\">Cliquer ICI.<\/a><span><\/span>}<br \/>\n|{Sites historiques et culturels majeurs prot\u00e9g\u00e9s au niveau national (Gansu).,<a href=\"https:\/\/fr.wikipedia.org\/wiki\/Sites_historiques_et_culturels_majeurs_prot%C3%A9g%C3%A9s_au_niveau_national_(Gansu)\" target=\"_blank\" rel=\"noopener noreferrer nofollow\">L\u2019article de presse.<\/a><span><\/span>. Suite sur le prochain article.}<br \/>\n|{Sites historiques et culturels majeurs prot\u00e9g\u00e9s au niveau national (Hebei).,<a href=\"https:\/\/fr.wikipedia.org\/wiki\/Sites_historiques_et_culturels_majeurs_prot%C3%A9g%C3%A9s_au_niveau_national_(Hebei)\" target=\"_blank\" rel=\"noopener noreferrer nofollow\">Le dossier.<\/a><span><\/span>. Suite sur le prochain article.}<br \/>\n|{Sites historiques et culturels majeurs prot\u00e9g\u00e9s au niveau national (Hebei).,<a href=\"https:\/\/fr.wikipedia.org\/wiki\/Sites_historiques_et_culturels_majeurs_prot%C3%A9g%C3%A9s_au_niveau_national_(Hebei)\" target=\"_blank\" rel=\"noopener noreferrer nofollow\">Le texte de l\u2019article.<\/a><span><\/span>. Suite sur le prochain article.}<br \/>\n|{Sites historiques et culturels majeurs prot\u00e9g\u00e9s au niveau national (Heilongjiang).,<a href=\"https:\/\/fr.wikipedia.org\/wiki\/Sites_historiques_et_culturels_majeurs_prot%C3%A9g%C3%A9s_au_niveau_national_(Heilongjiang)\" target=\"_blank\" rel=\"noopener noreferrer nofollow\">L\u2019article ICI.<\/a><span><\/span>. Suite sur le prochain article.}<br \/>\n|{Sites historiques et culturels majeurs prot\u00e9g\u00e9s au niveau national (Heilongjiang).,<a href=\"https:\/\/fr.wikipedia.org\/wiki\/Sites_historiques_et_culturels_majeurs_prot%C3%A9g%C3%A9s_au_niveau_national_(Heilongjiang)\" target=\"_blank\" rel=\"noopener noreferrer nofollow\">Le texte de l\u2019article.<\/a><span><\/span>}<br \/>\n|{Sites historiques et culturels majeurs prot\u00e9g\u00e9s au niveau national (Jiangxi).,<a href=\"https:\/\/fr.wikipedia.org\/wiki\/Sites_historiques_et_culturels_majeurs_prot%C3%A9g%C3%A9s_au_niveau_national_(Jiangxi)\" target=\"_blank\" rel=\"noopener noreferrer nofollow\">A lire ici.<\/a><span><\/span>}<br \/>\n|{Sites historiques et culturels majeurs prot\u00e9g\u00e9s au niveau national (Jiangxi).,<a href=\"https:\/\/fr.wikipedia.org\/wiki\/Sites_historiques_et_culturels_majeurs_prot%C3%A9g%C3%A9s_au_niveau_national_(Jiangxi)\" target=\"_blank\" rel=\"noopener noreferrer nofollow\">A lire ici.<\/a><span><\/span>. Suite sur le prochain article.}<br \/>\n|{Sites historiques et culturels majeurs prot\u00e9g\u00e9s au niveau national (Liaoning).,<a href=\"https:\/\/fr.wikipedia.org\/wiki\/Sites_historiques_et_culturels_majeurs_prot%C3%A9g%C3%A9s_au_niveau_national_(Liaoning)\" target=\"_blank\" rel=\"noopener noreferrer nofollow\">A lire ici.<\/a><span><\/span>. Suite sur le prochain article.}<br \/>\n|{Sites historiques et culturels majeurs prot\u00e9g\u00e9s au niveau national (Liaoning).,<a href=\"https:\/\/fr.wikipedia.org\/wiki\/Sites_historiques_et_culturels_majeurs_prot%C3%A9g%C3%A9s_au_niveau_national_(Liaoning)\" target=\"_blank\" rel=\"noopener noreferrer nofollow\">Article complet.<\/a><span><\/span>}<br \/>\n|{Sites historiques et culturels majeurs prot\u00e9g\u00e9s au niveau national (Mongolie int\u00e9rieure).,<a href=\"https:\/\/fr.wikipedia.org\/wiki\/Sites_historiques_et_culturels_majeurs_prot%C3%A9g%C3%A9s_au_niveau_national_(Mongolie_int%C3%A9rieure)\" target=\"_blank\" rel=\"noopener noreferrer nofollow\">Cliquer ICI.<\/a><span><\/span>}<br \/>\n|{Sites historiques et culturels majeurs prot\u00e9g\u00e9s au niveau national (Mongolie int\u00e9rieure).,<a href=\"https:\/\/fr.wikipedia.org\/wiki\/Sites_historiques_et_culturels_majeurs_prot%C3%A9g%C3%A9s_au_niveau_national_(Mongolie_int%C3%A9rieure)\" target=\"_blank\" rel=\"noopener noreferrer nofollow\">A lire ici.<\/a><span><\/span>}<br \/>\n|{Sites historiques et culturels majeurs prot\u00e9g\u00e9s au niveau national (Ningxia).,<a href=\"https:\/\/fr.wikipedia.org\/wiki\/Sites_historiques_et_culturels_majeurs_prot%C3%A9g%C3%A9s_au_niveau_national_(Ningxia)\" target=\"_blank\" rel=\"noopener noreferrer nofollow\">Cliquer ICI.<\/a><span><\/span>}<br \/>\n|{Sites historiques et culturels majeurs prot\u00e9g\u00e9s au niveau national (Ningxia).,<a href=\"https:\/\/fr.wikipedia.org\/wiki\/Sites_historiques_et_culturels_majeurs_prot%C3%A9g%C3%A9s_au_niveau_national_(Ningxia)\" target=\"_blank\" rel=\"noopener noreferrer nofollow\">Cliquer ICI.<\/a><span><\/span>}<br \/>\n|{Sites historiques et culturels majeurs prot\u00e9g\u00e9s au niveau national (Shaanxi).,<a href=\"https:\/\/fr.wikipedia.org\/wiki\/Sites_historiques_et_culturels_majeurs_prot%C3%A9g%C3%A9s_au_niveau_national_(Shaanxi)\" target=\"_blank\" rel=\"noopener noreferrer nofollow\">Ici.<\/a><span><\/span>}<br \/>\n|{Sites historiques et culturels majeurs prot\u00e9g\u00e9s au niveau national (Shaanxi).,<a href=\"https:\/\/fr.wikipedia.org\/wiki\/Sites_historiques_et_culturels_majeurs_prot%C3%A9g%C3%A9s_au_niveau_national_(Shaanxi)\" target=\"_blank\" rel=\"noopener noreferrer nofollow\">Le post d\u2019actualit\u00e9.<\/a><span><\/span>}<br \/>\n|{Sites historiques et culturels majeurs prot\u00e9g\u00e9s au niveau national (Sichuan).,<a href=\"https:\/\/fr.wikipedia.org\/wiki\/Sites_historiques_et_culturels_majeurs_prot%C3%A9g%C3%A9s_au_niveau_national_(Sichuan)\" target=\"_blank\" rel=\"noopener noreferrer nofollow\">Ici.<\/a><span><\/span>}<br \/>\n|{Sites historiques et culturels majeurs prot\u00e9g\u00e9s au niveau national (Sichuan).,<a href=\"https:\/\/fr.wikipedia.org\/wiki\/Sites_historiques_et_culturels_majeurs_prot%C3%A9g%C3%A9s_au_niveau_national_(Sichuan)\" target=\"_blank\" rel=\"noopener noreferrer nofollow\">L\u2019article de presse.<\/a><span><\/span>. Suite sur le prochain article.}<br \/>\n|{Sites historiques et culturels majeurs prot\u00e9g\u00e9s au niveau national (Xinjiang).,<a href=\"https:\/\/fr.wikipedia.org\/wiki\/Sites_historiques_et_culturels_majeurs_prot%C3%A9g%C3%A9s_au_niveau_national_(Xinjiang)\" target=\"_blank\" rel=\"noopener noreferrer nofollow\">Cliquer ICI.<\/a><span><\/span>. Suite sur le prochain article.}<br \/>\n|{Sites historiques et culturels majeurs prot\u00e9g\u00e9s au niveau national (Xinjiang).,<a href=\"https:\/\/fr.wikipedia.org\/wiki\/Sites_historiques_et_culturels_majeurs_prot%C3%A9g%C3%A9s_au_niveau_national_(Xinjiang)\" target=\"_blank\" rel=\"noopener noreferrer nofollow\">L\u2019article ICI.<\/a><span><\/span>}<br \/>\n|{Sites historiques et culturels majeurs prot\u00e9g\u00e9s de la r\u00e9gion autonome du Tibet.,<a href=\"https:\/\/fr.wikipedia.org\/wiki\/Sites_historiques_et_culturels_majeurs_prot%C3%A9g%C3%A9s_de_la_r%C3%A9gion_autonome_du_Tibet\" target=\"_blank\" rel=\"noopener noreferrer nofollow\">A lire ici.<\/a><span><\/span>. Suite sur le prochain article.}<br \/>\n|{Sites historiques et culturels majeurs prot\u00e9g\u00e9s de la r\u00e9gion autonome du Tibet.,<a href=\"https:\/\/fr.wikipedia.org\/wiki\/Sites_historiques_et_culturels_majeurs_prot%C3%A9g%C3%A9s_de_la_r%C3%A9gion_autonome_du_Tibet\" target=\"_blank\" rel=\"noopener noreferrer nofollow\">L\u2019article ICI.<\/a><span><\/span>}<br \/>\n|{Soci\u00e9t\u00e9 Jersiaise.,<a href=\"https:\/\/fr.wikipedia.org\/wiki\/Soci%C3%A9t%C3%A9_Jersiaise\" target=\"_blank\" rel=\"noopener noreferrer nofollow\">Ici.<\/a><span><\/span>}<br \/>\n|{Soci\u00e9t\u00e9 Jersiaise.,<a href=\"https:\/\/fr.wikipedia.org\/wiki\/Soci%C3%A9t%C3%A9_Jersiaise\" target=\"_blank\" rel=\"noopener noreferrer nofollow\">Le dossier.<\/a><span><\/span>}<br \/>\n|{Th\u00e9orie de la restauration.,<a href=\"https:\/\/fr.wikipedia.org\/wiki\/Th%C3%A9orie_de_la_restauration\" target=\"_blank\" rel=\"noopener noreferrer nofollow\">Ici.<\/a><span><\/span>}<br \/>\n|{Tr\u00e9sor national (Japon).,<a href=\"https:\/\/fr.wikipedia.org\/wiki\/Tr%C3%A9sor_national_(Japon)\" target=\"_blank\" rel=\"noopener noreferrer nofollow\">L\u2019article de presse.<\/a><span><\/span>. Suite sur le prochain article.}<br \/>\n|{Web Journal on Cultural Patrimony.,<a href=\"https:\/\/fr.wikipedia.org\/wiki\/Web_Journal_on_Cultural_Patrimony\" target=\"_blank\" rel=\"noopener noreferrer nofollow\">L\u2019article de presse.<\/a><span><\/span>}<br \/>\n|{Whanganui.,<a href=\"https:\/\/fr.wikipedia.org\/wiki\/Whanganui\" target=\"_blank\" rel=\"noopener noreferrer nofollow\">L\u2019article de presse.<\/a><span><\/span>}<br \/>\n|{Wiki Loves Earth.,<a href=\"https:\/\/fr.wikipedia.org\/wiki\/Wiki_Loves_Earth\" target=\"_blank\" rel=\"noopener noreferrer nofollow\">Le post d\u2019actualit\u00e9.<\/a><span><\/span>. Suite sur le prochain article.}<br \/>\n|{Wiki Loves Monuments.,<a href=\"https:\/\/fr.wikipedia.org\/wiki\/Wiki_Loves_Monuments\" target=\"_blank\" rel=\"noopener noreferrer nofollow\">Le post d\u2019actualit\u00e9.<\/a><span><\/span>. Suite sur le prochain article.}<br \/>\n|{vitrail.,<a href=\"https:\/\/fr.wikipedia.orghttps\/\/fr.wikipedia.org\/wiki\/Vitrail\" target=\"_blank\" rel=\"noopener noreferrer nofollow\">A lire ici.<\/a><span><\/span>}<br \/>\n|{Les ICC Notes de l\u2019Institut canadien pour la conservation.,<a href=\"https:\/\/www.canada.ca\/fr\/institut-conservation\/services\/publications-conservation-preservation\/notes-institut-canadien-conservation.html\" target=\"_blank\" rel=\"noopener noreferrer nofollow\">Ici.<\/a><span><\/span>}<br \/>\n|{Centre de conservation du Qu\u00e9bec .,<a href=\"https:\/\/www.ccq.gouv.qc.ca\/index-id%3D84.html\" target=\"_blank\" rel=\"noopener noreferrer nofollow\">L\u2019article de presse.<\/a><span><\/span>}<br \/>\n|{Monumental n\u00b022 Conservation, restauration, restauration, doctrines.,<a href=\"https:\/\/www.editions-du-patrimoine.fr\/Librairie\/Monumental\/Monumental-N-22-Conservation.-restauration-doctrines?pRelatedEditions=3\" target=\"_blank\" rel=\"noopener noreferrer nofollow\">Le post d\u2019actualit\u00e9.<\/a><span><\/span>. Suite sur le prochain article.}<br \/>\n|{Ge-conservacion.,<a href=\"https:\/\/www.ge-iic.com\/ojs\/index.php\/revista\/issue\/archive\" target=\"_blank\" rel=\"noopener noreferrer nofollow\">A lire ici.<\/a><span><\/span>. Suite sur le prochain article.}<br \/>\n|{en ligne ici.,<a href=\"https:\/\/www.ifla.org\/resources\/?_sfm_resource_topic=1200820&amp;_sfm_resource_type=All\" target=\"_blank\" rel=\"noopener noreferrer nofollow\">L\u2019article ICI.<\/a><span><\/span>}<br \/>\n|{News in Conservation.,<a href=\"https:\/\/www.iiconservation.org\/publications\/nic\" target=\"_blank\" rel=\"noopener noreferrer nofollow\">Article complet.<\/a><span><\/span>}<br \/>\n|{Image permanence Institute.,<a href=\"https:\/\/www.imagepermanenceinstitute.org\/education\/publications.html\" target=\"_blank\" rel=\"noopener noreferrer nofollow\">L\u2019article ICI.<\/a><span><\/span>. Suite sur le prochain article.}<br \/>\n|{Les Preservation leaflets du NEDCC \u2013 Northeast document center.,<a href=\"https:\/\/www.nedcc.org\/free-resources\/preservation-leaflets\/overview\" target=\"_blank\" rel=\"noopener noreferrer nofollow\">Ici.<\/a><span><\/span>}<br \/>\n|{Conserve O Gram du National Park Service.,<a href=\"https:\/\/www.nps.gov\/museum\/publications\/conserveogram\/cons_toc.html\" target=\"_blank\" rel=\"noopener noreferrer nofollow\">Ici.<\/a><span><\/span>}<br \/>\n|{Petite histoire de la restauration des monuments historiques.,<a href=\"https:\/\/www.tourisme93.com\/petite-histoire-de-la-restauration-des-monuments-historiques.html\" target=\"_blank\" rel=\"noopener noreferrer nofollow\">L\u2019article ICI.<\/a><span><\/span>}<br \/>\n}<br \/>\n{{Link.,<a href=\"https:\/\/www.site.cdcl.xyz\/2025\/04\/12\/protestes-pro-palestiniens-tenues-dans-tout-le-pakistan\/URL\" target=\"_blank\" rel=\"noopener noreferrer nofollow\">Le dossier.<\/a><span><\/span>}<br \/>\n|{B\u00e2timent restaur\u00e9 par Eug\u00e8ne Viollet-le-Duc.,<a href=\"https:\/\/www.site.cdcl.xyz\/wiki\/Cat%C3%A9gorie:B%C3%A2timent_restaur%C3%A9_par_Eug%C3%A8ne_Viollet-le-Duc\" target=\"_blank\" rel=\"noopener noreferrer nofollow\">Ici.<\/a><span><\/span>}<br \/>\n|{B\u00e2timent restaur\u00e9 par F\u00e9lix Duban.,<a href=\"https:\/\/www.site.cdcl.xyz\/wiki\/Cat%C3%A9gorie:B%C3%A2timent_restaur%C3%A9_par_F%C3%A9lix_Duban\" target=\"_blank\" rel=\"noopener noreferrer nofollow\">A lire ici.<\/a><span><\/span>}<br \/>\n|{B\u00e2timent restaur\u00e9 par Jean-Baptiste Lassus.,<a href=\"https:\/\/www.site.cdcl.xyz\/wiki\/Cat%C3%A9gorie:B%C3%A2timent_restaur%C3%A9_par_Jean-Baptiste_Lassus\" target=\"_blank\" rel=\"noopener noreferrer nofollow\">A lire ici.<\/a><span><\/span>}<br \/>\n|{Bien culturel folklorique important de la Cor\u00e9e du Sud.,<a href=\"https:\/\/www.site.cdcl.xyz\/wiki\/Cat%C3%A9gorie:Bien_culturel_folklorique_important_de_la_Cor%C3%A9e_du_Sud\" target=\"_blank\" rel=\"noopener noreferrer nofollow\">L\u2019article ICI.<\/a><span><\/span>}<br \/>\n|{Organisme \u00e0 d\u00e9couvrir GCI.,<a href=\"http:\/\/aata.getty.edu\/Home\" target=\"_blank\" rel=\"noopener noreferrer nofollow\">L\u2019article ICI.<\/a><span><\/span>. Suite sur le prochain article.}<br \/>\n|{Du CICRP \u2013 Centre interr\u00e9gional de conservation et restauration du patrimoine.,<a href=\"http:\/\/cicrp.info\/fiches-pratiques\/\" target=\"_blank\" rel=\"noopener noreferrer nofollow\">Article complet.<\/a><span><\/span>}<br \/>\n|{Organisme \u00e0 d\u00e9couvrir COol .,<a href=\"http:\/\/cool.conservation-us.org\/\" target=\"_blank\" rel=\"noopener noreferrer nofollow\">Article complet.<\/a><span><\/span>}<br \/>\n|{Le Corpus Vitrearum International .,<a href=\"http:\/\/cvi.cvma-freiburg.de\/\" target=\"_blank\" rel=\"noopener noreferrer nofollow\">L\u2019article ICI.<\/a><span><\/span>}<br \/>\n|{E-conservation Journal .,<a href=\"http:\/\/e-conservation.org\/\" target=\"_blank\" rel=\"noopener noreferrer nofollow\">Le dossier.<\/a><span><\/span>}<br \/>\n|{Organisme \u00e0 d\u00e9couvrir ICOM .,<a href=\"http:\/\/icom.museum\/que-faisons-nous\/ressources\/bibliographies\/L\/2.html\" target=\"_blank\" rel=\"noopener noreferrer nofollow\">Le texte de l\u2019article.<\/a><span><\/span>. Suite sur le prochain article.}<br \/>\n|{In Situ. Revue des patrimoines.,<a href=\"http:\/\/insitu.revues.org\/\" target=\"_blank\" rel=\"noopener noreferrer nofollow\">Le dossier.<\/a><span><\/span>}<br \/>\n|{Organisme \u00e0 d\u00e9couvrir INP.,<a href=\"http:\/\/mediatheque-numerique.inp.fr\/\" target=\"_blank\" rel=\"noopener noreferrer nofollow\">L\u2019article ICI.<\/a><span><\/span>. Suite sur le prochain article.}<br \/>\n|{De la Biblioth\u00e8que nationale de France.,<a href=\"http:\/\/www.bnf.fr\/fr\/professionnels\/conservation_fiches_pratiques\/s.conservation_fiches_prevention.html\" target=\"_blank\" rel=\"noopener noreferrer nofollow\">L\u2019article ICI.<\/a><span><\/span>. Suite sur le prochain article.}<br \/>\n|{CeROArt\u00a0.,<a href=\"http:\/\/www.ceroart.org\/\" target=\"_blank\" rel=\"noopener noreferrer nofollow\">Le texte de l\u2019article.<\/a><span><\/span>. Suite sur le prochain article.}<br \/>\n|{Le Journal of Film Preservation.,<a href=\"http:\/\/www.fiafnet.org\/fr\/publications\/fep_journal.html\" target=\"_blank\" rel=\"noopener noreferrer nofollow\">A lire ici.<\/a><span><\/span>}<br \/>\n|{Getty conservation Institute.,<a href=\"http:\/\/www.getty.edu\/search\/publications\" target=\"_blank\" rel=\"noopener noreferrer nofollow\">L\u2019article de presse.<\/a><span><\/span>}<br \/>\n|{Organisme \u00e0 d\u00e9couvrir ICOMOS.,<a href=\"http:\/\/www.international.icomos.org\/fr\/centre-de-documentation\" target=\"_blank\" rel=\"noopener noreferrer nofollow\">Le post d\u2019actualit\u00e9.<\/a><span><\/span>. Suite sur le prochain article.}<br \/>\n|{Organisme \u00e0 d\u00e9couvrir \u00a0OCIM.,<a href=\"http:\/\/www.ocim.fr\/bibliographie\/\" target=\"_blank\" rel=\"noopener noreferrer nofollow\">Le post d\u2019actualit\u00e9.<\/a><span><\/span>}<br \/>\n|{Les Insectes mus\u00e9ophages del\u2019OCIM \u2013 Office de coop\u00e9ration et d\u2019information mus\u00e9ales.,<a href=\"http:\/\/www.ocim.fr\/repertoires\/insectes\/\" target=\"_blank\" rel=\"noopener noreferrer nofollow\">L\u2019article de presse.<\/a><span><\/span>}<br \/>\n|{Du C2RMF \u2013 Centre de recherche et de restauration des mus\u00e9es de France.,<a href=\"https:\/\/c2rmf.fr\/fiches-techniques-0\" target=\"_blank\" rel=\"noopener noreferrer nofollow\">Ici.<\/a><span><\/span>. Suite sur le prochain article.}<br \/>\n|{Guide pratique pour le marquage d\u2019identification des biens culturels \u2013 C2RMF.,<a href=\"https:\/\/c2rmf.fr\/sites\/c2rmf\/files\/guide_pratique_pour_le_marquage_2015.pdf\" target=\"_blank\" rel=\"noopener noreferrer nofollow\">A lire ici.<\/a><span><\/span>}<br \/>\n|{Vade-mecum de la conservation pr\u00e9ventive \u2013 C2RMF.,<a href=\"https:\/\/c2rmf.fr\/sites\/c2rmf\/files\/vademecum_cc.pdf\" target=\"_blank\" rel=\"noopener noreferrer nofollow\">A lire ici.<\/a><span><\/span>. Suite sur le prochain article.}<br \/>\n|{La conservation des objets mobiliers dans les \u00e9glises : outil d\u2019auto-\u00e9valuation.,<a href=\"https:\/\/culture.gouv.fr\/Media\/Thematiques\/Circulation-des-biens-culturels\/Files\/Ressources-doc-Guides-et-procedures\/Guide-La-conservation-des-objets-mobiliers-dans-les-eglises-2004\" target=\"_blank\" rel=\"noopener noreferrer nofollow\">Le dossier.<\/a><span><\/span>}<br \/>\n|{M\u00e9tiers de la restauration du patrimoine, statuts, conditions d\u2019exercice et fiscalit\u00e9, fiche pratique MC, 2018.,<a href=\"https:\/\/culture.gouv.fr\/Media\/Thematiques\/Conservation-restauration\/Fichiers\/Fiches-pratiques-manuels-et-revues\/Fiche-metiers-de-la-restauration-2019\" target=\"_blank\" rel=\"noopener noreferrer nofollow\">Ici.<\/a><span><\/span>. Suite sur le prochain article.}<br \/>\n|{S\u00e9curit\u00e9 des biens culturels, de la pr\u00e9vention du vol \u00e0 la restitution de l\u2019objet vol\u00e9.,<a href=\"https:\/\/culture.gouv.fr\/Media\/Thematiques\/Conservation-restauration\/Fichiers\/Fiches-pratiques-manuels-et-revues\/Securite-des-biens-culturels-de-la-prevention-du-vol-a-la-restitution-de-l-objet-vole\" target=\"_blank\" rel=\"noopener noreferrer nofollow\">Le texte de l\u2019article.<\/a><span><\/span>}<br \/>\n|{Petit Guide \u00e0 l\u2019usage des personnes souhaitant entretenir une s\u00e9pulture.,<a href=\"https:\/\/culture.gouv.fr\/Media\/Thematiques\/Conservation-restauration\/Fichiers\/Ressources-documentaires\/entretenir-une-sepulture\" target=\"_blank\" rel=\"noopener noreferrer nofollow\">Le texte de l\u2019article.<\/a><span><\/span>}<br \/>\n|{Rescuing the Hidden European Wooden Churches Heritage : an international methodology for implementing a database for restoration projects.,<a href=\"https:\/\/culture.gouv.fr\/Media\/Thematiques\/Conservation-restauration\/Fichiers\/Ressources-documentaires\/hiddenchurches\" target=\"_blank\" rel=\"noopener noreferrer nofollow\">Ici.<\/a><span><\/span>. Suite sur le prochain article.}<br \/>\n|{Guides de ma\u00eetrise d\u2019ouvrage et de ma\u00eetrise d\u2019\u0153uvre \u2013 Monuments historiques.,<a href=\"https:\/\/culture.gouv.fr\/Region\/Drac-Auvergne-Rhone-Alpes\/Demarches-aides\/Demarches-et-conseils-patrimoine-urbanisme-qualite-architecturale\/Guides-pratiques-travaux-sur-monuments-historiques\" target=\"_blank\" rel=\"noopener noreferrer nofollow\">Le post d\u2019actualit\u00e9.<\/a><span><\/span>}<br \/>\n|{Charte de Venise.,<a href=\"https:\/\/fr.wikipedia.org\/wiki\/Charte_de_Venise\" target=\"_blank\" rel=\"noopener noreferrer nofollow\">L\u2019article ICI.<\/a><span><\/span>}<br \/>\n|{Charte de Washington.,<a href=\"https:\/\/fr.wikipedia.org\/wiki\/Charte_de_Washington\" target=\"_blank\" rel=\"noopener noreferrer nofollow\">L\u2019article de presse.<\/a><span><\/span>}<br \/>\n|{CIDOC Conceptual Reference Model.,<a href=\"https:\/\/fr.wikipedia.org\/wiki\/CIDOC_Conceptual_Reference_Model\" target=\"_blank\" rel=\"noopener noreferrer nofollow\">L\u2019article de presse.<\/a><span><\/span>}<br \/>\n|{Club pour le vieux Prague.,<a href=\"https:\/\/fr.wikipedia.org\/wiki\/Club_pour_le_vieux_Prague\" target=\"_blank\" rel=\"noopener noreferrer nofollow\">Article complet.<\/a><span><\/span>. Suite sur le prochain article.}<br \/>\n|{Code du patrimoine.,<a href=\"https:\/\/fr.wikipedia.org\/wiki\/Code_du_patrimoine\" target=\"_blank\" rel=\"noopener noreferrer nofollow\">L\u2019article de presse.<\/a><span><\/span>}<br \/>\n|{Collection Patrimoine culturel des pays francophones.,<a href=\"https:\/\/fr.wikipedia.org\/wiki\/Collection_Patrimoine_culturel_des_pays_francophones\" target=\"_blank\" rel=\"noopener noreferrer nofollow\">Cliquer ICI.<\/a><span><\/span>}<br \/>\n|{Conservation architecturale.,<a href=\"https:\/\/fr.wikipedia.org\/wiki\/Conservation_architecturale\" target=\"_blank\" rel=\"noopener noreferrer nofollow\">L\u2019article ICI.<\/a><span><\/span>}<br \/>\n|{Conservation pr\u00e9ventive.,<a href=\"https:\/\/fr.wikipedia.org\/wiki\/Conservation_pr%C3%A9ventive\" target=\"_blank\" rel=\"noopener noreferrer nofollow\">Article complet.<\/a><span><\/span>}<br \/>\n|{Convention sur la protection du patrimoine culturel subaquatique.,<a href=\"https:\/\/fr.wikipedia.org\/wiki\/Convention_sur_la_protection_du_patrimoine_culturel_subaquatique\" target=\"_blank\" rel=\"noopener noreferrer nofollow\">Le dossier.<\/a><span><\/span>}<br \/>\n|{Din l-Art \u0126elwa.,<a href=\"https:\/\/fr.wikipedia.org\/wiki\/Din_l-Art_%C4%A6elwa\" target=\"_blank\" rel=\"noopener noreferrer nofollow\">L\u2019article ICI.<\/a><span><\/span>}<br \/>\n|{Docomomo International.,<a href=\"https:\/\/fr.wikipedia.org\/wiki\/Docomomo_International\" target=\"_blank\" rel=\"noopener noreferrer nofollow\">Le dossier.<\/a><span><\/span>. Suite sur le prochain article.}<br \/>\n|{Doctrines et techniques de conservation \u2013 restauration.,<a href=\"https:\/\/fr.wikipedia.org\/wiki\/Doctrines_et_techniques_de_conservation_-_restauration\" target=\"_blank\" rel=\"noopener noreferrer nofollow\">Ici.<\/a><span><\/span>}<br \/>\n|{Document de Nara sur l\u2019authenticit\u00e9.,<a href=\"https:\/\/fr.wikipedia.org\/wiki\/Document_de_Nara_sur_l%27authenticit%C3%A9\" target=\"_blank\" rel=\"noopener noreferrer nofollow\">Ici.<\/a><span><\/span>}<br \/>\n|{Fa\u00e7adisme.,<a href=\"https:\/\/fr.wikipedia.org\/wiki\/Fa%C3%A7adisme\" target=\"_blank\" rel=\"noopener noreferrer nofollow\">Le texte de l\u2019article.<\/a><span><\/span>}<br \/>\n|{Fondation du patrimoine.,<a href=\"https:\/\/fr.wikipedia.org\/wiki\/Fondation_du_patrimoine\" target=\"_blank\" rel=\"noopener noreferrer nofollow\">L\u2019article ICI.<\/a><span><\/span>}<br \/>\n|{Fondation Mansart.,<a href=\"https:\/\/fr.wikipedia.org\/wiki\/Fondation_Mansart\" target=\"_blank\" rel=\"noopener noreferrer nofollow\">Le texte de l\u2019article.<\/a><span><\/span>. Suite sur le prochain article.}<br \/>\n|{Ieni-Kale.,<a href=\"https:\/\/fr.wikipedia.org\/wiki\/Ieni-Kale\" target=\"_blank\" rel=\"noopener noreferrer nofollow\">A lire ici.<\/a><span><\/span>. Suite sur le prochain article.}<br \/>\n|{In situ (conservation du patrimoine).,<a href=\"https:\/\/fr.wikipedia.org\/wiki\/In_situ_(conservation_du_patrimoine)\" target=\"_blank\" rel=\"noopener noreferrer nofollow\">L\u2019article ICI.<\/a><span><\/span>}<br \/>\n|{Injection de coulis de liant dans les ma\u00e7onneries.,<a href=\"https:\/\/fr.wikipedia.org\/wiki\/Injection_de_coulis_de_liant_dans_les_ma%C3%A7onneries\" target=\"_blank\" rel=\"noopener noreferrer nofollow\">L\u2019article ICI.<\/a><span><\/span>}<br \/>\n|{Jacques Harmand.,<a href=\"https:\/\/fr.wikipedia.org\/wiki\/Jacques_Harmand\" target=\"_blank\" rel=\"noopener noreferrer nofollow\">Le dossier.<\/a><span><\/span>}<br \/>\n|{La Tribune de l\u2019art.,<a href=\"https:\/\/fr.wikipedia.org\/wiki\/La_Tribune_de_l%27art\" target=\"_blank\" rel=\"noopener noreferrer nofollow\">Article complet.<\/a><span><\/span>. Suite sur le prochain article.}<br \/>\n|{Nisso Pelossof.,<a href=\"https:\/\/fr.wikipedia.org\/wiki\/Nisso_Pelossof\" target=\"_blank\" rel=\"noopener noreferrer nofollow\">L\u2019article de presse.<\/a><span><\/span>. Suite sur le prochain article.}<br \/>\n|{Palais Daming.,<a href=\"https:\/\/fr.wikipedia.org\/wiki\/Palais_Daming\" target=\"_blank\" rel=\"noopener noreferrer nofollow\">L\u2019article de presse.<\/a><span><\/span>}<br \/>\n|{Paris historique.,<a href=\"https:\/\/fr.wikipedia.org\/wiki\/Paris_historique\" target=\"_blank\" rel=\"noopener noreferrer nofollow\">Ici.<\/a><span><\/span>}<br \/>\n|{Patrimoine d\u2019int\u00e9r\u00eat r\u00e9gional.,<a href=\"https:\/\/fr.wikipedia.org\/wiki\/Patrimoine_d%27int%C3%A9r%C3%AAt_r%C3%A9gional\" target=\"_blank\" rel=\"noopener noreferrer nofollow\">Le texte de l\u2019article.<\/a><span><\/span>}<br \/>\n|{Patrimoine sans fronti\u00e8res.,<a href=\"https:\/\/fr.wikipedia.org\/wiki\/Patrimoine_sans_fronti%C3%A8res\" target=\"_blank\" rel=\"noopener noreferrer nofollow\">Le texte de l\u2019article.<\/a><span><\/span>. Suite sur le prochain article.}<br \/>\n|{Patrimoine syrien pendant la guerre civile.,<a href=\"https:\/\/fr.wikipedia.org\/wiki\/Patrimoine_syrien_pendant_la_guerre_civile\" target=\"_blank\" rel=\"noopener noreferrer nofollow\">Le dossier.<\/a><span><\/span>}<br \/>\n|{Patrimoine syrien pendant la guerre civile.,<a href=\"https:\/\/fr.wikipedia.org\/wiki\/Patrimoine_syrien_pendant_la_guerre_civile\" target=\"_blank\" rel=\"noopener noreferrer nofollow\">Article complet.<\/a><span><\/span>}<br \/>\n|{Patrimonialisation.,<a href=\"https:\/\/fr.wikipedia.org\/wiki\/Patrimonialisation\" target=\"_blank\" rel=\"noopener noreferrer nofollow\">Le texte de l\u2019article.<\/a><span><\/span>. Suite sur le prochain article.}<br \/>\n|{Patrimonialisation (homonymie).,<a href=\"https:\/\/fr.wikipedia.org\/wiki\/Patrimonialisation_(homonymie)\" target=\"_blank\" rel=\"noopener noreferrer nofollow\">Le dossier.<\/a><span><\/span>. Suite sur le prochain article.}<br \/>\n|{Pont de Gorica.,<a href=\"https:\/\/fr.wikipedia.org\/wiki\/Pont_de_Gorica\" target=\"_blank\" rel=\"noopener noreferrer nofollow\">Le dossier.<\/a><span><\/span>}<br \/>\n|{Port d\u2019int\u00e9r\u00eat patrimonial.,<a href=\"https:\/\/fr.wikipedia.org\/wiki\/Port_d%27int%C3%A9r%C3%AAt_patrimonial\" target=\"_blank\" rel=\"noopener noreferrer nofollow\">L\u2019article de presse.<\/a><span><\/span>}<br \/>\n|{Prix du patrimoine culturel de l\u2019UE\/Concours Europa Nostra.,<a href=\"https:\/\/fr.wikipedia.org\/wiki\/Prix_du_patrimoine_culturel_de_l%E2%80%99UE\/Concours_Europa_Nostra\" target=\"_blank\" rel=\"noopener noreferrer nofollow\">Cliquer ICI.<\/a><span><\/span>}<br \/>\n|{R\u00e9seau culturel Terre catalane.,<a href=\"https:\/\/fr.wikipedia.org\/wiki\/R%C3%A9seau_culturel_Terre_catalane\" target=\"_blank\" rel=\"noopener noreferrer nofollow\">Le post d\u2019actualit\u00e9.<\/a><span><\/span>}<br \/>\n|{Red Tail Project.,<a href=\"https:\/\/fr.wikipedia.org\/wiki\/Red_Tail_Project\" target=\"_blank\" rel=\"noopener noreferrer nofollow\">Article complet.<\/a><span><\/span>. Suite sur le prochain article.}<br \/>\n|{Registre patrimonial du Queensland.,<a href=\"https:\/\/fr.wikipedia.org\/wiki\/Registre_patrimonial_du_Queensland\" target=\"_blank\" rel=\"noopener noreferrer nofollow\">Le post d\u2019actualit\u00e9.<\/a><span><\/span>. Suite sur le prochain article.}<br \/>\n|{Ren\u00e9 Dinkel.,<a href=\"https:\/\/fr.wikipedia.org\/wiki\/Ren%C3%A9_Dinkel\" target=\"_blank\" rel=\"noopener noreferrer nofollow\">L\u2019article de presse.<\/a><span><\/span>}<br \/>\n|{Renaissance du Lille Ancien.,<a href=\"https:\/\/fr.wikipedia.org\/wiki\/Renaissance_du_Lille_Ancien\" target=\"_blank\" rel=\"noopener noreferrer nofollow\">A lire ici.<\/a><span><\/span>}<br \/>\n|{Restauration de la composition murale de la Maison de la Radio \u00e0 Strasbourg.,<a href=\"https:\/\/fr.wikipedia.org\/wiki\/Restauration_de_la_composition_murale_de_la_Maison_de_la_Radio_%C3%A0_Strasbourg\" target=\"_blank\" rel=\"noopener noreferrer nofollow\">Ici.<\/a><span><\/span>. Suite sur le prochain article.}<br \/>\n|{Ruine.,<a href=\"https:\/\/fr.wikipedia.org\/wiki\/Ruine\" target=\"_blank\" rel=\"noopener noreferrer nofollow\">Article complet.<\/a><span><\/span>}<br \/>\n|{Secteur sauvegard\u00e9 de Lille.,<a href=\"https:\/\/fr.wikipedia.org\/wiki\/Secteur_sauvegard%C3%A9_de_Lille\" target=\"_blank\" rel=\"noopener noreferrer nofollow\">Le post d\u2019actualit\u00e9.<\/a><span><\/span>}<br \/>\n|{Secteur sauvegard\u00e9 de Lille.,<a href=\"https:\/\/fr.wikipedia.org\/wiki\/Secteur_sauvegard%C3%A9_de_Lille\" target=\"_blank\" rel=\"noopener noreferrer nofollow\">Article complet.<\/a><span><\/span>. Suite sur le prochain article.}<br \/>\n|{Secteur sauvegard\u00e9 de Sedan.,<a href=\"https:\/\/fr.wikipedia.org\/wiki\/Secteur_sauvegard%C3%A9_de_Sedan\" target=\"_blank\" rel=\"noopener noreferrer nofollow\">L\u2019article de presse.<\/a><span><\/span>. Suite sur le prochain article.}<br \/>\n|{Secteur sauvegard\u00e9 de Sedan.,<a href=\"https:\/\/fr.wikipedia.org\/wiki\/Secteur_sauvegard%C3%A9_de_Sedan\" target=\"_blank\" rel=\"noopener noreferrer nofollow\">A lire ici.<\/a><span><\/span>. Suite sur le prochain article.}<br \/>\n|{Sites culturels construits d\u2019int\u00e9r\u00eat national en Finlande.,<a href=\"https:\/\/fr.wikipedia.org\/wiki\/Sites_culturels_construits_d%27int%C3%A9r%C3%AAt_national_en_Finlande\" target=\"_blank\" rel=\"noopener noreferrer nofollow\">Le texte de l\u2019article.<\/a><span><\/span>. Suite sur le prochain article.}<br \/>\n|{Sites culturels construits d\u2019int\u00e9r\u00eat national en Finlande.,<a href=\"https:\/\/fr.wikipedia.org\/wiki\/Sites_culturels_construits_d%27int%C3%A9r%C3%AAt_national_en_Finlande\" target=\"_blank\" rel=\"noopener noreferrer nofollow\">Cliquer ICI.<\/a><span><\/span>}<br \/>\n|{Sites historiques et culturels majeurs prot\u00e9g\u00e9s au niveau national.,<a href=\"https:\/\/fr.wikipedia.org\/wiki\/Sites_historiques_et_culturels_majeurs_prot%C3%A9g%C3%A9s_au_niveau_national\" target=\"_blank\" rel=\"noopener noreferrer nofollow\">L\u2019article de presse.<\/a><span><\/span>}<br \/>\n|{Sites historiques et culturels majeurs prot\u00e9g\u00e9s au niveau national.,<a href=\"https:\/\/fr.wikipedia.org\/wiki\/Sites_historiques_et_culturels_majeurs_prot%C3%A9g%C3%A9s_au_niveau_national\" target=\"_blank\" rel=\"noopener noreferrer nofollow\">Le post d\u2019actualit\u00e9.<\/a><span><\/span>. Suite sur le prochain article.}<br \/>\n|{Sites historiques et culturels majeurs prot\u00e9g\u00e9s au niveau national (Gansu).,<a href=\"https:\/\/fr.wikipedia.org\/wiki\/Sites_historiques_et_culturels_majeurs_prot%C3%A9g%C3%A9s_au_niveau_national_(Gansu)\" target=\"_blank\" rel=\"noopener noreferrer nofollow\">A lire ici.<\/a><span><\/span>}<br \/>\n|{Sites historiques et culturels majeurs prot\u00e9g\u00e9s au niveau national (Gansu).,<a href=\"https:\/\/fr.wikipedia.org\/wiki\/Sites_historiques_et_culturels_majeurs_prot%C3%A9g%C3%A9s_au_niveau_national_(Gansu)\" target=\"_blank\" rel=\"noopener noreferrer nofollow\">Cliquer ICI.<\/a><span><\/span>. Suite sur le prochain article.}<br \/>\n|{Sites historiques et culturels majeurs prot\u00e9g\u00e9s au niveau national (Hebei).,<a href=\"https:\/\/fr.wikipedia.org\/wiki\/Sites_historiques_et_culturels_majeurs_prot%C3%A9g%C3%A9s_au_niveau_national_(Hebei)\" target=\"_blank\" rel=\"noopener noreferrer nofollow\">Le dossier.<\/a><span><\/span>}<br \/>\n|{Sites historiques et culturels majeurs prot\u00e9g\u00e9s au niveau national (Hebei).,<a href=\"https:\/\/fr.wikipedia.org\/wiki\/Sites_historiques_et_culturels_majeurs_prot%C3%A9g%C3%A9s_au_niveau_national_(Hebei)\" target=\"_blank\" rel=\"noopener noreferrer nofollow\">L\u2019article ICI.<\/a><span><\/span>}<br \/>\n|{Sites historiques et culturels majeurs prot\u00e9g\u00e9s au niveau national (Heilongjiang).,<a href=\"https:\/\/fr.wikipedia.org\/wiki\/Sites_historiques_et_culturels_majeurs_prot%C3%A9g%C3%A9s_au_niveau_national_(Heilongjiang)\" target=\"_blank\" rel=\"noopener noreferrer nofollow\">Le post d\u2019actualit\u00e9.<\/a><span><\/span>}<br \/>\n|{Sites historiques et culturels majeurs prot\u00e9g\u00e9s au niveau national (Heilongjiang).,<a href=\"https:\/\/fr.wikipedia.org\/wiki\/Sites_historiques_et_culturels_majeurs_prot%C3%A9g%C3%A9s_au_niveau_national_(Heilongjiang)\" target=\"_blank\" rel=\"noopener noreferrer nofollow\">Article complet.<\/a><span><\/span>. Suite sur le prochain article.}<br \/>\n|{Sites historiques et culturels majeurs prot\u00e9g\u00e9s au niveau national (Jiangxi).,<a href=\"https:\/\/fr.wikipedia.org\/wiki\/Sites_historiques_et_culturels_majeurs_prot%C3%A9g%C3%A9s_au_niveau_national_(Jiangxi)\" target=\"_blank\" rel=\"noopener noreferrer nofollow\">L\u2019article de presse.<\/a><span><\/span>}<br \/>\n|{Sites historiques et culturels majeurs prot\u00e9g\u00e9s au niveau national (Jiangxi).,<a href=\"https:\/\/fr.wikipedia.org\/wiki\/Sites_historiques_et_culturels_majeurs_prot%C3%A9g%C3%A9s_au_niveau_national_(Jiangxi)\" target=\"_blank\" rel=\"noopener noreferrer nofollow\">Article complet.<\/a><span><\/span>}<br \/>\n|{Sites historiques et culturels majeurs prot\u00e9g\u00e9s au niveau national (Liaoning).,<a href=\"https:\/\/fr.wikipedia.org\/wiki\/Sites_historiques_et_culturels_majeurs_prot%C3%A9g%C3%A9s_au_niveau_national_(Liaoning)\" target=\"_blank\" rel=\"noopener noreferrer nofollow\">Ici.<\/a><span><\/span>}<br \/>\n|{Sites historiques et culturels majeurs prot\u00e9g\u00e9s au niveau national (Liaoning).,<a href=\"https:\/\/fr.wikipedia.org\/wiki\/Sites_historiques_et_culturels_majeurs_prot%C3%A9g%C3%A9s_au_niveau_national_(Liaoning)\" target=\"_blank\" rel=\"noopener noreferrer nofollow\">Le post d\u2019actualit\u00e9.<\/a><span><\/span>. Suite sur le prochain article.}<br \/>\n|{Sites historiques et culturels majeurs prot\u00e9g\u00e9s au niveau national (Mongolie int\u00e9rieure).,<a href=\"https:\/\/fr.wikipedia.org\/wiki\/Sites_historiques_et_culturels_majeurs_prot%C3%A9g%C3%A9s_au_niveau_national_(Mongolie_int%C3%A9rieure)\" target=\"_blank\" rel=\"noopener noreferrer nofollow\">Le post d\u2019actualit\u00e9.<\/a><span><\/span>. Suite sur le prochain article.}<br \/>\n|{Sites historiques et culturels majeurs prot\u00e9g\u00e9s au niveau national (Mongolie int\u00e9rieure).,<a href=\"https:\/\/fr.wikipedia.org\/wiki\/Sites_historiques_et_culturels_majeurs_prot%C3%A9g%C3%A9s_au_niveau_national_(Mongolie_int%C3%A9rieure)\" target=\"_blank\" rel=\"noopener noreferrer nofollow\">Ici.<\/a><span><\/span>}<br \/>\n|{Sites historiques et culturels majeurs prot\u00e9g\u00e9s au niveau national (Ningxia).,<a href=\"https:\/\/fr.wikipedia.org\/wiki\/Sites_historiques_et_culturels_majeurs_prot%C3%A9g%C3%A9s_au_niveau_national_(Ningxia)\" target=\"_blank\" rel=\"noopener noreferrer nofollow\">Ici.<\/a><span><\/span>}<br \/>\n|{Sites historiques et culturels majeurs prot\u00e9g\u00e9s au niveau national (Ningxia).,<a href=\"https:\/\/fr.wikipedia.org\/wiki\/Sites_historiques_et_culturels_majeurs_prot%C3%A9g%C3%A9s_au_niveau_national_(Ningxia)\" target=\"_blank\" rel=\"noopener noreferrer nofollow\">Le post d\u2019actualit\u00e9.<\/a><span><\/span>}<br \/>\n|{Sites historiques et culturels majeurs prot\u00e9g\u00e9s au niveau national (Shaanxi).,<a href=\"https:\/\/fr.wikipedia.org\/wiki\/Sites_historiques_et_culturels_majeurs_prot%C3%A9g%C3%A9s_au_niveau_national_(Shaanxi)\" target=\"_blank\" rel=\"noopener noreferrer nofollow\">Le post d\u2019actualit\u00e9.<\/a><span><\/span>. Suite sur le prochain article.}<br \/>\n|{Sites historiques et culturels majeurs prot\u00e9g\u00e9s au niveau national (Shaanxi).,<a href=\"https:\/\/fr.wikipedia.org\/wiki\/Sites_historiques_et_culturels_majeurs_prot%C3%A9g%C3%A9s_au_niveau_national_(Shaanxi)\" target=\"_blank\" rel=\"noopener noreferrer nofollow\">Le dossier.<\/a><span><\/span>. Suite sur le prochain article.}<br \/>\n|{Sites historiques et culturels majeurs prot\u00e9g\u00e9s au niveau national (Sichuan).,<a href=\"https:\/\/fr.wikipedia.org\/wiki\/Sites_historiques_et_culturels_majeurs_prot%C3%A9g%C3%A9s_au_niveau_national_(Sichuan)\" target=\"_blank\" rel=\"noopener noreferrer nofollow\">A lire ici.<\/a><span><\/span>}<br \/>\n|{Sites historiques et culturels majeurs prot\u00e9g\u00e9s au niveau national (Sichuan).,<a href=\"https:\/\/fr.wikipedia.org\/wiki\/Sites_historiques_et_culturels_majeurs_prot%C3%A9g%C3%A9s_au_niveau_national_(Sichuan)\" target=\"_blank\" rel=\"noopener noreferrer nofollow\">Ici.<\/a><span><\/span>. Suite sur le prochain article.}<br \/>\n|{Sites historiques et culturels majeurs prot\u00e9g\u00e9s au niveau national (Xinjiang).,<a href=\"https:\/\/fr.wikipedia.org\/wiki\/Sites_historiques_et_culturels_majeurs_prot%C3%A9g%C3%A9s_au_niveau_national_(Xinjiang)\" target=\"_blank\" rel=\"noopener noreferrer nofollow\">Le dossier.<\/a><span><\/span>. Suite sur le prochain article.}<br \/>\n|{Sites historiques et culturels majeurs prot\u00e9g\u00e9s au niveau national (Xinjiang).,<a href=\"https:\/\/fr.wikipedia.org\/wiki\/Sites_historiques_et_culturels_majeurs_prot%C3%A9g%C3%A9s_au_niveau_national_(Xinjiang)\" target=\"_blank\" rel=\"noopener noreferrer nofollow\">Le texte de l\u2019article.<\/a><span><\/span>}<br \/>\n|{Sites historiques et culturels majeurs prot\u00e9g\u00e9s de la r\u00e9gion autonome du Tibet.,<a href=\"https:\/\/fr.wikipedia.org\/wiki\/Sites_historiques_et_culturels_majeurs_prot%C3%A9g%C3%A9s_de_la_r%C3%A9gion_autonome_du_Tibet\" target=\"_blank\" rel=\"noopener noreferrer nofollow\">Cliquer ICI.<\/a><span><\/span>}<br \/>\n|{Sites historiques et culturels majeurs prot\u00e9g\u00e9s de la r\u00e9gion autonome du Tibet.,<a href=\"https:\/\/fr.wikipedia.org\/wiki\/Sites_historiques_et_culturels_majeurs_prot%C3%A9g%C3%A9s_de_la_r%C3%A9gion_autonome_du_Tibet\" target=\"_blank\" rel=\"noopener noreferrer nofollow\">Ici.<\/a><span><\/span>}<br \/>\n|{Soci\u00e9t\u00e9 Jersiaise.,<a href=\"https:\/\/fr.wikipedia.org\/wiki\/Soci%C3%A9t%C3%A9_Jersiaise\" target=\"_blank\" rel=\"noopener noreferrer nofollow\">L\u2019article de presse.<\/a><span><\/span>}<br \/>\n|{Soci\u00e9t\u00e9 Jersiaise.,<a href=\"https:\/\/fr.wikipedia.org\/wiki\/Soci%C3%A9t%C3%A9_Jersiaise\" target=\"_blank\" rel=\"noopener noreferrer nofollow\">Article complet.<\/a><span><\/span>}<br \/>\n|{Th\u00e9orie de la restauration.,<a href=\"https:\/\/fr.wikipedia.org\/wiki\/Th%C3%A9orie_de_la_restauration\" target=\"_blank\" rel=\"noopener noreferrer nofollow\">Le texte de l\u2019article.<\/a><span><\/span>}<br \/>\n|{Tr\u00e9sor national (Japon).,<a href=\"https:\/\/fr.wikipedia.org\/wiki\/Tr%C3%A9sor_national_(Japon)\" target=\"_blank\" rel=\"noopener noreferrer nofollow\">A lire ici.<\/a><span><\/span>}<br \/>\n|{Web Journal on Cultural Patrimony.,<a href=\"https:\/\/fr.wikipedia.org\/wiki\/Web_Journal_on_Cultural_Patrimony\" target=\"_blank\" rel=\"noopener noreferrer nofollow\">Article complet.<\/a><span><\/span>. Suite sur le prochain article.}<br \/>\n|{Whanganui.,<a href=\"https:\/\/fr.wikipedia.org\/wiki\/Whanganui\" target=\"_blank\" rel=\"noopener noreferrer nofollow\">A lire ici.<\/a><span><\/span>}<br \/>\n|{Wiki Loves Earth.,<a href=\"https:\/\/fr.wikipedia.org\/wiki\/Wiki_Loves_Earth\" target=\"_blank\" rel=\"noopener noreferrer nofollow\">Le dossier.<\/a><span><\/span>}<br \/>\n|{Wiki Loves Monuments.,<a href=\"https:\/\/fr.wikipedia.org\/wiki\/Wiki_Loves_Monuments\" target=\"_blank\" rel=\"noopener noreferrer nofollow\">L\u2019article ICI.<\/a><span><\/span>}<br \/>\n|{vitrail.,<a href=\"https:\/\/fr.wikipedia.orghttps\/\/fr.wikipedia.org\/wiki\/Vitrail\" target=\"_blank\" rel=\"noopener noreferrer nofollow\">Le dossier.<\/a><span><\/span>. Suite sur le prochain article.}<br \/>\n|{Les ICC Notes de l\u2019Institut canadien pour la conservation.,<a href=\"https:\/\/www.canada.ca\/fr\/institut-conservation\/services\/publications-conservation-preservation\/notes-institut-canadien-conservation.html\" target=\"_blank\" rel=\"noopener noreferrer nofollow\">L\u2019article de presse.<\/a><span><\/span>}<br \/>\n|{Centre de conservation du Qu\u00e9bec .,<a href=\"https:\/\/www.ccq.gouv.qc.ca\/index-id%3D84.html\" target=\"_blank\" rel=\"noopener noreferrer nofollow\">Ici.<\/a><span><\/span>. Suite sur le prochain article.}<br \/>\n|{Monumental n\u00b022 Conservation, restauration, restauration, doctrines.,<a href=\"https:\/\/www.editions-du-patrimoine.fr\/Librairie\/Monumental\/Monumental-N-22-Conservation.-restauration-doctrines?pRelatedEditions=3\" target=\"_blank\" rel=\"noopener noreferrer nofollow\">Ici.<\/a><span><\/span>}<br \/>\n|{Ge-conservacion.,<a href=\"https:\/\/www.ge-iic.com\/ojs\/index.php\/revista\/issue\/archive\" target=\"_blank\" rel=\"noopener noreferrer nofollow\">L\u2019article ICI.<\/a><span><\/span>}<br \/>\n|{en ligne ici.,<a href=\"https:\/\/www.ifla.org\/resources\/?_sfm_resource_topic=1200820&amp;_sfm_resource_type=All\" target=\"_blank\" rel=\"noopener noreferrer nofollow\">Cliquer ICI.<\/a><span><\/span>}<br \/>\n|{News in Conservation.,<a href=\"https:\/\/www.iiconservation.org\/publications\/nic\" target=\"_blank\" rel=\"noopener noreferrer nofollow\">Le texte de l\u2019article.<\/a><span><\/span>. Suite sur le prochain article.}<br \/>\n|{Image permanence Institute.,<a href=\"https:\/\/www.imagepermanenceinstitute.org\/education\/publications.html\" target=\"_blank\" rel=\"noopener noreferrer nofollow\">L\u2019article de presse.<\/a><span><\/span>. Suite sur le prochain article.}<br \/>\n|{Les Preservation leaflets du NEDCC \u2013 Northeast document center.,<a href=\"https:\/\/www.nedcc.org\/free-resources\/preservation-leaflets\/overview\" target=\"_blank\" rel=\"noopener noreferrer nofollow\">Article complet.<\/a><span><\/span>}<br \/>\n|{Conserve O Gram du National Park Service.,<a href=\"https:\/\/www.nps.gov\/museum\/publications\/conserveogram\/cons_toc.html\" target=\"_blank\" rel=\"noopener noreferrer nofollow\">Ici.<\/a><span><\/span>}<br \/>\n|{Petite histoire de la restauration des monuments historiques.,<a href=\"https:\/\/www.tourisme93.com\/petite-histoire-de-la-restauration-des-monuments-historiques.html\" target=\"_blank\" rel=\"noopener noreferrer nofollow\">Cliquer ICI.<\/a><span><\/span>}<br \/>\n}<\/p>\n<\/div>\n","protected":false},"excerpt":{"rendered":"<p>Vendredi, le Pakistan a \u00e9t\u00e9 t\u00e9moin de manifestations g\u00e9n\u00e9ralis\u00e9es dans les grandes villes alors que les citoyens se rassemblaient pour exprimer leur solidarit\u00e9 avec le peuple palestinien et condamner le conflit en cours \u00e0 Gaza. Les partis politiques et les organisations de la soci\u00e9t\u00e9 civile de divers horizons ont particip\u00e9 aux manifestations. \u00c0 Lahore, la [&hellip;]<\/p>\n","protected":false},"author":3,"featured_media":782,"comment_status":"closed","ping_status":"closed","sticky":false,"template":"","format":"standard","meta":{"footnotes":""},"categories":[2],"tags":[],"class_list":["post-781","post","type-post","status-publish","format-standard","has-post-thumbnail","hentry","category-patrimoine","entry","has-media"],"yoast_head":"<!-- This site is optimized with the Yoast SEO plugin v27.5 - https:\/\/yoast.com\/product\/yoast-seo-wordpress\/ -->\n<title>Protestes pro-palestiniens tenues dans tout le Pakistan - LESGROTTESDESAINTCEZAIRE<\/title>\n<meta name=\"description\" content=\"Protestes pro-palestiniens tenues dans tout le Pakistan article de LESGROTTESDESAINTCEZAIRE\" \/>\n<meta name=\"robots\" content=\"index, follow, max-snippet:-1, max-image-preview:large, max-video-preview:-1\" \/>\n<link rel=\"canonical\" href=\"https:\/\/www.lesgrottesdesaintcezaire.fr\/blog\/protestes-pro-palestiniens-tenues-dans-tout-le-pakistan\/\" \/>\n<meta property=\"og:locale\" content=\"fr_FR\" \/>\n<meta property=\"og:type\" content=\"article\" \/>\n<meta property=\"og:title\" content=\"Protestes pro-palestiniens tenues dans tout le Pakistan - LESGROTTESDESAINTCEZAIRE\" \/>\n<meta property=\"og:description\" content=\"Protestes pro-palestiniens tenues dans tout le Pakistan article de LESGROTTESDESAINTCEZAIRE\" \/>\n<meta property=\"og:url\" content=\"https:\/\/www.lesgrottesdesaintcezaire.fr\/blog\/protestes-pro-palestiniens-tenues-dans-tout-le-pakistan\/\" \/>\n<meta property=\"og:site_name\" content=\"LESGROTTESDESAINTCEZAIRE\" \/>\n<meta property=\"article:published_time\" content=\"2025-04-12T13:03:32+00:00\" \/>\n<meta property=\"og:image\" content=\"https:\/\/www.lesgrottesdesaintcezaire.fr\/blog\/wp-content\/uploads\/2025\/04\/Les-manifestants-ciblent-les-chaines-de-restauration-rapide-aux-Etats-Unis-1024x575-1.jpg\" \/>\n<meta name=\"author\" content=\"Fabienne MOUTON\" \/>\n<meta name=\"twitter:card\" content=\"summary_large_image\" \/>\n<meta name=\"twitter:label1\" content=\"\u00c9crit par\" \/>\n\t<meta name=\"twitter:data1\" content=\"Fabienne MOUTON\" \/>\n\t<meta name=\"twitter:label2\" content=\"Dur\u00e9e de lecture estim\u00e9e\" \/>\n\t<meta name=\"twitter:data2\" content=\"24 minutes\" \/>\n<script type=\"application\/ld+json\" class=\"yoast-schema-graph\">{\"@context\":\"https:\\\/\\\/schema.org\",\"@graph\":[{\"@type\":\"Article\",\"@id\":\"https:\\\/\\\/www.lesgrottesdesaintcezaire.fr\\\/blog\\\/protestes-pro-palestiniens-tenues-dans-tout-le-pakistan\\\/#article\",\"isPartOf\":{\"@id\":\"https:\\\/\\\/www.lesgrottesdesaintcezaire.fr\\\/blog\\\/protestes-pro-palestiniens-tenues-dans-tout-le-pakistan\\\/\"},\"author\":{\"name\":\"Fabienne MOUTON\",\"@id\":\"https:\\\/\\\/www.lesgrottesdesaintcezaire.fr\\\/blog\\\/#\\\/schema\\\/person\\\/23d9a2ac249ecb9460a4ebce885adb9b\"},\"headline\":\"Protestes pro-palestiniens tenues dans tout le Pakistan\",\"datePublished\":\"2025-04-12T13:03:32+00:00\",\"mainEntityOfPage\":{\"@id\":\"https:\\\/\\\/www.lesgrottesdesaintcezaire.fr\\\/blog\\\/protestes-pro-palestiniens-tenues-dans-tout-le-pakistan\\\/\"},\"wordCount\":4874,\"publisher\":{\"@id\":\"https:\\\/\\\/www.lesgrottesdesaintcezaire.fr\\\/blog\\\/#organization\"},\"image\":{\"@id\":\"https:\\\/\\\/www.lesgrottesdesaintcezaire.fr\\\/blog\\\/protestes-pro-palestiniens-tenues-dans-tout-le-pakistan\\\/#primaryimage\"},\"thumbnailUrl\":\"https:\\\/\\\/www.lesgrottesdesaintcezaire.fr\\\/blog\\\/wp-content\\\/uploads\\\/2025\\\/04\\\/Les-manifestants-ciblent-les-chaines-de-restauration-rapide-aux-Etats-Unis-1024x575-1.jpg\",\"articleSection\":[\"Patrimoine:\"],\"inLanguage\":\"fr-FR\"},{\"@type\":\"WebPage\",\"@id\":\"https:\\\/\\\/www.lesgrottesdesaintcezaire.fr\\\/blog\\\/protestes-pro-palestiniens-tenues-dans-tout-le-pakistan\\\/\",\"url\":\"https:\\\/\\\/www.lesgrottesdesaintcezaire.fr\\\/blog\\\/protestes-pro-palestiniens-tenues-dans-tout-le-pakistan\\\/\",\"name\":\"Protestes pro-palestiniens tenues dans tout le Pakistan - LESGROTTESDESAINTCEZAIRE\",\"isPartOf\":{\"@id\":\"https:\\\/\\\/www.lesgrottesdesaintcezaire.fr\\\/blog\\\/#website\"},\"primaryImageOfPage\":{\"@id\":\"https:\\\/\\\/www.lesgrottesdesaintcezaire.fr\\\/blog\\\/protestes-pro-palestiniens-tenues-dans-tout-le-pakistan\\\/#primaryimage\"},\"image\":{\"@id\":\"https:\\\/\\\/www.lesgrottesdesaintcezaire.fr\\\/blog\\\/protestes-pro-palestiniens-tenues-dans-tout-le-pakistan\\\/#primaryimage\"},\"thumbnailUrl\":\"https:\\\/\\\/www.lesgrottesdesaintcezaire.fr\\\/blog\\\/wp-content\\\/uploads\\\/2025\\\/04\\\/Les-manifestants-ciblent-les-chaines-de-restauration-rapide-aux-Etats-Unis-1024x575-1.jpg\",\"datePublished\":\"2025-04-12T13:03:32+00:00\",\"description\":\"Protestes pro-palestiniens tenues dans tout le Pakistan article de LESGROTTESDESAINTCEZAIRE\",\"breadcrumb\":{\"@id\":\"https:\\\/\\\/www.lesgrottesdesaintcezaire.fr\\\/blog\\\/protestes-pro-palestiniens-tenues-dans-tout-le-pakistan\\\/#breadcrumb\"},\"inLanguage\":\"fr-FR\",\"potentialAction\":[{\"@type\":\"ReadAction\",\"target\":[\"https:\\\/\\\/www.lesgrottesdesaintcezaire.fr\\\/blog\\\/protestes-pro-palestiniens-tenues-dans-tout-le-pakistan\\\/\"]}]},{\"@type\":\"ImageObject\",\"inLanguage\":\"fr-FR\",\"@id\":\"https:\\\/\\\/www.lesgrottesdesaintcezaire.fr\\\/blog\\\/protestes-pro-palestiniens-tenues-dans-tout-le-pakistan\\\/#primaryimage\",\"url\":\"https:\\\/\\\/www.lesgrottesdesaintcezaire.fr\\\/blog\\\/wp-content\\\/uploads\\\/2025\\\/04\\\/Les-manifestants-ciblent-les-chaines-de-restauration-rapide-aux-Etats-Unis-1024x575-1.jpg\",\"contentUrl\":\"https:\\\/\\\/www.lesgrottesdesaintcezaire.fr\\\/blog\\\/wp-content\\\/uploads\\\/2025\\\/04\\\/Les-manifestants-ciblent-les-chaines-de-restauration-rapide-aux-Etats-Unis-1024x575-1.jpg\",\"width\":1024,\"height\":575,\"caption\":\"Les manifestants ciblent les chaines de restauration rapide aux Etats Unis 1024x575 1\"},{\"@type\":\"BreadcrumbList\",\"@id\":\"https:\\\/\\\/www.lesgrottesdesaintcezaire.fr\\\/blog\\\/protestes-pro-palestiniens-tenues-dans-tout-le-pakistan\\\/#breadcrumb\",\"itemListElement\":[{\"@type\":\"ListItem\",\"position\":1,\"name\":\"Accueil\",\"item\":\"https:\\\/\\\/www.lesgrottesdesaintcezaire.fr\\\/blog\\\/\"},{\"@type\":\"ListItem\",\"position\":2,\"name\":\"Protestes pro-palestiniens tenues dans tout le Pakistan\"}]},{\"@type\":\"WebSite\",\"@id\":\"https:\\\/\\\/www.lesgrottesdesaintcezaire.fr\\\/blog\\\/#website\",\"url\":\"https:\\\/\\\/www.lesgrottesdesaintcezaire.fr\\\/blog\\\/\",\"name\":\"LESGROTTESDESAINTCEZAIRE\",\"description\":\"Patrimoine: Le site de r\u00e9f\u00e9rence.\",\"publisher\":{\"@id\":\"https:\\\/\\\/www.lesgrottesdesaintcezaire.fr\\\/blog\\\/#organization\"},\"potentialAction\":[{\"@type\":\"SearchAction\",\"target\":{\"@type\":\"EntryPoint\",\"urlTemplate\":\"https:\\\/\\\/www.lesgrottesdesaintcezaire.fr\\\/blog\\\/?s={search_term_string}\"},\"query-input\":{\"@type\":\"PropertyValueSpecification\",\"valueRequired\":true,\"valueName\":\"search_term_string\"}}],\"inLanguage\":\"fr-FR\"},{\"@type\":\"Organization\",\"@id\":\"https:\\\/\\\/www.lesgrottesdesaintcezaire.fr\\\/blog\\\/#organization\",\"name\":\"lesgrottesdesaintcezaire\",\"url\":\"https:\\\/\\\/www.lesgrottesdesaintcezaire.fr\\\/blog\\\/\",\"logo\":{\"@type\":\"ImageObject\",\"inLanguage\":\"fr-FR\",\"@id\":\"https:\\\/\\\/www.lesgrottesdesaintcezaire.fr\\\/blog\\\/#\\\/schema\\\/logo\\\/image\\\/\",\"url\":\"https:\\\/\\\/www.lesgrottesdesaintcezaire.fr\\\/blog\\\/wp-content\\\/uploads\\\/2022\\\/05\\\/logo-2.png\",\"contentUrl\":\"https:\\\/\\\/www.lesgrottesdesaintcezaire.fr\\\/blog\\\/wp-content\\\/uploads\\\/2022\\\/05\\\/logo-2.png\",\"width\":150,\"height\":209,\"caption\":\"lesgrottesdesaintcezaire\"},\"image\":{\"@id\":\"https:\\\/\\\/www.lesgrottesdesaintcezaire.fr\\\/blog\\\/#\\\/schema\\\/logo\\\/image\\\/\"}},{\"@type\":\"Person\",\"@id\":\"https:\\\/\\\/www.lesgrottesdesaintcezaire.fr\\\/blog\\\/#\\\/schema\\\/person\\\/23d9a2ac249ecb9460a4ebce885adb9b\",\"name\":\"Fabienne MOUTON\",\"image\":{\"@type\":\"ImageObject\",\"inLanguage\":\"fr-FR\",\"@id\":\"https:\\\/\\\/secure.gravatar.com\\\/avatar\\\/856d7a14385bb0216de9c5cf9fb1160ddbd11c00be5bb16cfe389b9971309649?s=96&d=mm&r=g\",\"url\":\"https:\\\/\\\/secure.gravatar.com\\\/avatar\\\/856d7a14385bb0216de9c5cf9fb1160ddbd11c00be5bb16cfe389b9971309649?s=96&d=mm&r=g\",\"contentUrl\":\"https:\\\/\\\/secure.gravatar.com\\\/avatar\\\/856d7a14385bb0216de9c5cf9fb1160ddbd11c00be5bb16cfe389b9971309649?s=96&d=mm&r=g\",\"caption\":\"Fabienne MOUTON\"},\"url\":\"https:\\\/\\\/www.lesgrottesdesaintcezaire.fr\\\/blog\\\/author\\\/irefabienne\\\/\"}]}<\/script>\n<!-- \/ Yoast SEO plugin. -->","yoast_head_json":{"title":"Protestes pro-palestiniens tenues dans tout le Pakistan - LESGROTTESDESAINTCEZAIRE","description":"Protestes pro-palestiniens tenues dans tout le Pakistan article de LESGROTTESDESAINTCEZAIRE","robots":{"index":"index","follow":"follow","max-snippet":"max-snippet:-1","max-image-preview":"max-image-preview:large","max-video-preview":"max-video-preview:-1"},"canonical":"https:\/\/www.lesgrottesdesaintcezaire.fr\/blog\/protestes-pro-palestiniens-tenues-dans-tout-le-pakistan\/","og_locale":"fr_FR","og_type":"article","og_title":"Protestes pro-palestiniens tenues dans tout le Pakistan - LESGROTTESDESAINTCEZAIRE","og_description":"Protestes pro-palestiniens tenues dans tout le Pakistan article de LESGROTTESDESAINTCEZAIRE","og_url":"https:\/\/www.lesgrottesdesaintcezaire.fr\/blog\/protestes-pro-palestiniens-tenues-dans-tout-le-pakistan\/","og_site_name":"LESGROTTESDESAINTCEZAIRE","article_published_time":"2025-04-12T13:03:32+00:00","og_image":[{"url":"https:\/\/www.lesgrottesdesaintcezaire.fr\/blog\/wp-content\/uploads\/2025\/04\/Les-manifestants-ciblent-les-chaines-de-restauration-rapide-aux-Etats-Unis-1024x575-1.jpg","type":"","width":"","height":""}],"author":"Fabienne MOUTON","twitter_card":"summary_large_image","twitter_misc":{"\u00c9crit par":"Fabienne MOUTON","Dur\u00e9e de lecture estim\u00e9e":"24 minutes"},"schema":{"@context":"https:\/\/schema.org","@graph":[{"@type":"Article","@id":"https:\/\/www.lesgrottesdesaintcezaire.fr\/blog\/protestes-pro-palestiniens-tenues-dans-tout-le-pakistan\/#article","isPartOf":{"@id":"https:\/\/www.lesgrottesdesaintcezaire.fr\/blog\/protestes-pro-palestiniens-tenues-dans-tout-le-pakistan\/"},"author":{"name":"Fabienne MOUTON","@id":"https:\/\/www.lesgrottesdesaintcezaire.fr\/blog\/#\/schema\/person\/23d9a2ac249ecb9460a4ebce885adb9b"},"headline":"Protestes pro-palestiniens tenues dans tout le Pakistan","datePublished":"2025-04-12T13:03:32+00:00","mainEntityOfPage":{"@id":"https:\/\/www.lesgrottesdesaintcezaire.fr\/blog\/protestes-pro-palestiniens-tenues-dans-tout-le-pakistan\/"},"wordCount":4874,"publisher":{"@id":"https:\/\/www.lesgrottesdesaintcezaire.fr\/blog\/#organization"},"image":{"@id":"https:\/\/www.lesgrottesdesaintcezaire.fr\/blog\/protestes-pro-palestiniens-tenues-dans-tout-le-pakistan\/#primaryimage"},"thumbnailUrl":"https:\/\/www.lesgrottesdesaintcezaire.fr\/blog\/wp-content\/uploads\/2025\/04\/Les-manifestants-ciblent-les-chaines-de-restauration-rapide-aux-Etats-Unis-1024x575-1.jpg","articleSection":["Patrimoine:"],"inLanguage":"fr-FR"},{"@type":"WebPage","@id":"https:\/\/www.lesgrottesdesaintcezaire.fr\/blog\/protestes-pro-palestiniens-tenues-dans-tout-le-pakistan\/","url":"https:\/\/www.lesgrottesdesaintcezaire.fr\/blog\/protestes-pro-palestiniens-tenues-dans-tout-le-pakistan\/","name":"Protestes pro-palestiniens tenues dans tout le Pakistan - LESGROTTESDESAINTCEZAIRE","isPartOf":{"@id":"https:\/\/www.lesgrottesdesaintcezaire.fr\/blog\/#website"},"primaryImageOfPage":{"@id":"https:\/\/www.lesgrottesdesaintcezaire.fr\/blog\/protestes-pro-palestiniens-tenues-dans-tout-le-pakistan\/#primaryimage"},"image":{"@id":"https:\/\/www.lesgrottesdesaintcezaire.fr\/blog\/protestes-pro-palestiniens-tenues-dans-tout-le-pakistan\/#primaryimage"},"thumbnailUrl":"https:\/\/www.lesgrottesdesaintcezaire.fr\/blog\/wp-content\/uploads\/2025\/04\/Les-manifestants-ciblent-les-chaines-de-restauration-rapide-aux-Etats-Unis-1024x575-1.jpg","datePublished":"2025-04-12T13:03:32+00:00","description":"Protestes pro-palestiniens tenues dans tout le Pakistan article de LESGROTTESDESAINTCEZAIRE","breadcrumb":{"@id":"https:\/\/www.lesgrottesdesaintcezaire.fr\/blog\/protestes-pro-palestiniens-tenues-dans-tout-le-pakistan\/#breadcrumb"},"inLanguage":"fr-FR","potentialAction":[{"@type":"ReadAction","target":["https:\/\/www.lesgrottesdesaintcezaire.fr\/blog\/protestes-pro-palestiniens-tenues-dans-tout-le-pakistan\/"]}]},{"@type":"ImageObject","inLanguage":"fr-FR","@id":"https:\/\/www.lesgrottesdesaintcezaire.fr\/blog\/protestes-pro-palestiniens-tenues-dans-tout-le-pakistan\/#primaryimage","url":"https:\/\/www.lesgrottesdesaintcezaire.fr\/blog\/wp-content\/uploads\/2025\/04\/Les-manifestants-ciblent-les-chaines-de-restauration-rapide-aux-Etats-Unis-1024x575-1.jpg","contentUrl":"https:\/\/www.lesgrottesdesaintcezaire.fr\/blog\/wp-content\/uploads\/2025\/04\/Les-manifestants-ciblent-les-chaines-de-restauration-rapide-aux-Etats-Unis-1024x575-1.jpg","width":1024,"height":575,"caption":"Les manifestants ciblent les chaines de restauration rapide aux Etats Unis 1024x575 1"},{"@type":"BreadcrumbList","@id":"https:\/\/www.lesgrottesdesaintcezaire.fr\/blog\/protestes-pro-palestiniens-tenues-dans-tout-le-pakistan\/#breadcrumb","itemListElement":[{"@type":"ListItem","position":1,"name":"Accueil","item":"https:\/\/www.lesgrottesdesaintcezaire.fr\/blog\/"},{"@type":"ListItem","position":2,"name":"Protestes pro-palestiniens tenues dans tout le Pakistan"}]},{"@type":"WebSite","@id":"https:\/\/www.lesgrottesdesaintcezaire.fr\/blog\/#website","url":"https:\/\/www.lesgrottesdesaintcezaire.fr\/blog\/","name":"LESGROTTESDESAINTCEZAIRE","description":"Patrimoine: Le site de r\u00e9f\u00e9rence.","publisher":{"@id":"https:\/\/www.lesgrottesdesaintcezaire.fr\/blog\/#organization"},"potentialAction":[{"@type":"SearchAction","target":{"@type":"EntryPoint","urlTemplate":"https:\/\/www.lesgrottesdesaintcezaire.fr\/blog\/?s={search_term_string}"},"query-input":{"@type":"PropertyValueSpecification","valueRequired":true,"valueName":"search_term_string"}}],"inLanguage":"fr-FR"},{"@type":"Organization","@id":"https:\/\/www.lesgrottesdesaintcezaire.fr\/blog\/#organization","name":"lesgrottesdesaintcezaire","url":"https:\/\/www.lesgrottesdesaintcezaire.fr\/blog\/","logo":{"@type":"ImageObject","inLanguage":"fr-FR","@id":"https:\/\/www.lesgrottesdesaintcezaire.fr\/blog\/#\/schema\/logo\/image\/","url":"https:\/\/www.lesgrottesdesaintcezaire.fr\/blog\/wp-content\/uploads\/2022\/05\/logo-2.png","contentUrl":"https:\/\/www.lesgrottesdesaintcezaire.fr\/blog\/wp-content\/uploads\/2022\/05\/logo-2.png","width":150,"height":209,"caption":"lesgrottesdesaintcezaire"},"image":{"@id":"https:\/\/www.lesgrottesdesaintcezaire.fr\/blog\/#\/schema\/logo\/image\/"}},{"@type":"Person","@id":"https:\/\/www.lesgrottesdesaintcezaire.fr\/blog\/#\/schema\/person\/23d9a2ac249ecb9460a4ebce885adb9b","name":"Fabienne MOUTON","image":{"@type":"ImageObject","inLanguage":"fr-FR","@id":"https:\/\/secure.gravatar.com\/avatar\/856d7a14385bb0216de9c5cf9fb1160ddbd11c00be5bb16cfe389b9971309649?s=96&d=mm&r=g","url":"https:\/\/secure.gravatar.com\/avatar\/856d7a14385bb0216de9c5cf9fb1160ddbd11c00be5bb16cfe389b9971309649?s=96&d=mm&r=g","contentUrl":"https:\/\/secure.gravatar.com\/avatar\/856d7a14385bb0216de9c5cf9fb1160ddbd11c00be5bb16cfe389b9971309649?s=96&d=mm&r=g","caption":"Fabienne MOUTON"},"url":"https:\/\/www.lesgrottesdesaintcezaire.fr\/blog\/author\/irefabienne\/"}]}},"_links":{"self":[{"href":"https:\/\/www.lesgrottesdesaintcezaire.fr\/blog\/wp-json\/wp\/v2\/posts\/781","targetHints":{"allow":["GET"]}}],"collection":[{"href":"https:\/\/www.lesgrottesdesaintcezaire.fr\/blog\/wp-json\/wp\/v2\/posts"}],"about":[{"href":"https:\/\/www.lesgrottesdesaintcezaire.fr\/blog\/wp-json\/wp\/v2\/types\/post"}],"author":[{"embeddable":true,"href":"https:\/\/www.lesgrottesdesaintcezaire.fr\/blog\/wp-json\/wp\/v2\/users\/3"}],"replies":[{"embeddable":true,"href":"https:\/\/www.lesgrottesdesaintcezaire.fr\/blog\/wp-json\/wp\/v2\/comments?post=781"}],"version-history":[{"count":0,"href":"https:\/\/www.lesgrottesdesaintcezaire.fr\/blog\/wp-json\/wp\/v2\/posts\/781\/revisions"}],"wp:featuredmedia":[{"embeddable":true,"href":"https:\/\/www.lesgrottesdesaintcezaire.fr\/blog\/wp-json\/wp\/v2\/media\/782"}],"wp:attachment":[{"href":"https:\/\/www.lesgrottesdesaintcezaire.fr\/blog\/wp-json\/wp\/v2\/media?parent=781"}],"wp:term":[{"taxonomy":"category","embeddable":true,"href":"https:\/\/www.lesgrottesdesaintcezaire.fr\/blog\/wp-json\/wp\/v2\/categories?post=781"},{"taxonomy":"post_tag","embeddable":true,"href":"https:\/\/www.lesgrottesdesaintcezaire.fr\/blog\/wp-json\/wp\/v2\/tags?post=781"}],"curies":[{"name":"wp","href":"https:\/\/api.w.org\/{rel}","templated":true}]}}