{"id":783,"date":"2025-04-21T12:14:18","date_gmt":"2025-04-21T10:14:18","guid":{"rendered":"https:\/\/www.lesgrottesdesaintcezaire.fr\/blog\/le-ministre-des-finances-smotrich-dit-que-vaincre-le-hamas-plus-important-que-le-sauvetage-dotages\/"},"modified":"2025-04-21T12:14:18","modified_gmt":"2025-04-21T10:14:18","slug":"le-ministre-des-finances-smotrich-dit-que-vaincre-le-hamas-plus-important-que-le-sauvetage-dotages","status":"publish","type":"post","link":"https:\/\/www.lesgrottesdesaintcezaire.fr\/blog\/le-ministre-des-finances-smotrich-dit-que-vaincre-le-hamas-plus-important-que-le-sauvetage-dotages\/","title":{"rendered":"Le ministre des Finances Smotrich dit que vaincre le Hamas plus important que le sauvetage d&rsquo;otages"},"content":{"rendered":"<div><img width=\"580\" height=\"386\" src=\"https:\/\/www.lesgrottesdesaintcezaire.fr\/blog\/wp-content\/uploads\/2025\/04\/Des-ministres-israeliens-de-droite-qualifient-le-projet-daccord-dotages-1024x682-1.jpg\" class=\"attachment-large size-large wp-post-image\" alt=\"Des-ministres-israeliens-de-droite-qualifient-le-projet-daccord-dotages\" style=\"float:left; margin:0 15px 15px 0;\" decoding=\"async\" srcset=\"https:\/\/www.lesgrottesdesaintcezaire.fr\/blog\/wp-content\/uploads\/2025\/04\/Des-ministres-israeliens-de-droite-qualifient-le-projet-daccord-dotages-1024x682-1.jpg 1024w, https:\/\/www.site.cdcl.xyz\/wp-content\/uploads\/2024\/05\/Des-ministres-israeliens-de-droite-qualifient-le-projet-daccord-dotages-300x200.jpg 300w, https:\/\/www.site.cdcl.xyz\/wp-content\/uploads\/2024\/05\/Des-ministres-israeliens-de-droite-qualifient-le-projet-daccord-dotages-768x512.jpg 768w, https:\/\/www.site.cdcl.xyz\/wp-content\/uploads\/2024\/05\/Des-ministres-israeliens-de-droite-qualifient-le-projet-daccord-dotages-1536x1024.jpg 1536w, https:\/\/www.site.cdcl.xyz\/wp-content\/uploads\/2024\/05\/Des-ministres-israeliens-de-droite-qualifient-le-projet-daccord-dotages-2048x1365.jpg 2048w, https:\/\/www.site.cdcl.xyz\/wp-content\/uploads\/2024\/05\/Des-ministres-israeliens-de-droite-qualifient-le-projet-daccord-dotages-1200x800.jpg 1200w, https:\/\/www.site.cdcl.xyz\/wp-content\/uploads\/2024\/05\/Des-ministres-israeliens-de-droite-qualifient-le-projet-daccord-dotages-1980x1319.jpg 1980w\" sizes=\"(max-width: 580px) 100vw, 580px\"><\/p>\n<p><img decoding=\"async\" src=\"https:\/\/www.lesgrottesdesaintcezaire.fr\/blog\/wp-content\/uploads\/2025\/04\/Des-ministres-israeliens-de-droite-qualifient-le-projet-daccord-dotages.jpg\"><\/p>\n<div>\n<p class=\"\" data-start=\"109\" data-end=\"317\">Le ministre isra\u00e9lien des Finances, Bezalel Smotrich, a d\u00e9clench\u00e9 une r\u00e9action f\u00e9roce dimanche apr\u00e8s avoir d\u00e9clar\u00e9 publiquement que le retour des otages d\u00e9tenus par le Hamas \u00e0 Gaza n&rsquo;est \u00abpas l&rsquo;objectif le plus important\u00bb du gouvernement isra\u00e9lien.<\/p>\n<p class=\"\" data-start=\"319\" data-end=\"573\">Dans une interview avec Radio Galey Israel, le ministre d&rsquo;extr\u00eame droite a affirm\u00e9 que tout en sauvant les 59 otages restants est \u00abun objectif tr\u00e8s important\u00bb, il est secondaire de vaincre le Hamas et de s&rsquo;assurer qu&rsquo;une autre attaque de style 7 octobre ne peut plus jamais se reproduire.<\/p>\n<p class=\"\" data-start=\"575\" data-end=\"832\">\u00ab\u00a0Nous devons dire la v\u00e9rit\u00e9: le retour des otages n&rsquo;est pas la chose la plus importante\u00a0\u00bb, a d\u00e9clar\u00e9 Smotrich. \u00ab\u00a0Si vous voulez d\u00e9truire le Hamas pour qu&rsquo;il ne puisse pas y avoir un autre 7 octobre, vous devez comprendre qu&rsquo;il ne peut pas y avoir de situation o\u00f9 le Hamas reste \u00e0 Gaza.\u00a0\u00bb<\/p>\n<p class=\"\" data-start=\"834\" data-end=\"963\">Ses remarques ont suscit\u00e9 une condamnation imm\u00e9diate des familles des otages, qui ont accus\u00e9 le gouvernement d&rsquo;abandonner leurs proches.<\/p>\n<p class=\"\" data-start=\"965\" data-end=\"1220\">\u00ab\u00a0Les familles n&rsquo;ont pas de mots ce matin sauf la honte\u00a0\u00bb, a d\u00e9clar\u00e9 le forum des familles d&rsquo;otages dans un communiqu\u00e9. \u00abLe ministre r\u00e9v\u00e8le au moins la dure v\u00e9rit\u00e9 au public \u2013 ce gouvernement a d\u00e9lib\u00e9r\u00e9ment d\u00e9cid\u00e9 de renoncer aux otages.\u00bb<\/p>\n<p class=\"\" data-start=\"1222\" data-end=\"1369\">\u00ab\u00a0Smotrich \u2013 History se souviendra de la fa\u00e7on dont vous avez ferm\u00e9 votre c\u0153ur \u00e0 vos fr\u00e8res et s\u0153urs en captivit\u00e9 et que vous avez choisi de ne pas les sauver\u00a0\u00bb, a ajout\u00e9 le groupe.<\/p>\n<p class=\"\" data-start=\"1371\" data-end=\"1724\">Le Hamas, d\u00e9sign\u00e9 comme organisation terroriste par Isra\u00ebl, les \u00c9tats-Unis et l&rsquo;Union europ\u00e9enne, a exig\u00e9 qu&rsquo;Isra\u00ebl mettait fin \u00e0 sa campagne militaire \u00e0 Gaza et retire ses forces en \u00e9change de la lib\u00e9ration des otages. Le Premier ministre Benjamin Netanyahu a rejet\u00e9 \u00e0 plusieurs reprises ces termes, affirmant que la guerre ne se terminera pas tant que le Hamas sera d\u00e9mantel\u00e9.<\/p>\n<\/div>\n<p>Publications sur le m\u00eame th\u00e8me:<\/p>\n<p>{{Link.,<a href=\"https:\/\/www.site.cdcl.xyz\/2025\/04\/21\/le-ministre-des-finances-smotrich-dit-que-vaincre-le-hamas-plus-important-que-le-sauvetage-dotages\/URL\" target=\"_blank\" rel=\"noopener noreferrer nofollow\">Ici.<\/a><span><\/span>}<br \/>\n|{B\u00e2timent restaur\u00e9 par Eug\u00e8ne Viollet-le-Duc.,<a href=\"https:\/\/www.site.cdcl.xyz\/wiki\/Cat%C3%A9gorie:B%C3%A2timent_restaur%C3%A9_par_Eug%C3%A8ne_Viollet-le-Duc\" target=\"_blank\" rel=\"noopener noreferrer nofollow\">Le texte de l\u2019article.<\/a><span><\/span>. Suite sur le prochain article.}<br \/>\n|{B\u00e2timent restaur\u00e9 par F\u00e9lix Duban.,<a href=\"https:\/\/www.site.cdcl.xyz\/wiki\/Cat%C3%A9gorie:B%C3%A2timent_restaur%C3%A9_par_F%C3%A9lix_Duban\" target=\"_blank\" rel=\"noopener noreferrer nofollow\">Cliquer ICI.<\/a><span><\/span>}<br \/>\n|{B\u00e2timent restaur\u00e9 par Jean-Baptiste Lassus.,<a href=\"https:\/\/www.site.cdcl.xyz\/wiki\/Cat%C3%A9gorie:B%C3%A2timent_restaur%C3%A9_par_Jean-Baptiste_Lassus\" target=\"_blank\" rel=\"noopener noreferrer nofollow\">L\u2019article de presse.<\/a><span><\/span>. Suite sur le prochain article.}<br \/>\n|{Bien culturel folklorique important de la Cor\u00e9e du Sud.,<a href=\"https:\/\/www.site.cdcl.xyz\/wiki\/Cat%C3%A9gorie:Bien_culturel_folklorique_important_de_la_Cor%C3%A9e_du_Sud\" target=\"_blank\" rel=\"noopener noreferrer nofollow\">Le post d\u2019actualit\u00e9.<\/a><span><\/span>. Suite sur le prochain article.}<br \/>\n|{Organisme \u00e0 d\u00e9couvrir GCI.,<a href=\"http:\/\/aata.getty.edu\/Home\" target=\"_blank\" rel=\"noopener noreferrer nofollow\">Le dossier.<\/a><span><\/span>}<br \/>\n|{Du CICRP \u2013 Centre interr\u00e9gional de conservation et restauration du patrimoine.,<a href=\"http:\/\/cicrp.info\/fiches-pratiques\/\" target=\"_blank\" rel=\"noopener noreferrer nofollow\">Le post d\u2019actualit\u00e9.<\/a><span><\/span>}<br \/>\n|{Organisme \u00e0 d\u00e9couvrir COol .,<a href=\"http:\/\/cool.conservation-us.org\/\" target=\"_blank\" rel=\"noopener noreferrer nofollow\">Ici.<\/a><span><\/span>}<br \/>\n|{Le Corpus Vitrearum International .,<a href=\"http:\/\/cvi.cvma-freiburg.de\/\" target=\"_blank\" rel=\"noopener noreferrer nofollow\">A lire ici.<\/a><span><\/span>. Suite sur le prochain article.}<br \/>\n|{E-conservation Journal .,<a href=\"http:\/\/e-conservation.org\/\" target=\"_blank\" rel=\"noopener noreferrer nofollow\">Le post d\u2019actualit\u00e9.<\/a><span><\/span>. Suite sur le prochain article.}<br \/>\n|{Organisme \u00e0 d\u00e9couvrir ICOM .,<a href=\"http:\/\/icom.museum\/que-faisons-nous\/ressources\/bibliographies\/L\/2.html\" target=\"_blank\" rel=\"noopener noreferrer nofollow\">Ici.<\/a><span><\/span>}<br \/>\n|{In Situ. Revue des patrimoines.,<a href=\"http:\/\/insitu.revues.org\/\" target=\"_blank\" rel=\"noopener noreferrer nofollow\">Article complet.<\/a><span><\/span>}<br \/>\n|{Organisme \u00e0 d\u00e9couvrir INP.,<a href=\"http:\/\/mediatheque-numerique.inp.fr\/\" target=\"_blank\" rel=\"noopener noreferrer nofollow\">Article complet.<\/a><span><\/span>. Suite sur le prochain article.}<br \/>\n|{De la Biblioth\u00e8que nationale de France.,<a href=\"http:\/\/www.bnf.fr\/fr\/professionnels\/conservation_fiches_pratiques\/s.conservation_fiches_prevention.html\" target=\"_blank\" rel=\"noopener noreferrer nofollow\">Le texte de l\u2019article.<\/a><span><\/span>}<br \/>\n|{CeROArt\u00a0.,<a href=\"http:\/\/www.ceroart.org\/\" target=\"_blank\" rel=\"noopener noreferrer nofollow\">Le texte de l\u2019article.<\/a><span><\/span>}<br \/>\n|{Le Journal of Film Preservation.,<a href=\"http:\/\/www.fiafnet.org\/fr\/publications\/fep_journal.html\" target=\"_blank\" rel=\"noopener noreferrer nofollow\">L\u2019article ICI.<\/a><span><\/span>. Suite sur le prochain article.}<br \/>\n|{Getty conservation Institute.,<a href=\"http:\/\/www.getty.edu\/search\/publications\" target=\"_blank\" rel=\"noopener noreferrer nofollow\">Le post d\u2019actualit\u00e9.<\/a><span><\/span>}<br \/>\n|{Organisme \u00e0 d\u00e9couvrir ICOMOS.,<a href=\"http:\/\/www.international.icomos.org\/fr\/centre-de-documentation\" target=\"_blank\" rel=\"noopener noreferrer nofollow\">Le texte de l\u2019article.<\/a><span><\/span>. Suite sur le prochain article.}<br \/>\n|{Organisme \u00e0 d\u00e9couvrir \u00a0OCIM.,<a href=\"http:\/\/www.ocim.fr\/bibliographie\/\" target=\"_blank\" rel=\"noopener noreferrer nofollow\">L\u2019article ICI.<\/a><span><\/span>}<br \/>\n|{Les Insectes mus\u00e9ophages del\u2019OCIM \u2013 Office de coop\u00e9ration et d\u2019information mus\u00e9ales.,<a href=\"http:\/\/www.ocim.fr\/repertoires\/insectes\/\" target=\"_blank\" rel=\"noopener noreferrer nofollow\">Le dossier.<\/a><span><\/span>. Suite sur le prochain article.}<br \/>\n|{Du C2RMF \u2013 Centre de recherche et de restauration des mus\u00e9es de France.,<a href=\"https:\/\/c2rmf.fr\/fiches-techniques-0\" target=\"_blank\" rel=\"noopener noreferrer nofollow\">Le texte de l\u2019article.<\/a><span><\/span>}<br \/>\n|{Guide pratique pour le marquage d\u2019identification des biens culturels \u2013 C2RMF.,<a href=\"https:\/\/c2rmf.fr\/sites\/c2rmf\/files\/guide_pratique_pour_le_marquage_2015.pdf\" target=\"_blank\" rel=\"noopener noreferrer nofollow\">Ici.<\/a><span><\/span>}<br \/>\n|{Vade-mecum de la conservation pr\u00e9ventive \u2013 C2RMF.,<a href=\"https:\/\/c2rmf.fr\/sites\/c2rmf\/files\/vademecum_cc.pdf\" target=\"_blank\" rel=\"noopener noreferrer nofollow\">L\u2019article ICI.<\/a><span><\/span>. Suite sur le prochain article.}<br \/>\n|{La conservation des objets mobiliers dans les \u00e9glises : outil d\u2019auto-\u00e9valuation.,<a href=\"https:\/\/culture.gouv.fr\/Media\/Thematiques\/Circulation-des-biens-culturels\/Files\/Ressources-doc-Guides-et-procedures\/Guide-La-conservation-des-objets-mobiliers-dans-les-eglises-2004\" target=\"_blank\" rel=\"noopener noreferrer nofollow\">Le post d\u2019actualit\u00e9.<\/a><span><\/span>. Suite sur le prochain article.}<br \/>\n|{M\u00e9tiers de la restauration du patrimoine, statuts, conditions d\u2019exercice et fiscalit\u00e9, fiche pratique MC, 2018.,<a href=\"https:\/\/culture.gouv.fr\/Media\/Thematiques\/Conservation-restauration\/Fichiers\/Fiches-pratiques-manuels-et-revues\/Fiche-metiers-de-la-restauration-2019\" target=\"_blank\" rel=\"noopener noreferrer nofollow\">A lire ici.<\/a><span><\/span>}<br \/>\n|{S\u00e9curit\u00e9 des biens culturels, de la pr\u00e9vention du vol \u00e0 la restitution de l\u2019objet vol\u00e9.,<a href=\"https:\/\/culture.gouv.fr\/Media\/Thematiques\/Conservation-restauration\/Fichiers\/Fiches-pratiques-manuels-et-revues\/Securite-des-biens-culturels-de-la-prevention-du-vol-a-la-restitution-de-l-objet-vole\" target=\"_blank\" rel=\"noopener noreferrer nofollow\">L\u2019article de presse.<\/a><span><\/span>}<br \/>\n|{Petit Guide \u00e0 l\u2019usage des personnes souhaitant entretenir une s\u00e9pulture.,<a href=\"https:\/\/culture.gouv.fr\/Media\/Thematiques\/Conservation-restauration\/Fichiers\/Ressources-documentaires\/entretenir-une-sepulture\" target=\"_blank\" rel=\"noopener noreferrer nofollow\">L\u2019article de presse.<\/a><span><\/span>}<br \/>\n|{Rescuing the Hidden European Wooden Churches Heritage : an international methodology for implementing a database for restoration projects.,<a href=\"https:\/\/culture.gouv.fr\/Media\/Thematiques\/Conservation-restauration\/Fichiers\/Ressources-documentaires\/hiddenchurches\" target=\"_blank\" rel=\"noopener noreferrer nofollow\">L\u2019article ICI.<\/a><span><\/span>}<br \/>\n|{Guides de ma\u00eetrise d\u2019ouvrage et de ma\u00eetrise d\u2019\u0153uvre \u2013 Monuments historiques.,<a href=\"https:\/\/culture.gouv.fr\/Region\/Drac-Auvergne-Rhone-Alpes\/Demarches-aides\/Demarches-et-conseils-patrimoine-urbanisme-qualite-architecturale\/Guides-pratiques-travaux-sur-monuments-historiques\" target=\"_blank\" rel=\"noopener noreferrer nofollow\">Cliquer ICI.<\/a><span><\/span>. Suite sur le prochain article.}<br \/>\n|{Charte de Venise.,<a href=\"https:\/\/fr.wikipedia.org\/wiki\/Charte_de_Venise\" target=\"_blank\" rel=\"noopener noreferrer nofollow\">Le texte de l\u2019article.<\/a><span><\/span>}<br \/>\n|{Charte de Washington.,<a href=\"https:\/\/fr.wikipedia.org\/wiki\/Charte_de_Washington\" target=\"_blank\" rel=\"noopener noreferrer nofollow\">L\u2019article ICI.<\/a><span><\/span>}<br \/>\n|{CIDOC Conceptual Reference Model.,<a href=\"https:\/\/fr.wikipedia.org\/wiki\/CIDOC_Conceptual_Reference_Model\" target=\"_blank\" rel=\"noopener noreferrer nofollow\">A lire ici.<\/a><span><\/span>}<br \/>\n|{Club pour le vieux Prague.,<a href=\"https:\/\/fr.wikipedia.org\/wiki\/Club_pour_le_vieux_Prague\" target=\"_blank\" rel=\"noopener noreferrer nofollow\">Cliquer ICI.<\/a><span><\/span>. Suite sur le prochain article.}<br \/>\n|{Code du patrimoine.,<a href=\"https:\/\/fr.wikipedia.org\/wiki\/Code_du_patrimoine\" target=\"_blank\" rel=\"noopener noreferrer nofollow\">L\u2019article ICI.<\/a><span><\/span>}<br \/>\n|{Collection Patrimoine culturel des pays francophones.,<a href=\"https:\/\/fr.wikipedia.org\/wiki\/Collection_Patrimoine_culturel_des_pays_francophones\" target=\"_blank\" rel=\"noopener noreferrer nofollow\">Ici.<\/a><span><\/span>}<br \/>\n|{Conservation architecturale.,<a href=\"https:\/\/fr.wikipedia.org\/wiki\/Conservation_architecturale\" target=\"_blank\" rel=\"noopener noreferrer nofollow\">Le post d\u2019actualit\u00e9.<\/a><span><\/span>}<br \/>\n|{Conservation pr\u00e9ventive.,<a href=\"https:\/\/fr.wikipedia.org\/wiki\/Conservation_pr%C3%A9ventive\" target=\"_blank\" rel=\"noopener noreferrer nofollow\">Ici.<\/a><span><\/span>. Suite sur le prochain article.}<br \/>\n|{Convention sur la protection du patrimoine culturel subaquatique.,<a href=\"https:\/\/fr.wikipedia.org\/wiki\/Convention_sur_la_protection_du_patrimoine_culturel_subaquatique\" target=\"_blank\" rel=\"noopener noreferrer nofollow\">Le texte de l\u2019article.<\/a><span><\/span>}<br \/>\n|{Din l-Art \u0126elwa.,<a href=\"https:\/\/fr.wikipedia.org\/wiki\/Din_l-Art_%C4%A6elwa\" target=\"_blank\" rel=\"noopener noreferrer nofollow\">Le texte de l\u2019article.<\/a><span><\/span>}<br \/>\n|{Docomomo International.,<a href=\"https:\/\/fr.wikipedia.org\/wiki\/Docomomo_International\" target=\"_blank\" rel=\"noopener noreferrer nofollow\">Le dossier.<\/a><span><\/span>}<br \/>\n|{Doctrines et techniques de conservation \u2013 restauration.,<a href=\"https:\/\/fr.wikipedia.org\/wiki\/Doctrines_et_techniques_de_conservation_-_restauration\" target=\"_blank\" rel=\"noopener noreferrer nofollow\">Ici.<\/a><span><\/span>. Suite sur le prochain article.}<br \/>\n|{Document de Nara sur l\u2019authenticit\u00e9.,<a href=\"https:\/\/fr.wikipedia.org\/wiki\/Document_de_Nara_sur_l%27authenticit%C3%A9\" target=\"_blank\" rel=\"noopener noreferrer nofollow\">Ici.<\/a><span><\/span>. Suite sur le prochain article.}<br \/>\n|{Fa\u00e7adisme.,<a href=\"https:\/\/fr.wikipedia.org\/wiki\/Fa%C3%A7adisme\" target=\"_blank\" rel=\"noopener noreferrer nofollow\">Le post d\u2019actualit\u00e9.<\/a><span><\/span>. Suite sur le prochain article.}<br \/>\n|{Fondation du patrimoine.,<a href=\"https:\/\/fr.wikipedia.org\/wiki\/Fondation_du_patrimoine\" target=\"_blank\" rel=\"noopener noreferrer nofollow\">Article complet.<\/a><span><\/span>}<br \/>\n|{Fondation Mansart.,<a href=\"https:\/\/fr.wikipedia.org\/wiki\/Fondation_Mansart\" target=\"_blank\" rel=\"noopener noreferrer nofollow\">Le post d\u2019actualit\u00e9.<\/a><span><\/span>}<br \/>\n|{Ieni-Kale.,<a href=\"https:\/\/fr.wikipedia.org\/wiki\/Ieni-Kale\" target=\"_blank\" rel=\"noopener noreferrer nofollow\">Le dossier.<\/a><span><\/span>}<br \/>\n|{In situ (conservation du patrimoine).,<a href=\"https:\/\/fr.wikipedia.org\/wiki\/In_situ_(conservation_du_patrimoine)\" target=\"_blank\" rel=\"noopener noreferrer nofollow\">Cliquer ICI.<\/a><span><\/span>. Suite sur le prochain article.}<br \/>\n|{Injection de coulis de liant dans les ma\u00e7onneries.,<a href=\"https:\/\/fr.wikipedia.org\/wiki\/Injection_de_coulis_de_liant_dans_les_ma%C3%A7onneries\" target=\"_blank\" rel=\"noopener noreferrer nofollow\">Le dossier.<\/a><span><\/span>. Suite sur le prochain article.}<br \/>\n|{Jacques Harmand.,<a href=\"https:\/\/fr.wikipedia.org\/wiki\/Jacques_Harmand\" target=\"_blank\" rel=\"noopener noreferrer nofollow\">L\u2019article de presse.<\/a><span><\/span>}<br \/>\n|{La Tribune de l\u2019art.,<a href=\"https:\/\/fr.wikipedia.org\/wiki\/La_Tribune_de_l%27art\" target=\"_blank\" rel=\"noopener noreferrer nofollow\">Le post d\u2019actualit\u00e9.<\/a><span><\/span>. Suite sur le prochain article.}<br \/>\n|{Nisso Pelossof.,<a href=\"https:\/\/fr.wikipedia.org\/wiki\/Nisso_Pelossof\" target=\"_blank\" rel=\"noopener noreferrer nofollow\">A lire ici.<\/a><span><\/span>}<br \/>\n|{Palais Daming.,<a href=\"https:\/\/fr.wikipedia.org\/wiki\/Palais_Daming\" target=\"_blank\" rel=\"noopener noreferrer nofollow\">Le post d\u2019actualit\u00e9.<\/a><span><\/span>}<br \/>\n|{Paris historique.,<a href=\"https:\/\/fr.wikipedia.org\/wiki\/Paris_historique\" target=\"_blank\" rel=\"noopener noreferrer nofollow\">L\u2019article ICI.<\/a><span><\/span>. Suite sur le prochain article.}<br \/>\n|{Patrimoine d\u2019int\u00e9r\u00eat r\u00e9gional.,<a href=\"https:\/\/fr.wikipedia.org\/wiki\/Patrimoine_d%27int%C3%A9r%C3%AAt_r%C3%A9gional\" target=\"_blank\" rel=\"noopener noreferrer nofollow\">Le texte de l\u2019article.<\/a><span><\/span>}<br \/>\n|{Patrimoine sans fronti\u00e8res.,<a href=\"https:\/\/fr.wikipedia.org\/wiki\/Patrimoine_sans_fronti%C3%A8res\" target=\"_blank\" rel=\"noopener noreferrer nofollow\">Le dossier.<\/a><span><\/span>. Suite sur le prochain article.}<br \/>\n|{Patrimoine syrien pendant la guerre civile.,<a href=\"https:\/\/fr.wikipedia.org\/wiki\/Patrimoine_syrien_pendant_la_guerre_civile\" target=\"_blank\" rel=\"noopener noreferrer nofollow\">Article complet.<\/a><span><\/span>. Suite sur le prochain article.}<br \/>\n|{Patrimoine syrien pendant la guerre civile.,<a href=\"https:\/\/fr.wikipedia.org\/wiki\/Patrimoine_syrien_pendant_la_guerre_civile\" target=\"_blank\" rel=\"noopener noreferrer nofollow\">Article complet.<\/a><span><\/span>. Suite sur le prochain article.}<br \/>\n|{Patrimonialisation.,<a href=\"https:\/\/fr.wikipedia.org\/wiki\/Patrimonialisation\" target=\"_blank\" rel=\"noopener noreferrer nofollow\">Le texte de l\u2019article.<\/a><span><\/span>}<br \/>\n|{Patrimonialisation (homonymie).,<a href=\"https:\/\/fr.wikipedia.org\/wiki\/Patrimonialisation_(homonymie)\" target=\"_blank\" rel=\"noopener noreferrer nofollow\">Le dossier.<\/a><span><\/span>. Suite sur le prochain article.}<br \/>\n|{Pont de Gorica.,<a href=\"https:\/\/fr.wikipedia.org\/wiki\/Pont_de_Gorica\" target=\"_blank\" rel=\"noopener noreferrer nofollow\">Le dossier.<\/a><span><\/span>}<br \/>\n|{Port d\u2019int\u00e9r\u00eat patrimonial.,<a href=\"https:\/\/fr.wikipedia.org\/wiki\/Port_d%27int%C3%A9r%C3%AAt_patrimonial\" target=\"_blank\" rel=\"noopener noreferrer nofollow\">L\u2019article ICI.<\/a><span><\/span>. Suite sur le prochain article.}<br \/>\n|{Prix du patrimoine culturel de l\u2019UE\/Concours Europa Nostra.,<a href=\"https:\/\/fr.wikipedia.org\/wiki\/Prix_du_patrimoine_culturel_de_l%E2%80%99UE\/Concours_Europa_Nostra\" target=\"_blank\" rel=\"noopener noreferrer nofollow\">Le post d\u2019actualit\u00e9.<\/a><span><\/span>. Suite sur le prochain article.}<br \/>\n|{R\u00e9seau culturel Terre catalane.,<a href=\"https:\/\/fr.wikipedia.org\/wiki\/R%C3%A9seau_culturel_Terre_catalane\" target=\"_blank\" rel=\"noopener noreferrer nofollow\">A lire ici.<\/a><span><\/span>}<br \/>\n|{Red Tail Project.,<a href=\"https:\/\/fr.wikipedia.org\/wiki\/Red_Tail_Project\" target=\"_blank\" rel=\"noopener noreferrer nofollow\">L\u2019article ICI.<\/a><span><\/span>}<br \/>\n|{Registre patrimonial du Queensland.,<a href=\"https:\/\/fr.wikipedia.org\/wiki\/Registre_patrimonial_du_Queensland\" target=\"_blank\" rel=\"noopener noreferrer nofollow\">Cliquer ICI.<\/a><span><\/span>}<br \/>\n|{Ren\u00e9 Dinkel.,<a href=\"https:\/\/fr.wikipedia.org\/wiki\/Ren%C3%A9_Dinkel\" target=\"_blank\" rel=\"noopener noreferrer nofollow\">Cliquer ICI.<\/a><span><\/span>}<br \/>\n|{Renaissance du Lille Ancien.,<a href=\"https:\/\/fr.wikipedia.org\/wiki\/Renaissance_du_Lille_Ancien\" target=\"_blank\" rel=\"noopener noreferrer nofollow\">A lire ici.<\/a><span><\/span>. Suite sur le prochain article.}<br \/>\n|{Restauration de la composition murale de la Maison de la Radio \u00e0 Strasbourg.,<a href=\"https:\/\/fr.wikipedia.org\/wiki\/Restauration_de_la_composition_murale_de_la_Maison_de_la_Radio_%C3%A0_Strasbourg\" target=\"_blank\" rel=\"noopener noreferrer nofollow\">Le texte de l\u2019article.<\/a><span><\/span>}<br \/>\n|{Ruine.,<a href=\"https:\/\/fr.wikipedia.org\/wiki\/Ruine\" target=\"_blank\" rel=\"noopener noreferrer nofollow\">Article complet.<\/a><span><\/span>. Suite sur le prochain article.}<br \/>\n|{Secteur sauvegard\u00e9 de Lille.,<a href=\"https:\/\/fr.wikipedia.org\/wiki\/Secteur_sauvegard%C3%A9_de_Lille\" target=\"_blank\" rel=\"noopener noreferrer nofollow\">Cliquer ICI.<\/a><span><\/span>}<br \/>\n|{Secteur sauvegard\u00e9 de Lille.,<a href=\"https:\/\/fr.wikipedia.org\/wiki\/Secteur_sauvegard%C3%A9_de_Lille\" target=\"_blank\" rel=\"noopener noreferrer nofollow\">Cliquer ICI.<\/a><span><\/span>}<br \/>\n|{Secteur sauvegard\u00e9 de Sedan.,<a href=\"https:\/\/fr.wikipedia.org\/wiki\/Secteur_sauvegard%C3%A9_de_Sedan\" target=\"_blank\" rel=\"noopener noreferrer nofollow\">L\u2019article de presse.<\/a><span><\/span>. Suite sur le prochain article.}<br \/>\n|{Secteur sauvegard\u00e9 de Sedan.,<a href=\"https:\/\/fr.wikipedia.org\/wiki\/Secteur_sauvegard%C3%A9_de_Sedan\" target=\"_blank\" rel=\"noopener noreferrer nofollow\">Ici.<\/a><span><\/span>}<br \/>\n|{Sites culturels construits d\u2019int\u00e9r\u00eat national en Finlande.,<a href=\"https:\/\/fr.wikipedia.org\/wiki\/Sites_culturels_construits_d%27int%C3%A9r%C3%AAt_national_en_Finlande\" target=\"_blank\" rel=\"noopener noreferrer nofollow\">Le dossier.<\/a><span><\/span>}<br \/>\n|{Sites culturels construits d\u2019int\u00e9r\u00eat national en Finlande.,<a href=\"https:\/\/fr.wikipedia.org\/wiki\/Sites_culturels_construits_d%27int%C3%A9r%C3%AAt_national_en_Finlande\" target=\"_blank\" rel=\"noopener noreferrer nofollow\">Article complet.<\/a><span><\/span>}<br \/>\n|{Sites historiques et culturels majeurs prot\u00e9g\u00e9s au niveau national.,<a href=\"https:\/\/fr.wikipedia.org\/wiki\/Sites_historiques_et_culturels_majeurs_prot%C3%A9g%C3%A9s_au_niveau_national\" target=\"_blank\" rel=\"noopener noreferrer nofollow\">Le texte de l\u2019article.<\/a><span><\/span>}<br \/>\n|{Sites historiques et culturels majeurs prot\u00e9g\u00e9s au niveau national.,<a href=\"https:\/\/fr.wikipedia.org\/wiki\/Sites_historiques_et_culturels_majeurs_prot%C3%A9g%C3%A9s_au_niveau_national\" target=\"_blank\" rel=\"noopener noreferrer nofollow\">L\u2019article de presse.<\/a><span><\/span>. Suite sur le prochain article.}<br \/>\n|{Sites historiques et culturels majeurs prot\u00e9g\u00e9s au niveau national (Gansu).,<a href=\"https:\/\/fr.wikipedia.org\/wiki\/Sites_historiques_et_culturels_majeurs_prot%C3%A9g%C3%A9s_au_niveau_national_(Gansu)\" target=\"_blank\" rel=\"noopener noreferrer nofollow\">L\u2019article ICI.<\/a><span><\/span>}<br \/>\n|{Sites historiques et culturels majeurs prot\u00e9g\u00e9s au niveau national (Gansu).,<a href=\"https:\/\/fr.wikipedia.org\/wiki\/Sites_historiques_et_culturels_majeurs_prot%C3%A9g%C3%A9s_au_niveau_national_(Gansu)\" target=\"_blank\" rel=\"noopener noreferrer nofollow\">Le post d\u2019actualit\u00e9.<\/a><span><\/span>}<br \/>\n|{Sites historiques et culturels majeurs prot\u00e9g\u00e9s au niveau national (Hebei).,<a href=\"https:\/\/fr.wikipedia.org\/wiki\/Sites_historiques_et_culturels_majeurs_prot%C3%A9g%C3%A9s_au_niveau_national_(Hebei)\" target=\"_blank\" rel=\"noopener noreferrer nofollow\">Le post d\u2019actualit\u00e9.<\/a><span><\/span>. Suite sur le prochain article.}<br \/>\n|{Sites historiques et culturels majeurs prot\u00e9g\u00e9s au niveau national (Hebei).,<a href=\"https:\/\/fr.wikipedia.org\/wiki\/Sites_historiques_et_culturels_majeurs_prot%C3%A9g%C3%A9s_au_niveau_national_(Hebei)\" target=\"_blank\" rel=\"noopener noreferrer nofollow\">L\u2019article ICI.<\/a><span><\/span>. Suite sur le prochain article.}<br \/>\n|{Sites historiques et culturels majeurs prot\u00e9g\u00e9s au niveau national (Heilongjiang).,<a href=\"https:\/\/fr.wikipedia.org\/wiki\/Sites_historiques_et_culturels_majeurs_prot%C3%A9g%C3%A9s_au_niveau_national_(Heilongjiang)\" target=\"_blank\" rel=\"noopener noreferrer nofollow\">Ici.<\/a><span><\/span>. Suite sur le prochain article.}<br \/>\n|{Sites historiques et culturels majeurs prot\u00e9g\u00e9s au niveau national (Heilongjiang).,<a href=\"https:\/\/fr.wikipedia.org\/wiki\/Sites_historiques_et_culturels_majeurs_prot%C3%A9g%C3%A9s_au_niveau_national_(Heilongjiang)\" target=\"_blank\" rel=\"noopener noreferrer nofollow\">Le post d\u2019actualit\u00e9.<\/a><span><\/span>. Suite sur le prochain article.}<br \/>\n|{Sites historiques et culturels majeurs prot\u00e9g\u00e9s au niveau national (Jiangxi).,<a href=\"https:\/\/fr.wikipedia.org\/wiki\/Sites_historiques_et_culturels_majeurs_prot%C3%A9g%C3%A9s_au_niveau_national_(Jiangxi)\" target=\"_blank\" rel=\"noopener noreferrer nofollow\">Article complet.<\/a><span><\/span>}<br \/>\n|{Sites historiques et culturels majeurs prot\u00e9g\u00e9s au niveau national (Jiangxi).,<a href=\"https:\/\/fr.wikipedia.org\/wiki\/Sites_historiques_et_culturels_majeurs_prot%C3%A9g%C3%A9s_au_niveau_national_(Jiangxi)\" target=\"_blank\" rel=\"noopener noreferrer nofollow\">Ici.<\/a><span><\/span>. Suite sur le prochain article.}<br \/>\n|{Sites historiques et culturels majeurs prot\u00e9g\u00e9s au niveau national (Liaoning).,<a href=\"https:\/\/fr.wikipedia.org\/wiki\/Sites_historiques_et_culturels_majeurs_prot%C3%A9g%C3%A9s_au_niveau_national_(Liaoning)\" target=\"_blank\" rel=\"noopener noreferrer nofollow\">Le post d\u2019actualit\u00e9.<\/a><span><\/span>}<br \/>\n|{Sites historiques et culturels majeurs prot\u00e9g\u00e9s au niveau national (Liaoning).,<a href=\"https:\/\/fr.wikipedia.org\/wiki\/Sites_historiques_et_culturels_majeurs_prot%C3%A9g%C3%A9s_au_niveau_national_(Liaoning)\" target=\"_blank\" rel=\"noopener noreferrer nofollow\">Le post d\u2019actualit\u00e9.<\/a><span><\/span>}<br \/>\n|{Sites historiques et culturels majeurs prot\u00e9g\u00e9s au niveau national (Mongolie int\u00e9rieure).,<a href=\"https:\/\/fr.wikipedia.org\/wiki\/Sites_historiques_et_culturels_majeurs_prot%C3%A9g%C3%A9s_au_niveau_national_(Mongolie_int%C3%A9rieure)\" target=\"_blank\" rel=\"noopener noreferrer nofollow\">A lire ici.<\/a><span><\/span>}<br \/>\n|{Sites historiques et culturels majeurs prot\u00e9g\u00e9s au niveau national (Mongolie int\u00e9rieure).,<a href=\"https:\/\/fr.wikipedia.org\/wiki\/Sites_historiques_et_culturels_majeurs_prot%C3%A9g%C3%A9s_au_niveau_national_(Mongolie_int%C3%A9rieure)\" target=\"_blank\" rel=\"noopener noreferrer nofollow\">L\u2019article de presse.<\/a><span><\/span>}<br \/>\n|{Sites historiques et culturels majeurs prot\u00e9g\u00e9s au niveau national (Ningxia).,<a href=\"https:\/\/fr.wikipedia.org\/wiki\/Sites_historiques_et_culturels_majeurs_prot%C3%A9g%C3%A9s_au_niveau_national_(Ningxia)\" target=\"_blank\" rel=\"noopener noreferrer nofollow\">Ici.<\/a><span><\/span>}<br \/>\n|{Sites historiques et culturels majeurs prot\u00e9g\u00e9s au niveau national (Ningxia).,<a href=\"https:\/\/fr.wikipedia.org\/wiki\/Sites_historiques_et_culturels_majeurs_prot%C3%A9g%C3%A9s_au_niveau_national_(Ningxia)\" target=\"_blank\" rel=\"noopener noreferrer nofollow\">Article complet.<\/a><span><\/span>}<br \/>\n|{Sites historiques et culturels majeurs prot\u00e9g\u00e9s au niveau national (Shaanxi).,<a href=\"https:\/\/fr.wikipedia.org\/wiki\/Sites_historiques_et_culturels_majeurs_prot%C3%A9g%C3%A9s_au_niveau_national_(Shaanxi)\" target=\"_blank\" rel=\"noopener noreferrer nofollow\">Le dossier.<\/a><span><\/span>}<br \/>\n|{Sites historiques et culturels majeurs prot\u00e9g\u00e9s au niveau national (Shaanxi).,<a href=\"https:\/\/fr.wikipedia.org\/wiki\/Sites_historiques_et_culturels_majeurs_prot%C3%A9g%C3%A9s_au_niveau_national_(Shaanxi)\" target=\"_blank\" rel=\"noopener noreferrer nofollow\">L\u2019article de presse.<\/a><span><\/span>}<br \/>\n|{Sites historiques et culturels majeurs prot\u00e9g\u00e9s au niveau national (Sichuan).,<a href=\"https:\/\/fr.wikipedia.org\/wiki\/Sites_historiques_et_culturels_majeurs_prot%C3%A9g%C3%A9s_au_niveau_national_(Sichuan)\" target=\"_blank\" rel=\"noopener noreferrer nofollow\">Cliquer ICI.<\/a><span><\/span>. Suite sur le prochain article.}<br \/>\n|{Sites historiques et culturels majeurs prot\u00e9g\u00e9s au niveau national (Sichuan).,<a href=\"https:\/\/fr.wikipedia.org\/wiki\/Sites_historiques_et_culturels_majeurs_prot%C3%A9g%C3%A9s_au_niveau_national_(Sichuan)\" target=\"_blank\" rel=\"noopener noreferrer nofollow\">L\u2019article ICI.<\/a><span><\/span>}<br \/>\n|{Sites historiques et culturels majeurs prot\u00e9g\u00e9s au niveau national (Xinjiang).,<a href=\"https:\/\/fr.wikipedia.org\/wiki\/Sites_historiques_et_culturels_majeurs_prot%C3%A9g%C3%A9s_au_niveau_national_(Xinjiang)\" target=\"_blank\" rel=\"noopener noreferrer nofollow\">Le post d\u2019actualit\u00e9.<\/a><span><\/span>}<br \/>\n|{Sites historiques et culturels majeurs prot\u00e9g\u00e9s au niveau national (Xinjiang).,<a href=\"https:\/\/fr.wikipedia.org\/wiki\/Sites_historiques_et_culturels_majeurs_prot%C3%A9g%C3%A9s_au_niveau_national_(Xinjiang)\" target=\"_blank\" rel=\"noopener noreferrer nofollow\">Le texte de l\u2019article.<\/a><span><\/span>. Suite sur le prochain article.}<br \/>\n|{Sites historiques et culturels majeurs prot\u00e9g\u00e9s de la r\u00e9gion autonome du Tibet.,<a href=\"https:\/\/fr.wikipedia.org\/wiki\/Sites_historiques_et_culturels_majeurs_prot%C3%A9g%C3%A9s_de_la_r%C3%A9gion_autonome_du_Tibet\" target=\"_blank\" rel=\"noopener noreferrer nofollow\">Le post d\u2019actualit\u00e9.<\/a><span><\/span>}<br \/>\n|{Sites historiques et culturels majeurs prot\u00e9g\u00e9s de la r\u00e9gion autonome du Tibet.,<a href=\"https:\/\/fr.wikipedia.org\/wiki\/Sites_historiques_et_culturels_majeurs_prot%C3%A9g%C3%A9s_de_la_r%C3%A9gion_autonome_du_Tibet\" target=\"_blank\" rel=\"noopener noreferrer nofollow\">Le post d\u2019actualit\u00e9.<\/a><span><\/span>}<br \/>\n|{Soci\u00e9t\u00e9 Jersiaise.,<a href=\"https:\/\/fr.wikipedia.org\/wiki\/Soci%C3%A9t%C3%A9_Jersiaise\" target=\"_blank\" rel=\"noopener noreferrer nofollow\">L\u2019article ICI.<\/a><span><\/span>}<br \/>\n|{Soci\u00e9t\u00e9 Jersiaise.,<a href=\"https:\/\/fr.wikipedia.org\/wiki\/Soci%C3%A9t%C3%A9_Jersiaise\" target=\"_blank\" rel=\"noopener noreferrer nofollow\">L\u2019article de presse.<\/a><span><\/span>}<br \/>\n|{Th\u00e9orie de la restauration.,<a href=\"https:\/\/fr.wikipedia.org\/wiki\/Th%C3%A9orie_de_la_restauration\" target=\"_blank\" rel=\"noopener noreferrer nofollow\">L\u2019article ICI.<\/a><span><\/span>}<br \/>\n|{Tr\u00e9sor national (Japon).,<a href=\"https:\/\/fr.wikipedia.org\/wiki\/Tr%C3%A9sor_national_(Japon)\" target=\"_blank\" rel=\"noopener noreferrer nofollow\">A lire ici.<\/a><span><\/span>}<br \/>\n|{Web Journal on Cultural Patrimony.,<a href=\"https:\/\/fr.wikipedia.org\/wiki\/Web_Journal_on_Cultural_Patrimony\" target=\"_blank\" rel=\"noopener noreferrer nofollow\">Ici.<\/a><span><\/span>}<br \/>\n|{Whanganui.,<a href=\"https:\/\/fr.wikipedia.org\/wiki\/Whanganui\" target=\"_blank\" rel=\"noopener noreferrer nofollow\">L\u2019article de presse.<\/a><span><\/span>. Suite sur le prochain article.}<br \/>\n|{Wiki Loves Earth.,<a href=\"https:\/\/fr.wikipedia.org\/wiki\/Wiki_Loves_Earth\" target=\"_blank\" rel=\"noopener noreferrer nofollow\">L\u2019article de presse.<\/a><span><\/span>}<br \/>\n|{Wiki Loves Monuments.,<a href=\"https:\/\/fr.wikipedia.org\/wiki\/Wiki_Loves_Monuments\" target=\"_blank\" rel=\"noopener noreferrer nofollow\">L\u2019article de presse.<\/a><span><\/span>}<br \/>\n|{vitrail.,<a href=\"https:\/\/fr.wikipedia.orghttps\/\/fr.wikipedia.org\/wiki\/Vitrail\" target=\"_blank\" rel=\"noopener noreferrer nofollow\">L\u2019article ICI.<\/a><span><\/span>}<br \/>\n|{Les ICC Notes de l\u2019Institut canadien pour la conservation.,<a href=\"https:\/\/www.canada.ca\/fr\/institut-conservation\/services\/publications-conservation-preservation\/notes-institut-canadien-conservation.html\" target=\"_blank\" rel=\"noopener noreferrer nofollow\">L\u2019article de presse.<\/a><span><\/span>}<br \/>\n|{Centre de conservation du Qu\u00e9bec .,<a href=\"https:\/\/www.ccq.gouv.qc.ca\/index-id%3D84.html\" target=\"_blank\" rel=\"noopener noreferrer nofollow\">Article complet.<\/a><span><\/span>}<br \/>\n|{Monumental n\u00b022 Conservation, restauration, restauration, doctrines.,<a href=\"https:\/\/www.editions-du-patrimoine.fr\/Librairie\/Monumental\/Monumental-N-22-Conservation.-restauration-doctrines?pRelatedEditions=3\" target=\"_blank\" rel=\"noopener noreferrer nofollow\">L\u2019article de presse.<\/a><span><\/span>. Suite sur le prochain article.}<br \/>\n|{Ge-conservacion.,<a href=\"https:\/\/www.ge-iic.com\/ojs\/index.php\/revista\/issue\/archive\" target=\"_blank\" rel=\"noopener noreferrer nofollow\">Le dossier.<\/a><span><\/span>}<br \/>\n|{en ligne ici.,<a href=\"https:\/\/www.ifla.org\/resources\/?_sfm_resource_topic=1200820&amp;_sfm_resource_type=All\" target=\"_blank\" rel=\"noopener noreferrer nofollow\">A lire ici.<\/a><span><\/span>. Suite sur le prochain article.}<br \/>\n|{News in Conservation.,<a href=\"https:\/\/www.iiconservation.org\/publications\/nic\" target=\"_blank\" rel=\"noopener noreferrer nofollow\">Le post d\u2019actualit\u00e9.<\/a><span><\/span>. Suite sur le prochain article.}<br \/>\n|{Image permanence Institute.,<a href=\"https:\/\/www.imagepermanenceinstitute.org\/education\/publications.html\" target=\"_blank\" rel=\"noopener noreferrer nofollow\">L\u2019article ICI.<\/a><span><\/span>}<br \/>\n|{Les Preservation leaflets du NEDCC \u2013 Northeast document center.,<a href=\"https:\/\/www.nedcc.org\/free-resources\/preservation-leaflets\/overview\" target=\"_blank\" rel=\"noopener noreferrer nofollow\">Le dossier.<\/a><span><\/span>}<br \/>\n|{Conserve O Gram du National Park Service.,<a href=\"https:\/\/www.nps.gov\/museum\/publications\/conserveogram\/cons_toc.html\" target=\"_blank\" rel=\"noopener noreferrer nofollow\">Ici.<\/a><span><\/span>. Suite sur le prochain article.}<br \/>\n|{Petite histoire de la restauration des monuments historiques.,<a href=\"https:\/\/www.tourisme93.com\/petite-histoire-de-la-restauration-des-monuments-historiques.html\" target=\"_blank\" rel=\"noopener noreferrer nofollow\">Le dossier.<\/a><span><\/span>}<br \/>\n}<br \/>\n{{Link.,<a href=\"https:\/\/www.site.cdcl.xyz\/2025\/04\/21\/le-ministre-des-finances-smotrich-dit-que-vaincre-le-hamas-plus-important-que-le-sauvetage-dotages\/URL\" target=\"_blank\" rel=\"noopener noreferrer nofollow\">Ici.<\/a><span><\/span>}<br \/>\n|{B\u00e2timent restaur\u00e9 par Eug\u00e8ne Viollet-le-Duc.,<a href=\"https:\/\/www.site.cdcl.xyz\/wiki\/Cat%C3%A9gorie:B%C3%A2timent_restaur%C3%A9_par_Eug%C3%A8ne_Viollet-le-Duc\" target=\"_blank\" rel=\"noopener noreferrer nofollow\">L\u2019article ICI.<\/a><span><\/span>}<br \/>\n|{B\u00e2timent restaur\u00e9 par F\u00e9lix Duban.,<a href=\"https:\/\/www.site.cdcl.xyz\/wiki\/Cat%C3%A9gorie:B%C3%A2timent_restaur%C3%A9_par_F%C3%A9lix_Duban\" target=\"_blank\" rel=\"noopener noreferrer nofollow\">Cliquer ICI.<\/a><span><\/span>. Suite sur le prochain article.}<br \/>\n|{B\u00e2timent restaur\u00e9 par Jean-Baptiste Lassus.,<a href=\"https:\/\/www.site.cdcl.xyz\/wiki\/Cat%C3%A9gorie:B%C3%A2timent_restaur%C3%A9_par_Jean-Baptiste_Lassus\" target=\"_blank\" rel=\"noopener noreferrer nofollow\">Cliquer ICI.<\/a><span><\/span>. Suite sur le prochain article.}<br \/>\n|{Bien culturel folklorique important de la Cor\u00e9e du Sud.,<a href=\"https:\/\/www.site.cdcl.xyz\/wiki\/Cat%C3%A9gorie:Bien_culturel_folklorique_important_de_la_Cor%C3%A9e_du_Sud\" target=\"_blank\" rel=\"noopener noreferrer nofollow\">Le post d\u2019actualit\u00e9.<\/a><span><\/span>}<br \/>\n|{Organisme \u00e0 d\u00e9couvrir GCI.,<a href=\"http:\/\/aata.getty.edu\/Home\" target=\"_blank\" rel=\"noopener noreferrer nofollow\">Ici.<\/a><span><\/span>}<br \/>\n|{Du CICRP \u2013 Centre interr\u00e9gional de conservation et restauration du patrimoine.,<a href=\"http:\/\/cicrp.info\/fiches-pratiques\/\" target=\"_blank\" rel=\"noopener noreferrer nofollow\">Article complet.<\/a><span><\/span>}<br \/>\n|{Organisme \u00e0 d\u00e9couvrir COol .,<a href=\"http:\/\/cool.conservation-us.org\/\" target=\"_blank\" rel=\"noopener noreferrer nofollow\">Article complet.<\/a><span><\/span>. Suite sur le prochain article.}<br \/>\n|{Le Corpus Vitrearum International .,<a href=\"http:\/\/cvi.cvma-freiburg.de\/\" target=\"_blank\" rel=\"noopener noreferrer nofollow\">L\u2019article ICI.<\/a><span><\/span>}<br \/>\n|{E-conservation Journal .,<a href=\"http:\/\/e-conservation.org\/\" target=\"_blank\" rel=\"noopener noreferrer nofollow\">A lire ici.<\/a><span><\/span>. Suite sur le prochain article.}<br \/>\n|{Organisme \u00e0 d\u00e9couvrir ICOM .,<a href=\"http:\/\/icom.museum\/que-faisons-nous\/ressources\/bibliographies\/L\/2.html\" target=\"_blank\" rel=\"noopener noreferrer nofollow\">Cliquer ICI.<\/a><span><\/span>}<br \/>\n|{In Situ. Revue des patrimoines.,<a href=\"http:\/\/insitu.revues.org\/\" target=\"_blank\" rel=\"noopener noreferrer nofollow\">Le dossier.<\/a><span><\/span>}<br \/>\n|{Organisme \u00e0 d\u00e9couvrir INP.,<a href=\"http:\/\/mediatheque-numerique.inp.fr\/\" target=\"_blank\" rel=\"noopener noreferrer nofollow\">Ici.<\/a><span><\/span>. Suite sur le prochain article.}<br \/>\n|{De la Biblioth\u00e8que nationale de France.,<a href=\"http:\/\/www.bnf.fr\/fr\/professionnels\/conservation_fiches_pratiques\/s.conservation_fiches_prevention.html\" target=\"_blank\" rel=\"noopener noreferrer nofollow\">L\u2019article ICI.<\/a><span><\/span>}<br \/>\n|{CeROArt\u00a0.,<a href=\"http:\/\/www.ceroart.org\/\" target=\"_blank\" rel=\"noopener noreferrer nofollow\">Cliquer ICI.<\/a><span><\/span>. Suite sur le prochain article.}<br \/>\n|{Le Journal of Film Preservation.,<a href=\"http:\/\/www.fiafnet.org\/fr\/publications\/fep_journal.html\" target=\"_blank\" rel=\"noopener noreferrer nofollow\">Cliquer ICI.<\/a><span><\/span>}<br \/>\n|{Getty conservation Institute.,<a href=\"http:\/\/www.getty.edu\/search\/publications\" target=\"_blank\" rel=\"noopener noreferrer nofollow\">A lire ici.<\/a><span><\/span>}<br \/>\n|{Organisme \u00e0 d\u00e9couvrir ICOMOS.,<a href=\"http:\/\/www.international.icomos.org\/fr\/centre-de-documentation\" target=\"_blank\" rel=\"noopener noreferrer nofollow\">A lire ici.<\/a><span><\/span>}<br \/>\n|{Organisme \u00e0 d\u00e9couvrir \u00a0OCIM.,<a href=\"http:\/\/www.ocim.fr\/bibliographie\/\" target=\"_blank\" rel=\"noopener noreferrer nofollow\">L\u2019article de presse.<\/a><span><\/span>}<br \/>\n|{Les Insectes mus\u00e9ophages del\u2019OCIM \u2013 Office de coop\u00e9ration et d\u2019information mus\u00e9ales.,<a href=\"http:\/\/www.ocim.fr\/repertoires\/insectes\/\" target=\"_blank\" rel=\"noopener noreferrer nofollow\">Ici.<\/a><span><\/span>. Suite sur le prochain article.}<br \/>\n|{Du C2RMF \u2013 Centre de recherche et de restauration des mus\u00e9es de France.,<a href=\"https:\/\/c2rmf.fr\/fiches-techniques-0\" target=\"_blank\" rel=\"noopener noreferrer nofollow\">Ici.<\/a><span><\/span>. Suite sur le prochain article.}<br \/>\n|{Guide pratique pour le marquage d\u2019identification des biens culturels \u2013 C2RMF.,<a href=\"https:\/\/c2rmf.fr\/sites\/c2rmf\/files\/guide_pratique_pour_le_marquage_2015.pdf\" target=\"_blank\" rel=\"noopener noreferrer nofollow\">L\u2019article ICI.<\/a><span><\/span>}<br \/>\n|{Vade-mecum de la conservation pr\u00e9ventive \u2013 C2RMF.,<a href=\"https:\/\/c2rmf.fr\/sites\/c2rmf\/files\/vademecum_cc.pdf\" target=\"_blank\" rel=\"noopener noreferrer nofollow\">Ici.<\/a><span><\/span>}<br \/>\n|{La conservation des objets mobiliers dans les \u00e9glises : outil d\u2019auto-\u00e9valuation.,<a href=\"https:\/\/culture.gouv.fr\/Media\/Thematiques\/Circulation-des-biens-culturels\/Files\/Ressources-doc-Guides-et-procedures\/Guide-La-conservation-des-objets-mobiliers-dans-les-eglises-2004\" target=\"_blank\" rel=\"noopener noreferrer nofollow\">Le texte de l\u2019article.<\/a><span><\/span>. Suite sur le prochain article.}<br \/>\n|{M\u00e9tiers de la restauration du patrimoine, statuts, conditions d\u2019exercice et fiscalit\u00e9, fiche pratique MC, 2018.,<a href=\"https:\/\/culture.gouv.fr\/Media\/Thematiques\/Conservation-restauration\/Fichiers\/Fiches-pratiques-manuels-et-revues\/Fiche-metiers-de-la-restauration-2019\" target=\"_blank\" rel=\"noopener noreferrer nofollow\">L\u2019article ICI.<\/a><span><\/span>. Suite sur le prochain article.}<br \/>\n|{S\u00e9curit\u00e9 des biens culturels, de la pr\u00e9vention du vol \u00e0 la restitution de l\u2019objet vol\u00e9.,<a href=\"https:\/\/culture.gouv.fr\/Media\/Thematiques\/Conservation-restauration\/Fichiers\/Fiches-pratiques-manuels-et-revues\/Securite-des-biens-culturels-de-la-prevention-du-vol-a-la-restitution-de-l-objet-vole\" target=\"_blank\" rel=\"noopener noreferrer nofollow\">L\u2019article de presse.<\/a><span><\/span>}<br \/>\n|{Petit Guide \u00e0 l\u2019usage des personnes souhaitant entretenir une s\u00e9pulture.,<a href=\"https:\/\/culture.gouv.fr\/Media\/Thematiques\/Conservation-restauration\/Fichiers\/Ressources-documentaires\/entretenir-une-sepulture\" target=\"_blank\" rel=\"noopener noreferrer nofollow\">L\u2019article ICI.<\/a><span><\/span>}<br \/>\n|{Rescuing the Hidden European Wooden Churches Heritage : an international methodology for implementing a database for restoration projects.,<a href=\"https:\/\/culture.gouv.fr\/Media\/Thematiques\/Conservation-restauration\/Fichiers\/Ressources-documentaires\/hiddenchurches\" target=\"_blank\" rel=\"noopener noreferrer nofollow\">Cliquer ICI.<\/a><span><\/span>}<br \/>\n|{Guides de ma\u00eetrise d\u2019ouvrage et de ma\u00eetrise d\u2019\u0153uvre \u2013 Monuments historiques.,<a href=\"https:\/\/culture.gouv.fr\/Region\/Drac-Auvergne-Rhone-Alpes\/Demarches-aides\/Demarches-et-conseils-patrimoine-urbanisme-qualite-architecturale\/Guides-pratiques-travaux-sur-monuments-historiques\" target=\"_blank\" rel=\"noopener noreferrer nofollow\">L\u2019article ICI.<\/a><span><\/span>}<br \/>\n|{Charte de Venise.,<a href=\"https:\/\/fr.wikipedia.org\/wiki\/Charte_de_Venise\" target=\"_blank\" rel=\"noopener noreferrer nofollow\">Cliquer ICI.<\/a><span><\/span>}<br \/>\n|{Charte de Washington.,<a href=\"https:\/\/fr.wikipedia.org\/wiki\/Charte_de_Washington\" target=\"_blank\" rel=\"noopener noreferrer nofollow\">Ici.<\/a><span><\/span>}<br \/>\n|{CIDOC Conceptual Reference Model.,<a href=\"https:\/\/fr.wikipedia.org\/wiki\/CIDOC_Conceptual_Reference_Model\" target=\"_blank\" rel=\"noopener noreferrer nofollow\">Ici.<\/a><span><\/span>}<br \/>\n|{Club pour le vieux Prague.,<a href=\"https:\/\/fr.wikipedia.org\/wiki\/Club_pour_le_vieux_Prague\" target=\"_blank\" rel=\"noopener noreferrer nofollow\">Article complet.<\/a><span><\/span>. Suite sur le prochain article.}<br \/>\n|{Code du patrimoine.,<a href=\"https:\/\/fr.wikipedia.org\/wiki\/Code_du_patrimoine\" target=\"_blank\" rel=\"noopener noreferrer nofollow\">Cliquer ICI.<\/a><span><\/span>}<br \/>\n|{Collection Patrimoine culturel des pays francophones.,<a href=\"https:\/\/fr.wikipedia.org\/wiki\/Collection_Patrimoine_culturel_des_pays_francophones\" target=\"_blank\" rel=\"noopener noreferrer nofollow\">L\u2019article de presse.<\/a><span><\/span>}<br \/>\n|{Conservation architecturale.,<a href=\"https:\/\/fr.wikipedia.org\/wiki\/Conservation_architecturale\" target=\"_blank\" rel=\"noopener noreferrer nofollow\">Le texte de l\u2019article.<\/a><span><\/span>}<br \/>\n|{Conservation pr\u00e9ventive.,<a href=\"https:\/\/fr.wikipedia.org\/wiki\/Conservation_pr%C3%A9ventive\" target=\"_blank\" rel=\"noopener noreferrer nofollow\">Le texte de l\u2019article.<\/a><span><\/span>}<br \/>\n|{Convention sur la protection du patrimoine culturel subaquatique.,<a href=\"https:\/\/fr.wikipedia.org\/wiki\/Convention_sur_la_protection_du_patrimoine_culturel_subaquatique\" target=\"_blank\" rel=\"noopener noreferrer nofollow\">Le post d\u2019actualit\u00e9.<\/a><span><\/span>}<br \/>\n|{Din l-Art \u0126elwa.,<a href=\"https:\/\/fr.wikipedia.org\/wiki\/Din_l-Art_%C4%A6elwa\" target=\"_blank\" rel=\"noopener noreferrer nofollow\">Cliquer ICI.<\/a><span><\/span>}<br \/>\n|{Docomomo International.,<a href=\"https:\/\/fr.wikipedia.org\/wiki\/Docomomo_International\" target=\"_blank\" rel=\"noopener noreferrer nofollow\">Le texte de l\u2019article.<\/a><span><\/span>. Suite sur le prochain article.}<br \/>\n|{Doctrines et techniques de conservation \u2013 restauration.,<a href=\"https:\/\/fr.wikipedia.org\/wiki\/Doctrines_et_techniques_de_conservation_-_restauration\" target=\"_blank\" rel=\"noopener noreferrer nofollow\">L\u2019article ICI.<\/a><span><\/span>}<br \/>\n|{Document de Nara sur l\u2019authenticit\u00e9.,<a href=\"https:\/\/fr.wikipedia.org\/wiki\/Document_de_Nara_sur_l%27authenticit%C3%A9\" target=\"_blank\" rel=\"noopener noreferrer nofollow\">Article complet.<\/a><span><\/span>. Suite sur le prochain article.}<br \/>\n|{Fa\u00e7adisme.,<a href=\"https:\/\/fr.wikipedia.org\/wiki\/Fa%C3%A7adisme\" target=\"_blank\" rel=\"noopener noreferrer nofollow\">Le texte de l\u2019article.<\/a><span><\/span>}<br \/>\n|{Fondation du patrimoine.,<a href=\"https:\/\/fr.wikipedia.org\/wiki\/Fondation_du_patrimoine\" target=\"_blank\" rel=\"noopener noreferrer nofollow\">Le dossier.<\/a><span><\/span>}<br \/>\n|{Fondation Mansart.,<a href=\"https:\/\/fr.wikipedia.org\/wiki\/Fondation_Mansart\" target=\"_blank\" rel=\"noopener noreferrer nofollow\">Le dossier.<\/a><span><\/span>}<br \/>\n|{Ieni-Kale.,<a href=\"https:\/\/fr.wikipedia.org\/wiki\/Ieni-Kale\" target=\"_blank\" rel=\"noopener noreferrer nofollow\">Article complet.<\/a><span><\/span>}<br \/>\n|{In situ (conservation du patrimoine).,<a href=\"https:\/\/fr.wikipedia.org\/wiki\/In_situ_(conservation_du_patrimoine)\" target=\"_blank\" rel=\"noopener noreferrer nofollow\">Le texte de l\u2019article.<\/a><span><\/span>}<br \/>\n|{Injection de coulis de liant dans les ma\u00e7onneries.,<a href=\"https:\/\/fr.wikipedia.org\/wiki\/Injection_de_coulis_de_liant_dans_les_ma%C3%A7onneries\" target=\"_blank\" rel=\"noopener noreferrer nofollow\">L\u2019article ICI.<\/a><span><\/span>. Suite sur le prochain article.}<br \/>\n|{Jacques Harmand.,<a href=\"https:\/\/fr.wikipedia.org\/wiki\/Jacques_Harmand\" target=\"_blank\" rel=\"noopener noreferrer nofollow\">A lire ici.<\/a><span><\/span>}<br \/>\n|{La Tribune de l\u2019art.,<a href=\"https:\/\/fr.wikipedia.org\/wiki\/La_Tribune_de_l%27art\" target=\"_blank\" rel=\"noopener noreferrer nofollow\">L\u2019article de presse.<\/a><span><\/span>}<br \/>\n|{Nisso Pelossof.,<a href=\"https:\/\/fr.wikipedia.org\/wiki\/Nisso_Pelossof\" target=\"_blank\" rel=\"noopener noreferrer nofollow\">L\u2019article ICI.<\/a><span><\/span>}<br \/>\n|{Palais Daming.,<a href=\"https:\/\/fr.wikipedia.org\/wiki\/Palais_Daming\" target=\"_blank\" rel=\"noopener noreferrer nofollow\">L\u2019article de presse.<\/a><span><\/span>}<br \/>\n|{Paris historique.,<a href=\"https:\/\/fr.wikipedia.org\/wiki\/Paris_historique\" target=\"_blank\" rel=\"noopener noreferrer nofollow\">Le texte de l\u2019article.<\/a><span><\/span>. Suite sur le prochain article.}<br \/>\n|{Patrimoine d\u2019int\u00e9r\u00eat r\u00e9gional.,<a href=\"https:\/\/fr.wikipedia.org\/wiki\/Patrimoine_d%27int%C3%A9r%C3%AAt_r%C3%A9gional\" target=\"_blank\" rel=\"noopener noreferrer nofollow\">Ici.<\/a><span><\/span>}<br \/>\n|{Patrimoine sans fronti\u00e8res.,<a href=\"https:\/\/fr.wikipedia.org\/wiki\/Patrimoine_sans_fronti%C3%A8res\" target=\"_blank\" rel=\"noopener noreferrer nofollow\">Ici.<\/a><span><\/span>}<br \/>\n|{Patrimoine syrien pendant la guerre civile.,<a href=\"https:\/\/fr.wikipedia.org\/wiki\/Patrimoine_syrien_pendant_la_guerre_civile\" target=\"_blank\" rel=\"noopener noreferrer nofollow\">Ici.<\/a><span><\/span>}<br \/>\n|{Patrimoine syrien pendant la guerre civile.,<a href=\"https:\/\/fr.wikipedia.org\/wiki\/Patrimoine_syrien_pendant_la_guerre_civile\" target=\"_blank\" rel=\"noopener noreferrer nofollow\">Le dossier.<\/a><span><\/span>. Suite sur le prochain article.}<br \/>\n|{Patrimonialisation.,<a href=\"https:\/\/fr.wikipedia.org\/wiki\/Patrimonialisation\" target=\"_blank\" rel=\"noopener noreferrer nofollow\">Le dossier.<\/a><span><\/span>. Suite sur le prochain article.}<br \/>\n|{Patrimonialisation (homonymie).,<a href=\"https:\/\/fr.wikipedia.org\/wiki\/Patrimonialisation_(homonymie)\" target=\"_blank\" rel=\"noopener noreferrer nofollow\">Ici.<\/a><span><\/span>}<br \/>\n|{Pont de Gorica.,<a href=\"https:\/\/fr.wikipedia.org\/wiki\/Pont_de_Gorica\" target=\"_blank\" rel=\"noopener noreferrer nofollow\">Le texte de l\u2019article.<\/a><span><\/span>}<br \/>\n|{Port d\u2019int\u00e9r\u00eat patrimonial.,<a href=\"https:\/\/fr.wikipedia.org\/wiki\/Port_d%27int%C3%A9r%C3%AAt_patrimonial\" target=\"_blank\" rel=\"noopener noreferrer nofollow\">Le dossier.<\/a><span><\/span>. Suite sur le prochain article.}<br \/>\n|{Prix du patrimoine culturel de l\u2019UE\/Concours Europa Nostra.,<a href=\"https:\/\/fr.wikipedia.org\/wiki\/Prix_du_patrimoine_culturel_de_l%E2%80%99UE\/Concours_Europa_Nostra\" target=\"_blank\" rel=\"noopener noreferrer nofollow\">L\u2019article de presse.<\/a><span><\/span>. Suite sur le prochain article.}<br \/>\n|{R\u00e9seau culturel Terre catalane.,<a href=\"https:\/\/fr.wikipedia.org\/wiki\/R%C3%A9seau_culturel_Terre_catalane\" target=\"_blank\" rel=\"noopener noreferrer nofollow\">A lire ici.<\/a><span><\/span>}<br \/>\n|{Red Tail Project.,<a href=\"https:\/\/fr.wikipedia.org\/wiki\/Red_Tail_Project\" target=\"_blank\" rel=\"noopener noreferrer nofollow\">Le texte de l\u2019article.<\/a><span><\/span>}<br \/>\n|{Registre patrimonial du Queensland.,<a href=\"https:\/\/fr.wikipedia.org\/wiki\/Registre_patrimonial_du_Queensland\" target=\"_blank\" rel=\"noopener noreferrer nofollow\">L\u2019article de presse.<\/a><span><\/span>}<br \/>\n|{Ren\u00e9 Dinkel.,<a href=\"https:\/\/fr.wikipedia.org\/wiki\/Ren%C3%A9_Dinkel\" target=\"_blank\" rel=\"noopener noreferrer nofollow\">Le texte de l\u2019article.<\/a><span><\/span>}<br \/>\n|{Renaissance du Lille Ancien.,<a href=\"https:\/\/fr.wikipedia.org\/wiki\/Renaissance_du_Lille_Ancien\" target=\"_blank\" rel=\"noopener noreferrer nofollow\">Le texte de l\u2019article.<\/a><span><\/span>}<br \/>\n|{Restauration de la composition murale de la Maison de la Radio \u00e0 Strasbourg.,<a href=\"https:\/\/fr.wikipedia.org\/wiki\/Restauration_de_la_composition_murale_de_la_Maison_de_la_Radio_%C3%A0_Strasbourg\" target=\"_blank\" rel=\"noopener noreferrer nofollow\">L\u2019article ICI.<\/a><span><\/span>. Suite sur le prochain article.}<br \/>\n|{Ruine.,<a href=\"https:\/\/fr.wikipedia.org\/wiki\/Ruine\" target=\"_blank\" rel=\"noopener noreferrer nofollow\">Article complet.<\/a><span><\/span>}<br \/>\n|{Secteur sauvegard\u00e9 de Lille.,<a href=\"https:\/\/fr.wikipedia.org\/wiki\/Secteur_sauvegard%C3%A9_de_Lille\" target=\"_blank\" rel=\"noopener noreferrer nofollow\">L\u2019article ICI.<\/a><span><\/span>. Suite sur le prochain article.}<br \/>\n|{Secteur sauvegard\u00e9 de Lille.,<a href=\"https:\/\/fr.wikipedia.org\/wiki\/Secteur_sauvegard%C3%A9_de_Lille\" target=\"_blank\" rel=\"noopener noreferrer nofollow\">Article complet.<\/a><span><\/span>}<br \/>\n|{Secteur sauvegard\u00e9 de Sedan.,<a href=\"https:\/\/fr.wikipedia.org\/wiki\/Secteur_sauvegard%C3%A9_de_Sedan\" target=\"_blank\" rel=\"noopener noreferrer nofollow\">Cliquer ICI.<\/a><span><\/span>}<br \/>\n|{Secteur sauvegard\u00e9 de Sedan.,<a href=\"https:\/\/fr.wikipedia.org\/wiki\/Secteur_sauvegard%C3%A9_de_Sedan\" target=\"_blank\" rel=\"noopener noreferrer nofollow\">A lire ici.<\/a><span><\/span>}<br \/>\n|{Sites culturels construits d\u2019int\u00e9r\u00eat national en Finlande.,<a href=\"https:\/\/fr.wikipedia.org\/wiki\/Sites_culturels_construits_d%27int%C3%A9r%C3%AAt_national_en_Finlande\" target=\"_blank\" rel=\"noopener noreferrer nofollow\">Cliquer ICI.<\/a><span><\/span>}<br \/>\n|{Sites culturels construits d\u2019int\u00e9r\u00eat national en Finlande.,<a href=\"https:\/\/fr.wikipedia.org\/wiki\/Sites_culturels_construits_d%27int%C3%A9r%C3%AAt_national_en_Finlande\" target=\"_blank\" rel=\"noopener noreferrer nofollow\">A lire ici.<\/a><span><\/span>. Suite sur le prochain article.}<br \/>\n|{Sites historiques et culturels majeurs prot\u00e9g\u00e9s au niveau national.,<a href=\"https:\/\/fr.wikipedia.org\/wiki\/Sites_historiques_et_culturels_majeurs_prot%C3%A9g%C3%A9s_au_niveau_national\" target=\"_blank\" rel=\"noopener noreferrer nofollow\">Le texte de l\u2019article.<\/a><span><\/span>}<br \/>\n|{Sites historiques et culturels majeurs prot\u00e9g\u00e9s au niveau national.,<a href=\"https:\/\/fr.wikipedia.org\/wiki\/Sites_historiques_et_culturels_majeurs_prot%C3%A9g%C3%A9s_au_niveau_national\" target=\"_blank\" rel=\"noopener noreferrer nofollow\">L\u2019article de presse.<\/a><span><\/span>}<br \/>\n|{Sites historiques et culturels majeurs prot\u00e9g\u00e9s au niveau national (Gansu).,<a href=\"https:\/\/fr.wikipedia.org\/wiki\/Sites_historiques_et_culturels_majeurs_prot%C3%A9g%C3%A9s_au_niveau_national_(Gansu)\" target=\"_blank\" rel=\"noopener noreferrer nofollow\">Le texte de l\u2019article.<\/a><span><\/span>}<br \/>\n|{Sites historiques et culturels majeurs prot\u00e9g\u00e9s au niveau national (Gansu).,<a href=\"https:\/\/fr.wikipedia.org\/wiki\/Sites_historiques_et_culturels_majeurs_prot%C3%A9g%C3%A9s_au_niveau_national_(Gansu)\" target=\"_blank\" rel=\"noopener noreferrer nofollow\">Cliquer ICI.<\/a><span><\/span>}<br \/>\n|{Sites historiques et culturels majeurs prot\u00e9g\u00e9s au niveau national (Hebei).,<a href=\"https:\/\/fr.wikipedia.org\/wiki\/Sites_historiques_et_culturels_majeurs_prot%C3%A9g%C3%A9s_au_niveau_national_(Hebei)\" target=\"_blank\" rel=\"noopener noreferrer nofollow\">Ici.<\/a><span><\/span>}<br \/>\n|{Sites historiques et culturels majeurs prot\u00e9g\u00e9s au niveau national (Hebei).,<a href=\"https:\/\/fr.wikipedia.org\/wiki\/Sites_historiques_et_culturels_majeurs_prot%C3%A9g%C3%A9s_au_niveau_national_(Hebei)\" target=\"_blank\" rel=\"noopener noreferrer nofollow\">L\u2019article ICI.<\/a><span><\/span>}<br \/>\n|{Sites historiques et culturels majeurs prot\u00e9g\u00e9s au niveau national (Heilongjiang).,<a href=\"https:\/\/fr.wikipedia.org\/wiki\/Sites_historiques_et_culturels_majeurs_prot%C3%A9g%C3%A9s_au_niveau_national_(Heilongjiang)\" target=\"_blank\" rel=\"noopener noreferrer nofollow\">Le texte de l\u2019article.<\/a><span><\/span>}<br \/>\n|{Sites historiques et culturels majeurs prot\u00e9g\u00e9s au niveau national (Heilongjiang).,<a href=\"https:\/\/fr.wikipedia.org\/wiki\/Sites_historiques_et_culturels_majeurs_prot%C3%A9g%C3%A9s_au_niveau_national_(Heilongjiang)\" target=\"_blank\" rel=\"noopener noreferrer nofollow\">L\u2019article de presse.<\/a><span><\/span>}<br \/>\n|{Sites historiques et culturels majeurs prot\u00e9g\u00e9s au niveau national (Jiangxi).,<a href=\"https:\/\/fr.wikipedia.org\/wiki\/Sites_historiques_et_culturels_majeurs_prot%C3%A9g%C3%A9s_au_niveau_national_(Jiangxi)\" target=\"_blank\" rel=\"noopener noreferrer nofollow\">Le texte de l\u2019article.<\/a><span><\/span>}<br \/>\n|{Sites historiques et culturels majeurs prot\u00e9g\u00e9s au niveau national (Jiangxi).,<a href=\"https:\/\/fr.wikipedia.org\/wiki\/Sites_historiques_et_culturels_majeurs_prot%C3%A9g%C3%A9s_au_niveau_national_(Jiangxi)\" target=\"_blank\" rel=\"noopener noreferrer nofollow\">A lire ici.<\/a><span><\/span>}<br \/>\n|{Sites historiques et culturels majeurs prot\u00e9g\u00e9s au niveau national (Liaoning).,<a href=\"https:\/\/fr.wikipedia.org\/wiki\/Sites_historiques_et_culturels_majeurs_prot%C3%A9g%C3%A9s_au_niveau_national_(Liaoning)\" target=\"_blank\" rel=\"noopener noreferrer nofollow\">Cliquer ICI.<\/a><span><\/span>}<br \/>\n|{Sites historiques et culturels majeurs prot\u00e9g\u00e9s au niveau national (Liaoning).,<a href=\"https:\/\/fr.wikipedia.org\/wiki\/Sites_historiques_et_culturels_majeurs_prot%C3%A9g%C3%A9s_au_niveau_national_(Liaoning)\" target=\"_blank\" rel=\"noopener noreferrer nofollow\">Le texte de l\u2019article.<\/a><span><\/span>}<br \/>\n|{Sites historiques et culturels majeurs prot\u00e9g\u00e9s au niveau national (Mongolie int\u00e9rieure).,<a href=\"https:\/\/fr.wikipedia.org\/wiki\/Sites_historiques_et_culturels_majeurs_prot%C3%A9g%C3%A9s_au_niveau_national_(Mongolie_int%C3%A9rieure)\" target=\"_blank\" rel=\"noopener noreferrer nofollow\">L\u2019article ICI.<\/a><span><\/span>}<br \/>\n|{Sites historiques et culturels majeurs prot\u00e9g\u00e9s au niveau national (Mongolie int\u00e9rieure).,<a href=\"https:\/\/fr.wikipedia.org\/wiki\/Sites_historiques_et_culturels_majeurs_prot%C3%A9g%C3%A9s_au_niveau_national_(Mongolie_int%C3%A9rieure)\" target=\"_blank\" rel=\"noopener noreferrer nofollow\">Le texte de l\u2019article.<\/a><span><\/span>}<br \/>\n|{Sites historiques et culturels majeurs prot\u00e9g\u00e9s au niveau national (Ningxia).,<a href=\"https:\/\/fr.wikipedia.org\/wiki\/Sites_historiques_et_culturels_majeurs_prot%C3%A9g%C3%A9s_au_niveau_national_(Ningxia)\" target=\"_blank\" rel=\"noopener noreferrer nofollow\">L\u2019article ICI.<\/a><span><\/span>. Suite sur le prochain article.}<br \/>\n|{Sites historiques et culturels majeurs prot\u00e9g\u00e9s au niveau national (Ningxia).,<a href=\"https:\/\/fr.wikipedia.org\/wiki\/Sites_historiques_et_culturels_majeurs_prot%C3%A9g%C3%A9s_au_niveau_national_(Ningxia)\" target=\"_blank\" rel=\"noopener noreferrer nofollow\">Le dossier.<\/a><span><\/span>. Suite sur le prochain article.}<br \/>\n|{Sites historiques et culturels majeurs prot\u00e9g\u00e9s au niveau national (Shaanxi).,<a href=\"https:\/\/fr.wikipedia.org\/wiki\/Sites_historiques_et_culturels_majeurs_prot%C3%A9g%C3%A9s_au_niveau_national_(Shaanxi)\" target=\"_blank\" rel=\"noopener noreferrer nofollow\">A lire ici.<\/a><span><\/span>}<br \/>\n|{Sites historiques et culturels majeurs prot\u00e9g\u00e9s au niveau national (Shaanxi).,<a href=\"https:\/\/fr.wikipedia.org\/wiki\/Sites_historiques_et_culturels_majeurs_prot%C3%A9g%C3%A9s_au_niveau_national_(Shaanxi)\" target=\"_blank\" rel=\"noopener noreferrer nofollow\">L\u2019article de presse.<\/a><span><\/span>}<br \/>\n|{Sites historiques et culturels majeurs prot\u00e9g\u00e9s au niveau national (Sichuan).,<a href=\"https:\/\/fr.wikipedia.org\/wiki\/Sites_historiques_et_culturels_majeurs_prot%C3%A9g%C3%A9s_au_niveau_national_(Sichuan)\" target=\"_blank\" rel=\"noopener noreferrer nofollow\">Le dossier.<\/a><span><\/span>. Suite sur le prochain article.}<br \/>\n|{Sites historiques et culturels majeurs prot\u00e9g\u00e9s au niveau national (Sichuan).,<a href=\"https:\/\/fr.wikipedia.org\/wiki\/Sites_historiques_et_culturels_majeurs_prot%C3%A9g%C3%A9s_au_niveau_national_(Sichuan)\" target=\"_blank\" rel=\"noopener noreferrer nofollow\">Le texte de l\u2019article.<\/a><span><\/span>. Suite sur le prochain article.}<br \/>\n|{Sites historiques et culturels majeurs prot\u00e9g\u00e9s au niveau national (Xinjiang).,<a href=\"https:\/\/fr.wikipedia.org\/wiki\/Sites_historiques_et_culturels_majeurs_prot%C3%A9g%C3%A9s_au_niveau_national_(Xinjiang)\" target=\"_blank\" rel=\"noopener noreferrer nofollow\">Le texte de l\u2019article.<\/a><span><\/span>}<br \/>\n|{Sites historiques et culturels majeurs prot\u00e9g\u00e9s au niveau national (Xinjiang).,<a href=\"https:\/\/fr.wikipedia.org\/wiki\/Sites_historiques_et_culturels_majeurs_prot%C3%A9g%C3%A9s_au_niveau_national_(Xinjiang)\" target=\"_blank\" rel=\"noopener noreferrer nofollow\">Ici.<\/a><span><\/span>. Suite sur le prochain article.}<br \/>\n|{Sites historiques et culturels majeurs prot\u00e9g\u00e9s de la r\u00e9gion autonome du Tibet.,<a href=\"https:\/\/fr.wikipedia.org\/wiki\/Sites_historiques_et_culturels_majeurs_prot%C3%A9g%C3%A9s_de_la_r%C3%A9gion_autonome_du_Tibet\" target=\"_blank\" rel=\"noopener noreferrer nofollow\">L\u2019article de presse.<\/a><span><\/span>. Suite sur le prochain article.}<br \/>\n|{Sites historiques et culturels majeurs prot\u00e9g\u00e9s de la r\u00e9gion autonome du Tibet.,<a href=\"https:\/\/fr.wikipedia.org\/wiki\/Sites_historiques_et_culturels_majeurs_prot%C3%A9g%C3%A9s_de_la_r%C3%A9gion_autonome_du_Tibet\" target=\"_blank\" rel=\"noopener noreferrer nofollow\">Le texte de l\u2019article.<\/a><span><\/span>. Suite sur le prochain article.}<br \/>\n|{Soci\u00e9t\u00e9 Jersiaise.,<a href=\"https:\/\/fr.wikipedia.org\/wiki\/Soci%C3%A9t%C3%A9_Jersiaise\" target=\"_blank\" rel=\"noopener noreferrer nofollow\">L\u2019article de presse.<\/a><span><\/span>}<br \/>\n|{Soci\u00e9t\u00e9 Jersiaise.,<a href=\"https:\/\/fr.wikipedia.org\/wiki\/Soci%C3%A9t%C3%A9_Jersiaise\" target=\"_blank\" rel=\"noopener noreferrer nofollow\">Article complet.<\/a><span><\/span>}<br \/>\n|{Th\u00e9orie de la restauration.,<a href=\"https:\/\/fr.wikipedia.org\/wiki\/Th%C3%A9orie_de_la_restauration\" target=\"_blank\" rel=\"noopener noreferrer nofollow\">Le dossier.<\/a><span><\/span>}<br \/>\n|{Tr\u00e9sor national (Japon).,<a href=\"https:\/\/fr.wikipedia.org\/wiki\/Tr%C3%A9sor_national_(Japon)\" target=\"_blank\" rel=\"noopener noreferrer nofollow\">Le post d\u2019actualit\u00e9.<\/a><span><\/span>}<br \/>\n|{Web Journal on Cultural Patrimony.,<a href=\"https:\/\/fr.wikipedia.org\/wiki\/Web_Journal_on_Cultural_Patrimony\" target=\"_blank\" rel=\"noopener noreferrer nofollow\">Ici.<\/a><span><\/span>}<br \/>\n|{Whanganui.,<a href=\"https:\/\/fr.wikipedia.org\/wiki\/Whanganui\" target=\"_blank\" rel=\"noopener noreferrer nofollow\">L\u2019article ICI.<\/a><span><\/span>. Suite sur le prochain article.}<br \/>\n|{Wiki Loves Earth.,<a href=\"https:\/\/fr.wikipedia.org\/wiki\/Wiki_Loves_Earth\" target=\"_blank\" rel=\"noopener noreferrer nofollow\">L\u2019article de presse.<\/a><span><\/span>}<br \/>\n|{Wiki Loves Monuments.,<a href=\"https:\/\/fr.wikipedia.org\/wiki\/Wiki_Loves_Monuments\" target=\"_blank\" rel=\"noopener noreferrer nofollow\">L\u2019article ICI.<\/a><span><\/span>}<br \/>\n|{vitrail.,<a href=\"https:\/\/fr.wikipedia.orghttps\/\/fr.wikipedia.org\/wiki\/Vitrail\" target=\"_blank\" rel=\"noopener noreferrer nofollow\">Le texte de l\u2019article.<\/a><span><\/span>. Suite sur le prochain article.}<br \/>\n|{Les ICC Notes de l\u2019Institut canadien pour la conservation.,<a href=\"https:\/\/www.canada.ca\/fr\/institut-conservation\/services\/publications-conservation-preservation\/notes-institut-canadien-conservation.html\" target=\"_blank\" rel=\"noopener noreferrer nofollow\">Cliquer ICI.<\/a><span><\/span>. Suite sur le prochain article.}<br \/>\n|{Centre de conservation du Qu\u00e9bec .,<a href=\"https:\/\/www.ccq.gouv.qc.ca\/index-id%3D84.html\" target=\"_blank\" rel=\"noopener noreferrer nofollow\">Ici.<\/a><span><\/span>. Suite sur le prochain article.}<br \/>\n|{Monumental n\u00b022 Conservation, restauration, restauration, doctrines.,<a href=\"https:\/\/www.editions-du-patrimoine.fr\/Librairie\/Monumental\/Monumental-N-22-Conservation.-restauration-doctrines?pRelatedEditions=3\" target=\"_blank\" rel=\"noopener noreferrer nofollow\">Le dossier.<\/a><span><\/span>}<br \/>\n|{Ge-conservacion.,<a href=\"https:\/\/www.ge-iic.com\/ojs\/index.php\/revista\/issue\/archive\" target=\"_blank\" rel=\"noopener noreferrer nofollow\">Le post d\u2019actualit\u00e9.<\/a><span><\/span>}<br \/>\n|{en ligne ici.,<a href=\"https:\/\/www.ifla.org\/resources\/?_sfm_resource_topic=1200820&amp;_sfm_resource_type=All\" target=\"_blank\" rel=\"noopener noreferrer nofollow\">Article complet.<\/a><span><\/span>. Suite sur le prochain article.}<br \/>\n|{News in Conservation.,<a href=\"https:\/\/www.iiconservation.org\/publications\/nic\" target=\"_blank\" rel=\"noopener noreferrer nofollow\">Le texte de l\u2019article.<\/a><span><\/span>. Suite sur le prochain article.}<br \/>\n|{Image permanence Institute.,<a href=\"https:\/\/www.imagepermanenceinstitute.org\/education\/publications.html\" target=\"_blank\" rel=\"noopener noreferrer nofollow\">A lire ici.<\/a><span><\/span>}<br \/>\n|{Les Preservation leaflets du NEDCC \u2013 Northeast document center.,<a href=\"https:\/\/www.nedcc.org\/free-resources\/preservation-leaflets\/overview\" target=\"_blank\" rel=\"noopener noreferrer nofollow\">L\u2019article ICI.<\/a><span><\/span>. Suite sur le prochain article.}<br \/>\n|{Conserve O Gram du National Park Service.,<a href=\"https:\/\/www.nps.gov\/museum\/publications\/conserveogram\/cons_toc.html\" target=\"_blank\" rel=\"noopener noreferrer nofollow\">Le post d\u2019actualit\u00e9.<\/a><span><\/span>}<br \/>\n|{Petite histoire de la restauration des monuments historiques.,<a href=\"https:\/\/www.tourisme93.com\/petite-histoire-de-la-restauration-des-monuments-historiques.html\" target=\"_blank\" rel=\"noopener noreferrer nofollow\">Le post d\u2019actualit\u00e9.<\/a><span><\/span>. Suite sur le prochain article.}<br \/>\n}<br \/>\n{{Link.,<a href=\"https:\/\/www.site.cdcl.xyz\/2025\/04\/21\/le-ministre-des-finances-smotrich-dit-que-vaincre-le-hamas-plus-important-que-le-sauvetage-dotages\/URL\" target=\"_blank\" rel=\"noopener noreferrer nofollow\">Le texte de l\u2019article.<\/a><span><\/span>}<br \/>\n|{B\u00e2timent restaur\u00e9 par Eug\u00e8ne Viollet-le-Duc.,<a href=\"https:\/\/www.site.cdcl.xyz\/wiki\/Cat%C3%A9gorie:B%C3%A2timent_restaur%C3%A9_par_Eug%C3%A8ne_Viollet-le-Duc\" target=\"_blank\" rel=\"noopener noreferrer nofollow\">L\u2019article de presse.<\/a><span><\/span>}<br \/>\n|{B\u00e2timent restaur\u00e9 par F\u00e9lix Duban.,<a href=\"https:\/\/www.site.cdcl.xyz\/wiki\/Cat%C3%A9gorie:B%C3%A2timent_restaur%C3%A9_par_F%C3%A9lix_Duban\" target=\"_blank\" rel=\"noopener noreferrer nofollow\">Ici.<\/a><span><\/span>}<br \/>\n|{B\u00e2timent restaur\u00e9 par Jean-Baptiste Lassus.,<a href=\"https:\/\/www.site.cdcl.xyz\/wiki\/Cat%C3%A9gorie:B%C3%A2timent_restaur%C3%A9_par_Jean-Baptiste_Lassus\" target=\"_blank\" rel=\"noopener noreferrer nofollow\">Le texte de l\u2019article.<\/a><span><\/span>. Suite sur le prochain article.}<br \/>\n|{Bien culturel folklorique important de la Cor\u00e9e du Sud.,<a href=\"https:\/\/www.site.cdcl.xyz\/wiki\/Cat%C3%A9gorie:Bien_culturel_folklorique_important_de_la_Cor%C3%A9e_du_Sud\" target=\"_blank\" rel=\"noopener noreferrer nofollow\">L\u2019article de presse.<\/a><span><\/span>}<br \/>\n|{Organisme \u00e0 d\u00e9couvrir GCI.,<a href=\"http:\/\/aata.getty.edu\/Home\" target=\"_blank\" rel=\"noopener noreferrer nofollow\">Article complet.<\/a><span><\/span>}<br \/>\n|{Du CICRP \u2013 Centre interr\u00e9gional de conservation et restauration du patrimoine.,<a href=\"http:\/\/cicrp.info\/fiches-pratiques\/\" target=\"_blank\" rel=\"noopener noreferrer nofollow\">Le texte de l\u2019article.<\/a><span><\/span>}<br \/>\n|{Organisme \u00e0 d\u00e9couvrir COol .,<a href=\"http:\/\/cool.conservation-us.org\/\" target=\"_blank\" rel=\"noopener noreferrer nofollow\">Le post d\u2019actualit\u00e9.<\/a><span><\/span>}<br \/>\n|{Le Corpus Vitrearum International .,<a href=\"http:\/\/cvi.cvma-freiburg.de\/\" target=\"_blank\" rel=\"noopener noreferrer nofollow\">Cliquer ICI.<\/a><span><\/span>}<br \/>\n|{E-conservation Journal .,<a href=\"http:\/\/e-conservation.org\/\" target=\"_blank\" rel=\"noopener noreferrer nofollow\">A lire ici.<\/a><span><\/span>}<br \/>\n|{Organisme \u00e0 d\u00e9couvrir ICOM .,<a href=\"http:\/\/icom.museum\/que-faisons-nous\/ressources\/bibliographies\/L\/2.html\" target=\"_blank\" rel=\"noopener noreferrer nofollow\">Le dossier.<\/a><span><\/span>}<br \/>\n|{In Situ. Revue des patrimoines.,<a href=\"http:\/\/insitu.revues.org\/\" target=\"_blank\" rel=\"noopener noreferrer nofollow\">L\u2019article ICI.<\/a><span><\/span>. Suite sur le prochain article.}<br \/>\n|{Organisme \u00e0 d\u00e9couvrir INP.,<a href=\"http:\/\/mediatheque-numerique.inp.fr\/\" target=\"_blank\" rel=\"noopener noreferrer nofollow\">L\u2019article ICI.<\/a><span><\/span>}<br \/>\n|{De la Biblioth\u00e8que nationale de France.,<a href=\"http:\/\/www.bnf.fr\/fr\/professionnels\/conservation_fiches_pratiques\/s.conservation_fiches_prevention.html\" target=\"_blank\" rel=\"noopener noreferrer nofollow\">Cliquer ICI.<\/a><span><\/span>}<br \/>\n|{CeROArt\u00a0.,<a href=\"http:\/\/www.ceroart.org\/\" target=\"_blank\" rel=\"noopener noreferrer nofollow\">Le post d\u2019actualit\u00e9.<\/a><span><\/span>}<br \/>\n|{Le Journal of Film Preservation.,<a href=\"http:\/\/www.fiafnet.org\/fr\/publications\/fep_journal.html\" target=\"_blank\" rel=\"noopener noreferrer nofollow\">Le post d\u2019actualit\u00e9.<\/a><span><\/span>. Suite sur le prochain article.}<br \/>\n|{Getty conservation Institute.,<a href=\"http:\/\/www.getty.edu\/search\/publications\" target=\"_blank\" rel=\"noopener noreferrer nofollow\">Le post d\u2019actualit\u00e9.<\/a><span><\/span>}<br \/>\n|{Organisme \u00e0 d\u00e9couvrir ICOMOS.,<a href=\"http:\/\/www.international.icomos.org\/fr\/centre-de-documentation\" target=\"_blank\" rel=\"noopener noreferrer nofollow\">Le texte de l\u2019article.<\/a><span><\/span>}<br \/>\n|{Organisme \u00e0 d\u00e9couvrir \u00a0OCIM.,<a href=\"http:\/\/www.ocim.fr\/bibliographie\/\" target=\"_blank\" rel=\"noopener noreferrer nofollow\">L\u2019article ICI.<\/a><span><\/span>}<br \/>\n|{Les Insectes mus\u00e9ophages del\u2019OCIM \u2013 Office de coop\u00e9ration et d\u2019information mus\u00e9ales.,<a href=\"http:\/\/www.ocim.fr\/repertoires\/insectes\/\" target=\"_blank\" rel=\"noopener noreferrer nofollow\">Article complet.<\/a><span><\/span>}<br \/>\n|{Du C2RMF \u2013 Centre de recherche et de restauration des mus\u00e9es de France.,<a href=\"https:\/\/c2rmf.fr\/fiches-techniques-0\" target=\"_blank\" rel=\"noopener noreferrer nofollow\">L\u2019article de presse.<\/a><span><\/span>}<br \/>\n|{Guide pratique pour le marquage d\u2019identification des biens culturels \u2013 C2RMF.,<a href=\"https:\/\/c2rmf.fr\/sites\/c2rmf\/files\/guide_pratique_pour_le_marquage_2015.pdf\" target=\"_blank\" rel=\"noopener noreferrer nofollow\">Le post d\u2019actualit\u00e9.<\/a><span><\/span>}<br \/>\n|{Vade-mecum de la conservation pr\u00e9ventive \u2013 C2RMF.,<a href=\"https:\/\/c2rmf.fr\/sites\/c2rmf\/files\/vademecum_cc.pdf\" target=\"_blank\" rel=\"noopener noreferrer nofollow\">Le texte de l\u2019article.<\/a><span><\/span>}<br \/>\n|{La conservation des objets mobiliers dans les \u00e9glises : outil d\u2019auto-\u00e9valuation.,<a href=\"https:\/\/culture.gouv.fr\/Media\/Thematiques\/Circulation-des-biens-culturels\/Files\/Ressources-doc-Guides-et-procedures\/Guide-La-conservation-des-objets-mobiliers-dans-les-eglises-2004\" target=\"_blank\" rel=\"noopener noreferrer nofollow\">Le texte de l\u2019article.<\/a><span><\/span>}<br \/>\n|{M\u00e9tiers de la restauration du patrimoine, statuts, conditions d\u2019exercice et fiscalit\u00e9, fiche pratique MC, 2018.,<a href=\"https:\/\/culture.gouv.fr\/Media\/Thematiques\/Conservation-restauration\/Fichiers\/Fiches-pratiques-manuels-et-revues\/Fiche-metiers-de-la-restauration-2019\" target=\"_blank\" rel=\"noopener noreferrer nofollow\">Le post d\u2019actualit\u00e9.<\/a><span><\/span>. Suite sur le prochain article.}<br \/>\n|{S\u00e9curit\u00e9 des biens culturels, de la pr\u00e9vention du vol \u00e0 la restitution de l\u2019objet vol\u00e9.,<a href=\"https:\/\/culture.gouv.fr\/Media\/Thematiques\/Conservation-restauration\/Fichiers\/Fiches-pratiques-manuels-et-revues\/Securite-des-biens-culturels-de-la-prevention-du-vol-a-la-restitution-de-l-objet-vole\" target=\"_blank\" rel=\"noopener noreferrer nofollow\">Le post d\u2019actualit\u00e9.<\/a><span><\/span>}<br \/>\n|{Petit Guide \u00e0 l\u2019usage des personnes souhaitant entretenir une s\u00e9pulture.,<a href=\"https:\/\/culture.gouv.fr\/Media\/Thematiques\/Conservation-restauration\/Fichiers\/Ressources-documentaires\/entretenir-une-sepulture\" target=\"_blank\" rel=\"noopener noreferrer nofollow\">L\u2019article de presse.<\/a><span><\/span>. Suite sur le prochain article.}<br \/>\n|{Rescuing the Hidden European Wooden Churches Heritage : an international methodology for implementing a database for restoration projects.,<a href=\"https:\/\/culture.gouv.fr\/Media\/Thematiques\/Conservation-restauration\/Fichiers\/Ressources-documentaires\/hiddenchurches\" target=\"_blank\" rel=\"noopener noreferrer nofollow\">Le dossier.<\/a><span><\/span>}<br \/>\n|{Guides de ma\u00eetrise d\u2019ouvrage et de ma\u00eetrise d\u2019\u0153uvre \u2013 Monuments historiques.,<a href=\"https:\/\/culture.gouv.fr\/Region\/Drac-Auvergne-Rhone-Alpes\/Demarches-aides\/Demarches-et-conseils-patrimoine-urbanisme-qualite-architecturale\/Guides-pratiques-travaux-sur-monuments-historiques\" target=\"_blank\" rel=\"noopener noreferrer nofollow\">L\u2019article de presse.<\/a><span><\/span>}<br \/>\n|{Charte de Venise.,<a href=\"https:\/\/fr.wikipedia.org\/wiki\/Charte_de_Venise\" target=\"_blank\" rel=\"noopener noreferrer nofollow\">Le post d\u2019actualit\u00e9.<\/a><span><\/span>. Suite sur le prochain article.}<br \/>\n|{Charte de Washington.,<a href=\"https:\/\/fr.wikipedia.org\/wiki\/Charte_de_Washington\" target=\"_blank\" rel=\"noopener noreferrer nofollow\">Le post d\u2019actualit\u00e9.<\/a><span><\/span>}<br \/>\n|{CIDOC Conceptual Reference Model.,<a href=\"https:\/\/fr.wikipedia.org\/wiki\/CIDOC_Conceptual_Reference_Model\" target=\"_blank\" rel=\"noopener noreferrer nofollow\">Article complet.<\/a><span><\/span>. Suite sur le prochain article.}<br \/>\n|{Club pour le vieux Prague.,<a href=\"https:\/\/fr.wikipedia.org\/wiki\/Club_pour_le_vieux_Prague\" target=\"_blank\" rel=\"noopener noreferrer nofollow\">Le dossier.<\/a><span><\/span>}<br \/>\n|{Code du patrimoine.,<a href=\"https:\/\/fr.wikipedia.org\/wiki\/Code_du_patrimoine\" target=\"_blank\" rel=\"noopener noreferrer nofollow\">L\u2019article ICI.<\/a><span><\/span>}<br \/>\n|{Collection Patrimoine culturel des pays francophones.,<a href=\"https:\/\/fr.wikipedia.org\/wiki\/Collection_Patrimoine_culturel_des_pays_francophones\" target=\"_blank\" rel=\"noopener noreferrer nofollow\">Article complet.<\/a><span><\/span>}<br \/>\n|{Conservation architecturale.,<a href=\"https:\/\/fr.wikipedia.org\/wiki\/Conservation_architecturale\" target=\"_blank\" rel=\"noopener noreferrer nofollow\">Ici.<\/a><span><\/span>. Suite sur le prochain article.}<br \/>\n|{Conservation pr\u00e9ventive.,<a href=\"https:\/\/fr.wikipedia.org\/wiki\/Conservation_pr%C3%A9ventive\" target=\"_blank\" rel=\"noopener noreferrer nofollow\">Ici.<\/a><span><\/span>}<br \/>\n|{Convention sur la protection du patrimoine culturel subaquatique.,<a href=\"https:\/\/fr.wikipedia.org\/wiki\/Convention_sur_la_protection_du_patrimoine_culturel_subaquatique\" target=\"_blank\" rel=\"noopener noreferrer nofollow\">L\u2019article de presse.<\/a><span><\/span>}<br \/>\n|{Din l-Art \u0126elwa.,<a href=\"https:\/\/fr.wikipedia.org\/wiki\/Din_l-Art_%C4%A6elwa\" target=\"_blank\" rel=\"noopener noreferrer nofollow\">Article complet.<\/a><span><\/span>}<br \/>\n|{Docomomo International.,<a href=\"https:\/\/fr.wikipedia.org\/wiki\/Docomomo_International\" target=\"_blank\" rel=\"noopener noreferrer nofollow\">Le post d\u2019actualit\u00e9.<\/a><span><\/span>}<br \/>\n|{Doctrines et techniques de conservation \u2013 restauration.,<a href=\"https:\/\/fr.wikipedia.org\/wiki\/Doctrines_et_techniques_de_conservation_-_restauration\" target=\"_blank\" rel=\"noopener noreferrer nofollow\">L\u2019article ICI.<\/a><span><\/span>}<br \/>\n|{Document de Nara sur l\u2019authenticit\u00e9.,<a href=\"https:\/\/fr.wikipedia.org\/wiki\/Document_de_Nara_sur_l%27authenticit%C3%A9\" target=\"_blank\" rel=\"noopener noreferrer nofollow\">Le dossier.<\/a><span><\/span>}<br \/>\n|{Fa\u00e7adisme.,<a href=\"https:\/\/fr.wikipedia.org\/wiki\/Fa%C3%A7adisme\" target=\"_blank\" rel=\"noopener noreferrer nofollow\">Le post d\u2019actualit\u00e9.<\/a><span><\/span>}<br \/>\n|{Fondation du patrimoine.,<a href=\"https:\/\/fr.wikipedia.org\/wiki\/Fondation_du_patrimoine\" target=\"_blank\" rel=\"noopener noreferrer nofollow\">Article complet.<\/a><span><\/span>. Suite sur le prochain article.}<br \/>\n|{Fondation Mansart.,<a href=\"https:\/\/fr.wikipedia.org\/wiki\/Fondation_Mansart\" target=\"_blank\" rel=\"noopener noreferrer nofollow\">Le post d\u2019actualit\u00e9.<\/a><span><\/span>}<br \/>\n|{Ieni-Kale.,<a href=\"https:\/\/fr.wikipedia.org\/wiki\/Ieni-Kale\" target=\"_blank\" rel=\"noopener noreferrer nofollow\">L\u2019article ICI.<\/a><span><\/span>. Suite sur le prochain article.}<br \/>\n|{In situ (conservation du patrimoine).,<a href=\"https:\/\/fr.wikipedia.org\/wiki\/In_situ_(conservation_du_patrimoine)\" target=\"_blank\" rel=\"noopener noreferrer nofollow\">Article complet.<\/a><span><\/span>}<br \/>\n|{Injection de coulis de liant dans les ma\u00e7onneries.,<a href=\"https:\/\/fr.wikipedia.org\/wiki\/Injection_de_coulis_de_liant_dans_les_ma%C3%A7onneries\" target=\"_blank\" rel=\"noopener noreferrer nofollow\">Cliquer ICI.<\/a><span><\/span>}<br \/>\n|{Jacques Harmand.,<a href=\"https:\/\/fr.wikipedia.org\/wiki\/Jacques_Harmand\" target=\"_blank\" rel=\"noopener noreferrer nofollow\">Ici.<\/a><span><\/span>}<br \/>\n|{La Tribune de l\u2019art.,<a href=\"https:\/\/fr.wikipedia.org\/wiki\/La_Tribune_de_l%27art\" target=\"_blank\" rel=\"noopener noreferrer nofollow\">Article complet.<\/a><span><\/span>}<br \/>\n|{Nisso Pelossof.,<a href=\"https:\/\/fr.wikipedia.org\/wiki\/Nisso_Pelossof\" target=\"_blank\" rel=\"noopener noreferrer nofollow\">Le dossier.<\/a><span><\/span>}<br \/>\n|{Palais Daming.,<a href=\"https:\/\/fr.wikipedia.org\/wiki\/Palais_Daming\" target=\"_blank\" rel=\"noopener noreferrer nofollow\">Le post d\u2019actualit\u00e9.<\/a><span><\/span>. Suite sur le prochain article.}<br \/>\n|{Paris historique.,<a href=\"https:\/\/fr.wikipedia.org\/wiki\/Paris_historique\" target=\"_blank\" rel=\"noopener noreferrer nofollow\">Le texte de l\u2019article.<\/a><span><\/span>. Suite sur le prochain article.}<br \/>\n|{Patrimoine d\u2019int\u00e9r\u00eat r\u00e9gional.,<a href=\"https:\/\/fr.wikipedia.org\/wiki\/Patrimoine_d%27int%C3%A9r%C3%AAt_r%C3%A9gional\" target=\"_blank\" rel=\"noopener noreferrer nofollow\">Le dossier.<\/a><span><\/span>}<br \/>\n|{Patrimoine sans fronti\u00e8res.,<a href=\"https:\/\/fr.wikipedia.org\/wiki\/Patrimoine_sans_fronti%C3%A8res\" target=\"_blank\" rel=\"noopener noreferrer nofollow\">Ici.<\/a><span><\/span>}<br \/>\n|{Patrimoine syrien pendant la guerre civile.,<a href=\"https:\/\/fr.wikipedia.org\/wiki\/Patrimoine_syrien_pendant_la_guerre_civile\" target=\"_blank\" rel=\"noopener noreferrer nofollow\">L\u2019article ICI.<\/a><span><\/span>}<br \/>\n|{Patrimoine syrien pendant la guerre civile.,<a href=\"https:\/\/fr.wikipedia.org\/wiki\/Patrimoine_syrien_pendant_la_guerre_civile\" target=\"_blank\" rel=\"noopener noreferrer nofollow\">Le dossier.<\/a><span><\/span>}<br \/>\n|{Patrimonialisation.,<a href=\"https:\/\/fr.wikipedia.org\/wiki\/Patrimonialisation\" target=\"_blank\" rel=\"noopener noreferrer nofollow\">Le dossier.<\/a><span><\/span>}<br \/>\n|{Patrimonialisation (homonymie).,<a href=\"https:\/\/fr.wikipedia.org\/wiki\/Patrimonialisation_(homonymie)\" target=\"_blank\" rel=\"noopener noreferrer nofollow\">Ici.<\/a><span><\/span>}<br \/>\n|{Pont de Gorica.,<a href=\"https:\/\/fr.wikipedia.org\/wiki\/Pont_de_Gorica\" target=\"_blank\" rel=\"noopener noreferrer nofollow\">A lire ici.<\/a><span><\/span>}<br \/>\n|{Port d\u2019int\u00e9r\u00eat patrimonial.,<a href=\"https:\/\/fr.wikipedia.org\/wiki\/Port_d%27int%C3%A9r%C3%AAt_patrimonial\" target=\"_blank\" rel=\"noopener noreferrer nofollow\">A lire ici.<\/a><span><\/span>}<br \/>\n|{Prix du patrimoine culturel de l\u2019UE\/Concours Europa Nostra.,<a href=\"https:\/\/fr.wikipedia.org\/wiki\/Prix_du_patrimoine_culturel_de_l%E2%80%99UE\/Concours_Europa_Nostra\" target=\"_blank\" rel=\"noopener noreferrer nofollow\">Le texte de l\u2019article.<\/a><span><\/span>. Suite sur le prochain article.}<br \/>\n|{R\u00e9seau culturel Terre catalane.,<a href=\"https:\/\/fr.wikipedia.org\/wiki\/R%C3%A9seau_culturel_Terre_catalane\" target=\"_blank\" rel=\"noopener noreferrer nofollow\">Le post d\u2019actualit\u00e9.<\/a><span><\/span>}<br \/>\n|{Red Tail Project.,<a href=\"https:\/\/fr.wikipedia.org\/wiki\/Red_Tail_Project\" target=\"_blank\" rel=\"noopener noreferrer nofollow\">L\u2019article ICI.<\/a><span><\/span>}<br \/>\n|{Registre patrimonial du Queensland.,<a href=\"https:\/\/fr.wikipedia.org\/wiki\/Registre_patrimonial_du_Queensland\" target=\"_blank\" rel=\"noopener noreferrer nofollow\">A lire ici.<\/a><span><\/span>}<br \/>\n|{Ren\u00e9 Dinkel.,<a href=\"https:\/\/fr.wikipedia.org\/wiki\/Ren%C3%A9_Dinkel\" target=\"_blank\" rel=\"noopener noreferrer nofollow\">Le dossier.<\/a><span><\/span>. Suite sur le prochain article.}<br \/>\n|{Renaissance du Lille Ancien.,<a href=\"https:\/\/fr.wikipedia.org\/wiki\/Renaissance_du_Lille_Ancien\" target=\"_blank\" rel=\"noopener noreferrer nofollow\">Le post d\u2019actualit\u00e9.<\/a><span><\/span>}<br \/>\n|{Restauration de la composition murale de la Maison de la Radio \u00e0 Strasbourg.,<a href=\"https:\/\/fr.wikipedia.org\/wiki\/Restauration_de_la_composition_murale_de_la_Maison_de_la_Radio_%C3%A0_Strasbourg\" target=\"_blank\" rel=\"noopener noreferrer nofollow\">Ici.<\/a><span><\/span>}<br \/>\n|{Ruine.,<a href=\"https:\/\/fr.wikipedia.org\/wiki\/Ruine\" target=\"_blank\" rel=\"noopener noreferrer nofollow\">Le texte de l\u2019article.<\/a><span><\/span>}<br \/>\n|{Secteur sauvegard\u00e9 de Lille.,<a href=\"https:\/\/fr.wikipedia.org\/wiki\/Secteur_sauvegard%C3%A9_de_Lille\" target=\"_blank\" rel=\"noopener noreferrer nofollow\">Article complet.<\/a><span><\/span>}<br \/>\n|{Secteur sauvegard\u00e9 de Lille.,<a href=\"https:\/\/fr.wikipedia.org\/wiki\/Secteur_sauvegard%C3%A9_de_Lille\" target=\"_blank\" rel=\"noopener noreferrer nofollow\">A lire ici.<\/a><span><\/span>}<br \/>\n|{Secteur sauvegard\u00e9 de Sedan.,<a href=\"https:\/\/fr.wikipedia.org\/wiki\/Secteur_sauvegard%C3%A9_de_Sedan\" target=\"_blank\" rel=\"noopener noreferrer nofollow\">L\u2019article ICI.<\/a><span><\/span>}<br \/>\n|{Secteur sauvegard\u00e9 de Sedan.,<a href=\"https:\/\/fr.wikipedia.org\/wiki\/Secteur_sauvegard%C3%A9_de_Sedan\" target=\"_blank\" rel=\"noopener noreferrer nofollow\">A lire ici.<\/a><span><\/span>. Suite sur le prochain article.}<br \/>\n|{Sites culturels construits d\u2019int\u00e9r\u00eat national en Finlande.,<a href=\"https:\/\/fr.wikipedia.org\/wiki\/Sites_culturels_construits_d%27int%C3%A9r%C3%AAt_national_en_Finlande\" target=\"_blank\" rel=\"noopener noreferrer nofollow\">Article complet.<\/a><span><\/span>. Suite sur le prochain article.}<br \/>\n|{Sites culturels construits d\u2019int\u00e9r\u00eat national en Finlande.,<a href=\"https:\/\/fr.wikipedia.org\/wiki\/Sites_culturels_construits_d%27int%C3%A9r%C3%AAt_national_en_Finlande\" target=\"_blank\" rel=\"noopener noreferrer nofollow\">L\u2019article ICI.<\/a><span><\/span>. Suite sur le prochain article.}<br \/>\n|{Sites historiques et culturels majeurs prot\u00e9g\u00e9s au niveau national.,<a href=\"https:\/\/fr.wikipedia.org\/wiki\/Sites_historiques_et_culturels_majeurs_prot%C3%A9g%C3%A9s_au_niveau_national\" target=\"_blank\" rel=\"noopener noreferrer nofollow\">L\u2019article ICI.<\/a><span><\/span>}<br \/>\n|{Sites historiques et culturels majeurs prot\u00e9g\u00e9s au niveau national.,<a href=\"https:\/\/fr.wikipedia.org\/wiki\/Sites_historiques_et_culturels_majeurs_prot%C3%A9g%C3%A9s_au_niveau_national\" target=\"_blank\" rel=\"noopener noreferrer nofollow\">Le post d\u2019actualit\u00e9.<\/a><span><\/span>. Suite sur le prochain article.}<br \/>\n|{Sites historiques et culturels majeurs prot\u00e9g\u00e9s au niveau national (Gansu).,<a href=\"https:\/\/fr.wikipedia.org\/wiki\/Sites_historiques_et_culturels_majeurs_prot%C3%A9g%C3%A9s_au_niveau_national_(Gansu)\" target=\"_blank\" rel=\"noopener noreferrer nofollow\">L\u2019article de presse.<\/a><span><\/span>}<br \/>\n|{Sites historiques et culturels majeurs prot\u00e9g\u00e9s au niveau national (Gansu).,<a href=\"https:\/\/fr.wikipedia.org\/wiki\/Sites_historiques_et_culturels_majeurs_prot%C3%A9g%C3%A9s_au_niveau_national_(Gansu)\" target=\"_blank\" rel=\"noopener noreferrer nofollow\">Le texte de l\u2019article.<\/a><span><\/span>}<br \/>\n|{Sites historiques et culturels majeurs prot\u00e9g\u00e9s au niveau national (Hebei).,<a href=\"https:\/\/fr.wikipedia.org\/wiki\/Sites_historiques_et_culturels_majeurs_prot%C3%A9g%C3%A9s_au_niveau_national_(Hebei)\" target=\"_blank\" rel=\"noopener noreferrer nofollow\">Cliquer ICI.<\/a><span><\/span>}<br \/>\n|{Sites historiques et culturels majeurs prot\u00e9g\u00e9s au niveau national (Hebei).,<a href=\"https:\/\/fr.wikipedia.org\/wiki\/Sites_historiques_et_culturels_majeurs_prot%C3%A9g%C3%A9s_au_niveau_national_(Hebei)\" target=\"_blank\" rel=\"noopener noreferrer nofollow\">Cliquer ICI.<\/a><span><\/span>}<br \/>\n|{Sites historiques et culturels majeurs prot\u00e9g\u00e9s au niveau national (Heilongjiang).,<a href=\"https:\/\/fr.wikipedia.org\/wiki\/Sites_historiques_et_culturels_majeurs_prot%C3%A9g%C3%A9s_au_niveau_national_(Heilongjiang)\" target=\"_blank\" rel=\"noopener noreferrer nofollow\">Le texte de l\u2019article.<\/a><span><\/span>. Suite sur le prochain article.}<br \/>\n|{Sites historiques et culturels majeurs prot\u00e9g\u00e9s au niveau national (Heilongjiang).,<a href=\"https:\/\/fr.wikipedia.org\/wiki\/Sites_historiques_et_culturels_majeurs_prot%C3%A9g%C3%A9s_au_niveau_national_(Heilongjiang)\" target=\"_blank\" rel=\"noopener noreferrer nofollow\">Cliquer ICI.<\/a><span><\/span>}<br \/>\n|{Sites historiques et culturels majeurs prot\u00e9g\u00e9s au niveau national (Jiangxi).,<a href=\"https:\/\/fr.wikipedia.org\/wiki\/Sites_historiques_et_culturels_majeurs_prot%C3%A9g%C3%A9s_au_niveau_national_(Jiangxi)\" target=\"_blank\" rel=\"noopener noreferrer nofollow\">Le texte de l\u2019article.<\/a><span><\/span>}<br \/>\n|{Sites historiques et culturels majeurs prot\u00e9g\u00e9s au niveau national (Jiangxi).,<a href=\"https:\/\/fr.wikipedia.org\/wiki\/Sites_historiques_et_culturels_majeurs_prot%C3%A9g%C3%A9s_au_niveau_national_(Jiangxi)\" target=\"_blank\" rel=\"noopener noreferrer nofollow\">A lire ici.<\/a><span><\/span>}<br \/>\n|{Sites historiques et culturels majeurs prot\u00e9g\u00e9s au niveau national (Liaoning).,<a href=\"https:\/\/fr.wikipedia.org\/wiki\/Sites_historiques_et_culturels_majeurs_prot%C3%A9g%C3%A9s_au_niveau_national_(Liaoning)\" target=\"_blank\" rel=\"noopener noreferrer nofollow\">Ici.<\/a><span><\/span>}<br \/>\n|{Sites historiques et culturels majeurs prot\u00e9g\u00e9s au niveau national (Liaoning).,<a href=\"https:\/\/fr.wikipedia.org\/wiki\/Sites_historiques_et_culturels_majeurs_prot%C3%A9g%C3%A9s_au_niveau_national_(Liaoning)\" target=\"_blank\" rel=\"noopener noreferrer nofollow\">Ici.<\/a><span><\/span>. Suite sur le prochain article.}<br \/>\n|{Sites historiques et culturels majeurs prot\u00e9g\u00e9s au niveau national (Mongolie int\u00e9rieure).,<a href=\"https:\/\/fr.wikipedia.org\/wiki\/Sites_historiques_et_culturels_majeurs_prot%C3%A9g%C3%A9s_au_niveau_national_(Mongolie_int%C3%A9rieure)\" target=\"_blank\" rel=\"noopener noreferrer nofollow\">Article complet.<\/a><span><\/span>}<br \/>\n|{Sites historiques et culturels majeurs prot\u00e9g\u00e9s au niveau national (Mongolie int\u00e9rieure).,<a href=\"https:\/\/fr.wikipedia.org\/wiki\/Sites_historiques_et_culturels_majeurs_prot%C3%A9g%C3%A9s_au_niveau_national_(Mongolie_int%C3%A9rieure)\" target=\"_blank\" rel=\"noopener noreferrer nofollow\">L\u2019article de presse.<\/a><span><\/span>}<br \/>\n|{Sites historiques et culturels majeurs prot\u00e9g\u00e9s au niveau national (Ningxia).,<a href=\"https:\/\/fr.wikipedia.org\/wiki\/Sites_historiques_et_culturels_majeurs_prot%C3%A9g%C3%A9s_au_niveau_national_(Ningxia)\" target=\"_blank\" rel=\"noopener noreferrer nofollow\">Article complet.<\/a><span><\/span>}<br \/>\n|{Sites historiques et culturels majeurs prot\u00e9g\u00e9s au niveau national (Ningxia).,<a href=\"https:\/\/fr.wikipedia.org\/wiki\/Sites_historiques_et_culturels_majeurs_prot%C3%A9g%C3%A9s_au_niveau_national_(Ningxia)\" target=\"_blank\" rel=\"noopener noreferrer nofollow\">L\u2019article ICI.<\/a><span><\/span>}<br \/>\n|{Sites historiques et culturels majeurs prot\u00e9g\u00e9s au niveau national (Shaanxi).,<a href=\"https:\/\/fr.wikipedia.org\/wiki\/Sites_historiques_et_culturels_majeurs_prot%C3%A9g%C3%A9s_au_niveau_national_(Shaanxi)\" target=\"_blank\" rel=\"noopener noreferrer nofollow\">Le texte de l\u2019article.<\/a><span><\/span>. Suite sur le prochain article.}<br \/>\n|{Sites historiques et culturels majeurs prot\u00e9g\u00e9s au niveau national (Shaanxi).,<a href=\"https:\/\/fr.wikipedia.org\/wiki\/Sites_historiques_et_culturels_majeurs_prot%C3%A9g%C3%A9s_au_niveau_national_(Shaanxi)\" target=\"_blank\" rel=\"noopener noreferrer nofollow\">L\u2019article de presse.<\/a><span><\/span>. Suite sur le prochain article.}<br \/>\n|{Sites historiques et culturels majeurs prot\u00e9g\u00e9s au niveau national (Sichuan).,<a href=\"https:\/\/fr.wikipedia.org\/wiki\/Sites_historiques_et_culturels_majeurs_prot%C3%A9g%C3%A9s_au_niveau_national_(Sichuan)\" target=\"_blank\" rel=\"noopener noreferrer nofollow\">L\u2019article de presse.<\/a><span><\/span>}<br \/>\n|{Sites historiques et culturels majeurs prot\u00e9g\u00e9s au niveau national (Sichuan).,<a href=\"https:\/\/fr.wikipedia.org\/wiki\/Sites_historiques_et_culturels_majeurs_prot%C3%A9g%C3%A9s_au_niveau_national_(Sichuan)\" target=\"_blank\" rel=\"noopener noreferrer nofollow\">Ici.<\/a><span><\/span>}<br \/>\n|{Sites historiques et culturels majeurs prot\u00e9g\u00e9s au niveau national (Xinjiang).,<a href=\"https:\/\/fr.wikipedia.org\/wiki\/Sites_historiques_et_culturels_majeurs_prot%C3%A9g%C3%A9s_au_niveau_national_(Xinjiang)\" target=\"_blank\" rel=\"noopener noreferrer nofollow\">L\u2019article ICI.<\/a><span><\/span>}<br \/>\n|{Sites historiques et culturels majeurs prot\u00e9g\u00e9s au niveau national (Xinjiang).,<a href=\"https:\/\/fr.wikipedia.org\/wiki\/Sites_historiques_et_culturels_majeurs_prot%C3%A9g%C3%A9s_au_niveau_national_(Xinjiang)\" target=\"_blank\" rel=\"noopener noreferrer nofollow\">L\u2019article de presse.<\/a><span><\/span>. Suite sur le prochain article.}<br \/>\n|{Sites historiques et culturels majeurs prot\u00e9g\u00e9s de la r\u00e9gion autonome du Tibet.,<a href=\"https:\/\/fr.wikipedia.org\/wiki\/Sites_historiques_et_culturels_majeurs_prot%C3%A9g%C3%A9s_de_la_r%C3%A9gion_autonome_du_Tibet\" target=\"_blank\" rel=\"noopener noreferrer nofollow\">Article complet.<\/a><span><\/span>}<br \/>\n|{Sites historiques et culturels majeurs prot\u00e9g\u00e9s de la r\u00e9gion autonome du Tibet.,<a href=\"https:\/\/fr.wikipedia.org\/wiki\/Sites_historiques_et_culturels_majeurs_prot%C3%A9g%C3%A9s_de_la_r%C3%A9gion_autonome_du_Tibet\" target=\"_blank\" rel=\"noopener noreferrer nofollow\">Le texte de l\u2019article.<\/a><span><\/span>}<br \/>\n|{Soci\u00e9t\u00e9 Jersiaise.,<a href=\"https:\/\/fr.wikipedia.org\/wiki\/Soci%C3%A9t%C3%A9_Jersiaise\" target=\"_blank\" rel=\"noopener noreferrer nofollow\">L\u2019article ICI.<\/a><span><\/span>}<br \/>\n|{Soci\u00e9t\u00e9 Jersiaise.,<a href=\"https:\/\/fr.wikipedia.org\/wiki\/Soci%C3%A9t%C3%A9_Jersiaise\" target=\"_blank\" rel=\"noopener noreferrer nofollow\">L\u2019article ICI.<\/a><span><\/span>}<br \/>\n|{Th\u00e9orie de la restauration.,<a href=\"https:\/\/fr.wikipedia.org\/wiki\/Th%C3%A9orie_de_la_restauration\" target=\"_blank\" rel=\"noopener noreferrer nofollow\">Le texte de l\u2019article.<\/a><span><\/span>. Suite sur le prochain article.}<br \/>\n|{Tr\u00e9sor national (Japon).,<a href=\"https:\/\/fr.wikipedia.org\/wiki\/Tr%C3%A9sor_national_(Japon)\" target=\"_blank\" rel=\"noopener noreferrer nofollow\">L\u2019article ICI.<\/a><span><\/span>}<br \/>\n|{Web Journal on Cultural Patrimony.,<a href=\"https:\/\/fr.wikipedia.org\/wiki\/Web_Journal_on_Cultural_Patrimony\" target=\"_blank\" rel=\"noopener noreferrer nofollow\">Ici.<\/a><span><\/span>. Suite sur le prochain article.}<br \/>\n|{Whanganui.,<a href=\"https:\/\/fr.wikipedia.org\/wiki\/Whanganui\" target=\"_blank\" rel=\"noopener noreferrer nofollow\">L\u2019article de presse.<\/a><span><\/span>}<br \/>\n|{Wiki Loves Earth.,<a href=\"https:\/\/fr.wikipedia.org\/wiki\/Wiki_Loves_Earth\" target=\"_blank\" rel=\"noopener noreferrer nofollow\">Article complet.<\/a><span><\/span>. Suite sur le prochain article.}<br \/>\n|{Wiki Loves Monuments.,<a href=\"https:\/\/fr.wikipedia.org\/wiki\/Wiki_Loves_Monuments\" target=\"_blank\" rel=\"noopener noreferrer nofollow\">Le texte de l\u2019article.<\/a><span><\/span>}<br \/>\n|{vitrail.,<a href=\"https:\/\/fr.wikipedia.orghttps\/\/fr.wikipedia.org\/wiki\/Vitrail\" target=\"_blank\" rel=\"noopener noreferrer nofollow\">L\u2019article de presse.<\/a><span><\/span>}<br \/>\n|{Les ICC Notes de l\u2019Institut canadien pour la conservation.,<a href=\"https:\/\/www.canada.ca\/fr\/institut-conservation\/services\/publications-conservation-preservation\/notes-institut-canadien-conservation.html\" target=\"_blank\" rel=\"noopener noreferrer nofollow\">A lire ici.<\/a><span><\/span>. Suite sur le prochain article.}<br \/>\n|{Centre de conservation du Qu\u00e9bec .,<a href=\"https:\/\/www.ccq.gouv.qc.ca\/index-id%3D84.html\" target=\"_blank\" rel=\"noopener noreferrer nofollow\">Le post d\u2019actualit\u00e9.<\/a><span><\/span>. Suite sur le prochain article.}<br \/>\n|{Monumental n\u00b022 Conservation, restauration, restauration, doctrines.,<a href=\"https:\/\/www.editions-du-patrimoine.fr\/Librairie\/Monumental\/Monumental-N-22-Conservation.-restauration-doctrines?pRelatedEditions=3\" target=\"_blank\" rel=\"noopener noreferrer nofollow\">L\u2019article de presse.<\/a><span><\/span>}<br \/>\n|{Ge-conservacion.,<a href=\"https:\/\/www.ge-iic.com\/ojs\/index.php\/revista\/issue\/archive\" target=\"_blank\" rel=\"noopener noreferrer nofollow\">Ici.<\/a><span><\/span>}<br \/>\n|{en ligne ici.,<a href=\"https:\/\/www.ifla.org\/resources\/?_sfm_resource_topic=1200820&amp;_sfm_resource_type=All\" target=\"_blank\" rel=\"noopener noreferrer nofollow\">Cliquer ICI.<\/a><span><\/span>}<br \/>\n|{News in Conservation.,<a href=\"https:\/\/www.iiconservation.org\/publications\/nic\" target=\"_blank\" rel=\"noopener noreferrer nofollow\">Le texte de l\u2019article.<\/a><span><\/span>}<br \/>\n|{Image permanence Institute.,<a href=\"https:\/\/www.imagepermanenceinstitute.org\/education\/publications.html\" target=\"_blank\" rel=\"noopener noreferrer nofollow\">Le post d\u2019actualit\u00e9.<\/a><span><\/span>}<br \/>\n|{Les Preservation leaflets du NEDCC \u2013 Northeast document center.,<a href=\"https:\/\/www.nedcc.org\/free-resources\/preservation-leaflets\/overview\" target=\"_blank\" rel=\"noopener noreferrer nofollow\">Le dossier.<\/a><span><\/span>}<br \/>\n|{Conserve O Gram du National Park Service.,<a href=\"https:\/\/www.nps.gov\/museum\/publications\/conserveogram\/cons_toc.html\" target=\"_blank\" rel=\"noopener noreferrer nofollow\">Cliquer ICI.<\/a><span><\/span>}<br \/>\n|{Petite histoire de la restauration des monuments historiques.,<a href=\"https:\/\/www.tourisme93.com\/petite-histoire-de-la-restauration-des-monuments-historiques.html\" target=\"_blank\" rel=\"noopener noreferrer nofollow\">Le dossier.<\/a><span><\/span>}<br \/>\n}<\/p>\n<\/div>\n","protected":false},"excerpt":{"rendered":"<p>Le ministre isra\u00e9lien des Finances, Bezalel Smotrich, a d\u00e9clench\u00e9 une r\u00e9action f\u00e9roce dimanche apr\u00e8s avoir d\u00e9clar\u00e9 publiquement que le retour des otages d\u00e9tenus par le Hamas \u00e0 Gaza n&rsquo;est \u00abpas l&rsquo;objectif le plus important\u00bb du gouvernement isra\u00e9lien. Dans une interview avec Radio Galey Israel, le ministre d&rsquo;extr\u00eame droite a affirm\u00e9 que tout en sauvant les [&hellip;]<\/p>\n","protected":false},"author":3,"featured_media":784,"comment_status":"closed","ping_status":"closed","sticky":false,"template":"","format":"standard","meta":{"footnotes":""},"categories":[2],"tags":[],"class_list":["post-783","post","type-post","status-publish","format-standard","has-post-thumbnail","hentry","category-patrimoine","entry","has-media"],"yoast_head":"<!-- This site is optimized with the Yoast SEO plugin v27.5 - https:\/\/yoast.com\/product\/yoast-seo-wordpress\/ -->\n<title>Le ministre des Finances Smotrich dit que vaincre le Hamas plus important que le sauvetage d&#039;otages - LESGROTTESDESAINTCEZAIRE<\/title>\n<meta name=\"description\" content=\"Le ministre des Finances Smotrich dit que vaincre le Hamas plus important que le sauvetage d&#039;otages article de LESGROTTESDESAINTCEZAIRE\" \/>\n<meta name=\"robots\" content=\"index, follow, max-snippet:-1, max-image-preview:large, max-video-preview:-1\" \/>\n<link rel=\"canonical\" href=\"https:\/\/www.lesgrottesdesaintcezaire.fr\/blog\/le-ministre-des-finances-smotrich-dit-que-vaincre-le-hamas-plus-important-que-le-sauvetage-dotages\/\" \/>\n<meta property=\"og:locale\" content=\"fr_FR\" \/>\n<meta property=\"og:type\" content=\"article\" \/>\n<meta property=\"og:title\" content=\"Le ministre des Finances Smotrich dit que vaincre le Hamas plus important que le sauvetage d&#039;otages - LESGROTTESDESAINTCEZAIRE\" \/>\n<meta property=\"og:description\" content=\"Le ministre des Finances Smotrich dit que vaincre le Hamas plus important que le sauvetage d&#039;otages article de LESGROTTESDESAINTCEZAIRE\" \/>\n<meta property=\"og:url\" content=\"https:\/\/www.lesgrottesdesaintcezaire.fr\/blog\/le-ministre-des-finances-smotrich-dit-que-vaincre-le-hamas-plus-important-que-le-sauvetage-dotages\/\" \/>\n<meta property=\"og:site_name\" content=\"LESGROTTESDESAINTCEZAIRE\" \/>\n<meta property=\"article:published_time\" content=\"2025-04-21T10:14:18+00:00\" \/>\n<meta property=\"og:image\" content=\"https:\/\/www.lesgrottesdesaintcezaire.fr\/blog\/wp-content\/uploads\/2025\/04\/Des-ministres-israeliens-de-droite-qualifient-le-projet-daccord-dotages-1024x682-1.jpg\" \/>\n<meta name=\"author\" content=\"Fabienne MOUTON\" \/>\n<meta name=\"twitter:card\" content=\"summary_large_image\" \/>\n<meta name=\"twitter:label1\" content=\"\u00c9crit par\" \/>\n\t<meta name=\"twitter:data1\" content=\"Fabienne MOUTON\" \/>\n\t<meta name=\"twitter:label2\" content=\"Dur\u00e9e de lecture estim\u00e9e\" \/>\n\t<meta name=\"twitter:data2\" content=\"22 minutes\" \/>\n<script type=\"application\/ld+json\" class=\"yoast-schema-graph\">{\"@context\":\"https:\\\/\\\/schema.org\",\"@graph\":[{\"@type\":\"Article\",\"@id\":\"https:\\\/\\\/www.lesgrottesdesaintcezaire.fr\\\/blog\\\/le-ministre-des-finances-smotrich-dit-que-vaincre-le-hamas-plus-important-que-le-sauvetage-dotages\\\/#article\",\"isPartOf\":{\"@id\":\"https:\\\/\\\/www.lesgrottesdesaintcezaire.fr\\\/blog\\\/le-ministre-des-finances-smotrich-dit-que-vaincre-le-hamas-plus-important-que-le-sauvetage-dotages\\\/\"},\"author\":{\"name\":\"Fabienne MOUTON\",\"@id\":\"https:\\\/\\\/www.lesgrottesdesaintcezaire.fr\\\/blog\\\/#\\\/schema\\\/person\\\/23d9a2ac249ecb9460a4ebce885adb9b\"},\"headline\":\"Le ministre des Finances Smotrich dit que vaincre le Hamas plus important que le sauvetage d&rsquo;otages\",\"datePublished\":\"2025-04-21T10:14:18+00:00\",\"mainEntityOfPage\":{\"@id\":\"https:\\\/\\\/www.lesgrottesdesaintcezaire.fr\\\/blog\\\/le-ministre-des-finances-smotrich-dit-que-vaincre-le-hamas-plus-important-que-le-sauvetage-dotages\\\/\"},\"wordCount\":4389,\"publisher\":{\"@id\":\"https:\\\/\\\/www.lesgrottesdesaintcezaire.fr\\\/blog\\\/#organization\"},\"image\":{\"@id\":\"https:\\\/\\\/www.lesgrottesdesaintcezaire.fr\\\/blog\\\/le-ministre-des-finances-smotrich-dit-que-vaincre-le-hamas-plus-important-que-le-sauvetage-dotages\\\/#primaryimage\"},\"thumbnailUrl\":\"https:\\\/\\\/www.lesgrottesdesaintcezaire.fr\\\/blog\\\/wp-content\\\/uploads\\\/2025\\\/04\\\/Des-ministres-israeliens-de-droite-qualifient-le-projet-daccord-dotages-1024x682-1.jpg\",\"articleSection\":[\"Patrimoine:\"],\"inLanguage\":\"fr-FR\"},{\"@type\":\"WebPage\",\"@id\":\"https:\\\/\\\/www.lesgrottesdesaintcezaire.fr\\\/blog\\\/le-ministre-des-finances-smotrich-dit-que-vaincre-le-hamas-plus-important-que-le-sauvetage-dotages\\\/\",\"url\":\"https:\\\/\\\/www.lesgrottesdesaintcezaire.fr\\\/blog\\\/le-ministre-des-finances-smotrich-dit-que-vaincre-le-hamas-plus-important-que-le-sauvetage-dotages\\\/\",\"name\":\"Le ministre des Finances Smotrich dit que vaincre le Hamas plus important que le sauvetage d'otages - LESGROTTESDESAINTCEZAIRE\",\"isPartOf\":{\"@id\":\"https:\\\/\\\/www.lesgrottesdesaintcezaire.fr\\\/blog\\\/#website\"},\"primaryImageOfPage\":{\"@id\":\"https:\\\/\\\/www.lesgrottesdesaintcezaire.fr\\\/blog\\\/le-ministre-des-finances-smotrich-dit-que-vaincre-le-hamas-plus-important-que-le-sauvetage-dotages\\\/#primaryimage\"},\"image\":{\"@id\":\"https:\\\/\\\/www.lesgrottesdesaintcezaire.fr\\\/blog\\\/le-ministre-des-finances-smotrich-dit-que-vaincre-le-hamas-plus-important-que-le-sauvetage-dotages\\\/#primaryimage\"},\"thumbnailUrl\":\"https:\\\/\\\/www.lesgrottesdesaintcezaire.fr\\\/blog\\\/wp-content\\\/uploads\\\/2025\\\/04\\\/Des-ministres-israeliens-de-droite-qualifient-le-projet-daccord-dotages-1024x682-1.jpg\",\"datePublished\":\"2025-04-21T10:14:18+00:00\",\"description\":\"Le ministre des Finances Smotrich dit que vaincre le Hamas plus important que le sauvetage d'otages article de LESGROTTESDESAINTCEZAIRE\",\"breadcrumb\":{\"@id\":\"https:\\\/\\\/www.lesgrottesdesaintcezaire.fr\\\/blog\\\/le-ministre-des-finances-smotrich-dit-que-vaincre-le-hamas-plus-important-que-le-sauvetage-dotages\\\/#breadcrumb\"},\"inLanguage\":\"fr-FR\",\"potentialAction\":[{\"@type\":\"ReadAction\",\"target\":[\"https:\\\/\\\/www.lesgrottesdesaintcezaire.fr\\\/blog\\\/le-ministre-des-finances-smotrich-dit-que-vaincre-le-hamas-plus-important-que-le-sauvetage-dotages\\\/\"]}]},{\"@type\":\"ImageObject\",\"inLanguage\":\"fr-FR\",\"@id\":\"https:\\\/\\\/www.lesgrottesdesaintcezaire.fr\\\/blog\\\/le-ministre-des-finances-smotrich-dit-que-vaincre-le-hamas-plus-important-que-le-sauvetage-dotages\\\/#primaryimage\",\"url\":\"https:\\\/\\\/www.lesgrottesdesaintcezaire.fr\\\/blog\\\/wp-content\\\/uploads\\\/2025\\\/04\\\/Des-ministres-israeliens-de-droite-qualifient-le-projet-daccord-dotages-1024x682-1.jpg\",\"contentUrl\":\"https:\\\/\\\/www.lesgrottesdesaintcezaire.fr\\\/blog\\\/wp-content\\\/uploads\\\/2025\\\/04\\\/Des-ministres-israeliens-de-droite-qualifient-le-projet-daccord-dotages-1024x682-1.jpg\",\"width\":1024,\"height\":682,\"caption\":\"Des ministres israeliens de droite qualifient le projet daccord dotages 1024x682 1\"},{\"@type\":\"BreadcrumbList\",\"@id\":\"https:\\\/\\\/www.lesgrottesdesaintcezaire.fr\\\/blog\\\/le-ministre-des-finances-smotrich-dit-que-vaincre-le-hamas-plus-important-que-le-sauvetage-dotages\\\/#breadcrumb\",\"itemListElement\":[{\"@type\":\"ListItem\",\"position\":1,\"name\":\"Accueil\",\"item\":\"https:\\\/\\\/www.lesgrottesdesaintcezaire.fr\\\/blog\\\/\"},{\"@type\":\"ListItem\",\"position\":2,\"name\":\"Le ministre des Finances Smotrich dit que vaincre le Hamas plus important que le sauvetage d&rsquo;otages\"}]},{\"@type\":\"WebSite\",\"@id\":\"https:\\\/\\\/www.lesgrottesdesaintcezaire.fr\\\/blog\\\/#website\",\"url\":\"https:\\\/\\\/www.lesgrottesdesaintcezaire.fr\\\/blog\\\/\",\"name\":\"LESGROTTESDESAINTCEZAIRE\",\"description\":\"Patrimoine: Le site de r\u00e9f\u00e9rence.\",\"publisher\":{\"@id\":\"https:\\\/\\\/www.lesgrottesdesaintcezaire.fr\\\/blog\\\/#organization\"},\"potentialAction\":[{\"@type\":\"SearchAction\",\"target\":{\"@type\":\"EntryPoint\",\"urlTemplate\":\"https:\\\/\\\/www.lesgrottesdesaintcezaire.fr\\\/blog\\\/?s={search_term_string}\"},\"query-input\":{\"@type\":\"PropertyValueSpecification\",\"valueRequired\":true,\"valueName\":\"search_term_string\"}}],\"inLanguage\":\"fr-FR\"},{\"@type\":\"Organization\",\"@id\":\"https:\\\/\\\/www.lesgrottesdesaintcezaire.fr\\\/blog\\\/#organization\",\"name\":\"lesgrottesdesaintcezaire\",\"url\":\"https:\\\/\\\/www.lesgrottesdesaintcezaire.fr\\\/blog\\\/\",\"logo\":{\"@type\":\"ImageObject\",\"inLanguage\":\"fr-FR\",\"@id\":\"https:\\\/\\\/www.lesgrottesdesaintcezaire.fr\\\/blog\\\/#\\\/schema\\\/logo\\\/image\\\/\",\"url\":\"https:\\\/\\\/www.lesgrottesdesaintcezaire.fr\\\/blog\\\/wp-content\\\/uploads\\\/2022\\\/05\\\/logo-2.png\",\"contentUrl\":\"https:\\\/\\\/www.lesgrottesdesaintcezaire.fr\\\/blog\\\/wp-content\\\/uploads\\\/2022\\\/05\\\/logo-2.png\",\"width\":150,\"height\":209,\"caption\":\"lesgrottesdesaintcezaire\"},\"image\":{\"@id\":\"https:\\\/\\\/www.lesgrottesdesaintcezaire.fr\\\/blog\\\/#\\\/schema\\\/logo\\\/image\\\/\"}},{\"@type\":\"Person\",\"@id\":\"https:\\\/\\\/www.lesgrottesdesaintcezaire.fr\\\/blog\\\/#\\\/schema\\\/person\\\/23d9a2ac249ecb9460a4ebce885adb9b\",\"name\":\"Fabienne MOUTON\",\"image\":{\"@type\":\"ImageObject\",\"inLanguage\":\"fr-FR\",\"@id\":\"https:\\\/\\\/secure.gravatar.com\\\/avatar\\\/856d7a14385bb0216de9c5cf9fb1160ddbd11c00be5bb16cfe389b9971309649?s=96&d=mm&r=g\",\"url\":\"https:\\\/\\\/secure.gravatar.com\\\/avatar\\\/856d7a14385bb0216de9c5cf9fb1160ddbd11c00be5bb16cfe389b9971309649?s=96&d=mm&r=g\",\"contentUrl\":\"https:\\\/\\\/secure.gravatar.com\\\/avatar\\\/856d7a14385bb0216de9c5cf9fb1160ddbd11c00be5bb16cfe389b9971309649?s=96&d=mm&r=g\",\"caption\":\"Fabienne MOUTON\"},\"url\":\"https:\\\/\\\/www.lesgrottesdesaintcezaire.fr\\\/blog\\\/author\\\/irefabienne\\\/\"}]}<\/script>\n<!-- \/ Yoast SEO plugin. -->","yoast_head_json":{"title":"Le ministre des Finances Smotrich dit que vaincre le Hamas plus important que le sauvetage d'otages - LESGROTTESDESAINTCEZAIRE","description":"Le ministre des Finances Smotrich dit que vaincre le Hamas plus important que le sauvetage d'otages article de LESGROTTESDESAINTCEZAIRE","robots":{"index":"index","follow":"follow","max-snippet":"max-snippet:-1","max-image-preview":"max-image-preview:large","max-video-preview":"max-video-preview:-1"},"canonical":"https:\/\/www.lesgrottesdesaintcezaire.fr\/blog\/le-ministre-des-finances-smotrich-dit-que-vaincre-le-hamas-plus-important-que-le-sauvetage-dotages\/","og_locale":"fr_FR","og_type":"article","og_title":"Le ministre des Finances Smotrich dit que vaincre le Hamas plus important que le sauvetage d'otages - LESGROTTESDESAINTCEZAIRE","og_description":"Le ministre des Finances Smotrich dit que vaincre le Hamas plus important que le sauvetage d'otages article de LESGROTTESDESAINTCEZAIRE","og_url":"https:\/\/www.lesgrottesdesaintcezaire.fr\/blog\/le-ministre-des-finances-smotrich-dit-que-vaincre-le-hamas-plus-important-que-le-sauvetage-dotages\/","og_site_name":"LESGROTTESDESAINTCEZAIRE","article_published_time":"2025-04-21T10:14:18+00:00","og_image":[{"url":"https:\/\/www.lesgrottesdesaintcezaire.fr\/blog\/wp-content\/uploads\/2025\/04\/Des-ministres-israeliens-de-droite-qualifient-le-projet-daccord-dotages-1024x682-1.jpg","type":"","width":"","height":""}],"author":"Fabienne MOUTON","twitter_card":"summary_large_image","twitter_misc":{"\u00c9crit par":"Fabienne MOUTON","Dur\u00e9e de lecture estim\u00e9e":"22 minutes"},"schema":{"@context":"https:\/\/schema.org","@graph":[{"@type":"Article","@id":"https:\/\/www.lesgrottesdesaintcezaire.fr\/blog\/le-ministre-des-finances-smotrich-dit-que-vaincre-le-hamas-plus-important-que-le-sauvetage-dotages\/#article","isPartOf":{"@id":"https:\/\/www.lesgrottesdesaintcezaire.fr\/blog\/le-ministre-des-finances-smotrich-dit-que-vaincre-le-hamas-plus-important-que-le-sauvetage-dotages\/"},"author":{"name":"Fabienne MOUTON","@id":"https:\/\/www.lesgrottesdesaintcezaire.fr\/blog\/#\/schema\/person\/23d9a2ac249ecb9460a4ebce885adb9b"},"headline":"Le ministre des Finances Smotrich dit que vaincre le Hamas plus important que le sauvetage d&rsquo;otages","datePublished":"2025-04-21T10:14:18+00:00","mainEntityOfPage":{"@id":"https:\/\/www.lesgrottesdesaintcezaire.fr\/blog\/le-ministre-des-finances-smotrich-dit-que-vaincre-le-hamas-plus-important-que-le-sauvetage-dotages\/"},"wordCount":4389,"publisher":{"@id":"https:\/\/www.lesgrottesdesaintcezaire.fr\/blog\/#organization"},"image":{"@id":"https:\/\/www.lesgrottesdesaintcezaire.fr\/blog\/le-ministre-des-finances-smotrich-dit-que-vaincre-le-hamas-plus-important-que-le-sauvetage-dotages\/#primaryimage"},"thumbnailUrl":"https:\/\/www.lesgrottesdesaintcezaire.fr\/blog\/wp-content\/uploads\/2025\/04\/Des-ministres-israeliens-de-droite-qualifient-le-projet-daccord-dotages-1024x682-1.jpg","articleSection":["Patrimoine:"],"inLanguage":"fr-FR"},{"@type":"WebPage","@id":"https:\/\/www.lesgrottesdesaintcezaire.fr\/blog\/le-ministre-des-finances-smotrich-dit-que-vaincre-le-hamas-plus-important-que-le-sauvetage-dotages\/","url":"https:\/\/www.lesgrottesdesaintcezaire.fr\/blog\/le-ministre-des-finances-smotrich-dit-que-vaincre-le-hamas-plus-important-que-le-sauvetage-dotages\/","name":"Le ministre des Finances Smotrich dit que vaincre le Hamas plus important que le sauvetage d'otages - LESGROTTESDESAINTCEZAIRE","isPartOf":{"@id":"https:\/\/www.lesgrottesdesaintcezaire.fr\/blog\/#website"},"primaryImageOfPage":{"@id":"https:\/\/www.lesgrottesdesaintcezaire.fr\/blog\/le-ministre-des-finances-smotrich-dit-que-vaincre-le-hamas-plus-important-que-le-sauvetage-dotages\/#primaryimage"},"image":{"@id":"https:\/\/www.lesgrottesdesaintcezaire.fr\/blog\/le-ministre-des-finances-smotrich-dit-que-vaincre-le-hamas-plus-important-que-le-sauvetage-dotages\/#primaryimage"},"thumbnailUrl":"https:\/\/www.lesgrottesdesaintcezaire.fr\/blog\/wp-content\/uploads\/2025\/04\/Des-ministres-israeliens-de-droite-qualifient-le-projet-daccord-dotages-1024x682-1.jpg","datePublished":"2025-04-21T10:14:18+00:00","description":"Le ministre des Finances Smotrich dit que vaincre le Hamas plus important que le sauvetage d'otages article de LESGROTTESDESAINTCEZAIRE","breadcrumb":{"@id":"https:\/\/www.lesgrottesdesaintcezaire.fr\/blog\/le-ministre-des-finances-smotrich-dit-que-vaincre-le-hamas-plus-important-que-le-sauvetage-dotages\/#breadcrumb"},"inLanguage":"fr-FR","potentialAction":[{"@type":"ReadAction","target":["https:\/\/www.lesgrottesdesaintcezaire.fr\/blog\/le-ministre-des-finances-smotrich-dit-que-vaincre-le-hamas-plus-important-que-le-sauvetage-dotages\/"]}]},{"@type":"ImageObject","inLanguage":"fr-FR","@id":"https:\/\/www.lesgrottesdesaintcezaire.fr\/blog\/le-ministre-des-finances-smotrich-dit-que-vaincre-le-hamas-plus-important-que-le-sauvetage-dotages\/#primaryimage","url":"https:\/\/www.lesgrottesdesaintcezaire.fr\/blog\/wp-content\/uploads\/2025\/04\/Des-ministres-israeliens-de-droite-qualifient-le-projet-daccord-dotages-1024x682-1.jpg","contentUrl":"https:\/\/www.lesgrottesdesaintcezaire.fr\/blog\/wp-content\/uploads\/2025\/04\/Des-ministres-israeliens-de-droite-qualifient-le-projet-daccord-dotages-1024x682-1.jpg","width":1024,"height":682,"caption":"Des ministres israeliens de droite qualifient le projet daccord dotages 1024x682 1"},{"@type":"BreadcrumbList","@id":"https:\/\/www.lesgrottesdesaintcezaire.fr\/blog\/le-ministre-des-finances-smotrich-dit-que-vaincre-le-hamas-plus-important-que-le-sauvetage-dotages\/#breadcrumb","itemListElement":[{"@type":"ListItem","position":1,"name":"Accueil","item":"https:\/\/www.lesgrottesdesaintcezaire.fr\/blog\/"},{"@type":"ListItem","position":2,"name":"Le ministre des Finances Smotrich dit que vaincre le Hamas plus important que le sauvetage d&rsquo;otages"}]},{"@type":"WebSite","@id":"https:\/\/www.lesgrottesdesaintcezaire.fr\/blog\/#website","url":"https:\/\/www.lesgrottesdesaintcezaire.fr\/blog\/","name":"LESGROTTESDESAINTCEZAIRE","description":"Patrimoine: Le site de r\u00e9f\u00e9rence.","publisher":{"@id":"https:\/\/www.lesgrottesdesaintcezaire.fr\/blog\/#organization"},"potentialAction":[{"@type":"SearchAction","target":{"@type":"EntryPoint","urlTemplate":"https:\/\/www.lesgrottesdesaintcezaire.fr\/blog\/?s={search_term_string}"},"query-input":{"@type":"PropertyValueSpecification","valueRequired":true,"valueName":"search_term_string"}}],"inLanguage":"fr-FR"},{"@type":"Organization","@id":"https:\/\/www.lesgrottesdesaintcezaire.fr\/blog\/#organization","name":"lesgrottesdesaintcezaire","url":"https:\/\/www.lesgrottesdesaintcezaire.fr\/blog\/","logo":{"@type":"ImageObject","inLanguage":"fr-FR","@id":"https:\/\/www.lesgrottesdesaintcezaire.fr\/blog\/#\/schema\/logo\/image\/","url":"https:\/\/www.lesgrottesdesaintcezaire.fr\/blog\/wp-content\/uploads\/2022\/05\/logo-2.png","contentUrl":"https:\/\/www.lesgrottesdesaintcezaire.fr\/blog\/wp-content\/uploads\/2022\/05\/logo-2.png","width":150,"height":209,"caption":"lesgrottesdesaintcezaire"},"image":{"@id":"https:\/\/www.lesgrottesdesaintcezaire.fr\/blog\/#\/schema\/logo\/image\/"}},{"@type":"Person","@id":"https:\/\/www.lesgrottesdesaintcezaire.fr\/blog\/#\/schema\/person\/23d9a2ac249ecb9460a4ebce885adb9b","name":"Fabienne MOUTON","image":{"@type":"ImageObject","inLanguage":"fr-FR","@id":"https:\/\/secure.gravatar.com\/avatar\/856d7a14385bb0216de9c5cf9fb1160ddbd11c00be5bb16cfe389b9971309649?s=96&d=mm&r=g","url":"https:\/\/secure.gravatar.com\/avatar\/856d7a14385bb0216de9c5cf9fb1160ddbd11c00be5bb16cfe389b9971309649?s=96&d=mm&r=g","contentUrl":"https:\/\/secure.gravatar.com\/avatar\/856d7a14385bb0216de9c5cf9fb1160ddbd11c00be5bb16cfe389b9971309649?s=96&d=mm&r=g","caption":"Fabienne MOUTON"},"url":"https:\/\/www.lesgrottesdesaintcezaire.fr\/blog\/author\/irefabienne\/"}]}},"_links":{"self":[{"href":"https:\/\/www.lesgrottesdesaintcezaire.fr\/blog\/wp-json\/wp\/v2\/posts\/783","targetHints":{"allow":["GET"]}}],"collection":[{"href":"https:\/\/www.lesgrottesdesaintcezaire.fr\/blog\/wp-json\/wp\/v2\/posts"}],"about":[{"href":"https:\/\/www.lesgrottesdesaintcezaire.fr\/blog\/wp-json\/wp\/v2\/types\/post"}],"author":[{"embeddable":true,"href":"https:\/\/www.lesgrottesdesaintcezaire.fr\/blog\/wp-json\/wp\/v2\/users\/3"}],"replies":[{"embeddable":true,"href":"https:\/\/www.lesgrottesdesaintcezaire.fr\/blog\/wp-json\/wp\/v2\/comments?post=783"}],"version-history":[{"count":0,"href":"https:\/\/www.lesgrottesdesaintcezaire.fr\/blog\/wp-json\/wp\/v2\/posts\/783\/revisions"}],"wp:featuredmedia":[{"embeddable":true,"href":"https:\/\/www.lesgrottesdesaintcezaire.fr\/blog\/wp-json\/wp\/v2\/media\/784"}],"wp:attachment":[{"href":"https:\/\/www.lesgrottesdesaintcezaire.fr\/blog\/wp-json\/wp\/v2\/media?parent=783"}],"wp:term":[{"taxonomy":"category","embeddable":true,"href":"https:\/\/www.lesgrottesdesaintcezaire.fr\/blog\/wp-json\/wp\/v2\/categories?post=783"},{"taxonomy":"post_tag","embeddable":true,"href":"https:\/\/www.lesgrottesdesaintcezaire.fr\/blog\/wp-json\/wp\/v2\/tags?post=783"}],"curies":[{"name":"wp","href":"https:\/\/api.w.org\/{rel}","templated":true}]}}