{"id":792,"date":"2025-06-02T21:10:28","date_gmt":"2025-06-02T19:10:28","guid":{"rendered":"https:\/\/www.lesgrottesdesaintcezaire.fr\/blog\/un-tableau-du-xixe-siecle-restaure-dans-leglise\/"},"modified":"2025-06-02T21:10:28","modified_gmt":"2025-06-02T19:10:28","slug":"un-tableau-du-xixe-siecle-restaure-dans-leglise","status":"publish","type":"post","link":"https:\/\/www.lesgrottesdesaintcezaire.fr\/blog\/un-tableau-du-xixe-siecle-restaure-dans-leglise\/","title":{"rendered":"Un Tableau du Xixe Si\u00e8cle Restaur\u00e9 dans l&rsquo;\u00e9glise"},"content":{"rendered":"<div><img width=\"580\" height=\"316\" src=\"https:\/\/www.lesgrottesdesaintcezaire.fr\/blog\/wp-content\/uploads\/2025\/06\/Un-Tableau-du-Xixe-Siecle-Restaure-dans-l39eglise-1024x558-1.jpg\" class=\"attachment-large size-large wp-post-image\" alt=\"Un-Tableau-du-Xixe-Siecle-Restaure-dans-l39eglise\" style=\"float:left; margin:0 15px 15px 0;\" decoding=\"async\" srcset=\"https:\/\/www.lesgrottesdesaintcezaire.fr\/blog\/wp-content\/uploads\/2025\/06\/Un-Tableau-du-Xixe-Siecle-Restaure-dans-l39eglise-1024x558-1.jpg 1024w, https:\/\/www.site.cdcl.xyz\/wp-content\/uploads\/2025\/06\/Un-Tableau-du-Xixe-Siecle-Restaure-dans-l39eglise-300x164.jpg 300w, https:\/\/www.site.cdcl.xyz\/wp-content\/uploads\/2025\/06\/Un-Tableau-du-Xixe-Siecle-Restaure-dans-l39eglise-768x419.jpg 768w, https:\/\/www.lesgrottesdesaintcezaire.fr\/blog\/wp-content\/uploads\/2025\/06\/Un-Tableau-du-Xixe-Siecle-Restaure-dans-l39eglise.jpg 1200w\" sizes=\"(max-width: 580px) 100vw, 580px\"><\/p>\n<div>\n<p>La commune Renforce ses efforts verser Pr\u00e9server Son Patrimoine Culturel, AVEC La Restauration d&rsquo;Unt Tableau Histority DATATANT DE 1861, INTItul\u00e9 \u00abECCE HOMO\u00bb, UNE Expression Significant \u00abVoici L&rsquo;Homme\u00bb.<\/p>\n<p>CE Tableau, Sign\u00e9 Nicolas Faverjon, A \u00c9t\u00e9 Restaur\u00e9 \u00e0 l&rsquo;Initiative de la Mairie APR\u00c8S Que l&rsquo;association Paroissiale, Dirigee par Jean-Louis Veuille, Ait Alert\u00e9 Sur sa D\u00c9GRADATION DANS L&rsquo;\u00c9GLILISE. APR\u00c8S AVoir Cherch\u00e9 des aides financi\u00e8res sans succ\u00e8ne, La Mairie A Pris La D\u00e9cision de Finance La restauration (CO\u00fbt Global 7 740 Euros).<\/p>\n<p>\u00abCE Chef-D&rsquo;\u0153Uvre, initial attribu\u00e9 en dep\u00f4t par l&#8217;empereur napol\u00e9on iii, en R\u00e9compense du Soutien \u00e9lectoral de la commune lors de sa candidature presidentrielle, occupe une place particuli\u00e8re danans l&rsquo;Histoire Locale\u00bb, confi\u00e9 Alain Renard, Le Maire. Expos\u00e9 dans le ch\u0153r de l&rsquo;\u00e9glise, ce tableau avait \u00e9t\u00e9 temporaire retir\u00e9 afin de permettre la r\u00e9alisation de Travaux de restauration des peintures murales, entrepris par la municipalit\u00e9 il ya ya une vingtaine d&rsquo;annees. Confi\u00e9 en D\u00e9p\u00f4t par l&rsquo;\u00c9TAT, IL A \u00c9T\u00c9 COND\u00c9 DANS LE CLOCHER, PR\u00c9SERANT AINSI Son Integrit\u00e9 Avant sa R\u00e9cension Restauration.<\/p>\n<h2 class=\"article-subtitle\">C\u00e9l\u00e9brers le Patrimoine<\/h2>\n<p>\u00abLa commune, d\u00e9positaire de l&rsquo;\u0153vre, une restauration confi\u00e9e \u00e0 Christophe Damiano, de l&rsquo;atelier des Faures \u00e0 civrac-de-blaye. Sous la Supervision de la Direction R\u00e9gionale de l&rsquo;action Culturelle, La Toile et Son Cadre Onta B\u00e9n\u00e9fici\u00e9 d&rsquo;Un Soin Atentif pour r\u00e9trover Leur \u00c9clat d&rsquo;Origine. La Remise en place dans le ch\u0153r de l&rsquo;\u00e9glise, le 25 avril Dernier, permet ausiss au public et aux aux aux visiteurs, en dehors du contexte religieux, d&rsquo;Acc\u00e9der \u00e0 un \u0153vre d&rsquo;Artr\u00e9centr\u00e9e dans le patrimoine fran\u00e7ae. \u00ab\u00a0<\/p>\n<figure class=\"medium\" itemscope=\"\" itemtype=\"http:\/\/schema.org\/ImageObject\" itemprop=\"image\">\n<p>        <img decoding=\"async\" id=\"24637221\" src=\"https:\/\/www.lesgrottesdesaintcezaire.fr\/blog\/wp-content\/uploads\/2025\/06\/Un-Tableau-du-Xixe-Siecle-Restaure-dans-l39eglise.jpg\" alt=\"Le Tableau sur le C\u00f4t\u00e9 est, un \u00e9t\u00e9 remis \u00e0 son emplacement d'origine.\" itemprop=\"contentURL\"><figcaption class=\"caption\">\n    <svg width=\"13\" height=\"10\" viewbox=\"0 0 13 10\">\n        <path class=\"icon-base-fill\" d=\"M6.11111111,6.88888889 C5.4975,6.88888889 5,7.38638889 5,8 C5,8.61361111 5.4975,9.11111111 6.11111111,9.11111111 C6.72472222,9.11111111 7.22222222,8.61361111 7.22222222,8 C7.22222222,7.38638889 6.72472222,6.88888889 6.11111111,6.88888889 L6.11111111,6.88888889 Z M11.1111111,4.11111111 L9.16666667,4.11111111 C8.61111111,4.11111111 8.05555556,3 7.5,3 L6.94444444,3 L5.27777778,3 L4.72222222,3 C4.16666667,3 3.61111111,4.11111111 3.05555556,4.11111111 L1.11111111,4.11111111 C0.4975,4.11111111 0,4.60861111 0,5.22222222 L0,11.8888889 C0,12.5027778 0.4975,13 1.11111111,13 L11.1111111,13 C11.7247222,13 12.2222222,12.5027778 12.2222222,11.8888889 L12.2222222,5.22222222 C12.2222222,4.60861111 11.7247222,4.11111111 11.1111111,4.11111111 L11.1111111,4.11111111 Z M6.11111111,10.7777778 C4.57722222,10.7777778 3.33333333,9.53416667 3.33333333,8 C3.33333333,6.46611111 4.57722222,5.22222222 6.11111111,5.22222222 C7.645,5.22222222 8.88888889,6.46611111 8.88888889,8 C8.88888889,9.53416667 7.645,10.7777778 6.11111111,10.7777778 L6.11111111,10.7777778 Z M10.5555556,6.61111111 C10.2488889,6.61111111 10,6.36222222 10,6.05555556 C10,5.74888889 10.2488889,5.5 10.5555556,5.5 C10.8622222,5.5 11.1111111,5.74888889 11.1111111,6.05555556 C11.1111111,6.36222222 10.8622222,6.61111111 10.5555556,6.61111111 L10.5555556,6.61111111 Z M6.11111111,9.66666667 C5.19083333,9.66666667 4.44444444,8.92027778 4.44444444,8 C4.44444444,7.07972222 5.19083333,6.33333333 6.11111111,6.33333333 C7.03138889,6.33333333 7.77777778,7.07972222 7.77777778,8 C7.77777778,8.92027778 7.03138889,9.66666667 6.11111111,9.66666667 L6.11111111,9.66666667 Z\" transform=\"translate(0 -3)\"><\/path>\n    <\/svg><br \/>\n    <span itemprop=\"caption\">Le Tableau sur le C\u00f4t\u00e9 est, un \u00e9t\u00e9 remis \u00e0 son emplacement d&rsquo;origine.<\/span><\/figcaption><\/p>\n<p>M. -C. W.<\/p>\n<\/figure>\n<p>L&rsquo;\u00e9glis, ouverte en Journ\u00e9e, est accessible \u00e0 tous. En pr\u00e9lude aux voyages Europ\u00e9ennes du Patrimoine, samedi 20 septembre, une pr\u00e9sentition unie du tableau, Ainsi que des \u00e9tapes dup\u00f4t d&rsquo;\u0153vre par l&rsquo;\u00c9TAT ET DU CHANTIER DE REATRATION, SERA ORGANISE.<\/p>\n<p>\u00abLes Visiteurs Seront Invit\u00e9s \u00e0 franchir Les Portes de l&rsquo;\u00c9glise pour apprendre davage sur ces d\u00e9corarches Essentielles \u00e0 la Pr\u00e9servation du Patrimoine artistique R\u00e9gional et National\u00bb, Conclut Le Maire.<\/p>\n<\/div>\n<\/div>\n","protected":false},"excerpt":{"rendered":"<p>La commune Renforce ses efforts verser Pr\u00e9server Son Patrimoine Culturel, AVEC La Restauration d&rsquo;Unt Tableau Histority DATATANT DE 1861, INTItul\u00e9 \u00abECCE HOMO\u00bb, UNE Expression Significant \u00abVoici L&rsquo;Homme\u00bb. CE Tableau, Sign\u00e9 Nicolas Faverjon, A \u00c9t\u00e9 Restaur\u00e9 \u00e0 l&rsquo;Initiative de la Mairie APR\u00c8S Que l&rsquo;association Paroissiale, Dirigee par Jean-Louis Veuille, Ait Alert\u00e9 Sur sa D\u00c9GRADATION DANS L&rsquo;\u00c9GLILISE. [&hellip;]<\/p>\n","protected":false},"author":3,"featured_media":793,"comment_status":"closed","ping_status":"closed","sticky":false,"template":"","format":"standard","meta":{"footnotes":""},"categories":[2],"tags":[],"class_list":["post-792","post","type-post","status-publish","format-standard","has-post-thumbnail","hentry","category-patrimoine","entry","has-media"],"yoast_head":"<!-- This site is optimized with the Yoast SEO plugin v27.5 - https:\/\/yoast.com\/product\/yoast-seo-wordpress\/ -->\n<title>Un Tableau du Xixe Si\u00e8cle Restaur\u00e9 dans l&#039;\u00e9glise - LESGROTTESDESAINTCEZAIRE<\/title>\n<meta name=\"description\" content=\"Un Tableau du Xixe Si\u00e8cle Restaur\u00e9 dans l&#039;\u00e9glise article de LESGROTTESDESAINTCEZAIRE\" \/>\n<meta name=\"robots\" content=\"index, follow, max-snippet:-1, max-image-preview:large, max-video-preview:-1\" \/>\n<link rel=\"canonical\" href=\"https:\/\/www.lesgrottesdesaintcezaire.fr\/blog\/un-tableau-du-xixe-siecle-restaure-dans-leglise\/\" \/>\n<meta property=\"og:locale\" content=\"fr_FR\" \/>\n<meta property=\"og:type\" content=\"article\" \/>\n<meta property=\"og:title\" content=\"Un Tableau du Xixe Si\u00e8cle Restaur\u00e9 dans l&#039;\u00e9glise - LESGROTTESDESAINTCEZAIRE\" \/>\n<meta property=\"og:description\" content=\"Un Tableau du Xixe Si\u00e8cle Restaur\u00e9 dans l&#039;\u00e9glise article de LESGROTTESDESAINTCEZAIRE\" \/>\n<meta property=\"og:url\" content=\"https:\/\/www.lesgrottesdesaintcezaire.fr\/blog\/un-tableau-du-xixe-siecle-restaure-dans-leglise\/\" \/>\n<meta property=\"og:site_name\" content=\"LESGROTTESDESAINTCEZAIRE\" \/>\n<meta property=\"article:published_time\" content=\"2025-06-02T19:10:28+00:00\" \/>\n<meta property=\"og:image\" content=\"https:\/\/www.lesgrottesdesaintcezaire.fr\/blog\/wp-content\/uploads\/2025\/06\/Un-Tableau-du-Xixe-Siecle-Restaure-dans-l39eglise-1024x558-1.jpg\" \/>\n<meta name=\"author\" content=\"Fabienne MOUTON\" \/>\n<meta name=\"twitter:card\" content=\"summary_large_image\" \/>\n<meta name=\"twitter:label1\" content=\"\u00c9crit par\" \/>\n\t<meta name=\"twitter:data1\" content=\"Fabienne MOUTON\" \/>\n\t<meta name=\"twitter:label2\" content=\"Dur\u00e9e de lecture estim\u00e9e\" \/>\n\t<meta name=\"twitter:data2\" content=\"2 minutes\" \/>\n<script type=\"application\/ld+json\" class=\"yoast-schema-graph\">{\"@context\":\"https:\\\/\\\/schema.org\",\"@graph\":[{\"@type\":\"Article\",\"@id\":\"https:\\\/\\\/www.lesgrottesdesaintcezaire.fr\\\/blog\\\/un-tableau-du-xixe-siecle-restaure-dans-leglise\\\/#article\",\"isPartOf\":{\"@id\":\"https:\\\/\\\/www.lesgrottesdesaintcezaire.fr\\\/blog\\\/un-tableau-du-xixe-siecle-restaure-dans-leglise\\\/\"},\"author\":{\"name\":\"Fabienne MOUTON\",\"@id\":\"https:\\\/\\\/www.lesgrottesdesaintcezaire.fr\\\/blog\\\/#\\\/schema\\\/person\\\/23d9a2ac249ecb9460a4ebce885adb9b\"},\"headline\":\"Un Tableau du Xixe Si\u00e8cle Restaur\u00e9 dans l&rsquo;\u00e9glise\",\"datePublished\":\"2025-06-02T19:10:28+00:00\",\"mainEntityOfPage\":{\"@id\":\"https:\\\/\\\/www.lesgrottesdesaintcezaire.fr\\\/blog\\\/un-tableau-du-xixe-siecle-restaure-dans-leglise\\\/\"},\"wordCount\":393,\"publisher\":{\"@id\":\"https:\\\/\\\/www.lesgrottesdesaintcezaire.fr\\\/blog\\\/#organization\"},\"image\":{\"@id\":\"https:\\\/\\\/www.lesgrottesdesaintcezaire.fr\\\/blog\\\/un-tableau-du-xixe-siecle-restaure-dans-leglise\\\/#primaryimage\"},\"thumbnailUrl\":\"https:\\\/\\\/www.lesgrottesdesaintcezaire.fr\\\/blog\\\/wp-content\\\/uploads\\\/2025\\\/06\\\/Un-Tableau-du-Xixe-Siecle-Restaure-dans-l39eglise-1024x558-1.jpg\",\"articleSection\":[\"Patrimoine:\"],\"inLanguage\":\"fr-FR\"},{\"@type\":\"WebPage\",\"@id\":\"https:\\\/\\\/www.lesgrottesdesaintcezaire.fr\\\/blog\\\/un-tableau-du-xixe-siecle-restaure-dans-leglise\\\/\",\"url\":\"https:\\\/\\\/www.lesgrottesdesaintcezaire.fr\\\/blog\\\/un-tableau-du-xixe-siecle-restaure-dans-leglise\\\/\",\"name\":\"Un Tableau du Xixe Si\u00e8cle Restaur\u00e9 dans l'\u00e9glise - LESGROTTESDESAINTCEZAIRE\",\"isPartOf\":{\"@id\":\"https:\\\/\\\/www.lesgrottesdesaintcezaire.fr\\\/blog\\\/#website\"},\"primaryImageOfPage\":{\"@id\":\"https:\\\/\\\/www.lesgrottesdesaintcezaire.fr\\\/blog\\\/un-tableau-du-xixe-siecle-restaure-dans-leglise\\\/#primaryimage\"},\"image\":{\"@id\":\"https:\\\/\\\/www.lesgrottesdesaintcezaire.fr\\\/blog\\\/un-tableau-du-xixe-siecle-restaure-dans-leglise\\\/#primaryimage\"},\"thumbnailUrl\":\"https:\\\/\\\/www.lesgrottesdesaintcezaire.fr\\\/blog\\\/wp-content\\\/uploads\\\/2025\\\/06\\\/Un-Tableau-du-Xixe-Siecle-Restaure-dans-l39eglise-1024x558-1.jpg\",\"datePublished\":\"2025-06-02T19:10:28+00:00\",\"description\":\"Un Tableau du Xixe Si\u00e8cle Restaur\u00e9 dans l'\u00e9glise article de LESGROTTESDESAINTCEZAIRE\",\"breadcrumb\":{\"@id\":\"https:\\\/\\\/www.lesgrottesdesaintcezaire.fr\\\/blog\\\/un-tableau-du-xixe-siecle-restaure-dans-leglise\\\/#breadcrumb\"},\"inLanguage\":\"fr-FR\",\"potentialAction\":[{\"@type\":\"ReadAction\",\"target\":[\"https:\\\/\\\/www.lesgrottesdesaintcezaire.fr\\\/blog\\\/un-tableau-du-xixe-siecle-restaure-dans-leglise\\\/\"]}]},{\"@type\":\"ImageObject\",\"inLanguage\":\"fr-FR\",\"@id\":\"https:\\\/\\\/www.lesgrottesdesaintcezaire.fr\\\/blog\\\/un-tableau-du-xixe-siecle-restaure-dans-leglise\\\/#primaryimage\",\"url\":\"https:\\\/\\\/www.lesgrottesdesaintcezaire.fr\\\/blog\\\/wp-content\\\/uploads\\\/2025\\\/06\\\/Un-Tableau-du-Xixe-Siecle-Restaure-dans-l39eglise-1024x558-1.jpg\",\"contentUrl\":\"https:\\\/\\\/www.lesgrottesdesaintcezaire.fr\\\/blog\\\/wp-content\\\/uploads\\\/2025\\\/06\\\/Un-Tableau-du-Xixe-Siecle-Restaure-dans-l39eglise-1024x558-1.jpg\",\"width\":1024,\"height\":558,\"caption\":\"Un Tableau du Xixe Siecle Restaure dans l39eglise 1024x558 1\"},{\"@type\":\"BreadcrumbList\",\"@id\":\"https:\\\/\\\/www.lesgrottesdesaintcezaire.fr\\\/blog\\\/un-tableau-du-xixe-siecle-restaure-dans-leglise\\\/#breadcrumb\",\"itemListElement\":[{\"@type\":\"ListItem\",\"position\":1,\"name\":\"Accueil\",\"item\":\"https:\\\/\\\/www.lesgrottesdesaintcezaire.fr\\\/blog\\\/\"},{\"@type\":\"ListItem\",\"position\":2,\"name\":\"Un Tableau du Xixe Si\u00e8cle Restaur\u00e9 dans l&rsquo;\u00e9glise\"}]},{\"@type\":\"WebSite\",\"@id\":\"https:\\\/\\\/www.lesgrottesdesaintcezaire.fr\\\/blog\\\/#website\",\"url\":\"https:\\\/\\\/www.lesgrottesdesaintcezaire.fr\\\/blog\\\/\",\"name\":\"LESGROTTESDESAINTCEZAIRE\",\"description\":\"Patrimoine: Le site de r\u00e9f\u00e9rence.\",\"publisher\":{\"@id\":\"https:\\\/\\\/www.lesgrottesdesaintcezaire.fr\\\/blog\\\/#organization\"},\"potentialAction\":[{\"@type\":\"SearchAction\",\"target\":{\"@type\":\"EntryPoint\",\"urlTemplate\":\"https:\\\/\\\/www.lesgrottesdesaintcezaire.fr\\\/blog\\\/?s={search_term_string}\"},\"query-input\":{\"@type\":\"PropertyValueSpecification\",\"valueRequired\":true,\"valueName\":\"search_term_string\"}}],\"inLanguage\":\"fr-FR\"},{\"@type\":\"Organization\",\"@id\":\"https:\\\/\\\/www.lesgrottesdesaintcezaire.fr\\\/blog\\\/#organization\",\"name\":\"lesgrottesdesaintcezaire\",\"url\":\"https:\\\/\\\/www.lesgrottesdesaintcezaire.fr\\\/blog\\\/\",\"logo\":{\"@type\":\"ImageObject\",\"inLanguage\":\"fr-FR\",\"@id\":\"https:\\\/\\\/www.lesgrottesdesaintcezaire.fr\\\/blog\\\/#\\\/schema\\\/logo\\\/image\\\/\",\"url\":\"https:\\\/\\\/www.lesgrottesdesaintcezaire.fr\\\/blog\\\/wp-content\\\/uploads\\\/2022\\\/05\\\/logo-2.png\",\"contentUrl\":\"https:\\\/\\\/www.lesgrottesdesaintcezaire.fr\\\/blog\\\/wp-content\\\/uploads\\\/2022\\\/05\\\/logo-2.png\",\"width\":150,\"height\":209,\"caption\":\"lesgrottesdesaintcezaire\"},\"image\":{\"@id\":\"https:\\\/\\\/www.lesgrottesdesaintcezaire.fr\\\/blog\\\/#\\\/schema\\\/logo\\\/image\\\/\"}},{\"@type\":\"Person\",\"@id\":\"https:\\\/\\\/www.lesgrottesdesaintcezaire.fr\\\/blog\\\/#\\\/schema\\\/person\\\/23d9a2ac249ecb9460a4ebce885adb9b\",\"name\":\"Fabienne MOUTON\",\"image\":{\"@type\":\"ImageObject\",\"inLanguage\":\"fr-FR\",\"@id\":\"https:\\\/\\\/secure.gravatar.com\\\/avatar\\\/856d7a14385bb0216de9c5cf9fb1160ddbd11c00be5bb16cfe389b9971309649?s=96&d=mm&r=g\",\"url\":\"https:\\\/\\\/secure.gravatar.com\\\/avatar\\\/856d7a14385bb0216de9c5cf9fb1160ddbd11c00be5bb16cfe389b9971309649?s=96&d=mm&r=g\",\"contentUrl\":\"https:\\\/\\\/secure.gravatar.com\\\/avatar\\\/856d7a14385bb0216de9c5cf9fb1160ddbd11c00be5bb16cfe389b9971309649?s=96&d=mm&r=g\",\"caption\":\"Fabienne MOUTON\"},\"url\":\"https:\\\/\\\/www.lesgrottesdesaintcezaire.fr\\\/blog\\\/author\\\/irefabienne\\\/\"}]}<\/script>\n<!-- \/ Yoast SEO plugin. -->","yoast_head_json":{"title":"Un Tableau du Xixe Si\u00e8cle Restaur\u00e9 dans l'\u00e9glise - LESGROTTESDESAINTCEZAIRE","description":"Un Tableau du Xixe Si\u00e8cle Restaur\u00e9 dans l'\u00e9glise article de LESGROTTESDESAINTCEZAIRE","robots":{"index":"index","follow":"follow","max-snippet":"max-snippet:-1","max-image-preview":"max-image-preview:large","max-video-preview":"max-video-preview:-1"},"canonical":"https:\/\/www.lesgrottesdesaintcezaire.fr\/blog\/un-tableau-du-xixe-siecle-restaure-dans-leglise\/","og_locale":"fr_FR","og_type":"article","og_title":"Un Tableau du Xixe Si\u00e8cle Restaur\u00e9 dans l'\u00e9glise - LESGROTTESDESAINTCEZAIRE","og_description":"Un Tableau du Xixe Si\u00e8cle Restaur\u00e9 dans l'\u00e9glise article de LESGROTTESDESAINTCEZAIRE","og_url":"https:\/\/www.lesgrottesdesaintcezaire.fr\/blog\/un-tableau-du-xixe-siecle-restaure-dans-leglise\/","og_site_name":"LESGROTTESDESAINTCEZAIRE","article_published_time":"2025-06-02T19:10:28+00:00","og_image":[{"url":"https:\/\/www.lesgrottesdesaintcezaire.fr\/blog\/wp-content\/uploads\/2025\/06\/Un-Tableau-du-Xixe-Siecle-Restaure-dans-l39eglise-1024x558-1.jpg","type":"","width":"","height":""}],"author":"Fabienne MOUTON","twitter_card":"summary_large_image","twitter_misc":{"\u00c9crit par":"Fabienne MOUTON","Dur\u00e9e de lecture estim\u00e9e":"2 minutes"},"schema":{"@context":"https:\/\/schema.org","@graph":[{"@type":"Article","@id":"https:\/\/www.lesgrottesdesaintcezaire.fr\/blog\/un-tableau-du-xixe-siecle-restaure-dans-leglise\/#article","isPartOf":{"@id":"https:\/\/www.lesgrottesdesaintcezaire.fr\/blog\/un-tableau-du-xixe-siecle-restaure-dans-leglise\/"},"author":{"name":"Fabienne MOUTON","@id":"https:\/\/www.lesgrottesdesaintcezaire.fr\/blog\/#\/schema\/person\/23d9a2ac249ecb9460a4ebce885adb9b"},"headline":"Un Tableau du Xixe Si\u00e8cle Restaur\u00e9 dans l&rsquo;\u00e9glise","datePublished":"2025-06-02T19:10:28+00:00","mainEntityOfPage":{"@id":"https:\/\/www.lesgrottesdesaintcezaire.fr\/blog\/un-tableau-du-xixe-siecle-restaure-dans-leglise\/"},"wordCount":393,"publisher":{"@id":"https:\/\/www.lesgrottesdesaintcezaire.fr\/blog\/#organization"},"image":{"@id":"https:\/\/www.lesgrottesdesaintcezaire.fr\/blog\/un-tableau-du-xixe-siecle-restaure-dans-leglise\/#primaryimage"},"thumbnailUrl":"https:\/\/www.lesgrottesdesaintcezaire.fr\/blog\/wp-content\/uploads\/2025\/06\/Un-Tableau-du-Xixe-Siecle-Restaure-dans-l39eglise-1024x558-1.jpg","articleSection":["Patrimoine:"],"inLanguage":"fr-FR"},{"@type":"WebPage","@id":"https:\/\/www.lesgrottesdesaintcezaire.fr\/blog\/un-tableau-du-xixe-siecle-restaure-dans-leglise\/","url":"https:\/\/www.lesgrottesdesaintcezaire.fr\/blog\/un-tableau-du-xixe-siecle-restaure-dans-leglise\/","name":"Un Tableau du Xixe Si\u00e8cle Restaur\u00e9 dans l'\u00e9glise - LESGROTTESDESAINTCEZAIRE","isPartOf":{"@id":"https:\/\/www.lesgrottesdesaintcezaire.fr\/blog\/#website"},"primaryImageOfPage":{"@id":"https:\/\/www.lesgrottesdesaintcezaire.fr\/blog\/un-tableau-du-xixe-siecle-restaure-dans-leglise\/#primaryimage"},"image":{"@id":"https:\/\/www.lesgrottesdesaintcezaire.fr\/blog\/un-tableau-du-xixe-siecle-restaure-dans-leglise\/#primaryimage"},"thumbnailUrl":"https:\/\/www.lesgrottesdesaintcezaire.fr\/blog\/wp-content\/uploads\/2025\/06\/Un-Tableau-du-Xixe-Siecle-Restaure-dans-l39eglise-1024x558-1.jpg","datePublished":"2025-06-02T19:10:28+00:00","description":"Un Tableau du Xixe Si\u00e8cle Restaur\u00e9 dans l'\u00e9glise article de LESGROTTESDESAINTCEZAIRE","breadcrumb":{"@id":"https:\/\/www.lesgrottesdesaintcezaire.fr\/blog\/un-tableau-du-xixe-siecle-restaure-dans-leglise\/#breadcrumb"},"inLanguage":"fr-FR","potentialAction":[{"@type":"ReadAction","target":["https:\/\/www.lesgrottesdesaintcezaire.fr\/blog\/un-tableau-du-xixe-siecle-restaure-dans-leglise\/"]}]},{"@type":"ImageObject","inLanguage":"fr-FR","@id":"https:\/\/www.lesgrottesdesaintcezaire.fr\/blog\/un-tableau-du-xixe-siecle-restaure-dans-leglise\/#primaryimage","url":"https:\/\/www.lesgrottesdesaintcezaire.fr\/blog\/wp-content\/uploads\/2025\/06\/Un-Tableau-du-Xixe-Siecle-Restaure-dans-l39eglise-1024x558-1.jpg","contentUrl":"https:\/\/www.lesgrottesdesaintcezaire.fr\/blog\/wp-content\/uploads\/2025\/06\/Un-Tableau-du-Xixe-Siecle-Restaure-dans-l39eglise-1024x558-1.jpg","width":1024,"height":558,"caption":"Un Tableau du Xixe Siecle Restaure dans l39eglise 1024x558 1"},{"@type":"BreadcrumbList","@id":"https:\/\/www.lesgrottesdesaintcezaire.fr\/blog\/un-tableau-du-xixe-siecle-restaure-dans-leglise\/#breadcrumb","itemListElement":[{"@type":"ListItem","position":1,"name":"Accueil","item":"https:\/\/www.lesgrottesdesaintcezaire.fr\/blog\/"},{"@type":"ListItem","position":2,"name":"Un Tableau du Xixe Si\u00e8cle Restaur\u00e9 dans l&rsquo;\u00e9glise"}]},{"@type":"WebSite","@id":"https:\/\/www.lesgrottesdesaintcezaire.fr\/blog\/#website","url":"https:\/\/www.lesgrottesdesaintcezaire.fr\/blog\/","name":"LESGROTTESDESAINTCEZAIRE","description":"Patrimoine: Le site de r\u00e9f\u00e9rence.","publisher":{"@id":"https:\/\/www.lesgrottesdesaintcezaire.fr\/blog\/#organization"},"potentialAction":[{"@type":"SearchAction","target":{"@type":"EntryPoint","urlTemplate":"https:\/\/www.lesgrottesdesaintcezaire.fr\/blog\/?s={search_term_string}"},"query-input":{"@type":"PropertyValueSpecification","valueRequired":true,"valueName":"search_term_string"}}],"inLanguage":"fr-FR"},{"@type":"Organization","@id":"https:\/\/www.lesgrottesdesaintcezaire.fr\/blog\/#organization","name":"lesgrottesdesaintcezaire","url":"https:\/\/www.lesgrottesdesaintcezaire.fr\/blog\/","logo":{"@type":"ImageObject","inLanguage":"fr-FR","@id":"https:\/\/www.lesgrottesdesaintcezaire.fr\/blog\/#\/schema\/logo\/image\/","url":"https:\/\/www.lesgrottesdesaintcezaire.fr\/blog\/wp-content\/uploads\/2022\/05\/logo-2.png","contentUrl":"https:\/\/www.lesgrottesdesaintcezaire.fr\/blog\/wp-content\/uploads\/2022\/05\/logo-2.png","width":150,"height":209,"caption":"lesgrottesdesaintcezaire"},"image":{"@id":"https:\/\/www.lesgrottesdesaintcezaire.fr\/blog\/#\/schema\/logo\/image\/"}},{"@type":"Person","@id":"https:\/\/www.lesgrottesdesaintcezaire.fr\/blog\/#\/schema\/person\/23d9a2ac249ecb9460a4ebce885adb9b","name":"Fabienne MOUTON","image":{"@type":"ImageObject","inLanguage":"fr-FR","@id":"https:\/\/secure.gravatar.com\/avatar\/856d7a14385bb0216de9c5cf9fb1160ddbd11c00be5bb16cfe389b9971309649?s=96&d=mm&r=g","url":"https:\/\/secure.gravatar.com\/avatar\/856d7a14385bb0216de9c5cf9fb1160ddbd11c00be5bb16cfe389b9971309649?s=96&d=mm&r=g","contentUrl":"https:\/\/secure.gravatar.com\/avatar\/856d7a14385bb0216de9c5cf9fb1160ddbd11c00be5bb16cfe389b9971309649?s=96&d=mm&r=g","caption":"Fabienne MOUTON"},"url":"https:\/\/www.lesgrottesdesaintcezaire.fr\/blog\/author\/irefabienne\/"}]}},"_links":{"self":[{"href":"https:\/\/www.lesgrottesdesaintcezaire.fr\/blog\/wp-json\/wp\/v2\/posts\/792","targetHints":{"allow":["GET"]}}],"collection":[{"href":"https:\/\/www.lesgrottesdesaintcezaire.fr\/blog\/wp-json\/wp\/v2\/posts"}],"about":[{"href":"https:\/\/www.lesgrottesdesaintcezaire.fr\/blog\/wp-json\/wp\/v2\/types\/post"}],"author":[{"embeddable":true,"href":"https:\/\/www.lesgrottesdesaintcezaire.fr\/blog\/wp-json\/wp\/v2\/users\/3"}],"replies":[{"embeddable":true,"href":"https:\/\/www.lesgrottesdesaintcezaire.fr\/blog\/wp-json\/wp\/v2\/comments?post=792"}],"version-history":[{"count":0,"href":"https:\/\/www.lesgrottesdesaintcezaire.fr\/blog\/wp-json\/wp\/v2\/posts\/792\/revisions"}],"wp:featuredmedia":[{"embeddable":true,"href":"https:\/\/www.lesgrottesdesaintcezaire.fr\/blog\/wp-json\/wp\/v2\/media\/793"}],"wp:attachment":[{"href":"https:\/\/www.lesgrottesdesaintcezaire.fr\/blog\/wp-json\/wp\/v2\/media?parent=792"}],"wp:term":[{"taxonomy":"category","embeddable":true,"href":"https:\/\/www.lesgrottesdesaintcezaire.fr\/blog\/wp-json\/wp\/v2\/categories?post=792"},{"taxonomy":"post_tag","embeddable":true,"href":"https:\/\/www.lesgrottesdesaintcezaire.fr\/blog\/wp-json\/wp\/v2\/tags?post=792"}],"curies":[{"name":"wp","href":"https:\/\/api.w.org\/{rel}","templated":true}]}}