{"id":794,"date":"2025-06-04T15:16:59","date_gmt":"2025-06-04T13:16:59","guid":{"rendered":"https:\/\/www.lesgrottesdesaintcezaire.fr\/blog\/facade-toiture-vitraux-une-nuvelle-phase-du-chantier-de-leglise-de-bethlee-seouvre-a-la-clamecy\/"},"modified":"2025-06-04T15:16:59","modified_gmt":"2025-06-04T13:16:59","slug":"facade-toiture-vitraux-une-nuvelle-phase-du-chantier-de-leglise-de-bethlee-seouvre-a-la-clamecy","status":"publish","type":"post","link":"https:\/\/www.lesgrottesdesaintcezaire.fr\/blog\/facade-toiture-vitraux-une-nuvelle-phase-du-chantier-de-leglise-de-bethlee-seouvre-a-la-clamecy\/","title":{"rendered":"Fa\u00e7ade, toiture, vitraux \u2026 une nuvelle phase du chantier de l&rsquo;\u00e9glise de bethl\u00e9e se&rsquo;ouvre \u00e0 la clamecy"},"content":{"rendered":"<div><img width=\"580\" height=\"387\" src=\"https:\/\/www.lesgrottesdesaintcezaire.fr\/blog\/wp-content\/uploads\/2025\/06\/Facade-toiture-vitraux-une-nuvelle-phase-du-chantier-de-l39eglise-1024x683-1.jpeg\" class=\"attachment-large size-large wp-post-image\" alt=\"Facade-toiture-vitraux-une-nuvelle-phase-du-chantier-de-l39eglise\" style=\"float:left; margin:0 15px 15px 0;\" decoding=\"async\" srcset=\"https:\/\/www.lesgrottesdesaintcezaire.fr\/blog\/wp-content\/uploads\/2025\/06\/Facade-toiture-vitraux-une-nuvelle-phase-du-chantier-de-l39eglise-1024x683-1.jpeg 1024w, https:\/\/www.site.cdcl.xyz\/wp-content\/uploads\/2025\/06\/Facade-toiture-vitraux-une-nuvelle-phase-du-chantier-de-l39eglise-300x200.jpeg 300w, https:\/\/www.site.cdcl.xyz\/wp-content\/uploads\/2025\/06\/Facade-toiture-vitraux-une-nuvelle-phase-du-chantier-de-l39eglise-768x512.jpeg 768w, https:\/\/www.lesgrottesdesaintcezaire.fr\/blog\/wp-content\/uploads\/2025\/06\/Facade-toiture-vitraux-une-nuvelle-phase-du-chantier-de-l39eglise.jpeg 1200w\" sizes=\"(max-width: 580px) 100vw, 580px\"><\/p>\n<div>\n<p class=\"typo-p1\">Les TRANCES 1 ET 2 DE LA RESTAURATION DE L&rsquo;\u00c9GLILISE NOTRE-DAME DE BETHL\u00c9EM \u00c9TANT TERMINES, IL \u00c9Tait urgent de passeur \u00e0 la Tranche 3, de Loin la plus important, car Elle Va Assurer l&rsquo;\u00c9tant\u00e9it\u00e9 de l&rsquo;\u00c9difice.<\/p>\n<p class=\"typo-p1\">\u00abAPR\u00c8S LA Reprise des Fondations, le Chantier Qui debute va Concerner Les Fa\u00e7ades et les Toitures qui vont \u00eatre restaur\u00e9s\u00bb, indique Le Maitre d&rsquo;Eombre, le Cabinet d&rsquo;architecture Parisien Perrot-Richard. \u00abC&rsquo;EST danans ce camere-le-que l&rsquo;actuel \u00e9chafaudage, qui \u00e9tait adapt\u00e9 aux tavaux de la phase prec\u00e9dente, va&rsquo;retre d\u00e9corc\u00e9 au profit de la structure unvelle. L\u00e0, nos Besoins D&rsquo;ACC\u00c8S AUX FACADES DIFF\u00c9RENTS DE SERONT. Et les serons plus proches des fa\u00e7ades \u00bb.<\/p>\n<h3 class=\"typo-h3\">Un nouveau parapluie<\/h3>\n<p class=\"typo-p1\">AU Programme \u00c9galement: la repris des Pav\u00e9s de Verre, des Caoutchoucs Centenaires qui sont entourent devenus fuyants et tr\u00e8s D\u00e9grad\u00e9s et de L&rsquo;Attegralit\u00e9 des Vitraux.<\/p>\n<p class=\"typo-p1\">Passage obp\u00e9r\u00e9 Avant le D\u00e9but de Cette nouvelle Phase du Chantier de restauration de l&rsquo;\u00e9glise du xxe Si\u00e8cle, le D\u00e9montage de l&rsquo;Actuel Parapluie Install\u00e9 Par Loire \u00c9chafaudages, Avant-arose d&rsquo;Andre, Cette Fois par l&rsquo;entreprise altrad-inarm holding.<\/p>\n<p class=\"typo-p1\">\u00abCe parapluie \u00e9tait en place Depuis F\u00e9vrier 2019. Le b\u00e2timent \u00e9tait alors en tr\u00e8s Mauvais \u00e9tat et \u00e9tait sensible aux infiltrations d&rsquo;AU, ce qui participait \u00e0 la d\u00e9grader Les B\u00e9tons et audres. La Mairie a Engag\u00e9 une ma\u00eetris\u00e9 d&rsquo;\u0153vre pour Venir Prot\u00e9ger le B\u00e2timent, ce fut le Premier acte de ce chantier Avec la Pose d&rsquo;UnE Couverture Provisoire \u00bb, Informe le ma\u00eetre d&rsquo;orive.<\/p>\n<h3 class=\"typo-h3\">Une \u00e9norm<\/h3>\n<p class=\"typo-p1\">Depuis Vendredi 30 Mai, Quatre Ouvriers de Loire \u00c9chafaudages, V\u00e9nus de Lorette (Loire), Sont \u00e0 pi\u00e9 d&rsquo;\u0153ures des engins divers des plongeurs ne sont pas des et des nacelles. ILS ONT \u00c9GALlement D\u00e9ploy\u00e9, Lundi 2 et Mardi 3 JUIN, UNE GRUE GIGANTESQE MK 88 pour d\u00e9monter Les Party Les Plus Hautes.<\/p>\n<p class=\"typo-p1\">Cette grue de 50 tonnes Monte \u00e0 30 m\u00e8res de Hauteur pour 40 m\u00e8res de portate. D&rsquo;UNE VALEUR D&rsquo;UR&rsquo;1,5 M D&rsquo;EUROS, Elle \u00c9tait Lou\u00e9e 3.000 \u20ac la Journ\u00e9e. D&rsquo;O\u00f9 la N\u00e9cessit\u00e9 d&rsquo;Entamer AU plus Vite ce D\u00c9MONTAGE.<\/p>\n<figure class=\"relative flex flex-col sm:mx-0  undefined\"><img alt=\"Facade-toiture-vitraux-une-nuvelle-phase-du-chantier-de-l39eglise\" loading=\"lazy\" decoding=\"async\" data-nimg=\"fill\" class=\"!relative max-h-[438px] w-full bg-black object-contain\" style=\"position:absolute;height:100%;width:100%;left:0;top:0;right:0;bottom:0;color:transparent\" src=\"https:\/\/www.lesgrottesdesaintcezaire.fr\/blog\/wp-content\/uploads\/2025\/06\/Facade-toiture-vitraux-une-nuvelle-phase-du-chantier-de-l39eglise.jpeg\"><figcaption class=\"text-dark typo-p3 w-full bg-white py-3 sm:px-3 px-0\">Une grue mobile de construction mk 88 a \u00e9t\u00e9 d\u00e9calloy\u00e9e Durant Deut Jours.<!-- --> <\/figcaption><\/figure>\n<p class=\"typo-p1\">\u00abC&rsquo;est Un Gros Chantier, technique Assez. Nous Avons D\u00e9mont\u00e9 Les \u00c9l\u00e9ments qui avait le plus de Port\u00e9e. Un \u00e9chafaudage parapluie, ce n&rsquo;est pas commun et les devons faires face, ICI, \u00e0 des contraitements particulares. Pas Le Droit de S&rsquo;amarrerer et Donc de Percer le B\u00e2timent, Car C&rsquo;est un Monument Histority. Sur N&rsquo;A Pas le Droit non plus de S&rsquo;appuyer Dessus. Il faut que l&rsquo;\u00e9chafaudage sait autostable et autoportant. Il est Lest\u00e9. Une Vingtaine de Blocs en B\u00e9ton POSESS DERRIRE Les Palissades le Maintiennent AU Sol. Le Parapluie s&rsquo;h\u00e9tend sur 900 m\u00b2 et la structure approchent les 30 tonnes. C&rsquo;est un joli chantier \u00bb, Confie Adam ouali, patron futur de Loire \u00c9chafaudages, entreprise familiale.<\/p>\n<p><template id=\"P:5\"><\/template><\/p>\n<p class=\"typo-p1\">Il soulgne que la structure un tr\u00e8s bien tenu le coup de coup pendant toutes ces annees malgr\u00e9 les modifications exigent le par l&rsquo;entreprise de ma\u00e7onnerie. CES OP\u00c9RATIONS DOIVENT S&rsquo;\u00c9TALER SUR ENVIRON TROIS SEMAINES, AVEC UN D\u00c9MONTAGE QUI LETRAIT \u00caTRRE ACHEV\u00c9 VERS LE 20 JUIN.<\/p>\n<figure class=\"relative flex flex-col sm:mx-0  undefined\"><img alt=\"\" loading=\"lazy\" decoding=\"async\" data-nimg=\"fill\" class=\"!relative max-h-[438px] w-full bg-black object-contain\" style=\"position:absolute;height:100%;width:100%;left:0;top:0;right:0;bottom:0;color:transparent\" src=\"https:\/\/www.lesgrottesdesaintcezaire.fr\/blog\/wp-content\/uploads\/2025\/06\/1749036920_493_Facade-toiture-vitraux-une-nuvelle-phase-du-chantier-de-l39eglise.jpeg\"><figcaption class=\"text-dark typo-p3 w-full bg-white py-3 sm:px-3 px-0\">Un Nouvel \u00c9chafaudage Sera Install\u00e9, Objectif: Traiter Les B\u00e9tons et L&rsquo;Armature Corrodee.<!-- --> <\/figcaption><\/figure>\n<h3 class=\"typo-h3\">Le NOUVEL \u00c9CHAFAUDAGE COISTERA 311.000 \u20ac Emplacement SA pour SA<\/h3>\n<p class=\"typo-p1\">Le Nouvel \u00c9chafaudage Sera Install\u00e9 Par Altrad-Arnholdt dans la Frel\u00e9e. Il COISTERA Quelque 311.000 \u20ac (ht) \u00e0 la commune (verser un peu emplacement jusqu&rsquo;\u00e0 la fin de la 3e TRANGE, AVEC DE FORTES SUBVENTIONS Particuliers, Notamment de la Drac BFC).<\/p>\n<p class=\"typo-p1\">Le Maire, Nicolas Bourdoune, Sourinene que ce Chantier Sera \u00abQuasi Indolore\u00bb pour les finances de la ville.<\/p>\n<figure class=\"border-l-dark not-prose relative my-6 border-l pl-6 sm:mx-20\">\n<blockquote class=\"relative\">\n<p>\u00abJusqu&rsquo;\u00e0 Pr\u00e9sent, sur les tranches Pr\u00e9c\u00e9dentes, les avons \u00e9t\u00e9 \u00e0 80 et plus de 90% de financement. Les avions de la Nous sont de la b\u00e9n\u00e9fici\u00e9 D&rsquo;UNE D\u00c9ROGATION DU PR\u00c9FET DE R\u00c9GION \u00bb.<\/p>\n<\/blockquote><figcaption class=\"relative mt-3 font-sans text-base font-bold tracking-wider\">Nicolas Bourdoune<cite class=\"not-italic\"> <!-- -->(Maire de Clamecy)<\/cite><\/figcaption><\/figure>\n<p class=\"typo-p1\">L&rsquo;installation du NOUVEL \u00c9CHAFALADAGE DEVRAIT \u00c9GALEMENT S&rsquo;\u00c9TALER SURSIEUR SEMAINES. \u00abCe Sera le M\u00eame Type de Gabarit Que le Pr\u00e9c\u00e9dent, Mais en plus Petit. Il s\u00e9rum positionn\u00e9 contre les fa\u00e7ades et couvert d&rsquo;Unt parapluie. Sur Va Prot\u00e9ger le Toit de la Pluie tout en permettant un acc\u00e9s aux fa\u00e7ades. \u00c0 l&rsquo;onde de la phase de restauration du CLOR ET DU COUERT, le b\u00e2timent aura r\u00e9trog\u00e9 son fils \u00e9tanc\u00e9it\u00e9 et les \u00e9chafaudages de Dispara\u00e8rent du Paysage \u00bb, Indique Encore la Ma\u00eetrise d&rsquo;Ivre.<\/p>\n<p class=\"typo-p1\">Verse le Maire, il est urgent que l&rsquo;\u00e9glise r\u00e9trave enfin fils vrai visage tout en \u00e9tant Mise Hors d&rsquo;Eau. Peut-soi-fin 2026! Si tout va bien\u2026<\/p>\n<\/div>\n<\/div>\n","protected":false},"excerpt":{"rendered":"<p>Les TRANCES 1 ET 2 DE LA RESTAURATION DE L&rsquo;\u00c9GLILISE NOTRE-DAME DE BETHL\u00c9EM \u00c9TANT TERMINES, IL \u00c9Tait urgent de passeur \u00e0 la Tranche 3, de Loin la plus important, car Elle Va Assurer l&rsquo;\u00c9tant\u00e9it\u00e9 de l&rsquo;\u00c9difice. \u00abAPR\u00c8S LA Reprise des Fondations, le Chantier Qui debute va Concerner Les Fa\u00e7ades et les Toitures qui vont \u00eatre [&hellip;]<\/p>\n","protected":false},"author":3,"featured_media":795,"comment_status":"closed","ping_status":"closed","sticky":false,"template":"","format":"standard","meta":{"footnotes":""},"categories":[2],"tags":[],"class_list":["post-794","post","type-post","status-publish","format-standard","has-post-thumbnail","hentry","category-patrimoine","entry","has-media"],"yoast_head":"<!-- This site is optimized with the Yoast SEO plugin v27.5 - https:\/\/yoast.com\/product\/yoast-seo-wordpress\/ -->\n<title>Fa\u00e7ade, toiture, vitraux \u2026 une nuvelle phase du chantier de l&#039;\u00e9glise de bethl\u00e9e se&#039;ouvre \u00e0 la clamecy - LESGROTTESDESAINTCEZAIRE<\/title>\n<meta name=\"description\" content=\"Fa\u00e7ade, toiture, vitraux \u2026 une nuvelle phase du chantier de l&#039;\u00e9glise de bethl\u00e9e se&#039;ouvre \u00e0 la clamecy article de LESGROTTESDESAINTCEZAIRE\" \/>\n<meta name=\"robots\" content=\"index, follow, max-snippet:-1, max-image-preview:large, max-video-preview:-1\" \/>\n<link rel=\"canonical\" href=\"https:\/\/www.lesgrottesdesaintcezaire.fr\/blog\/facade-toiture-vitraux-une-nuvelle-phase-du-chantier-de-leglise-de-bethlee-seouvre-a-la-clamecy\/\" \/>\n<meta property=\"og:locale\" content=\"fr_FR\" \/>\n<meta property=\"og:type\" content=\"article\" \/>\n<meta property=\"og:title\" content=\"Fa\u00e7ade, toiture, vitraux \u2026 une nuvelle phase du chantier de l&#039;\u00e9glise de bethl\u00e9e se&#039;ouvre \u00e0 la clamecy - LESGROTTESDESAINTCEZAIRE\" \/>\n<meta property=\"og:description\" content=\"Fa\u00e7ade, toiture, vitraux \u2026 une nuvelle phase du chantier de l&#039;\u00e9glise de bethl\u00e9e se&#039;ouvre \u00e0 la clamecy article de LESGROTTESDESAINTCEZAIRE\" \/>\n<meta property=\"og:url\" content=\"https:\/\/www.lesgrottesdesaintcezaire.fr\/blog\/facade-toiture-vitraux-une-nuvelle-phase-du-chantier-de-leglise-de-bethlee-seouvre-a-la-clamecy\/\" \/>\n<meta property=\"og:site_name\" content=\"LESGROTTESDESAINTCEZAIRE\" \/>\n<meta property=\"article:published_time\" content=\"2025-06-04T13:16:59+00:00\" \/>\n<meta property=\"og:image\" content=\"https:\/\/www.lesgrottesdesaintcezaire.fr\/blog\/wp-content\/uploads\/2025\/06\/Facade-toiture-vitraux-une-nuvelle-phase-du-chantier-de-l39eglise-1024x683-1.jpeg\" \/>\n<meta name=\"author\" content=\"Fabienne MOUTON\" \/>\n<meta name=\"twitter:card\" content=\"summary_large_image\" \/>\n<meta name=\"twitter:label1\" content=\"\u00c9crit par\" \/>\n\t<meta name=\"twitter:data1\" content=\"Fabienne MOUTON\" \/>\n\t<meta name=\"twitter:label2\" content=\"Dur\u00e9e de lecture estim\u00e9e\" \/>\n\t<meta name=\"twitter:data2\" content=\"4 minutes\" \/>\n<script type=\"application\/ld+json\" class=\"yoast-schema-graph\">{\"@context\":\"https:\\\/\\\/schema.org\",\"@graph\":[{\"@type\":\"Article\",\"@id\":\"https:\\\/\\\/www.lesgrottesdesaintcezaire.fr\\\/blog\\\/facade-toiture-vitraux-une-nuvelle-phase-du-chantier-de-leglise-de-bethlee-seouvre-a-la-clamecy\\\/#article\",\"isPartOf\":{\"@id\":\"https:\\\/\\\/www.lesgrottesdesaintcezaire.fr\\\/blog\\\/facade-toiture-vitraux-une-nuvelle-phase-du-chantier-de-leglise-de-bethlee-seouvre-a-la-clamecy\\\/\"},\"author\":{\"name\":\"Fabienne MOUTON\",\"@id\":\"https:\\\/\\\/www.lesgrottesdesaintcezaire.fr\\\/blog\\\/#\\\/schema\\\/person\\\/23d9a2ac249ecb9460a4ebce885adb9b\"},\"headline\":\"Fa\u00e7ade, toiture, vitraux \u2026 une nuvelle phase du chantier de l&rsquo;\u00e9glise de bethl\u00e9e se&rsquo;ouvre \u00e0 la clamecy\",\"datePublished\":\"2025-06-04T13:16:59+00:00\",\"mainEntityOfPage\":{\"@id\":\"https:\\\/\\\/www.lesgrottesdesaintcezaire.fr\\\/blog\\\/facade-toiture-vitraux-une-nuvelle-phase-du-chantier-de-leglise-de-bethlee-seouvre-a-la-clamecy\\\/\"},\"wordCount\":812,\"publisher\":{\"@id\":\"https:\\\/\\\/www.lesgrottesdesaintcezaire.fr\\\/blog\\\/#organization\"},\"image\":{\"@id\":\"https:\\\/\\\/www.lesgrottesdesaintcezaire.fr\\\/blog\\\/facade-toiture-vitraux-une-nuvelle-phase-du-chantier-de-leglise-de-bethlee-seouvre-a-la-clamecy\\\/#primaryimage\"},\"thumbnailUrl\":\"https:\\\/\\\/www.lesgrottesdesaintcezaire.fr\\\/blog\\\/wp-content\\\/uploads\\\/2025\\\/06\\\/Facade-toiture-vitraux-une-nuvelle-phase-du-chantier-de-l39eglise-1024x683-1.jpeg\",\"articleSection\":[\"Patrimoine:\"],\"inLanguage\":\"fr-FR\"},{\"@type\":\"WebPage\",\"@id\":\"https:\\\/\\\/www.lesgrottesdesaintcezaire.fr\\\/blog\\\/facade-toiture-vitraux-une-nuvelle-phase-du-chantier-de-leglise-de-bethlee-seouvre-a-la-clamecy\\\/\",\"url\":\"https:\\\/\\\/www.lesgrottesdesaintcezaire.fr\\\/blog\\\/facade-toiture-vitraux-une-nuvelle-phase-du-chantier-de-leglise-de-bethlee-seouvre-a-la-clamecy\\\/\",\"name\":\"Fa\u00e7ade, toiture, vitraux \u2026 une nuvelle phase du chantier de l'\u00e9glise de bethl\u00e9e se'ouvre \u00e0 la clamecy - LESGROTTESDESAINTCEZAIRE\",\"isPartOf\":{\"@id\":\"https:\\\/\\\/www.lesgrottesdesaintcezaire.fr\\\/blog\\\/#website\"},\"primaryImageOfPage\":{\"@id\":\"https:\\\/\\\/www.lesgrottesdesaintcezaire.fr\\\/blog\\\/facade-toiture-vitraux-une-nuvelle-phase-du-chantier-de-leglise-de-bethlee-seouvre-a-la-clamecy\\\/#primaryimage\"},\"image\":{\"@id\":\"https:\\\/\\\/www.lesgrottesdesaintcezaire.fr\\\/blog\\\/facade-toiture-vitraux-une-nuvelle-phase-du-chantier-de-leglise-de-bethlee-seouvre-a-la-clamecy\\\/#primaryimage\"},\"thumbnailUrl\":\"https:\\\/\\\/www.lesgrottesdesaintcezaire.fr\\\/blog\\\/wp-content\\\/uploads\\\/2025\\\/06\\\/Facade-toiture-vitraux-une-nuvelle-phase-du-chantier-de-l39eglise-1024x683-1.jpeg\",\"datePublished\":\"2025-06-04T13:16:59+00:00\",\"description\":\"Fa\u00e7ade, toiture, vitraux \u2026 une nuvelle phase du chantier de l'\u00e9glise de bethl\u00e9e se'ouvre \u00e0 la clamecy article de LESGROTTESDESAINTCEZAIRE\",\"breadcrumb\":{\"@id\":\"https:\\\/\\\/www.lesgrottesdesaintcezaire.fr\\\/blog\\\/facade-toiture-vitraux-une-nuvelle-phase-du-chantier-de-leglise-de-bethlee-seouvre-a-la-clamecy\\\/#breadcrumb\"},\"inLanguage\":\"fr-FR\",\"potentialAction\":[{\"@type\":\"ReadAction\",\"target\":[\"https:\\\/\\\/www.lesgrottesdesaintcezaire.fr\\\/blog\\\/facade-toiture-vitraux-une-nuvelle-phase-du-chantier-de-leglise-de-bethlee-seouvre-a-la-clamecy\\\/\"]}]},{\"@type\":\"ImageObject\",\"inLanguage\":\"fr-FR\",\"@id\":\"https:\\\/\\\/www.lesgrottesdesaintcezaire.fr\\\/blog\\\/facade-toiture-vitraux-une-nuvelle-phase-du-chantier-de-leglise-de-bethlee-seouvre-a-la-clamecy\\\/#primaryimage\",\"url\":\"https:\\\/\\\/www.lesgrottesdesaintcezaire.fr\\\/blog\\\/wp-content\\\/uploads\\\/2025\\\/06\\\/Facade-toiture-vitraux-une-nuvelle-phase-du-chantier-de-l39eglise-1024x683-1.jpeg\",\"contentUrl\":\"https:\\\/\\\/www.lesgrottesdesaintcezaire.fr\\\/blog\\\/wp-content\\\/uploads\\\/2025\\\/06\\\/Facade-toiture-vitraux-une-nuvelle-phase-du-chantier-de-l39eglise-1024x683-1.jpeg\",\"width\":1024,\"height\":683,\"caption\":\"Facade toiture vitraux une nuvelle phase du chantier de l39eglise 1024x683 1\"},{\"@type\":\"BreadcrumbList\",\"@id\":\"https:\\\/\\\/www.lesgrottesdesaintcezaire.fr\\\/blog\\\/facade-toiture-vitraux-une-nuvelle-phase-du-chantier-de-leglise-de-bethlee-seouvre-a-la-clamecy\\\/#breadcrumb\",\"itemListElement\":[{\"@type\":\"ListItem\",\"position\":1,\"name\":\"Accueil\",\"item\":\"https:\\\/\\\/www.lesgrottesdesaintcezaire.fr\\\/blog\\\/\"},{\"@type\":\"ListItem\",\"position\":2,\"name\":\"Fa\u00e7ade, toiture, vitraux \u2026 une nuvelle phase du chantier de l&rsquo;\u00e9glise de bethl\u00e9e se&rsquo;ouvre \u00e0 la clamecy\"}]},{\"@type\":\"WebSite\",\"@id\":\"https:\\\/\\\/www.lesgrottesdesaintcezaire.fr\\\/blog\\\/#website\",\"url\":\"https:\\\/\\\/www.lesgrottesdesaintcezaire.fr\\\/blog\\\/\",\"name\":\"LESGROTTESDESAINTCEZAIRE\",\"description\":\"Patrimoine: Le site de r\u00e9f\u00e9rence.\",\"publisher\":{\"@id\":\"https:\\\/\\\/www.lesgrottesdesaintcezaire.fr\\\/blog\\\/#organization\"},\"potentialAction\":[{\"@type\":\"SearchAction\",\"target\":{\"@type\":\"EntryPoint\",\"urlTemplate\":\"https:\\\/\\\/www.lesgrottesdesaintcezaire.fr\\\/blog\\\/?s={search_term_string}\"},\"query-input\":{\"@type\":\"PropertyValueSpecification\",\"valueRequired\":true,\"valueName\":\"search_term_string\"}}],\"inLanguage\":\"fr-FR\"},{\"@type\":\"Organization\",\"@id\":\"https:\\\/\\\/www.lesgrottesdesaintcezaire.fr\\\/blog\\\/#organization\",\"name\":\"lesgrottesdesaintcezaire\",\"url\":\"https:\\\/\\\/www.lesgrottesdesaintcezaire.fr\\\/blog\\\/\",\"logo\":{\"@type\":\"ImageObject\",\"inLanguage\":\"fr-FR\",\"@id\":\"https:\\\/\\\/www.lesgrottesdesaintcezaire.fr\\\/blog\\\/#\\\/schema\\\/logo\\\/image\\\/\",\"url\":\"https:\\\/\\\/www.lesgrottesdesaintcezaire.fr\\\/blog\\\/wp-content\\\/uploads\\\/2022\\\/05\\\/logo-2.png\",\"contentUrl\":\"https:\\\/\\\/www.lesgrottesdesaintcezaire.fr\\\/blog\\\/wp-content\\\/uploads\\\/2022\\\/05\\\/logo-2.png\",\"width\":150,\"height\":209,\"caption\":\"lesgrottesdesaintcezaire\"},\"image\":{\"@id\":\"https:\\\/\\\/www.lesgrottesdesaintcezaire.fr\\\/blog\\\/#\\\/schema\\\/logo\\\/image\\\/\"}},{\"@type\":\"Person\",\"@id\":\"https:\\\/\\\/www.lesgrottesdesaintcezaire.fr\\\/blog\\\/#\\\/schema\\\/person\\\/23d9a2ac249ecb9460a4ebce885adb9b\",\"name\":\"Fabienne MOUTON\",\"image\":{\"@type\":\"ImageObject\",\"inLanguage\":\"fr-FR\",\"@id\":\"https:\\\/\\\/secure.gravatar.com\\\/avatar\\\/856d7a14385bb0216de9c5cf9fb1160ddbd11c00be5bb16cfe389b9971309649?s=96&d=mm&r=g\",\"url\":\"https:\\\/\\\/secure.gravatar.com\\\/avatar\\\/856d7a14385bb0216de9c5cf9fb1160ddbd11c00be5bb16cfe389b9971309649?s=96&d=mm&r=g\",\"contentUrl\":\"https:\\\/\\\/secure.gravatar.com\\\/avatar\\\/856d7a14385bb0216de9c5cf9fb1160ddbd11c00be5bb16cfe389b9971309649?s=96&d=mm&r=g\",\"caption\":\"Fabienne MOUTON\"},\"url\":\"https:\\\/\\\/www.lesgrottesdesaintcezaire.fr\\\/blog\\\/author\\\/irefabienne\\\/\"}]}<\/script>\n<!-- \/ Yoast SEO plugin. -->","yoast_head_json":{"title":"Fa\u00e7ade, toiture, vitraux \u2026 une nuvelle phase du chantier de l'\u00e9glise de bethl\u00e9e se'ouvre \u00e0 la clamecy - LESGROTTESDESAINTCEZAIRE","description":"Fa\u00e7ade, toiture, vitraux \u2026 une nuvelle phase du chantier de l'\u00e9glise de bethl\u00e9e se'ouvre \u00e0 la clamecy article de LESGROTTESDESAINTCEZAIRE","robots":{"index":"index","follow":"follow","max-snippet":"max-snippet:-1","max-image-preview":"max-image-preview:large","max-video-preview":"max-video-preview:-1"},"canonical":"https:\/\/www.lesgrottesdesaintcezaire.fr\/blog\/facade-toiture-vitraux-une-nuvelle-phase-du-chantier-de-leglise-de-bethlee-seouvre-a-la-clamecy\/","og_locale":"fr_FR","og_type":"article","og_title":"Fa\u00e7ade, toiture, vitraux \u2026 une nuvelle phase du chantier de l'\u00e9glise de bethl\u00e9e se'ouvre \u00e0 la clamecy - LESGROTTESDESAINTCEZAIRE","og_description":"Fa\u00e7ade, toiture, vitraux \u2026 une nuvelle phase du chantier de l'\u00e9glise de bethl\u00e9e se'ouvre \u00e0 la clamecy article de LESGROTTESDESAINTCEZAIRE","og_url":"https:\/\/www.lesgrottesdesaintcezaire.fr\/blog\/facade-toiture-vitraux-une-nuvelle-phase-du-chantier-de-leglise-de-bethlee-seouvre-a-la-clamecy\/","og_site_name":"LESGROTTESDESAINTCEZAIRE","article_published_time":"2025-06-04T13:16:59+00:00","og_image":[{"url":"https:\/\/www.lesgrottesdesaintcezaire.fr\/blog\/wp-content\/uploads\/2025\/06\/Facade-toiture-vitraux-une-nuvelle-phase-du-chantier-de-l39eglise-1024x683-1.jpeg","type":"","width":"","height":""}],"author":"Fabienne MOUTON","twitter_card":"summary_large_image","twitter_misc":{"\u00c9crit par":"Fabienne MOUTON","Dur\u00e9e de lecture estim\u00e9e":"4 minutes"},"schema":{"@context":"https:\/\/schema.org","@graph":[{"@type":"Article","@id":"https:\/\/www.lesgrottesdesaintcezaire.fr\/blog\/facade-toiture-vitraux-une-nuvelle-phase-du-chantier-de-leglise-de-bethlee-seouvre-a-la-clamecy\/#article","isPartOf":{"@id":"https:\/\/www.lesgrottesdesaintcezaire.fr\/blog\/facade-toiture-vitraux-une-nuvelle-phase-du-chantier-de-leglise-de-bethlee-seouvre-a-la-clamecy\/"},"author":{"name":"Fabienne MOUTON","@id":"https:\/\/www.lesgrottesdesaintcezaire.fr\/blog\/#\/schema\/person\/23d9a2ac249ecb9460a4ebce885adb9b"},"headline":"Fa\u00e7ade, toiture, vitraux \u2026 une nuvelle phase du chantier de l&rsquo;\u00e9glise de bethl\u00e9e se&rsquo;ouvre \u00e0 la clamecy","datePublished":"2025-06-04T13:16:59+00:00","mainEntityOfPage":{"@id":"https:\/\/www.lesgrottesdesaintcezaire.fr\/blog\/facade-toiture-vitraux-une-nuvelle-phase-du-chantier-de-leglise-de-bethlee-seouvre-a-la-clamecy\/"},"wordCount":812,"publisher":{"@id":"https:\/\/www.lesgrottesdesaintcezaire.fr\/blog\/#organization"},"image":{"@id":"https:\/\/www.lesgrottesdesaintcezaire.fr\/blog\/facade-toiture-vitraux-une-nuvelle-phase-du-chantier-de-leglise-de-bethlee-seouvre-a-la-clamecy\/#primaryimage"},"thumbnailUrl":"https:\/\/www.lesgrottesdesaintcezaire.fr\/blog\/wp-content\/uploads\/2025\/06\/Facade-toiture-vitraux-une-nuvelle-phase-du-chantier-de-l39eglise-1024x683-1.jpeg","articleSection":["Patrimoine:"],"inLanguage":"fr-FR"},{"@type":"WebPage","@id":"https:\/\/www.lesgrottesdesaintcezaire.fr\/blog\/facade-toiture-vitraux-une-nuvelle-phase-du-chantier-de-leglise-de-bethlee-seouvre-a-la-clamecy\/","url":"https:\/\/www.lesgrottesdesaintcezaire.fr\/blog\/facade-toiture-vitraux-une-nuvelle-phase-du-chantier-de-leglise-de-bethlee-seouvre-a-la-clamecy\/","name":"Fa\u00e7ade, toiture, vitraux \u2026 une nuvelle phase du chantier de l'\u00e9glise de bethl\u00e9e se'ouvre \u00e0 la clamecy - LESGROTTESDESAINTCEZAIRE","isPartOf":{"@id":"https:\/\/www.lesgrottesdesaintcezaire.fr\/blog\/#website"},"primaryImageOfPage":{"@id":"https:\/\/www.lesgrottesdesaintcezaire.fr\/blog\/facade-toiture-vitraux-une-nuvelle-phase-du-chantier-de-leglise-de-bethlee-seouvre-a-la-clamecy\/#primaryimage"},"image":{"@id":"https:\/\/www.lesgrottesdesaintcezaire.fr\/blog\/facade-toiture-vitraux-une-nuvelle-phase-du-chantier-de-leglise-de-bethlee-seouvre-a-la-clamecy\/#primaryimage"},"thumbnailUrl":"https:\/\/www.lesgrottesdesaintcezaire.fr\/blog\/wp-content\/uploads\/2025\/06\/Facade-toiture-vitraux-une-nuvelle-phase-du-chantier-de-l39eglise-1024x683-1.jpeg","datePublished":"2025-06-04T13:16:59+00:00","description":"Fa\u00e7ade, toiture, vitraux \u2026 une nuvelle phase du chantier de l'\u00e9glise de bethl\u00e9e se'ouvre \u00e0 la clamecy article de LESGROTTESDESAINTCEZAIRE","breadcrumb":{"@id":"https:\/\/www.lesgrottesdesaintcezaire.fr\/blog\/facade-toiture-vitraux-une-nuvelle-phase-du-chantier-de-leglise-de-bethlee-seouvre-a-la-clamecy\/#breadcrumb"},"inLanguage":"fr-FR","potentialAction":[{"@type":"ReadAction","target":["https:\/\/www.lesgrottesdesaintcezaire.fr\/blog\/facade-toiture-vitraux-une-nuvelle-phase-du-chantier-de-leglise-de-bethlee-seouvre-a-la-clamecy\/"]}]},{"@type":"ImageObject","inLanguage":"fr-FR","@id":"https:\/\/www.lesgrottesdesaintcezaire.fr\/blog\/facade-toiture-vitraux-une-nuvelle-phase-du-chantier-de-leglise-de-bethlee-seouvre-a-la-clamecy\/#primaryimage","url":"https:\/\/www.lesgrottesdesaintcezaire.fr\/blog\/wp-content\/uploads\/2025\/06\/Facade-toiture-vitraux-une-nuvelle-phase-du-chantier-de-l39eglise-1024x683-1.jpeg","contentUrl":"https:\/\/www.lesgrottesdesaintcezaire.fr\/blog\/wp-content\/uploads\/2025\/06\/Facade-toiture-vitraux-une-nuvelle-phase-du-chantier-de-l39eglise-1024x683-1.jpeg","width":1024,"height":683,"caption":"Facade toiture vitraux une nuvelle phase du chantier de l39eglise 1024x683 1"},{"@type":"BreadcrumbList","@id":"https:\/\/www.lesgrottesdesaintcezaire.fr\/blog\/facade-toiture-vitraux-une-nuvelle-phase-du-chantier-de-leglise-de-bethlee-seouvre-a-la-clamecy\/#breadcrumb","itemListElement":[{"@type":"ListItem","position":1,"name":"Accueil","item":"https:\/\/www.lesgrottesdesaintcezaire.fr\/blog\/"},{"@type":"ListItem","position":2,"name":"Fa\u00e7ade, toiture, vitraux \u2026 une nuvelle phase du chantier de l&rsquo;\u00e9glise de bethl\u00e9e se&rsquo;ouvre \u00e0 la clamecy"}]},{"@type":"WebSite","@id":"https:\/\/www.lesgrottesdesaintcezaire.fr\/blog\/#website","url":"https:\/\/www.lesgrottesdesaintcezaire.fr\/blog\/","name":"LESGROTTESDESAINTCEZAIRE","description":"Patrimoine: Le site de r\u00e9f\u00e9rence.","publisher":{"@id":"https:\/\/www.lesgrottesdesaintcezaire.fr\/blog\/#organization"},"potentialAction":[{"@type":"SearchAction","target":{"@type":"EntryPoint","urlTemplate":"https:\/\/www.lesgrottesdesaintcezaire.fr\/blog\/?s={search_term_string}"},"query-input":{"@type":"PropertyValueSpecification","valueRequired":true,"valueName":"search_term_string"}}],"inLanguage":"fr-FR"},{"@type":"Organization","@id":"https:\/\/www.lesgrottesdesaintcezaire.fr\/blog\/#organization","name":"lesgrottesdesaintcezaire","url":"https:\/\/www.lesgrottesdesaintcezaire.fr\/blog\/","logo":{"@type":"ImageObject","inLanguage":"fr-FR","@id":"https:\/\/www.lesgrottesdesaintcezaire.fr\/blog\/#\/schema\/logo\/image\/","url":"https:\/\/www.lesgrottesdesaintcezaire.fr\/blog\/wp-content\/uploads\/2022\/05\/logo-2.png","contentUrl":"https:\/\/www.lesgrottesdesaintcezaire.fr\/blog\/wp-content\/uploads\/2022\/05\/logo-2.png","width":150,"height":209,"caption":"lesgrottesdesaintcezaire"},"image":{"@id":"https:\/\/www.lesgrottesdesaintcezaire.fr\/blog\/#\/schema\/logo\/image\/"}},{"@type":"Person","@id":"https:\/\/www.lesgrottesdesaintcezaire.fr\/blog\/#\/schema\/person\/23d9a2ac249ecb9460a4ebce885adb9b","name":"Fabienne MOUTON","image":{"@type":"ImageObject","inLanguage":"fr-FR","@id":"https:\/\/secure.gravatar.com\/avatar\/856d7a14385bb0216de9c5cf9fb1160ddbd11c00be5bb16cfe389b9971309649?s=96&d=mm&r=g","url":"https:\/\/secure.gravatar.com\/avatar\/856d7a14385bb0216de9c5cf9fb1160ddbd11c00be5bb16cfe389b9971309649?s=96&d=mm&r=g","contentUrl":"https:\/\/secure.gravatar.com\/avatar\/856d7a14385bb0216de9c5cf9fb1160ddbd11c00be5bb16cfe389b9971309649?s=96&d=mm&r=g","caption":"Fabienne MOUTON"},"url":"https:\/\/www.lesgrottesdesaintcezaire.fr\/blog\/author\/irefabienne\/"}]}},"_links":{"self":[{"href":"https:\/\/www.lesgrottesdesaintcezaire.fr\/blog\/wp-json\/wp\/v2\/posts\/794","targetHints":{"allow":["GET"]}}],"collection":[{"href":"https:\/\/www.lesgrottesdesaintcezaire.fr\/blog\/wp-json\/wp\/v2\/posts"}],"about":[{"href":"https:\/\/www.lesgrottesdesaintcezaire.fr\/blog\/wp-json\/wp\/v2\/types\/post"}],"author":[{"embeddable":true,"href":"https:\/\/www.lesgrottesdesaintcezaire.fr\/blog\/wp-json\/wp\/v2\/users\/3"}],"replies":[{"embeddable":true,"href":"https:\/\/www.lesgrottesdesaintcezaire.fr\/blog\/wp-json\/wp\/v2\/comments?post=794"}],"version-history":[{"count":0,"href":"https:\/\/www.lesgrottesdesaintcezaire.fr\/blog\/wp-json\/wp\/v2\/posts\/794\/revisions"}],"wp:featuredmedia":[{"embeddable":true,"href":"https:\/\/www.lesgrottesdesaintcezaire.fr\/blog\/wp-json\/wp\/v2\/media\/795"}],"wp:attachment":[{"href":"https:\/\/www.lesgrottesdesaintcezaire.fr\/blog\/wp-json\/wp\/v2\/media?parent=794"}],"wp:term":[{"taxonomy":"category","embeddable":true,"href":"https:\/\/www.lesgrottesdesaintcezaire.fr\/blog\/wp-json\/wp\/v2\/categories?post=794"},{"taxonomy":"post_tag","embeddable":true,"href":"https:\/\/www.lesgrottesdesaintcezaire.fr\/blog\/wp-json\/wp\/v2\/tags?post=794"}],"curies":[{"name":"wp","href":"https:\/\/api.w.org\/{rel}","templated":true}]}}