{"id":800,"date":"2025-06-21T18:13:39","date_gmt":"2025-06-21T16:13:39","guid":{"rendered":"https:\/\/www.lesgrottesdesaintcezaire.fr\/blog\/la-statue-de-la-vierge-a-retrouve-sa-main-et-sa-place-dans-la-collegiale\/"},"modified":"2025-06-21T18:13:39","modified_gmt":"2025-06-21T16:13:39","slug":"la-statue-de-la-vierge-a-retrouve-sa-main-et-sa-place-dans-la-collegiale","status":"publish","type":"post","link":"https:\/\/www.lesgrottesdesaintcezaire.fr\/blog\/la-statue-de-la-vierge-a-retrouve-sa-main-et-sa-place-dans-la-collegiale\/","title":{"rendered":"LA Statue de la Vierge A Retrouv\u00e9 sa Main \u2026 et sa place dans la coll\u00e9giale"},"content":{"rendered":"<div>\n<div>\n                        <iframe id=\"saooti-player\" src=\"https:\/\/playerbeta.octopus.saooti.com\/miniplayer\/11\/1535713?distributorId=6cc88bd2-a01b-4bf0-9bc4-949dec682133&amp;color=30a1ef&amp;theme=ffffff&amp;wave=false\" width=\"100%\" height=\"90px\" scrolling=\"no\" frameborder=\"0\" allow=\"autoplay\"><\/iframe><\/p>\n<div class=\"ac-article-date\">\n<p>            Par<br \/>\n        <strong><br \/>\n            R\u00e9faction la R\u00e9publique de Seine et Marne<br \/>\n        <\/strong><br \/>\n        <span><\/span><\/p>\n<p>        Publi\u00e9 le<br \/>\n        <time datetime=\"2025-06-21T17:02:01+02:00\"><br \/>\n            21 juin 2025 \u00e0 17h02        <\/time><\/p>\n<\/div>\n<p>DIMANCE 8 JUIN A EU LIEU LA PR\u00c9SENTATION DE LA STATUES RESTAUR\u00c9 DE LA <b>Vierge Marie<\/b> en la <b>coll\u00e9giale Notre-Dame-Et-Saint-Loup<\/b> de Montereau. Restauration de Cette par la municipalit\u00e9 a \u00e9t\u00e9 financ\u00e9e en partie gr\u00e2ce au g\u00e9n\u00e9reux don d &lsquo;<b>Elisabeth Marie Michelle Pedros Marcos<\/b>.<\/p>\n<h2 class=\" wall-content\">UNE MAIN MANQUANTE<\/h2>\n<p class=\" wall-content\">Son fils Christian Expliquez: \u00abParmi Ses Nombreux Projets, Elle Avait \u00e0 C\u0153r de Faire Restaurer la Statue de la Vierge Marie Qui se trouble au fond de l&rsquo;\u00e9glise. Bien Qu&rsquo;Elle n&rsquo;ait pas PU PU TOIR CE ProJet \u00e0 propos <b>Honor SA Volont\u00e9<\/b> et \u00e0 finaliser cette restauration gr\u00e2ce \u00e0 fils h\u00e9ritage \u00bb.<\/p>\n<p class=\" wall-content\">Un joli geste qui a permis d&rsquo;effet cette restauration dans l&rsquo;atelier de <b>C\u00e9lia Santi<\/b>Sp\u00e9cialist des \u0153urs sculpt\u00e9s. Une trentaine d&rsquo;Heures de Travail A \u00c9t\u00e9 N\u00e9cessaire pour la remise en \u00e9Tat de la <b>Manquante principale<\/b> de la statue, sans oublier le <b>NetToyage termin\u00e9e <\/b>de l&rsquo;\u0153ure.<\/p>\n<p class=\" wall-content\">Il faut noter auussi que cet \u00e9v\u00e9nent rev\u00eat une dimension particuli\u00e8re, alors que la coll\u00e9giale c\u00e9lanbre cette annee ses <b>830 ans<\/b>. SA Construction Datant du XII<sup>e<\/sup> SI\u00c8CLE, Elle constituant un T\u00e9moignage Architectural et Spirituel Majeur du Patrimoine de Montereau.<\/p>\n<p class=\" wall-content\">APR\u00c8S des Premi\u00e8res Interventions de Sauvegarde Principalation Centres sur l&rsquo;\u00c9tans\u00e9it\u00e9 de la Toiture, Les Grands Travaux de Restauration de l&rsquo;\u00c9difice Commerceront en Fin D&rsquo;ann\u00e9e. CETTe Premi\u00e8re Tranche Concernera l&rsquo;Ensemble du B\u00e2timent, des Fondations au Fa\u00eetation. La Premi\u00e8re Phase des Travaux s&rsquo;\u00e9chelonnera sur une P\u00e9riode de Trois Ans, <b>de 2025 \u00e0 2027<\/b>Avec le Soutien Financier de l&rsquo;\u00c9TAT, de la R\u00e9gion et du D\u00c9PARTIMENT.<\/p>\n<figure id=\"dailymotion-embed-x7dyep\" class=\"ac-embed ac-embed--dailymotion ac-embed--inread3\" data-provider=\"dailymotion\"><figcaption>Vid\u00e9os: en ce moment sur actu<\/figcaption><\/figure>\n<p class=\" wall-content\"><i>SUIVEZ TOUTE L&rsquo;ALCHET\u00c9 DE VOS VILLES ET M\u00c9DIAS PROVOIS EN VOUR INSCRIENT \u00c0 MON ACTU.<\/i><\/p>\n<\/div>\n<\/div>\n","protected":false},"excerpt":{"rendered":"<p>Par R\u00e9faction la R\u00e9publique de Seine et Marne Publi\u00e9 le 21 juin 2025 \u00e0 17h02 DIMANCE 8 JUIN A EU LIEU LA PR\u00c9SENTATION DE LA STATUES RESTAUR\u00c9 DE LA Vierge Marie en la coll\u00e9giale Notre-Dame-Et-Saint-Loup de Montereau. Restauration de Cette par la municipalit\u00e9 a \u00e9t\u00e9 financ\u00e9e en partie gr\u00e2ce au g\u00e9n\u00e9reux don d &lsquo;Elisabeth Marie [&hellip;]<\/p>\n","protected":false},"author":3,"featured_media":0,"comment_status":"closed","ping_status":"closed","sticky":false,"template":"","format":"standard","meta":{"footnotes":""},"categories":[2],"tags":[],"class_list":["post-800","post","type-post","status-publish","format-standard","hentry","category-patrimoine","entry"],"yoast_head":"<!-- This site is optimized with the Yoast SEO plugin v27.5 - https:\/\/yoast.com\/product\/yoast-seo-wordpress\/ -->\n<title>LA Statue de la Vierge A Retrouv\u00e9 sa Main \u2026 et sa place dans la coll\u00e9giale - LESGROTTESDESAINTCEZAIRE<\/title>\n<meta name=\"description\" content=\"LA Statue de la Vierge A Retrouv\u00e9 sa Main \u2026 et sa place dans la coll\u00e9giale article de LESGROTTESDESAINTCEZAIRE\" \/>\n<meta name=\"robots\" content=\"index, follow, max-snippet:-1, max-image-preview:large, max-video-preview:-1\" \/>\n<link rel=\"canonical\" href=\"https:\/\/www.lesgrottesdesaintcezaire.fr\/blog\/la-statue-de-la-vierge-a-retrouve-sa-main-et-sa-place-dans-la-collegiale\/\" \/>\n<meta property=\"og:locale\" content=\"fr_FR\" \/>\n<meta property=\"og:type\" content=\"article\" \/>\n<meta property=\"og:title\" content=\"LA Statue de la Vierge A Retrouv\u00e9 sa Main \u2026 et sa place dans la coll\u00e9giale - LESGROTTESDESAINTCEZAIRE\" \/>\n<meta property=\"og:description\" content=\"LA Statue de la Vierge A Retrouv\u00e9 sa Main \u2026 et sa place dans la coll\u00e9giale article de LESGROTTESDESAINTCEZAIRE\" \/>\n<meta property=\"og:url\" content=\"https:\/\/www.lesgrottesdesaintcezaire.fr\/blog\/la-statue-de-la-vierge-a-retrouve-sa-main-et-sa-place-dans-la-collegiale\/\" \/>\n<meta property=\"og:site_name\" content=\"LESGROTTESDESAINTCEZAIRE\" \/>\n<meta property=\"article:published_time\" content=\"2025-06-21T16:13:39+00:00\" \/>\n<meta name=\"author\" content=\"Fabienne MOUTON\" \/>\n<meta name=\"twitter:card\" content=\"summary_large_image\" \/>\n<meta name=\"twitter:label1\" content=\"\u00c9crit par\" \/>\n\t<meta name=\"twitter:data1\" content=\"Fabienne MOUTON\" \/>\n\t<meta name=\"twitter:label2\" content=\"Dur\u00e9e de lecture estim\u00e9e\" \/>\n\t<meta name=\"twitter:data2\" content=\"2 minutes\" \/>\n<script type=\"application\/ld+json\" class=\"yoast-schema-graph\">{\"@context\":\"https:\\\/\\\/schema.org\",\"@graph\":[{\"@type\":\"Article\",\"@id\":\"https:\\\/\\\/www.lesgrottesdesaintcezaire.fr\\\/blog\\\/la-statue-de-la-vierge-a-retrouve-sa-main-et-sa-place-dans-la-collegiale\\\/#article\",\"isPartOf\":{\"@id\":\"https:\\\/\\\/www.lesgrottesdesaintcezaire.fr\\\/blog\\\/la-statue-de-la-vierge-a-retrouve-sa-main-et-sa-place-dans-la-collegiale\\\/\"},\"author\":{\"name\":\"Fabienne MOUTON\",\"@id\":\"https:\\\/\\\/www.lesgrottesdesaintcezaire.fr\\\/blog\\\/#\\\/schema\\\/person\\\/23d9a2ac249ecb9460a4ebce885adb9b\"},\"headline\":\"LA Statue de la Vierge A Retrouv\u00e9 sa Main \u2026 et sa place dans la coll\u00e9giale\",\"datePublished\":\"2025-06-21T16:13:39+00:00\",\"mainEntityOfPage\":{\"@id\":\"https:\\\/\\\/www.lesgrottesdesaintcezaire.fr\\\/blog\\\/la-statue-de-la-vierge-a-retrouve-sa-main-et-sa-place-dans-la-collegiale\\\/\"},\"wordCount\":332,\"publisher\":{\"@id\":\"https:\\\/\\\/www.lesgrottesdesaintcezaire.fr\\\/blog\\\/#organization\"},\"articleSection\":[\"Patrimoine:\"],\"inLanguage\":\"fr-FR\"},{\"@type\":\"WebPage\",\"@id\":\"https:\\\/\\\/www.lesgrottesdesaintcezaire.fr\\\/blog\\\/la-statue-de-la-vierge-a-retrouve-sa-main-et-sa-place-dans-la-collegiale\\\/\",\"url\":\"https:\\\/\\\/www.lesgrottesdesaintcezaire.fr\\\/blog\\\/la-statue-de-la-vierge-a-retrouve-sa-main-et-sa-place-dans-la-collegiale\\\/\",\"name\":\"LA Statue de la Vierge A Retrouv\u00e9 sa Main \u2026 et sa place dans la coll\u00e9giale - LESGROTTESDESAINTCEZAIRE\",\"isPartOf\":{\"@id\":\"https:\\\/\\\/www.lesgrottesdesaintcezaire.fr\\\/blog\\\/#website\"},\"datePublished\":\"2025-06-21T16:13:39+00:00\",\"description\":\"LA Statue de la Vierge A Retrouv\u00e9 sa Main \u2026 et sa place dans la coll\u00e9giale article de LESGROTTESDESAINTCEZAIRE\",\"breadcrumb\":{\"@id\":\"https:\\\/\\\/www.lesgrottesdesaintcezaire.fr\\\/blog\\\/la-statue-de-la-vierge-a-retrouve-sa-main-et-sa-place-dans-la-collegiale\\\/#breadcrumb\"},\"inLanguage\":\"fr-FR\",\"potentialAction\":[{\"@type\":\"ReadAction\",\"target\":[\"https:\\\/\\\/www.lesgrottesdesaintcezaire.fr\\\/blog\\\/la-statue-de-la-vierge-a-retrouve-sa-main-et-sa-place-dans-la-collegiale\\\/\"]}]},{\"@type\":\"BreadcrumbList\",\"@id\":\"https:\\\/\\\/www.lesgrottesdesaintcezaire.fr\\\/blog\\\/la-statue-de-la-vierge-a-retrouve-sa-main-et-sa-place-dans-la-collegiale\\\/#breadcrumb\",\"itemListElement\":[{\"@type\":\"ListItem\",\"position\":1,\"name\":\"Accueil\",\"item\":\"https:\\\/\\\/www.lesgrottesdesaintcezaire.fr\\\/blog\\\/\"},{\"@type\":\"ListItem\",\"position\":2,\"name\":\"LA Statue de la Vierge A Retrouv\u00e9 sa Main \u2026 et sa place dans la coll\u00e9giale\"}]},{\"@type\":\"WebSite\",\"@id\":\"https:\\\/\\\/www.lesgrottesdesaintcezaire.fr\\\/blog\\\/#website\",\"url\":\"https:\\\/\\\/www.lesgrottesdesaintcezaire.fr\\\/blog\\\/\",\"name\":\"LESGROTTESDESAINTCEZAIRE\",\"description\":\"Patrimoine: Le site de r\u00e9f\u00e9rence.\",\"publisher\":{\"@id\":\"https:\\\/\\\/www.lesgrottesdesaintcezaire.fr\\\/blog\\\/#organization\"},\"potentialAction\":[{\"@type\":\"SearchAction\",\"target\":{\"@type\":\"EntryPoint\",\"urlTemplate\":\"https:\\\/\\\/www.lesgrottesdesaintcezaire.fr\\\/blog\\\/?s={search_term_string}\"},\"query-input\":{\"@type\":\"PropertyValueSpecification\",\"valueRequired\":true,\"valueName\":\"search_term_string\"}}],\"inLanguage\":\"fr-FR\"},{\"@type\":\"Organization\",\"@id\":\"https:\\\/\\\/www.lesgrottesdesaintcezaire.fr\\\/blog\\\/#organization\",\"name\":\"lesgrottesdesaintcezaire\",\"url\":\"https:\\\/\\\/www.lesgrottesdesaintcezaire.fr\\\/blog\\\/\",\"logo\":{\"@type\":\"ImageObject\",\"inLanguage\":\"fr-FR\",\"@id\":\"https:\\\/\\\/www.lesgrottesdesaintcezaire.fr\\\/blog\\\/#\\\/schema\\\/logo\\\/image\\\/\",\"url\":\"https:\\\/\\\/www.lesgrottesdesaintcezaire.fr\\\/blog\\\/wp-content\\\/uploads\\\/2022\\\/05\\\/logo-2.png\",\"contentUrl\":\"https:\\\/\\\/www.lesgrottesdesaintcezaire.fr\\\/blog\\\/wp-content\\\/uploads\\\/2022\\\/05\\\/logo-2.png\",\"width\":150,\"height\":209,\"caption\":\"lesgrottesdesaintcezaire\"},\"image\":{\"@id\":\"https:\\\/\\\/www.lesgrottesdesaintcezaire.fr\\\/blog\\\/#\\\/schema\\\/logo\\\/image\\\/\"}},{\"@type\":\"Person\",\"@id\":\"https:\\\/\\\/www.lesgrottesdesaintcezaire.fr\\\/blog\\\/#\\\/schema\\\/person\\\/23d9a2ac249ecb9460a4ebce885adb9b\",\"name\":\"Fabienne MOUTON\",\"image\":{\"@type\":\"ImageObject\",\"inLanguage\":\"fr-FR\",\"@id\":\"https:\\\/\\\/secure.gravatar.com\\\/avatar\\\/856d7a14385bb0216de9c5cf9fb1160ddbd11c00be5bb16cfe389b9971309649?s=96&d=mm&r=g\",\"url\":\"https:\\\/\\\/secure.gravatar.com\\\/avatar\\\/856d7a14385bb0216de9c5cf9fb1160ddbd11c00be5bb16cfe389b9971309649?s=96&d=mm&r=g\",\"contentUrl\":\"https:\\\/\\\/secure.gravatar.com\\\/avatar\\\/856d7a14385bb0216de9c5cf9fb1160ddbd11c00be5bb16cfe389b9971309649?s=96&d=mm&r=g\",\"caption\":\"Fabienne MOUTON\"},\"url\":\"https:\\\/\\\/www.lesgrottesdesaintcezaire.fr\\\/blog\\\/author\\\/irefabienne\\\/\"}]}<\/script>\n<!-- \/ Yoast SEO plugin. -->","yoast_head_json":{"title":"LA Statue de la Vierge A Retrouv\u00e9 sa Main \u2026 et sa place dans la coll\u00e9giale - LESGROTTESDESAINTCEZAIRE","description":"LA Statue de la Vierge A Retrouv\u00e9 sa Main \u2026 et sa place dans la coll\u00e9giale article de LESGROTTESDESAINTCEZAIRE","robots":{"index":"index","follow":"follow","max-snippet":"max-snippet:-1","max-image-preview":"max-image-preview:large","max-video-preview":"max-video-preview:-1"},"canonical":"https:\/\/www.lesgrottesdesaintcezaire.fr\/blog\/la-statue-de-la-vierge-a-retrouve-sa-main-et-sa-place-dans-la-collegiale\/","og_locale":"fr_FR","og_type":"article","og_title":"LA Statue de la Vierge A Retrouv\u00e9 sa Main \u2026 et sa place dans la coll\u00e9giale - LESGROTTESDESAINTCEZAIRE","og_description":"LA Statue de la Vierge A Retrouv\u00e9 sa Main \u2026 et sa place dans la coll\u00e9giale article de LESGROTTESDESAINTCEZAIRE","og_url":"https:\/\/www.lesgrottesdesaintcezaire.fr\/blog\/la-statue-de-la-vierge-a-retrouve-sa-main-et-sa-place-dans-la-collegiale\/","og_site_name":"LESGROTTESDESAINTCEZAIRE","article_published_time":"2025-06-21T16:13:39+00:00","author":"Fabienne MOUTON","twitter_card":"summary_large_image","twitter_misc":{"\u00c9crit par":"Fabienne MOUTON","Dur\u00e9e de lecture estim\u00e9e":"2 minutes"},"schema":{"@context":"https:\/\/schema.org","@graph":[{"@type":"Article","@id":"https:\/\/www.lesgrottesdesaintcezaire.fr\/blog\/la-statue-de-la-vierge-a-retrouve-sa-main-et-sa-place-dans-la-collegiale\/#article","isPartOf":{"@id":"https:\/\/www.lesgrottesdesaintcezaire.fr\/blog\/la-statue-de-la-vierge-a-retrouve-sa-main-et-sa-place-dans-la-collegiale\/"},"author":{"name":"Fabienne MOUTON","@id":"https:\/\/www.lesgrottesdesaintcezaire.fr\/blog\/#\/schema\/person\/23d9a2ac249ecb9460a4ebce885adb9b"},"headline":"LA Statue de la Vierge A Retrouv\u00e9 sa Main \u2026 et sa place dans la coll\u00e9giale","datePublished":"2025-06-21T16:13:39+00:00","mainEntityOfPage":{"@id":"https:\/\/www.lesgrottesdesaintcezaire.fr\/blog\/la-statue-de-la-vierge-a-retrouve-sa-main-et-sa-place-dans-la-collegiale\/"},"wordCount":332,"publisher":{"@id":"https:\/\/www.lesgrottesdesaintcezaire.fr\/blog\/#organization"},"articleSection":["Patrimoine:"],"inLanguage":"fr-FR"},{"@type":"WebPage","@id":"https:\/\/www.lesgrottesdesaintcezaire.fr\/blog\/la-statue-de-la-vierge-a-retrouve-sa-main-et-sa-place-dans-la-collegiale\/","url":"https:\/\/www.lesgrottesdesaintcezaire.fr\/blog\/la-statue-de-la-vierge-a-retrouve-sa-main-et-sa-place-dans-la-collegiale\/","name":"LA Statue de la Vierge A Retrouv\u00e9 sa Main \u2026 et sa place dans la coll\u00e9giale - LESGROTTESDESAINTCEZAIRE","isPartOf":{"@id":"https:\/\/www.lesgrottesdesaintcezaire.fr\/blog\/#website"},"datePublished":"2025-06-21T16:13:39+00:00","description":"LA Statue de la Vierge A Retrouv\u00e9 sa Main \u2026 et sa place dans la coll\u00e9giale article de LESGROTTESDESAINTCEZAIRE","breadcrumb":{"@id":"https:\/\/www.lesgrottesdesaintcezaire.fr\/blog\/la-statue-de-la-vierge-a-retrouve-sa-main-et-sa-place-dans-la-collegiale\/#breadcrumb"},"inLanguage":"fr-FR","potentialAction":[{"@type":"ReadAction","target":["https:\/\/www.lesgrottesdesaintcezaire.fr\/blog\/la-statue-de-la-vierge-a-retrouve-sa-main-et-sa-place-dans-la-collegiale\/"]}]},{"@type":"BreadcrumbList","@id":"https:\/\/www.lesgrottesdesaintcezaire.fr\/blog\/la-statue-de-la-vierge-a-retrouve-sa-main-et-sa-place-dans-la-collegiale\/#breadcrumb","itemListElement":[{"@type":"ListItem","position":1,"name":"Accueil","item":"https:\/\/www.lesgrottesdesaintcezaire.fr\/blog\/"},{"@type":"ListItem","position":2,"name":"LA Statue de la Vierge A Retrouv\u00e9 sa Main \u2026 et sa place dans la coll\u00e9giale"}]},{"@type":"WebSite","@id":"https:\/\/www.lesgrottesdesaintcezaire.fr\/blog\/#website","url":"https:\/\/www.lesgrottesdesaintcezaire.fr\/blog\/","name":"LESGROTTESDESAINTCEZAIRE","description":"Patrimoine: Le site de r\u00e9f\u00e9rence.","publisher":{"@id":"https:\/\/www.lesgrottesdesaintcezaire.fr\/blog\/#organization"},"potentialAction":[{"@type":"SearchAction","target":{"@type":"EntryPoint","urlTemplate":"https:\/\/www.lesgrottesdesaintcezaire.fr\/blog\/?s={search_term_string}"},"query-input":{"@type":"PropertyValueSpecification","valueRequired":true,"valueName":"search_term_string"}}],"inLanguage":"fr-FR"},{"@type":"Organization","@id":"https:\/\/www.lesgrottesdesaintcezaire.fr\/blog\/#organization","name":"lesgrottesdesaintcezaire","url":"https:\/\/www.lesgrottesdesaintcezaire.fr\/blog\/","logo":{"@type":"ImageObject","inLanguage":"fr-FR","@id":"https:\/\/www.lesgrottesdesaintcezaire.fr\/blog\/#\/schema\/logo\/image\/","url":"https:\/\/www.lesgrottesdesaintcezaire.fr\/blog\/wp-content\/uploads\/2022\/05\/logo-2.png","contentUrl":"https:\/\/www.lesgrottesdesaintcezaire.fr\/blog\/wp-content\/uploads\/2022\/05\/logo-2.png","width":150,"height":209,"caption":"lesgrottesdesaintcezaire"},"image":{"@id":"https:\/\/www.lesgrottesdesaintcezaire.fr\/blog\/#\/schema\/logo\/image\/"}},{"@type":"Person","@id":"https:\/\/www.lesgrottesdesaintcezaire.fr\/blog\/#\/schema\/person\/23d9a2ac249ecb9460a4ebce885adb9b","name":"Fabienne MOUTON","image":{"@type":"ImageObject","inLanguage":"fr-FR","@id":"https:\/\/secure.gravatar.com\/avatar\/856d7a14385bb0216de9c5cf9fb1160ddbd11c00be5bb16cfe389b9971309649?s=96&d=mm&r=g","url":"https:\/\/secure.gravatar.com\/avatar\/856d7a14385bb0216de9c5cf9fb1160ddbd11c00be5bb16cfe389b9971309649?s=96&d=mm&r=g","contentUrl":"https:\/\/secure.gravatar.com\/avatar\/856d7a14385bb0216de9c5cf9fb1160ddbd11c00be5bb16cfe389b9971309649?s=96&d=mm&r=g","caption":"Fabienne MOUTON"},"url":"https:\/\/www.lesgrottesdesaintcezaire.fr\/blog\/author\/irefabienne\/"}]}},"_links":{"self":[{"href":"https:\/\/www.lesgrottesdesaintcezaire.fr\/blog\/wp-json\/wp\/v2\/posts\/800","targetHints":{"allow":["GET"]}}],"collection":[{"href":"https:\/\/www.lesgrottesdesaintcezaire.fr\/blog\/wp-json\/wp\/v2\/posts"}],"about":[{"href":"https:\/\/www.lesgrottesdesaintcezaire.fr\/blog\/wp-json\/wp\/v2\/types\/post"}],"author":[{"embeddable":true,"href":"https:\/\/www.lesgrottesdesaintcezaire.fr\/blog\/wp-json\/wp\/v2\/users\/3"}],"replies":[{"embeddable":true,"href":"https:\/\/www.lesgrottesdesaintcezaire.fr\/blog\/wp-json\/wp\/v2\/comments?post=800"}],"version-history":[{"count":0,"href":"https:\/\/www.lesgrottesdesaintcezaire.fr\/blog\/wp-json\/wp\/v2\/posts\/800\/revisions"}],"wp:attachment":[{"href":"https:\/\/www.lesgrottesdesaintcezaire.fr\/blog\/wp-json\/wp\/v2\/media?parent=800"}],"wp:term":[{"taxonomy":"category","embeddable":true,"href":"https:\/\/www.lesgrottesdesaintcezaire.fr\/blog\/wp-json\/wp\/v2\/categories?post=800"},{"taxonomy":"post_tag","embeddable":true,"href":"https:\/\/www.lesgrottesdesaintcezaire.fr\/blog\/wp-json\/wp\/v2\/tags?post=800"}],"curies":[{"name":"wp","href":"https:\/\/api.w.org\/{rel}","templated":true}]}}