{"id":807,"date":"2025-08-16T18:13:22","date_gmt":"2025-08-16T16:13:22","guid":{"rendered":"https:\/\/www.lesgrottesdesaintcezaire.fr\/blog\/mcririn-operation-depoussierage-a-legliser-st-evre\/"},"modified":"2025-08-16T18:13:22","modified_gmt":"2025-08-16T16:13:22","slug":"mcririn-operation-depoussierage-a-legliser-st-evre","status":"publish","type":"post","link":"https:\/\/www.lesgrottesdesaintcezaire.fr\/blog\/mcririn-operation-depoussierage-a-legliser-st-evre\/","title":{"rendered":"Mcririn. Op\u00e9ration D\u00e9poussi\u00e9rage \u00e0 l&rsquo;\u00c9gliser St-evre"},"content":{"rendered":"<div>\n<div>\n<p>Commerc\u00e9s il ya plusieurs semenes, les Travaux de restauration des peintures du ch\u0153r de l&rsquo;\u00e9glise st-evre vont bon train. Et s&rsquo;il reste rappelle les d\u00e9coration muraux des soubassations \u00e0 trailter par les deux restauratrices dipl\u00f4me, b\u00e9atrice villemin et aur\u00e9lie Briot, le r\u00e9trait de l&rsquo;\u00e9chafaudage de 8 m de Haut qui y \u00e9tait D&rsquo;Y MENER UN\u00c9RATION D&rsquo;ENVERGURE DE D\u00c9POUSSI\u00c9RAGE.<\/p>\n<\/div>\n<div>\n<h2>Grand r\u00e9seau<\/h2>\n<p>Uni dizaine de g\u00e9n\u00e9reux b\u00e9n\u00e9voles \u00e9taient r\u00e9unis autour du maire, michel mousty, pour netoyer de fond en comble l&rsquo;\u00e9difice religieux.<\/p>\n<p>Plumeau ou aspirateur pour les reoins Empoussi\u00e9r\u00e9s, Le Mobilier du Ch\u0153ur, du Transept et le Statuaire, Balai, en mousseline et products nettoyants pour les bancs et planchers de la nef et des collat\u00e9raux, tout at\u00e9 pass\u00e9 au peigne fin, chacun sia L&rsquo;Organisation, pour le Rendre son lustre \u00e0 ce Lieu Saint.<\/p>\n<\/div>\n<div>\n<h2>Collecte de Dons<\/h2>\n<p>B\u00e9nie le 3 Novembre 1886 par monseigneur Gonindard, \u00c9v\u00eaque de Verdun, L&rsquo;\u00c9glise St-evre est de style N\u00e9o Roman.<\/p>\n<p>Grande-comg\u00e9ration Durant La Premi\u00e8re Guerre Mondiale, Elle est Remise en \u00c9t\u00e9tat dans les Annees 1920, enti\u00e8ment peinte par Duilio Donzelli en 1936 et 1937 Donzelli, sur ne pouvait pas moralement Laisser Continuer \u00e0 s&rsquo;\u00e9roder cet H\u00e9ritage qui s&rsquo;ouvre \u00e0 nos yeux, du sol jusqu&rsquo;aux vo\u00fbtes.<\/p>\n<p>AFIN DE LE PR\u00c9SERVER, D&rsquo;IMPORTANTS TRAVAUX DE R\u00c9NOVATION, \u00c9TANCH\u00c9\u00c9, AM\u00c9NAGEMENTS ONT \u00c9T\u00c9 EFFETUESS CES DERNIERES ANM\u00c9ES. Un\u00e9tude pr\u00e9alable \u00e0 la restauration des d\u00e9coration une r\u00e9alit\u00e9 en salle de bain. La Premi\u00e8re Tranche du Grand Chantier de R\u00e9novation des Peintures, \u00c9TAL\u00c9 DE 2025 \u00c0 2028, Consacr\u00e9e CETTE ANN\u00c9E Au ch\u0153r, Partie la Plus D\u00e9t\u00e9rior\u00e9e de l&rsquo;\u00c9TIFICE.<\/p>\n<p>N\u00e9anmoins, Si cette Premi\u00e8re Phase de Travaux de restauration est bien soutue par l&rsquo;\u00c9TAT (DETR), Le D\u00e9partement et la R\u00e9gion, j&rsquo;\u00e9mets Quelques R\u00e9serves Quant au Financier des Trois Tranches Suivantes. Un ce qui est, une collecte de dons est ouverte (objectif 30 000 \u20ac), en partenariat avale de Fondation du Patrimoine, et la commune compte \u00e9galement sur la g\u00e9n\u00e9rot\u00e9 de particules et du M\u00c9C\u00c9NAT D&rsquo;ENTR\u00c9S. \u00ab\u00a0<\/p>\n<\/div>\n<div>\n<h2>Les Prochaines phases de Travaux de restauration des d\u00e9coration pr\u00e9f\u00e8re \u00e0 l&rsquo;\u00e9glise st-evre<\/h2>\n<p>2026: Abioles et transept (77 292 \u20ac ht). 2027: NEF (41 952 HT). 2028: Bas-C\u00f4t\u00e9s et Tribune (98 938 \u20ac).<\/p>\n<\/div>\n<\/div>\n","protected":false},"excerpt":{"rendered":"<p>Commerc\u00e9s il ya plusieurs semenes, les Travaux de restauration des peintures du ch\u0153r de l&rsquo;\u00e9glise st-evre vont bon train. Et s&rsquo;il reste rappelle les d\u00e9coration muraux des soubassations \u00e0 trailter par les deux restauratrices dipl\u00f4me, b\u00e9atrice villemin et aur\u00e9lie Briot, le r\u00e9trait de l&rsquo;\u00e9chafaudage de 8 m de Haut qui y \u00e9tait D&rsquo;Y MENER UN\u00c9RATION [&hellip;]<\/p>\n","protected":false},"author":3,"featured_media":0,"comment_status":"closed","ping_status":"closed","sticky":false,"template":"","format":"standard","meta":{"footnotes":""},"categories":[2],"tags":[],"class_list":["post-807","post","type-post","status-publish","format-standard","hentry","category-patrimoine","entry"],"yoast_head":"<!-- This site is optimized with the Yoast SEO plugin v27.5 - https:\/\/yoast.com\/product\/yoast-seo-wordpress\/ -->\n<title>Mcririn. Op\u00e9ration D\u00e9poussi\u00e9rage \u00e0 l&#039;\u00c9gliser St-evre - LESGROTTESDESAINTCEZAIRE<\/title>\n<meta name=\"description\" content=\"Mcririn. Op\u00e9ration D\u00e9poussi\u00e9rage \u00e0 l&#039;\u00c9gliser St-evre article de LESGROTTESDESAINTCEZAIRE\" \/>\n<meta name=\"robots\" content=\"index, follow, max-snippet:-1, max-image-preview:large, max-video-preview:-1\" \/>\n<link rel=\"canonical\" href=\"https:\/\/www.lesgrottesdesaintcezaire.fr\/blog\/mcririn-operation-depoussierage-a-legliser-st-evre\/\" \/>\n<meta property=\"og:locale\" content=\"fr_FR\" \/>\n<meta property=\"og:type\" content=\"article\" \/>\n<meta property=\"og:title\" content=\"Mcririn. Op\u00e9ration D\u00e9poussi\u00e9rage \u00e0 l&#039;\u00c9gliser St-evre - LESGROTTESDESAINTCEZAIRE\" \/>\n<meta property=\"og:description\" content=\"Mcririn. Op\u00e9ration D\u00e9poussi\u00e9rage \u00e0 l&#039;\u00c9gliser St-evre article de LESGROTTESDESAINTCEZAIRE\" \/>\n<meta property=\"og:url\" content=\"https:\/\/www.lesgrottesdesaintcezaire.fr\/blog\/mcririn-operation-depoussierage-a-legliser-st-evre\/\" \/>\n<meta property=\"og:site_name\" content=\"LESGROTTESDESAINTCEZAIRE\" \/>\n<meta property=\"article:published_time\" content=\"2025-08-16T16:13:22+00:00\" \/>\n<meta name=\"author\" content=\"Fabienne MOUTON\" \/>\n<meta name=\"twitter:card\" content=\"summary_large_image\" \/>\n<meta name=\"twitter:label1\" content=\"\u00c9crit par\" \/>\n\t<meta name=\"twitter:data1\" content=\"Fabienne MOUTON\" \/>\n\t<meta name=\"twitter:label2\" content=\"Dur\u00e9e de lecture estim\u00e9e\" \/>\n\t<meta name=\"twitter:data2\" content=\"2 minutes\" \/>\n<script type=\"application\/ld+json\" class=\"yoast-schema-graph\">{\"@context\":\"https:\\\/\\\/schema.org\",\"@graph\":[{\"@type\":\"Article\",\"@id\":\"https:\\\/\\\/www.lesgrottesdesaintcezaire.fr\\\/blog\\\/mcririn-operation-depoussierage-a-legliser-st-evre\\\/#article\",\"isPartOf\":{\"@id\":\"https:\\\/\\\/www.lesgrottesdesaintcezaire.fr\\\/blog\\\/mcririn-operation-depoussierage-a-legliser-st-evre\\\/\"},\"author\":{\"name\":\"Fabienne MOUTON\",\"@id\":\"https:\\\/\\\/www.lesgrottesdesaintcezaire.fr\\\/blog\\\/#\\\/schema\\\/person\\\/23d9a2ac249ecb9460a4ebce885adb9b\"},\"headline\":\"Mcririn. Op\u00e9ration D\u00e9poussi\u00e9rage \u00e0 l&rsquo;\u00c9gliser St-evre\",\"datePublished\":\"2025-08-16T16:13:22+00:00\",\"mainEntityOfPage\":{\"@id\":\"https:\\\/\\\/www.lesgrottesdesaintcezaire.fr\\\/blog\\\/mcririn-operation-depoussierage-a-legliser-st-evre\\\/\"},\"wordCount\":407,\"publisher\":{\"@id\":\"https:\\\/\\\/www.lesgrottesdesaintcezaire.fr\\\/blog\\\/#organization\"},\"articleSection\":[\"Patrimoine:\"],\"inLanguage\":\"fr-FR\"},{\"@type\":\"WebPage\",\"@id\":\"https:\\\/\\\/www.lesgrottesdesaintcezaire.fr\\\/blog\\\/mcririn-operation-depoussierage-a-legliser-st-evre\\\/\",\"url\":\"https:\\\/\\\/www.lesgrottesdesaintcezaire.fr\\\/blog\\\/mcririn-operation-depoussierage-a-legliser-st-evre\\\/\",\"name\":\"Mcririn. Op\u00e9ration D\u00e9poussi\u00e9rage \u00e0 l'\u00c9gliser St-evre - LESGROTTESDESAINTCEZAIRE\",\"isPartOf\":{\"@id\":\"https:\\\/\\\/www.lesgrottesdesaintcezaire.fr\\\/blog\\\/#website\"},\"datePublished\":\"2025-08-16T16:13:22+00:00\",\"description\":\"Mcririn. Op\u00e9ration D\u00e9poussi\u00e9rage \u00e0 l'\u00c9gliser St-evre article de LESGROTTESDESAINTCEZAIRE\",\"breadcrumb\":{\"@id\":\"https:\\\/\\\/www.lesgrottesdesaintcezaire.fr\\\/blog\\\/mcririn-operation-depoussierage-a-legliser-st-evre\\\/#breadcrumb\"},\"inLanguage\":\"fr-FR\",\"potentialAction\":[{\"@type\":\"ReadAction\",\"target\":[\"https:\\\/\\\/www.lesgrottesdesaintcezaire.fr\\\/blog\\\/mcririn-operation-depoussierage-a-legliser-st-evre\\\/\"]}]},{\"@type\":\"BreadcrumbList\",\"@id\":\"https:\\\/\\\/www.lesgrottesdesaintcezaire.fr\\\/blog\\\/mcririn-operation-depoussierage-a-legliser-st-evre\\\/#breadcrumb\",\"itemListElement\":[{\"@type\":\"ListItem\",\"position\":1,\"name\":\"Accueil\",\"item\":\"https:\\\/\\\/www.lesgrottesdesaintcezaire.fr\\\/blog\\\/\"},{\"@type\":\"ListItem\",\"position\":2,\"name\":\"Mcririn. Op\u00e9ration D\u00e9poussi\u00e9rage \u00e0 l&rsquo;\u00c9gliser St-evre\"}]},{\"@type\":\"WebSite\",\"@id\":\"https:\\\/\\\/www.lesgrottesdesaintcezaire.fr\\\/blog\\\/#website\",\"url\":\"https:\\\/\\\/www.lesgrottesdesaintcezaire.fr\\\/blog\\\/\",\"name\":\"LESGROTTESDESAINTCEZAIRE\",\"description\":\"Patrimoine: Le site de r\u00e9f\u00e9rence.\",\"publisher\":{\"@id\":\"https:\\\/\\\/www.lesgrottesdesaintcezaire.fr\\\/blog\\\/#organization\"},\"potentialAction\":[{\"@type\":\"SearchAction\",\"target\":{\"@type\":\"EntryPoint\",\"urlTemplate\":\"https:\\\/\\\/www.lesgrottesdesaintcezaire.fr\\\/blog\\\/?s={search_term_string}\"},\"query-input\":{\"@type\":\"PropertyValueSpecification\",\"valueRequired\":true,\"valueName\":\"search_term_string\"}}],\"inLanguage\":\"fr-FR\"},{\"@type\":\"Organization\",\"@id\":\"https:\\\/\\\/www.lesgrottesdesaintcezaire.fr\\\/blog\\\/#organization\",\"name\":\"lesgrottesdesaintcezaire\",\"url\":\"https:\\\/\\\/www.lesgrottesdesaintcezaire.fr\\\/blog\\\/\",\"logo\":{\"@type\":\"ImageObject\",\"inLanguage\":\"fr-FR\",\"@id\":\"https:\\\/\\\/www.lesgrottesdesaintcezaire.fr\\\/blog\\\/#\\\/schema\\\/logo\\\/image\\\/\",\"url\":\"https:\\\/\\\/www.lesgrottesdesaintcezaire.fr\\\/blog\\\/wp-content\\\/uploads\\\/2022\\\/05\\\/logo-2.png\",\"contentUrl\":\"https:\\\/\\\/www.lesgrottesdesaintcezaire.fr\\\/blog\\\/wp-content\\\/uploads\\\/2022\\\/05\\\/logo-2.png\",\"width\":150,\"height\":209,\"caption\":\"lesgrottesdesaintcezaire\"},\"image\":{\"@id\":\"https:\\\/\\\/www.lesgrottesdesaintcezaire.fr\\\/blog\\\/#\\\/schema\\\/logo\\\/image\\\/\"}},{\"@type\":\"Person\",\"@id\":\"https:\\\/\\\/www.lesgrottesdesaintcezaire.fr\\\/blog\\\/#\\\/schema\\\/person\\\/23d9a2ac249ecb9460a4ebce885adb9b\",\"name\":\"Fabienne MOUTON\",\"image\":{\"@type\":\"ImageObject\",\"inLanguage\":\"fr-FR\",\"@id\":\"https:\\\/\\\/secure.gravatar.com\\\/avatar\\\/856d7a14385bb0216de9c5cf9fb1160ddbd11c00be5bb16cfe389b9971309649?s=96&d=mm&r=g\",\"url\":\"https:\\\/\\\/secure.gravatar.com\\\/avatar\\\/856d7a14385bb0216de9c5cf9fb1160ddbd11c00be5bb16cfe389b9971309649?s=96&d=mm&r=g\",\"contentUrl\":\"https:\\\/\\\/secure.gravatar.com\\\/avatar\\\/856d7a14385bb0216de9c5cf9fb1160ddbd11c00be5bb16cfe389b9971309649?s=96&d=mm&r=g\",\"caption\":\"Fabienne MOUTON\"},\"url\":\"https:\\\/\\\/www.lesgrottesdesaintcezaire.fr\\\/blog\\\/author\\\/irefabienne\\\/\"}]}<\/script>\n<!-- \/ Yoast SEO plugin. -->","yoast_head_json":{"title":"Mcririn. Op\u00e9ration D\u00e9poussi\u00e9rage \u00e0 l'\u00c9gliser St-evre - LESGROTTESDESAINTCEZAIRE","description":"Mcririn. Op\u00e9ration D\u00e9poussi\u00e9rage \u00e0 l'\u00c9gliser St-evre article de LESGROTTESDESAINTCEZAIRE","robots":{"index":"index","follow":"follow","max-snippet":"max-snippet:-1","max-image-preview":"max-image-preview:large","max-video-preview":"max-video-preview:-1"},"canonical":"https:\/\/www.lesgrottesdesaintcezaire.fr\/blog\/mcririn-operation-depoussierage-a-legliser-st-evre\/","og_locale":"fr_FR","og_type":"article","og_title":"Mcririn. Op\u00e9ration D\u00e9poussi\u00e9rage \u00e0 l'\u00c9gliser St-evre - LESGROTTESDESAINTCEZAIRE","og_description":"Mcririn. Op\u00e9ration D\u00e9poussi\u00e9rage \u00e0 l'\u00c9gliser St-evre article de LESGROTTESDESAINTCEZAIRE","og_url":"https:\/\/www.lesgrottesdesaintcezaire.fr\/blog\/mcririn-operation-depoussierage-a-legliser-st-evre\/","og_site_name":"LESGROTTESDESAINTCEZAIRE","article_published_time":"2025-08-16T16:13:22+00:00","author":"Fabienne MOUTON","twitter_card":"summary_large_image","twitter_misc":{"\u00c9crit par":"Fabienne MOUTON","Dur\u00e9e de lecture estim\u00e9e":"2 minutes"},"schema":{"@context":"https:\/\/schema.org","@graph":[{"@type":"Article","@id":"https:\/\/www.lesgrottesdesaintcezaire.fr\/blog\/mcririn-operation-depoussierage-a-legliser-st-evre\/#article","isPartOf":{"@id":"https:\/\/www.lesgrottesdesaintcezaire.fr\/blog\/mcririn-operation-depoussierage-a-legliser-st-evre\/"},"author":{"name":"Fabienne MOUTON","@id":"https:\/\/www.lesgrottesdesaintcezaire.fr\/blog\/#\/schema\/person\/23d9a2ac249ecb9460a4ebce885adb9b"},"headline":"Mcririn. Op\u00e9ration D\u00e9poussi\u00e9rage \u00e0 l&rsquo;\u00c9gliser St-evre","datePublished":"2025-08-16T16:13:22+00:00","mainEntityOfPage":{"@id":"https:\/\/www.lesgrottesdesaintcezaire.fr\/blog\/mcririn-operation-depoussierage-a-legliser-st-evre\/"},"wordCount":407,"publisher":{"@id":"https:\/\/www.lesgrottesdesaintcezaire.fr\/blog\/#organization"},"articleSection":["Patrimoine:"],"inLanguage":"fr-FR"},{"@type":"WebPage","@id":"https:\/\/www.lesgrottesdesaintcezaire.fr\/blog\/mcririn-operation-depoussierage-a-legliser-st-evre\/","url":"https:\/\/www.lesgrottesdesaintcezaire.fr\/blog\/mcririn-operation-depoussierage-a-legliser-st-evre\/","name":"Mcririn. Op\u00e9ration D\u00e9poussi\u00e9rage \u00e0 l'\u00c9gliser St-evre - LESGROTTESDESAINTCEZAIRE","isPartOf":{"@id":"https:\/\/www.lesgrottesdesaintcezaire.fr\/blog\/#website"},"datePublished":"2025-08-16T16:13:22+00:00","description":"Mcririn. Op\u00e9ration D\u00e9poussi\u00e9rage \u00e0 l'\u00c9gliser St-evre article de LESGROTTESDESAINTCEZAIRE","breadcrumb":{"@id":"https:\/\/www.lesgrottesdesaintcezaire.fr\/blog\/mcririn-operation-depoussierage-a-legliser-st-evre\/#breadcrumb"},"inLanguage":"fr-FR","potentialAction":[{"@type":"ReadAction","target":["https:\/\/www.lesgrottesdesaintcezaire.fr\/blog\/mcririn-operation-depoussierage-a-legliser-st-evre\/"]}]},{"@type":"BreadcrumbList","@id":"https:\/\/www.lesgrottesdesaintcezaire.fr\/blog\/mcririn-operation-depoussierage-a-legliser-st-evre\/#breadcrumb","itemListElement":[{"@type":"ListItem","position":1,"name":"Accueil","item":"https:\/\/www.lesgrottesdesaintcezaire.fr\/blog\/"},{"@type":"ListItem","position":2,"name":"Mcririn. Op\u00e9ration D\u00e9poussi\u00e9rage \u00e0 l&rsquo;\u00c9gliser St-evre"}]},{"@type":"WebSite","@id":"https:\/\/www.lesgrottesdesaintcezaire.fr\/blog\/#website","url":"https:\/\/www.lesgrottesdesaintcezaire.fr\/blog\/","name":"LESGROTTESDESAINTCEZAIRE","description":"Patrimoine: Le site de r\u00e9f\u00e9rence.","publisher":{"@id":"https:\/\/www.lesgrottesdesaintcezaire.fr\/blog\/#organization"},"potentialAction":[{"@type":"SearchAction","target":{"@type":"EntryPoint","urlTemplate":"https:\/\/www.lesgrottesdesaintcezaire.fr\/blog\/?s={search_term_string}"},"query-input":{"@type":"PropertyValueSpecification","valueRequired":true,"valueName":"search_term_string"}}],"inLanguage":"fr-FR"},{"@type":"Organization","@id":"https:\/\/www.lesgrottesdesaintcezaire.fr\/blog\/#organization","name":"lesgrottesdesaintcezaire","url":"https:\/\/www.lesgrottesdesaintcezaire.fr\/blog\/","logo":{"@type":"ImageObject","inLanguage":"fr-FR","@id":"https:\/\/www.lesgrottesdesaintcezaire.fr\/blog\/#\/schema\/logo\/image\/","url":"https:\/\/www.lesgrottesdesaintcezaire.fr\/blog\/wp-content\/uploads\/2022\/05\/logo-2.png","contentUrl":"https:\/\/www.lesgrottesdesaintcezaire.fr\/blog\/wp-content\/uploads\/2022\/05\/logo-2.png","width":150,"height":209,"caption":"lesgrottesdesaintcezaire"},"image":{"@id":"https:\/\/www.lesgrottesdesaintcezaire.fr\/blog\/#\/schema\/logo\/image\/"}},{"@type":"Person","@id":"https:\/\/www.lesgrottesdesaintcezaire.fr\/blog\/#\/schema\/person\/23d9a2ac249ecb9460a4ebce885adb9b","name":"Fabienne MOUTON","image":{"@type":"ImageObject","inLanguage":"fr-FR","@id":"https:\/\/secure.gravatar.com\/avatar\/856d7a14385bb0216de9c5cf9fb1160ddbd11c00be5bb16cfe389b9971309649?s=96&d=mm&r=g","url":"https:\/\/secure.gravatar.com\/avatar\/856d7a14385bb0216de9c5cf9fb1160ddbd11c00be5bb16cfe389b9971309649?s=96&d=mm&r=g","contentUrl":"https:\/\/secure.gravatar.com\/avatar\/856d7a14385bb0216de9c5cf9fb1160ddbd11c00be5bb16cfe389b9971309649?s=96&d=mm&r=g","caption":"Fabienne MOUTON"},"url":"https:\/\/www.lesgrottesdesaintcezaire.fr\/blog\/author\/irefabienne\/"}]}},"_links":{"self":[{"href":"https:\/\/www.lesgrottesdesaintcezaire.fr\/blog\/wp-json\/wp\/v2\/posts\/807","targetHints":{"allow":["GET"]}}],"collection":[{"href":"https:\/\/www.lesgrottesdesaintcezaire.fr\/blog\/wp-json\/wp\/v2\/posts"}],"about":[{"href":"https:\/\/www.lesgrottesdesaintcezaire.fr\/blog\/wp-json\/wp\/v2\/types\/post"}],"author":[{"embeddable":true,"href":"https:\/\/www.lesgrottesdesaintcezaire.fr\/blog\/wp-json\/wp\/v2\/users\/3"}],"replies":[{"embeddable":true,"href":"https:\/\/www.lesgrottesdesaintcezaire.fr\/blog\/wp-json\/wp\/v2\/comments?post=807"}],"version-history":[{"count":0,"href":"https:\/\/www.lesgrottesdesaintcezaire.fr\/blog\/wp-json\/wp\/v2\/posts\/807\/revisions"}],"wp:attachment":[{"href":"https:\/\/www.lesgrottesdesaintcezaire.fr\/blog\/wp-json\/wp\/v2\/media?parent=807"}],"wp:term":[{"taxonomy":"category","embeddable":true,"href":"https:\/\/www.lesgrottesdesaintcezaire.fr\/blog\/wp-json\/wp\/v2\/categories?post=807"},{"taxonomy":"post_tag","embeddable":true,"href":"https:\/\/www.lesgrottesdesaintcezaire.fr\/blog\/wp-json\/wp\/v2\/tags?post=807"}],"curies":[{"name":"wp","href":"https:\/\/api.w.org\/{rel}","templated":true}]}}