{"id":828,"date":"2026-04-08T18:20:37","date_gmt":"2026-04-08T16:20:37","guid":{"rendered":"https:\/\/www.lesgrottesdesaintcezaire.fr\/blog\/le-destin-du-tableau-oublie-dans-leglise-saint-saturnin-de-blois\/"},"modified":"2026-04-08T18:20:37","modified_gmt":"2026-04-08T16:20:37","slug":"le-destin-du-tableau-oublie-dans-leglise-saint-saturnin-de-blois","status":"publish","type":"post","link":"https:\/\/www.lesgrottesdesaintcezaire.fr\/blog\/le-destin-du-tableau-oublie-dans-leglise-saint-saturnin-de-blois\/","title":{"rendered":"le destin du tableau oubli\u00e9 dans l&rsquo;\u00e9glise Saint-Saturnin de Blois"},"content":{"rendered":"<div>\n<div data-testid=\"contenu-article\">\n<p>On ignore depuis combien de temps il est l\u00e0. Le tableau intitul\u00e9 <em>S<\/em><em>Aint Dominique face aux Albigeois \u00e0 la bataille de Muret<\/em> a \u00e9t\u00e9 retrouv\u00e9 dans le clocher de l&rsquo;\u00e9glise Saint-Saturnin, \u00e0 Blois, et sorti de son lieu de stockage pour rejoindre le mus\u00e9e dioc\u00e9sain d&rsquo;art religieux. <em>\u00ab En fait, il \u00e9tait entrepos\u00e9 dans l&rsquo;escalier de la tribune de l&rsquo;orgue, on savait qu&rsquo;il \u00e9tait l\u00e0, mais \u00e0 force de le voir, plus personne n&rsquo;y pr\u00eatait attention \u00bb,<\/em> confie Bruno Guignard, conservateur adjoint du mus\u00e9e, samedi 4 avril dernier. Et, si tout va bien, ce tableau devrait enfin \u00eatre restaur\u00e9.<\/p>\n<aside class=\"block dfp blocDFP_dfpCLS__p919M blocDFP_In_Article_1_Height__JVzHJ  blocDFP_antiCrop__VeOe3\" aria-label=\"publicit\u00e9\"><\/aside>\n<p>Des \u00e9tudiants en master d&rsquo;histoire de l&rsquo;art \u00e0 Sorbonne universit\u00e9, originaires de Blois, veulent en faire leur projet d&rsquo;\u00e9tudes. Pauline de Puymaly et Arnaud Pezeril, qui travaillent le sujet en \u00e9quipe avec d&rsquo;autres, expliquent : <em>\u00ab Il est tr\u00e8s ab\u00eem\u00e9, et nous portons ce projet dans le cadre de la Fondation pour la sauvegarde de l&rsquo;art fran\u00e7ais et son programme \u00ab Le plus grand mus\u00e9e de France \u00bb \u00bb,<\/em> de quoi mettre en pratique leur passion patrimoniale avec leurs \u00e9tudes.<\/p>\n<h2>\u00ab On ne sait pas vraiment comment ce tableau est arriv\u00e9 \u00e0 Blois \u00bb<\/h2>\n<p>Plusieurs hypoth\u00e8ses sur la provenance de l&rsquo;\u0153uvre sont \u00e9mises, et r\u00e9sum\u00e9es par Bruno Guignard : <em>\u00ab C&rsquo;est un sujet tr\u00e8s m\u00e9ridional et qui met en sc\u00e8ne la pr\u00e9sence de saint Dominique \u00e0 la bataille de Muret de 1213, pr\u00e8s de Toulouse\u2026 Mais sa datation serait plut\u00f4t fin 17<sup>e<\/sup> ou d\u00e9but 18<sup>e<\/sup> si\u00e8cle. Cependant, on ne sait pas vraiment comment ce tableau est arriv\u00e9 \u00e0 Blois, il aurait peut-\u00eatre \u00e9t\u00e9 command\u00e9 par une congr\u00e9gation locale de femmes dominicaines. Peut-\u00eatre at-il \u00e9t\u00e9 retrouv\u00e9 \u00e0 l&rsquo;ancien h\u00f4pital de Blois Vienne puis boug\u00e9 pendant la guerre pour rejoindre finalement l&rsquo;\u00e9glise Saint-Saturnin. Il n\u2019a malheureusement jamais \u00e9t\u00e9 mentionn\u00e9. \u00bb<\/em><\/p>\n<aside class=\"block dfp blocDFP_dfpCLS__p919M blocDFP_In_Article_2_Height__CYspR  blocDFP_antiCrop__VeOe3\" aria-label=\"publicit\u00e9\"><\/aside>\n<p>Des \u00e9l\u00e9ments stylistiques que scrute aussi la restauratrice Sonia Ropion, qui esp\u00e8re bien <em>\u00ab que la restauration r\u00e9v\u00e8le des surprises \u00bb<\/em>. Elle doit tout d&rsquo;abord \u00e9valuer la technique \u00e0 adopter, en fonction de l&rsquo;\u00e9tat de d\u00e9gradation de l&rsquo;\u0153uvre. Selon elle, <em>\u00ab on voit une sorte de couture sur le c\u00f4t\u00e9 gauche de la toile, dont la laie principale fait plus d&rsquo;un m\u00e8tre, donc qui fait penser \u00e0 des techniques du 18<sup>e<\/sup> si\u00e8cle. Et certains bords peints d\u00e9bordent sur l&rsquo;arri\u00e8re, il y a un soup\u00e7on de changement de format : le ch\u00e2ssis pourrait ne pas \u00eatre d&rsquo;origine. \u00bb<\/em> D&rsquo;ailleurs, le support est en relativement bon \u00e9tat.<\/p>\n<p>Mais le tableau regorge de poussi\u00e8res et m\u00eame de fientes de pigeons. <em>\u00ab Il n&rsquo;y a pas de d\u00e9chirure ni de moisissure \u00bb,<\/em> se console-t-elle. L&rsquo;intervention devrait consister \u00e0 retirer tout l&rsquo;encrassement de la couche picturale : <em>\u00ab La fluorescence n&rsquo;indique pas n\u00e9cessairement de verni ou en couche tr\u00e8s fine, mais la peinture, qui a subi d\u00e9j\u00e0 quelques retouches par le pass\u00e9 visiblement, reste en bon \u00e9tat malgr\u00e9 des petits soucis d&rsquo;adh\u00e9sion qui est en train de s&rsquo;alt\u00e9rer et des d\u00e9formations. \u00bb<\/em><\/p>\n<h2 class=\"intertitre\">Les \u00e9tudiants lancent une action de m\u00e9c\u00e9nat<\/h2>\n<p>Elle s&rsquo;attachera donc \u00e0 une restauration fondamentale pour retrouver l&rsquo;image originale, apr\u00e8s quelques tests de produits \u00e0 appliquer sur l&rsquo;ensemble de l&rsquo;\u0153uvre de grande dimension (plus de 2,50 m sur plus d&rsquo;1,20 m). Toutefois, pour que la restauratrice puisse intervenir, reste aux \u00e9tudiants \u00e0 r\u00e9unir les fonds. Le tableau d\u00e9tenu par la paroisse appartient a priori \u00e0 la Ville, qui a pris en charge 1.920 \u20ac. <em>\u00ab Mais sur un total de 10.560 \u20ac, nous portons un projet de m\u00e9c\u00e9nat et il nous reste \u00e0 r\u00e9unir encore 3.500 \u20ac \u00bb,<\/em> indique Pauline, qui, avec l&rsquo;\u00e9quipe d&rsquo;\u00e9tudiants, a mis en place une souscription de don (b\u00e9n\u00e9ficiant des taux de d\u00e9fiscalisation en vigueur) sur le site de la Fondation pour la sauvegarde de l&rsquo;art fran\u00e7ais.<\/p>\n<p>Une fois la somme r\u00e9unie, tous esp\u00e8rent que le travail de restauration, avec l&rsquo;\u00e9tude pr\u00e9alable en liaison avec le conservateur du ch\u00e2teau de Blois, pourra r\u00e9v\u00e9ler tous les myst\u00e8res de ce tableau en quelques mois. Et qu&rsquo;il retourne en meilleure place dans l&rsquo;\u00e9glise Saint-Saturnin. <em>\u00ab \u00c0 moins qu&rsquo;il ne puisse int\u00e9grer le projet du mus\u00e9e dioc\u00e9sain qui, lors de son d\u00e9m\u00e9nagement en 2029 vers l&rsquo;H\u00f4tel-Dieu, va devoir se doter de tableaux pour reconstituer une liturgie. \u00bb<\/em><\/p>\n<p>sauvegardeartfrancais.fr\/projets\/saint-dominique-blois<\/p>\n<\/div>\n<\/div>\n","protected":false},"excerpt":{"rendered":"<p>On ignore depuis combien de temps il est l\u00e0. Le tableau intitul\u00e9 SAint Dominique face aux Albigeois \u00e0 la bataille de Muret a \u00e9t\u00e9 retrouv\u00e9 dans le clocher de l&rsquo;\u00e9glise Saint-Saturnin, \u00e0 Blois, et sorti de son lieu de stockage pour rejoindre le mus\u00e9e dioc\u00e9sain d&rsquo;art religieux. \u00ab En fait, il \u00e9tait entrepos\u00e9 dans l&rsquo;escalier [&hellip;]<\/p>\n","protected":false},"author":3,"featured_media":0,"comment_status":"closed","ping_status":"closed","sticky":false,"template":"","format":"standard","meta":{"footnotes":""},"categories":[2],"tags":[],"class_list":["post-828","post","type-post","status-publish","format-standard","hentry","category-patrimoine","entry"],"yoast_head":"<!-- This site is optimized with the Yoast SEO plugin v27.5 - https:\/\/yoast.com\/product\/yoast-seo-wordpress\/ -->\n<title>le destin du tableau oubli\u00e9 dans l&#039;\u00e9glise Saint-Saturnin de Blois - LESGROTTESDESAINTCEZAIRE<\/title>\n<meta name=\"description\" content=\"le destin du tableau oubli\u00e9 dans l&#039;\u00e9glise Saint-Saturnin de Blois article de LESGROTTESDESAINTCEZAIRE\" \/>\n<meta name=\"robots\" content=\"index, follow, max-snippet:-1, max-image-preview:large, max-video-preview:-1\" \/>\n<link rel=\"canonical\" href=\"https:\/\/www.lesgrottesdesaintcezaire.fr\/blog\/le-destin-du-tableau-oublie-dans-leglise-saint-saturnin-de-blois\/\" \/>\n<meta property=\"og:locale\" content=\"fr_FR\" \/>\n<meta property=\"og:type\" content=\"article\" \/>\n<meta property=\"og:title\" content=\"le destin du tableau oubli\u00e9 dans l&#039;\u00e9glise Saint-Saturnin de Blois - LESGROTTESDESAINTCEZAIRE\" \/>\n<meta property=\"og:description\" content=\"le destin du tableau oubli\u00e9 dans l&#039;\u00e9glise Saint-Saturnin de Blois article de LESGROTTESDESAINTCEZAIRE\" \/>\n<meta property=\"og:url\" content=\"https:\/\/www.lesgrottesdesaintcezaire.fr\/blog\/le-destin-du-tableau-oublie-dans-leglise-saint-saturnin-de-blois\/\" \/>\n<meta property=\"og:site_name\" content=\"LESGROTTESDESAINTCEZAIRE\" \/>\n<meta property=\"article:published_time\" content=\"2026-04-08T16:20:37+00:00\" \/>\n<meta name=\"author\" content=\"Fabienne MOUTON\" \/>\n<meta name=\"twitter:card\" content=\"summary_large_image\" \/>\n<meta name=\"twitter:label1\" content=\"\u00c9crit par\" \/>\n\t<meta name=\"twitter:data1\" content=\"Fabienne MOUTON\" \/>\n\t<meta name=\"twitter:label2\" content=\"Dur\u00e9e de lecture estim\u00e9e\" \/>\n\t<meta name=\"twitter:data2\" content=\"4 minutes\" \/>\n<script type=\"application\/ld+json\" class=\"yoast-schema-graph\">{\"@context\":\"https:\\\/\\\/schema.org\",\"@graph\":[{\"@type\":\"Article\",\"@id\":\"https:\\\/\\\/www.lesgrottesdesaintcezaire.fr\\\/blog\\\/le-destin-du-tableau-oublie-dans-leglise-saint-saturnin-de-blois\\\/#article\",\"isPartOf\":{\"@id\":\"https:\\\/\\\/www.lesgrottesdesaintcezaire.fr\\\/blog\\\/le-destin-du-tableau-oublie-dans-leglise-saint-saturnin-de-blois\\\/\"},\"author\":{\"name\":\"Fabienne MOUTON\",\"@id\":\"https:\\\/\\\/www.lesgrottesdesaintcezaire.fr\\\/blog\\\/#\\\/schema\\\/person\\\/23d9a2ac249ecb9460a4ebce885adb9b\"},\"headline\":\"le destin du tableau oubli\u00e9 dans l&rsquo;\u00e9glise Saint-Saturnin de Blois\",\"datePublished\":\"2026-04-08T16:20:37+00:00\",\"mainEntityOfPage\":{\"@id\":\"https:\\\/\\\/www.lesgrottesdesaintcezaire.fr\\\/blog\\\/le-destin-du-tableau-oublie-dans-leglise-saint-saturnin-de-blois\\\/\"},\"wordCount\":763,\"publisher\":{\"@id\":\"https:\\\/\\\/www.lesgrottesdesaintcezaire.fr\\\/blog\\\/#organization\"},\"articleSection\":[\"Patrimoine:\"],\"inLanguage\":\"fr-FR\"},{\"@type\":\"WebPage\",\"@id\":\"https:\\\/\\\/www.lesgrottesdesaintcezaire.fr\\\/blog\\\/le-destin-du-tableau-oublie-dans-leglise-saint-saturnin-de-blois\\\/\",\"url\":\"https:\\\/\\\/www.lesgrottesdesaintcezaire.fr\\\/blog\\\/le-destin-du-tableau-oublie-dans-leglise-saint-saturnin-de-blois\\\/\",\"name\":\"le destin du tableau oubli\u00e9 dans l'\u00e9glise Saint-Saturnin de Blois - LESGROTTESDESAINTCEZAIRE\",\"isPartOf\":{\"@id\":\"https:\\\/\\\/www.lesgrottesdesaintcezaire.fr\\\/blog\\\/#website\"},\"datePublished\":\"2026-04-08T16:20:37+00:00\",\"description\":\"le destin du tableau oubli\u00e9 dans l'\u00e9glise Saint-Saturnin de Blois article de LESGROTTESDESAINTCEZAIRE\",\"breadcrumb\":{\"@id\":\"https:\\\/\\\/www.lesgrottesdesaintcezaire.fr\\\/blog\\\/le-destin-du-tableau-oublie-dans-leglise-saint-saturnin-de-blois\\\/#breadcrumb\"},\"inLanguage\":\"fr-FR\",\"potentialAction\":[{\"@type\":\"ReadAction\",\"target\":[\"https:\\\/\\\/www.lesgrottesdesaintcezaire.fr\\\/blog\\\/le-destin-du-tableau-oublie-dans-leglise-saint-saturnin-de-blois\\\/\"]}]},{\"@type\":\"BreadcrumbList\",\"@id\":\"https:\\\/\\\/www.lesgrottesdesaintcezaire.fr\\\/blog\\\/le-destin-du-tableau-oublie-dans-leglise-saint-saturnin-de-blois\\\/#breadcrumb\",\"itemListElement\":[{\"@type\":\"ListItem\",\"position\":1,\"name\":\"Accueil\",\"item\":\"https:\\\/\\\/www.lesgrottesdesaintcezaire.fr\\\/blog\\\/\"},{\"@type\":\"ListItem\",\"position\":2,\"name\":\"le destin du tableau oubli\u00e9 dans l&rsquo;\u00e9glise Saint-Saturnin de Blois\"}]},{\"@type\":\"WebSite\",\"@id\":\"https:\\\/\\\/www.lesgrottesdesaintcezaire.fr\\\/blog\\\/#website\",\"url\":\"https:\\\/\\\/www.lesgrottesdesaintcezaire.fr\\\/blog\\\/\",\"name\":\"LESGROTTESDESAINTCEZAIRE\",\"description\":\"Patrimoine: Le site de r\u00e9f\u00e9rence.\",\"publisher\":{\"@id\":\"https:\\\/\\\/www.lesgrottesdesaintcezaire.fr\\\/blog\\\/#organization\"},\"potentialAction\":[{\"@type\":\"SearchAction\",\"target\":{\"@type\":\"EntryPoint\",\"urlTemplate\":\"https:\\\/\\\/www.lesgrottesdesaintcezaire.fr\\\/blog\\\/?s={search_term_string}\"},\"query-input\":{\"@type\":\"PropertyValueSpecification\",\"valueRequired\":true,\"valueName\":\"search_term_string\"}}],\"inLanguage\":\"fr-FR\"},{\"@type\":\"Organization\",\"@id\":\"https:\\\/\\\/www.lesgrottesdesaintcezaire.fr\\\/blog\\\/#organization\",\"name\":\"lesgrottesdesaintcezaire\",\"url\":\"https:\\\/\\\/www.lesgrottesdesaintcezaire.fr\\\/blog\\\/\",\"logo\":{\"@type\":\"ImageObject\",\"inLanguage\":\"fr-FR\",\"@id\":\"https:\\\/\\\/www.lesgrottesdesaintcezaire.fr\\\/blog\\\/#\\\/schema\\\/logo\\\/image\\\/\",\"url\":\"https:\\\/\\\/www.lesgrottesdesaintcezaire.fr\\\/blog\\\/wp-content\\\/uploads\\\/2022\\\/05\\\/logo-2.png\",\"contentUrl\":\"https:\\\/\\\/www.lesgrottesdesaintcezaire.fr\\\/blog\\\/wp-content\\\/uploads\\\/2022\\\/05\\\/logo-2.png\",\"width\":150,\"height\":209,\"caption\":\"lesgrottesdesaintcezaire\"},\"image\":{\"@id\":\"https:\\\/\\\/www.lesgrottesdesaintcezaire.fr\\\/blog\\\/#\\\/schema\\\/logo\\\/image\\\/\"}},{\"@type\":\"Person\",\"@id\":\"https:\\\/\\\/www.lesgrottesdesaintcezaire.fr\\\/blog\\\/#\\\/schema\\\/person\\\/23d9a2ac249ecb9460a4ebce885adb9b\",\"name\":\"Fabienne MOUTON\",\"image\":{\"@type\":\"ImageObject\",\"inLanguage\":\"fr-FR\",\"@id\":\"https:\\\/\\\/secure.gravatar.com\\\/avatar\\\/856d7a14385bb0216de9c5cf9fb1160ddbd11c00be5bb16cfe389b9971309649?s=96&d=mm&r=g\",\"url\":\"https:\\\/\\\/secure.gravatar.com\\\/avatar\\\/856d7a14385bb0216de9c5cf9fb1160ddbd11c00be5bb16cfe389b9971309649?s=96&d=mm&r=g\",\"contentUrl\":\"https:\\\/\\\/secure.gravatar.com\\\/avatar\\\/856d7a14385bb0216de9c5cf9fb1160ddbd11c00be5bb16cfe389b9971309649?s=96&d=mm&r=g\",\"caption\":\"Fabienne MOUTON\"},\"url\":\"https:\\\/\\\/www.lesgrottesdesaintcezaire.fr\\\/blog\\\/author\\\/irefabienne\\\/\"}]}<\/script>\n<!-- \/ Yoast SEO plugin. -->","yoast_head_json":{"title":"le destin du tableau oubli\u00e9 dans l'\u00e9glise Saint-Saturnin de Blois - LESGROTTESDESAINTCEZAIRE","description":"le destin du tableau oubli\u00e9 dans l'\u00e9glise Saint-Saturnin de Blois article de LESGROTTESDESAINTCEZAIRE","robots":{"index":"index","follow":"follow","max-snippet":"max-snippet:-1","max-image-preview":"max-image-preview:large","max-video-preview":"max-video-preview:-1"},"canonical":"https:\/\/www.lesgrottesdesaintcezaire.fr\/blog\/le-destin-du-tableau-oublie-dans-leglise-saint-saturnin-de-blois\/","og_locale":"fr_FR","og_type":"article","og_title":"le destin du tableau oubli\u00e9 dans l'\u00e9glise Saint-Saturnin de Blois - LESGROTTESDESAINTCEZAIRE","og_description":"le destin du tableau oubli\u00e9 dans l'\u00e9glise Saint-Saturnin de Blois article de LESGROTTESDESAINTCEZAIRE","og_url":"https:\/\/www.lesgrottesdesaintcezaire.fr\/blog\/le-destin-du-tableau-oublie-dans-leglise-saint-saturnin-de-blois\/","og_site_name":"LESGROTTESDESAINTCEZAIRE","article_published_time":"2026-04-08T16:20:37+00:00","author":"Fabienne MOUTON","twitter_card":"summary_large_image","twitter_misc":{"\u00c9crit par":"Fabienne MOUTON","Dur\u00e9e de lecture estim\u00e9e":"4 minutes"},"schema":{"@context":"https:\/\/schema.org","@graph":[{"@type":"Article","@id":"https:\/\/www.lesgrottesdesaintcezaire.fr\/blog\/le-destin-du-tableau-oublie-dans-leglise-saint-saturnin-de-blois\/#article","isPartOf":{"@id":"https:\/\/www.lesgrottesdesaintcezaire.fr\/blog\/le-destin-du-tableau-oublie-dans-leglise-saint-saturnin-de-blois\/"},"author":{"name":"Fabienne MOUTON","@id":"https:\/\/www.lesgrottesdesaintcezaire.fr\/blog\/#\/schema\/person\/23d9a2ac249ecb9460a4ebce885adb9b"},"headline":"le destin du tableau oubli\u00e9 dans l&rsquo;\u00e9glise Saint-Saturnin de Blois","datePublished":"2026-04-08T16:20:37+00:00","mainEntityOfPage":{"@id":"https:\/\/www.lesgrottesdesaintcezaire.fr\/blog\/le-destin-du-tableau-oublie-dans-leglise-saint-saturnin-de-blois\/"},"wordCount":763,"publisher":{"@id":"https:\/\/www.lesgrottesdesaintcezaire.fr\/blog\/#organization"},"articleSection":["Patrimoine:"],"inLanguage":"fr-FR"},{"@type":"WebPage","@id":"https:\/\/www.lesgrottesdesaintcezaire.fr\/blog\/le-destin-du-tableau-oublie-dans-leglise-saint-saturnin-de-blois\/","url":"https:\/\/www.lesgrottesdesaintcezaire.fr\/blog\/le-destin-du-tableau-oublie-dans-leglise-saint-saturnin-de-blois\/","name":"le destin du tableau oubli\u00e9 dans l'\u00e9glise Saint-Saturnin de Blois - LESGROTTESDESAINTCEZAIRE","isPartOf":{"@id":"https:\/\/www.lesgrottesdesaintcezaire.fr\/blog\/#website"},"datePublished":"2026-04-08T16:20:37+00:00","description":"le destin du tableau oubli\u00e9 dans l'\u00e9glise Saint-Saturnin de Blois article de LESGROTTESDESAINTCEZAIRE","breadcrumb":{"@id":"https:\/\/www.lesgrottesdesaintcezaire.fr\/blog\/le-destin-du-tableau-oublie-dans-leglise-saint-saturnin-de-blois\/#breadcrumb"},"inLanguage":"fr-FR","potentialAction":[{"@type":"ReadAction","target":["https:\/\/www.lesgrottesdesaintcezaire.fr\/blog\/le-destin-du-tableau-oublie-dans-leglise-saint-saturnin-de-blois\/"]}]},{"@type":"BreadcrumbList","@id":"https:\/\/www.lesgrottesdesaintcezaire.fr\/blog\/le-destin-du-tableau-oublie-dans-leglise-saint-saturnin-de-blois\/#breadcrumb","itemListElement":[{"@type":"ListItem","position":1,"name":"Accueil","item":"https:\/\/www.lesgrottesdesaintcezaire.fr\/blog\/"},{"@type":"ListItem","position":2,"name":"le destin du tableau oubli\u00e9 dans l&rsquo;\u00e9glise Saint-Saturnin de Blois"}]},{"@type":"WebSite","@id":"https:\/\/www.lesgrottesdesaintcezaire.fr\/blog\/#website","url":"https:\/\/www.lesgrottesdesaintcezaire.fr\/blog\/","name":"LESGROTTESDESAINTCEZAIRE","description":"Patrimoine: Le site de r\u00e9f\u00e9rence.","publisher":{"@id":"https:\/\/www.lesgrottesdesaintcezaire.fr\/blog\/#organization"},"potentialAction":[{"@type":"SearchAction","target":{"@type":"EntryPoint","urlTemplate":"https:\/\/www.lesgrottesdesaintcezaire.fr\/blog\/?s={search_term_string}"},"query-input":{"@type":"PropertyValueSpecification","valueRequired":true,"valueName":"search_term_string"}}],"inLanguage":"fr-FR"},{"@type":"Organization","@id":"https:\/\/www.lesgrottesdesaintcezaire.fr\/blog\/#organization","name":"lesgrottesdesaintcezaire","url":"https:\/\/www.lesgrottesdesaintcezaire.fr\/blog\/","logo":{"@type":"ImageObject","inLanguage":"fr-FR","@id":"https:\/\/www.lesgrottesdesaintcezaire.fr\/blog\/#\/schema\/logo\/image\/","url":"https:\/\/www.lesgrottesdesaintcezaire.fr\/blog\/wp-content\/uploads\/2022\/05\/logo-2.png","contentUrl":"https:\/\/www.lesgrottesdesaintcezaire.fr\/blog\/wp-content\/uploads\/2022\/05\/logo-2.png","width":150,"height":209,"caption":"lesgrottesdesaintcezaire"},"image":{"@id":"https:\/\/www.lesgrottesdesaintcezaire.fr\/blog\/#\/schema\/logo\/image\/"}},{"@type":"Person","@id":"https:\/\/www.lesgrottesdesaintcezaire.fr\/blog\/#\/schema\/person\/23d9a2ac249ecb9460a4ebce885adb9b","name":"Fabienne MOUTON","image":{"@type":"ImageObject","inLanguage":"fr-FR","@id":"https:\/\/secure.gravatar.com\/avatar\/856d7a14385bb0216de9c5cf9fb1160ddbd11c00be5bb16cfe389b9971309649?s=96&d=mm&r=g","url":"https:\/\/secure.gravatar.com\/avatar\/856d7a14385bb0216de9c5cf9fb1160ddbd11c00be5bb16cfe389b9971309649?s=96&d=mm&r=g","contentUrl":"https:\/\/secure.gravatar.com\/avatar\/856d7a14385bb0216de9c5cf9fb1160ddbd11c00be5bb16cfe389b9971309649?s=96&d=mm&r=g","caption":"Fabienne MOUTON"},"url":"https:\/\/www.lesgrottesdesaintcezaire.fr\/blog\/author\/irefabienne\/"}]}},"_links":{"self":[{"href":"https:\/\/www.lesgrottesdesaintcezaire.fr\/blog\/wp-json\/wp\/v2\/posts\/828","targetHints":{"allow":["GET"]}}],"collection":[{"href":"https:\/\/www.lesgrottesdesaintcezaire.fr\/blog\/wp-json\/wp\/v2\/posts"}],"about":[{"href":"https:\/\/www.lesgrottesdesaintcezaire.fr\/blog\/wp-json\/wp\/v2\/types\/post"}],"author":[{"embeddable":true,"href":"https:\/\/www.lesgrottesdesaintcezaire.fr\/blog\/wp-json\/wp\/v2\/users\/3"}],"replies":[{"embeddable":true,"href":"https:\/\/www.lesgrottesdesaintcezaire.fr\/blog\/wp-json\/wp\/v2\/comments?post=828"}],"version-history":[{"count":0,"href":"https:\/\/www.lesgrottesdesaintcezaire.fr\/blog\/wp-json\/wp\/v2\/posts\/828\/revisions"}],"wp:attachment":[{"href":"https:\/\/www.lesgrottesdesaintcezaire.fr\/blog\/wp-json\/wp\/v2\/media?parent=828"}],"wp:term":[{"taxonomy":"category","embeddable":true,"href":"https:\/\/www.lesgrottesdesaintcezaire.fr\/blog\/wp-json\/wp\/v2\/categories?post=828"},{"taxonomy":"post_tag","embeddable":true,"href":"https:\/\/www.lesgrottesdesaintcezaire.fr\/blog\/wp-json\/wp\/v2\/tags?post=828"}],"curies":[{"name":"wp","href":"https:\/\/api.w.org\/{rel}","templated":true}]}}